{"id":27222,"date":"2018-11-08T15:39:20","date_gmt":"2018-11-08T14:39:20","guid":{"rendered":"https:\/\/guineediversite.com\/?p=27222"},"modified":"2018-11-08T15:39:20","modified_gmt":"2018-11-08T14:39:20","slug":"la-somali-americaine-ilhan-omar-de-la-route-de-lexil-au-congres-des-etats-unis","status":"publish","type":"post","link":"https:\/\/guineediversite.com\/index.php\/2018\/11\/08\/la-somali-americaine-ilhan-omar-de-la-route-de-lexil-au-congres-des-etats-unis\/","title":{"rendered":"La Somali-Am\u00e9ricaine Ilhan Omar, de la route de l&rsquo;exil au Congr\u00e8s des Etats-Unis"},"content":{"rendered":"<p><strong>Aux \u00c9tats-Unis, la d\u00e9mocrate Ilhan Omar devient la premi\u00e8re r\u00e9fugi\u00e9e somalienne et une des premi\u00e8res femmes musulmanes \u00e0 entrer au Congr\u00e8s. A 36 ans, la jeune femme vient d&rsquo;\u00eatre \u00e9lue \u00e0 la Chambre des repr\u00e9sentants apr\u00e8s avoir remport\u00e9 le scrutin dans le 5e district du Minnesota.<\/strong><\/p>\n<p>Somali-Am\u00e9ricaine, r\u00e9fugi\u00e9e, musulmane, le destin hors norme d&rsquo;Ilhan Omar continue de s&rsquo;\u00e9crire. Elle, qui a fui la Somalie \u00e0 l&rsquo;\u00e2ge de 8 ans au d\u00e9but de la guerre civile et qui a pass\u00e9 quatre ans dans un camp de r\u00e9fugi\u00e9s au Kenya avant de d\u00e9barquer aux \u00c9tats-Unis sans parler un mot d&rsquo;anglais, est d\u00e9sormais\u00a0<strong><a href=\"http:\/\/www.rfi.fr\/ameriques\/20181107-etats-unis-elections-midterms-enjeux-democrates-nouvelles-figures\">une \u00e9lue du Congr\u00e8s<\/a><\/strong>. Son histoire illustre parfaitement le r\u00eave am\u00e9ricain.<\/p>\n<p>Dans son discours de victoire, elle s&rsquo;est m\u00eame accord\u00e9 un clin d&rsquo;\u0153il \u00e0 son propre pass\u00e9. \u00ab\u00a0<em>Quand les gens vendaient la politique de la peur, de la division et de la destruction, nous on parlait de la politique du bonheur. Elle nous permet de combattre pour une Am\u00e9rique o\u00f9 les gens peuvent voir un docteur sans avoir peur d&rsquo;\u00eatre ruin\u00e9s. Une Am\u00e9rique qui croit en les libert\u00e9s religieuses, qui non seulement accueille les r\u00e9fugi\u00e9s et les immigrants, mais qui les envoie m\u00eame \u00e0 Washington<\/em>\u00a0<em>! C&rsquo;est \u00e7a l&rsquo;Am\u00e9rique pour laquelle je vais me battre<\/em>.\u00a0\u00bb<\/p>\n<p>Militante des droits de l&rsquo;homme, Ilhan Omar fait partie de<strong><a href=\"http:\/\/www.rfi.fr\/ameriques\/20180815-etats-unis-somali-americaine-remporte-primaire-minnesota-democrate\">\u00a0l&rsquo;aile gauche des d\u00e9mocrates<\/a><\/strong>. Elle pr\u00f4ne un syst\u00e8me de sant\u00e9 plus accessible, l&rsquo;universit\u00e9 gratuite, un port d&rsquo;arme plus restrictif et des lois plus souples sur l&rsquo;immigration. Son programme laisse pr\u00e9sager une opposition farouche aux politiques du pr\u00e9sident Donald Trump.<\/p>\n<p>RFI<\/p>\n","protected":false},"excerpt":{"rendered":"<p>Aux \u00c9tats-Unis, la d\u00e9mocrate Ilhan Omar devient la premi\u00e8re r\u00e9fugi\u00e9e somalienne et une des premi\u00e8res femmes musulmanes \u00e0 entrer au Congr\u00e8s. A 36 ans, la jeune femme vient d&rsquo;\u00eatre \u00e9lue \u00e0 la Chambre des repr\u00e9sentants apr\u00e8s avoir remport\u00e9 le scrutin dans le 5e district du Minnesota. Somali-Am\u00e9ricaine, r\u00e9fugi\u00e9e, musulmane, le destin hors norme d&rsquo;Ilhan Omar [&hellip;]<\/p>\n","protected":false},"author":12,"featured_media":27223,"comment_status":"closed","ping_status":"closed","sticky":false,"template":"","format":"standard","meta":{"_exactmetrics_skip_tracking":false,"_exactmetrics_sitenote_active":false,"_exactmetrics_sitenote_note":"","_exactmetrics_sitenote_category":0,"tdm_status":"","tdm_grid_status":"","footnotes":""},"categories":[21],"tags":[],"class_list":{"0":"post-27222","1":"post","2":"type-post","3":"status-publish","4":"format-standard","5":"has-post-thumbnail","7":"category-international"},"yoast_head":"<!-- This site is optimized with the Yoast SEO plugin v24.2 - https:\/\/yoast.com\/wordpress\/plugins\/seo\/ -->\n<title>La Somali-Am\u00e9ricaine Ilhan Omar, de la route de l&#039;exil au Congr\u00e8s des Etats-Unis | Guin\u00e9e Diversit\u00e9<\/title>\n<meta name=\"robots\" content=\"index, follow, max-snippet:-1, max-image-preview:large, max-video-preview:-1\" \/>\n<link rel=\"canonical\" href=\"https:\/\/guineediversite.com\/index.php\/2018\/11\/08\/la-somali-americaine-ilhan-omar-de-la-route-de-lexil-au-congres-des-etats-unis\/\" \/>\n<meta property=\"og:locale\" content=\"fr_FR\" \/>\n<meta property=\"og:type\" content=\"article\" \/>\n<meta property=\"og:title\" content=\"La Somali-Am\u00e9ricaine Ilhan Omar, de la route de l&#039;exil au Congr\u00e8s des Etats-Unis | Guin\u00e9e Diversit\u00e9\" \/>\n<meta property=\"og:description\" content=\"Aux \u00c9tats-Unis, la d\u00e9mocrate Ilhan Omar devient la premi\u00e8re r\u00e9fugi\u00e9e somalienne et une des premi\u00e8res femmes musulmanes \u00e0 entrer au Congr\u00e8s. A 36 ans, la jeune femme vient d&rsquo;\u00eatre \u00e9lue \u00e0 la Chambre des repr\u00e9sentants apr\u00e8s avoir remport\u00e9 le scrutin dans le 5e district du Minnesota. Somali-Am\u00e9ricaine, r\u00e9fugi\u00e9e, musulmane, le destin hors norme d&rsquo;Ilhan Omar [&hellip;]\" \/>\n<meta property=\"og:url\" content=\"https:\/\/guineediversite.com\/index.php\/2018\/11\/08\/la-somali-americaine-ilhan-omar-de-la-route-de-lexil-au-congres-des-etats-unis\/\" \/>\n<meta property=\"og:site_name\" content=\"Guin\u00e9e Diversit\u00e9\" \/>\n<meta property=\"article:publisher\" content=\"https:\/\/www.facebook.com\/guineediversite\/\" \/>\n<meta property=\"article:published_time\" content=\"2018-11-08T14:39:20+00:00\" \/>\n<meta property=\"og:image\" content=\"https:\/\/guineediversite.com\/wp-content\/uploads\/2018\/11\/2018-11-07t044648z_842125224_rc1ba42bb8a0_rtrmadp_3_usa-election-minnesota_0.jpg\" \/>\n\t<meta property=\"og:image:width\" content=\"1024\" \/>\n\t<meta property=\"og:image:height\" content=\"578\" \/>\n\t<meta property=\"og:image:type\" content=\"image\/jpeg\" \/>\n<meta name=\"author\" content=\"Guin\u00e9e Diversit\u00e9\" \/>\n<meta name=\"twitter:card\" content=\"summary_large_image\" \/>\n<meta name=\"twitter:creator\" content=\"@GuineeDiversite\" \/>\n<meta name=\"twitter:site\" content=\"@GuineeDiversite\" \/>\n<meta name=\"twitter:label1\" content=\"\u00c9crit par\" \/>\n\t<meta name=\"twitter:data1\" content=\"Guin\u00e9e Diversit\u00e9\" \/>\n\t<meta name=\"twitter:label2\" content=\"Dur\u00e9e de lecture estim\u00e9e\" \/>\n\t<meta name=\"twitter:data2\" content=\"1 minute\" \/>\n<script type=\"application\/ld+json\" class=\"yoast-schema-graph\">{\"@context\":\"https:\/\/schema.org\",\"@graph\":[{\"@type\":\"Article\",\"@id\":\"https:\/\/guineediversite.com\/index.php\/2018\/11\/08\/la-somali-americaine-ilhan-omar-de-la-route-de-lexil-au-congres-des-etats-unis\/#article\",\"isPartOf\":{\"@id\":\"https:\/\/guineediversite.com\/index.php\/2018\/11\/08\/la-somali-americaine-ilhan-omar-de-la-route-de-lexil-au-congres-des-etats-unis\/\"},\"author\":{\"name\":\"Guin\u00e9e Diversit\u00e9\",\"@id\":\"https:\/\/guineediversite.com\/#\/schema\/person\/afa08fb34e7fc6e1feafc892612bc836\"},\"headline\":\"La Somali-Am\u00e9ricaine Ilhan Omar, de la route de l&rsquo;exil au Congr\u00e8s des Etats-Unis\",\"datePublished\":\"2018-11-08T14:39:20+00:00\",\"dateModified\":\"2018-11-08T14:39:20+00:00\",\"mainEntityOfPage\":{\"@id\":\"https:\/\/guineediversite.com\/index.php\/2018\/11\/08\/la-somali-americaine-ilhan-omar-de-la-route-de-lexil-au-congres-des-etats-unis\/\"},\"wordCount\":311,\"publisher\":{\"@id\":\"https:\/\/guineediversite.com\/#organization\"},\"image\":{\"@id\":\"https:\/\/guineediversite.com\/index.php\/2018\/11\/08\/la-somali-americaine-ilhan-omar-de-la-route-de-lexil-au-congres-des-etats-unis\/#primaryimage\"},\"thumbnailUrl\":\"https:\/\/guineediversite.com\/wp-content\/uploads\/2018\/11\/2018-11-07t044648z_842125224_rc1ba42bb8a0_rtrmadp_3_usa-election-minnesota_0.jpg\",\"articleSection\":[\"International\"],\"inLanguage\":\"fr-FR\"},{\"@type\":\"WebPage\",\"@id\":\"https:\/\/guineediversite.com\/index.php\/2018\/11\/08\/la-somali-americaine-ilhan-omar-de-la-route-de-lexil-au-congres-des-etats-unis\/\",\"url\":\"https:\/\/guineediversite.com\/index.php\/2018\/11\/08\/la-somali-americaine-ilhan-omar-de-la-route-de-lexil-au-congres-des-etats-unis\/\",\"name\":\"La Somali-Am\u00e9ricaine Ilhan Omar, de la route de l'exil au Congr\u00e8s des Etats-Unis | Guin\u00e9e Diversit\u00e9\",\"isPartOf\":{\"@id\":\"https:\/\/guineediversite.com\/#website\"},\"primaryImageOfPage\":{\"@id\":\"https:\/\/guineediversite.com\/index.php\/2018\/11\/08\/la-somali-americaine-ilhan-omar-de-la-route-de-lexil-au-congres-des-etats-unis\/#primaryimage\"},\"image\":{\"@id\":\"https:\/\/guineediversite.com\/index.php\/2018\/11\/08\/la-somali-americaine-ilhan-omar-de-la-route-de-lexil-au-congres-des-etats-unis\/#primaryimage\"},\"thumbnailUrl\":\"https:\/\/guineediversite.com\/wp-content\/uploads\/2018\/11\/2018-11-07t044648z_842125224_rc1ba42bb8a0_rtrmadp_3_usa-election-minnesota_0.jpg\",\"datePublished\":\"2018-11-08T14:39:20+00:00\",\"dateModified\":\"2018-11-08T14:39:20+00:00\",\"breadcrumb\":{\"@id\":\"https:\/\/guineediversite.com\/index.php\/2018\/11\/08\/la-somali-americaine-ilhan-omar-de-la-route-de-lexil-au-congres-des-etats-unis\/#breadcrumb\"},\"inLanguage\":\"fr-FR\",\"potentialAction\":[{\"@type\":\"ReadAction\",\"target\":[\"https:\/\/guineediversite.com\/index.php\/2018\/11\/08\/la-somali-americaine-ilhan-omar-de-la-route-de-lexil-au-congres-des-etats-unis\/\"]}]},{\"@type\":\"ImageObject\",\"inLanguage\":\"fr-FR\",\"@id\":\"https:\/\/guineediversite.com\/index.php\/2018\/11\/08\/la-somali-americaine-ilhan-omar-de-la-route-de-lexil-au-congres-des-etats-unis\/#primaryimage\",\"url\":\"https:\/\/guineediversite.com\/wp-content\/uploads\/2018\/11\/2018-11-07t044648z_842125224_rc1ba42bb8a0_rtrmadp_3_usa-election-minnesota_0.jpg\",\"contentUrl\":\"https:\/\/guineediversite.com\/wp-content\/uploads\/2018\/11\/2018-11-07t044648z_842125224_rc1ba42bb8a0_rtrmadp_3_usa-election-minnesota_0.jpg\",\"width\":1024,\"height\":578},{\"@type\":\"BreadcrumbList\",\"@id\":\"https:\/\/guineediversite.com\/index.php\/2018\/11\/08\/la-somali-americaine-ilhan-omar-de-la-route-de-lexil-au-congres-des-etats-unis\/#breadcrumb\",\"itemListElement\":[{\"@type\":\"ListItem\",\"position\":1,\"name\":\"Accueil\",\"item\":\"https:\/\/guineediversite.com\/\"},{\"@type\":\"ListItem\",\"position\":2,\"name\":\"La Somali-Am\u00e9ricaine Ilhan Omar, de la route de l&rsquo;exil au Congr\u00e8s des Etats-Unis\"}]},{\"@type\":\"WebSite\",\"@id\":\"https:\/\/guineediversite.com\/#website\",\"url\":\"https:\/\/guineediversite.com\/\",\"name\":\"Guin\u00e9e Diversit\u00e9\",\"description\":\"L&#039;Info dans toute sa diversit\u00e9\",\"publisher\":{\"@id\":\"https:\/\/guineediversite.com\/#organization\"},\"potentialAction\":[{\"@type\":\"SearchAction\",\"target\":{\"@type\":\"EntryPoint\",\"urlTemplate\":\"https:\/\/guineediversite.com\/?s={search_term_string}\"},\"query-input\":{\"@type\":\"PropertyValueSpecification\",\"valueRequired\":true,\"valueName\":\"search_term_string\"}}],\"inLanguage\":\"fr-FR\"},{\"@type\":\"Organization\",\"@id\":\"https:\/\/guineediversite.com\/#organization\",\"name\":\"Guin\u00e9e Diversit\u00e9\",\"url\":\"https:\/\/guineediversite.com\/\",\"logo\":{\"@type\":\"ImageObject\",\"inLanguage\":\"fr-FR\",\"@id\":\"https:\/\/guineediversite.com\/#\/schema\/logo\/image\/\",\"url\":\"https:\/\/guineediversite.com\/wp-content\/uploads\/2017\/04\/cropped-1jojlxEOMkX9Wyqfhe43D6kjPOGqBBKmx3EwWJqZ0cMrFF54yM49.png\",\"contentUrl\":\"https:\/\/guineediversite.com\/wp-content\/uploads\/2017\/04\/cropped-1jojlxEOMkX9Wyqfhe43D6kjPOGqBBKmx3EwWJqZ0cMrFF54yM49.png\",\"width\":186,\"height\":112,\"caption\":\"Guin\u00e9e Diversit\u00e9\"},\"image\":{\"@id\":\"https:\/\/guineediversite.com\/#\/schema\/logo\/image\/\"},\"sameAs\":[\"https:\/\/www.facebook.com\/guineediversite\/\",\"https:\/\/x.com\/GuineeDiversite\",\"https:\/\/www.youtube.com\/channel\/UC8sUY16qelG5ge6_D5SB83g\"]},{\"@type\":\"Person\",\"@id\":\"https:\/\/guineediversite.com\/#\/schema\/person\/afa08fb34e7fc6e1feafc892612bc836\",\"name\":\"Guin\u00e9e Diversit\u00e9\",\"image\":{\"@type\":\"ImageObject\",\"inLanguage\":\"fr-FR\",\"@id\":\"https:\/\/guineediversite.com\/#\/schema\/person\/image\/\",\"url\":\"https:\/\/secure.gravatar.com\/avatar\/50d5eb5b390f8b65ac30ac6f898eb83a?s=96&d=mm&r=g\",\"contentUrl\":\"https:\/\/secure.gravatar.com\/avatar\/50d5eb5b390f8b65ac30ac6f898eb83a?s=96&d=mm&r=g\",\"caption\":\"Guin\u00e9e Diversit\u00e9\"},\"url\":\"https:\/\/guineediversite.com\/index.php\/author\/guineediversite\/\"}]}<\/script>\n<!-- \/ Yoast SEO plugin. -->","yoast_head_json":{"title":"La Somali-Am\u00e9ricaine Ilhan Omar, de la route de l'exil au Congr\u00e8s des Etats-Unis | Guin\u00e9e Diversit\u00e9","robots":{"index":"index","follow":"follow","max-snippet":"max-snippet:-1","max-image-preview":"max-image-preview:large","max-video-preview":"max-video-preview:-1"},"canonical":"https:\/\/guineediversite.com\/index.php\/2018\/11\/08\/la-somali-americaine-ilhan-omar-de-la-route-de-lexil-au-congres-des-etats-unis\/","og_locale":"fr_FR","og_type":"article","og_title":"La Somali-Am\u00e9ricaine Ilhan Omar, de la route de l'exil au Congr\u00e8s des Etats-Unis | Guin\u00e9e Diversit\u00e9","og_description":"Aux \u00c9tats-Unis, la d\u00e9mocrate Ilhan Omar devient la premi\u00e8re r\u00e9fugi\u00e9e somalienne et une des premi\u00e8res femmes musulmanes \u00e0 entrer au Congr\u00e8s. A 36 ans, la jeune femme vient d&rsquo;\u00eatre \u00e9lue \u00e0 la Chambre des repr\u00e9sentants apr\u00e8s avoir remport\u00e9 le scrutin dans le 5e district du Minnesota. Somali-Am\u00e9ricaine, r\u00e9fugi\u00e9e, musulmane, le destin hors norme d&rsquo;Ilhan Omar [&hellip;]","og_url":"https:\/\/guineediversite.com\/index.php\/2018\/11\/08\/la-somali-americaine-ilhan-omar-de-la-route-de-lexil-au-congres-des-etats-unis\/","og_site_name":"Guin\u00e9e Diversit\u00e9","article_publisher":"https:\/\/www.facebook.com\/guineediversite\/","article_published_time":"2018-11-08T14:39:20+00:00","og_image":[{"width":1024,"height":578,"url":"https:\/\/guineediversite.com\/wp-content\/uploads\/2018\/11\/2018-11-07t044648z_842125224_rc1ba42bb8a0_rtrmadp_3_usa-election-minnesota_0.jpg","type":"image\/jpeg"}],"author":"Guin\u00e9e Diversit\u00e9","twitter_card":"summary_large_image","twitter_creator":"@GuineeDiversite","twitter_site":"@GuineeDiversite","twitter_misc":{"\u00c9crit par":"Guin\u00e9e Diversit\u00e9","Dur\u00e9e de lecture estim\u00e9e":"1 minute"},"schema":{"@context":"https:\/\/schema.org","@graph":[{"@type":"Article","@id":"https:\/\/guineediversite.com\/index.php\/2018\/11\/08\/la-somali-americaine-ilhan-omar-de-la-route-de-lexil-au-congres-des-etats-unis\/#article","isPartOf":{"@id":"https:\/\/guineediversite.com\/index.php\/2018\/11\/08\/la-somali-americaine-ilhan-omar-de-la-route-de-lexil-au-congres-des-etats-unis\/"},"author":{"name":"Guin\u00e9e Diversit\u00e9","@id":"https:\/\/guineediversite.com\/#\/schema\/person\/afa08fb34e7fc6e1feafc892612bc836"},"headline":"La Somali-Am\u00e9ricaine Ilhan Omar, de la route de l&rsquo;exil au Congr\u00e8s des Etats-Unis","datePublished":"2018-11-08T14:39:20+00:00","dateModified":"2018-11-08T14:39:20+00:00","mainEntityOfPage":{"@id":"https:\/\/guineediversite.com\/index.php\/2018\/11\/08\/la-somali-americaine-ilhan-omar-de-la-route-de-lexil-au-congres-des-etats-unis\/"},"wordCount":311,"publisher":{"@id":"https:\/\/guineediversite.com\/#organization"},"image":{"@id":"https:\/\/guineediversite.com\/index.php\/2018\/11\/08\/la-somali-americaine-ilhan-omar-de-la-route-de-lexil-au-congres-des-etats-unis\/#primaryimage"},"thumbnailUrl":"https:\/\/guineediversite.com\/wp-content\/uploads\/2018\/11\/2018-11-07t044648z_842125224_rc1ba42bb8a0_rtrmadp_3_usa-election-minnesota_0.jpg","articleSection":["International"],"inLanguage":"fr-FR"},{"@type":"WebPage","@id":"https:\/\/guineediversite.com\/index.php\/2018\/11\/08\/la-somali-americaine-ilhan-omar-de-la-route-de-lexil-au-congres-des-etats-unis\/","url":"https:\/\/guineediversite.com\/index.php\/2018\/11\/08\/la-somali-americaine-ilhan-omar-de-la-route-de-lexil-au-congres-des-etats-unis\/","name":"La Somali-Am\u00e9ricaine Ilhan Omar, de la route de l'exil au Congr\u00e8s des Etats-Unis | Guin\u00e9e Diversit\u00e9","isPartOf":{"@id":"https:\/\/guineediversite.com\/#website"},"primaryImageOfPage":{"@id":"https:\/\/guineediversite.com\/index.php\/2018\/11\/08\/la-somali-americaine-ilhan-omar-de-la-route-de-lexil-au-congres-des-etats-unis\/#primaryimage"},"image":{"@id":"https:\/\/guineediversite.com\/index.php\/2018\/11\/08\/la-somali-americaine-ilhan-omar-de-la-route-de-lexil-au-congres-des-etats-unis\/#primaryimage"},"thumbnailUrl":"https:\/\/guineediversite.com\/wp-content\/uploads\/2018\/11\/2018-11-07t044648z_842125224_rc1ba42bb8a0_rtrmadp_3_usa-election-minnesota_0.jpg","datePublished":"2018-11-08T14:39:20+00:00","dateModified":"2018-11-08T14:39:20+00:00","breadcrumb":{"@id":"https:\/\/guineediversite.com\/index.php\/2018\/11\/08\/la-somali-americaine-ilhan-omar-de-la-route-de-lexil-au-congres-des-etats-unis\/#breadcrumb"},"inLanguage":"fr-FR","potentialAction":[{"@type":"ReadAction","target":["https:\/\/guineediversite.com\/index.php\/2018\/11\/08\/la-somali-americaine-ilhan-omar-de-la-route-de-lexil-au-congres-des-etats-unis\/"]}]},{"@type":"ImageObject","inLanguage":"fr-FR","@id":"https:\/\/guineediversite.com\/index.php\/2018\/11\/08\/la-somali-americaine-ilhan-omar-de-la-route-de-lexil-au-congres-des-etats-unis\/#primaryimage","url":"https:\/\/guineediversite.com\/wp-content\/uploads\/2018\/11\/2018-11-07t044648z_842125224_rc1ba42bb8a0_rtrmadp_3_usa-election-minnesota_0.jpg","contentUrl":"https:\/\/guineediversite.com\/wp-content\/uploads\/2018\/11\/2018-11-07t044648z_842125224_rc1ba42bb8a0_rtrmadp_3_usa-election-minnesota_0.jpg","width":1024,"height":578},{"@type":"BreadcrumbList","@id":"https:\/\/guineediversite.com\/index.php\/2018\/11\/08\/la-somali-americaine-ilhan-omar-de-la-route-de-lexil-au-congres-des-etats-unis\/#breadcrumb","itemListElement":[{"@type":"ListItem","position":1,"name":"Accueil","item":"https:\/\/guineediversite.com\/"},{"@type":"ListItem","position":2,"name":"La Somali-Am\u00e9ricaine Ilhan Omar, de la route de l&rsquo;exil au Congr\u00e8s des Etats-Unis"}]},{"@type":"WebSite","@id":"https:\/\/guineediversite.com\/#website","url":"https:\/\/guineediversite.com\/","name":"Guin\u00e9e Diversit\u00e9","description":"L&#039;Info dans toute sa diversit\u00e9","publisher":{"@id":"https:\/\/guineediversite.com\/#organization"},"potentialAction":[{"@type":"SearchAction","target":{"@type":"EntryPoint","urlTemplate":"https:\/\/guineediversite.com\/?s={search_term_string}"},"query-input":{"@type":"PropertyValueSpecification","valueRequired":true,"valueName":"search_term_string"}}],"inLanguage":"fr-FR"},{"@type":"Organization","@id":"https:\/\/guineediversite.com\/#organization","name":"Guin\u00e9e Diversit\u00e9","url":"https:\/\/guineediversite.com\/","logo":{"@type":"ImageObject","inLanguage":"fr-FR","@id":"https:\/\/guineediversite.com\/#\/schema\/logo\/image\/","url":"https:\/\/guineediversite.com\/wp-content\/uploads\/2017\/04\/cropped-1jojlxEOMkX9Wyqfhe43D6kjPOGqBBKmx3EwWJqZ0cMrFF54yM49.png","contentUrl":"https:\/\/guineediversite.com\/wp-content\/uploads\/2017\/04\/cropped-1jojlxEOMkX9Wyqfhe43D6kjPOGqBBKmx3EwWJqZ0cMrFF54yM49.png","width":186,"height":112,"caption":"Guin\u00e9e Diversit\u00e9"},"image":{"@id":"https:\/\/guineediversite.com\/#\/schema\/logo\/image\/"},"sameAs":["https:\/\/www.facebook.com\/guineediversite\/","https:\/\/x.com\/GuineeDiversite","https:\/\/www.youtube.com\/channel\/UC8sUY16qelG5ge6_D5SB83g"]},{"@type":"Person","@id":"https:\/\/guineediversite.com\/#\/schema\/person\/afa08fb34e7fc6e1feafc892612bc836","name":"Guin\u00e9e Diversit\u00e9","image":{"@type":"ImageObject","inLanguage":"fr-FR","@id":"https:\/\/guineediversite.com\/#\/schema\/person\/image\/","url":"https:\/\/secure.gravatar.com\/avatar\/50d5eb5b390f8b65ac30ac6f898eb83a?s=96&d=mm&r=g","contentUrl":"https:\/\/secure.gravatar.com\/avatar\/50d5eb5b390f8b65ac30ac6f898eb83a?s=96&d=mm&r=g","caption":"Guin\u00e9e Diversit\u00e9"},"url":"https:\/\/guineediversite.com\/index.php\/author\/guineediversite\/"}]}},"_links":{"self":[{"href":"https:\/\/guineediversite.com\/index.php\/wp-json\/wp\/v2\/posts\/27222"}],"collection":[{"href":"https:\/\/guineediversite.com\/index.php\/wp-json\/wp\/v2\/posts"}],"about":[{"href":"https:\/\/guineediversite.com\/index.php\/wp-json\/wp\/v2\/types\/post"}],"author":[{"embeddable":true,"href":"https:\/\/guineediversite.com\/index.php\/wp-json\/wp\/v2\/users\/12"}],"replies":[{"embeddable":true,"href":"https:\/\/guineediversite.com\/index.php\/wp-json\/wp\/v2\/comments?post=27222"}],"version-history":[{"count":0,"href":"https:\/\/guineediversite.com\/index.php\/wp-json\/wp\/v2\/posts\/27222\/revisions"}],"wp:featuredmedia":[{"embeddable":true,"href":"https:\/\/guineediversite.com\/index.php\/wp-json\/wp\/v2\/media\/27223"}],"wp:attachment":[{"href":"https:\/\/guineediversite.com\/index.php\/wp-json\/wp\/v2\/media?parent=27222"}],"wp:term":[{"taxonomy":"category","embeddable":true,"href":"https:\/\/guineediversite.com\/index.php\/wp-json\/wp\/v2\/categories?post=27222"},{"taxonomy":"post_tag","embeddable":true,"href":"https:\/\/guineediversite.com\/index.php\/wp-json\/wp\/v2\/tags?post=27222"}],"curies":[{"name":"wp","href":"https:\/\/api.w.org\/{rel}","templated":true}]}}