{"id":27188,"date":"2018-11-06T14:16:05","date_gmt":"2018-11-06T13:16:05","guid":{"rendered":"https:\/\/guineediversite.com\/?p=27188"},"modified":"2018-11-06T14:16:05","modified_gmt":"2018-11-06T13:16:05","slug":"cameroun-maurice-kamto-arrete-le-jour-de-linvestiture-de-paul-biya","status":"publish","type":"post","link":"https:\/\/guineediversite.com\/index.php\/2018\/11\/06\/cameroun-maurice-kamto-arrete-le-jour-de-linvestiture-de-paul-biya\/","title":{"rendered":"Cameroun : Maurice Kamto arr\u00eat\u00e9 le jour de l\u2019investiture de Paul Biya"},"content":{"rendered":"<p><strong>L\u2019opposant Maurice Kamto, qui revendique la victoire au scrutin pr\u00e9sidentiel, a \u00e9t\u00e9 arr\u00eat\u00e9 \u00e0 Yaound\u00e9 mardi 6 novembre, jour de la prestation de serment de Paul Biya pour un septi\u00e8me mandat.<\/strong><\/p>\n<p>Maurice Kamto, candidat du Mouvement pour la renaissance du Cameroun (MRC) \u00e0 la pr\u00e9sidentielle du 7 octobre dernier, a \u00e9t\u00e9 arr\u00eat\u00e9 au Rond-Point Nlongkak, non loin de son QG de campagne \u00e0 Yaound\u00e9, mardi 6 novembre en fin de matin\u00e9e.<\/p>\n<p>Selon des informations recoup\u00e9es par\u00a0<em>Jeune Afrique<\/em>\u00a0aupr\u00e8s de son entourage et de sources polici\u00e8res, il a \u00e9t\u00e9 interpell\u00e9 par des \u00e9l\u00e9ments de la police, en faction depuis le matin pr\u00e8s de l\u2019esplanade du Stade Omnisports, o\u00f9 le pr\u00e9sident du MRC avait annonc\u00e9 sa volont\u00e9 de tenir un meeting ce mardi. Des \u00e9l\u00e9ments de la gendarmerie \u00e9taient \u00e9galement pr\u00e9sents.<\/p>\n<p>Selon une source au sein du MRC, Maurice Kamto, ainsi que plusieurs autres cadres du parti \u2013 parmi lesquels Christian Penda Ekoka, Me Emmanuel Simh ou encore Alain Fogue Tedom -, ont \u00e9t\u00e9 conduits dans les locaux de la Direction de la police judiciaire (DPJ).<\/p>\n<p>Maurice Kamto se trouvait avec plusieurs dizaines de militants \u00e0 un rassemblement pour protester contre<a href=\"https:\/\/www.jeuneafrique.com\/658689\/politique\/cameroun-paul-biya-prete-serment-au-lendemain-dun-enlevement-dans-la-region-anglophone\/\">\u00a0la prestation de serment de Paul Biya, 85 ans<\/a>, qui entame son septi\u00e8me mandat pr\u00e9sidentiel.<\/p>\n<p><a href=\"https:\/\/www.jeuneafrique.com\/648841\/politique\/cameroun-paul-biya-officiellement-reelu-pour-un-septieme-mandat-avec-7128-des-voix\/\">Arriv\u00e9 derri\u00e8re Paul Biya, avec 14,23% des voix<\/a>\u00a0selon les chiffres officiels,<a href=\"https:\/\/www.jeuneafrique.com\/642027\/politique\/presidentielle-au-cameroun-en-proclamant-sa-victoire-kamto-amorce-le-bras-de-fer-avec-biya\/\">\u00a0Maurice Kamto avait proclam\u00e9 sa victoire d\u00e8s le lendemain du scrutin<\/a>. Dimanche, d\u00e9j\u00e0,\u00a0<a href=\"https:\/\/www.jeuneafrique.com\/658064\/politique\/cameroun-19-partisans-de-maurice-kamto-interpelles-a-bafoussam\/\">38 militants du MRC avaient \u00e9t\u00e9 arr\u00eat\u00e9s \u00e0 Bafoussam<\/a>\u00a0alors qu\u2019ils participaient \u00e0 une marche pacifique contre ce qu\u2019ils consid\u00e8rent comme un \u00ab\u00a0hold-up \u00e9lectoral\u00a0\u00bb.<\/p>\n<p>JA<\/p>\n","protected":false},"excerpt":{"rendered":"<p>L\u2019opposant Maurice Kamto, qui revendique la victoire au scrutin pr\u00e9sidentiel, a \u00e9t\u00e9 arr\u00eat\u00e9 \u00e0 Yaound\u00e9 mardi 6 novembre, jour de la prestation de serment de Paul Biya pour un septi\u00e8me mandat. Maurice Kamto, candidat du Mouvement pour la renaissance du Cameroun (MRC) \u00e0 la pr\u00e9sidentielle du 7 octobre dernier, a \u00e9t\u00e9 arr\u00eat\u00e9 au Rond-Point Nlongkak, [&hellip;]<\/p>\n","protected":false},"author":12,"featured_media":27189,"comment_status":"closed","ping_status":"closed","sticky":false,"template":"","format":"standard","meta":{"_exactmetrics_skip_tracking":false,"_exactmetrics_sitenote_active":false,"_exactmetrics_sitenote_note":"","_exactmetrics_sitenote_category":0,"tdm_status":"","tdm_grid_status":"","footnotes":""},"categories":[21],"tags":[],"class_list":{"0":"post-27188","1":"post","2":"type-post","3":"status-publish","4":"format-standard","5":"has-post-thumbnail","7":"category-international"},"yoast_head":"<!-- This site is optimized with the Yoast SEO plugin v24.2 - https:\/\/yoast.com\/wordpress\/plugins\/seo\/ -->\n<title>Cameroun : Maurice Kamto arr\u00eat\u00e9 le jour de l\u2019investiture de Paul Biya | Guin\u00e9e Diversit\u00e9<\/title>\n<meta name=\"robots\" content=\"index, follow, max-snippet:-1, max-image-preview:large, max-video-preview:-1\" \/>\n<link rel=\"canonical\" href=\"https:\/\/guineediversite.com\/index.php\/2018\/11\/06\/cameroun-maurice-kamto-arrete-le-jour-de-linvestiture-de-paul-biya\/\" \/>\n<meta property=\"og:locale\" content=\"fr_FR\" \/>\n<meta property=\"og:type\" content=\"article\" \/>\n<meta property=\"og:title\" content=\"Cameroun : Maurice Kamto arr\u00eat\u00e9 le jour de l\u2019investiture de Paul Biya | Guin\u00e9e Diversit\u00e9\" \/>\n<meta property=\"og:description\" content=\"L\u2019opposant Maurice Kamto, qui revendique la victoire au scrutin pr\u00e9sidentiel, a \u00e9t\u00e9 arr\u00eat\u00e9 \u00e0 Yaound\u00e9 mardi 6 novembre, jour de la prestation de serment de Paul Biya pour un septi\u00e8me mandat. Maurice Kamto, candidat du Mouvement pour la renaissance du Cameroun (MRC) \u00e0 la pr\u00e9sidentielle du 7 octobre dernier, a \u00e9t\u00e9 arr\u00eat\u00e9 au Rond-Point Nlongkak, [&hellip;]\" \/>\n<meta property=\"og:url\" content=\"https:\/\/guineediversite.com\/index.php\/2018\/11\/06\/cameroun-maurice-kamto-arrete-le-jour-de-linvestiture-de-paul-biya\/\" \/>\n<meta property=\"og:site_name\" content=\"Guin\u00e9e Diversit\u00e9\" \/>\n<meta property=\"article:publisher\" content=\"https:\/\/www.facebook.com\/guineediversite\/\" \/>\n<meta property=\"article:published_time\" content=\"2018-11-06T13:16:05+00:00\" \/>\n<meta property=\"og:image\" content=\"https:\/\/guineediversite.com\/wp-content\/uploads\/2018\/11\/mauice-kamto-592x296.jpg\" \/>\n\t<meta property=\"og:image:width\" content=\"1900\" \/>\n\t<meta property=\"og:image:height\" content=\"950\" \/>\n\t<meta property=\"og:image:type\" content=\"image\/jpeg\" \/>\n<meta name=\"author\" content=\"Guin\u00e9e Diversit\u00e9\" \/>\n<meta name=\"twitter:card\" content=\"summary_large_image\" \/>\n<meta name=\"twitter:creator\" content=\"@GuineeDiversite\" \/>\n<meta name=\"twitter:site\" content=\"@GuineeDiversite\" \/>\n<meta name=\"twitter:label1\" content=\"\u00c9crit par\" \/>\n\t<meta name=\"twitter:data1\" content=\"Guin\u00e9e Diversit\u00e9\" \/>\n\t<meta name=\"twitter:label2\" content=\"Dur\u00e9e de lecture estim\u00e9e\" \/>\n\t<meta name=\"twitter:data2\" content=\"1 minute\" \/>\n<script type=\"application\/ld+json\" class=\"yoast-schema-graph\">{\"@context\":\"https:\/\/schema.org\",\"@graph\":[{\"@type\":\"Article\",\"@id\":\"https:\/\/guineediversite.com\/index.php\/2018\/11\/06\/cameroun-maurice-kamto-arrete-le-jour-de-linvestiture-de-paul-biya\/#article\",\"isPartOf\":{\"@id\":\"https:\/\/guineediversite.com\/index.php\/2018\/11\/06\/cameroun-maurice-kamto-arrete-le-jour-de-linvestiture-de-paul-biya\/\"},\"author\":{\"name\":\"Guin\u00e9e Diversit\u00e9\",\"@id\":\"https:\/\/guineediversite.com\/#\/schema\/person\/afa08fb34e7fc6e1feafc892612bc836\"},\"headline\":\"Cameroun : Maurice Kamto arr\u00eat\u00e9 le jour de l\u2019investiture de Paul Biya\",\"datePublished\":\"2018-11-06T13:16:05+00:00\",\"dateModified\":\"2018-11-06T13:16:05+00:00\",\"mainEntityOfPage\":{\"@id\":\"https:\/\/guineediversite.com\/index.php\/2018\/11\/06\/cameroun-maurice-kamto-arrete-le-jour-de-linvestiture-de-paul-biya\/\"},\"wordCount\":281,\"publisher\":{\"@id\":\"https:\/\/guineediversite.com\/#organization\"},\"image\":{\"@id\":\"https:\/\/guineediversite.com\/index.php\/2018\/11\/06\/cameroun-maurice-kamto-arrete-le-jour-de-linvestiture-de-paul-biya\/#primaryimage\"},\"thumbnailUrl\":\"https:\/\/guineediversite.com\/wp-content\/uploads\/2018\/11\/mauice-kamto-592x296.jpg\",\"articleSection\":[\"International\"],\"inLanguage\":\"fr-FR\"},{\"@type\":\"WebPage\",\"@id\":\"https:\/\/guineediversite.com\/index.php\/2018\/11\/06\/cameroun-maurice-kamto-arrete-le-jour-de-linvestiture-de-paul-biya\/\",\"url\":\"https:\/\/guineediversite.com\/index.php\/2018\/11\/06\/cameroun-maurice-kamto-arrete-le-jour-de-linvestiture-de-paul-biya\/\",\"name\":\"Cameroun : Maurice Kamto arr\u00eat\u00e9 le jour de l\u2019investiture de Paul Biya | Guin\u00e9e Diversit\u00e9\",\"isPartOf\":{\"@id\":\"https:\/\/guineediversite.com\/#website\"},\"primaryImageOfPage\":{\"@id\":\"https:\/\/guineediversite.com\/index.php\/2018\/11\/06\/cameroun-maurice-kamto-arrete-le-jour-de-linvestiture-de-paul-biya\/#primaryimage\"},\"image\":{\"@id\":\"https:\/\/guineediversite.com\/index.php\/2018\/11\/06\/cameroun-maurice-kamto-arrete-le-jour-de-linvestiture-de-paul-biya\/#primaryimage\"},\"thumbnailUrl\":\"https:\/\/guineediversite.com\/wp-content\/uploads\/2018\/11\/mauice-kamto-592x296.jpg\",\"datePublished\":\"2018-11-06T13:16:05+00:00\",\"dateModified\":\"2018-11-06T13:16:05+00:00\",\"breadcrumb\":{\"@id\":\"https:\/\/guineediversite.com\/index.php\/2018\/11\/06\/cameroun-maurice-kamto-arrete-le-jour-de-linvestiture-de-paul-biya\/#breadcrumb\"},\"inLanguage\":\"fr-FR\",\"potentialAction\":[{\"@type\":\"ReadAction\",\"target\":[\"https:\/\/guineediversite.com\/index.php\/2018\/11\/06\/cameroun-maurice-kamto-arrete-le-jour-de-linvestiture-de-paul-biya\/\"]}]},{\"@type\":\"ImageObject\",\"inLanguage\":\"fr-FR\",\"@id\":\"https:\/\/guineediversite.com\/index.php\/2018\/11\/06\/cameroun-maurice-kamto-arrete-le-jour-de-linvestiture-de-paul-biya\/#primaryimage\",\"url\":\"https:\/\/guineediversite.com\/wp-content\/uploads\/2018\/11\/mauice-kamto-592x296.jpg\",\"contentUrl\":\"https:\/\/guineediversite.com\/wp-content\/uploads\/2018\/11\/mauice-kamto-592x296.jpg\",\"width\":1900,\"height\":950},{\"@type\":\"BreadcrumbList\",\"@id\":\"https:\/\/guineediversite.com\/index.php\/2018\/11\/06\/cameroun-maurice-kamto-arrete-le-jour-de-linvestiture-de-paul-biya\/#breadcrumb\",\"itemListElement\":[{\"@type\":\"ListItem\",\"position\":1,\"name\":\"Accueil\",\"item\":\"https:\/\/guineediversite.com\/\"},{\"@type\":\"ListItem\",\"position\":2,\"name\":\"Cameroun : Maurice Kamto arr\u00eat\u00e9 le jour de l\u2019investiture de Paul Biya\"}]},{\"@type\":\"WebSite\",\"@id\":\"https:\/\/guineediversite.com\/#website\",\"url\":\"https:\/\/guineediversite.com\/\",\"name\":\"Guin\u00e9e Diversit\u00e9\",\"description\":\"L&#039;Info dans toute sa diversit\u00e9\",\"publisher\":{\"@id\":\"https:\/\/guineediversite.com\/#organization\"},\"potentialAction\":[{\"@type\":\"SearchAction\",\"target\":{\"@type\":\"EntryPoint\",\"urlTemplate\":\"https:\/\/guineediversite.com\/?s={search_term_string}\"},\"query-input\":{\"@type\":\"PropertyValueSpecification\",\"valueRequired\":true,\"valueName\":\"search_term_string\"}}],\"inLanguage\":\"fr-FR\"},{\"@type\":\"Organization\",\"@id\":\"https:\/\/guineediversite.com\/#organization\",\"name\":\"Guin\u00e9e Diversit\u00e9\",\"url\":\"https:\/\/guineediversite.com\/\",\"logo\":{\"@type\":\"ImageObject\",\"inLanguage\":\"fr-FR\",\"@id\":\"https:\/\/guineediversite.com\/#\/schema\/logo\/image\/\",\"url\":\"https:\/\/guineediversite.com\/wp-content\/uploads\/2017\/04\/cropped-1jojlxEOMkX9Wyqfhe43D6kjPOGqBBKmx3EwWJqZ0cMrFF54yM49.png\",\"contentUrl\":\"https:\/\/guineediversite.com\/wp-content\/uploads\/2017\/04\/cropped-1jojlxEOMkX9Wyqfhe43D6kjPOGqBBKmx3EwWJqZ0cMrFF54yM49.png\",\"width\":186,\"height\":112,\"caption\":\"Guin\u00e9e Diversit\u00e9\"},\"image\":{\"@id\":\"https:\/\/guineediversite.com\/#\/schema\/logo\/image\/\"},\"sameAs\":[\"https:\/\/www.facebook.com\/guineediversite\/\",\"https:\/\/x.com\/GuineeDiversite\",\"https:\/\/www.youtube.com\/channel\/UC8sUY16qelG5ge6_D5SB83g\"]},{\"@type\":\"Person\",\"@id\":\"https:\/\/guineediversite.com\/#\/schema\/person\/afa08fb34e7fc6e1feafc892612bc836\",\"name\":\"Guin\u00e9e Diversit\u00e9\",\"image\":{\"@type\":\"ImageObject\",\"inLanguage\":\"fr-FR\",\"@id\":\"https:\/\/guineediversite.com\/#\/schema\/person\/image\/\",\"url\":\"https:\/\/secure.gravatar.com\/avatar\/50d5eb5b390f8b65ac30ac6f898eb83a?s=96&d=mm&r=g\",\"contentUrl\":\"https:\/\/secure.gravatar.com\/avatar\/50d5eb5b390f8b65ac30ac6f898eb83a?s=96&d=mm&r=g\",\"caption\":\"Guin\u00e9e Diversit\u00e9\"},\"url\":\"https:\/\/guineediversite.com\/index.php\/author\/guineediversite\/\"}]}<\/script>\n<!-- \/ Yoast SEO plugin. -->","yoast_head_json":{"title":"Cameroun : Maurice Kamto arr\u00eat\u00e9 le jour de l\u2019investiture de Paul Biya | Guin\u00e9e Diversit\u00e9","robots":{"index":"index","follow":"follow","max-snippet":"max-snippet:-1","max-image-preview":"max-image-preview:large","max-video-preview":"max-video-preview:-1"},"canonical":"https:\/\/guineediversite.com\/index.php\/2018\/11\/06\/cameroun-maurice-kamto-arrete-le-jour-de-linvestiture-de-paul-biya\/","og_locale":"fr_FR","og_type":"article","og_title":"Cameroun : Maurice Kamto arr\u00eat\u00e9 le jour de l\u2019investiture de Paul Biya | Guin\u00e9e Diversit\u00e9","og_description":"L\u2019opposant Maurice Kamto, qui revendique la victoire au scrutin pr\u00e9sidentiel, a \u00e9t\u00e9 arr\u00eat\u00e9 \u00e0 Yaound\u00e9 mardi 6 novembre, jour de la prestation de serment de Paul Biya pour un septi\u00e8me mandat. Maurice Kamto, candidat du Mouvement pour la renaissance du Cameroun (MRC) \u00e0 la pr\u00e9sidentielle du 7 octobre dernier, a \u00e9t\u00e9 arr\u00eat\u00e9 au Rond-Point Nlongkak, [&hellip;]","og_url":"https:\/\/guineediversite.com\/index.php\/2018\/11\/06\/cameroun-maurice-kamto-arrete-le-jour-de-linvestiture-de-paul-biya\/","og_site_name":"Guin\u00e9e Diversit\u00e9","article_publisher":"https:\/\/www.facebook.com\/guineediversite\/","article_published_time":"2018-11-06T13:16:05+00:00","og_image":[{"width":1900,"height":950,"url":"https:\/\/guineediversite.com\/wp-content\/uploads\/2018\/11\/mauice-kamto-592x296.jpg","type":"image\/jpeg"}],"author":"Guin\u00e9e Diversit\u00e9","twitter_card":"summary_large_image","twitter_creator":"@GuineeDiversite","twitter_site":"@GuineeDiversite","twitter_misc":{"\u00c9crit par":"Guin\u00e9e Diversit\u00e9","Dur\u00e9e de lecture estim\u00e9e":"1 minute"},"schema":{"@context":"https:\/\/schema.org","@graph":[{"@type":"Article","@id":"https:\/\/guineediversite.com\/index.php\/2018\/11\/06\/cameroun-maurice-kamto-arrete-le-jour-de-linvestiture-de-paul-biya\/#article","isPartOf":{"@id":"https:\/\/guineediversite.com\/index.php\/2018\/11\/06\/cameroun-maurice-kamto-arrete-le-jour-de-linvestiture-de-paul-biya\/"},"author":{"name":"Guin\u00e9e Diversit\u00e9","@id":"https:\/\/guineediversite.com\/#\/schema\/person\/afa08fb34e7fc6e1feafc892612bc836"},"headline":"Cameroun : Maurice Kamto arr\u00eat\u00e9 le jour de l\u2019investiture de Paul Biya","datePublished":"2018-11-06T13:16:05+00:00","dateModified":"2018-11-06T13:16:05+00:00","mainEntityOfPage":{"@id":"https:\/\/guineediversite.com\/index.php\/2018\/11\/06\/cameroun-maurice-kamto-arrete-le-jour-de-linvestiture-de-paul-biya\/"},"wordCount":281,"publisher":{"@id":"https:\/\/guineediversite.com\/#organization"},"image":{"@id":"https:\/\/guineediversite.com\/index.php\/2018\/11\/06\/cameroun-maurice-kamto-arrete-le-jour-de-linvestiture-de-paul-biya\/#primaryimage"},"thumbnailUrl":"https:\/\/guineediversite.com\/wp-content\/uploads\/2018\/11\/mauice-kamto-592x296.jpg","articleSection":["International"],"inLanguage":"fr-FR"},{"@type":"WebPage","@id":"https:\/\/guineediversite.com\/index.php\/2018\/11\/06\/cameroun-maurice-kamto-arrete-le-jour-de-linvestiture-de-paul-biya\/","url":"https:\/\/guineediversite.com\/index.php\/2018\/11\/06\/cameroun-maurice-kamto-arrete-le-jour-de-linvestiture-de-paul-biya\/","name":"Cameroun : Maurice Kamto arr\u00eat\u00e9 le jour de l\u2019investiture de Paul Biya | Guin\u00e9e Diversit\u00e9","isPartOf":{"@id":"https:\/\/guineediversite.com\/#website"},"primaryImageOfPage":{"@id":"https:\/\/guineediversite.com\/index.php\/2018\/11\/06\/cameroun-maurice-kamto-arrete-le-jour-de-linvestiture-de-paul-biya\/#primaryimage"},"image":{"@id":"https:\/\/guineediversite.com\/index.php\/2018\/11\/06\/cameroun-maurice-kamto-arrete-le-jour-de-linvestiture-de-paul-biya\/#primaryimage"},"thumbnailUrl":"https:\/\/guineediversite.com\/wp-content\/uploads\/2018\/11\/mauice-kamto-592x296.jpg","datePublished":"2018-11-06T13:16:05+00:00","dateModified":"2018-11-06T13:16:05+00:00","breadcrumb":{"@id":"https:\/\/guineediversite.com\/index.php\/2018\/11\/06\/cameroun-maurice-kamto-arrete-le-jour-de-linvestiture-de-paul-biya\/#breadcrumb"},"inLanguage":"fr-FR","potentialAction":[{"@type":"ReadAction","target":["https:\/\/guineediversite.com\/index.php\/2018\/11\/06\/cameroun-maurice-kamto-arrete-le-jour-de-linvestiture-de-paul-biya\/"]}]},{"@type":"ImageObject","inLanguage":"fr-FR","@id":"https:\/\/guineediversite.com\/index.php\/2018\/11\/06\/cameroun-maurice-kamto-arrete-le-jour-de-linvestiture-de-paul-biya\/#primaryimage","url":"https:\/\/guineediversite.com\/wp-content\/uploads\/2018\/11\/mauice-kamto-592x296.jpg","contentUrl":"https:\/\/guineediversite.com\/wp-content\/uploads\/2018\/11\/mauice-kamto-592x296.jpg","width":1900,"height":950},{"@type":"BreadcrumbList","@id":"https:\/\/guineediversite.com\/index.php\/2018\/11\/06\/cameroun-maurice-kamto-arrete-le-jour-de-linvestiture-de-paul-biya\/#breadcrumb","itemListElement":[{"@type":"ListItem","position":1,"name":"Accueil","item":"https:\/\/guineediversite.com\/"},{"@type":"ListItem","position":2,"name":"Cameroun : Maurice Kamto arr\u00eat\u00e9 le jour de l\u2019investiture de Paul Biya"}]},{"@type":"WebSite","@id":"https:\/\/guineediversite.com\/#website","url":"https:\/\/guineediversite.com\/","name":"Guin\u00e9e Diversit\u00e9","description":"L&#039;Info dans toute sa diversit\u00e9","publisher":{"@id":"https:\/\/guineediversite.com\/#organization"},"potentialAction":[{"@type":"SearchAction","target":{"@type":"EntryPoint","urlTemplate":"https:\/\/guineediversite.com\/?s={search_term_string}"},"query-input":{"@type":"PropertyValueSpecification","valueRequired":true,"valueName":"search_term_string"}}],"inLanguage":"fr-FR"},{"@type":"Organization","@id":"https:\/\/guineediversite.com\/#organization","name":"Guin\u00e9e Diversit\u00e9","url":"https:\/\/guineediversite.com\/","logo":{"@type":"ImageObject","inLanguage":"fr-FR","@id":"https:\/\/guineediversite.com\/#\/schema\/logo\/image\/","url":"https:\/\/guineediversite.com\/wp-content\/uploads\/2017\/04\/cropped-1jojlxEOMkX9Wyqfhe43D6kjPOGqBBKmx3EwWJqZ0cMrFF54yM49.png","contentUrl":"https:\/\/guineediversite.com\/wp-content\/uploads\/2017\/04\/cropped-1jojlxEOMkX9Wyqfhe43D6kjPOGqBBKmx3EwWJqZ0cMrFF54yM49.png","width":186,"height":112,"caption":"Guin\u00e9e Diversit\u00e9"},"image":{"@id":"https:\/\/guineediversite.com\/#\/schema\/logo\/image\/"},"sameAs":["https:\/\/www.facebook.com\/guineediversite\/","https:\/\/x.com\/GuineeDiversite","https:\/\/www.youtube.com\/channel\/UC8sUY16qelG5ge6_D5SB83g"]},{"@type":"Person","@id":"https:\/\/guineediversite.com\/#\/schema\/person\/afa08fb34e7fc6e1feafc892612bc836","name":"Guin\u00e9e Diversit\u00e9","image":{"@type":"ImageObject","inLanguage":"fr-FR","@id":"https:\/\/guineediversite.com\/#\/schema\/person\/image\/","url":"https:\/\/secure.gravatar.com\/avatar\/50d5eb5b390f8b65ac30ac6f898eb83a?s=96&d=mm&r=g","contentUrl":"https:\/\/secure.gravatar.com\/avatar\/50d5eb5b390f8b65ac30ac6f898eb83a?s=96&d=mm&r=g","caption":"Guin\u00e9e Diversit\u00e9"},"url":"https:\/\/guineediversite.com\/index.php\/author\/guineediversite\/"}]}},"_links":{"self":[{"href":"https:\/\/guineediversite.com\/index.php\/wp-json\/wp\/v2\/posts\/27188"}],"collection":[{"href":"https:\/\/guineediversite.com\/index.php\/wp-json\/wp\/v2\/posts"}],"about":[{"href":"https:\/\/guineediversite.com\/index.php\/wp-json\/wp\/v2\/types\/post"}],"author":[{"embeddable":true,"href":"https:\/\/guineediversite.com\/index.php\/wp-json\/wp\/v2\/users\/12"}],"replies":[{"embeddable":true,"href":"https:\/\/guineediversite.com\/index.php\/wp-json\/wp\/v2\/comments?post=27188"}],"version-history":[{"count":0,"href":"https:\/\/guineediversite.com\/index.php\/wp-json\/wp\/v2\/posts\/27188\/revisions"}],"wp:featuredmedia":[{"embeddable":true,"href":"https:\/\/guineediversite.com\/index.php\/wp-json\/wp\/v2\/media\/27189"}],"wp:attachment":[{"href":"https:\/\/guineediversite.com\/index.php\/wp-json\/wp\/v2\/media?parent=27188"}],"wp:term":[{"taxonomy":"category","embeddable":true,"href":"https:\/\/guineediversite.com\/index.php\/wp-json\/wp\/v2\/categories?post=27188"},{"taxonomy":"post_tag","embeddable":true,"href":"https:\/\/guineediversite.com\/index.php\/wp-json\/wp\/v2\/tags?post=27188"}],"curies":[{"name":"wp","href":"https:\/\/api.w.org\/{rel}","templated":true}]}}