{"id":27185,"date":"2018-11-06T14:08:26","date_gmt":"2018-11-06T13:08:26","guid":{"rendered":"https:\/\/guineediversite.com\/?p=27185"},"modified":"2018-11-06T14:08:26","modified_gmt":"2018-11-06T13:08:26","slug":"parlement-le-projet-de-loi-de-finances-initiale-etale-aux-deputes","status":"publish","type":"post","link":"https:\/\/guineediversite.com\/index.php\/2018\/11\/06\/parlement-le-projet-de-loi-de-finances-initiale-etale-aux-deputes\/","title":{"rendered":"Parlement \/ Le projet de loi de finances initiale \u00e9tal\u00e9 aux d\u00e9put\u00e9s"},"content":{"rendered":"<p><strong>La loi de finances initiale (LFI) 2019 a \u00e9t\u00e9 pr\u00e9sent\u00e9e par les membres du gouvernement concern\u00e9s ce lundi \u00e0 l\u2019h\u00e9micycle du palais du peuple. Sur les 113 inscrits, 69 d\u00e9put\u00e9s ont r\u00e9pondu \u00e0 l\u2019appel nominal, 23 excus\u00e9s et 21 absents.<\/strong><\/p>\n<p>Le projet budg\u00e9taire du gouvernement Cond\u00e9 s\u2019\u00e9value \u00e0 plus de vingt deux mille milliards soit 17,6%s du PIB. Dans ce projet, le gouvernement a rehauss\u00e9 la d\u00e9pense sociale pour une croissance inclusive. Ce projet de loi de finances 2019 a \u00e9t\u00e9 soumis aux d\u00e9put\u00e9s pour examen et approbation. Contrairement aux lois de finances de l\u2019ann\u00e9e 2018, celle de 2019 connaitront une augmentation de 3 121,58 milliards soit 16, 3%. Pour le ministre des Finances, cette augmentation intervient suite aux grandes orientations que s\u2019est fix\u00e9e le gouvernement Cond\u00e9.<\/p>\n<p>\u00ab <em>Les grandes orientations sont les suivantes: l&rsquo;augmentation du budget de l&rsquo;investissement, ensuite il faut ajouter \u00e0 cela le souci du gouvernement de mettre un accent particulier sur les d\u00e9penses sociales. La croissance doit \u00eatre inclusive, donc personne ne doit \u00eatre laiss\u00e9 de c\u00f4t\u00e9, les prix de la croissance doivent \u00eatre partag\u00e9s par le plus nombre \u00bb, explique Mamady Camara. <\/em><\/p>\n<p><em>Pour combler le d\u00e9ficit budg\u00e9taire, le ministre soutient que \u00ab le d\u00e9ficit budg\u00e9taire, qui s\u2019\u00e9tablit \u00e0 2 980, 05 Mds, sera couvert par des ressources de financement \u00e0 hauteur de 5 042,99 Mds et des charges de financement \u00e0 hauteur de 2 062, 16 Mds. Le solde budg\u00e9taire de base \u00e9tait \u00e0 0,9% du PIB contre 0,8% dans la loi de finances rectificative 2018<\/em> \u00bb.<\/p>\n<p>Par ailleurs, le ministre du budget a annonc\u00e9 que de nouvelle mesure a \u00e9t\u00e9 prie par le gouvernement afin de lutter contre la pauvret\u00e9.<\/p>\n<p>\u00ab <em>Le premier et nous-m\u00eames, nous sommes engag\u00e9s pour mettre en \u0153uvre les directives du pr\u00e9sident de la R\u00e9publique pour r\u00e9duire la pauvret\u00e9 consid\u00e9rablement et vous avez vu que nous avons cr\u00e9\u00e9 le fonds du d\u00e9veloppement local, qui a \u00e9t\u00e9 cr\u00e9\u00e9 mais qu&rsquo;on doit op\u00e9rationnaliser maintenant avec l&rsquo;ANAFIC sur lequel on consacre 517 milliards pour investir dans le d\u00e9veloppement \u00e0 la base soutenir les secteurs cl\u00e9s du d\u00e9veloppement et de la croissance <\/em>\u00bb, a indiqu\u00e9 Ismael Dioubat\u00e9.<\/p>\n<p>Loin, il a \u00e9voqu\u00e9 les grandes lignes sur lesquelles le gouvernement se basera dans l\u2019investissement de ce budget.<\/p>\n<p>\u00ab <em>Il y a des minist\u00e8res cl\u00e9s du d\u00e9veloppement et de la croissance, tels que les affaires sociales, l\u2019agriculture, l\u2019\u00e9levage, la sant\u00e9 ce sont des minist\u00e8res sur lequel nous allons nous baser pour relancer le d\u00e9veloppement. il n&rsquo;y a pas de d\u00e9veloppement sans la route, il n&rsquo;y a pas de d\u00e9veloppement sans l\u2019agriculture, il n&rsquo;y a pas de d\u00e9veloppement sans l\u2019\u00e9levage, sans la sant\u00e9, sans la qualit\u00e9 de l\u2019\u00e9ducation. Le budget s\u2019\u00e9quilibre en recettes et en d\u00e9penses et c\u2019est autour de vingt deux mille milliards<\/em> \u00bb, a soutenu Ismael Dioubat\u00e9.<\/p>\n<p>Malgr\u00e9 cette augmentation, le budget de l\u2019\u00e9ducation est rest\u00e9 inchang\u00e9 dans ce nouveau projet de loi de finances pr\u00e9sent\u00e9 par le gouvernement.<\/p>\n","protected":false},"excerpt":{"rendered":"<p>La loi de finances initiale (LFI) 2019 a \u00e9t\u00e9 pr\u00e9sent\u00e9e par les membres du gouvernement concern\u00e9s ce lundi \u00e0 l\u2019h\u00e9micycle du palais du peuple. Sur les 113 inscrits, 69 d\u00e9put\u00e9s ont r\u00e9pondu \u00e0 l\u2019appel nominal, 23 excus\u00e9s et 21 absents. Le projet budg\u00e9taire du gouvernement Cond\u00e9 s\u2019\u00e9value \u00e0 plus de vingt deux mille milliards soit [&hellip;]<\/p>\n","protected":false},"author":10,"featured_media":27186,"comment_status":"closed","ping_status":"closed","sticky":false,"template":"","format":"standard","meta":{"_exactmetrics_skip_tracking":false,"_exactmetrics_sitenote_active":false,"_exactmetrics_sitenote_note":"","_exactmetrics_sitenote_category":0,"tdm_status":"","tdm_grid_status":"","footnotes":""},"categories":[16],"tags":[],"class_list":{"0":"post-27185","1":"post","2":"type-post","3":"status-publish","4":"format-standard","5":"has-post-thumbnail","7":"category-societe"},"yoast_head":"<!-- This site is optimized with the Yoast SEO plugin v24.2 - https:\/\/yoast.com\/wordpress\/plugins\/seo\/ -->\n<title>Parlement \/ Le projet de loi de finances initiale \u00e9tal\u00e9 aux d\u00e9put\u00e9s | Guin\u00e9e Diversit\u00e9<\/title>\n<meta name=\"robots\" content=\"index, follow, max-snippet:-1, max-image-preview:large, max-video-preview:-1\" \/>\n<link rel=\"canonical\" href=\"https:\/\/guineediversite.com\/index.php\/2018\/11\/06\/parlement-le-projet-de-loi-de-finances-initiale-etale-aux-deputes\/\" \/>\n<meta property=\"og:locale\" content=\"fr_FR\" \/>\n<meta property=\"og:type\" content=\"article\" \/>\n<meta property=\"og:title\" content=\"Parlement \/ Le projet de loi de finances initiale \u00e9tal\u00e9 aux d\u00e9put\u00e9s | Guin\u00e9e Diversit\u00e9\" \/>\n<meta property=\"og:description\" content=\"La loi de finances initiale (LFI) 2019 a \u00e9t\u00e9 pr\u00e9sent\u00e9e par les membres du gouvernement concern\u00e9s ce lundi \u00e0 l\u2019h\u00e9micycle du palais du peuple. Sur les 113 inscrits, 69 d\u00e9put\u00e9s ont r\u00e9pondu \u00e0 l\u2019appel nominal, 23 excus\u00e9s et 21 absents. Le projet budg\u00e9taire du gouvernement Cond\u00e9 s\u2019\u00e9value \u00e0 plus de vingt deux mille milliards soit [&hellip;]\" \/>\n<meta property=\"og:url\" content=\"https:\/\/guineediversite.com\/index.php\/2018\/11\/06\/parlement-le-projet-de-loi-de-finances-initiale-etale-aux-deputes\/\" \/>\n<meta property=\"og:site_name\" content=\"Guin\u00e9e Diversit\u00e9\" \/>\n<meta property=\"article:publisher\" content=\"https:\/\/www.facebook.com\/guineediversite\/\" \/>\n<meta property=\"article:published_time\" content=\"2018-11-06T13:08:26+00:00\" \/>\n<meta property=\"og:image\" content=\"https:\/\/guineediversite.com\/wp-content\/uploads\/2018\/11\/received_1388173931318225.jpeg\" \/>\n\t<meta property=\"og:image:width\" content=\"1365\" \/>\n\t<meta property=\"og:image:height\" content=\"1024\" \/>\n\t<meta property=\"og:image:type\" content=\"image\/jpeg\" \/>\n<meta name=\"author\" content=\"Morcire Camara\" \/>\n<meta name=\"twitter:card\" content=\"summary_large_image\" \/>\n<meta name=\"twitter:creator\" content=\"@GuineeDiversite\" \/>\n<meta name=\"twitter:site\" content=\"@GuineeDiversite\" \/>\n<meta name=\"twitter:label1\" content=\"\u00c9crit par\" \/>\n\t<meta name=\"twitter:data1\" content=\"Morcire Camara\" \/>\n\t<meta name=\"twitter:label2\" content=\"Dur\u00e9e de lecture estim\u00e9e\" \/>\n\t<meta name=\"twitter:data2\" content=\"3 minutes\" \/>\n<script type=\"application\/ld+json\" class=\"yoast-schema-graph\">{\"@context\":\"https:\/\/schema.org\",\"@graph\":[{\"@type\":\"Article\",\"@id\":\"https:\/\/guineediversite.com\/index.php\/2018\/11\/06\/parlement-le-projet-de-loi-de-finances-initiale-etale-aux-deputes\/#article\",\"isPartOf\":{\"@id\":\"https:\/\/guineediversite.com\/index.php\/2018\/11\/06\/parlement-le-projet-de-loi-de-finances-initiale-etale-aux-deputes\/\"},\"author\":{\"name\":\"Morcire Camara\",\"@id\":\"https:\/\/guineediversite.com\/#\/schema\/person\/fa362494c47202ce4b3adf55abcc9d01\"},\"headline\":\"Parlement \/ Le projet de loi de finances initiale \u00e9tal\u00e9 aux d\u00e9put\u00e9s\",\"datePublished\":\"2018-11-06T13:08:26+00:00\",\"dateModified\":\"2018-11-06T13:08:26+00:00\",\"mainEntityOfPage\":{\"@id\":\"https:\/\/guineediversite.com\/index.php\/2018\/11\/06\/parlement-le-projet-de-loi-de-finances-initiale-etale-aux-deputes\/\"},\"wordCount\":520,\"publisher\":{\"@id\":\"https:\/\/guineediversite.com\/#organization\"},\"image\":{\"@id\":\"https:\/\/guineediversite.com\/index.php\/2018\/11\/06\/parlement-le-projet-de-loi-de-finances-initiale-etale-aux-deputes\/#primaryimage\"},\"thumbnailUrl\":\"https:\/\/guineediversite.com\/wp-content\/uploads\/2018\/11\/received_1388173931318225.jpeg\",\"articleSection\":[\"Soci\u00e9t\u00e9\"],\"inLanguage\":\"fr-FR\"},{\"@type\":\"WebPage\",\"@id\":\"https:\/\/guineediversite.com\/index.php\/2018\/11\/06\/parlement-le-projet-de-loi-de-finances-initiale-etale-aux-deputes\/\",\"url\":\"https:\/\/guineediversite.com\/index.php\/2018\/11\/06\/parlement-le-projet-de-loi-de-finances-initiale-etale-aux-deputes\/\",\"name\":\"Parlement \/ Le projet de loi de finances initiale \u00e9tal\u00e9 aux d\u00e9put\u00e9s | Guin\u00e9e Diversit\u00e9\",\"isPartOf\":{\"@id\":\"https:\/\/guineediversite.com\/#website\"},\"primaryImageOfPage\":{\"@id\":\"https:\/\/guineediversite.com\/index.php\/2018\/11\/06\/parlement-le-projet-de-loi-de-finances-initiale-etale-aux-deputes\/#primaryimage\"},\"image\":{\"@id\":\"https:\/\/guineediversite.com\/index.php\/2018\/11\/06\/parlement-le-projet-de-loi-de-finances-initiale-etale-aux-deputes\/#primaryimage\"},\"thumbnailUrl\":\"https:\/\/guineediversite.com\/wp-content\/uploads\/2018\/11\/received_1388173931318225.jpeg\",\"datePublished\":\"2018-11-06T13:08:26+00:00\",\"dateModified\":\"2018-11-06T13:08:26+00:00\",\"breadcrumb\":{\"@id\":\"https:\/\/guineediversite.com\/index.php\/2018\/11\/06\/parlement-le-projet-de-loi-de-finances-initiale-etale-aux-deputes\/#breadcrumb\"},\"inLanguage\":\"fr-FR\",\"potentialAction\":[{\"@type\":\"ReadAction\",\"target\":[\"https:\/\/guineediversite.com\/index.php\/2018\/11\/06\/parlement-le-projet-de-loi-de-finances-initiale-etale-aux-deputes\/\"]}]},{\"@type\":\"ImageObject\",\"inLanguage\":\"fr-FR\",\"@id\":\"https:\/\/guineediversite.com\/index.php\/2018\/11\/06\/parlement-le-projet-de-loi-de-finances-initiale-etale-aux-deputes\/#primaryimage\",\"url\":\"https:\/\/guineediversite.com\/wp-content\/uploads\/2018\/11\/received_1388173931318225.jpeg\",\"contentUrl\":\"https:\/\/guineediversite.com\/wp-content\/uploads\/2018\/11\/received_1388173931318225.jpeg\",\"width\":1365,\"height\":1024},{\"@type\":\"BreadcrumbList\",\"@id\":\"https:\/\/guineediversite.com\/index.php\/2018\/11\/06\/parlement-le-projet-de-loi-de-finances-initiale-etale-aux-deputes\/#breadcrumb\",\"itemListElement\":[{\"@type\":\"ListItem\",\"position\":1,\"name\":\"Accueil\",\"item\":\"https:\/\/guineediversite.com\/\"},{\"@type\":\"ListItem\",\"position\":2,\"name\":\"Parlement \/ Le projet de loi de finances initiale \u00e9tal\u00e9 aux d\u00e9put\u00e9s\"}]},{\"@type\":\"WebSite\",\"@id\":\"https:\/\/guineediversite.com\/#website\",\"url\":\"https:\/\/guineediversite.com\/\",\"name\":\"Guin\u00e9e Diversit\u00e9\",\"description\":\"L&#039;Info dans toute sa diversit\u00e9\",\"publisher\":{\"@id\":\"https:\/\/guineediversite.com\/#organization\"},\"potentialAction\":[{\"@type\":\"SearchAction\",\"target\":{\"@type\":\"EntryPoint\",\"urlTemplate\":\"https:\/\/guineediversite.com\/?s={search_term_string}\"},\"query-input\":{\"@type\":\"PropertyValueSpecification\",\"valueRequired\":true,\"valueName\":\"search_term_string\"}}],\"inLanguage\":\"fr-FR\"},{\"@type\":\"Organization\",\"@id\":\"https:\/\/guineediversite.com\/#organization\",\"name\":\"Guin\u00e9e Diversit\u00e9\",\"url\":\"https:\/\/guineediversite.com\/\",\"logo\":{\"@type\":\"ImageObject\",\"inLanguage\":\"fr-FR\",\"@id\":\"https:\/\/guineediversite.com\/#\/schema\/logo\/image\/\",\"url\":\"https:\/\/guineediversite.com\/wp-content\/uploads\/2017\/04\/cropped-1jojlxEOMkX9Wyqfhe43D6kjPOGqBBKmx3EwWJqZ0cMrFF54yM49.png\",\"contentUrl\":\"https:\/\/guineediversite.com\/wp-content\/uploads\/2017\/04\/cropped-1jojlxEOMkX9Wyqfhe43D6kjPOGqBBKmx3EwWJqZ0cMrFF54yM49.png\",\"width\":186,\"height\":112,\"caption\":\"Guin\u00e9e Diversit\u00e9\"},\"image\":{\"@id\":\"https:\/\/guineediversite.com\/#\/schema\/logo\/image\/\"},\"sameAs\":[\"https:\/\/www.facebook.com\/guineediversite\/\",\"https:\/\/x.com\/GuineeDiversite\",\"https:\/\/www.youtube.com\/channel\/UC8sUY16qelG5ge6_D5SB83g\"]},{\"@type\":\"Person\",\"@id\":\"https:\/\/guineediversite.com\/#\/schema\/person\/fa362494c47202ce4b3adf55abcc9d01\",\"name\":\"Morcire Camara\",\"image\":{\"@type\":\"ImageObject\",\"inLanguage\":\"fr-FR\",\"@id\":\"https:\/\/guineediversite.com\/#\/schema\/person\/image\/\",\"url\":\"https:\/\/secure.gravatar.com\/avatar\/3ec324f02295bbcebe03d99b39330ab4?s=96&d=mm&r=g\",\"contentUrl\":\"https:\/\/secure.gravatar.com\/avatar\/3ec324f02295bbcebe03d99b39330ab4?s=96&d=mm&r=g\",\"caption\":\"Morcire Camara\"},\"url\":\"https:\/\/guineediversite.com\/index.php\/author\/morcire\/\"}]}<\/script>\n<!-- \/ Yoast SEO plugin. -->","yoast_head_json":{"title":"Parlement \/ Le projet de loi de finances initiale \u00e9tal\u00e9 aux d\u00e9put\u00e9s | Guin\u00e9e Diversit\u00e9","robots":{"index":"index","follow":"follow","max-snippet":"max-snippet:-1","max-image-preview":"max-image-preview:large","max-video-preview":"max-video-preview:-1"},"canonical":"https:\/\/guineediversite.com\/index.php\/2018\/11\/06\/parlement-le-projet-de-loi-de-finances-initiale-etale-aux-deputes\/","og_locale":"fr_FR","og_type":"article","og_title":"Parlement \/ Le projet de loi de finances initiale \u00e9tal\u00e9 aux d\u00e9put\u00e9s | Guin\u00e9e Diversit\u00e9","og_description":"La loi de finances initiale (LFI) 2019 a \u00e9t\u00e9 pr\u00e9sent\u00e9e par les membres du gouvernement concern\u00e9s ce lundi \u00e0 l\u2019h\u00e9micycle du palais du peuple. Sur les 113 inscrits, 69 d\u00e9put\u00e9s ont r\u00e9pondu \u00e0 l\u2019appel nominal, 23 excus\u00e9s et 21 absents. Le projet budg\u00e9taire du gouvernement Cond\u00e9 s\u2019\u00e9value \u00e0 plus de vingt deux mille milliards soit [&hellip;]","og_url":"https:\/\/guineediversite.com\/index.php\/2018\/11\/06\/parlement-le-projet-de-loi-de-finances-initiale-etale-aux-deputes\/","og_site_name":"Guin\u00e9e Diversit\u00e9","article_publisher":"https:\/\/www.facebook.com\/guineediversite\/","article_published_time":"2018-11-06T13:08:26+00:00","og_image":[{"width":1365,"height":1024,"url":"https:\/\/guineediversite.com\/wp-content\/uploads\/2018\/11\/received_1388173931318225.jpeg","type":"image\/jpeg"}],"author":"Morcire Camara","twitter_card":"summary_large_image","twitter_creator":"@GuineeDiversite","twitter_site":"@GuineeDiversite","twitter_misc":{"\u00c9crit par":"Morcire Camara","Dur\u00e9e de lecture estim\u00e9e":"3 minutes"},"schema":{"@context":"https:\/\/schema.org","@graph":[{"@type":"Article","@id":"https:\/\/guineediversite.com\/index.php\/2018\/11\/06\/parlement-le-projet-de-loi-de-finances-initiale-etale-aux-deputes\/#article","isPartOf":{"@id":"https:\/\/guineediversite.com\/index.php\/2018\/11\/06\/parlement-le-projet-de-loi-de-finances-initiale-etale-aux-deputes\/"},"author":{"name":"Morcire Camara","@id":"https:\/\/guineediversite.com\/#\/schema\/person\/fa362494c47202ce4b3adf55abcc9d01"},"headline":"Parlement \/ Le projet de loi de finances initiale \u00e9tal\u00e9 aux d\u00e9put\u00e9s","datePublished":"2018-11-06T13:08:26+00:00","dateModified":"2018-11-06T13:08:26+00:00","mainEntityOfPage":{"@id":"https:\/\/guineediversite.com\/index.php\/2018\/11\/06\/parlement-le-projet-de-loi-de-finances-initiale-etale-aux-deputes\/"},"wordCount":520,"publisher":{"@id":"https:\/\/guineediversite.com\/#organization"},"image":{"@id":"https:\/\/guineediversite.com\/index.php\/2018\/11\/06\/parlement-le-projet-de-loi-de-finances-initiale-etale-aux-deputes\/#primaryimage"},"thumbnailUrl":"https:\/\/guineediversite.com\/wp-content\/uploads\/2018\/11\/received_1388173931318225.jpeg","articleSection":["Soci\u00e9t\u00e9"],"inLanguage":"fr-FR"},{"@type":"WebPage","@id":"https:\/\/guineediversite.com\/index.php\/2018\/11\/06\/parlement-le-projet-de-loi-de-finances-initiale-etale-aux-deputes\/","url":"https:\/\/guineediversite.com\/index.php\/2018\/11\/06\/parlement-le-projet-de-loi-de-finances-initiale-etale-aux-deputes\/","name":"Parlement \/ Le projet de loi de finances initiale \u00e9tal\u00e9 aux d\u00e9put\u00e9s | Guin\u00e9e Diversit\u00e9","isPartOf":{"@id":"https:\/\/guineediversite.com\/#website"},"primaryImageOfPage":{"@id":"https:\/\/guineediversite.com\/index.php\/2018\/11\/06\/parlement-le-projet-de-loi-de-finances-initiale-etale-aux-deputes\/#primaryimage"},"image":{"@id":"https:\/\/guineediversite.com\/index.php\/2018\/11\/06\/parlement-le-projet-de-loi-de-finances-initiale-etale-aux-deputes\/#primaryimage"},"thumbnailUrl":"https:\/\/guineediversite.com\/wp-content\/uploads\/2018\/11\/received_1388173931318225.jpeg","datePublished":"2018-11-06T13:08:26+00:00","dateModified":"2018-11-06T13:08:26+00:00","breadcrumb":{"@id":"https:\/\/guineediversite.com\/index.php\/2018\/11\/06\/parlement-le-projet-de-loi-de-finances-initiale-etale-aux-deputes\/#breadcrumb"},"inLanguage":"fr-FR","potentialAction":[{"@type":"ReadAction","target":["https:\/\/guineediversite.com\/index.php\/2018\/11\/06\/parlement-le-projet-de-loi-de-finances-initiale-etale-aux-deputes\/"]}]},{"@type":"ImageObject","inLanguage":"fr-FR","@id":"https:\/\/guineediversite.com\/index.php\/2018\/11\/06\/parlement-le-projet-de-loi-de-finances-initiale-etale-aux-deputes\/#primaryimage","url":"https:\/\/guineediversite.com\/wp-content\/uploads\/2018\/11\/received_1388173931318225.jpeg","contentUrl":"https:\/\/guineediversite.com\/wp-content\/uploads\/2018\/11\/received_1388173931318225.jpeg","width":1365,"height":1024},{"@type":"BreadcrumbList","@id":"https:\/\/guineediversite.com\/index.php\/2018\/11\/06\/parlement-le-projet-de-loi-de-finances-initiale-etale-aux-deputes\/#breadcrumb","itemListElement":[{"@type":"ListItem","position":1,"name":"Accueil","item":"https:\/\/guineediversite.com\/"},{"@type":"ListItem","position":2,"name":"Parlement \/ Le projet de loi de finances initiale \u00e9tal\u00e9 aux d\u00e9put\u00e9s"}]},{"@type":"WebSite","@id":"https:\/\/guineediversite.com\/#website","url":"https:\/\/guineediversite.com\/","name":"Guin\u00e9e Diversit\u00e9","description":"L&#039;Info dans toute sa diversit\u00e9","publisher":{"@id":"https:\/\/guineediversite.com\/#organization"},"potentialAction":[{"@type":"SearchAction","target":{"@type":"EntryPoint","urlTemplate":"https:\/\/guineediversite.com\/?s={search_term_string}"},"query-input":{"@type":"PropertyValueSpecification","valueRequired":true,"valueName":"search_term_string"}}],"inLanguage":"fr-FR"},{"@type":"Organization","@id":"https:\/\/guineediversite.com\/#organization","name":"Guin\u00e9e Diversit\u00e9","url":"https:\/\/guineediversite.com\/","logo":{"@type":"ImageObject","inLanguage":"fr-FR","@id":"https:\/\/guineediversite.com\/#\/schema\/logo\/image\/","url":"https:\/\/guineediversite.com\/wp-content\/uploads\/2017\/04\/cropped-1jojlxEOMkX9Wyqfhe43D6kjPOGqBBKmx3EwWJqZ0cMrFF54yM49.png","contentUrl":"https:\/\/guineediversite.com\/wp-content\/uploads\/2017\/04\/cropped-1jojlxEOMkX9Wyqfhe43D6kjPOGqBBKmx3EwWJqZ0cMrFF54yM49.png","width":186,"height":112,"caption":"Guin\u00e9e Diversit\u00e9"},"image":{"@id":"https:\/\/guineediversite.com\/#\/schema\/logo\/image\/"},"sameAs":["https:\/\/www.facebook.com\/guineediversite\/","https:\/\/x.com\/GuineeDiversite","https:\/\/www.youtube.com\/channel\/UC8sUY16qelG5ge6_D5SB83g"]},{"@type":"Person","@id":"https:\/\/guineediversite.com\/#\/schema\/person\/fa362494c47202ce4b3adf55abcc9d01","name":"Morcire Camara","image":{"@type":"ImageObject","inLanguage":"fr-FR","@id":"https:\/\/guineediversite.com\/#\/schema\/person\/image\/","url":"https:\/\/secure.gravatar.com\/avatar\/3ec324f02295bbcebe03d99b39330ab4?s=96&d=mm&r=g","contentUrl":"https:\/\/secure.gravatar.com\/avatar\/3ec324f02295bbcebe03d99b39330ab4?s=96&d=mm&r=g","caption":"Morcire Camara"},"url":"https:\/\/guineediversite.com\/index.php\/author\/morcire\/"}]}},"_links":{"self":[{"href":"https:\/\/guineediversite.com\/index.php\/wp-json\/wp\/v2\/posts\/27185"}],"collection":[{"href":"https:\/\/guineediversite.com\/index.php\/wp-json\/wp\/v2\/posts"}],"about":[{"href":"https:\/\/guineediversite.com\/index.php\/wp-json\/wp\/v2\/types\/post"}],"author":[{"embeddable":true,"href":"https:\/\/guineediversite.com\/index.php\/wp-json\/wp\/v2\/users\/10"}],"replies":[{"embeddable":true,"href":"https:\/\/guineediversite.com\/index.php\/wp-json\/wp\/v2\/comments?post=27185"}],"version-history":[{"count":0,"href":"https:\/\/guineediversite.com\/index.php\/wp-json\/wp\/v2\/posts\/27185\/revisions"}],"wp:featuredmedia":[{"embeddable":true,"href":"https:\/\/guineediversite.com\/index.php\/wp-json\/wp\/v2\/media\/27186"}],"wp:attachment":[{"href":"https:\/\/guineediversite.com\/index.php\/wp-json\/wp\/v2\/media?parent=27185"}],"wp:term":[{"taxonomy":"category","embeddable":true,"href":"https:\/\/guineediversite.com\/index.php\/wp-json\/wp\/v2\/categories?post=27185"},{"taxonomy":"post_tag","embeddable":true,"href":"https:\/\/guineediversite.com\/index.php\/wp-json\/wp\/v2\/tags?post=27185"}],"curies":[{"name":"wp","href":"https:\/\/api.w.org\/{rel}","templated":true}]}}