{"id":27181,"date":"2018-11-05T17:19:51","date_gmt":"2018-11-05T16:19:51","guid":{"rendered":"https:\/\/guineediversite.com\/?p=27181"},"modified":"2018-11-05T17:19:51","modified_gmt":"2018-11-05T16:19:51","slug":"le-rpg-arc-en-ciel-projette-une-manifestation-de-soutien-au-president-conde","status":"publish","type":"post","link":"https:\/\/guineediversite.com\/index.php\/2018\/11\/05\/le-rpg-arc-en-ciel-projette-une-manifestation-de-soutien-au-president-conde\/","title":{"rendered":"Le RPG Arc en ciel projette une manifestation de soutien au pr\u00e9sident Cond\u00e9"},"content":{"rendered":"<p>Le RPG Arc en ciel appelle \u00e0 une manifestation de soutien au Pr\u00e9sident Alpha Cond\u00e9 \u00e0 Conakry le mercredi 07 novembre prochain.<\/p>\n<p>Dans un communiqu\u00e9 radiodiffus\u00e9, la direction nationale du RPG arc en ciel a d\u00e9cid\u00e9 de l\u2019organisation \u00a0de cette marche afin de r\u00e9affirmer leur soutien au Pr\u00e9sident\u00a0 Alpha Cond\u00e9.<\/p>\n<p>Ainsi cette manifestation quittera de l\u2019esplanade du stade du 28 septembre\u00a0 au rondpoint de la Banque Centrale \u00e0 Kaloum.<\/p>\n<p>Voici donc pour vous ce communiqu\u00e9\u00a0:<\/p>\n<p><img loading=\"lazy\" decoding=\"async\" class=\"alignnone  wp-image-27182\" src=\"https:\/\/guineediversite.com.bwjx4292.odns.fr\/wp-content\/uploads\/2018\/11\/19FD6376-3072-4E77-BF94-E8662CE4C68D-218x300.jpeg\" alt=\"\" width=\"922\" height=\"1269\" srcset=\"https:\/\/guineediversite.com\/wp-content\/uploads\/2018\/11\/19FD6376-3072-4E77-BF94-E8662CE4C68D-218x300.jpeg 218w, https:\/\/guineediversite.com\/wp-content\/uploads\/2018\/11\/19FD6376-3072-4E77-BF94-E8662CE4C68D-743x1024.jpeg 743w, https:\/\/guineediversite.com\/wp-content\/uploads\/2018\/11\/19FD6376-3072-4E77-BF94-E8662CE4C68D-600x827.jpeg 600w\" sizes=\"(max-width: 922px) 100vw, 922px\" \/><\/p>\n","protected":false},"excerpt":{"rendered":"<p>Le RPG Arc en ciel appelle \u00e0 une manifestation de soutien au Pr\u00e9sident Alpha Cond\u00e9 \u00e0 Conakry le mercredi 07 novembre prochain. Dans un communiqu\u00e9 radiodiffus\u00e9, la direction nationale du RPG arc en ciel a d\u00e9cid\u00e9 de l\u2019organisation \u00a0de cette marche afin de r\u00e9affirmer leur soutien au Pr\u00e9sident\u00a0 Alpha Cond\u00e9. Ainsi cette manifestation quittera de [&hellip;]<\/p>\n","protected":false},"author":7,"featured_media":26878,"comment_status":"closed","ping_status":"closed","sticky":false,"template":"","format":"standard","meta":{"_exactmetrics_skip_tracking":false,"_exactmetrics_sitenote_active":false,"_exactmetrics_sitenote_note":"","_exactmetrics_sitenote_category":0,"tdm_status":"","tdm_grid_status":"","footnotes":""},"categories":[16],"tags":[],"class_list":{"0":"post-27181","1":"post","2":"type-post","3":"status-publish","4":"format-standard","5":"has-post-thumbnail","7":"category-societe"},"yoast_head":"<!-- This site is optimized with the Yoast SEO plugin v24.2 - https:\/\/yoast.com\/wordpress\/plugins\/seo\/ -->\n<title>Le RPG Arc en ciel projette une manifestation de soutien au pr\u00e9sident Cond\u00e9 | Guin\u00e9e Diversit\u00e9<\/title>\n<meta name=\"robots\" content=\"index, follow, max-snippet:-1, max-image-preview:large, max-video-preview:-1\" \/>\n<link rel=\"canonical\" href=\"https:\/\/guineediversite.com\/index.php\/2018\/11\/05\/le-rpg-arc-en-ciel-projette-une-manifestation-de-soutien-au-president-conde\/\" \/>\n<meta property=\"og:locale\" content=\"fr_FR\" \/>\n<meta property=\"og:type\" content=\"article\" \/>\n<meta property=\"og:title\" content=\"Le RPG Arc en ciel projette une manifestation de soutien au pr\u00e9sident Cond\u00e9 | Guin\u00e9e Diversit\u00e9\" \/>\n<meta property=\"og:description\" content=\"Le RPG Arc en ciel appelle \u00e0 une manifestation de soutien au Pr\u00e9sident Alpha Cond\u00e9 \u00e0 Conakry le mercredi 07 novembre prochain. Dans un communiqu\u00e9 radiodiffus\u00e9, la direction nationale du RPG arc en ciel a d\u00e9cid\u00e9 de l\u2019organisation \u00a0de cette marche afin de r\u00e9affirmer leur soutien au Pr\u00e9sident\u00a0 Alpha Cond\u00e9. Ainsi cette manifestation quittera de [&hellip;]\" \/>\n<meta property=\"og:url\" content=\"https:\/\/guineediversite.com\/index.php\/2018\/11\/05\/le-rpg-arc-en-ciel-projette-une-manifestation-de-soutien-au-president-conde\/\" \/>\n<meta property=\"og:site_name\" content=\"Guin\u00e9e Diversit\u00e9\" \/>\n<meta property=\"article:publisher\" content=\"https:\/\/www.facebook.com\/guineediversite\/\" \/>\n<meta property=\"article:published_time\" content=\"2018-11-05T16:19:51+00:00\" \/>\n<meta property=\"og:image\" content=\"https:\/\/guineediversite.com\/wp-content\/uploads\/2018\/10\/RPG-1.jpg\" \/>\n\t<meta property=\"og:image:width\" content=\"1900\" \/>\n\t<meta property=\"og:image:height\" content=\"928\" \/>\n\t<meta property=\"og:image:type\" content=\"image\/jpeg\" \/>\n<meta name=\"author\" content=\"Bilguissa Diallo\" \/>\n<meta name=\"twitter:card\" content=\"summary_large_image\" \/>\n<meta name=\"twitter:creator\" content=\"@GuineeDiversite\" \/>\n<meta name=\"twitter:site\" content=\"@GuineeDiversite\" \/>\n<meta name=\"twitter:label1\" content=\"\u00c9crit par\" \/>\n\t<meta name=\"twitter:data1\" content=\"Bilguissa Diallo\" \/>\n<script type=\"application\/ld+json\" class=\"yoast-schema-graph\">{\"@context\":\"https:\/\/schema.org\",\"@graph\":[{\"@type\":\"Article\",\"@id\":\"https:\/\/guineediversite.com\/index.php\/2018\/11\/05\/le-rpg-arc-en-ciel-projette-une-manifestation-de-soutien-au-president-conde\/#article\",\"isPartOf\":{\"@id\":\"https:\/\/guineediversite.com\/index.php\/2018\/11\/05\/le-rpg-arc-en-ciel-projette-une-manifestation-de-soutien-au-president-conde\/\"},\"author\":{\"name\":\"Bilguissa Diallo\",\"@id\":\"https:\/\/guineediversite.com\/#\/schema\/person\/0e0e3e424768a50d025ac2218ccca73f\"},\"headline\":\"Le RPG Arc en ciel projette une manifestation de soutien au pr\u00e9sident Cond\u00e9\",\"datePublished\":\"2018-11-05T16:19:51+00:00\",\"dateModified\":\"2018-11-05T16:19:51+00:00\",\"mainEntityOfPage\":{\"@id\":\"https:\/\/guineediversite.com\/index.php\/2018\/11\/05\/le-rpg-arc-en-ciel-projette-une-manifestation-de-soutien-au-president-conde\/\"},\"wordCount\":90,\"publisher\":{\"@id\":\"https:\/\/guineediversite.com\/#organization\"},\"image\":{\"@id\":\"https:\/\/guineediversite.com\/index.php\/2018\/11\/05\/le-rpg-arc-en-ciel-projette-une-manifestation-de-soutien-au-president-conde\/#primaryimage\"},\"thumbnailUrl\":\"https:\/\/guineediversite.com\/wp-content\/uploads\/2018\/10\/RPG-1.jpg\",\"articleSection\":[\"Soci\u00e9t\u00e9\"],\"inLanguage\":\"fr-FR\"},{\"@type\":\"WebPage\",\"@id\":\"https:\/\/guineediversite.com\/index.php\/2018\/11\/05\/le-rpg-arc-en-ciel-projette-une-manifestation-de-soutien-au-president-conde\/\",\"url\":\"https:\/\/guineediversite.com\/index.php\/2018\/11\/05\/le-rpg-arc-en-ciel-projette-une-manifestation-de-soutien-au-president-conde\/\",\"name\":\"Le RPG Arc en ciel projette une manifestation de soutien au pr\u00e9sident Cond\u00e9 | Guin\u00e9e Diversit\u00e9\",\"isPartOf\":{\"@id\":\"https:\/\/guineediversite.com\/#website\"},\"primaryImageOfPage\":{\"@id\":\"https:\/\/guineediversite.com\/index.php\/2018\/11\/05\/le-rpg-arc-en-ciel-projette-une-manifestation-de-soutien-au-president-conde\/#primaryimage\"},\"image\":{\"@id\":\"https:\/\/guineediversite.com\/index.php\/2018\/11\/05\/le-rpg-arc-en-ciel-projette-une-manifestation-de-soutien-au-president-conde\/#primaryimage\"},\"thumbnailUrl\":\"https:\/\/guineediversite.com\/wp-content\/uploads\/2018\/10\/RPG-1.jpg\",\"datePublished\":\"2018-11-05T16:19:51+00:00\",\"dateModified\":\"2018-11-05T16:19:51+00:00\",\"breadcrumb\":{\"@id\":\"https:\/\/guineediversite.com\/index.php\/2018\/11\/05\/le-rpg-arc-en-ciel-projette-une-manifestation-de-soutien-au-president-conde\/#breadcrumb\"},\"inLanguage\":\"fr-FR\",\"potentialAction\":[{\"@type\":\"ReadAction\",\"target\":[\"https:\/\/guineediversite.com\/index.php\/2018\/11\/05\/le-rpg-arc-en-ciel-projette-une-manifestation-de-soutien-au-president-conde\/\"]}]},{\"@type\":\"ImageObject\",\"inLanguage\":\"fr-FR\",\"@id\":\"https:\/\/guineediversite.com\/index.php\/2018\/11\/05\/le-rpg-arc-en-ciel-projette-une-manifestation-de-soutien-au-president-conde\/#primaryimage\",\"url\":\"https:\/\/guineediversite.com\/wp-content\/uploads\/2018\/10\/RPG-1.jpg\",\"contentUrl\":\"https:\/\/guineediversite.com\/wp-content\/uploads\/2018\/10\/RPG-1.jpg\",\"width\":1900,\"height\":928},{\"@type\":\"BreadcrumbList\",\"@id\":\"https:\/\/guineediversite.com\/index.php\/2018\/11\/05\/le-rpg-arc-en-ciel-projette-une-manifestation-de-soutien-au-president-conde\/#breadcrumb\",\"itemListElement\":[{\"@type\":\"ListItem\",\"position\":1,\"name\":\"Accueil\",\"item\":\"https:\/\/guineediversite.com\/\"},{\"@type\":\"ListItem\",\"position\":2,\"name\":\"Le RPG Arc en ciel projette une manifestation de soutien au pr\u00e9sident Cond\u00e9\"}]},{\"@type\":\"WebSite\",\"@id\":\"https:\/\/guineediversite.com\/#website\",\"url\":\"https:\/\/guineediversite.com\/\",\"name\":\"Guin\u00e9e Diversit\u00e9\",\"description\":\"L&#039;Info dans toute sa diversit\u00e9\",\"publisher\":{\"@id\":\"https:\/\/guineediversite.com\/#organization\"},\"potentialAction\":[{\"@type\":\"SearchAction\",\"target\":{\"@type\":\"EntryPoint\",\"urlTemplate\":\"https:\/\/guineediversite.com\/?s={search_term_string}\"},\"query-input\":{\"@type\":\"PropertyValueSpecification\",\"valueRequired\":true,\"valueName\":\"search_term_string\"}}],\"inLanguage\":\"fr-FR\"},{\"@type\":\"Organization\",\"@id\":\"https:\/\/guineediversite.com\/#organization\",\"name\":\"Guin\u00e9e Diversit\u00e9\",\"url\":\"https:\/\/guineediversite.com\/\",\"logo\":{\"@type\":\"ImageObject\",\"inLanguage\":\"fr-FR\",\"@id\":\"https:\/\/guineediversite.com\/#\/schema\/logo\/image\/\",\"url\":\"https:\/\/guineediversite.com\/wp-content\/uploads\/2017\/04\/cropped-1jojlxEOMkX9Wyqfhe43D6kjPOGqBBKmx3EwWJqZ0cMrFF54yM49.png\",\"contentUrl\":\"https:\/\/guineediversite.com\/wp-content\/uploads\/2017\/04\/cropped-1jojlxEOMkX9Wyqfhe43D6kjPOGqBBKmx3EwWJqZ0cMrFF54yM49.png\",\"width\":186,\"height\":112,\"caption\":\"Guin\u00e9e Diversit\u00e9\"},\"image\":{\"@id\":\"https:\/\/guineediversite.com\/#\/schema\/logo\/image\/\"},\"sameAs\":[\"https:\/\/www.facebook.com\/guineediversite\/\",\"https:\/\/x.com\/GuineeDiversite\",\"https:\/\/www.youtube.com\/channel\/UC8sUY16qelG5ge6_D5SB83g\"]},{\"@type\":\"Person\",\"@id\":\"https:\/\/guineediversite.com\/#\/schema\/person\/0e0e3e424768a50d025ac2218ccca73f\",\"name\":\"Bilguissa Diallo\",\"image\":{\"@type\":\"ImageObject\",\"inLanguage\":\"fr-FR\",\"@id\":\"https:\/\/guineediversite.com\/#\/schema\/person\/image\/\",\"url\":\"https:\/\/secure.gravatar.com\/avatar\/49bbbd2420ee34d62b1b191791f4b5df?s=96&d=mm&r=g\",\"contentUrl\":\"https:\/\/secure.gravatar.com\/avatar\/49bbbd2420ee34d62b1b191791f4b5df?s=96&d=mm&r=g\",\"caption\":\"Bilguissa Diallo\"},\"url\":\"https:\/\/guineediversite.com\/index.php\/author\/bilguissa\/\"}]}<\/script>\n<!-- \/ Yoast SEO plugin. -->","yoast_head_json":{"title":"Le RPG Arc en ciel projette une manifestation de soutien au pr\u00e9sident Cond\u00e9 | Guin\u00e9e Diversit\u00e9","robots":{"index":"index","follow":"follow","max-snippet":"max-snippet:-1","max-image-preview":"max-image-preview:large","max-video-preview":"max-video-preview:-1"},"canonical":"https:\/\/guineediversite.com\/index.php\/2018\/11\/05\/le-rpg-arc-en-ciel-projette-une-manifestation-de-soutien-au-president-conde\/","og_locale":"fr_FR","og_type":"article","og_title":"Le RPG Arc en ciel projette une manifestation de soutien au pr\u00e9sident Cond\u00e9 | Guin\u00e9e Diversit\u00e9","og_description":"Le RPG Arc en ciel appelle \u00e0 une manifestation de soutien au Pr\u00e9sident Alpha Cond\u00e9 \u00e0 Conakry le mercredi 07 novembre prochain. Dans un communiqu\u00e9 radiodiffus\u00e9, la direction nationale du RPG arc en ciel a d\u00e9cid\u00e9 de l\u2019organisation \u00a0de cette marche afin de r\u00e9affirmer leur soutien au Pr\u00e9sident\u00a0 Alpha Cond\u00e9. Ainsi cette manifestation quittera de [&hellip;]","og_url":"https:\/\/guineediversite.com\/index.php\/2018\/11\/05\/le-rpg-arc-en-ciel-projette-une-manifestation-de-soutien-au-president-conde\/","og_site_name":"Guin\u00e9e Diversit\u00e9","article_publisher":"https:\/\/www.facebook.com\/guineediversite\/","article_published_time":"2018-11-05T16:19:51+00:00","og_image":[{"width":1900,"height":928,"url":"https:\/\/guineediversite.com\/wp-content\/uploads\/2018\/10\/RPG-1.jpg","type":"image\/jpeg"}],"author":"Bilguissa Diallo","twitter_card":"summary_large_image","twitter_creator":"@GuineeDiversite","twitter_site":"@GuineeDiversite","twitter_misc":{"\u00c9crit par":"Bilguissa Diallo"},"schema":{"@context":"https:\/\/schema.org","@graph":[{"@type":"Article","@id":"https:\/\/guineediversite.com\/index.php\/2018\/11\/05\/le-rpg-arc-en-ciel-projette-une-manifestation-de-soutien-au-president-conde\/#article","isPartOf":{"@id":"https:\/\/guineediversite.com\/index.php\/2018\/11\/05\/le-rpg-arc-en-ciel-projette-une-manifestation-de-soutien-au-president-conde\/"},"author":{"name":"Bilguissa Diallo","@id":"https:\/\/guineediversite.com\/#\/schema\/person\/0e0e3e424768a50d025ac2218ccca73f"},"headline":"Le RPG Arc en ciel projette une manifestation de soutien au pr\u00e9sident Cond\u00e9","datePublished":"2018-11-05T16:19:51+00:00","dateModified":"2018-11-05T16:19:51+00:00","mainEntityOfPage":{"@id":"https:\/\/guineediversite.com\/index.php\/2018\/11\/05\/le-rpg-arc-en-ciel-projette-une-manifestation-de-soutien-au-president-conde\/"},"wordCount":90,"publisher":{"@id":"https:\/\/guineediversite.com\/#organization"},"image":{"@id":"https:\/\/guineediversite.com\/index.php\/2018\/11\/05\/le-rpg-arc-en-ciel-projette-une-manifestation-de-soutien-au-president-conde\/#primaryimage"},"thumbnailUrl":"https:\/\/guineediversite.com\/wp-content\/uploads\/2018\/10\/RPG-1.jpg","articleSection":["Soci\u00e9t\u00e9"],"inLanguage":"fr-FR"},{"@type":"WebPage","@id":"https:\/\/guineediversite.com\/index.php\/2018\/11\/05\/le-rpg-arc-en-ciel-projette-une-manifestation-de-soutien-au-president-conde\/","url":"https:\/\/guineediversite.com\/index.php\/2018\/11\/05\/le-rpg-arc-en-ciel-projette-une-manifestation-de-soutien-au-president-conde\/","name":"Le RPG Arc en ciel projette une manifestation de soutien au pr\u00e9sident Cond\u00e9 | Guin\u00e9e Diversit\u00e9","isPartOf":{"@id":"https:\/\/guineediversite.com\/#website"},"primaryImageOfPage":{"@id":"https:\/\/guineediversite.com\/index.php\/2018\/11\/05\/le-rpg-arc-en-ciel-projette-une-manifestation-de-soutien-au-president-conde\/#primaryimage"},"image":{"@id":"https:\/\/guineediversite.com\/index.php\/2018\/11\/05\/le-rpg-arc-en-ciel-projette-une-manifestation-de-soutien-au-president-conde\/#primaryimage"},"thumbnailUrl":"https:\/\/guineediversite.com\/wp-content\/uploads\/2018\/10\/RPG-1.jpg","datePublished":"2018-11-05T16:19:51+00:00","dateModified":"2018-11-05T16:19:51+00:00","breadcrumb":{"@id":"https:\/\/guineediversite.com\/index.php\/2018\/11\/05\/le-rpg-arc-en-ciel-projette-une-manifestation-de-soutien-au-president-conde\/#breadcrumb"},"inLanguage":"fr-FR","potentialAction":[{"@type":"ReadAction","target":["https:\/\/guineediversite.com\/index.php\/2018\/11\/05\/le-rpg-arc-en-ciel-projette-une-manifestation-de-soutien-au-president-conde\/"]}]},{"@type":"ImageObject","inLanguage":"fr-FR","@id":"https:\/\/guineediversite.com\/index.php\/2018\/11\/05\/le-rpg-arc-en-ciel-projette-une-manifestation-de-soutien-au-president-conde\/#primaryimage","url":"https:\/\/guineediversite.com\/wp-content\/uploads\/2018\/10\/RPG-1.jpg","contentUrl":"https:\/\/guineediversite.com\/wp-content\/uploads\/2018\/10\/RPG-1.jpg","width":1900,"height":928},{"@type":"BreadcrumbList","@id":"https:\/\/guineediversite.com\/index.php\/2018\/11\/05\/le-rpg-arc-en-ciel-projette-une-manifestation-de-soutien-au-president-conde\/#breadcrumb","itemListElement":[{"@type":"ListItem","position":1,"name":"Accueil","item":"https:\/\/guineediversite.com\/"},{"@type":"ListItem","position":2,"name":"Le RPG Arc en ciel projette une manifestation de soutien au pr\u00e9sident Cond\u00e9"}]},{"@type":"WebSite","@id":"https:\/\/guineediversite.com\/#website","url":"https:\/\/guineediversite.com\/","name":"Guin\u00e9e Diversit\u00e9","description":"L&#039;Info dans toute sa diversit\u00e9","publisher":{"@id":"https:\/\/guineediversite.com\/#organization"},"potentialAction":[{"@type":"SearchAction","target":{"@type":"EntryPoint","urlTemplate":"https:\/\/guineediversite.com\/?s={search_term_string}"},"query-input":{"@type":"PropertyValueSpecification","valueRequired":true,"valueName":"search_term_string"}}],"inLanguage":"fr-FR"},{"@type":"Organization","@id":"https:\/\/guineediversite.com\/#organization","name":"Guin\u00e9e Diversit\u00e9","url":"https:\/\/guineediversite.com\/","logo":{"@type":"ImageObject","inLanguage":"fr-FR","@id":"https:\/\/guineediversite.com\/#\/schema\/logo\/image\/","url":"https:\/\/guineediversite.com\/wp-content\/uploads\/2017\/04\/cropped-1jojlxEOMkX9Wyqfhe43D6kjPOGqBBKmx3EwWJqZ0cMrFF54yM49.png","contentUrl":"https:\/\/guineediversite.com\/wp-content\/uploads\/2017\/04\/cropped-1jojlxEOMkX9Wyqfhe43D6kjPOGqBBKmx3EwWJqZ0cMrFF54yM49.png","width":186,"height":112,"caption":"Guin\u00e9e Diversit\u00e9"},"image":{"@id":"https:\/\/guineediversite.com\/#\/schema\/logo\/image\/"},"sameAs":["https:\/\/www.facebook.com\/guineediversite\/","https:\/\/x.com\/GuineeDiversite","https:\/\/www.youtube.com\/channel\/UC8sUY16qelG5ge6_D5SB83g"]},{"@type":"Person","@id":"https:\/\/guineediversite.com\/#\/schema\/person\/0e0e3e424768a50d025ac2218ccca73f","name":"Bilguissa Diallo","image":{"@type":"ImageObject","inLanguage":"fr-FR","@id":"https:\/\/guineediversite.com\/#\/schema\/person\/image\/","url":"https:\/\/secure.gravatar.com\/avatar\/49bbbd2420ee34d62b1b191791f4b5df?s=96&d=mm&r=g","contentUrl":"https:\/\/secure.gravatar.com\/avatar\/49bbbd2420ee34d62b1b191791f4b5df?s=96&d=mm&r=g","caption":"Bilguissa Diallo"},"url":"https:\/\/guineediversite.com\/index.php\/author\/bilguissa\/"}]}},"_links":{"self":[{"href":"https:\/\/guineediversite.com\/index.php\/wp-json\/wp\/v2\/posts\/27181"}],"collection":[{"href":"https:\/\/guineediversite.com\/index.php\/wp-json\/wp\/v2\/posts"}],"about":[{"href":"https:\/\/guineediversite.com\/index.php\/wp-json\/wp\/v2\/types\/post"}],"author":[{"embeddable":true,"href":"https:\/\/guineediversite.com\/index.php\/wp-json\/wp\/v2\/users\/7"}],"replies":[{"embeddable":true,"href":"https:\/\/guineediversite.com\/index.php\/wp-json\/wp\/v2\/comments?post=27181"}],"version-history":[{"count":0,"href":"https:\/\/guineediversite.com\/index.php\/wp-json\/wp\/v2\/posts\/27181\/revisions"}],"wp:featuredmedia":[{"embeddable":true,"href":"https:\/\/guineediversite.com\/index.php\/wp-json\/wp\/v2\/media\/26878"}],"wp:attachment":[{"href":"https:\/\/guineediversite.com\/index.php\/wp-json\/wp\/v2\/media?parent=27181"}],"wp:term":[{"taxonomy":"category","embeddable":true,"href":"https:\/\/guineediversite.com\/index.php\/wp-json\/wp\/v2\/categories?post=27181"},{"taxonomy":"post_tag","embeddable":true,"href":"https:\/\/guineediversite.com\/index.php\/wp-json\/wp\/v2\/tags?post=27181"}],"curies":[{"name":"wp","href":"https:\/\/api.w.org\/{rel}","templated":true}]}}