{"id":27177,"date":"2018-11-05T16:46:35","date_gmt":"2018-11-05T15:46:35","guid":{"rendered":"https:\/\/guineediversite.com\/?p=27177"},"modified":"2018-11-05T16:46:35","modified_gmt":"2018-11-05T15:46:35","slug":"vers-la-mise-a-jour-de-la-strategie-nationale-de-la-dette-a-moyen-terme","status":"publish","type":"post","link":"https:\/\/guineediversite.com\/index.php\/2018\/11\/05\/vers-la-mise-a-jour-de-la-strategie-nationale-de-la-dette-a-moyen-terme\/","title":{"rendered":"Vers la mise \u00e0 jour de la strat\u00e9gie nationale de la dette \u00e0 moyen terme"},"content":{"rendered":"<p style=\"font-weight: 400;\">Le ministre de l\u2019\u00e9conomie\u00a0et des Finances a proc\u00e9d\u00e9 ce lundi, au lancement officiel des travaux de l\u2019atelier\u00a0national pour la mise \u00e0 jour de la\u00a0strat\u00e9gie\u00a0de la\u00a0dette\u00a0\u00e0 Moyen Terme en R\u00e9publique de Guin\u00e9e.<\/p>\n<p style=\"font-weight: 400;\">\n<p style=\"font-weight: 400;\">Avec la mise en \u0153uvre des m\u00e9canismes de ma\u00eetrise de la dette ext\u00e9rieure, le gouvernement guin\u00e9en, la Banque mondiale et le FMI collaborent \u00e9troitement pour que tous les pr\u00eats contract\u00e9s en 2018 et par la suite aient un caract\u00e8re fortement concessionnel et un effet marqu\u00e9 sur le d\u00e9veloppement. C\u2019est pour maintenir les relations de coop\u00e9ration sur des bases saines et \u00e9viter une accumulation insoutenable des arri\u00e9r\u00e9s de paiements ext\u00e9rieurs et int\u00e9rieurs, que le\u00a0gouvernement\u00a0guin\u00e9en a \u00e9labor\u00e9 une strat\u00e9gie de d\u00e9sendettement avec l\u2019appui de ses partenaires techniques et financiers.<\/p>\n<p style=\"font-weight: 400;\">\n<p style=\"font-weight: 400;\">Selon une \u00e9tude, les projets susceptibles de booster le d\u00e9veloppement socio\u00e9conomique de la R\u00e9publique de Guin\u00e9e dans les prochaines ann\u00e9es s&rsquo;articulent autour des secteurs des mines, des \u00e9nergies renouvelables, des infrastructures, de l&rsquo;agriculture, de l&rsquo;agro-industrie et de l&rsquo;assainissement. Cette rencontre de Conakry est une occasion pour les autorit\u00e9s guin\u00e9ennes de rappeler les principales r\u00e9formes con\u00e7ues et mises en \u0153uvre par la troisi\u00e8me R\u00e9publique.<\/p>\n<p style=\"font-weight: 400;\">\n<p style=\"font-weight: 400;\">Pour le conseiller en gestion de la Dette Publique au centre d\u2019assistance technique du FMI, cette rencontre de Conakry va permettre de renforcer les capacit\u00e9s des cadres guin\u00e9ens \u00e0 produire le document de strat\u00e9gie de la dette \u00e0 moyen terme, qui va constituer un plan pour les autorit\u00e9s de savoir comment financer ces besoins tout en maintenant le risque \u00e0 un niveau tr\u00e8s bas. Selon, Oumar Djissoun dans le processus budg\u00e9taire c\u2019est un document qui doit \u00eatre en annexe de la loi des finances d\u00e9battues \u00e0 l\u2019Assembl\u00e9e nationale, pour indiquer aux parlementaires comme l\u2019\u00c9tat\u00a0compte\u00a0mobiliser\u00a0les ressources de financements au cours du prochain exercice.<\/p>\n<p style=\"font-weight: 400;\">\n<p style=\"font-weight: 400;\">Pour sa part, le ministre de l\u2019\u00e9conomie\u00a0et des Finances, cette formation initi\u00e9e par une requ\u00eate de la\u00a0direction\u00a0nationale de la dette du Fonds mon\u00e9taire international, \u00e0 travers son centre d\u2019assistance technique va permettre de doter les acteurs concern\u00e9s de capacit\u00e9s op\u00e9rationnelles dans le cadre de l\u2019actualisation de la\u00a0strat\u00e9gie\u00a0de la dette \u00e0 moyen terme.<\/p>\n<p style=\"font-weight: 400;\">\n<p style=\"font-weight: 400;\">Pour finir, Mamady Camara dira qu\u2019il convient de rappeler que les r\u00e9sultats qui sortiront de cet atelier seront des \u00e9l\u00e9ments de preuve que le\u00a0Gouvernement\u00a0guin\u00e9en pr\u00e9sentera au titre de la r\u00e9alisation d\u2019un des rep\u00e8res structurels du programme \u00e9conomique et financier soutenue par la\u00a0facilit\u00e9\u00a0\u00e9largie de cr\u00e9dit au titre de sa deuxi\u00e8me revue en d\u00e9cembre 2018.<\/p>\n<p style=\"font-weight: 400;\"><strong>\u00a0<\/strong><\/p>\n<p style=\"font-weight: 400;\"><strong>La Cellule de Communication du Gouvernement.<\/strong><\/p>\n","protected":false},"excerpt":{"rendered":"<p>Le ministre de l\u2019\u00e9conomie\u00a0et des Finances a proc\u00e9d\u00e9 ce lundi, au lancement officiel des travaux de l\u2019atelier\u00a0national pour la mise \u00e0 jour de la\u00a0strat\u00e9gie\u00a0de la\u00a0dette\u00a0\u00e0 Moyen Terme en R\u00e9publique de Guin\u00e9e. Avec la mise en \u0153uvre des m\u00e9canismes de ma\u00eetrise de la dette ext\u00e9rieure, le gouvernement guin\u00e9en, la Banque mondiale et le FMI collaborent \u00e9troitement [&hellip;]<\/p>\n","protected":false},"author":12,"featured_media":27179,"comment_status":"closed","ping_status":"closed","sticky":false,"template":"","format":"standard","meta":{"_exactmetrics_skip_tracking":false,"_exactmetrics_sitenote_active":false,"_exactmetrics_sitenote_note":"","_exactmetrics_sitenote_category":0,"tdm_status":"","tdm_grid_status":"","footnotes":""},"categories":[1],"tags":[],"class_list":{"0":"post-27177","1":"post","2":"type-post","3":"status-publish","4":"format-standard","5":"has-post-thumbnail","7":"category-non-classe"},"yoast_head":"<!-- This site is optimized with the Yoast SEO plugin v24.2 - https:\/\/yoast.com\/wordpress\/plugins\/seo\/ -->\n<title>Vers la mise \u00e0 jour de la strat\u00e9gie nationale de la dette \u00e0 moyen terme | Guin\u00e9e Diversit\u00e9<\/title>\n<meta name=\"robots\" content=\"index, follow, max-snippet:-1, max-image-preview:large, max-video-preview:-1\" \/>\n<link rel=\"canonical\" href=\"https:\/\/guineediversite.com\/index.php\/2018\/11\/05\/vers-la-mise-a-jour-de-la-strategie-nationale-de-la-dette-a-moyen-terme\/\" \/>\n<meta property=\"og:locale\" content=\"fr_FR\" \/>\n<meta property=\"og:type\" content=\"article\" \/>\n<meta property=\"og:title\" content=\"Vers la mise \u00e0 jour de la strat\u00e9gie nationale de la dette \u00e0 moyen terme | Guin\u00e9e Diversit\u00e9\" \/>\n<meta property=\"og:description\" content=\"Le ministre de l\u2019\u00e9conomie\u00a0et des Finances a proc\u00e9d\u00e9 ce lundi, au lancement officiel des travaux de l\u2019atelier\u00a0national pour la mise \u00e0 jour de la\u00a0strat\u00e9gie\u00a0de la\u00a0dette\u00a0\u00e0 Moyen Terme en R\u00e9publique de Guin\u00e9e. Avec la mise en \u0153uvre des m\u00e9canismes de ma\u00eetrise de la dette ext\u00e9rieure, le gouvernement guin\u00e9en, la Banque mondiale et le FMI collaborent \u00e9troitement [&hellip;]\" \/>\n<meta property=\"og:url\" content=\"https:\/\/guineediversite.com\/index.php\/2018\/11\/05\/vers-la-mise-a-jour-de-la-strategie-nationale-de-la-dette-a-moyen-terme\/\" \/>\n<meta property=\"og:site_name\" content=\"Guin\u00e9e Diversit\u00e9\" \/>\n<meta property=\"article:publisher\" content=\"https:\/\/www.facebook.com\/guineediversite\/\" \/>\n<meta property=\"article:published_time\" content=\"2018-11-05T15:46:35+00:00\" \/>\n<meta property=\"og:image\" content=\"https:\/\/guineediversite.com\/wp-content\/uploads\/2018\/11\/Atelier-de-renforcement-de-capacit\u00e9-des-agents-du-MEF-2.jpg\" \/>\n\t<meta property=\"og:image:width\" content=\"1500\" \/>\n\t<meta property=\"og:image:height\" content=\"1000\" \/>\n\t<meta property=\"og:image:type\" content=\"image\/jpeg\" \/>\n<meta name=\"author\" content=\"Guin\u00e9e Diversit\u00e9\" \/>\n<meta name=\"twitter:card\" content=\"summary_large_image\" \/>\n<meta name=\"twitter:creator\" content=\"@GuineeDiversite\" \/>\n<meta name=\"twitter:site\" content=\"@GuineeDiversite\" \/>\n<meta name=\"twitter:label1\" content=\"\u00c9crit par\" \/>\n\t<meta name=\"twitter:data1\" content=\"Guin\u00e9e Diversit\u00e9\" \/>\n\t<meta name=\"twitter:label2\" content=\"Dur\u00e9e de lecture estim\u00e9e\" \/>\n\t<meta name=\"twitter:data2\" content=\"2 minutes\" \/>\n<script type=\"application\/ld+json\" class=\"yoast-schema-graph\">{\"@context\":\"https:\/\/schema.org\",\"@graph\":[{\"@type\":\"Article\",\"@id\":\"https:\/\/guineediversite.com\/index.php\/2018\/11\/05\/vers-la-mise-a-jour-de-la-strategie-nationale-de-la-dette-a-moyen-terme\/#article\",\"isPartOf\":{\"@id\":\"https:\/\/guineediversite.com\/index.php\/2018\/11\/05\/vers-la-mise-a-jour-de-la-strategie-nationale-de-la-dette-a-moyen-terme\/\"},\"author\":{\"name\":\"Guin\u00e9e Diversit\u00e9\",\"@id\":\"https:\/\/guineediversite.com\/#\/schema\/person\/afa08fb34e7fc6e1feafc892612bc836\"},\"headline\":\"Vers la mise \u00e0 jour de la strat\u00e9gie nationale de la dette \u00e0 moyen terme\",\"datePublished\":\"2018-11-05T15:46:35+00:00\",\"dateModified\":\"2018-11-05T15:46:35+00:00\",\"mainEntityOfPage\":{\"@id\":\"https:\/\/guineediversite.com\/index.php\/2018\/11\/05\/vers-la-mise-a-jour-de-la-strategie-nationale-de-la-dette-a-moyen-terme\/\"},\"wordCount\":490,\"publisher\":{\"@id\":\"https:\/\/guineediversite.com\/#organization\"},\"image\":{\"@id\":\"https:\/\/guineediversite.com\/index.php\/2018\/11\/05\/vers-la-mise-a-jour-de-la-strategie-nationale-de-la-dette-a-moyen-terme\/#primaryimage\"},\"thumbnailUrl\":\"https:\/\/guineediversite.com\/wp-content\/uploads\/2018\/11\/Atelier-de-renforcement-de-capacit\u00e9-des-agents-du-MEF-2.jpg\",\"inLanguage\":\"fr-FR\"},{\"@type\":\"WebPage\",\"@id\":\"https:\/\/guineediversite.com\/index.php\/2018\/11\/05\/vers-la-mise-a-jour-de-la-strategie-nationale-de-la-dette-a-moyen-terme\/\",\"url\":\"https:\/\/guineediversite.com\/index.php\/2018\/11\/05\/vers-la-mise-a-jour-de-la-strategie-nationale-de-la-dette-a-moyen-terme\/\",\"name\":\"Vers la mise \u00e0 jour de la strat\u00e9gie nationale de la dette \u00e0 moyen terme | Guin\u00e9e Diversit\u00e9\",\"isPartOf\":{\"@id\":\"https:\/\/guineediversite.com\/#website\"},\"primaryImageOfPage\":{\"@id\":\"https:\/\/guineediversite.com\/index.php\/2018\/11\/05\/vers-la-mise-a-jour-de-la-strategie-nationale-de-la-dette-a-moyen-terme\/#primaryimage\"},\"image\":{\"@id\":\"https:\/\/guineediversite.com\/index.php\/2018\/11\/05\/vers-la-mise-a-jour-de-la-strategie-nationale-de-la-dette-a-moyen-terme\/#primaryimage\"},\"thumbnailUrl\":\"https:\/\/guineediversite.com\/wp-content\/uploads\/2018\/11\/Atelier-de-renforcement-de-capacit\u00e9-des-agents-du-MEF-2.jpg\",\"datePublished\":\"2018-11-05T15:46:35+00:00\",\"dateModified\":\"2018-11-05T15:46:35+00:00\",\"breadcrumb\":{\"@id\":\"https:\/\/guineediversite.com\/index.php\/2018\/11\/05\/vers-la-mise-a-jour-de-la-strategie-nationale-de-la-dette-a-moyen-terme\/#breadcrumb\"},\"inLanguage\":\"fr-FR\",\"potentialAction\":[{\"@type\":\"ReadAction\",\"target\":[\"https:\/\/guineediversite.com\/index.php\/2018\/11\/05\/vers-la-mise-a-jour-de-la-strategie-nationale-de-la-dette-a-moyen-terme\/\"]}]},{\"@type\":\"ImageObject\",\"inLanguage\":\"fr-FR\",\"@id\":\"https:\/\/guineediversite.com\/index.php\/2018\/11\/05\/vers-la-mise-a-jour-de-la-strategie-nationale-de-la-dette-a-moyen-terme\/#primaryimage\",\"url\":\"https:\/\/guineediversite.com\/wp-content\/uploads\/2018\/11\/Atelier-de-renforcement-de-capacit\u00e9-des-agents-du-MEF-2.jpg\",\"contentUrl\":\"https:\/\/guineediversite.com\/wp-content\/uploads\/2018\/11\/Atelier-de-renforcement-de-capacit\u00e9-des-agents-du-MEF-2.jpg\",\"width\":1500,\"height\":1000},{\"@type\":\"BreadcrumbList\",\"@id\":\"https:\/\/guineediversite.com\/index.php\/2018\/11\/05\/vers-la-mise-a-jour-de-la-strategie-nationale-de-la-dette-a-moyen-terme\/#breadcrumb\",\"itemListElement\":[{\"@type\":\"ListItem\",\"position\":1,\"name\":\"Accueil\",\"item\":\"https:\/\/guineediversite.com\/\"},{\"@type\":\"ListItem\",\"position\":2,\"name\":\"Vers la mise \u00e0 jour de la strat\u00e9gie nationale de la dette \u00e0 moyen terme\"}]},{\"@type\":\"WebSite\",\"@id\":\"https:\/\/guineediversite.com\/#website\",\"url\":\"https:\/\/guineediversite.com\/\",\"name\":\"Guin\u00e9e Diversit\u00e9\",\"description\":\"L&#039;Info dans toute sa diversit\u00e9\",\"publisher\":{\"@id\":\"https:\/\/guineediversite.com\/#organization\"},\"potentialAction\":[{\"@type\":\"SearchAction\",\"target\":{\"@type\":\"EntryPoint\",\"urlTemplate\":\"https:\/\/guineediversite.com\/?s={search_term_string}\"},\"query-input\":{\"@type\":\"PropertyValueSpecification\",\"valueRequired\":true,\"valueName\":\"search_term_string\"}}],\"inLanguage\":\"fr-FR\"},{\"@type\":\"Organization\",\"@id\":\"https:\/\/guineediversite.com\/#organization\",\"name\":\"Guin\u00e9e Diversit\u00e9\",\"url\":\"https:\/\/guineediversite.com\/\",\"logo\":{\"@type\":\"ImageObject\",\"inLanguage\":\"fr-FR\",\"@id\":\"https:\/\/guineediversite.com\/#\/schema\/logo\/image\/\",\"url\":\"https:\/\/guineediversite.com\/wp-content\/uploads\/2017\/04\/cropped-1jojlxEOMkX9Wyqfhe43D6kjPOGqBBKmx3EwWJqZ0cMrFF54yM49.png\",\"contentUrl\":\"https:\/\/guineediversite.com\/wp-content\/uploads\/2017\/04\/cropped-1jojlxEOMkX9Wyqfhe43D6kjPOGqBBKmx3EwWJqZ0cMrFF54yM49.png\",\"width\":186,\"height\":112,\"caption\":\"Guin\u00e9e Diversit\u00e9\"},\"image\":{\"@id\":\"https:\/\/guineediversite.com\/#\/schema\/logo\/image\/\"},\"sameAs\":[\"https:\/\/www.facebook.com\/guineediversite\/\",\"https:\/\/x.com\/GuineeDiversite\",\"https:\/\/www.youtube.com\/channel\/UC8sUY16qelG5ge6_D5SB83g\"]},{\"@type\":\"Person\",\"@id\":\"https:\/\/guineediversite.com\/#\/schema\/person\/afa08fb34e7fc6e1feafc892612bc836\",\"name\":\"Guin\u00e9e Diversit\u00e9\",\"image\":{\"@type\":\"ImageObject\",\"inLanguage\":\"fr-FR\",\"@id\":\"https:\/\/guineediversite.com\/#\/schema\/person\/image\/\",\"url\":\"https:\/\/secure.gravatar.com\/avatar\/50d5eb5b390f8b65ac30ac6f898eb83a?s=96&d=mm&r=g\",\"contentUrl\":\"https:\/\/secure.gravatar.com\/avatar\/50d5eb5b390f8b65ac30ac6f898eb83a?s=96&d=mm&r=g\",\"caption\":\"Guin\u00e9e Diversit\u00e9\"},\"url\":\"https:\/\/guineediversite.com\/index.php\/author\/guineediversite\/\"}]}<\/script>\n<!-- \/ Yoast SEO plugin. -->","yoast_head_json":{"title":"Vers la mise \u00e0 jour de la strat\u00e9gie nationale de la dette \u00e0 moyen terme | Guin\u00e9e Diversit\u00e9","robots":{"index":"index","follow":"follow","max-snippet":"max-snippet:-1","max-image-preview":"max-image-preview:large","max-video-preview":"max-video-preview:-1"},"canonical":"https:\/\/guineediversite.com\/index.php\/2018\/11\/05\/vers-la-mise-a-jour-de-la-strategie-nationale-de-la-dette-a-moyen-terme\/","og_locale":"fr_FR","og_type":"article","og_title":"Vers la mise \u00e0 jour de la strat\u00e9gie nationale de la dette \u00e0 moyen terme | Guin\u00e9e Diversit\u00e9","og_description":"Le ministre de l\u2019\u00e9conomie\u00a0et des Finances a proc\u00e9d\u00e9 ce lundi, au lancement officiel des travaux de l\u2019atelier\u00a0national pour la mise \u00e0 jour de la\u00a0strat\u00e9gie\u00a0de la\u00a0dette\u00a0\u00e0 Moyen Terme en R\u00e9publique de Guin\u00e9e. Avec la mise en \u0153uvre des m\u00e9canismes de ma\u00eetrise de la dette ext\u00e9rieure, le gouvernement guin\u00e9en, la Banque mondiale et le FMI collaborent \u00e9troitement [&hellip;]","og_url":"https:\/\/guineediversite.com\/index.php\/2018\/11\/05\/vers-la-mise-a-jour-de-la-strategie-nationale-de-la-dette-a-moyen-terme\/","og_site_name":"Guin\u00e9e Diversit\u00e9","article_publisher":"https:\/\/www.facebook.com\/guineediversite\/","article_published_time":"2018-11-05T15:46:35+00:00","og_image":[{"width":1500,"height":1000,"url":"https:\/\/guineediversite.com\/wp-content\/uploads\/2018\/11\/Atelier-de-renforcement-de-capacit\u00e9-des-agents-du-MEF-2.jpg","type":"image\/jpeg"}],"author":"Guin\u00e9e Diversit\u00e9","twitter_card":"summary_large_image","twitter_creator":"@GuineeDiversite","twitter_site":"@GuineeDiversite","twitter_misc":{"\u00c9crit par":"Guin\u00e9e Diversit\u00e9","Dur\u00e9e de lecture estim\u00e9e":"2 minutes"},"schema":{"@context":"https:\/\/schema.org","@graph":[{"@type":"Article","@id":"https:\/\/guineediversite.com\/index.php\/2018\/11\/05\/vers-la-mise-a-jour-de-la-strategie-nationale-de-la-dette-a-moyen-terme\/#article","isPartOf":{"@id":"https:\/\/guineediversite.com\/index.php\/2018\/11\/05\/vers-la-mise-a-jour-de-la-strategie-nationale-de-la-dette-a-moyen-terme\/"},"author":{"name":"Guin\u00e9e Diversit\u00e9","@id":"https:\/\/guineediversite.com\/#\/schema\/person\/afa08fb34e7fc6e1feafc892612bc836"},"headline":"Vers la mise \u00e0 jour de la strat\u00e9gie nationale de la dette \u00e0 moyen terme","datePublished":"2018-11-05T15:46:35+00:00","dateModified":"2018-11-05T15:46:35+00:00","mainEntityOfPage":{"@id":"https:\/\/guineediversite.com\/index.php\/2018\/11\/05\/vers-la-mise-a-jour-de-la-strategie-nationale-de-la-dette-a-moyen-terme\/"},"wordCount":490,"publisher":{"@id":"https:\/\/guineediversite.com\/#organization"},"image":{"@id":"https:\/\/guineediversite.com\/index.php\/2018\/11\/05\/vers-la-mise-a-jour-de-la-strategie-nationale-de-la-dette-a-moyen-terme\/#primaryimage"},"thumbnailUrl":"https:\/\/guineediversite.com\/wp-content\/uploads\/2018\/11\/Atelier-de-renforcement-de-capacit\u00e9-des-agents-du-MEF-2.jpg","inLanguage":"fr-FR"},{"@type":"WebPage","@id":"https:\/\/guineediversite.com\/index.php\/2018\/11\/05\/vers-la-mise-a-jour-de-la-strategie-nationale-de-la-dette-a-moyen-terme\/","url":"https:\/\/guineediversite.com\/index.php\/2018\/11\/05\/vers-la-mise-a-jour-de-la-strategie-nationale-de-la-dette-a-moyen-terme\/","name":"Vers la mise \u00e0 jour de la strat\u00e9gie nationale de la dette \u00e0 moyen terme | Guin\u00e9e Diversit\u00e9","isPartOf":{"@id":"https:\/\/guineediversite.com\/#website"},"primaryImageOfPage":{"@id":"https:\/\/guineediversite.com\/index.php\/2018\/11\/05\/vers-la-mise-a-jour-de-la-strategie-nationale-de-la-dette-a-moyen-terme\/#primaryimage"},"image":{"@id":"https:\/\/guineediversite.com\/index.php\/2018\/11\/05\/vers-la-mise-a-jour-de-la-strategie-nationale-de-la-dette-a-moyen-terme\/#primaryimage"},"thumbnailUrl":"https:\/\/guineediversite.com\/wp-content\/uploads\/2018\/11\/Atelier-de-renforcement-de-capacit\u00e9-des-agents-du-MEF-2.jpg","datePublished":"2018-11-05T15:46:35+00:00","dateModified":"2018-11-05T15:46:35+00:00","breadcrumb":{"@id":"https:\/\/guineediversite.com\/index.php\/2018\/11\/05\/vers-la-mise-a-jour-de-la-strategie-nationale-de-la-dette-a-moyen-terme\/#breadcrumb"},"inLanguage":"fr-FR","potentialAction":[{"@type":"ReadAction","target":["https:\/\/guineediversite.com\/index.php\/2018\/11\/05\/vers-la-mise-a-jour-de-la-strategie-nationale-de-la-dette-a-moyen-terme\/"]}]},{"@type":"ImageObject","inLanguage":"fr-FR","@id":"https:\/\/guineediversite.com\/index.php\/2018\/11\/05\/vers-la-mise-a-jour-de-la-strategie-nationale-de-la-dette-a-moyen-terme\/#primaryimage","url":"https:\/\/guineediversite.com\/wp-content\/uploads\/2018\/11\/Atelier-de-renforcement-de-capacit\u00e9-des-agents-du-MEF-2.jpg","contentUrl":"https:\/\/guineediversite.com\/wp-content\/uploads\/2018\/11\/Atelier-de-renforcement-de-capacit\u00e9-des-agents-du-MEF-2.jpg","width":1500,"height":1000},{"@type":"BreadcrumbList","@id":"https:\/\/guineediversite.com\/index.php\/2018\/11\/05\/vers-la-mise-a-jour-de-la-strategie-nationale-de-la-dette-a-moyen-terme\/#breadcrumb","itemListElement":[{"@type":"ListItem","position":1,"name":"Accueil","item":"https:\/\/guineediversite.com\/"},{"@type":"ListItem","position":2,"name":"Vers la mise \u00e0 jour de la strat\u00e9gie nationale de la dette \u00e0 moyen terme"}]},{"@type":"WebSite","@id":"https:\/\/guineediversite.com\/#website","url":"https:\/\/guineediversite.com\/","name":"Guin\u00e9e Diversit\u00e9","description":"L&#039;Info dans toute sa diversit\u00e9","publisher":{"@id":"https:\/\/guineediversite.com\/#organization"},"potentialAction":[{"@type":"SearchAction","target":{"@type":"EntryPoint","urlTemplate":"https:\/\/guineediversite.com\/?s={search_term_string}"},"query-input":{"@type":"PropertyValueSpecification","valueRequired":true,"valueName":"search_term_string"}}],"inLanguage":"fr-FR"},{"@type":"Organization","@id":"https:\/\/guineediversite.com\/#organization","name":"Guin\u00e9e Diversit\u00e9","url":"https:\/\/guineediversite.com\/","logo":{"@type":"ImageObject","inLanguage":"fr-FR","@id":"https:\/\/guineediversite.com\/#\/schema\/logo\/image\/","url":"https:\/\/guineediversite.com\/wp-content\/uploads\/2017\/04\/cropped-1jojlxEOMkX9Wyqfhe43D6kjPOGqBBKmx3EwWJqZ0cMrFF54yM49.png","contentUrl":"https:\/\/guineediversite.com\/wp-content\/uploads\/2017\/04\/cropped-1jojlxEOMkX9Wyqfhe43D6kjPOGqBBKmx3EwWJqZ0cMrFF54yM49.png","width":186,"height":112,"caption":"Guin\u00e9e Diversit\u00e9"},"image":{"@id":"https:\/\/guineediversite.com\/#\/schema\/logo\/image\/"},"sameAs":["https:\/\/www.facebook.com\/guineediversite\/","https:\/\/x.com\/GuineeDiversite","https:\/\/www.youtube.com\/channel\/UC8sUY16qelG5ge6_D5SB83g"]},{"@type":"Person","@id":"https:\/\/guineediversite.com\/#\/schema\/person\/afa08fb34e7fc6e1feafc892612bc836","name":"Guin\u00e9e Diversit\u00e9","image":{"@type":"ImageObject","inLanguage":"fr-FR","@id":"https:\/\/guineediversite.com\/#\/schema\/person\/image\/","url":"https:\/\/secure.gravatar.com\/avatar\/50d5eb5b390f8b65ac30ac6f898eb83a?s=96&d=mm&r=g","contentUrl":"https:\/\/secure.gravatar.com\/avatar\/50d5eb5b390f8b65ac30ac6f898eb83a?s=96&d=mm&r=g","caption":"Guin\u00e9e Diversit\u00e9"},"url":"https:\/\/guineediversite.com\/index.php\/author\/guineediversite\/"}]}},"_links":{"self":[{"href":"https:\/\/guineediversite.com\/index.php\/wp-json\/wp\/v2\/posts\/27177"}],"collection":[{"href":"https:\/\/guineediversite.com\/index.php\/wp-json\/wp\/v2\/posts"}],"about":[{"href":"https:\/\/guineediversite.com\/index.php\/wp-json\/wp\/v2\/types\/post"}],"author":[{"embeddable":true,"href":"https:\/\/guineediversite.com\/index.php\/wp-json\/wp\/v2\/users\/12"}],"replies":[{"embeddable":true,"href":"https:\/\/guineediversite.com\/index.php\/wp-json\/wp\/v2\/comments?post=27177"}],"version-history":[{"count":0,"href":"https:\/\/guineediversite.com\/index.php\/wp-json\/wp\/v2\/posts\/27177\/revisions"}],"wp:featuredmedia":[{"embeddable":true,"href":"https:\/\/guineediversite.com\/index.php\/wp-json\/wp\/v2\/media\/27179"}],"wp:attachment":[{"href":"https:\/\/guineediversite.com\/index.php\/wp-json\/wp\/v2\/media?parent=27177"}],"wp:term":[{"taxonomy":"category","embeddable":true,"href":"https:\/\/guineediversite.com\/index.php\/wp-json\/wp\/v2\/categories?post=27177"},{"taxonomy":"post_tag","embeddable":true,"href":"https:\/\/guineediversite.com\/index.php\/wp-json\/wp\/v2\/tags?post=27177"}],"curies":[{"name":"wp","href":"https:\/\/api.w.org\/{rel}","templated":true}]}}