{"id":27106,"date":"2018-11-01T20:21:16","date_gmt":"2018-11-01T19:21:16","guid":{"rendered":"https:\/\/guineediversite.com\/?p=27106"},"modified":"2018-11-01T20:21:16","modified_gmt":"2018-11-01T19:21:16","slug":"algerie-des-journalistes-demandent-la-liberation-de-trois-de-leurs-confreres","status":"publish","type":"post","link":"https:\/\/guineediversite.com\/index.php\/2018\/11\/01\/algerie-des-journalistes-demandent-la-liberation-de-trois-de-leurs-confreres\/","title":{"rendered":"Alg\u00e9rie: des journalistes demandent la lib\u00e9ration de trois de leurs confr\u00e8res"},"content":{"rendered":"<p><strong>Reporter sans fronti\u00e8res a adress\u00e9 mercredi 31 octobre une lettre au pr\u00e9sident Abdelaziz Bouteflika. L&rsquo;organisation de d\u00e9fense des journalistes demande la lib\u00e9ration de trois journalistes arr\u00eat\u00e9s le 22 octobre dernier et inculp\u00e9s de diffamation. En Alg\u00e9rie, les membres du syndicat de la presse \u00e9lectronique se mobilisent et demandent la lib\u00e9ration de leurs confr\u00e8res.<\/strong><\/p>\n<p>Les trois journalistes sont incarc\u00e9r\u00e9s depuis une semaine. Hada Hamrouche, r\u00e9dactrice en chef du\u00a0<em>Huffington Post Alg\u00e9rie<\/em>, s&rsquo;inqui\u00e8te du fait que la justice ne reconnaisse pas le statut de ces journalistes qui travaillent pour des m\u00e9dias \u00e9lectroniques.<\/p>\n<p>\u00ab\u00a0<em>C\u2019est des journalistes et le d\u00e9lit de presse a \u00e9t\u00e9 l\u00e9galement d\u00e9p\u00e9nalis\u00e9 par la loi de l\u2019information de 2012. Moi, je n\u2019arrive pas \u00e0 croire que pour un d\u00e9lit de presse on puisse passer des nuits enti\u00e8res en prison. C\u2019est impensable pour une presse qui se dit libre et ind\u00e9pendante.<\/em>\u00a0\u00bb<\/p>\n<p>En une semaine, aucune communication officielle. Mais la t\u00e9l\u00e9vision priv\u00e9e Ennahar a diffus\u00e9 des images des journalistes, \u00e0 leur sortie du commissariat, menott\u00e9s et encadr\u00e9s par les forces de l&rsquo;ordre.<\/p>\n<p>Idir Tazerout, journaliste pour<em>\u00a0La Voix d&rsquo;Alg\u00e9rie<\/em>, y voit une mani\u00e8re d&rsquo;influencer l&rsquo;opinion publique. \u00ab\u00a0<em>M\u00eame l\u2019Etat passe par une cha\u00eene de t\u00e9l\u00e9vision qui se repr\u00e9sente comme \u00e9tant le canal officiel de l\u2019Etat alg\u00e9rien. Comment un journal comme Ennahar peut se permettre de les filmer comme \u00e7a, menott\u00e9s comme des malfrats\u00a0? L\u2019autorit\u00e9 de r\u00e9gulation n\u2019existe pas<\/em>\u00a0<em>!<\/em>\u00a0\u00bb<\/p>\n<p>Apr\u00e8s le communiqu\u00e9 du syndicat de la presse \u00e9lectronique, ce mercredi, ce sont les journalistes de la ville de Ouargla qui se sont rassembl\u00e9s pour demander la lib\u00e9ration des trois hommes incarc\u00e9r\u00e9s. L&rsquo;audience est pr\u00e9vue le 8 novembre.<\/p>\n<p>Par ailleurs, un autre journaliste, Said Chitour, incarc\u00e9r\u00e9 en d\u00e9tention provisoire depuis un an et demi, a \u00e9t\u00e9 \u00e9vacu\u00e9 en urgence \u00e0 l&rsquo;h\u00f4pital mardi. Il souffre, selon sa famille, d&rsquo;une tumeur au cerveau.<\/p>\n<p>RFI<\/p>\n","protected":false},"excerpt":{"rendered":"<p>Reporter sans fronti\u00e8res a adress\u00e9 mercredi 31 octobre une lettre au pr\u00e9sident Abdelaziz Bouteflika. L&rsquo;organisation de d\u00e9fense des journalistes demande la lib\u00e9ration de trois journalistes arr\u00eat\u00e9s le 22 octobre dernier et inculp\u00e9s de diffamation. En Alg\u00e9rie, les membres du syndicat de la presse \u00e9lectronique se mobilisent et demandent la lib\u00e9ration de leurs confr\u00e8res. Les trois [&hellip;]<\/p>\n","protected":false},"author":12,"featured_media":27107,"comment_status":"closed","ping_status":"closed","sticky":false,"template":"","format":"standard","meta":{"_exactmetrics_skip_tracking":false,"_exactmetrics_sitenote_active":false,"_exactmetrics_sitenote_note":"","_exactmetrics_sitenote_category":0,"tdm_status":"","tdm_grid_status":"","footnotes":""},"categories":[21],"tags":[],"class_list":{"0":"post-27106","1":"post","2":"type-post","3":"status-publish","4":"format-standard","5":"has-post-thumbnail","7":"category-international"},"yoast_head":"<!-- This site is optimized with the Yoast SEO plugin v24.2 - https:\/\/yoast.com\/wordpress\/plugins\/seo\/ -->\n<title>Alg\u00e9rie: des journalistes demandent la lib\u00e9ration de trois de leurs confr\u00e8res | Guin\u00e9e Diversit\u00e9<\/title>\n<meta name=\"robots\" content=\"index, follow, max-snippet:-1, max-image-preview:large, max-video-preview:-1\" \/>\n<link rel=\"canonical\" href=\"https:\/\/guineediversite.com\/index.php\/2018\/11\/01\/algerie-des-journalistes-demandent-la-liberation-de-trois-de-leurs-confreres\/\" \/>\n<meta property=\"og:locale\" content=\"fr_FR\" \/>\n<meta property=\"og:type\" content=\"article\" \/>\n<meta property=\"og:title\" content=\"Alg\u00e9rie: des journalistes demandent la lib\u00e9ration de trois de leurs confr\u00e8res | Guin\u00e9e Diversit\u00e9\" \/>\n<meta property=\"og:description\" content=\"Reporter sans fronti\u00e8res a adress\u00e9 mercredi 31 octobre une lettre au pr\u00e9sident Abdelaziz Bouteflika. L&rsquo;organisation de d\u00e9fense des journalistes demande la lib\u00e9ration de trois journalistes arr\u00eat\u00e9s le 22 octobre dernier et inculp\u00e9s de diffamation. En Alg\u00e9rie, les membres du syndicat de la presse \u00e9lectronique se mobilisent et demandent la lib\u00e9ration de leurs confr\u00e8res. Les trois [&hellip;]\" \/>\n<meta property=\"og:url\" content=\"https:\/\/guineediversite.com\/index.php\/2018\/11\/01\/algerie-des-journalistes-demandent-la-liberation-de-trois-de-leurs-confreres\/\" \/>\n<meta property=\"og:site_name\" content=\"Guin\u00e9e Diversit\u00e9\" \/>\n<meta property=\"article:publisher\" content=\"https:\/\/www.facebook.com\/guineediversite\/\" \/>\n<meta property=\"article:published_time\" content=\"2018-11-01T19:21:16+00:00\" \/>\n<meta property=\"og:image\" content=\"https:\/\/guineediversite.com\/wp-content\/uploads\/2018\/11\/000_Nic6461601_1_0.jpg\" \/>\n\t<meta property=\"og:image:width\" content=\"1024\" \/>\n\t<meta property=\"og:image:height\" content=\"578\" \/>\n\t<meta property=\"og:image:type\" content=\"image\/jpeg\" \/>\n<meta name=\"author\" content=\"Guin\u00e9e Diversit\u00e9\" \/>\n<meta name=\"twitter:card\" content=\"summary_large_image\" \/>\n<meta name=\"twitter:creator\" content=\"@GuineeDiversite\" \/>\n<meta name=\"twitter:site\" content=\"@GuineeDiversite\" \/>\n<meta name=\"twitter:label1\" content=\"\u00c9crit par\" \/>\n\t<meta name=\"twitter:data1\" content=\"Guin\u00e9e Diversit\u00e9\" \/>\n\t<meta name=\"twitter:label2\" content=\"Dur\u00e9e de lecture estim\u00e9e\" \/>\n\t<meta name=\"twitter:data2\" content=\"2 minutes\" \/>\n<script type=\"application\/ld+json\" class=\"yoast-schema-graph\">{\"@context\":\"https:\/\/schema.org\",\"@graph\":[{\"@type\":\"Article\",\"@id\":\"https:\/\/guineediversite.com\/index.php\/2018\/11\/01\/algerie-des-journalistes-demandent-la-liberation-de-trois-de-leurs-confreres\/#article\",\"isPartOf\":{\"@id\":\"https:\/\/guineediversite.com\/index.php\/2018\/11\/01\/algerie-des-journalistes-demandent-la-liberation-de-trois-de-leurs-confreres\/\"},\"author\":{\"name\":\"Guin\u00e9e Diversit\u00e9\",\"@id\":\"https:\/\/guineediversite.com\/#\/schema\/person\/afa08fb34e7fc6e1feafc892612bc836\"},\"headline\":\"Alg\u00e9rie: des journalistes demandent la lib\u00e9ration de trois de leurs confr\u00e8res\",\"datePublished\":\"2018-11-01T19:21:16+00:00\",\"dateModified\":\"2018-11-01T19:21:16+00:00\",\"mainEntityOfPage\":{\"@id\":\"https:\/\/guineediversite.com\/index.php\/2018\/11\/01\/algerie-des-journalistes-demandent-la-liberation-de-trois-de-leurs-confreres\/\"},\"wordCount\":368,\"publisher\":{\"@id\":\"https:\/\/guineediversite.com\/#organization\"},\"image\":{\"@id\":\"https:\/\/guineediversite.com\/index.php\/2018\/11\/01\/algerie-des-journalistes-demandent-la-liberation-de-trois-de-leurs-confreres\/#primaryimage\"},\"thumbnailUrl\":\"https:\/\/guineediversite.com\/wp-content\/uploads\/2018\/11\/000_Nic6461601_1_0.jpg\",\"articleSection\":[\"International\"],\"inLanguage\":\"fr-FR\"},{\"@type\":\"WebPage\",\"@id\":\"https:\/\/guineediversite.com\/index.php\/2018\/11\/01\/algerie-des-journalistes-demandent-la-liberation-de-trois-de-leurs-confreres\/\",\"url\":\"https:\/\/guineediversite.com\/index.php\/2018\/11\/01\/algerie-des-journalistes-demandent-la-liberation-de-trois-de-leurs-confreres\/\",\"name\":\"Alg\u00e9rie: des journalistes demandent la lib\u00e9ration de trois de leurs confr\u00e8res | Guin\u00e9e Diversit\u00e9\",\"isPartOf\":{\"@id\":\"https:\/\/guineediversite.com\/#website\"},\"primaryImageOfPage\":{\"@id\":\"https:\/\/guineediversite.com\/index.php\/2018\/11\/01\/algerie-des-journalistes-demandent-la-liberation-de-trois-de-leurs-confreres\/#primaryimage\"},\"image\":{\"@id\":\"https:\/\/guineediversite.com\/index.php\/2018\/11\/01\/algerie-des-journalistes-demandent-la-liberation-de-trois-de-leurs-confreres\/#primaryimage\"},\"thumbnailUrl\":\"https:\/\/guineediversite.com\/wp-content\/uploads\/2018\/11\/000_Nic6461601_1_0.jpg\",\"datePublished\":\"2018-11-01T19:21:16+00:00\",\"dateModified\":\"2018-11-01T19:21:16+00:00\",\"breadcrumb\":{\"@id\":\"https:\/\/guineediversite.com\/index.php\/2018\/11\/01\/algerie-des-journalistes-demandent-la-liberation-de-trois-de-leurs-confreres\/#breadcrumb\"},\"inLanguage\":\"fr-FR\",\"potentialAction\":[{\"@type\":\"ReadAction\",\"target\":[\"https:\/\/guineediversite.com\/index.php\/2018\/11\/01\/algerie-des-journalistes-demandent-la-liberation-de-trois-de-leurs-confreres\/\"]}]},{\"@type\":\"ImageObject\",\"inLanguage\":\"fr-FR\",\"@id\":\"https:\/\/guineediversite.com\/index.php\/2018\/11\/01\/algerie-des-journalistes-demandent-la-liberation-de-trois-de-leurs-confreres\/#primaryimage\",\"url\":\"https:\/\/guineediversite.com\/wp-content\/uploads\/2018\/11\/000_Nic6461601_1_0.jpg\",\"contentUrl\":\"https:\/\/guineediversite.com\/wp-content\/uploads\/2018\/11\/000_Nic6461601_1_0.jpg\",\"width\":1024,\"height\":578},{\"@type\":\"BreadcrumbList\",\"@id\":\"https:\/\/guineediversite.com\/index.php\/2018\/11\/01\/algerie-des-journalistes-demandent-la-liberation-de-trois-de-leurs-confreres\/#breadcrumb\",\"itemListElement\":[{\"@type\":\"ListItem\",\"position\":1,\"name\":\"Accueil\",\"item\":\"https:\/\/guineediversite.com\/\"},{\"@type\":\"ListItem\",\"position\":2,\"name\":\"Alg\u00e9rie: des journalistes demandent la lib\u00e9ration de trois de leurs confr\u00e8res\"}]},{\"@type\":\"WebSite\",\"@id\":\"https:\/\/guineediversite.com\/#website\",\"url\":\"https:\/\/guineediversite.com\/\",\"name\":\"Guin\u00e9e Diversit\u00e9\",\"description\":\"L&#039;Info dans toute sa diversit\u00e9\",\"publisher\":{\"@id\":\"https:\/\/guineediversite.com\/#organization\"},\"potentialAction\":[{\"@type\":\"SearchAction\",\"target\":{\"@type\":\"EntryPoint\",\"urlTemplate\":\"https:\/\/guineediversite.com\/?s={search_term_string}\"},\"query-input\":{\"@type\":\"PropertyValueSpecification\",\"valueRequired\":true,\"valueName\":\"search_term_string\"}}],\"inLanguage\":\"fr-FR\"},{\"@type\":\"Organization\",\"@id\":\"https:\/\/guineediversite.com\/#organization\",\"name\":\"Guin\u00e9e Diversit\u00e9\",\"url\":\"https:\/\/guineediversite.com\/\",\"logo\":{\"@type\":\"ImageObject\",\"inLanguage\":\"fr-FR\",\"@id\":\"https:\/\/guineediversite.com\/#\/schema\/logo\/image\/\",\"url\":\"https:\/\/guineediversite.com\/wp-content\/uploads\/2017\/04\/cropped-1jojlxEOMkX9Wyqfhe43D6kjPOGqBBKmx3EwWJqZ0cMrFF54yM49.png\",\"contentUrl\":\"https:\/\/guineediversite.com\/wp-content\/uploads\/2017\/04\/cropped-1jojlxEOMkX9Wyqfhe43D6kjPOGqBBKmx3EwWJqZ0cMrFF54yM49.png\",\"width\":186,\"height\":112,\"caption\":\"Guin\u00e9e Diversit\u00e9\"},\"image\":{\"@id\":\"https:\/\/guineediversite.com\/#\/schema\/logo\/image\/\"},\"sameAs\":[\"https:\/\/www.facebook.com\/guineediversite\/\",\"https:\/\/x.com\/GuineeDiversite\",\"https:\/\/www.youtube.com\/channel\/UC8sUY16qelG5ge6_D5SB83g\"]},{\"@type\":\"Person\",\"@id\":\"https:\/\/guineediversite.com\/#\/schema\/person\/afa08fb34e7fc6e1feafc892612bc836\",\"name\":\"Guin\u00e9e Diversit\u00e9\",\"image\":{\"@type\":\"ImageObject\",\"inLanguage\":\"fr-FR\",\"@id\":\"https:\/\/guineediversite.com\/#\/schema\/person\/image\/\",\"url\":\"https:\/\/secure.gravatar.com\/avatar\/50d5eb5b390f8b65ac30ac6f898eb83a?s=96&d=mm&r=g\",\"contentUrl\":\"https:\/\/secure.gravatar.com\/avatar\/50d5eb5b390f8b65ac30ac6f898eb83a?s=96&d=mm&r=g\",\"caption\":\"Guin\u00e9e Diversit\u00e9\"},\"url\":\"https:\/\/guineediversite.com\/index.php\/author\/guineediversite\/\"}]}<\/script>\n<!-- \/ Yoast SEO plugin. -->","yoast_head_json":{"title":"Alg\u00e9rie: des journalistes demandent la lib\u00e9ration de trois de leurs confr\u00e8res | Guin\u00e9e Diversit\u00e9","robots":{"index":"index","follow":"follow","max-snippet":"max-snippet:-1","max-image-preview":"max-image-preview:large","max-video-preview":"max-video-preview:-1"},"canonical":"https:\/\/guineediversite.com\/index.php\/2018\/11\/01\/algerie-des-journalistes-demandent-la-liberation-de-trois-de-leurs-confreres\/","og_locale":"fr_FR","og_type":"article","og_title":"Alg\u00e9rie: des journalistes demandent la lib\u00e9ration de trois de leurs confr\u00e8res | Guin\u00e9e Diversit\u00e9","og_description":"Reporter sans fronti\u00e8res a adress\u00e9 mercredi 31 octobre une lettre au pr\u00e9sident Abdelaziz Bouteflika. L&rsquo;organisation de d\u00e9fense des journalistes demande la lib\u00e9ration de trois journalistes arr\u00eat\u00e9s le 22 octobre dernier et inculp\u00e9s de diffamation. En Alg\u00e9rie, les membres du syndicat de la presse \u00e9lectronique se mobilisent et demandent la lib\u00e9ration de leurs confr\u00e8res. Les trois [&hellip;]","og_url":"https:\/\/guineediversite.com\/index.php\/2018\/11\/01\/algerie-des-journalistes-demandent-la-liberation-de-trois-de-leurs-confreres\/","og_site_name":"Guin\u00e9e Diversit\u00e9","article_publisher":"https:\/\/www.facebook.com\/guineediversite\/","article_published_time":"2018-11-01T19:21:16+00:00","og_image":[{"width":1024,"height":578,"url":"https:\/\/guineediversite.com\/wp-content\/uploads\/2018\/11\/000_Nic6461601_1_0.jpg","type":"image\/jpeg"}],"author":"Guin\u00e9e Diversit\u00e9","twitter_card":"summary_large_image","twitter_creator":"@GuineeDiversite","twitter_site":"@GuineeDiversite","twitter_misc":{"\u00c9crit par":"Guin\u00e9e Diversit\u00e9","Dur\u00e9e de lecture estim\u00e9e":"2 minutes"},"schema":{"@context":"https:\/\/schema.org","@graph":[{"@type":"Article","@id":"https:\/\/guineediversite.com\/index.php\/2018\/11\/01\/algerie-des-journalistes-demandent-la-liberation-de-trois-de-leurs-confreres\/#article","isPartOf":{"@id":"https:\/\/guineediversite.com\/index.php\/2018\/11\/01\/algerie-des-journalistes-demandent-la-liberation-de-trois-de-leurs-confreres\/"},"author":{"name":"Guin\u00e9e Diversit\u00e9","@id":"https:\/\/guineediversite.com\/#\/schema\/person\/afa08fb34e7fc6e1feafc892612bc836"},"headline":"Alg\u00e9rie: des journalistes demandent la lib\u00e9ration de trois de leurs confr\u00e8res","datePublished":"2018-11-01T19:21:16+00:00","dateModified":"2018-11-01T19:21:16+00:00","mainEntityOfPage":{"@id":"https:\/\/guineediversite.com\/index.php\/2018\/11\/01\/algerie-des-journalistes-demandent-la-liberation-de-trois-de-leurs-confreres\/"},"wordCount":368,"publisher":{"@id":"https:\/\/guineediversite.com\/#organization"},"image":{"@id":"https:\/\/guineediversite.com\/index.php\/2018\/11\/01\/algerie-des-journalistes-demandent-la-liberation-de-trois-de-leurs-confreres\/#primaryimage"},"thumbnailUrl":"https:\/\/guineediversite.com\/wp-content\/uploads\/2018\/11\/000_Nic6461601_1_0.jpg","articleSection":["International"],"inLanguage":"fr-FR"},{"@type":"WebPage","@id":"https:\/\/guineediversite.com\/index.php\/2018\/11\/01\/algerie-des-journalistes-demandent-la-liberation-de-trois-de-leurs-confreres\/","url":"https:\/\/guineediversite.com\/index.php\/2018\/11\/01\/algerie-des-journalistes-demandent-la-liberation-de-trois-de-leurs-confreres\/","name":"Alg\u00e9rie: des journalistes demandent la lib\u00e9ration de trois de leurs confr\u00e8res | Guin\u00e9e Diversit\u00e9","isPartOf":{"@id":"https:\/\/guineediversite.com\/#website"},"primaryImageOfPage":{"@id":"https:\/\/guineediversite.com\/index.php\/2018\/11\/01\/algerie-des-journalistes-demandent-la-liberation-de-trois-de-leurs-confreres\/#primaryimage"},"image":{"@id":"https:\/\/guineediversite.com\/index.php\/2018\/11\/01\/algerie-des-journalistes-demandent-la-liberation-de-trois-de-leurs-confreres\/#primaryimage"},"thumbnailUrl":"https:\/\/guineediversite.com\/wp-content\/uploads\/2018\/11\/000_Nic6461601_1_0.jpg","datePublished":"2018-11-01T19:21:16+00:00","dateModified":"2018-11-01T19:21:16+00:00","breadcrumb":{"@id":"https:\/\/guineediversite.com\/index.php\/2018\/11\/01\/algerie-des-journalistes-demandent-la-liberation-de-trois-de-leurs-confreres\/#breadcrumb"},"inLanguage":"fr-FR","potentialAction":[{"@type":"ReadAction","target":["https:\/\/guineediversite.com\/index.php\/2018\/11\/01\/algerie-des-journalistes-demandent-la-liberation-de-trois-de-leurs-confreres\/"]}]},{"@type":"ImageObject","inLanguage":"fr-FR","@id":"https:\/\/guineediversite.com\/index.php\/2018\/11\/01\/algerie-des-journalistes-demandent-la-liberation-de-trois-de-leurs-confreres\/#primaryimage","url":"https:\/\/guineediversite.com\/wp-content\/uploads\/2018\/11\/000_Nic6461601_1_0.jpg","contentUrl":"https:\/\/guineediversite.com\/wp-content\/uploads\/2018\/11\/000_Nic6461601_1_0.jpg","width":1024,"height":578},{"@type":"BreadcrumbList","@id":"https:\/\/guineediversite.com\/index.php\/2018\/11\/01\/algerie-des-journalistes-demandent-la-liberation-de-trois-de-leurs-confreres\/#breadcrumb","itemListElement":[{"@type":"ListItem","position":1,"name":"Accueil","item":"https:\/\/guineediversite.com\/"},{"@type":"ListItem","position":2,"name":"Alg\u00e9rie: des journalistes demandent la lib\u00e9ration de trois de leurs confr\u00e8res"}]},{"@type":"WebSite","@id":"https:\/\/guineediversite.com\/#website","url":"https:\/\/guineediversite.com\/","name":"Guin\u00e9e Diversit\u00e9","description":"L&#039;Info dans toute sa diversit\u00e9","publisher":{"@id":"https:\/\/guineediversite.com\/#organization"},"potentialAction":[{"@type":"SearchAction","target":{"@type":"EntryPoint","urlTemplate":"https:\/\/guineediversite.com\/?s={search_term_string}"},"query-input":{"@type":"PropertyValueSpecification","valueRequired":true,"valueName":"search_term_string"}}],"inLanguage":"fr-FR"},{"@type":"Organization","@id":"https:\/\/guineediversite.com\/#organization","name":"Guin\u00e9e Diversit\u00e9","url":"https:\/\/guineediversite.com\/","logo":{"@type":"ImageObject","inLanguage":"fr-FR","@id":"https:\/\/guineediversite.com\/#\/schema\/logo\/image\/","url":"https:\/\/guineediversite.com\/wp-content\/uploads\/2017\/04\/cropped-1jojlxEOMkX9Wyqfhe43D6kjPOGqBBKmx3EwWJqZ0cMrFF54yM49.png","contentUrl":"https:\/\/guineediversite.com\/wp-content\/uploads\/2017\/04\/cropped-1jojlxEOMkX9Wyqfhe43D6kjPOGqBBKmx3EwWJqZ0cMrFF54yM49.png","width":186,"height":112,"caption":"Guin\u00e9e Diversit\u00e9"},"image":{"@id":"https:\/\/guineediversite.com\/#\/schema\/logo\/image\/"},"sameAs":["https:\/\/www.facebook.com\/guineediversite\/","https:\/\/x.com\/GuineeDiversite","https:\/\/www.youtube.com\/channel\/UC8sUY16qelG5ge6_D5SB83g"]},{"@type":"Person","@id":"https:\/\/guineediversite.com\/#\/schema\/person\/afa08fb34e7fc6e1feafc892612bc836","name":"Guin\u00e9e Diversit\u00e9","image":{"@type":"ImageObject","inLanguage":"fr-FR","@id":"https:\/\/guineediversite.com\/#\/schema\/person\/image\/","url":"https:\/\/secure.gravatar.com\/avatar\/50d5eb5b390f8b65ac30ac6f898eb83a?s=96&d=mm&r=g","contentUrl":"https:\/\/secure.gravatar.com\/avatar\/50d5eb5b390f8b65ac30ac6f898eb83a?s=96&d=mm&r=g","caption":"Guin\u00e9e Diversit\u00e9"},"url":"https:\/\/guineediversite.com\/index.php\/author\/guineediversite\/"}]}},"_links":{"self":[{"href":"https:\/\/guineediversite.com\/index.php\/wp-json\/wp\/v2\/posts\/27106"}],"collection":[{"href":"https:\/\/guineediversite.com\/index.php\/wp-json\/wp\/v2\/posts"}],"about":[{"href":"https:\/\/guineediversite.com\/index.php\/wp-json\/wp\/v2\/types\/post"}],"author":[{"embeddable":true,"href":"https:\/\/guineediversite.com\/index.php\/wp-json\/wp\/v2\/users\/12"}],"replies":[{"embeddable":true,"href":"https:\/\/guineediversite.com\/index.php\/wp-json\/wp\/v2\/comments?post=27106"}],"version-history":[{"count":0,"href":"https:\/\/guineediversite.com\/index.php\/wp-json\/wp\/v2\/posts\/27106\/revisions"}],"wp:featuredmedia":[{"embeddable":true,"href":"https:\/\/guineediversite.com\/index.php\/wp-json\/wp\/v2\/media\/27107"}],"wp:attachment":[{"href":"https:\/\/guineediversite.com\/index.php\/wp-json\/wp\/v2\/media?parent=27106"}],"wp:term":[{"taxonomy":"category","embeddable":true,"href":"https:\/\/guineediversite.com\/index.php\/wp-json\/wp\/v2\/categories?post=27106"},{"taxonomy":"post_tag","embeddable":true,"href":"https:\/\/guineediversite.com\/index.php\/wp-json\/wp\/v2\/tags?post=27106"}],"curies":[{"name":"wp","href":"https:\/\/api.w.org\/{rel}","templated":true}]}}