{"id":27103,"date":"2018-11-01T20:15:05","date_gmt":"2018-11-01T19:15:05","guid":{"rendered":"https:\/\/guineediversite.com\/?p=27103"},"modified":"2018-11-01T20:15:05","modified_gmt":"2018-11-01T19:15:05","slug":"cote-divoire-une-inculpation-suite-a-des-violences-post-electorales-a-grand-bassam","status":"publish","type":"post","link":"https:\/\/guineediversite.com\/index.php\/2018\/11\/01\/cote-divoire-une-inculpation-suite-a-des-violences-post-electorales-a-grand-bassam\/","title":{"rendered":"C\u00f4te d\u2019Ivoire : une inculpation suite \u00e0 des violences post-\u00e9lectorales \u00e0 Grand-Bassam"},"content":{"rendered":"<p><strong>La justice ivoirienne a proc\u00e9d\u00e9 \u00e0 l\u2019inculpation, le 31 octobre, d\u2019Adama Kamagat\u00e9, directeur de campagne adjoint du maire sortant de Grand-Bassam (PDCI), qui conteste l\u2019\u00e9lection \u00e0 la mairie, de son rival du RHDP.<\/strong><\/p>\n<p>Plusieurs chefs d\u2019accusation de troubles \u00e0 l\u2019ordre public, de vol, meurtre, pillage, incendie, de s\u00e9questration et de destruction volontaire de biens d\u2019autrui et de biens physiques, ont \u00e9t\u00e9 retenus, le 31 octobre, contre Adama Kamagat\u00e9. Cet enseignant de lyc\u00e9e, arr\u00eat\u00e9, la veille \u00e0 son domicile, et conduit sous forte escorte, \u00e0 la pr\u00e9fecture de police d\u2019Abidjan, \u00e9tait le\u00a0<a href=\"https:\/\/www.jeuneafrique.com\/652124\/politique\/elections-locales-en-cote-divoire-a-grand-bassam-la-tension-nest-pas-retombee\/\">directeur de campagne adjoint de Georges Philippe Ezaley, le maire sortant de Grand-Bassam (dans le sud d\u2019Abidjan),<\/a>\u00a0affili\u00e9 au\u00a0PDCI d\u2019Henri Konan B\u00e9di\u00e9.<\/p>\n<p>Pour Me Gohor\u00e9 Emile Suy Bi, avocat du PDCI, l\u2019inculpation de son client, qui a pass\u00e9 sa premi\u00e8re nuit \u00e0 la Maison d\u2019arr\u00eat et de correction d\u2019Abidjan (Maca) est politique. \u00ab\u00a0Le juge reproche \u00e0 notre client d\u2019avoir jet\u00e9 des pierres et d\u2019avoir hu\u00e9 le vice-pr\u00e9sident Daniel Kablan Duncan, le roi (des N\u2019Zima, sa majest\u00e9 D\u00e9sir\u00e9 Tano\u00e9) et la gouverneure g\u00e9n\u00e9rale du Canada, Julie Payette, lors de sa derni\u00e8re visite officielle \u00e0 Grand-Bassam \u00bb.<\/p>\n<p><strong>\u00ab Pas sur les lieux \u00bb<\/strong><\/p>\n<p>Le dimanche 28 octobre, une cinquantaine de supporteurs du maire d\u00e9clar\u00e9 perdant par la Commission \u00e9lectorale ind\u00e9pendante \u2013 au profit de Jean Louis Moulot, du RHDP \u2013 avaient organis\u00e9 une bruyante manifestation devant le palais royal de D\u00e9sir\u00e9 Tano\u00e9, qui recevait la visite de la gouverneure g\u00e9n\u00e9rale du Canada. Cette manifestation diversement appr\u00e9ci\u00e9e en C\u00f4te d\u2019Ivoire faisait partie d\u2019une s\u00e9rie d\u2019actions publiques organis\u00e9es par des proches d\u2019Ezaley qui a lui-m\u00eame \u00e9t\u00e9 entendu, durant plusieurs heures, par la police.<\/p>\n<p>\u00ab Sur tous ces faits qui lui sont reproch\u00e9s, notre client a indiqu\u00e9 qu\u2019il n\u2019\u00e9tait pas sur les lieux, lorsque ces \u00e9v\u00e9nements se d\u00e9roulaient et donc qu\u2019il n\u2019\u00e9tait pas impliqu\u00e9. En un mot, il a ni\u00e9 tous les faits qui lui sont reproch\u00e9s \u00bb, soutient Me Suy Bi. Le PDCI compte d\u00e9poser un recours en vue de la lib\u00e9ration de Kamagat\u00e9 et l\u2019abandon des charges.<\/p>\n<p><a href=\"https:\/\/www.jeuneafrique.com\/646584\/politique\/cote-divoire-violences-et-contestations-apres-la-proclamation-de-resultats-provisoires\/\">Grand-Bassam est devenu le symbole des violences pendant et apr\u00e8s les \u00e9lections locales<\/a>\u00a0du 13 octobre, qui ont \u00e9clat\u00e9 dans plusieurs villes du pays et ont caus\u00e9 la mort de cinq personnes. Au c\u0153ur de la contestation\u00a0:\u00a0<a href=\"https:\/\/www.jeuneafrique.com\/647043\/politique\/cote-divoire-les-resultats-definitifs-consacrent-la-victoire-du-rhdp\/\">des chiffres proclam\u00e9s par la commission centrale<\/a>pr\u00e9sid\u00e9e par Youssouf Bakayoko et non reconnus par le camp du maire sortant.<\/p>\n<p><strong>Une centaine de recours en annulation<\/strong><\/p>\n<p>Dans un rapport publi\u00e9 quelques jours apr\u00e8s les \u00e9lections, Actions pour la promotion des droits de l\u2019homme (APDH) a point\u00e9 la responsabilit\u00e9 directe de la CEI, dans de nombreuses irr\u00e9gularit\u00e9s. \u00ab\u00a0Ces \u00e9lections ont fait appara\u00eetre, dans certaines circonscriptions, plusieurs cas de fraudes ou tentatives de fraudes notamment le bourrage d\u2019urnes, la falsification des proc\u00e8s-verbaux, l\u2019inversion des r\u00e9sultats\u00a0\u00bb, a d\u00e9nonc\u00e9 l\u2019ONG \u00e0 l\u2019origine d\u2019une plainte contre l\u2019\u00c9tat de C\u00f4te d\u2019Ivoire aupr\u00e8s de la Cour africaine des droits de l\u2019homme et des peuples (CADHP).<\/p>\n<p><a href=\"https:\/\/www.jeuneafrique.com\/656042\/politique\/cote-divoire-le-pdci-reclame-une-reforme-en-profondeur-de-la-commission-electorale\/\">La r\u00e9forme de la CEI est r\u00e9clam\u00e9e par l\u2019opposition et par le PDCI.<\/a>D\u00e9but ao\u00fbt, le pr\u00e9sident Alassane Ouattara avait conc\u00e9d\u00e9 sa recomposition, comme le recommandait la CADHP. Les n\u00e9gociations avec les acteurs politiques devraient \u00eatre entam\u00e9es sur cette r\u00e9forme sensible, dans la perspective de la pr\u00e9sidentielle de 2020, apr\u00e8s le verdict final de la chambre administrative de la cour supr\u00eame qui devrait statuer sur une centaine de recours en annulation, d\u00e9pos\u00e9s par des candidats.<\/p>\n<p>JA<\/p>\n<p>&nbsp;<\/p>\n","protected":false},"excerpt":{"rendered":"<p>La justice ivoirienne a proc\u00e9d\u00e9 \u00e0 l\u2019inculpation, le 31 octobre, d\u2019Adama Kamagat\u00e9, directeur de campagne adjoint du maire sortant de Grand-Bassam (PDCI), qui conteste l\u2019\u00e9lection \u00e0 la mairie, de son rival du RHDP. Plusieurs chefs d\u2019accusation de troubles \u00e0 l\u2019ordre public, de vol, meurtre, pillage, incendie, de s\u00e9questration et de destruction volontaire de biens d\u2019autrui [&hellip;]<\/p>\n","protected":false},"author":12,"featured_media":27104,"comment_status":"closed","ping_status":"closed","sticky":false,"template":"","format":"standard","meta":{"_exactmetrics_skip_tracking":false,"_exactmetrics_sitenote_active":false,"_exactmetrics_sitenote_note":"","_exactmetrics_sitenote_category":0,"tdm_status":"","tdm_grid_status":"","footnotes":""},"categories":[21],"tags":[],"class_list":{"0":"post-27103","1":"post","2":"type-post","3":"status-publish","4":"format-standard","5":"has-post-thumbnail","7":"category-international"},"yoast_head":"<!-- This site is optimized with the Yoast SEO plugin v24.2 - https:\/\/yoast.com\/wordpress\/plugins\/seo\/ -->\n<title>C\u00f4te d\u2019Ivoire : une inculpation suite \u00e0 des violences post-\u00e9lectorales \u00e0 Grand-Bassam | Guin\u00e9e Diversit\u00e9<\/title>\n<meta name=\"robots\" content=\"index, follow, max-snippet:-1, max-image-preview:large, max-video-preview:-1\" \/>\n<link rel=\"canonical\" href=\"https:\/\/guineediversite.com\/index.php\/2018\/11\/01\/cote-divoire-une-inculpation-suite-a-des-violences-post-electorales-a-grand-bassam\/\" \/>\n<meta property=\"og:locale\" content=\"fr_FR\" \/>\n<meta property=\"og:type\" content=\"article\" \/>\n<meta property=\"og:title\" content=\"C\u00f4te d\u2019Ivoire : une inculpation suite \u00e0 des violences post-\u00e9lectorales \u00e0 Grand-Bassam | Guin\u00e9e Diversit\u00e9\" \/>\n<meta property=\"og:description\" content=\"La justice ivoirienne a proc\u00e9d\u00e9 \u00e0 l\u2019inculpation, le 31 octobre, d\u2019Adama Kamagat\u00e9, directeur de campagne adjoint du maire sortant de Grand-Bassam (PDCI), qui conteste l\u2019\u00e9lection \u00e0 la mairie, de son rival du RHDP. Plusieurs chefs d\u2019accusation de troubles \u00e0 l\u2019ordre public, de vol, meurtre, pillage, incendie, de s\u00e9questration et de destruction volontaire de biens d\u2019autrui [&hellip;]\" \/>\n<meta property=\"og:url\" content=\"https:\/\/guineediversite.com\/index.php\/2018\/11\/01\/cote-divoire-une-inculpation-suite-a-des-violences-post-electorales-a-grand-bassam\/\" \/>\n<meta property=\"og:site_name\" content=\"Guin\u00e9e Diversit\u00e9\" \/>\n<meta property=\"article:publisher\" content=\"https:\/\/www.facebook.com\/guineediversite\/\" \/>\n<meta property=\"article:published_time\" content=\"2018-11-01T19:15:05+00:00\" \/>\n<meta property=\"og:image\" content=\"https:\/\/guineediversite.com\/wp-content\/uploads\/2018\/11\/nz14100113410307-592x296.jpg\" \/>\n\t<meta property=\"og:image:width\" content=\"1900\" \/>\n\t<meta property=\"og:image:height\" content=\"950\" \/>\n\t<meta property=\"og:image:type\" content=\"image\/jpeg\" \/>\n<meta name=\"author\" content=\"Guin\u00e9e Diversit\u00e9\" \/>\n<meta name=\"twitter:card\" content=\"summary_large_image\" \/>\n<meta name=\"twitter:creator\" content=\"@GuineeDiversite\" \/>\n<meta name=\"twitter:site\" content=\"@GuineeDiversite\" \/>\n<meta name=\"twitter:label1\" content=\"\u00c9crit par\" \/>\n\t<meta name=\"twitter:data1\" content=\"Guin\u00e9e Diversit\u00e9\" \/>\n\t<meta name=\"twitter:label2\" content=\"Dur\u00e9e de lecture estim\u00e9e\" \/>\n\t<meta name=\"twitter:data2\" content=\"3 minutes\" \/>\n<script type=\"application\/ld+json\" class=\"yoast-schema-graph\">{\"@context\":\"https:\/\/schema.org\",\"@graph\":[{\"@type\":\"Article\",\"@id\":\"https:\/\/guineediversite.com\/index.php\/2018\/11\/01\/cote-divoire-une-inculpation-suite-a-des-violences-post-electorales-a-grand-bassam\/#article\",\"isPartOf\":{\"@id\":\"https:\/\/guineediversite.com\/index.php\/2018\/11\/01\/cote-divoire-une-inculpation-suite-a-des-violences-post-electorales-a-grand-bassam\/\"},\"author\":{\"name\":\"Guin\u00e9e Diversit\u00e9\",\"@id\":\"https:\/\/guineediversite.com\/#\/schema\/person\/afa08fb34e7fc6e1feafc892612bc836\"},\"headline\":\"C\u00f4te d\u2019Ivoire : une inculpation suite \u00e0 des violences post-\u00e9lectorales \u00e0 Grand-Bassam\",\"datePublished\":\"2018-11-01T19:15:05+00:00\",\"dateModified\":\"2018-11-01T19:15:05+00:00\",\"mainEntityOfPage\":{\"@id\":\"https:\/\/guineediversite.com\/index.php\/2018\/11\/01\/cote-divoire-une-inculpation-suite-a-des-violences-post-electorales-a-grand-bassam\/\"},\"wordCount\":641,\"publisher\":{\"@id\":\"https:\/\/guineediversite.com\/#organization\"},\"image\":{\"@id\":\"https:\/\/guineediversite.com\/index.php\/2018\/11\/01\/cote-divoire-une-inculpation-suite-a-des-violences-post-electorales-a-grand-bassam\/#primaryimage\"},\"thumbnailUrl\":\"https:\/\/guineediversite.com\/wp-content\/uploads\/2018\/11\/nz14100113410307-592x296.jpg\",\"articleSection\":[\"International\"],\"inLanguage\":\"fr-FR\"},{\"@type\":\"WebPage\",\"@id\":\"https:\/\/guineediversite.com\/index.php\/2018\/11\/01\/cote-divoire-une-inculpation-suite-a-des-violences-post-electorales-a-grand-bassam\/\",\"url\":\"https:\/\/guineediversite.com\/index.php\/2018\/11\/01\/cote-divoire-une-inculpation-suite-a-des-violences-post-electorales-a-grand-bassam\/\",\"name\":\"C\u00f4te d\u2019Ivoire : une inculpation suite \u00e0 des violences post-\u00e9lectorales \u00e0 Grand-Bassam | Guin\u00e9e Diversit\u00e9\",\"isPartOf\":{\"@id\":\"https:\/\/guineediversite.com\/#website\"},\"primaryImageOfPage\":{\"@id\":\"https:\/\/guineediversite.com\/index.php\/2018\/11\/01\/cote-divoire-une-inculpation-suite-a-des-violences-post-electorales-a-grand-bassam\/#primaryimage\"},\"image\":{\"@id\":\"https:\/\/guineediversite.com\/index.php\/2018\/11\/01\/cote-divoire-une-inculpation-suite-a-des-violences-post-electorales-a-grand-bassam\/#primaryimage\"},\"thumbnailUrl\":\"https:\/\/guineediversite.com\/wp-content\/uploads\/2018\/11\/nz14100113410307-592x296.jpg\",\"datePublished\":\"2018-11-01T19:15:05+00:00\",\"dateModified\":\"2018-11-01T19:15:05+00:00\",\"breadcrumb\":{\"@id\":\"https:\/\/guineediversite.com\/index.php\/2018\/11\/01\/cote-divoire-une-inculpation-suite-a-des-violences-post-electorales-a-grand-bassam\/#breadcrumb\"},\"inLanguage\":\"fr-FR\",\"potentialAction\":[{\"@type\":\"ReadAction\",\"target\":[\"https:\/\/guineediversite.com\/index.php\/2018\/11\/01\/cote-divoire-une-inculpation-suite-a-des-violences-post-electorales-a-grand-bassam\/\"]}]},{\"@type\":\"ImageObject\",\"inLanguage\":\"fr-FR\",\"@id\":\"https:\/\/guineediversite.com\/index.php\/2018\/11\/01\/cote-divoire-une-inculpation-suite-a-des-violences-post-electorales-a-grand-bassam\/#primaryimage\",\"url\":\"https:\/\/guineediversite.com\/wp-content\/uploads\/2018\/11\/nz14100113410307-592x296.jpg\",\"contentUrl\":\"https:\/\/guineediversite.com\/wp-content\/uploads\/2018\/11\/nz14100113410307-592x296.jpg\",\"width\":1900,\"height\":950},{\"@type\":\"BreadcrumbList\",\"@id\":\"https:\/\/guineediversite.com\/index.php\/2018\/11\/01\/cote-divoire-une-inculpation-suite-a-des-violences-post-electorales-a-grand-bassam\/#breadcrumb\",\"itemListElement\":[{\"@type\":\"ListItem\",\"position\":1,\"name\":\"Accueil\",\"item\":\"https:\/\/guineediversite.com\/\"},{\"@type\":\"ListItem\",\"position\":2,\"name\":\"C\u00f4te d\u2019Ivoire : une inculpation suite \u00e0 des violences post-\u00e9lectorales \u00e0 Grand-Bassam\"}]},{\"@type\":\"WebSite\",\"@id\":\"https:\/\/guineediversite.com\/#website\",\"url\":\"https:\/\/guineediversite.com\/\",\"name\":\"Guin\u00e9e Diversit\u00e9\",\"description\":\"L&#039;Info dans toute sa diversit\u00e9\",\"publisher\":{\"@id\":\"https:\/\/guineediversite.com\/#organization\"},\"potentialAction\":[{\"@type\":\"SearchAction\",\"target\":{\"@type\":\"EntryPoint\",\"urlTemplate\":\"https:\/\/guineediversite.com\/?s={search_term_string}\"},\"query-input\":{\"@type\":\"PropertyValueSpecification\",\"valueRequired\":true,\"valueName\":\"search_term_string\"}}],\"inLanguage\":\"fr-FR\"},{\"@type\":\"Organization\",\"@id\":\"https:\/\/guineediversite.com\/#organization\",\"name\":\"Guin\u00e9e Diversit\u00e9\",\"url\":\"https:\/\/guineediversite.com\/\",\"logo\":{\"@type\":\"ImageObject\",\"inLanguage\":\"fr-FR\",\"@id\":\"https:\/\/guineediversite.com\/#\/schema\/logo\/image\/\",\"url\":\"https:\/\/guineediversite.com\/wp-content\/uploads\/2017\/04\/cropped-1jojlxEOMkX9Wyqfhe43D6kjPOGqBBKmx3EwWJqZ0cMrFF54yM49.png\",\"contentUrl\":\"https:\/\/guineediversite.com\/wp-content\/uploads\/2017\/04\/cropped-1jojlxEOMkX9Wyqfhe43D6kjPOGqBBKmx3EwWJqZ0cMrFF54yM49.png\",\"width\":186,\"height\":112,\"caption\":\"Guin\u00e9e Diversit\u00e9\"},\"image\":{\"@id\":\"https:\/\/guineediversite.com\/#\/schema\/logo\/image\/\"},\"sameAs\":[\"https:\/\/www.facebook.com\/guineediversite\/\",\"https:\/\/x.com\/GuineeDiversite\",\"https:\/\/www.youtube.com\/channel\/UC8sUY16qelG5ge6_D5SB83g\"]},{\"@type\":\"Person\",\"@id\":\"https:\/\/guineediversite.com\/#\/schema\/person\/afa08fb34e7fc6e1feafc892612bc836\",\"name\":\"Guin\u00e9e Diversit\u00e9\",\"image\":{\"@type\":\"ImageObject\",\"inLanguage\":\"fr-FR\",\"@id\":\"https:\/\/guineediversite.com\/#\/schema\/person\/image\/\",\"url\":\"https:\/\/secure.gravatar.com\/avatar\/50d5eb5b390f8b65ac30ac6f898eb83a?s=96&d=mm&r=g\",\"contentUrl\":\"https:\/\/secure.gravatar.com\/avatar\/50d5eb5b390f8b65ac30ac6f898eb83a?s=96&d=mm&r=g\",\"caption\":\"Guin\u00e9e Diversit\u00e9\"},\"url\":\"https:\/\/guineediversite.com\/index.php\/author\/guineediversite\/\"}]}<\/script>\n<!-- \/ Yoast SEO plugin. -->","yoast_head_json":{"title":"C\u00f4te d\u2019Ivoire : une inculpation suite \u00e0 des violences post-\u00e9lectorales \u00e0 Grand-Bassam | Guin\u00e9e Diversit\u00e9","robots":{"index":"index","follow":"follow","max-snippet":"max-snippet:-1","max-image-preview":"max-image-preview:large","max-video-preview":"max-video-preview:-1"},"canonical":"https:\/\/guineediversite.com\/index.php\/2018\/11\/01\/cote-divoire-une-inculpation-suite-a-des-violences-post-electorales-a-grand-bassam\/","og_locale":"fr_FR","og_type":"article","og_title":"C\u00f4te d\u2019Ivoire : une inculpation suite \u00e0 des violences post-\u00e9lectorales \u00e0 Grand-Bassam | Guin\u00e9e Diversit\u00e9","og_description":"La justice ivoirienne a proc\u00e9d\u00e9 \u00e0 l\u2019inculpation, le 31 octobre, d\u2019Adama Kamagat\u00e9, directeur de campagne adjoint du maire sortant de Grand-Bassam (PDCI), qui conteste l\u2019\u00e9lection \u00e0 la mairie, de son rival du RHDP. Plusieurs chefs d\u2019accusation de troubles \u00e0 l\u2019ordre public, de vol, meurtre, pillage, incendie, de s\u00e9questration et de destruction volontaire de biens d\u2019autrui [&hellip;]","og_url":"https:\/\/guineediversite.com\/index.php\/2018\/11\/01\/cote-divoire-une-inculpation-suite-a-des-violences-post-electorales-a-grand-bassam\/","og_site_name":"Guin\u00e9e Diversit\u00e9","article_publisher":"https:\/\/www.facebook.com\/guineediversite\/","article_published_time":"2018-11-01T19:15:05+00:00","og_image":[{"width":1900,"height":950,"url":"https:\/\/guineediversite.com\/wp-content\/uploads\/2018\/11\/nz14100113410307-592x296.jpg","type":"image\/jpeg"}],"author":"Guin\u00e9e Diversit\u00e9","twitter_card":"summary_large_image","twitter_creator":"@GuineeDiversite","twitter_site":"@GuineeDiversite","twitter_misc":{"\u00c9crit par":"Guin\u00e9e Diversit\u00e9","Dur\u00e9e de lecture estim\u00e9e":"3 minutes"},"schema":{"@context":"https:\/\/schema.org","@graph":[{"@type":"Article","@id":"https:\/\/guineediversite.com\/index.php\/2018\/11\/01\/cote-divoire-une-inculpation-suite-a-des-violences-post-electorales-a-grand-bassam\/#article","isPartOf":{"@id":"https:\/\/guineediversite.com\/index.php\/2018\/11\/01\/cote-divoire-une-inculpation-suite-a-des-violences-post-electorales-a-grand-bassam\/"},"author":{"name":"Guin\u00e9e Diversit\u00e9","@id":"https:\/\/guineediversite.com\/#\/schema\/person\/afa08fb34e7fc6e1feafc892612bc836"},"headline":"C\u00f4te d\u2019Ivoire : une inculpation suite \u00e0 des violences post-\u00e9lectorales \u00e0 Grand-Bassam","datePublished":"2018-11-01T19:15:05+00:00","dateModified":"2018-11-01T19:15:05+00:00","mainEntityOfPage":{"@id":"https:\/\/guineediversite.com\/index.php\/2018\/11\/01\/cote-divoire-une-inculpation-suite-a-des-violences-post-electorales-a-grand-bassam\/"},"wordCount":641,"publisher":{"@id":"https:\/\/guineediversite.com\/#organization"},"image":{"@id":"https:\/\/guineediversite.com\/index.php\/2018\/11\/01\/cote-divoire-une-inculpation-suite-a-des-violences-post-electorales-a-grand-bassam\/#primaryimage"},"thumbnailUrl":"https:\/\/guineediversite.com\/wp-content\/uploads\/2018\/11\/nz14100113410307-592x296.jpg","articleSection":["International"],"inLanguage":"fr-FR"},{"@type":"WebPage","@id":"https:\/\/guineediversite.com\/index.php\/2018\/11\/01\/cote-divoire-une-inculpation-suite-a-des-violences-post-electorales-a-grand-bassam\/","url":"https:\/\/guineediversite.com\/index.php\/2018\/11\/01\/cote-divoire-une-inculpation-suite-a-des-violences-post-electorales-a-grand-bassam\/","name":"C\u00f4te d\u2019Ivoire : une inculpation suite \u00e0 des violences post-\u00e9lectorales \u00e0 Grand-Bassam | Guin\u00e9e Diversit\u00e9","isPartOf":{"@id":"https:\/\/guineediversite.com\/#website"},"primaryImageOfPage":{"@id":"https:\/\/guineediversite.com\/index.php\/2018\/11\/01\/cote-divoire-une-inculpation-suite-a-des-violences-post-electorales-a-grand-bassam\/#primaryimage"},"image":{"@id":"https:\/\/guineediversite.com\/index.php\/2018\/11\/01\/cote-divoire-une-inculpation-suite-a-des-violences-post-electorales-a-grand-bassam\/#primaryimage"},"thumbnailUrl":"https:\/\/guineediversite.com\/wp-content\/uploads\/2018\/11\/nz14100113410307-592x296.jpg","datePublished":"2018-11-01T19:15:05+00:00","dateModified":"2018-11-01T19:15:05+00:00","breadcrumb":{"@id":"https:\/\/guineediversite.com\/index.php\/2018\/11\/01\/cote-divoire-une-inculpation-suite-a-des-violences-post-electorales-a-grand-bassam\/#breadcrumb"},"inLanguage":"fr-FR","potentialAction":[{"@type":"ReadAction","target":["https:\/\/guineediversite.com\/index.php\/2018\/11\/01\/cote-divoire-une-inculpation-suite-a-des-violences-post-electorales-a-grand-bassam\/"]}]},{"@type":"ImageObject","inLanguage":"fr-FR","@id":"https:\/\/guineediversite.com\/index.php\/2018\/11\/01\/cote-divoire-une-inculpation-suite-a-des-violences-post-electorales-a-grand-bassam\/#primaryimage","url":"https:\/\/guineediversite.com\/wp-content\/uploads\/2018\/11\/nz14100113410307-592x296.jpg","contentUrl":"https:\/\/guineediversite.com\/wp-content\/uploads\/2018\/11\/nz14100113410307-592x296.jpg","width":1900,"height":950},{"@type":"BreadcrumbList","@id":"https:\/\/guineediversite.com\/index.php\/2018\/11\/01\/cote-divoire-une-inculpation-suite-a-des-violences-post-electorales-a-grand-bassam\/#breadcrumb","itemListElement":[{"@type":"ListItem","position":1,"name":"Accueil","item":"https:\/\/guineediversite.com\/"},{"@type":"ListItem","position":2,"name":"C\u00f4te d\u2019Ivoire : une inculpation suite \u00e0 des violences post-\u00e9lectorales \u00e0 Grand-Bassam"}]},{"@type":"WebSite","@id":"https:\/\/guineediversite.com\/#website","url":"https:\/\/guineediversite.com\/","name":"Guin\u00e9e Diversit\u00e9","description":"L&#039;Info dans toute sa diversit\u00e9","publisher":{"@id":"https:\/\/guineediversite.com\/#organization"},"potentialAction":[{"@type":"SearchAction","target":{"@type":"EntryPoint","urlTemplate":"https:\/\/guineediversite.com\/?s={search_term_string}"},"query-input":{"@type":"PropertyValueSpecification","valueRequired":true,"valueName":"search_term_string"}}],"inLanguage":"fr-FR"},{"@type":"Organization","@id":"https:\/\/guineediversite.com\/#organization","name":"Guin\u00e9e Diversit\u00e9","url":"https:\/\/guineediversite.com\/","logo":{"@type":"ImageObject","inLanguage":"fr-FR","@id":"https:\/\/guineediversite.com\/#\/schema\/logo\/image\/","url":"https:\/\/guineediversite.com\/wp-content\/uploads\/2017\/04\/cropped-1jojlxEOMkX9Wyqfhe43D6kjPOGqBBKmx3EwWJqZ0cMrFF54yM49.png","contentUrl":"https:\/\/guineediversite.com\/wp-content\/uploads\/2017\/04\/cropped-1jojlxEOMkX9Wyqfhe43D6kjPOGqBBKmx3EwWJqZ0cMrFF54yM49.png","width":186,"height":112,"caption":"Guin\u00e9e Diversit\u00e9"},"image":{"@id":"https:\/\/guineediversite.com\/#\/schema\/logo\/image\/"},"sameAs":["https:\/\/www.facebook.com\/guineediversite\/","https:\/\/x.com\/GuineeDiversite","https:\/\/www.youtube.com\/channel\/UC8sUY16qelG5ge6_D5SB83g"]},{"@type":"Person","@id":"https:\/\/guineediversite.com\/#\/schema\/person\/afa08fb34e7fc6e1feafc892612bc836","name":"Guin\u00e9e Diversit\u00e9","image":{"@type":"ImageObject","inLanguage":"fr-FR","@id":"https:\/\/guineediversite.com\/#\/schema\/person\/image\/","url":"https:\/\/secure.gravatar.com\/avatar\/50d5eb5b390f8b65ac30ac6f898eb83a?s=96&d=mm&r=g","contentUrl":"https:\/\/secure.gravatar.com\/avatar\/50d5eb5b390f8b65ac30ac6f898eb83a?s=96&d=mm&r=g","caption":"Guin\u00e9e Diversit\u00e9"},"url":"https:\/\/guineediversite.com\/index.php\/author\/guineediversite\/"}]}},"_links":{"self":[{"href":"https:\/\/guineediversite.com\/index.php\/wp-json\/wp\/v2\/posts\/27103"}],"collection":[{"href":"https:\/\/guineediversite.com\/index.php\/wp-json\/wp\/v2\/posts"}],"about":[{"href":"https:\/\/guineediversite.com\/index.php\/wp-json\/wp\/v2\/types\/post"}],"author":[{"embeddable":true,"href":"https:\/\/guineediversite.com\/index.php\/wp-json\/wp\/v2\/users\/12"}],"replies":[{"embeddable":true,"href":"https:\/\/guineediversite.com\/index.php\/wp-json\/wp\/v2\/comments?post=27103"}],"version-history":[{"count":0,"href":"https:\/\/guineediversite.com\/index.php\/wp-json\/wp\/v2\/posts\/27103\/revisions"}],"wp:featuredmedia":[{"embeddable":true,"href":"https:\/\/guineediversite.com\/index.php\/wp-json\/wp\/v2\/media\/27104"}],"wp:attachment":[{"href":"https:\/\/guineediversite.com\/index.php\/wp-json\/wp\/v2\/media?parent=27103"}],"wp:term":[{"taxonomy":"category","embeddable":true,"href":"https:\/\/guineediversite.com\/index.php\/wp-json\/wp\/v2\/categories?post=27103"},{"taxonomy":"post_tag","embeddable":true,"href":"https:\/\/guineediversite.com\/index.php\/wp-json\/wp\/v2\/tags?post=27103"}],"curies":[{"name":"wp","href":"https:\/\/api.w.org\/{rel}","templated":true}]}}