{"id":27086,"date":"2018-10-31T15:52:24","date_gmt":"2018-10-31T14:52:24","guid":{"rendered":"https:\/\/guineediversite.com\/?p=27086"},"modified":"2018-10-31T15:52:24","modified_gmt":"2018-10-31T14:52:24","slug":"ebola-lonu-veut-muscler-la-reponse-face-a-lepidemie-en-rdc","status":"publish","type":"post","link":"https:\/\/guineediversite.com\/index.php\/2018\/10\/31\/ebola-lonu-veut-muscler-la-reponse-face-a-lepidemie-en-rdc\/","title":{"rendered":"Ebola: l&rsquo;ONU veut muscler la r\u00e9ponse face \u00e0 l&rsquo;\u00e9pid\u00e9mie en RDC"},"content":{"rendered":"<h2>Le conseil de s\u00e9curit\u00e9 de l\u2019ONU a adopt\u00e9 mardi 30 octobre \u00e0 l\u2019unanimit\u00e9 une r\u00e9solution appelant \u00e0 intensifier la lutte contre l\u2019\u00e9pid\u00e9mie Ebola qui s\u00e9vit dans l\u2019est de la RDC. A quelques semaines des \u00e9lections qui doivent se tenir normalement le 23 d\u00e9cembre prochain, l\u2019ONU demande aux groupes arm\u00e9s de cesser leurs activit\u00e9s pour permettre \u00e0 l\u2019aide humanitaire et sanitaire de parvenir aux populations civiles dans les zones touch\u00e9es par l\u2019\u00e9pid\u00e9mie. Soucieux de m\u00e9nager Kinshasa, le texte souligne aussi la n\u00e9cessit\u00e9 pour la Monusco et l\u2019OMS de se coordonner avec le gouvernement congolais.<\/h2>\n<p>Le texte, port\u00e9 par l\u2019Ethiopie et la Su\u00e8de, mais parrain\u00e9 par l\u2019ensemble des membres du Conseil de s\u00e9curit\u00e9, s\u2019inqui\u00e8te de l\u2019entrave pos\u00e9e aux personnels soignants pour venir en aide aux populations. C\u2019est le cas, par exemple, dans la r\u00e9gion de B\u00e9ni dans l\u2019est des Kivu, o\u00f9 des op\u00e9rations sanitaires ont d\u00fb \u00eatre stopp\u00e9es faute de conditions de s\u00e9curit\u00e9 suffisantes selon l\u2019ambassadeur \u00e9thiopien.<\/p>\n<p>Les diplomates demandent donc \u00e0 tous les groupes arm\u00e9s rebelles, et en particulier les forces alli\u00e9es d\u00e9mocratiques (ADF) de cesser leurs activit\u00e9s hostiles pour permettre la livraison rapide et sans entrave d\u2019aide. Les h\u00f4pitaux et les personnels soignants doivent \u00eatre prot\u00e9g\u00e9s. L\u2019ONU craint que faute de soins,\u00a0<a href=\"http:\/\/www.rfi.fr\/afrique\/20180930-oms-alerte-ebola-rdc\" target=\"_blank\" rel=\"noopener\"><strong>l\u2019\u00e9pid\u00e9mie<\/strong><\/a>\u00a0s\u2019\u00e9tende \u00e0 d\u2019autres pays de la r\u00e9gion tels que le Burundi, le Rwanda, l\u2019Ouganda ou encore le Soudan du Sud.<\/p>\n<p>Reste \u00e0 savoir quel sera l\u2019impact d\u2019un tel texte sur des groupes arm\u00e9s sur lesquels l\u2019ONU ou le gouvernement congolais ont peu d\u2019influence, et dans une r\u00e9gion dont les casques bleus ont commenc\u00e9 \u00e0 se retirer au profit des centres urbains dans la perspective des \u00e9lections de d\u00e9cembre prochain.<\/p>\n<p>RFI<\/p>\n","protected":false},"excerpt":{"rendered":"<p>Le conseil de s\u00e9curit\u00e9 de l\u2019ONU a adopt\u00e9 mardi 30 octobre \u00e0 l\u2019unanimit\u00e9 une r\u00e9solution appelant \u00e0 intensifier la lutte contre l\u2019\u00e9pid\u00e9mie Ebola qui s\u00e9vit dans l\u2019est de la RDC. A quelques semaines des \u00e9lections qui doivent se tenir normalement le 23 d\u00e9cembre prochain, l\u2019ONU demande aux groupes arm\u00e9s de cesser leurs activit\u00e9s pour permettre [&hellip;]<\/p>\n","protected":false},"author":7,"featured_media":27087,"comment_status":"closed","ping_status":"closed","sticky":false,"template":"","format":"standard","meta":{"_exactmetrics_skip_tracking":false,"_exactmetrics_sitenote_active":false,"_exactmetrics_sitenote_note":"","_exactmetrics_sitenote_category":0,"tdm_status":"","tdm_grid_status":"","footnotes":""},"categories":[21],"tags":[],"class_list":{"0":"post-27086","1":"post","2":"type-post","3":"status-publish","4":"format-standard","5":"has-post-thumbnail","7":"category-international"},"yoast_head":"<!-- This site is optimized with the Yoast SEO plugin v24.2 - https:\/\/yoast.com\/wordpress\/plugins\/seo\/ -->\n<title>Ebola: l&#039;ONU veut muscler la r\u00e9ponse face \u00e0 l&#039;\u00e9pid\u00e9mie en RDC | Guin\u00e9e Diversit\u00e9<\/title>\n<meta name=\"robots\" content=\"index, follow, max-snippet:-1, max-image-preview:large, max-video-preview:-1\" \/>\n<link rel=\"canonical\" href=\"https:\/\/guineediversite.com\/index.php\/2018\/10\/31\/ebola-lonu-veut-muscler-la-reponse-face-a-lepidemie-en-rdc\/\" \/>\n<meta property=\"og:locale\" content=\"fr_FR\" \/>\n<meta property=\"og:type\" content=\"article\" \/>\n<meta property=\"og:title\" content=\"Ebola: l&#039;ONU veut muscler la r\u00e9ponse face \u00e0 l&#039;\u00e9pid\u00e9mie en RDC | Guin\u00e9e Diversit\u00e9\" \/>\n<meta property=\"og:description\" content=\"Le conseil de s\u00e9curit\u00e9 de l\u2019ONU a adopt\u00e9 mardi 30 octobre \u00e0 l\u2019unanimit\u00e9 une r\u00e9solution appelant \u00e0 intensifier la lutte contre l\u2019\u00e9pid\u00e9mie Ebola qui s\u00e9vit dans l\u2019est de la RDC. A quelques semaines des \u00e9lections qui doivent se tenir normalement le 23 d\u00e9cembre prochain, l\u2019ONU demande aux groupes arm\u00e9s de cesser leurs activit\u00e9s pour permettre [&hellip;]\" \/>\n<meta property=\"og:url\" content=\"https:\/\/guineediversite.com\/index.php\/2018\/10\/31\/ebola-lonu-veut-muscler-la-reponse-face-a-lepidemie-en-rdc\/\" \/>\n<meta property=\"og:site_name\" content=\"Guin\u00e9e Diversit\u00e9\" \/>\n<meta property=\"article:publisher\" content=\"https:\/\/www.facebook.com\/guineediversite\/\" \/>\n<meta property=\"article:published_time\" content=\"2018-10-31T14:52:24+00:00\" \/>\n<meta property=\"og:image\" content=\"https:\/\/guineediversite.com\/wp-content\/uploads\/2018\/10\/rdc_centre_traitement_ebola_protectionfm_0.jpg\" \/>\n\t<meta property=\"og:image:width\" content=\"1023\" \/>\n\t<meta property=\"og:image:height\" content=\"578\" \/>\n\t<meta property=\"og:image:type\" content=\"image\/jpeg\" \/>\n<meta name=\"author\" content=\"Bilguissa Diallo\" \/>\n<meta name=\"twitter:card\" content=\"summary_large_image\" \/>\n<meta name=\"twitter:creator\" content=\"@GuineeDiversite\" \/>\n<meta name=\"twitter:site\" content=\"@GuineeDiversite\" \/>\n<meta name=\"twitter:label1\" content=\"\u00c9crit par\" \/>\n\t<meta name=\"twitter:data1\" content=\"Bilguissa Diallo\" \/>\n\t<meta name=\"twitter:label2\" content=\"Dur\u00e9e de lecture estim\u00e9e\" \/>\n\t<meta name=\"twitter:data2\" content=\"2 minutes\" \/>\n<script type=\"application\/ld+json\" class=\"yoast-schema-graph\">{\"@context\":\"https:\/\/schema.org\",\"@graph\":[{\"@type\":\"Article\",\"@id\":\"https:\/\/guineediversite.com\/index.php\/2018\/10\/31\/ebola-lonu-veut-muscler-la-reponse-face-a-lepidemie-en-rdc\/#article\",\"isPartOf\":{\"@id\":\"https:\/\/guineediversite.com\/index.php\/2018\/10\/31\/ebola-lonu-veut-muscler-la-reponse-face-a-lepidemie-en-rdc\/\"},\"author\":{\"name\":\"Bilguissa Diallo\",\"@id\":\"https:\/\/guineediversite.com\/#\/schema\/person\/0e0e3e424768a50d025ac2218ccca73f\"},\"headline\":\"Ebola: l&rsquo;ONU veut muscler la r\u00e9ponse face \u00e0 l&rsquo;\u00e9pid\u00e9mie en RDC\",\"datePublished\":\"2018-10-31T14:52:24+00:00\",\"dateModified\":\"2018-10-31T14:52:24+00:00\",\"mainEntityOfPage\":{\"@id\":\"https:\/\/guineediversite.com\/index.php\/2018\/10\/31\/ebola-lonu-veut-muscler-la-reponse-face-a-lepidemie-en-rdc\/\"},\"wordCount\":335,\"publisher\":{\"@id\":\"https:\/\/guineediversite.com\/#organization\"},\"image\":{\"@id\":\"https:\/\/guineediversite.com\/index.php\/2018\/10\/31\/ebola-lonu-veut-muscler-la-reponse-face-a-lepidemie-en-rdc\/#primaryimage\"},\"thumbnailUrl\":\"https:\/\/guineediversite.com\/wp-content\/uploads\/2018\/10\/rdc_centre_traitement_ebola_protectionfm_0.jpg\",\"articleSection\":[\"International\"],\"inLanguage\":\"fr-FR\"},{\"@type\":\"WebPage\",\"@id\":\"https:\/\/guineediversite.com\/index.php\/2018\/10\/31\/ebola-lonu-veut-muscler-la-reponse-face-a-lepidemie-en-rdc\/\",\"url\":\"https:\/\/guineediversite.com\/index.php\/2018\/10\/31\/ebola-lonu-veut-muscler-la-reponse-face-a-lepidemie-en-rdc\/\",\"name\":\"Ebola: l'ONU veut muscler la r\u00e9ponse face \u00e0 l'\u00e9pid\u00e9mie en RDC | Guin\u00e9e Diversit\u00e9\",\"isPartOf\":{\"@id\":\"https:\/\/guineediversite.com\/#website\"},\"primaryImageOfPage\":{\"@id\":\"https:\/\/guineediversite.com\/index.php\/2018\/10\/31\/ebola-lonu-veut-muscler-la-reponse-face-a-lepidemie-en-rdc\/#primaryimage\"},\"image\":{\"@id\":\"https:\/\/guineediversite.com\/index.php\/2018\/10\/31\/ebola-lonu-veut-muscler-la-reponse-face-a-lepidemie-en-rdc\/#primaryimage\"},\"thumbnailUrl\":\"https:\/\/guineediversite.com\/wp-content\/uploads\/2018\/10\/rdc_centre_traitement_ebola_protectionfm_0.jpg\",\"datePublished\":\"2018-10-31T14:52:24+00:00\",\"dateModified\":\"2018-10-31T14:52:24+00:00\",\"breadcrumb\":{\"@id\":\"https:\/\/guineediversite.com\/index.php\/2018\/10\/31\/ebola-lonu-veut-muscler-la-reponse-face-a-lepidemie-en-rdc\/#breadcrumb\"},\"inLanguage\":\"fr-FR\",\"potentialAction\":[{\"@type\":\"ReadAction\",\"target\":[\"https:\/\/guineediversite.com\/index.php\/2018\/10\/31\/ebola-lonu-veut-muscler-la-reponse-face-a-lepidemie-en-rdc\/\"]}]},{\"@type\":\"ImageObject\",\"inLanguage\":\"fr-FR\",\"@id\":\"https:\/\/guineediversite.com\/index.php\/2018\/10\/31\/ebola-lonu-veut-muscler-la-reponse-face-a-lepidemie-en-rdc\/#primaryimage\",\"url\":\"https:\/\/guineediversite.com\/wp-content\/uploads\/2018\/10\/rdc_centre_traitement_ebola_protectionfm_0.jpg\",\"contentUrl\":\"https:\/\/guineediversite.com\/wp-content\/uploads\/2018\/10\/rdc_centre_traitement_ebola_protectionfm_0.jpg\",\"width\":1023,\"height\":578},{\"@type\":\"BreadcrumbList\",\"@id\":\"https:\/\/guineediversite.com\/index.php\/2018\/10\/31\/ebola-lonu-veut-muscler-la-reponse-face-a-lepidemie-en-rdc\/#breadcrumb\",\"itemListElement\":[{\"@type\":\"ListItem\",\"position\":1,\"name\":\"Accueil\",\"item\":\"https:\/\/guineediversite.com\/\"},{\"@type\":\"ListItem\",\"position\":2,\"name\":\"Ebola: l&rsquo;ONU veut muscler la r\u00e9ponse face \u00e0 l&rsquo;\u00e9pid\u00e9mie en RDC\"}]},{\"@type\":\"WebSite\",\"@id\":\"https:\/\/guineediversite.com\/#website\",\"url\":\"https:\/\/guineediversite.com\/\",\"name\":\"Guin\u00e9e Diversit\u00e9\",\"description\":\"L&#039;Info dans toute sa diversit\u00e9\",\"publisher\":{\"@id\":\"https:\/\/guineediversite.com\/#organization\"},\"potentialAction\":[{\"@type\":\"SearchAction\",\"target\":{\"@type\":\"EntryPoint\",\"urlTemplate\":\"https:\/\/guineediversite.com\/?s={search_term_string}\"},\"query-input\":{\"@type\":\"PropertyValueSpecification\",\"valueRequired\":true,\"valueName\":\"search_term_string\"}}],\"inLanguage\":\"fr-FR\"},{\"@type\":\"Organization\",\"@id\":\"https:\/\/guineediversite.com\/#organization\",\"name\":\"Guin\u00e9e Diversit\u00e9\",\"url\":\"https:\/\/guineediversite.com\/\",\"logo\":{\"@type\":\"ImageObject\",\"inLanguage\":\"fr-FR\",\"@id\":\"https:\/\/guineediversite.com\/#\/schema\/logo\/image\/\",\"url\":\"https:\/\/guineediversite.com\/wp-content\/uploads\/2017\/04\/cropped-1jojlxEOMkX9Wyqfhe43D6kjPOGqBBKmx3EwWJqZ0cMrFF54yM49.png\",\"contentUrl\":\"https:\/\/guineediversite.com\/wp-content\/uploads\/2017\/04\/cropped-1jojlxEOMkX9Wyqfhe43D6kjPOGqBBKmx3EwWJqZ0cMrFF54yM49.png\",\"width\":186,\"height\":112,\"caption\":\"Guin\u00e9e Diversit\u00e9\"},\"image\":{\"@id\":\"https:\/\/guineediversite.com\/#\/schema\/logo\/image\/\"},\"sameAs\":[\"https:\/\/www.facebook.com\/guineediversite\/\",\"https:\/\/x.com\/GuineeDiversite\",\"https:\/\/www.youtube.com\/channel\/UC8sUY16qelG5ge6_D5SB83g\"]},{\"@type\":\"Person\",\"@id\":\"https:\/\/guineediversite.com\/#\/schema\/person\/0e0e3e424768a50d025ac2218ccca73f\",\"name\":\"Bilguissa Diallo\",\"image\":{\"@type\":\"ImageObject\",\"inLanguage\":\"fr-FR\",\"@id\":\"https:\/\/guineediversite.com\/#\/schema\/person\/image\/\",\"url\":\"https:\/\/secure.gravatar.com\/avatar\/49bbbd2420ee34d62b1b191791f4b5df?s=96&d=mm&r=g\",\"contentUrl\":\"https:\/\/secure.gravatar.com\/avatar\/49bbbd2420ee34d62b1b191791f4b5df?s=96&d=mm&r=g\",\"caption\":\"Bilguissa Diallo\"},\"url\":\"https:\/\/guineediversite.com\/index.php\/author\/bilguissa\/\"}]}<\/script>\n<!-- \/ Yoast SEO plugin. -->","yoast_head_json":{"title":"Ebola: l'ONU veut muscler la r\u00e9ponse face \u00e0 l'\u00e9pid\u00e9mie en RDC | Guin\u00e9e Diversit\u00e9","robots":{"index":"index","follow":"follow","max-snippet":"max-snippet:-1","max-image-preview":"max-image-preview:large","max-video-preview":"max-video-preview:-1"},"canonical":"https:\/\/guineediversite.com\/index.php\/2018\/10\/31\/ebola-lonu-veut-muscler-la-reponse-face-a-lepidemie-en-rdc\/","og_locale":"fr_FR","og_type":"article","og_title":"Ebola: l'ONU veut muscler la r\u00e9ponse face \u00e0 l'\u00e9pid\u00e9mie en RDC | Guin\u00e9e Diversit\u00e9","og_description":"Le conseil de s\u00e9curit\u00e9 de l\u2019ONU a adopt\u00e9 mardi 30 octobre \u00e0 l\u2019unanimit\u00e9 une r\u00e9solution appelant \u00e0 intensifier la lutte contre l\u2019\u00e9pid\u00e9mie Ebola qui s\u00e9vit dans l\u2019est de la RDC. A quelques semaines des \u00e9lections qui doivent se tenir normalement le 23 d\u00e9cembre prochain, l\u2019ONU demande aux groupes arm\u00e9s de cesser leurs activit\u00e9s pour permettre [&hellip;]","og_url":"https:\/\/guineediversite.com\/index.php\/2018\/10\/31\/ebola-lonu-veut-muscler-la-reponse-face-a-lepidemie-en-rdc\/","og_site_name":"Guin\u00e9e Diversit\u00e9","article_publisher":"https:\/\/www.facebook.com\/guineediversite\/","article_published_time":"2018-10-31T14:52:24+00:00","og_image":[{"width":1023,"height":578,"url":"https:\/\/guineediversite.com\/wp-content\/uploads\/2018\/10\/rdc_centre_traitement_ebola_protectionfm_0.jpg","type":"image\/jpeg"}],"author":"Bilguissa Diallo","twitter_card":"summary_large_image","twitter_creator":"@GuineeDiversite","twitter_site":"@GuineeDiversite","twitter_misc":{"\u00c9crit par":"Bilguissa Diallo","Dur\u00e9e de lecture estim\u00e9e":"2 minutes"},"schema":{"@context":"https:\/\/schema.org","@graph":[{"@type":"Article","@id":"https:\/\/guineediversite.com\/index.php\/2018\/10\/31\/ebola-lonu-veut-muscler-la-reponse-face-a-lepidemie-en-rdc\/#article","isPartOf":{"@id":"https:\/\/guineediversite.com\/index.php\/2018\/10\/31\/ebola-lonu-veut-muscler-la-reponse-face-a-lepidemie-en-rdc\/"},"author":{"name":"Bilguissa Diallo","@id":"https:\/\/guineediversite.com\/#\/schema\/person\/0e0e3e424768a50d025ac2218ccca73f"},"headline":"Ebola: l&rsquo;ONU veut muscler la r\u00e9ponse face \u00e0 l&rsquo;\u00e9pid\u00e9mie en RDC","datePublished":"2018-10-31T14:52:24+00:00","dateModified":"2018-10-31T14:52:24+00:00","mainEntityOfPage":{"@id":"https:\/\/guineediversite.com\/index.php\/2018\/10\/31\/ebola-lonu-veut-muscler-la-reponse-face-a-lepidemie-en-rdc\/"},"wordCount":335,"publisher":{"@id":"https:\/\/guineediversite.com\/#organization"},"image":{"@id":"https:\/\/guineediversite.com\/index.php\/2018\/10\/31\/ebola-lonu-veut-muscler-la-reponse-face-a-lepidemie-en-rdc\/#primaryimage"},"thumbnailUrl":"https:\/\/guineediversite.com\/wp-content\/uploads\/2018\/10\/rdc_centre_traitement_ebola_protectionfm_0.jpg","articleSection":["International"],"inLanguage":"fr-FR"},{"@type":"WebPage","@id":"https:\/\/guineediversite.com\/index.php\/2018\/10\/31\/ebola-lonu-veut-muscler-la-reponse-face-a-lepidemie-en-rdc\/","url":"https:\/\/guineediversite.com\/index.php\/2018\/10\/31\/ebola-lonu-veut-muscler-la-reponse-face-a-lepidemie-en-rdc\/","name":"Ebola: l'ONU veut muscler la r\u00e9ponse face \u00e0 l'\u00e9pid\u00e9mie en RDC | Guin\u00e9e Diversit\u00e9","isPartOf":{"@id":"https:\/\/guineediversite.com\/#website"},"primaryImageOfPage":{"@id":"https:\/\/guineediversite.com\/index.php\/2018\/10\/31\/ebola-lonu-veut-muscler-la-reponse-face-a-lepidemie-en-rdc\/#primaryimage"},"image":{"@id":"https:\/\/guineediversite.com\/index.php\/2018\/10\/31\/ebola-lonu-veut-muscler-la-reponse-face-a-lepidemie-en-rdc\/#primaryimage"},"thumbnailUrl":"https:\/\/guineediversite.com\/wp-content\/uploads\/2018\/10\/rdc_centre_traitement_ebola_protectionfm_0.jpg","datePublished":"2018-10-31T14:52:24+00:00","dateModified":"2018-10-31T14:52:24+00:00","breadcrumb":{"@id":"https:\/\/guineediversite.com\/index.php\/2018\/10\/31\/ebola-lonu-veut-muscler-la-reponse-face-a-lepidemie-en-rdc\/#breadcrumb"},"inLanguage":"fr-FR","potentialAction":[{"@type":"ReadAction","target":["https:\/\/guineediversite.com\/index.php\/2018\/10\/31\/ebola-lonu-veut-muscler-la-reponse-face-a-lepidemie-en-rdc\/"]}]},{"@type":"ImageObject","inLanguage":"fr-FR","@id":"https:\/\/guineediversite.com\/index.php\/2018\/10\/31\/ebola-lonu-veut-muscler-la-reponse-face-a-lepidemie-en-rdc\/#primaryimage","url":"https:\/\/guineediversite.com\/wp-content\/uploads\/2018\/10\/rdc_centre_traitement_ebola_protectionfm_0.jpg","contentUrl":"https:\/\/guineediversite.com\/wp-content\/uploads\/2018\/10\/rdc_centre_traitement_ebola_protectionfm_0.jpg","width":1023,"height":578},{"@type":"BreadcrumbList","@id":"https:\/\/guineediversite.com\/index.php\/2018\/10\/31\/ebola-lonu-veut-muscler-la-reponse-face-a-lepidemie-en-rdc\/#breadcrumb","itemListElement":[{"@type":"ListItem","position":1,"name":"Accueil","item":"https:\/\/guineediversite.com\/"},{"@type":"ListItem","position":2,"name":"Ebola: l&rsquo;ONU veut muscler la r\u00e9ponse face \u00e0 l&rsquo;\u00e9pid\u00e9mie en RDC"}]},{"@type":"WebSite","@id":"https:\/\/guineediversite.com\/#website","url":"https:\/\/guineediversite.com\/","name":"Guin\u00e9e Diversit\u00e9","description":"L&#039;Info dans toute sa diversit\u00e9","publisher":{"@id":"https:\/\/guineediversite.com\/#organization"},"potentialAction":[{"@type":"SearchAction","target":{"@type":"EntryPoint","urlTemplate":"https:\/\/guineediversite.com\/?s={search_term_string}"},"query-input":{"@type":"PropertyValueSpecification","valueRequired":true,"valueName":"search_term_string"}}],"inLanguage":"fr-FR"},{"@type":"Organization","@id":"https:\/\/guineediversite.com\/#organization","name":"Guin\u00e9e Diversit\u00e9","url":"https:\/\/guineediversite.com\/","logo":{"@type":"ImageObject","inLanguage":"fr-FR","@id":"https:\/\/guineediversite.com\/#\/schema\/logo\/image\/","url":"https:\/\/guineediversite.com\/wp-content\/uploads\/2017\/04\/cropped-1jojlxEOMkX9Wyqfhe43D6kjPOGqBBKmx3EwWJqZ0cMrFF54yM49.png","contentUrl":"https:\/\/guineediversite.com\/wp-content\/uploads\/2017\/04\/cropped-1jojlxEOMkX9Wyqfhe43D6kjPOGqBBKmx3EwWJqZ0cMrFF54yM49.png","width":186,"height":112,"caption":"Guin\u00e9e Diversit\u00e9"},"image":{"@id":"https:\/\/guineediversite.com\/#\/schema\/logo\/image\/"},"sameAs":["https:\/\/www.facebook.com\/guineediversite\/","https:\/\/x.com\/GuineeDiversite","https:\/\/www.youtube.com\/channel\/UC8sUY16qelG5ge6_D5SB83g"]},{"@type":"Person","@id":"https:\/\/guineediversite.com\/#\/schema\/person\/0e0e3e424768a50d025ac2218ccca73f","name":"Bilguissa Diallo","image":{"@type":"ImageObject","inLanguage":"fr-FR","@id":"https:\/\/guineediversite.com\/#\/schema\/person\/image\/","url":"https:\/\/secure.gravatar.com\/avatar\/49bbbd2420ee34d62b1b191791f4b5df?s=96&d=mm&r=g","contentUrl":"https:\/\/secure.gravatar.com\/avatar\/49bbbd2420ee34d62b1b191791f4b5df?s=96&d=mm&r=g","caption":"Bilguissa Diallo"},"url":"https:\/\/guineediversite.com\/index.php\/author\/bilguissa\/"}]}},"_links":{"self":[{"href":"https:\/\/guineediversite.com\/index.php\/wp-json\/wp\/v2\/posts\/27086"}],"collection":[{"href":"https:\/\/guineediversite.com\/index.php\/wp-json\/wp\/v2\/posts"}],"about":[{"href":"https:\/\/guineediversite.com\/index.php\/wp-json\/wp\/v2\/types\/post"}],"author":[{"embeddable":true,"href":"https:\/\/guineediversite.com\/index.php\/wp-json\/wp\/v2\/users\/7"}],"replies":[{"embeddable":true,"href":"https:\/\/guineediversite.com\/index.php\/wp-json\/wp\/v2\/comments?post=27086"}],"version-history":[{"count":0,"href":"https:\/\/guineediversite.com\/index.php\/wp-json\/wp\/v2\/posts\/27086\/revisions"}],"wp:featuredmedia":[{"embeddable":true,"href":"https:\/\/guineediversite.com\/index.php\/wp-json\/wp\/v2\/media\/27087"}],"wp:attachment":[{"href":"https:\/\/guineediversite.com\/index.php\/wp-json\/wp\/v2\/media?parent=27086"}],"wp:term":[{"taxonomy":"category","embeddable":true,"href":"https:\/\/guineediversite.com\/index.php\/wp-json\/wp\/v2\/categories?post=27086"},{"taxonomy":"post_tag","embeddable":true,"href":"https:\/\/guineediversite.com\/index.php\/wp-json\/wp\/v2\/tags?post=27086"}],"curies":[{"name":"wp","href":"https:\/\/api.w.org\/{rel}","templated":true}]}}