{"id":27082,"date":"2018-10-31T14:39:14","date_gmt":"2018-10-31T13:39:14","guid":{"rendered":"https:\/\/guineediversite.com\/?p=27082"},"modified":"2018-10-31T15:42:27","modified_gmt":"2018-10-31T14:42:27","slug":"journee-mondiale-du-patrimoine-audiovisuel-declaration-du-ministre-de-linformation-et-de-la-communication","status":"publish","type":"post","link":"https:\/\/guineediversite.com\/index.php\/2018\/10\/31\/journee-mondiale-du-patrimoine-audiovisuel-declaration-du-ministre-de-linformation-et-de-la-communication\/","title":{"rendered":"Journ\u00e9e mondiale du patrimoine audiovisuel. : D\u00e9claration du ministre de l&rsquo;Information et de la Communication."},"content":{"rendered":"<p>La Journ\u00e9e Mondiale du Patrimoine Audiovisuel\u00a0 est c\u00e9l\u00e9br\u00e9e le 27 octobre de chaque ann\u00e9e. L\u2019objectif vis\u00e9 par cette c\u00e9l\u00e9bration est la sensibilisation de l\u2019opinion nationale et internationale sur la probl\u00e9matique de la collecte, du traitement et de la conservation du patrimoine audiovisuel, \u00e0 l\u2019heure du Num\u00e9rique. A cette occasion, le ministre guin\u00e9en de l\u2019information et de la communication, Amara Sompar\u00e9 a fait une d\u00e9claration dont voici le contenu.<\/p>\n<p>Mesdames et Messieurs,<\/p>\n<p>Depuis 2006, l\u2019UNESCO a proclam\u00e9 la date du 27 octobre de chaque ann\u00e9e, \u00ab\u00a0Journ\u00e9e Mondiale du Patrimoine Audiovisuel\u00a0\u00bb. L\u2019Organisation Internationale a demand\u00e9 \u00e0 chacun de ses Etats membres de la c\u00e9l\u00e9brer.<\/p>\n<p>L\u2019objectif vis\u00e9 par cette c\u00e9l\u00e9bration est la sensibilisation de l\u2019opinion nationale et internationale \u00e0 la probl\u00e9matique de la collecte, du traitement et de la conservation du patrimoine audiovisuel, \u00e0 l\u2019heure du Num\u00e9rique.<\/p>\n<p>De nos jours, des milliers de programmes audio et vid\u00e9o sont menac\u00e9es de disparition \u00e0 tr\u00e8s br\u00e8ve \u00e9ch\u00e9ance, en particulier dans les pays en d\u00e9veloppement, faute de mise en place de la politique de conservation ad\u00e9quate.<\/p>\n<p>En Guin\u00e9e, le probl\u00e8me de la pr\u00e9servation et de la sauvegarde des archives audiovisuelles se pose avec acuit\u00e9.<\/p>\n<p>En effet, apr\u00e8s plus d\u2019un demi-si\u00e8cle d\u2019existence, la Radio T\u00e9l\u00e9vision Guin\u00e9enne a produit pr\u00e8s de 40 milles heures d\u2019images et de son.<\/p>\n<p>A ces productions de la RTG s\u2019ajoutent celles des radios rurales cr\u00e9es depuis 1990 et dont l\u2019\u00e9ventail s\u2019est consid\u00e9rablement agrandi, ainsi que celles des radios et t\u00e9l\u00e9visions priv\u00e9es, fruit de la diversification du paysage audiovisuel guin\u00e9en.<\/p>\n<p>Toute cette masse d\u2019informations et de donn\u00e9es sur notre vie de tous les jours existe, pour la plupart, sur des supports analogiques vuln\u00e9rables dont l\u2019exploitation n\u00e9cessite d\u00e9sormais le transfert au num\u00e9rique.<\/p>\n<p>Mesdames et Messieurs,<\/p>\n<p>La c\u00e9l\u00e9bration de la Journ\u00e9e Mondiale du Patrimoine Audiovisuel, constitue la manifestation d\u2019une volont\u00e9 politique en faveur du respect de la m\u00e9moire de nos devanciers, une reconnaissance de la place du pass\u00e9 dans la valorisation actuelle de notre patrimoine culturel<\/p>\n<p>Cette valorisation passe n\u00e9cessairement par la mise en place d\u2019une politique coh\u00e9rente de collecte, de gestion et de conservation des \u00e9l\u00e9ments d\u2019archives audiovisuelles.<\/p>\n<p>Ce travail n\u00e9cessite des moyens mat\u00e9riels, financiers et humains que seule une conjugaison d\u2019efforts du Gouvernement, du secteur priv\u00e9 et des partenaires au d\u00e9veloppement, pourrait permettre d\u2019acqu\u00e9rir.<\/p>\n<p>C\u2019est l\u2019occasion pour nous d\u2019exprimer au nom du Pr\u00e9sident de la R\u00e9publique, notre profonde gratitude \u00e0 l\u2019UNESCO, au CIRTEF, \u00e0 la Coop\u00e9ration Fran\u00e7aise, ainsi qu\u2019\u00e0 tous ceux qui, de pr\u00e8s ou de loin, apportent leur contribution \u00e0 la sauvegarde de notre patrimoine audiovisuel public par le biais des moyens techniques modernes et la formation.<\/p>\n<p>Vive la journ\u00e9e Mondiale du Patrimoine Audiovisuel au service de la paix et de l\u2019unit\u00e9 nationale\u00a0!<\/p>\n<p>Vive la Coop\u00e9ration Internationale\u00a0!<\/p>\n<p>Je vous remercie\u00a0!<\/p>\n<p>&nbsp;<\/p>\n","protected":false},"excerpt":{"rendered":"<p>La Journ\u00e9e Mondiale du Patrimoine Audiovisuel\u00a0 est c\u00e9l\u00e9br\u00e9e le 27 octobre de chaque ann\u00e9e. L\u2019objectif vis\u00e9 par cette c\u00e9l\u00e9bration est la sensibilisation de l\u2019opinion nationale et internationale sur la probl\u00e9matique de la collecte, du traitement et de la conservation du patrimoine audiovisuel, \u00e0 l\u2019heure du Num\u00e9rique. A cette occasion, le ministre guin\u00e9en de l\u2019information et [&hellip;]<\/p>\n","protected":false},"author":7,"featured_media":27083,"comment_status":"closed","ping_status":"closed","sticky":false,"template":"","format":"standard","meta":{"_exactmetrics_skip_tracking":false,"_exactmetrics_sitenote_active":false,"_exactmetrics_sitenote_note":"","_exactmetrics_sitenote_category":0,"tdm_status":"","tdm_grid_status":"","footnotes":""},"categories":[16],"tags":[],"class_list":{"0":"post-27082","1":"post","2":"type-post","3":"status-publish","4":"format-standard","5":"has-post-thumbnail","7":"category-societe"},"yoast_head":"<!-- This site is optimized with the Yoast SEO plugin v24.2 - https:\/\/yoast.com\/wordpress\/plugins\/seo\/ -->\n<title>Journ\u00e9e mondiale du patrimoine audiovisuel. : D\u00e9claration du ministre de l&#039;Information et de la Communication. | Guin\u00e9e Diversit\u00e9<\/title>\n<meta name=\"robots\" content=\"index, follow, max-snippet:-1, max-image-preview:large, max-video-preview:-1\" \/>\n<link rel=\"canonical\" href=\"https:\/\/guineediversite.com\/index.php\/2018\/10\/31\/journee-mondiale-du-patrimoine-audiovisuel-declaration-du-ministre-de-linformation-et-de-la-communication\/\" \/>\n<meta property=\"og:locale\" content=\"fr_FR\" \/>\n<meta property=\"og:type\" content=\"article\" \/>\n<meta property=\"og:title\" content=\"Journ\u00e9e mondiale du patrimoine audiovisuel. : D\u00e9claration du ministre de l&#039;Information et de la Communication. | Guin\u00e9e Diversit\u00e9\" \/>\n<meta property=\"og:description\" content=\"La Journ\u00e9e Mondiale du Patrimoine Audiovisuel\u00a0 est c\u00e9l\u00e9br\u00e9e le 27 octobre de chaque ann\u00e9e. L\u2019objectif vis\u00e9 par cette c\u00e9l\u00e9bration est la sensibilisation de l\u2019opinion nationale et internationale sur la probl\u00e9matique de la collecte, du traitement et de la conservation du patrimoine audiovisuel, \u00e0 l\u2019heure du Num\u00e9rique. A cette occasion, le ministre guin\u00e9en de l\u2019information et [&hellip;]\" \/>\n<meta property=\"og:url\" content=\"https:\/\/guineediversite.com\/index.php\/2018\/10\/31\/journee-mondiale-du-patrimoine-audiovisuel-declaration-du-ministre-de-linformation-et-de-la-communication\/\" \/>\n<meta property=\"og:site_name\" content=\"Guin\u00e9e Diversit\u00e9\" \/>\n<meta property=\"article:publisher\" content=\"https:\/\/www.facebook.com\/guineediversite\/\" \/>\n<meta property=\"article:published_time\" content=\"2018-10-31T13:39:14+00:00\" \/>\n<meta property=\"article:modified_time\" content=\"2018-10-31T14:42:27+00:00\" \/>\n<meta property=\"og:image\" content=\"https:\/\/guineediversite.com\/wp-content\/uploads\/2018\/10\/t\u00e9l\u00e9chargement-5.jpg\" \/>\n\t<meta property=\"og:image:width\" content=\"1024\" \/>\n\t<meta property=\"og:image:height\" content=\"636\" \/>\n\t<meta property=\"og:image:type\" content=\"image\/jpeg\" \/>\n<meta name=\"author\" content=\"Bilguissa Diallo\" \/>\n<meta name=\"twitter:card\" content=\"summary_large_image\" \/>\n<meta name=\"twitter:creator\" content=\"@GuineeDiversite\" \/>\n<meta name=\"twitter:site\" content=\"@GuineeDiversite\" \/>\n<meta name=\"twitter:label1\" content=\"\u00c9crit par\" \/>\n\t<meta name=\"twitter:data1\" content=\"Bilguissa Diallo\" \/>\n\t<meta name=\"twitter:label2\" content=\"Dur\u00e9e de lecture estim\u00e9e\" \/>\n\t<meta name=\"twitter:data2\" content=\"3 minutes\" \/>\n<script type=\"application\/ld+json\" class=\"yoast-schema-graph\">{\"@context\":\"https:\/\/schema.org\",\"@graph\":[{\"@type\":\"Article\",\"@id\":\"https:\/\/guineediversite.com\/index.php\/2018\/10\/31\/journee-mondiale-du-patrimoine-audiovisuel-declaration-du-ministre-de-linformation-et-de-la-communication\/#article\",\"isPartOf\":{\"@id\":\"https:\/\/guineediversite.com\/index.php\/2018\/10\/31\/journee-mondiale-du-patrimoine-audiovisuel-declaration-du-ministre-de-linformation-et-de-la-communication\/\"},\"author\":{\"name\":\"Bilguissa Diallo\",\"@id\":\"https:\/\/guineediversite.com\/#\/schema\/person\/0e0e3e424768a50d025ac2218ccca73f\"},\"headline\":\"Journ\u00e9e mondiale du patrimoine audiovisuel. : D\u00e9claration du ministre de l&rsquo;Information et de la Communication.\",\"datePublished\":\"2018-10-31T13:39:14+00:00\",\"dateModified\":\"2018-10-31T14:42:27+00:00\",\"mainEntityOfPage\":{\"@id\":\"https:\/\/guineediversite.com\/index.php\/2018\/10\/31\/journee-mondiale-du-patrimoine-audiovisuel-declaration-du-ministre-de-linformation-et-de-la-communication\/\"},\"wordCount\":543,\"publisher\":{\"@id\":\"https:\/\/guineediversite.com\/#organization\"},\"image\":{\"@id\":\"https:\/\/guineediversite.com\/index.php\/2018\/10\/31\/journee-mondiale-du-patrimoine-audiovisuel-declaration-du-ministre-de-linformation-et-de-la-communication\/#primaryimage\"},\"thumbnailUrl\":\"https:\/\/guineediversite.com\/wp-content\/uploads\/2018\/10\/t\u00e9l\u00e9chargement-5.jpg\",\"articleSection\":[\"Soci\u00e9t\u00e9\"],\"inLanguage\":\"fr-FR\"},{\"@type\":\"WebPage\",\"@id\":\"https:\/\/guineediversite.com\/index.php\/2018\/10\/31\/journee-mondiale-du-patrimoine-audiovisuel-declaration-du-ministre-de-linformation-et-de-la-communication\/\",\"url\":\"https:\/\/guineediversite.com\/index.php\/2018\/10\/31\/journee-mondiale-du-patrimoine-audiovisuel-declaration-du-ministre-de-linformation-et-de-la-communication\/\",\"name\":\"Journ\u00e9e mondiale du patrimoine audiovisuel. : D\u00e9claration du ministre de l'Information et de la Communication. | Guin\u00e9e Diversit\u00e9\",\"isPartOf\":{\"@id\":\"https:\/\/guineediversite.com\/#website\"},\"primaryImageOfPage\":{\"@id\":\"https:\/\/guineediversite.com\/index.php\/2018\/10\/31\/journee-mondiale-du-patrimoine-audiovisuel-declaration-du-ministre-de-linformation-et-de-la-communication\/#primaryimage\"},\"image\":{\"@id\":\"https:\/\/guineediversite.com\/index.php\/2018\/10\/31\/journee-mondiale-du-patrimoine-audiovisuel-declaration-du-ministre-de-linformation-et-de-la-communication\/#primaryimage\"},\"thumbnailUrl\":\"https:\/\/guineediversite.com\/wp-content\/uploads\/2018\/10\/t\u00e9l\u00e9chargement-5.jpg\",\"datePublished\":\"2018-10-31T13:39:14+00:00\",\"dateModified\":\"2018-10-31T14:42:27+00:00\",\"breadcrumb\":{\"@id\":\"https:\/\/guineediversite.com\/index.php\/2018\/10\/31\/journee-mondiale-du-patrimoine-audiovisuel-declaration-du-ministre-de-linformation-et-de-la-communication\/#breadcrumb\"},\"inLanguage\":\"fr-FR\",\"potentialAction\":[{\"@type\":\"ReadAction\",\"target\":[\"https:\/\/guineediversite.com\/index.php\/2018\/10\/31\/journee-mondiale-du-patrimoine-audiovisuel-declaration-du-ministre-de-linformation-et-de-la-communication\/\"]}]},{\"@type\":\"ImageObject\",\"inLanguage\":\"fr-FR\",\"@id\":\"https:\/\/guineediversite.com\/index.php\/2018\/10\/31\/journee-mondiale-du-patrimoine-audiovisuel-declaration-du-ministre-de-linformation-et-de-la-communication\/#primaryimage\",\"url\":\"https:\/\/guineediversite.com\/wp-content\/uploads\/2018\/10\/t\u00e9l\u00e9chargement-5.jpg\",\"contentUrl\":\"https:\/\/guineediversite.com\/wp-content\/uploads\/2018\/10\/t\u00e9l\u00e9chargement-5.jpg\",\"width\":1024,\"height\":636},{\"@type\":\"BreadcrumbList\",\"@id\":\"https:\/\/guineediversite.com\/index.php\/2018\/10\/31\/journee-mondiale-du-patrimoine-audiovisuel-declaration-du-ministre-de-linformation-et-de-la-communication\/#breadcrumb\",\"itemListElement\":[{\"@type\":\"ListItem\",\"position\":1,\"name\":\"Accueil\",\"item\":\"https:\/\/guineediversite.com\/\"},{\"@type\":\"ListItem\",\"position\":2,\"name\":\"Journ\u00e9e mondiale du patrimoine audiovisuel. : D\u00e9claration du ministre de l&rsquo;Information et de la Communication.\"}]},{\"@type\":\"WebSite\",\"@id\":\"https:\/\/guineediversite.com\/#website\",\"url\":\"https:\/\/guineediversite.com\/\",\"name\":\"Guin\u00e9e Diversit\u00e9\",\"description\":\"L&#039;Info dans toute sa diversit\u00e9\",\"publisher\":{\"@id\":\"https:\/\/guineediversite.com\/#organization\"},\"potentialAction\":[{\"@type\":\"SearchAction\",\"target\":{\"@type\":\"EntryPoint\",\"urlTemplate\":\"https:\/\/guineediversite.com\/?s={search_term_string}\"},\"query-input\":{\"@type\":\"PropertyValueSpecification\",\"valueRequired\":true,\"valueName\":\"search_term_string\"}}],\"inLanguage\":\"fr-FR\"},{\"@type\":\"Organization\",\"@id\":\"https:\/\/guineediversite.com\/#organization\",\"name\":\"Guin\u00e9e Diversit\u00e9\",\"url\":\"https:\/\/guineediversite.com\/\",\"logo\":{\"@type\":\"ImageObject\",\"inLanguage\":\"fr-FR\",\"@id\":\"https:\/\/guineediversite.com\/#\/schema\/logo\/image\/\",\"url\":\"https:\/\/guineediversite.com\/wp-content\/uploads\/2017\/04\/cropped-1jojlxEOMkX9Wyqfhe43D6kjPOGqBBKmx3EwWJqZ0cMrFF54yM49.png\",\"contentUrl\":\"https:\/\/guineediversite.com\/wp-content\/uploads\/2017\/04\/cropped-1jojlxEOMkX9Wyqfhe43D6kjPOGqBBKmx3EwWJqZ0cMrFF54yM49.png\",\"width\":186,\"height\":112,\"caption\":\"Guin\u00e9e Diversit\u00e9\"},\"image\":{\"@id\":\"https:\/\/guineediversite.com\/#\/schema\/logo\/image\/\"},\"sameAs\":[\"https:\/\/www.facebook.com\/guineediversite\/\",\"https:\/\/x.com\/GuineeDiversite\",\"https:\/\/www.youtube.com\/channel\/UC8sUY16qelG5ge6_D5SB83g\"]},{\"@type\":\"Person\",\"@id\":\"https:\/\/guineediversite.com\/#\/schema\/person\/0e0e3e424768a50d025ac2218ccca73f\",\"name\":\"Bilguissa Diallo\",\"image\":{\"@type\":\"ImageObject\",\"inLanguage\":\"fr-FR\",\"@id\":\"https:\/\/guineediversite.com\/#\/schema\/person\/image\/\",\"url\":\"https:\/\/secure.gravatar.com\/avatar\/49bbbd2420ee34d62b1b191791f4b5df?s=96&d=mm&r=g\",\"contentUrl\":\"https:\/\/secure.gravatar.com\/avatar\/49bbbd2420ee34d62b1b191791f4b5df?s=96&d=mm&r=g\",\"caption\":\"Bilguissa Diallo\"},\"url\":\"https:\/\/guineediversite.com\/index.php\/author\/bilguissa\/\"}]}<\/script>\n<!-- \/ Yoast SEO plugin. -->","yoast_head_json":{"title":"Journ\u00e9e mondiale du patrimoine audiovisuel. : D\u00e9claration du ministre de l'Information et de la Communication. | Guin\u00e9e Diversit\u00e9","robots":{"index":"index","follow":"follow","max-snippet":"max-snippet:-1","max-image-preview":"max-image-preview:large","max-video-preview":"max-video-preview:-1"},"canonical":"https:\/\/guineediversite.com\/index.php\/2018\/10\/31\/journee-mondiale-du-patrimoine-audiovisuel-declaration-du-ministre-de-linformation-et-de-la-communication\/","og_locale":"fr_FR","og_type":"article","og_title":"Journ\u00e9e mondiale du patrimoine audiovisuel. : D\u00e9claration du ministre de l'Information et de la Communication. | Guin\u00e9e Diversit\u00e9","og_description":"La Journ\u00e9e Mondiale du Patrimoine Audiovisuel\u00a0 est c\u00e9l\u00e9br\u00e9e le 27 octobre de chaque ann\u00e9e. L\u2019objectif vis\u00e9 par cette c\u00e9l\u00e9bration est la sensibilisation de l\u2019opinion nationale et internationale sur la probl\u00e9matique de la collecte, du traitement et de la conservation du patrimoine audiovisuel, \u00e0 l\u2019heure du Num\u00e9rique. A cette occasion, le ministre guin\u00e9en de l\u2019information et [&hellip;]","og_url":"https:\/\/guineediversite.com\/index.php\/2018\/10\/31\/journee-mondiale-du-patrimoine-audiovisuel-declaration-du-ministre-de-linformation-et-de-la-communication\/","og_site_name":"Guin\u00e9e Diversit\u00e9","article_publisher":"https:\/\/www.facebook.com\/guineediversite\/","article_published_time":"2018-10-31T13:39:14+00:00","article_modified_time":"2018-10-31T14:42:27+00:00","og_image":[{"width":1024,"height":636,"url":"https:\/\/guineediversite.com\/wp-content\/uploads\/2018\/10\/t\u00e9l\u00e9chargement-5.jpg","type":"image\/jpeg"}],"author":"Bilguissa Diallo","twitter_card":"summary_large_image","twitter_creator":"@GuineeDiversite","twitter_site":"@GuineeDiversite","twitter_misc":{"\u00c9crit par":"Bilguissa Diallo","Dur\u00e9e de lecture estim\u00e9e":"3 minutes"},"schema":{"@context":"https:\/\/schema.org","@graph":[{"@type":"Article","@id":"https:\/\/guineediversite.com\/index.php\/2018\/10\/31\/journee-mondiale-du-patrimoine-audiovisuel-declaration-du-ministre-de-linformation-et-de-la-communication\/#article","isPartOf":{"@id":"https:\/\/guineediversite.com\/index.php\/2018\/10\/31\/journee-mondiale-du-patrimoine-audiovisuel-declaration-du-ministre-de-linformation-et-de-la-communication\/"},"author":{"name":"Bilguissa Diallo","@id":"https:\/\/guineediversite.com\/#\/schema\/person\/0e0e3e424768a50d025ac2218ccca73f"},"headline":"Journ\u00e9e mondiale du patrimoine audiovisuel. : D\u00e9claration du ministre de l&rsquo;Information et de la Communication.","datePublished":"2018-10-31T13:39:14+00:00","dateModified":"2018-10-31T14:42:27+00:00","mainEntityOfPage":{"@id":"https:\/\/guineediversite.com\/index.php\/2018\/10\/31\/journee-mondiale-du-patrimoine-audiovisuel-declaration-du-ministre-de-linformation-et-de-la-communication\/"},"wordCount":543,"publisher":{"@id":"https:\/\/guineediversite.com\/#organization"},"image":{"@id":"https:\/\/guineediversite.com\/index.php\/2018\/10\/31\/journee-mondiale-du-patrimoine-audiovisuel-declaration-du-ministre-de-linformation-et-de-la-communication\/#primaryimage"},"thumbnailUrl":"https:\/\/guineediversite.com\/wp-content\/uploads\/2018\/10\/t\u00e9l\u00e9chargement-5.jpg","articleSection":["Soci\u00e9t\u00e9"],"inLanguage":"fr-FR"},{"@type":"WebPage","@id":"https:\/\/guineediversite.com\/index.php\/2018\/10\/31\/journee-mondiale-du-patrimoine-audiovisuel-declaration-du-ministre-de-linformation-et-de-la-communication\/","url":"https:\/\/guineediversite.com\/index.php\/2018\/10\/31\/journee-mondiale-du-patrimoine-audiovisuel-declaration-du-ministre-de-linformation-et-de-la-communication\/","name":"Journ\u00e9e mondiale du patrimoine audiovisuel. : D\u00e9claration du ministre de l'Information et de la Communication. | Guin\u00e9e Diversit\u00e9","isPartOf":{"@id":"https:\/\/guineediversite.com\/#website"},"primaryImageOfPage":{"@id":"https:\/\/guineediversite.com\/index.php\/2018\/10\/31\/journee-mondiale-du-patrimoine-audiovisuel-declaration-du-ministre-de-linformation-et-de-la-communication\/#primaryimage"},"image":{"@id":"https:\/\/guineediversite.com\/index.php\/2018\/10\/31\/journee-mondiale-du-patrimoine-audiovisuel-declaration-du-ministre-de-linformation-et-de-la-communication\/#primaryimage"},"thumbnailUrl":"https:\/\/guineediversite.com\/wp-content\/uploads\/2018\/10\/t\u00e9l\u00e9chargement-5.jpg","datePublished":"2018-10-31T13:39:14+00:00","dateModified":"2018-10-31T14:42:27+00:00","breadcrumb":{"@id":"https:\/\/guineediversite.com\/index.php\/2018\/10\/31\/journee-mondiale-du-patrimoine-audiovisuel-declaration-du-ministre-de-linformation-et-de-la-communication\/#breadcrumb"},"inLanguage":"fr-FR","potentialAction":[{"@type":"ReadAction","target":["https:\/\/guineediversite.com\/index.php\/2018\/10\/31\/journee-mondiale-du-patrimoine-audiovisuel-declaration-du-ministre-de-linformation-et-de-la-communication\/"]}]},{"@type":"ImageObject","inLanguage":"fr-FR","@id":"https:\/\/guineediversite.com\/index.php\/2018\/10\/31\/journee-mondiale-du-patrimoine-audiovisuel-declaration-du-ministre-de-linformation-et-de-la-communication\/#primaryimage","url":"https:\/\/guineediversite.com\/wp-content\/uploads\/2018\/10\/t\u00e9l\u00e9chargement-5.jpg","contentUrl":"https:\/\/guineediversite.com\/wp-content\/uploads\/2018\/10\/t\u00e9l\u00e9chargement-5.jpg","width":1024,"height":636},{"@type":"BreadcrumbList","@id":"https:\/\/guineediversite.com\/index.php\/2018\/10\/31\/journee-mondiale-du-patrimoine-audiovisuel-declaration-du-ministre-de-linformation-et-de-la-communication\/#breadcrumb","itemListElement":[{"@type":"ListItem","position":1,"name":"Accueil","item":"https:\/\/guineediversite.com\/"},{"@type":"ListItem","position":2,"name":"Journ\u00e9e mondiale du patrimoine audiovisuel. : D\u00e9claration du ministre de l&rsquo;Information et de la Communication."}]},{"@type":"WebSite","@id":"https:\/\/guineediversite.com\/#website","url":"https:\/\/guineediversite.com\/","name":"Guin\u00e9e Diversit\u00e9","description":"L&#039;Info dans toute sa diversit\u00e9","publisher":{"@id":"https:\/\/guineediversite.com\/#organization"},"potentialAction":[{"@type":"SearchAction","target":{"@type":"EntryPoint","urlTemplate":"https:\/\/guineediversite.com\/?s={search_term_string}"},"query-input":{"@type":"PropertyValueSpecification","valueRequired":true,"valueName":"search_term_string"}}],"inLanguage":"fr-FR"},{"@type":"Organization","@id":"https:\/\/guineediversite.com\/#organization","name":"Guin\u00e9e Diversit\u00e9","url":"https:\/\/guineediversite.com\/","logo":{"@type":"ImageObject","inLanguage":"fr-FR","@id":"https:\/\/guineediversite.com\/#\/schema\/logo\/image\/","url":"https:\/\/guineediversite.com\/wp-content\/uploads\/2017\/04\/cropped-1jojlxEOMkX9Wyqfhe43D6kjPOGqBBKmx3EwWJqZ0cMrFF54yM49.png","contentUrl":"https:\/\/guineediversite.com\/wp-content\/uploads\/2017\/04\/cropped-1jojlxEOMkX9Wyqfhe43D6kjPOGqBBKmx3EwWJqZ0cMrFF54yM49.png","width":186,"height":112,"caption":"Guin\u00e9e Diversit\u00e9"},"image":{"@id":"https:\/\/guineediversite.com\/#\/schema\/logo\/image\/"},"sameAs":["https:\/\/www.facebook.com\/guineediversite\/","https:\/\/x.com\/GuineeDiversite","https:\/\/www.youtube.com\/channel\/UC8sUY16qelG5ge6_D5SB83g"]},{"@type":"Person","@id":"https:\/\/guineediversite.com\/#\/schema\/person\/0e0e3e424768a50d025ac2218ccca73f","name":"Bilguissa Diallo","image":{"@type":"ImageObject","inLanguage":"fr-FR","@id":"https:\/\/guineediversite.com\/#\/schema\/person\/image\/","url":"https:\/\/secure.gravatar.com\/avatar\/49bbbd2420ee34d62b1b191791f4b5df?s=96&d=mm&r=g","contentUrl":"https:\/\/secure.gravatar.com\/avatar\/49bbbd2420ee34d62b1b191791f4b5df?s=96&d=mm&r=g","caption":"Bilguissa Diallo"},"url":"https:\/\/guineediversite.com\/index.php\/author\/bilguissa\/"}]}},"_links":{"self":[{"href":"https:\/\/guineediversite.com\/index.php\/wp-json\/wp\/v2\/posts\/27082"}],"collection":[{"href":"https:\/\/guineediversite.com\/index.php\/wp-json\/wp\/v2\/posts"}],"about":[{"href":"https:\/\/guineediversite.com\/index.php\/wp-json\/wp\/v2\/types\/post"}],"author":[{"embeddable":true,"href":"https:\/\/guineediversite.com\/index.php\/wp-json\/wp\/v2\/users\/7"}],"replies":[{"embeddable":true,"href":"https:\/\/guineediversite.com\/index.php\/wp-json\/wp\/v2\/comments?post=27082"}],"version-history":[{"count":0,"href":"https:\/\/guineediversite.com\/index.php\/wp-json\/wp\/v2\/posts\/27082\/revisions"}],"wp:featuredmedia":[{"embeddable":true,"href":"https:\/\/guineediversite.com\/index.php\/wp-json\/wp\/v2\/media\/27083"}],"wp:attachment":[{"href":"https:\/\/guineediversite.com\/index.php\/wp-json\/wp\/v2\/media?parent=27082"}],"wp:term":[{"taxonomy":"category","embeddable":true,"href":"https:\/\/guineediversite.com\/index.php\/wp-json\/wp\/v2\/categories?post=27082"},{"taxonomy":"post_tag","embeddable":true,"href":"https:\/\/guineediversite.com\/index.php\/wp-json\/wp\/v2\/tags?post=27082"}],"curies":[{"name":"wp","href":"https:\/\/api.w.org\/{rel}","templated":true}]}}