{"id":27075,"date":"2018-10-30T14:29:20","date_gmt":"2018-10-30T13:29:20","guid":{"rendered":"https:\/\/guineediversite.com\/?p=27075"},"modified":"2018-10-30T14:51:27","modified_gmt":"2018-10-30T13:51:27","slug":"marche-de-lopposition-cellou-dalein-aux-forces-de-lordre","status":"publish","type":"post","link":"https:\/\/guineediversite.com\/index.php\/2018\/10\/30\/marche-de-lopposition-cellou-dalein-aux-forces-de-lordre\/","title":{"rendered":"Marche de l\u2019opposition : Cellou Dalein aux forces de l&rsquo;ordre"},"content":{"rendered":"<p><strong>Confin\u00e9 chez lui depuis l&rsquo;aube de ce mardi 30 octobre par les agents des forces de l&rsquo;ordre, le chef de file de l&rsquo;opposition guin\u00e9enne n&rsquo;a pas pu rallier la tannerie lieu indiqu\u00e9 pour entamer la marche pacifique comme pr\u00e9vue. Voulant sortir du confinement, il a \u00e9t\u00e9 bloqu\u00e9 par les acc\u00e8s menant vers son domicile priv\u00e9 situ\u00e9 \u00e0 Dixinn port sur la corniche dans la commune de Dixinn de par la police.<\/strong><\/p>\n<p>Irrit\u00e9 par cet emp\u00eachement, Cellou Dalein Diallo a ouvert sa chemise pour montrer aux forces de l&rsquo;ordre certainement qu&rsquo;il n&rsquo;\u00e9tait pas arm\u00e9 ou qu&rsquo;il n&rsquo;avait pas peur de toute cette armada d&rsquo;agent.<\/p>\n<p>Par la suite, Cellou Dalein s&rsquo;est adress\u00e9 aux policiers en ces termes\u00a0: \u00ab\u00a0 <em>Ils vous donnent des ordres ill\u00e9gaux. Nul n&rsquo;est oblig\u00e9 d&rsquo;ob\u00e9ir \u00e0 un ordre ill\u00e9gal. Ce n&rsquo;est pas juste qu&rsquo;on prive les Guin\u00e9ens de leur libert\u00e9, de leur libert\u00e9 de manifester qui est un droit constitutionnel, consacr\u00e9 par notre loi fondamentale. On a trop tu\u00e9\u00a0; soyez r\u00e9publicains. Ceux qui manifestent ce sont vos fr\u00e8res et s\u0153urs. \u00a0\u00a0Demain on va se retrouver pour dire qui a fait quoi? Pour tourner la page pour que les Guin\u00e9ens vivent en fr\u00e8re. Si vous continuer d&rsquo;ex\u00e9cuter les ordres d&rsquo;Alpha Cond\u00e9, vous allez \u00eatre en conflit avec la r\u00e9publique, en conflit avec le peuple de Guin\u00e9e parce qu&rsquo;il (Alpha Cond\u00e9 Ndlr) n\u2019a pas piti\u00e9 de ce peuple, il ne veut pas respecter la loi, il ne veut pas respecter la constitution et malheureusement, vous pensez qu&rsquo;\u00eatre r\u00e9publicain, c&rsquo;est ex\u00e9cuter les ordres ill\u00e9gaux qu&rsquo;ils vous donnent. Nul n&rsquo;est oblig\u00e9 d&rsquo;ex\u00e9cuter un ordre ill\u00e9gal. C&rsquo;est sont vos fr\u00e8res qui sont morts, enterr\u00e9s au cimeti\u00e8re de Bambeto\u00a0<\/em>\u00bb, a d\u00e9clar\u00e9 le pr\u00e9sident de l\u2019UFDG.<\/p>\n<p><iframe loading=\"lazy\" style=\"border: none; overflow: hidden;\" src=\"https:\/\/www.facebook.com\/plugins\/video.php?href=https%3A%2F%2Fwww.facebook.com%2Fmamadoumaka.bah.3%2Fvideos%2F2185242578390272%2F&amp;show_text=0&amp;width=560\" width=\"560\" height=\"321\" frameborder=\"0\" scrolling=\"no\" allowfullscreen=\"allowfullscreen\"><\/iframe><\/p>\n<p>Au moment o\u00f9 nous mettions cette d\u00e9p\u00eache en ligne du gaz lacrymog\u00e8nes pleuvaient de partout pour disperser la petite foule \u00e0 la devanture de la r\u00e9sidence du chef de file de l&rsquo;opposition.<\/p>\n","protected":false},"excerpt":{"rendered":"<p>Confin\u00e9 chez lui depuis l&rsquo;aube de ce mardi 30 octobre par les agents des forces de l&rsquo;ordre, le chef de file de l&rsquo;opposition guin\u00e9enne n&rsquo;a pas pu rallier la tannerie lieu indiqu\u00e9 pour entamer la marche pacifique comme pr\u00e9vue. Voulant sortir du confinement, il a \u00e9t\u00e9 bloqu\u00e9 par les acc\u00e8s menant vers son domicile priv\u00e9 [&hellip;]<\/p>\n","protected":false},"author":16,"featured_media":27076,"comment_status":"closed","ping_status":"closed","sticky":false,"template":"","format":"standard","meta":{"_exactmetrics_skip_tracking":false,"_exactmetrics_sitenote_active":false,"_exactmetrics_sitenote_note":"","_exactmetrics_sitenote_category":0,"tdm_status":"","tdm_grid_status":"","footnotes":""},"categories":[14],"tags":[],"class_list":{"0":"post-27075","1":"post","2":"type-post","3":"status-publish","4":"format-standard","5":"has-post-thumbnail","7":"category-politique"},"yoast_head":"<!-- This site is optimized with the Yoast SEO plugin v24.2 - https:\/\/yoast.com\/wordpress\/plugins\/seo\/ -->\n<title>Marche de l\u2019opposition : Cellou Dalein aux forces de l&#039;ordre | Guin\u00e9e Diversit\u00e9<\/title>\n<meta name=\"robots\" content=\"index, follow, max-snippet:-1, max-image-preview:large, max-video-preview:-1\" \/>\n<link rel=\"canonical\" href=\"https:\/\/guineediversite.com\/index.php\/2018\/10\/30\/marche-de-lopposition-cellou-dalein-aux-forces-de-lordre\/\" \/>\n<meta property=\"og:locale\" content=\"fr_FR\" \/>\n<meta property=\"og:type\" content=\"article\" \/>\n<meta property=\"og:title\" content=\"Marche de l\u2019opposition : Cellou Dalein aux forces de l&#039;ordre | Guin\u00e9e Diversit\u00e9\" \/>\n<meta property=\"og:description\" content=\"Confin\u00e9 chez lui depuis l&rsquo;aube de ce mardi 30 octobre par les agents des forces de l&rsquo;ordre, le chef de file de l&rsquo;opposition guin\u00e9enne n&rsquo;a pas pu rallier la tannerie lieu indiqu\u00e9 pour entamer la marche pacifique comme pr\u00e9vue. Voulant sortir du confinement, il a \u00e9t\u00e9 bloqu\u00e9 par les acc\u00e8s menant vers son domicile priv\u00e9 [&hellip;]\" \/>\n<meta property=\"og:url\" content=\"https:\/\/guineediversite.com\/index.php\/2018\/10\/30\/marche-de-lopposition-cellou-dalein-aux-forces-de-lordre\/\" \/>\n<meta property=\"og:site_name\" content=\"Guin\u00e9e Diversit\u00e9\" \/>\n<meta property=\"article:publisher\" content=\"https:\/\/www.facebook.com\/guineediversite\/\" \/>\n<meta property=\"article:published_time\" content=\"2018-10-30T13:29:20+00:00\" \/>\n<meta property=\"article:modified_time\" content=\"2018-10-30T13:51:27+00:00\" \/>\n<meta property=\"og:image\" content=\"https:\/\/guineediversite.com\/wp-content\/uploads\/2018\/10\/45132903_339265700182034_1540471985866276864_n.jpg\" \/>\n\t<meta property=\"og:image:width\" content=\"2048\" \/>\n\t<meta property=\"og:image:height\" content=\"1536\" \/>\n\t<meta property=\"og:image:type\" content=\"image\/jpeg\" \/>\n<meta name=\"author\" content=\"Moussa Mo\u00efse K\u00e9ita\" \/>\n<meta name=\"twitter:card\" content=\"summary_large_image\" \/>\n<meta name=\"twitter:creator\" content=\"@GuineeDiversite\" \/>\n<meta name=\"twitter:site\" content=\"@GuineeDiversite\" \/>\n<meta name=\"twitter:label1\" content=\"\u00c9crit par\" \/>\n\t<meta name=\"twitter:data1\" content=\"Moussa Mo\u00efse K\u00e9ita\" \/>\n\t<meta name=\"twitter:label2\" content=\"Dur\u00e9e de lecture estim\u00e9e\" \/>\n\t<meta name=\"twitter:data2\" content=\"2 minutes\" \/>\n<script type=\"application\/ld+json\" class=\"yoast-schema-graph\">{\"@context\":\"https:\/\/schema.org\",\"@graph\":[{\"@type\":\"Article\",\"@id\":\"https:\/\/guineediversite.com\/index.php\/2018\/10\/30\/marche-de-lopposition-cellou-dalein-aux-forces-de-lordre\/#article\",\"isPartOf\":{\"@id\":\"https:\/\/guineediversite.com\/index.php\/2018\/10\/30\/marche-de-lopposition-cellou-dalein-aux-forces-de-lordre\/\"},\"author\":{\"name\":\"Moussa Mo\u00efse K\u00e9ita\",\"@id\":\"https:\/\/guineediversite.com\/#\/schema\/person\/079ec347f72d2acde4b56a50a4fd46dc\"},\"headline\":\"Marche de l\u2019opposition : Cellou Dalein aux forces de l&rsquo;ordre\",\"datePublished\":\"2018-10-30T13:29:20+00:00\",\"dateModified\":\"2018-10-30T13:51:27+00:00\",\"mainEntityOfPage\":{\"@id\":\"https:\/\/guineediversite.com\/index.php\/2018\/10\/30\/marche-de-lopposition-cellou-dalein-aux-forces-de-lordre\/\"},\"wordCount\":375,\"publisher\":{\"@id\":\"https:\/\/guineediversite.com\/#organization\"},\"image\":{\"@id\":\"https:\/\/guineediversite.com\/index.php\/2018\/10\/30\/marche-de-lopposition-cellou-dalein-aux-forces-de-lordre\/#primaryimage\"},\"thumbnailUrl\":\"https:\/\/guineediversite.com\/wp-content\/uploads\/2018\/10\/45132903_339265700182034_1540471985866276864_n.jpg\",\"articleSection\":[\"Politique\"],\"inLanguage\":\"fr-FR\"},{\"@type\":\"WebPage\",\"@id\":\"https:\/\/guineediversite.com\/index.php\/2018\/10\/30\/marche-de-lopposition-cellou-dalein-aux-forces-de-lordre\/\",\"url\":\"https:\/\/guineediversite.com\/index.php\/2018\/10\/30\/marche-de-lopposition-cellou-dalein-aux-forces-de-lordre\/\",\"name\":\"Marche de l\u2019opposition : Cellou Dalein aux forces de l'ordre | Guin\u00e9e Diversit\u00e9\",\"isPartOf\":{\"@id\":\"https:\/\/guineediversite.com\/#website\"},\"primaryImageOfPage\":{\"@id\":\"https:\/\/guineediversite.com\/index.php\/2018\/10\/30\/marche-de-lopposition-cellou-dalein-aux-forces-de-lordre\/#primaryimage\"},\"image\":{\"@id\":\"https:\/\/guineediversite.com\/index.php\/2018\/10\/30\/marche-de-lopposition-cellou-dalein-aux-forces-de-lordre\/#primaryimage\"},\"thumbnailUrl\":\"https:\/\/guineediversite.com\/wp-content\/uploads\/2018\/10\/45132903_339265700182034_1540471985866276864_n.jpg\",\"datePublished\":\"2018-10-30T13:29:20+00:00\",\"dateModified\":\"2018-10-30T13:51:27+00:00\",\"breadcrumb\":{\"@id\":\"https:\/\/guineediversite.com\/index.php\/2018\/10\/30\/marche-de-lopposition-cellou-dalein-aux-forces-de-lordre\/#breadcrumb\"},\"inLanguage\":\"fr-FR\",\"potentialAction\":[{\"@type\":\"ReadAction\",\"target\":[\"https:\/\/guineediversite.com\/index.php\/2018\/10\/30\/marche-de-lopposition-cellou-dalein-aux-forces-de-lordre\/\"]}]},{\"@type\":\"ImageObject\",\"inLanguage\":\"fr-FR\",\"@id\":\"https:\/\/guineediversite.com\/index.php\/2018\/10\/30\/marche-de-lopposition-cellou-dalein-aux-forces-de-lordre\/#primaryimage\",\"url\":\"https:\/\/guineediversite.com\/wp-content\/uploads\/2018\/10\/45132903_339265700182034_1540471985866276864_n.jpg\",\"contentUrl\":\"https:\/\/guineediversite.com\/wp-content\/uploads\/2018\/10\/45132903_339265700182034_1540471985866276864_n.jpg\",\"width\":2048,\"height\":1536},{\"@type\":\"BreadcrumbList\",\"@id\":\"https:\/\/guineediversite.com\/index.php\/2018\/10\/30\/marche-de-lopposition-cellou-dalein-aux-forces-de-lordre\/#breadcrumb\",\"itemListElement\":[{\"@type\":\"ListItem\",\"position\":1,\"name\":\"Accueil\",\"item\":\"https:\/\/guineediversite.com\/\"},{\"@type\":\"ListItem\",\"position\":2,\"name\":\"Marche de l\u2019opposition : Cellou Dalein aux forces de l&rsquo;ordre\"}]},{\"@type\":\"WebSite\",\"@id\":\"https:\/\/guineediversite.com\/#website\",\"url\":\"https:\/\/guineediversite.com\/\",\"name\":\"Guin\u00e9e Diversit\u00e9\",\"description\":\"L&#039;Info dans toute sa diversit\u00e9\",\"publisher\":{\"@id\":\"https:\/\/guineediversite.com\/#organization\"},\"potentialAction\":[{\"@type\":\"SearchAction\",\"target\":{\"@type\":\"EntryPoint\",\"urlTemplate\":\"https:\/\/guineediversite.com\/?s={search_term_string}\"},\"query-input\":{\"@type\":\"PropertyValueSpecification\",\"valueRequired\":true,\"valueName\":\"search_term_string\"}}],\"inLanguage\":\"fr-FR\"},{\"@type\":\"Organization\",\"@id\":\"https:\/\/guineediversite.com\/#organization\",\"name\":\"Guin\u00e9e Diversit\u00e9\",\"url\":\"https:\/\/guineediversite.com\/\",\"logo\":{\"@type\":\"ImageObject\",\"inLanguage\":\"fr-FR\",\"@id\":\"https:\/\/guineediversite.com\/#\/schema\/logo\/image\/\",\"url\":\"https:\/\/guineediversite.com\/wp-content\/uploads\/2017\/04\/cropped-1jojlxEOMkX9Wyqfhe43D6kjPOGqBBKmx3EwWJqZ0cMrFF54yM49.png\",\"contentUrl\":\"https:\/\/guineediversite.com\/wp-content\/uploads\/2017\/04\/cropped-1jojlxEOMkX9Wyqfhe43D6kjPOGqBBKmx3EwWJqZ0cMrFF54yM49.png\",\"width\":186,\"height\":112,\"caption\":\"Guin\u00e9e Diversit\u00e9\"},\"image\":{\"@id\":\"https:\/\/guineediversite.com\/#\/schema\/logo\/image\/\"},\"sameAs\":[\"https:\/\/www.facebook.com\/guineediversite\/\",\"https:\/\/x.com\/GuineeDiversite\",\"https:\/\/www.youtube.com\/channel\/UC8sUY16qelG5ge6_D5SB83g\"]},{\"@type\":\"Person\",\"@id\":\"https:\/\/guineediversite.com\/#\/schema\/person\/079ec347f72d2acde4b56a50a4fd46dc\",\"name\":\"Moussa Mo\u00efse K\u00e9ita\",\"image\":{\"@type\":\"ImageObject\",\"inLanguage\":\"fr-FR\",\"@id\":\"https:\/\/guineediversite.com\/#\/schema\/person\/image\/\",\"url\":\"https:\/\/secure.gravatar.com\/avatar\/edf1ea2cc01841e6c0b49384bcb1385b?s=96&d=mm&r=g\",\"contentUrl\":\"https:\/\/secure.gravatar.com\/avatar\/edf1ea2cc01841e6c0b49384bcb1385b?s=96&d=mm&r=g\",\"caption\":\"Moussa Mo\u00efse K\u00e9ita\"},\"url\":\"https:\/\/guineediversite.com\/index.php\/author\/moussa-moise\/\"}]}<\/script>\n<!-- \/ Yoast SEO plugin. -->","yoast_head_json":{"title":"Marche de l\u2019opposition : Cellou Dalein aux forces de l'ordre | Guin\u00e9e Diversit\u00e9","robots":{"index":"index","follow":"follow","max-snippet":"max-snippet:-1","max-image-preview":"max-image-preview:large","max-video-preview":"max-video-preview:-1"},"canonical":"https:\/\/guineediversite.com\/index.php\/2018\/10\/30\/marche-de-lopposition-cellou-dalein-aux-forces-de-lordre\/","og_locale":"fr_FR","og_type":"article","og_title":"Marche de l\u2019opposition : Cellou Dalein aux forces de l'ordre | Guin\u00e9e Diversit\u00e9","og_description":"Confin\u00e9 chez lui depuis l&rsquo;aube de ce mardi 30 octobre par les agents des forces de l&rsquo;ordre, le chef de file de l&rsquo;opposition guin\u00e9enne n&rsquo;a pas pu rallier la tannerie lieu indiqu\u00e9 pour entamer la marche pacifique comme pr\u00e9vue. Voulant sortir du confinement, il a \u00e9t\u00e9 bloqu\u00e9 par les acc\u00e8s menant vers son domicile priv\u00e9 [&hellip;]","og_url":"https:\/\/guineediversite.com\/index.php\/2018\/10\/30\/marche-de-lopposition-cellou-dalein-aux-forces-de-lordre\/","og_site_name":"Guin\u00e9e Diversit\u00e9","article_publisher":"https:\/\/www.facebook.com\/guineediversite\/","article_published_time":"2018-10-30T13:29:20+00:00","article_modified_time":"2018-10-30T13:51:27+00:00","og_image":[{"width":2048,"height":1536,"url":"https:\/\/guineediversite.com\/wp-content\/uploads\/2018\/10\/45132903_339265700182034_1540471985866276864_n.jpg","type":"image\/jpeg"}],"author":"Moussa Mo\u00efse K\u00e9ita","twitter_card":"summary_large_image","twitter_creator":"@GuineeDiversite","twitter_site":"@GuineeDiversite","twitter_misc":{"\u00c9crit par":"Moussa Mo\u00efse K\u00e9ita","Dur\u00e9e de lecture estim\u00e9e":"2 minutes"},"schema":{"@context":"https:\/\/schema.org","@graph":[{"@type":"Article","@id":"https:\/\/guineediversite.com\/index.php\/2018\/10\/30\/marche-de-lopposition-cellou-dalein-aux-forces-de-lordre\/#article","isPartOf":{"@id":"https:\/\/guineediversite.com\/index.php\/2018\/10\/30\/marche-de-lopposition-cellou-dalein-aux-forces-de-lordre\/"},"author":{"name":"Moussa Mo\u00efse K\u00e9ita","@id":"https:\/\/guineediversite.com\/#\/schema\/person\/079ec347f72d2acde4b56a50a4fd46dc"},"headline":"Marche de l\u2019opposition : Cellou Dalein aux forces de l&rsquo;ordre","datePublished":"2018-10-30T13:29:20+00:00","dateModified":"2018-10-30T13:51:27+00:00","mainEntityOfPage":{"@id":"https:\/\/guineediversite.com\/index.php\/2018\/10\/30\/marche-de-lopposition-cellou-dalein-aux-forces-de-lordre\/"},"wordCount":375,"publisher":{"@id":"https:\/\/guineediversite.com\/#organization"},"image":{"@id":"https:\/\/guineediversite.com\/index.php\/2018\/10\/30\/marche-de-lopposition-cellou-dalein-aux-forces-de-lordre\/#primaryimage"},"thumbnailUrl":"https:\/\/guineediversite.com\/wp-content\/uploads\/2018\/10\/45132903_339265700182034_1540471985866276864_n.jpg","articleSection":["Politique"],"inLanguage":"fr-FR"},{"@type":"WebPage","@id":"https:\/\/guineediversite.com\/index.php\/2018\/10\/30\/marche-de-lopposition-cellou-dalein-aux-forces-de-lordre\/","url":"https:\/\/guineediversite.com\/index.php\/2018\/10\/30\/marche-de-lopposition-cellou-dalein-aux-forces-de-lordre\/","name":"Marche de l\u2019opposition : Cellou Dalein aux forces de l'ordre | Guin\u00e9e Diversit\u00e9","isPartOf":{"@id":"https:\/\/guineediversite.com\/#website"},"primaryImageOfPage":{"@id":"https:\/\/guineediversite.com\/index.php\/2018\/10\/30\/marche-de-lopposition-cellou-dalein-aux-forces-de-lordre\/#primaryimage"},"image":{"@id":"https:\/\/guineediversite.com\/index.php\/2018\/10\/30\/marche-de-lopposition-cellou-dalein-aux-forces-de-lordre\/#primaryimage"},"thumbnailUrl":"https:\/\/guineediversite.com\/wp-content\/uploads\/2018\/10\/45132903_339265700182034_1540471985866276864_n.jpg","datePublished":"2018-10-30T13:29:20+00:00","dateModified":"2018-10-30T13:51:27+00:00","breadcrumb":{"@id":"https:\/\/guineediversite.com\/index.php\/2018\/10\/30\/marche-de-lopposition-cellou-dalein-aux-forces-de-lordre\/#breadcrumb"},"inLanguage":"fr-FR","potentialAction":[{"@type":"ReadAction","target":["https:\/\/guineediversite.com\/index.php\/2018\/10\/30\/marche-de-lopposition-cellou-dalein-aux-forces-de-lordre\/"]}]},{"@type":"ImageObject","inLanguage":"fr-FR","@id":"https:\/\/guineediversite.com\/index.php\/2018\/10\/30\/marche-de-lopposition-cellou-dalein-aux-forces-de-lordre\/#primaryimage","url":"https:\/\/guineediversite.com\/wp-content\/uploads\/2018\/10\/45132903_339265700182034_1540471985866276864_n.jpg","contentUrl":"https:\/\/guineediversite.com\/wp-content\/uploads\/2018\/10\/45132903_339265700182034_1540471985866276864_n.jpg","width":2048,"height":1536},{"@type":"BreadcrumbList","@id":"https:\/\/guineediversite.com\/index.php\/2018\/10\/30\/marche-de-lopposition-cellou-dalein-aux-forces-de-lordre\/#breadcrumb","itemListElement":[{"@type":"ListItem","position":1,"name":"Accueil","item":"https:\/\/guineediversite.com\/"},{"@type":"ListItem","position":2,"name":"Marche de l\u2019opposition : Cellou Dalein aux forces de l&rsquo;ordre"}]},{"@type":"WebSite","@id":"https:\/\/guineediversite.com\/#website","url":"https:\/\/guineediversite.com\/","name":"Guin\u00e9e Diversit\u00e9","description":"L&#039;Info dans toute sa diversit\u00e9","publisher":{"@id":"https:\/\/guineediversite.com\/#organization"},"potentialAction":[{"@type":"SearchAction","target":{"@type":"EntryPoint","urlTemplate":"https:\/\/guineediversite.com\/?s={search_term_string}"},"query-input":{"@type":"PropertyValueSpecification","valueRequired":true,"valueName":"search_term_string"}}],"inLanguage":"fr-FR"},{"@type":"Organization","@id":"https:\/\/guineediversite.com\/#organization","name":"Guin\u00e9e Diversit\u00e9","url":"https:\/\/guineediversite.com\/","logo":{"@type":"ImageObject","inLanguage":"fr-FR","@id":"https:\/\/guineediversite.com\/#\/schema\/logo\/image\/","url":"https:\/\/guineediversite.com\/wp-content\/uploads\/2017\/04\/cropped-1jojlxEOMkX9Wyqfhe43D6kjPOGqBBKmx3EwWJqZ0cMrFF54yM49.png","contentUrl":"https:\/\/guineediversite.com\/wp-content\/uploads\/2017\/04\/cropped-1jojlxEOMkX9Wyqfhe43D6kjPOGqBBKmx3EwWJqZ0cMrFF54yM49.png","width":186,"height":112,"caption":"Guin\u00e9e Diversit\u00e9"},"image":{"@id":"https:\/\/guineediversite.com\/#\/schema\/logo\/image\/"},"sameAs":["https:\/\/www.facebook.com\/guineediversite\/","https:\/\/x.com\/GuineeDiversite","https:\/\/www.youtube.com\/channel\/UC8sUY16qelG5ge6_D5SB83g"]},{"@type":"Person","@id":"https:\/\/guineediversite.com\/#\/schema\/person\/079ec347f72d2acde4b56a50a4fd46dc","name":"Moussa Mo\u00efse K\u00e9ita","image":{"@type":"ImageObject","inLanguage":"fr-FR","@id":"https:\/\/guineediversite.com\/#\/schema\/person\/image\/","url":"https:\/\/secure.gravatar.com\/avatar\/edf1ea2cc01841e6c0b49384bcb1385b?s=96&d=mm&r=g","contentUrl":"https:\/\/secure.gravatar.com\/avatar\/edf1ea2cc01841e6c0b49384bcb1385b?s=96&d=mm&r=g","caption":"Moussa Mo\u00efse K\u00e9ita"},"url":"https:\/\/guineediversite.com\/index.php\/author\/moussa-moise\/"}]}},"_links":{"self":[{"href":"https:\/\/guineediversite.com\/index.php\/wp-json\/wp\/v2\/posts\/27075"}],"collection":[{"href":"https:\/\/guineediversite.com\/index.php\/wp-json\/wp\/v2\/posts"}],"about":[{"href":"https:\/\/guineediversite.com\/index.php\/wp-json\/wp\/v2\/types\/post"}],"author":[{"embeddable":true,"href":"https:\/\/guineediversite.com\/index.php\/wp-json\/wp\/v2\/users\/16"}],"replies":[{"embeddable":true,"href":"https:\/\/guineediversite.com\/index.php\/wp-json\/wp\/v2\/comments?post=27075"}],"version-history":[{"count":0,"href":"https:\/\/guineediversite.com\/index.php\/wp-json\/wp\/v2\/posts\/27075\/revisions"}],"wp:featuredmedia":[{"embeddable":true,"href":"https:\/\/guineediversite.com\/index.php\/wp-json\/wp\/v2\/media\/27076"}],"wp:attachment":[{"href":"https:\/\/guineediversite.com\/index.php\/wp-json\/wp\/v2\/media?parent=27075"}],"wp:term":[{"taxonomy":"category","embeddable":true,"href":"https:\/\/guineediversite.com\/index.php\/wp-json\/wp\/v2\/categories?post=27075"},{"taxonomy":"post_tag","embeddable":true,"href":"https:\/\/guineediversite.com\/index.php\/wp-json\/wp\/v2\/tags?post=27075"}],"curies":[{"name":"wp","href":"https:\/\/api.w.org\/{rel}","templated":true}]}}