{"id":27051,"date":"2018-10-26T18:36:43","date_gmt":"2018-10-26T16:36:43","guid":{"rendered":"https:\/\/guineediversite.com\/?p=27051"},"modified":"2018-10-26T18:36:43","modified_gmt":"2018-10-26T16:36:43","slug":"primature-le-premier-ministre-ibrahima-kassory-fofana-a-lecoute-des-populations-du-kakande","status":"publish","type":"post","link":"https:\/\/guineediversite.com\/index.php\/2018\/10\/26\/primature-le-premier-ministre-ibrahima-kassory-fofana-a-lecoute-des-populations-du-kakande\/","title":{"rendered":"Primature : le premier ministre Ibrahima Kassory Fofana \u00e0 l&rsquo;\u00e9coute des populations du kakand\u00e9"},"content":{"rendered":"<p style=\"line-height: 15.05pt; background: white;\"><span style=\"font-size: 13.5pt; font-family: 'Arial','sans-serif'; color: black;\">Apr\u00e8s s&rsquo;\u00eatre rendu successivement \u00e0 la rencontre des populations des pr\u00e9fectures de Fria et Boffa, le Premier ministre Ibrahima Kassory Fofana entame ce vendredi une nouvelle tourn\u00e9e de prise de contact qui le conduira aux c\u00f4t\u00e9s des populations de Bok\u00e9, Kamsar et Boffa.<\/span><\/p>\n<p style=\"line-height: 15.05pt; background: white; font-variant-ligatures: normal; font-variant-caps: normal; orphans: 2; widows: 2; -webkit-text-stroke-width: 0px; text-decoration-style: initial; text-decoration-color: initial; background-image: initial; background-position: initial; background-size: initial; background-repeat: initial; background-origin: initial; background-clip: initial; word-spacing: 0px;\"><span style=\"font-size: 13.5pt; font-family: 'Arial','sans-serif'; color: black;\">\u00c0 la t\u00eate d&rsquo;une forte d\u00e9l\u00e9gation, le Premier ministre, Chef du Gouvernement vient \u00e0 l&rsquo;\u00e9coute des populations du Kakand\u00e9 dans le cadre de sa tourn\u00e9e de prise de compte pour partager avec celles-ci, ses v\u00e9ritables pr\u00e9occupations telles que la probl\u00e9matique de la desserte en \u00e9lectricit\u00e9 et la question de l&#8217;emploi jeune en vue de trouver des solutions palliatives.<\/span><\/p>\n<p style=\"line-height: 15.05pt; background: white; font-variant-ligatures: normal; font-variant-caps: normal; orphans: 2; widows: 2; -webkit-text-stroke-width: 0px; text-decoration-style: initial; text-decoration-color: initial; background-image: initial; background-position: initial; background-size: initial; background-repeat: initial; background-origin: initial; background-clip: initial; word-spacing: 0px;\"><span style=\"font-size: 13.5pt; font-family: 'Arial','sans-serif'; color: black;\">Cette tourn\u00e9e de trois jours du Premier ministre, Chef du Gouvernement qui commence par la pr\u00e9fecture de Bok\u00e9 sera marqu\u00e9e notamment par la pose de la premi\u00e8re pierre de l\u2019Unit\u00e9 de Formation et de<\/span><\/p>\n<p style=\"line-height: 15.05pt; background: white; font-variant-ligatures: normal; font-variant-caps: normal; orphans: 2; widows: 2; -webkit-text-stroke-width: 0px; text-decoration-style: initial; text-decoration-color: initial; background-image: initial; background-position: initial; background-size: initial; background-repeat: initial; background-origin: initial; background-clip: initial; word-spacing: 0px;\"><span style=\"font-size: 13.5pt; font-family: 'Arial','sans-serif'; color: black;\">Perfectionnement, suivra ensuite la cl\u00f4ture du Forum des M\u00e9tiers \u00e0 l&rsquo;institut Sup\u00e9rieur des Mines de Bok\u00e9 pour finir par l&rsquo;Inauguration du Centre d\u2019Appui \u00e0<\/span> <span style=\"font-size: 13.5pt; font-family: 'Arial','sans-serif'; color: black;\">l\u2019Entrepreneuriat et \u00e0 l\u2019Insertion Professionnelle, un projet pilot\u00e9 par le Bureau d&rsquo;Ex\u00e9cution Strat\u00e9gique de la Primature, l&rsquo;Agence Guin\u00e9enne pour l&rsquo;Emploi, l&rsquo;Office National de Formation et de Perfectionnement Professionnel et l&rsquo;Agence pour la Promotion des Investissements Priv\u00e9s.<\/span><\/p>\n<p style=\"background: white; margin: 3.7pt 0cm 3.7pt 0cm;\"><b><span style=\"font-size: 13.5pt; font-family: 'Arial','sans-serif'; color: #222222;\">La Cellule de Communication du Gouvernement<\/span><\/b><\/p>\n","protected":false},"excerpt":{"rendered":"<p>Apr\u00e8s s&rsquo;\u00eatre rendu successivement \u00e0 la rencontre des populations des pr\u00e9fectures de Fria et Boffa, le Premier ministre Ibrahima Kassory Fofana entame ce vendredi une nouvelle tourn\u00e9e de prise de contact qui le conduira aux c\u00f4t\u00e9s des populations de Bok\u00e9, Kamsar et Boffa. \u00c0 la t\u00eate d&rsquo;une forte d\u00e9l\u00e9gation, le Premier ministre, Chef du Gouvernement [&hellip;]<\/p>\n","protected":false},"author":12,"featured_media":27052,"comment_status":"closed","ping_status":"closed","sticky":false,"template":"","format":"standard","meta":{"_exactmetrics_skip_tracking":false,"_exactmetrics_sitenote_active":false,"_exactmetrics_sitenote_note":"","_exactmetrics_sitenote_category":0,"tdm_status":"","tdm_grid_status":"","footnotes":""},"categories":[16],"tags":[],"class_list":{"0":"post-27051","1":"post","2":"type-post","3":"status-publish","4":"format-standard","5":"has-post-thumbnail","7":"category-societe"},"yoast_head":"<!-- This site is optimized with the Yoast SEO plugin v24.2 - https:\/\/yoast.com\/wordpress\/plugins\/seo\/ -->\n<title>Primature : le premier ministre Ibrahima Kassory Fofana \u00e0 l&#039;\u00e9coute des populations du kakand\u00e9 | Guin\u00e9e Diversit\u00e9<\/title>\n<meta name=\"robots\" content=\"index, follow, max-snippet:-1, max-image-preview:large, max-video-preview:-1\" \/>\n<link rel=\"canonical\" href=\"https:\/\/guineediversite.com\/index.php\/2018\/10\/26\/primature-le-premier-ministre-ibrahima-kassory-fofana-a-lecoute-des-populations-du-kakande\/\" \/>\n<meta property=\"og:locale\" content=\"fr_FR\" \/>\n<meta property=\"og:type\" content=\"article\" \/>\n<meta property=\"og:title\" content=\"Primature : le premier ministre Ibrahima Kassory Fofana \u00e0 l&#039;\u00e9coute des populations du kakand\u00e9 | Guin\u00e9e Diversit\u00e9\" \/>\n<meta property=\"og:description\" content=\"Apr\u00e8s s&rsquo;\u00eatre rendu successivement \u00e0 la rencontre des populations des pr\u00e9fectures de Fria et Boffa, le Premier ministre Ibrahima Kassory Fofana entame ce vendredi une nouvelle tourn\u00e9e de prise de contact qui le conduira aux c\u00f4t\u00e9s des populations de Bok\u00e9, Kamsar et Boffa. \u00c0 la t\u00eate d&rsquo;une forte d\u00e9l\u00e9gation, le Premier ministre, Chef du Gouvernement [&hellip;]\" \/>\n<meta property=\"og:url\" content=\"https:\/\/guineediversite.com\/index.php\/2018\/10\/26\/primature-le-premier-ministre-ibrahima-kassory-fofana-a-lecoute-des-populations-du-kakande\/\" \/>\n<meta property=\"og:site_name\" content=\"Guin\u00e9e Diversit\u00e9\" \/>\n<meta property=\"article:publisher\" content=\"https:\/\/www.facebook.com\/guineediversite\/\" \/>\n<meta property=\"article:published_time\" content=\"2018-10-26T16:36:43+00:00\" \/>\n<meta property=\"og:image\" content=\"https:\/\/guineediversite.com\/wp-content\/uploads\/2018\/10\/PM26.png\" \/>\n\t<meta property=\"og:image:width\" content=\"1024\" \/>\n\t<meta property=\"og:image:height\" content=\"768\" \/>\n\t<meta property=\"og:image:type\" content=\"image\/png\" \/>\n<meta name=\"author\" content=\"Guin\u00e9e Diversit\u00e9\" \/>\n<meta name=\"twitter:card\" content=\"summary_large_image\" \/>\n<meta name=\"twitter:creator\" content=\"@GuineeDiversite\" \/>\n<meta name=\"twitter:site\" content=\"@GuineeDiversite\" \/>\n<meta name=\"twitter:label1\" content=\"\u00c9crit par\" \/>\n\t<meta name=\"twitter:data1\" content=\"Guin\u00e9e Diversit\u00e9\" \/>\n\t<meta name=\"twitter:label2\" content=\"Dur\u00e9e de lecture estim\u00e9e\" \/>\n\t<meta name=\"twitter:data2\" content=\"1 minute\" \/>\n<script type=\"application\/ld+json\" class=\"yoast-schema-graph\">{\"@context\":\"https:\/\/schema.org\",\"@graph\":[{\"@type\":\"Article\",\"@id\":\"https:\/\/guineediversite.com\/index.php\/2018\/10\/26\/primature-le-premier-ministre-ibrahima-kassory-fofana-a-lecoute-des-populations-du-kakande\/#article\",\"isPartOf\":{\"@id\":\"https:\/\/guineediversite.com\/index.php\/2018\/10\/26\/primature-le-premier-ministre-ibrahima-kassory-fofana-a-lecoute-des-populations-du-kakande\/\"},\"author\":{\"name\":\"Guin\u00e9e Diversit\u00e9\",\"@id\":\"https:\/\/guineediversite.com\/#\/schema\/person\/afa08fb34e7fc6e1feafc892612bc836\"},\"headline\":\"Primature : le premier ministre Ibrahima Kassory Fofana \u00e0 l&rsquo;\u00e9coute des populations du kakand\u00e9\",\"datePublished\":\"2018-10-26T16:36:43+00:00\",\"dateModified\":\"2018-10-26T16:36:43+00:00\",\"mainEntityOfPage\":{\"@id\":\"https:\/\/guineediversite.com\/index.php\/2018\/10\/26\/primature-le-premier-ministre-ibrahima-kassory-fofana-a-lecoute-des-populations-du-kakande\/\"},\"wordCount\":246,\"publisher\":{\"@id\":\"https:\/\/guineediversite.com\/#organization\"},\"image\":{\"@id\":\"https:\/\/guineediversite.com\/index.php\/2018\/10\/26\/primature-le-premier-ministre-ibrahima-kassory-fofana-a-lecoute-des-populations-du-kakande\/#primaryimage\"},\"thumbnailUrl\":\"https:\/\/guineediversite.com\/wp-content\/uploads\/2018\/10\/PM26.png\",\"articleSection\":[\"Soci\u00e9t\u00e9\"],\"inLanguage\":\"fr-FR\"},{\"@type\":\"WebPage\",\"@id\":\"https:\/\/guineediversite.com\/index.php\/2018\/10\/26\/primature-le-premier-ministre-ibrahima-kassory-fofana-a-lecoute-des-populations-du-kakande\/\",\"url\":\"https:\/\/guineediversite.com\/index.php\/2018\/10\/26\/primature-le-premier-ministre-ibrahima-kassory-fofana-a-lecoute-des-populations-du-kakande\/\",\"name\":\"Primature : le premier ministre Ibrahima Kassory Fofana \u00e0 l'\u00e9coute des populations du kakand\u00e9 | Guin\u00e9e Diversit\u00e9\",\"isPartOf\":{\"@id\":\"https:\/\/guineediversite.com\/#website\"},\"primaryImageOfPage\":{\"@id\":\"https:\/\/guineediversite.com\/index.php\/2018\/10\/26\/primature-le-premier-ministre-ibrahima-kassory-fofana-a-lecoute-des-populations-du-kakande\/#primaryimage\"},\"image\":{\"@id\":\"https:\/\/guineediversite.com\/index.php\/2018\/10\/26\/primature-le-premier-ministre-ibrahima-kassory-fofana-a-lecoute-des-populations-du-kakande\/#primaryimage\"},\"thumbnailUrl\":\"https:\/\/guineediversite.com\/wp-content\/uploads\/2018\/10\/PM26.png\",\"datePublished\":\"2018-10-26T16:36:43+00:00\",\"dateModified\":\"2018-10-26T16:36:43+00:00\",\"breadcrumb\":{\"@id\":\"https:\/\/guineediversite.com\/index.php\/2018\/10\/26\/primature-le-premier-ministre-ibrahima-kassory-fofana-a-lecoute-des-populations-du-kakande\/#breadcrumb\"},\"inLanguage\":\"fr-FR\",\"potentialAction\":[{\"@type\":\"ReadAction\",\"target\":[\"https:\/\/guineediversite.com\/index.php\/2018\/10\/26\/primature-le-premier-ministre-ibrahima-kassory-fofana-a-lecoute-des-populations-du-kakande\/\"]}]},{\"@type\":\"ImageObject\",\"inLanguage\":\"fr-FR\",\"@id\":\"https:\/\/guineediversite.com\/index.php\/2018\/10\/26\/primature-le-premier-ministre-ibrahima-kassory-fofana-a-lecoute-des-populations-du-kakande\/#primaryimage\",\"url\":\"https:\/\/guineediversite.com\/wp-content\/uploads\/2018\/10\/PM26.png\",\"contentUrl\":\"https:\/\/guineediversite.com\/wp-content\/uploads\/2018\/10\/PM26.png\",\"width\":1024,\"height\":768},{\"@type\":\"BreadcrumbList\",\"@id\":\"https:\/\/guineediversite.com\/index.php\/2018\/10\/26\/primature-le-premier-ministre-ibrahima-kassory-fofana-a-lecoute-des-populations-du-kakande\/#breadcrumb\",\"itemListElement\":[{\"@type\":\"ListItem\",\"position\":1,\"name\":\"Accueil\",\"item\":\"https:\/\/guineediversite.com\/\"},{\"@type\":\"ListItem\",\"position\":2,\"name\":\"Primature : le premier ministre Ibrahima Kassory Fofana \u00e0 l&rsquo;\u00e9coute des populations du kakand\u00e9\"}]},{\"@type\":\"WebSite\",\"@id\":\"https:\/\/guineediversite.com\/#website\",\"url\":\"https:\/\/guineediversite.com\/\",\"name\":\"Guin\u00e9e Diversit\u00e9\",\"description\":\"L&#039;Info dans toute sa diversit\u00e9\",\"publisher\":{\"@id\":\"https:\/\/guineediversite.com\/#organization\"},\"potentialAction\":[{\"@type\":\"SearchAction\",\"target\":{\"@type\":\"EntryPoint\",\"urlTemplate\":\"https:\/\/guineediversite.com\/?s={search_term_string}\"},\"query-input\":{\"@type\":\"PropertyValueSpecification\",\"valueRequired\":true,\"valueName\":\"search_term_string\"}}],\"inLanguage\":\"fr-FR\"},{\"@type\":\"Organization\",\"@id\":\"https:\/\/guineediversite.com\/#organization\",\"name\":\"Guin\u00e9e Diversit\u00e9\",\"url\":\"https:\/\/guineediversite.com\/\",\"logo\":{\"@type\":\"ImageObject\",\"inLanguage\":\"fr-FR\",\"@id\":\"https:\/\/guineediversite.com\/#\/schema\/logo\/image\/\",\"url\":\"https:\/\/guineediversite.com\/wp-content\/uploads\/2017\/04\/cropped-1jojlxEOMkX9Wyqfhe43D6kjPOGqBBKmx3EwWJqZ0cMrFF54yM49.png\",\"contentUrl\":\"https:\/\/guineediversite.com\/wp-content\/uploads\/2017\/04\/cropped-1jojlxEOMkX9Wyqfhe43D6kjPOGqBBKmx3EwWJqZ0cMrFF54yM49.png\",\"width\":186,\"height\":112,\"caption\":\"Guin\u00e9e Diversit\u00e9\"},\"image\":{\"@id\":\"https:\/\/guineediversite.com\/#\/schema\/logo\/image\/\"},\"sameAs\":[\"https:\/\/www.facebook.com\/guineediversite\/\",\"https:\/\/x.com\/GuineeDiversite\",\"https:\/\/www.youtube.com\/channel\/UC8sUY16qelG5ge6_D5SB83g\"]},{\"@type\":\"Person\",\"@id\":\"https:\/\/guineediversite.com\/#\/schema\/person\/afa08fb34e7fc6e1feafc892612bc836\",\"name\":\"Guin\u00e9e Diversit\u00e9\",\"image\":{\"@type\":\"ImageObject\",\"inLanguage\":\"fr-FR\",\"@id\":\"https:\/\/guineediversite.com\/#\/schema\/person\/image\/\",\"url\":\"https:\/\/secure.gravatar.com\/avatar\/50d5eb5b390f8b65ac30ac6f898eb83a?s=96&d=mm&r=g\",\"contentUrl\":\"https:\/\/secure.gravatar.com\/avatar\/50d5eb5b390f8b65ac30ac6f898eb83a?s=96&d=mm&r=g\",\"caption\":\"Guin\u00e9e Diversit\u00e9\"},\"url\":\"https:\/\/guineediversite.com\/index.php\/author\/guineediversite\/\"}]}<\/script>\n<!-- \/ Yoast SEO plugin. -->","yoast_head_json":{"title":"Primature : le premier ministre Ibrahima Kassory Fofana \u00e0 l'\u00e9coute des populations du kakand\u00e9 | Guin\u00e9e Diversit\u00e9","robots":{"index":"index","follow":"follow","max-snippet":"max-snippet:-1","max-image-preview":"max-image-preview:large","max-video-preview":"max-video-preview:-1"},"canonical":"https:\/\/guineediversite.com\/index.php\/2018\/10\/26\/primature-le-premier-ministre-ibrahima-kassory-fofana-a-lecoute-des-populations-du-kakande\/","og_locale":"fr_FR","og_type":"article","og_title":"Primature : le premier ministre Ibrahima Kassory Fofana \u00e0 l'\u00e9coute des populations du kakand\u00e9 | Guin\u00e9e Diversit\u00e9","og_description":"Apr\u00e8s s&rsquo;\u00eatre rendu successivement \u00e0 la rencontre des populations des pr\u00e9fectures de Fria et Boffa, le Premier ministre Ibrahima Kassory Fofana entame ce vendredi une nouvelle tourn\u00e9e de prise de contact qui le conduira aux c\u00f4t\u00e9s des populations de Bok\u00e9, Kamsar et Boffa. \u00c0 la t\u00eate d&rsquo;une forte d\u00e9l\u00e9gation, le Premier ministre, Chef du Gouvernement [&hellip;]","og_url":"https:\/\/guineediversite.com\/index.php\/2018\/10\/26\/primature-le-premier-ministre-ibrahima-kassory-fofana-a-lecoute-des-populations-du-kakande\/","og_site_name":"Guin\u00e9e Diversit\u00e9","article_publisher":"https:\/\/www.facebook.com\/guineediversite\/","article_published_time":"2018-10-26T16:36:43+00:00","og_image":[{"width":1024,"height":768,"url":"https:\/\/guineediversite.com\/wp-content\/uploads\/2018\/10\/PM26.png","type":"image\/png"}],"author":"Guin\u00e9e Diversit\u00e9","twitter_card":"summary_large_image","twitter_creator":"@GuineeDiversite","twitter_site":"@GuineeDiversite","twitter_misc":{"\u00c9crit par":"Guin\u00e9e Diversit\u00e9","Dur\u00e9e de lecture estim\u00e9e":"1 minute"},"schema":{"@context":"https:\/\/schema.org","@graph":[{"@type":"Article","@id":"https:\/\/guineediversite.com\/index.php\/2018\/10\/26\/primature-le-premier-ministre-ibrahima-kassory-fofana-a-lecoute-des-populations-du-kakande\/#article","isPartOf":{"@id":"https:\/\/guineediversite.com\/index.php\/2018\/10\/26\/primature-le-premier-ministre-ibrahima-kassory-fofana-a-lecoute-des-populations-du-kakande\/"},"author":{"name":"Guin\u00e9e Diversit\u00e9","@id":"https:\/\/guineediversite.com\/#\/schema\/person\/afa08fb34e7fc6e1feafc892612bc836"},"headline":"Primature : le premier ministre Ibrahima Kassory Fofana \u00e0 l&rsquo;\u00e9coute des populations du kakand\u00e9","datePublished":"2018-10-26T16:36:43+00:00","dateModified":"2018-10-26T16:36:43+00:00","mainEntityOfPage":{"@id":"https:\/\/guineediversite.com\/index.php\/2018\/10\/26\/primature-le-premier-ministre-ibrahima-kassory-fofana-a-lecoute-des-populations-du-kakande\/"},"wordCount":246,"publisher":{"@id":"https:\/\/guineediversite.com\/#organization"},"image":{"@id":"https:\/\/guineediversite.com\/index.php\/2018\/10\/26\/primature-le-premier-ministre-ibrahima-kassory-fofana-a-lecoute-des-populations-du-kakande\/#primaryimage"},"thumbnailUrl":"https:\/\/guineediversite.com\/wp-content\/uploads\/2018\/10\/PM26.png","articleSection":["Soci\u00e9t\u00e9"],"inLanguage":"fr-FR"},{"@type":"WebPage","@id":"https:\/\/guineediversite.com\/index.php\/2018\/10\/26\/primature-le-premier-ministre-ibrahima-kassory-fofana-a-lecoute-des-populations-du-kakande\/","url":"https:\/\/guineediversite.com\/index.php\/2018\/10\/26\/primature-le-premier-ministre-ibrahima-kassory-fofana-a-lecoute-des-populations-du-kakande\/","name":"Primature : le premier ministre Ibrahima Kassory Fofana \u00e0 l'\u00e9coute des populations du kakand\u00e9 | Guin\u00e9e Diversit\u00e9","isPartOf":{"@id":"https:\/\/guineediversite.com\/#website"},"primaryImageOfPage":{"@id":"https:\/\/guineediversite.com\/index.php\/2018\/10\/26\/primature-le-premier-ministre-ibrahima-kassory-fofana-a-lecoute-des-populations-du-kakande\/#primaryimage"},"image":{"@id":"https:\/\/guineediversite.com\/index.php\/2018\/10\/26\/primature-le-premier-ministre-ibrahima-kassory-fofana-a-lecoute-des-populations-du-kakande\/#primaryimage"},"thumbnailUrl":"https:\/\/guineediversite.com\/wp-content\/uploads\/2018\/10\/PM26.png","datePublished":"2018-10-26T16:36:43+00:00","dateModified":"2018-10-26T16:36:43+00:00","breadcrumb":{"@id":"https:\/\/guineediversite.com\/index.php\/2018\/10\/26\/primature-le-premier-ministre-ibrahima-kassory-fofana-a-lecoute-des-populations-du-kakande\/#breadcrumb"},"inLanguage":"fr-FR","potentialAction":[{"@type":"ReadAction","target":["https:\/\/guineediversite.com\/index.php\/2018\/10\/26\/primature-le-premier-ministre-ibrahima-kassory-fofana-a-lecoute-des-populations-du-kakande\/"]}]},{"@type":"ImageObject","inLanguage":"fr-FR","@id":"https:\/\/guineediversite.com\/index.php\/2018\/10\/26\/primature-le-premier-ministre-ibrahima-kassory-fofana-a-lecoute-des-populations-du-kakande\/#primaryimage","url":"https:\/\/guineediversite.com\/wp-content\/uploads\/2018\/10\/PM26.png","contentUrl":"https:\/\/guineediversite.com\/wp-content\/uploads\/2018\/10\/PM26.png","width":1024,"height":768},{"@type":"BreadcrumbList","@id":"https:\/\/guineediversite.com\/index.php\/2018\/10\/26\/primature-le-premier-ministre-ibrahima-kassory-fofana-a-lecoute-des-populations-du-kakande\/#breadcrumb","itemListElement":[{"@type":"ListItem","position":1,"name":"Accueil","item":"https:\/\/guineediversite.com\/"},{"@type":"ListItem","position":2,"name":"Primature : le premier ministre Ibrahima Kassory Fofana \u00e0 l&rsquo;\u00e9coute des populations du kakand\u00e9"}]},{"@type":"WebSite","@id":"https:\/\/guineediversite.com\/#website","url":"https:\/\/guineediversite.com\/","name":"Guin\u00e9e Diversit\u00e9","description":"L&#039;Info dans toute sa diversit\u00e9","publisher":{"@id":"https:\/\/guineediversite.com\/#organization"},"potentialAction":[{"@type":"SearchAction","target":{"@type":"EntryPoint","urlTemplate":"https:\/\/guineediversite.com\/?s={search_term_string}"},"query-input":{"@type":"PropertyValueSpecification","valueRequired":true,"valueName":"search_term_string"}}],"inLanguage":"fr-FR"},{"@type":"Organization","@id":"https:\/\/guineediversite.com\/#organization","name":"Guin\u00e9e Diversit\u00e9","url":"https:\/\/guineediversite.com\/","logo":{"@type":"ImageObject","inLanguage":"fr-FR","@id":"https:\/\/guineediversite.com\/#\/schema\/logo\/image\/","url":"https:\/\/guineediversite.com\/wp-content\/uploads\/2017\/04\/cropped-1jojlxEOMkX9Wyqfhe43D6kjPOGqBBKmx3EwWJqZ0cMrFF54yM49.png","contentUrl":"https:\/\/guineediversite.com\/wp-content\/uploads\/2017\/04\/cropped-1jojlxEOMkX9Wyqfhe43D6kjPOGqBBKmx3EwWJqZ0cMrFF54yM49.png","width":186,"height":112,"caption":"Guin\u00e9e Diversit\u00e9"},"image":{"@id":"https:\/\/guineediversite.com\/#\/schema\/logo\/image\/"},"sameAs":["https:\/\/www.facebook.com\/guineediversite\/","https:\/\/x.com\/GuineeDiversite","https:\/\/www.youtube.com\/channel\/UC8sUY16qelG5ge6_D5SB83g"]},{"@type":"Person","@id":"https:\/\/guineediversite.com\/#\/schema\/person\/afa08fb34e7fc6e1feafc892612bc836","name":"Guin\u00e9e Diversit\u00e9","image":{"@type":"ImageObject","inLanguage":"fr-FR","@id":"https:\/\/guineediversite.com\/#\/schema\/person\/image\/","url":"https:\/\/secure.gravatar.com\/avatar\/50d5eb5b390f8b65ac30ac6f898eb83a?s=96&d=mm&r=g","contentUrl":"https:\/\/secure.gravatar.com\/avatar\/50d5eb5b390f8b65ac30ac6f898eb83a?s=96&d=mm&r=g","caption":"Guin\u00e9e Diversit\u00e9"},"url":"https:\/\/guineediversite.com\/index.php\/author\/guineediversite\/"}]}},"_links":{"self":[{"href":"https:\/\/guineediversite.com\/index.php\/wp-json\/wp\/v2\/posts\/27051"}],"collection":[{"href":"https:\/\/guineediversite.com\/index.php\/wp-json\/wp\/v2\/posts"}],"about":[{"href":"https:\/\/guineediversite.com\/index.php\/wp-json\/wp\/v2\/types\/post"}],"author":[{"embeddable":true,"href":"https:\/\/guineediversite.com\/index.php\/wp-json\/wp\/v2\/users\/12"}],"replies":[{"embeddable":true,"href":"https:\/\/guineediversite.com\/index.php\/wp-json\/wp\/v2\/comments?post=27051"}],"version-history":[{"count":0,"href":"https:\/\/guineediversite.com\/index.php\/wp-json\/wp\/v2\/posts\/27051\/revisions"}],"wp:featuredmedia":[{"embeddable":true,"href":"https:\/\/guineediversite.com\/index.php\/wp-json\/wp\/v2\/media\/27052"}],"wp:attachment":[{"href":"https:\/\/guineediversite.com\/index.php\/wp-json\/wp\/v2\/media?parent=27051"}],"wp:term":[{"taxonomy":"category","embeddable":true,"href":"https:\/\/guineediversite.com\/index.php\/wp-json\/wp\/v2\/categories?post=27051"},{"taxonomy":"post_tag","embeddable":true,"href":"https:\/\/guineediversite.com\/index.php\/wp-json\/wp\/v2\/tags?post=27051"}],"curies":[{"name":"wp","href":"https:\/\/api.w.org\/{rel}","templated":true}]}}