{"id":27048,"date":"2018-10-26T17:37:42","date_gmt":"2018-10-26T15:37:42","guid":{"rendered":"https:\/\/guineediversite.com\/?p=27048"},"modified":"2018-10-26T17:37:42","modified_gmt":"2018-10-26T15:37:42","slug":"compte-rendu-du-conseil-des-ministres-du-25-octobre-2018","status":"publish","type":"post","link":"https:\/\/guineediversite.com\/index.php\/2018\/10\/26\/compte-rendu-du-conseil-des-ministres-du-25-octobre-2018\/","title":{"rendered":"Compte rendu du conseil des ministres du 25 octobre 2018"},"content":{"rendered":"<p align=\"JUSTIFY\"><span style=\"font-family: arial, sans-serif; font-size: large;\">\u00a0Sous la pr\u00e9sidence de son Excellence Monsieur le Pr\u00e9sident de la R\u00e9publique, le Conseil des ministres a tenu sa session ordinaire ce jeudi 25 octobre 2018 de 10h \u00e0 12h 00, avec l&rsquo;ordre du jour suivant:<\/span><\/p>\n<p><span style=\"font-family: arial, sans-serif; font-size: large;\"><b>Message de son Excellence Monsieur le Pr\u00e9sident de la R\u00e9publique\u00a0;<br \/>\n<\/b><\/span><span style=\"font-family: arial, sans-serif; font-size: large;\"><b>Compte rendu de la session ordinaire du Conseil interminist\u00e9riel du 23 octobre 2018;<br \/>\n<\/b><\/span><span style=\"font-family: arial, sans-serif; font-size: large;\"><b>Questions diverses.<\/b><\/span><span style=\"font-family: arial, sans-serif;\"><span style=\"font-size: large;\"><b>Au titre du premier point de l\u2019ordre du jour<\/b>\u00a0;<\/span><\/span><\/p>\n<p align=\"JUSTIFY\"><span style=\"font-family: arial, sans-serif;\"><span style=\"font-size: large;\">Le Pr\u00e9sident de la R\u00e9publique a demand\u00e9 au gouvernement de veiller \u00e0 l\u2019application correcte de la r\u00e9glementation en mati\u00e8re de p\u00eache artisanale.<\/span><\/span><\/p>\n<p align=\"JUSTIFY\"><span style=\"font-family: arial, sans-serif;\"><span style=\"font-size: large;\">Le Chef de l\u2019Etat a instruit au Ministre en charge de l\u2019enseignement technique et de la formation professionnelle de proc\u00e9der \u00e0 la finalisation de la construction des Ecoles r\u00e9gionales des Arts et m\u00e9tiers et pr\u00e9senter un plan d\u2019ouverture du centre de formation de Nongo y compris la prise en compte d\u2019une assistance technique \u00e9trang\u00e8re.<\/span><\/span><\/p>\n<p align=\"JUSTIFY\"><span style=\"font-family: arial, sans-serif; font-size: large;\">Le Pr\u00e9sident de la R\u00e9publique a demand\u00e9 au gouvernement de faire l\u2019\u00e9tat de mise en \u0153uvre des projets \u00e0 financement ext\u00e9rieur et \u00e9valuer les taux de performance et veiller \u00e0 la mise en place des contreparties Guin\u00e9ennes.<\/span><\/p>\n<p align=\"JUSTIFY\"><span style=\"font-family: arial, sans-serif; font-size: large;\">Le Chef de l\u2019Etat a instruit au gouvernement de prendre toutes les dispositions pour la r\u00e9ussite de la mission conduite par le Pr\u00e9sident du fonds des investissements r\u00e9gionaux du Qatar, attendue le 27 octobre 2018, \u00e0 Conakry.<\/span><\/p>\n<p align=\"JUSTIFY\"><span style=\"font-family: arial, sans-serif; font-size: large;\"><b>Au titre du deuxi\u00e8me point de l\u2019ordre du jour, Monsieur le Premier Ministre a fait le compte rendu du Conseil interminist\u00e9riel du 02 aout 2018<\/b>.<\/span><\/p>\n<p align=\"JUSTIFY\"><span style=\"font-family: arial, sans-serif;\"><span style=\"font-size: large;\">Le Conseil a entendu successivement:<\/span><\/span><\/p>\n<p><span style=\"font-family: arial, sans-serif;\"><span style=\"font-size: large;\"><b>Le Ministre de l\u2019Industrie, des Petites et Moyennes Entreprises\u00a0<\/b>qui a<b>\u00a0<\/b>fait une communication relative aux r\u00e9sultats de la 2<sup>\u00e8me<\/sup>\u00a0Session du Conseil des Ministres du Conseil International Consultatif du CAJOU (CICC).<\/span><\/span><\/p>\n<p align=\"JUSTIFY\"><span style=\"font-family: arial, sans-serif; font-size: large;\">Il a rappel\u00e9 que le Conseil des Ministres du Conseil International Consultatif du CAJOU (CICC) a \u00e9t\u00e9 cr\u00e9\u00e9 dans le but de susciter une synergie d\u2019action entre les diff\u00e9rents pays producteurs, afin de d\u00e9velopper et de promouvoir la chaine de valeur de la fili\u00e8re et de mieux ma\u00eetriser les co\u00fbts du march\u00e9.<\/span><\/p>\n<p align=\"JUSTIFY\"><span style=\"font-family: arial, sans-serif; font-size: large;\">Au cours de cette 2<sup>\u00e8me<\/sup>\u00a0session de 2018, d\u2019importantes r\u00e9solutions ont \u00e9t\u00e9 prises dont entre autres\u00a0:<\/span><\/p>\n<p><span style=\"font-family: arial, sans-serif; font-size: large;\">L\u2019adoption des documents relatifs \u00e0 l\u2019op\u00e9rationnalisation du CICC.<br \/>\n<\/span><span style=\"font-family: arial, sans-serif;\"><span style=\"font-size: large;\">Les modalit\u00e9s de financement du CICC.<\/span><\/span><\/p>\n<p align=\"JUSTIFY\"><span style=\"font-family: arial, sans-serif; font-size: large;\">Le Ministre a soutenu que l\u2019adh\u00e9sion de la Guin\u00e9e au CICC offre une opportunit\u00e9 de partage d\u2019exp\u00e9riences afin de mieux structurer notre fili\u00e8re anacarde et de favoriser le d\u00e9veloppement de la chaine de valeur et l\u2019acc\u00e8s au march\u00e9 local et \u00e0 l\u2019exportation.<\/span><\/p>\n<p align=\"JUSTIFY\"><span style=\"font-family: arial, sans-serif; font-size: large;\">Le Conseil a d\u00e9cid\u00e9 de proc\u00e9der \u00e0 la structuration de la fili\u00e8re anacarde, en relation avec les Minist\u00e8res du commerce et de l\u2019agriculture, avant toute forme d\u2019appui efficace, notamment:<\/span><\/p>\n<p><span style=\"font-family: arial, sans-serif; font-size: large;\">proc\u00e9der au recensement exhaustif de tous les acteurs de la fili\u00e8re;<br \/>\n<\/span><span style=\"font-family: arial, sans-serif; font-size: large;\">\u00e9laborer une strat\u00e9gie assortie d\u2019un plan de mobilisation des partenaires techniques et financiers en faveur du secteur;<\/span><span style=\"font-family: arial, sans-serif; font-size: large;\"><b>Le Ministre de l\u2019Industrie, des Petites et Moyennes Entreprises\u00a0<\/b>qui<b>\u00a0<\/b>a fait une communication conjointe, avec de l\u2019\u00e9conomie et des finances, relative \u00e0 la strat\u00e9gie de privatisation et de relance des Unit\u00e9s Industrielles ramen\u00e9es dans le Portefeuille de l\u2019Etat.<\/span><\/p>\n<p align=\"JUSTIFY\"><span style=\"font-family: arial, sans-serif; font-size: large;\">Il a indiqu\u00e9 que l\u2019objectif de la communication est\u00a0de faire le point de la situation actuelle des unit\u00e9s industrielles c\u00e9d\u00e9es et de proposer une strat\u00e9gie afin que la relance de leurs activit\u00e9s puisse r\u00e9ellement contribuer au renforcement de tissu industriel de notre pays.<\/span><\/p>\n<p align=\"JUSTIFY\"><span style=\"font-family: arial, sans-serif; font-size: large;\">La physionomie des unit\u00e9s industrielles ramen\u00e9es dans le portefeuille de l\u2019Etat, ayant fait l\u2019objet de r\u00e9trocession se pr\u00e9sente essentiellement comme suit\u00a0:<\/span><\/p>\n<p><span style=\"font-family: arial, sans-serif; font-size: large;\">L\u2019Huilerie Sinc\u00e9ry de Dabola\u00a0;<br \/>\n<\/span><span style=\"font-family: arial, sans-serif; font-size: large;\">Les lots 1et 2 du Complexe Textile de Sanoyah\u00a0;<br \/>\n<\/span><span style=\"font-family: arial, sans-serif; font-size: large;\">L\u2019usine de jus de fruits de Kankan\u00a0;<br \/>\n<\/span><span style=\"font-family: arial, sans-serif;\"><span style=\"font-size: large;\">La Soci\u00e9t\u00e9 Guin\u00e9enne de Produits Plastiques (SOGUIPLAST) ;<br \/>\n<\/span><\/span><span style=\"font-family: arial, sans-serif; font-size: large;\">La SIAG \u2013Kassa ;<br \/>\n<\/span><span style=\"font-family: arial, sans-serif; font-size: large;\">L\u2019Usine d\u2019\u00e9grainage de coton de Kankan.<\/span><\/p>\n<p align=\"JUSTIFY\"><span style=\"font-family: arial, sans-serif; font-size: large;\">Le Ministre a inform\u00e9 que les actifs des unit\u00e9s industrielles existant encore dans le portefeuille de l\u2019Etat, se trouvent dans un \u00e9tat de d\u00e9t\u00e9rioration pouss\u00e9e.<\/span><\/p>\n<p align=\"JUSTIFY\"><span style=\"font-family: arial, sans-serif; font-size: large;\">Pour ce faire, la strat\u00e9gie envisag\u00e9e est de proc\u00e9der \u00e0 des appels \u00e0 la concurrence, afin d\u2019identifier des repreneurs fiables.<\/span><\/p>\n<p align=\"JUSTIFY\"><span style=\"font-family: arial, sans-serif; font-size: large;\">Le conseil a appr\u00e9ci\u00e9 la strat\u00e9gie de relance et recommand\u00e9 une \u00e9tude exhaustive sur toutes les unit\u00e9s industrielles appartenant \u00e0 l\u2019\u00e9tat afin de disposer de fiches individuelles.<\/span><\/p>\n<p><span style=\"font-family: arial, sans-serif; font-size: large;\"><b>Le Ministre des Affaires Etrang\u00e8res et des Guin\u00e9ens de l\u2019Etranger\u00a0<\/b>qui a<b>\u00a0<\/b>fait une communication relative \u00e0 l\u2019organisation de la Conf\u00e9rence Diplomatique \u00e0 Conakry.<\/span><\/p>\n<p align=\"JUSTIFY\"><span style=\"font-family: arial, sans-serif; font-size: large;\">Le Ministre a indiqu\u00e9 qu\u2019en d\u00e9pit des efforts fournis par le Gouvernement, l\u2019examen de la situation des services centraux et ext\u00e9rieurs du Minist\u00e8re a relev\u00e9 plusieurs difficult\u00e9s dans la l\u2019accomplissement de sa mission dans les trente-six (36) ambassades, deux (2) missions permanentes, quatre (4) consulats g\u00e9n\u00e9raux et plusieurs Consulats honoraires.<\/span><\/p>\n<p align=\"JUSTIFY\"><span style=\"font-family: arial, sans-serif; font-size: large;\">Il a soutenu que pour pallier \u00e0 ces insuffisances et qualifier son action le minist\u00e8re des Affaires Etrang\u00e8res envisage d\u2019organiser une conf\u00e9rence diplomatique dont l\u2019objectif est de faire l\u2019\u00e9tat des lieux de notre diplomatie et de proposer des r\u00e9formes afin qu\u2019elle soit une v\u00e9ritable diplomatie au service du d\u00e9veloppement \u00e9conomique.<\/span><\/p>\n<p align=\"JUSTIFY\"><span style=\"font-family: arial, sans-serif;\"><span style=\"font-size: large;\">Le Conseil a approuv\u00e9 l\u2019organisation de la conf\u00e9rence diplomatique, tous les deux (2) ans, afin de rendre notre diplomatie plus performante.<\/span><\/span><\/p>\n<p align=\"JUSTIFY\"><span style=\"font-family: arial, sans-serif;\"><span style=\"font-size: large;\">Le Conseil a invit\u00e9 le ministre \u00e0 proposer la liste des panelistes et la date de la conf\u00e9rence.<\/span><\/span><\/p>\n<p align=\"JUSTIFY\"><span style=\"font-family: arial, sans-serif;\"><span style=\"font-size: large;\">Un Comit\u00e9 interminist\u00e9riel de validation et de suivi de la mise en \u0153uvre des recommandations issues de la Conf\u00e9rence a \u00e9t\u00e9 mis en place.<\/span><\/span><\/p>\n<p><span style=\"font-family: arial, sans-serif; font-size: large;\"><b>Le Ministre de la Justice<\/b>\u00a0a soumis pour examen le projet de Loi portant pr\u00e9vention et r\u00e9pression du Terrorisme en R\u00e9publique de Guin\u00e9e.<\/span><\/p>\n<p align=\"JUSTIFY\"><span style=\"font-family: arial, sans-serif;\"><span style=\"color: #000000;\"><span style=\"font-size: large;\">Il a rappel\u00e9 que depuis plus d\u2019une vingtaine d\u2019ann\u00e9es, l\u2019Afrique \u00e0 l\u2019instar d\u2019autres r\u00e9gions du monde conna\u00eet une aggravation sans pr\u00e9c\u00e9dent du ph\u00e9nom\u00e8ne terroriste et d\u2019autres formes de criminalit\u00e9 \u00e0 dimension internationale.<\/span><\/span><\/span><\/p>\n<p align=\"JUSTIFY\"><span style=\"font-family: arial, sans-serif;\"><span style=\"color: #000000;\"><span style=\"font-size: large;\">La difficult\u00e9 pour les Etats et les institutions sp\u00e9cialis\u00e9es \u00e0 coordonner leurs efforts dans la pr\u00e9vention et la lutte contre ces fl\u00e9aux a permis aux organisations terroristes, d\u2019\u00e9tendre leur influence et de semer la terreur et la mort de milliers de personnes, de porter atteinte \u00e0 la souverainet\u00e9 et \u00e0 l\u2019int\u00e9grit\u00e9s des Etats, d\u2019occasionner des d\u00e9g\u00e2ts mat\u00e9riels et environnementaux consid\u00e9rables.<\/span><\/span><\/span><\/p>\n<p align=\"JUSTIFY\"><span style=\"color: #000000;\"><span style=\"font-family: arial, sans-serif; font-size: large;\">Dans ce contexte, la Guin\u00e9e, pour mieux assurer sa s\u00e9curit\u00e9 int\u00e9rieure et ext\u00e9rieure, prot\u00e9ger ses citoyens et leurs biens, promouvoir son d\u00e9veloppement social et \u00e9conomique doit mettre en place une \u00ab\u00a0Politique s\u00e9curitaire coh\u00e9rente\u00a0\u00bb, adapt\u00e9e \u00e0 l\u2019\u00e9volution de la soci\u00e9t\u00e9 guin\u00e9enne, \u00e0 l\u2019environnement sous r\u00e9gional et r\u00e9gional, ainsi qu\u2019au contexte international.<\/span><\/span><\/p>\n<p align=\"JUSTIFY\"><span style=\"color: #000000;\"><span style=\"font-family: arial, sans-serif; font-size: large;\">Le Ministre a justifi\u00e9 que l\u2019argument qui milite en faveur de cette approche est le fait que les menaces r\u00e9elles et potentielles souvent prof\u00e9r\u00e9es contre la Guin\u00e9e \u00e0 cause de sa participation aux missions de maintien de la paix dans le monde, ne permettent plus de faire une quelconque \u00e9conomie de moyens et de strat\u00e9gies pour assurer la s\u00e9curit\u00e9 nationale.<\/span><\/span><\/p>\n<p align=\"JUSTIFY\"><span style=\"font-family: arial, sans-serif;\"><span style=\"color: #000000;\"><span style=\"font-size: large;\">Le Ministre a soutenu que l\u2019exp\u00e9rience d\u2019autres pays expos\u00e9s au terrorisme \u00e0 travers le monde ont d\u00e9montr\u00e9 que la l\u00e9gislation p\u00e9nale guin\u00e9enne m\u00eame avec la r\u00e9vision du code p\u00e9nal\u00a0et du code de proc\u00e9dure p\u00e9nale n\u2019est pas adapt\u00e9e pour mieux pr\u00e9venir et lutter efficacement contre le terrorisme sous tous ses aspects et ses formes de manifestation.<\/span><\/span><\/span><\/p>\n<p align=\"JUSTIFY\"><span style=\"font-family: arial, sans-serif;\"><span style=\"color: #000000;\"><span style=\"font-size: large;\">L\u2019absence en Guin\u00e9e de juridictions, de magistrats et d\u2019officiers de Police judiciaires\u00a0sp\u00e9cialis\u00e9s en mati\u00e8re de terrorisme, rend n\u00e9cessaire l\u2019adoption d\u2019une Loi sur le terrorisme.<\/span><\/span><\/span><\/p>\n<p align=\"JUSTIFY\"><span style=\"font-family: arial, sans-serif;\"><span style=\"font-size: large;\">Le Conseil a approuv\u00e9 le projet de Loi portant pr\u00e9vention et r\u00e9pression du Terrorisme en R\u00e9publique de Guin\u00e9e.<\/span><\/span><\/p>\n<p><span style=\"font-family: arial, sans-serif; font-size: large;\"><b>Le Ministre des Transports<\/b>\u00a0a soumis le projet de Loi portant Code de la Marine Marchande de la R\u00e9publique de Guin\u00e9e.<\/span><\/p>\n<p align=\"JUSTIFY\"><span style=\"color: #000000;\"><span style=\"font-family: arial, sans-serif; font-size: large;\">Le Ministre a soulign\u00e9 qu\u2019apr\u00e8s 23 ans d\u2019application du Code en vigueur, il est apparu que la loi L\/95\/23\/CTRN du 12 juin 1995 portant Code de la marine marchande est devenue inadapt\u00e9 en raison des caract\u00e8res multidimensionnel, \u00e9volutif et dynamique du secteur maritime.<\/span><\/span><\/p>\n<p align=\"JUSTIFY\"><span style=\"font-family: arial, sans-serif;\"><span style=\"color: #000000;\"><span style=\"font-size: large;\"><span style=\"color: #00000a;\">Le Ministre a indiqu\u00e9 que ce projet de Code affirme les droits et la souverainet\u00e9 de la R\u00e9publique de Guin\u00e9e sur son territoire maritime, conform\u00e9ment \u00e0 la Convention de 1982 sur le droit de la mer. Il est aussi une preuve du respect des engagements pris par l\u2019\u00c9tat vis-\u00e0-vis de la communaut\u00e9 internationale en ce qui concerne l\u2019application des conventions internationales qu\u2019il a ratifi\u00e9.<\/span><\/span><\/span><\/span><\/p>\n<p align=\"JUSTIFY\"><span style=\"font-family: arial, sans-serif;\"><span style=\"color: #000000;\"><span style=\"font-size: large;\"><span style=\"color: #00000a;\">Le Ministre a soutenu que le projet de loi apporte des innovations majeures par rapport au Code en vigueur dont entre autres :<\/span><\/span><\/span><\/span><\/p>\n<p><span style=\"font-family: arial, sans-serif;\"><span style=\"color: #000000;\"><span style=\"font-size: large;\"><span style=\"color: #00000a;\">l\u2019instauration d\u2019un nouveau r\u00e9gime relatif \u00e0 la s\u00fbret\u00e9 maritime et la prise en compte de tous les types de pollution marine caus\u00e9e par les navires ;<br \/>\n<\/span><\/span><\/span><\/span><span style=\"font-family: arial, sans-serif;\"><span style=\"color: #000000;\"><span style=\"font-size: large;\"><span style=\"color: #00000a;\">la possibilit\u00e9 de l\u2019ouverture d\u2019un r\u00e9gime international guin\u00e9en d\u2019immatriculation des navires et l\u2019\u00e9l\u00e9vation des peines en cas d\u2019infractions et l\u2019agr\u00e9ment des organismes reconnus ;<br \/>\n<\/span><\/span><\/span><\/span><span style=\"color: #000000;\"><span style=\"font-size: large;\"><span style=\"color: #00000a; font-family: arial, sans-serif;\">la d\u00e9finition des missions de l\u2019administration maritime et la cr\u00e9ation d\u2019un cadre de concertation entre le secteur priv\u00e9 et le secteur public de la marine marchande.<\/span><\/span><\/span><\/p>\n<p align=\"JUSTIFY\"><span style=\"font-family: arial, sans-serif; font-size: large;\">Le Conseil a adopt\u00e9 le projet de Loi portant Code de la Marine Marchande de la R\u00e9publique de Guin\u00e9e.<\/span><\/p>\n<p align=\"JUSTIFY\"><span style=\"font-family: arial, sans-serif; font-size: large;\"><b>Questions diverses<\/b>\u00a0:<\/span><\/p>\n<p align=\"JUSTIFY\"><span style=\"font-family: arial, sans-serif; font-size: large;\">Le conseil a not\u00e9 avec regret les incidents survenus ce jeudi 25 octobre 2018 \u00e0 Coyah (sous-pr\u00e9fecture de Kassonya) dus au d\u00e9barquement nocturne de cargaisons de produits de p\u00e8ches par des embarcations non autoris\u00e9es.<\/span><\/p>\n<p align=\"JUSTIFY\"><span style=\"font-family: arial, sans-serif; font-size: large;\">Le gouvernement rappelle que le plan d\u2019am\u00e9nagement et de gestion des p\u00eacheries pr\u00e9voit que l\u2019exercice de la p\u00eache artisanale, sous le r\u00e9gime du droit commun, est r\u00e9serv\u00e9 aux p\u00e9cheurs nationaux et aux p\u00e9cheurs ressortissants des \u00e9tats membres de la CEDEAO.<\/span><\/p>\n<p align=\"JUSTIFY\"><span style=\"font-family: arial, sans-serif; font-size: large;\">Le gouvernement a r\u00e9it\u00e9r\u00e9 sa d\u00e9termination \u00e0 faire appliquer cette r\u00e9glementation\u00a0et confirme l\u2019interdiction pour les personnes non ressortissant de la CEDEAO de pratiquer la p\u00eache artisanale dans les eaux Guin\u00e9ennes.<\/span><\/p>\n<p align=\"JUSTIFY\"><span style=\"font-family: arial, sans-serif; font-size: large;\"><b>Avant de lever la s\u00e9ance, le Pr\u00e9sident de la r\u00e9publique a donn\u00e9 de larges informations sur la situation nationale, Africaine et internationale.<\/b><\/span><\/p>\n<p align=\"JUSTIFY\"><span style=\"font-family: arial, sans-serif; font-size: large;\"><b>Le Conseil des Ministres<\/b><\/span><\/p>\n<p align=\"JUSTIFY\"><span style=\"font-family: arial, sans-serif; font-size: large;\"><b>Transmis par la Cellule de Communication du Gouvernement<\/b><\/span><\/p>\n","protected":false},"excerpt":{"rendered":"<p>\u00a0Sous la pr\u00e9sidence de son Excellence Monsieur le Pr\u00e9sident de la R\u00e9publique, le Conseil des ministres a tenu sa session ordinaire ce jeudi 25 octobre 2018 de 10h \u00e0 12h 00, avec l&rsquo;ordre du jour suivant: Message de son Excellence Monsieur le Pr\u00e9sident de la R\u00e9publique\u00a0; Compte rendu de la session ordinaire du Conseil interminist\u00e9riel [&hellip;]<\/p>\n","protected":false},"author":7,"featured_media":27049,"comment_status":"closed","ping_status":"closed","sticky":false,"template":"","format":"standard","meta":{"_exactmetrics_skip_tracking":false,"_exactmetrics_sitenote_active":false,"_exactmetrics_sitenote_note":"","_exactmetrics_sitenote_category":0,"tdm_status":"","tdm_grid_status":"","footnotes":""},"categories":[1],"tags":[],"class_list":{"0":"post-27048","1":"post","2":"type-post","3":"status-publish","4":"format-standard","5":"has-post-thumbnail","7":"category-non-classe"},"yoast_head":"<!-- This site is optimized with the Yoast SEO plugin v24.2 - https:\/\/yoast.com\/wordpress\/plugins\/seo\/ -->\n<title>Compte rendu du conseil des ministres du 25 octobre 2018 | Guin\u00e9e Diversit\u00e9<\/title>\n<meta name=\"robots\" content=\"index, follow, max-snippet:-1, max-image-preview:large, max-video-preview:-1\" \/>\n<link rel=\"canonical\" href=\"https:\/\/guineediversite.com\/index.php\/2018\/10\/26\/compte-rendu-du-conseil-des-ministres-du-25-octobre-2018\/\" \/>\n<meta property=\"og:locale\" content=\"fr_FR\" \/>\n<meta property=\"og:type\" content=\"article\" \/>\n<meta property=\"og:title\" content=\"Compte rendu du conseil des ministres du 25 octobre 2018 | Guin\u00e9e Diversit\u00e9\" \/>\n<meta property=\"og:description\" content=\"\u00a0Sous la pr\u00e9sidence de son Excellence Monsieur le Pr\u00e9sident de la R\u00e9publique, le Conseil des ministres a tenu sa session ordinaire ce jeudi 25 octobre 2018 de 10h \u00e0 12h 00, avec l&rsquo;ordre du jour suivant: Message de son Excellence Monsieur le Pr\u00e9sident de la R\u00e9publique\u00a0; Compte rendu de la session ordinaire du Conseil interminist\u00e9riel [&hellip;]\" \/>\n<meta property=\"og:url\" content=\"https:\/\/guineediversite.com\/index.php\/2018\/10\/26\/compte-rendu-du-conseil-des-ministres-du-25-octobre-2018\/\" \/>\n<meta property=\"og:site_name\" content=\"Guin\u00e9e Diversit\u00e9\" \/>\n<meta property=\"article:publisher\" content=\"https:\/\/www.facebook.com\/guineediversite\/\" \/>\n<meta property=\"article:published_time\" content=\"2018-10-26T15:37:42+00:00\" \/>\n<meta property=\"og:image\" content=\"https:\/\/guineediversite.com\/wp-content\/uploads\/2018\/10\/CRCM25-10-18.png\" \/>\n\t<meta property=\"og:image:width\" content=\"1024\" \/>\n\t<meta property=\"og:image:height\" content=\"726\" \/>\n\t<meta property=\"og:image:type\" content=\"image\/png\" \/>\n<meta name=\"author\" content=\"Bilguissa Diallo\" \/>\n<meta name=\"twitter:card\" content=\"summary_large_image\" \/>\n<meta name=\"twitter:creator\" content=\"@GuineeDiversite\" \/>\n<meta name=\"twitter:site\" content=\"@GuineeDiversite\" \/>\n<meta name=\"twitter:label1\" content=\"\u00c9crit par\" \/>\n\t<meta name=\"twitter:data1\" content=\"Bilguissa Diallo\" \/>\n\t<meta name=\"twitter:label2\" content=\"Dur\u00e9e de lecture estim\u00e9e\" \/>\n\t<meta name=\"twitter:data2\" content=\"9 minutes\" \/>\n<script type=\"application\/ld+json\" class=\"yoast-schema-graph\">{\"@context\":\"https:\/\/schema.org\",\"@graph\":[{\"@type\":\"Article\",\"@id\":\"https:\/\/guineediversite.com\/index.php\/2018\/10\/26\/compte-rendu-du-conseil-des-ministres-du-25-octobre-2018\/#article\",\"isPartOf\":{\"@id\":\"https:\/\/guineediversite.com\/index.php\/2018\/10\/26\/compte-rendu-du-conseil-des-ministres-du-25-octobre-2018\/\"},\"author\":{\"name\":\"Bilguissa Diallo\",\"@id\":\"https:\/\/guineediversite.com\/#\/schema\/person\/0e0e3e424768a50d025ac2218ccca73f\"},\"headline\":\"Compte rendu du conseil des ministres du 25 octobre 2018\",\"datePublished\":\"2018-10-26T15:37:42+00:00\",\"dateModified\":\"2018-10-26T15:37:42+00:00\",\"mainEntityOfPage\":{\"@id\":\"https:\/\/guineediversite.com\/index.php\/2018\/10\/26\/compte-rendu-du-conseil-des-ministres-du-25-octobre-2018\/\"},\"wordCount\":1805,\"publisher\":{\"@id\":\"https:\/\/guineediversite.com\/#organization\"},\"image\":{\"@id\":\"https:\/\/guineediversite.com\/index.php\/2018\/10\/26\/compte-rendu-du-conseil-des-ministres-du-25-octobre-2018\/#primaryimage\"},\"thumbnailUrl\":\"https:\/\/guineediversite.com\/wp-content\/uploads\/2018\/10\/CRCM25-10-18.png\",\"inLanguage\":\"fr-FR\"},{\"@type\":\"WebPage\",\"@id\":\"https:\/\/guineediversite.com\/index.php\/2018\/10\/26\/compte-rendu-du-conseil-des-ministres-du-25-octobre-2018\/\",\"url\":\"https:\/\/guineediversite.com\/index.php\/2018\/10\/26\/compte-rendu-du-conseil-des-ministres-du-25-octobre-2018\/\",\"name\":\"Compte rendu du conseil des ministres du 25 octobre 2018 | Guin\u00e9e Diversit\u00e9\",\"isPartOf\":{\"@id\":\"https:\/\/guineediversite.com\/#website\"},\"primaryImageOfPage\":{\"@id\":\"https:\/\/guineediversite.com\/index.php\/2018\/10\/26\/compte-rendu-du-conseil-des-ministres-du-25-octobre-2018\/#primaryimage\"},\"image\":{\"@id\":\"https:\/\/guineediversite.com\/index.php\/2018\/10\/26\/compte-rendu-du-conseil-des-ministres-du-25-octobre-2018\/#primaryimage\"},\"thumbnailUrl\":\"https:\/\/guineediversite.com\/wp-content\/uploads\/2018\/10\/CRCM25-10-18.png\",\"datePublished\":\"2018-10-26T15:37:42+00:00\",\"dateModified\":\"2018-10-26T15:37:42+00:00\",\"breadcrumb\":{\"@id\":\"https:\/\/guineediversite.com\/index.php\/2018\/10\/26\/compte-rendu-du-conseil-des-ministres-du-25-octobre-2018\/#breadcrumb\"},\"inLanguage\":\"fr-FR\",\"potentialAction\":[{\"@type\":\"ReadAction\",\"target\":[\"https:\/\/guineediversite.com\/index.php\/2018\/10\/26\/compte-rendu-du-conseil-des-ministres-du-25-octobre-2018\/\"]}]},{\"@type\":\"ImageObject\",\"inLanguage\":\"fr-FR\",\"@id\":\"https:\/\/guineediversite.com\/index.php\/2018\/10\/26\/compte-rendu-du-conseil-des-ministres-du-25-octobre-2018\/#primaryimage\",\"url\":\"https:\/\/guineediversite.com\/wp-content\/uploads\/2018\/10\/CRCM25-10-18.png\",\"contentUrl\":\"https:\/\/guineediversite.com\/wp-content\/uploads\/2018\/10\/CRCM25-10-18.png\",\"width\":1024,\"height\":726},{\"@type\":\"BreadcrumbList\",\"@id\":\"https:\/\/guineediversite.com\/index.php\/2018\/10\/26\/compte-rendu-du-conseil-des-ministres-du-25-octobre-2018\/#breadcrumb\",\"itemListElement\":[{\"@type\":\"ListItem\",\"position\":1,\"name\":\"Accueil\",\"item\":\"https:\/\/guineediversite.com\/\"},{\"@type\":\"ListItem\",\"position\":2,\"name\":\"Compte rendu du conseil des ministres du 25 octobre 2018\"}]},{\"@type\":\"WebSite\",\"@id\":\"https:\/\/guineediversite.com\/#website\",\"url\":\"https:\/\/guineediversite.com\/\",\"name\":\"Guin\u00e9e Diversit\u00e9\",\"description\":\"L&#039;Info dans toute sa diversit\u00e9\",\"publisher\":{\"@id\":\"https:\/\/guineediversite.com\/#organization\"},\"potentialAction\":[{\"@type\":\"SearchAction\",\"target\":{\"@type\":\"EntryPoint\",\"urlTemplate\":\"https:\/\/guineediversite.com\/?s={search_term_string}\"},\"query-input\":{\"@type\":\"PropertyValueSpecification\",\"valueRequired\":true,\"valueName\":\"search_term_string\"}}],\"inLanguage\":\"fr-FR\"},{\"@type\":\"Organization\",\"@id\":\"https:\/\/guineediversite.com\/#organization\",\"name\":\"Guin\u00e9e Diversit\u00e9\",\"url\":\"https:\/\/guineediversite.com\/\",\"logo\":{\"@type\":\"ImageObject\",\"inLanguage\":\"fr-FR\",\"@id\":\"https:\/\/guineediversite.com\/#\/schema\/logo\/image\/\",\"url\":\"https:\/\/guineediversite.com\/wp-content\/uploads\/2017\/04\/cropped-1jojlxEOMkX9Wyqfhe43D6kjPOGqBBKmx3EwWJqZ0cMrFF54yM49.png\",\"contentUrl\":\"https:\/\/guineediversite.com\/wp-content\/uploads\/2017\/04\/cropped-1jojlxEOMkX9Wyqfhe43D6kjPOGqBBKmx3EwWJqZ0cMrFF54yM49.png\",\"width\":186,\"height\":112,\"caption\":\"Guin\u00e9e Diversit\u00e9\"},\"image\":{\"@id\":\"https:\/\/guineediversite.com\/#\/schema\/logo\/image\/\"},\"sameAs\":[\"https:\/\/www.facebook.com\/guineediversite\/\",\"https:\/\/x.com\/GuineeDiversite\",\"https:\/\/www.youtube.com\/channel\/UC8sUY16qelG5ge6_D5SB83g\"]},{\"@type\":\"Person\",\"@id\":\"https:\/\/guineediversite.com\/#\/schema\/person\/0e0e3e424768a50d025ac2218ccca73f\",\"name\":\"Bilguissa Diallo\",\"image\":{\"@type\":\"ImageObject\",\"inLanguage\":\"fr-FR\",\"@id\":\"https:\/\/guineediversite.com\/#\/schema\/person\/image\/\",\"url\":\"https:\/\/secure.gravatar.com\/avatar\/49bbbd2420ee34d62b1b191791f4b5df?s=96&d=mm&r=g\",\"contentUrl\":\"https:\/\/secure.gravatar.com\/avatar\/49bbbd2420ee34d62b1b191791f4b5df?s=96&d=mm&r=g\",\"caption\":\"Bilguissa Diallo\"},\"url\":\"https:\/\/guineediversite.com\/index.php\/author\/bilguissa\/\"}]}<\/script>\n<!-- \/ Yoast SEO plugin. -->","yoast_head_json":{"title":"Compte rendu du conseil des ministres du 25 octobre 2018 | Guin\u00e9e Diversit\u00e9","robots":{"index":"index","follow":"follow","max-snippet":"max-snippet:-1","max-image-preview":"max-image-preview:large","max-video-preview":"max-video-preview:-1"},"canonical":"https:\/\/guineediversite.com\/index.php\/2018\/10\/26\/compte-rendu-du-conseil-des-ministres-du-25-octobre-2018\/","og_locale":"fr_FR","og_type":"article","og_title":"Compte rendu du conseil des ministres du 25 octobre 2018 | Guin\u00e9e Diversit\u00e9","og_description":"\u00a0Sous la pr\u00e9sidence de son Excellence Monsieur le Pr\u00e9sident de la R\u00e9publique, le Conseil des ministres a tenu sa session ordinaire ce jeudi 25 octobre 2018 de 10h \u00e0 12h 00, avec l&rsquo;ordre du jour suivant: Message de son Excellence Monsieur le Pr\u00e9sident de la R\u00e9publique\u00a0; Compte rendu de la session ordinaire du Conseil interminist\u00e9riel [&hellip;]","og_url":"https:\/\/guineediversite.com\/index.php\/2018\/10\/26\/compte-rendu-du-conseil-des-ministres-du-25-octobre-2018\/","og_site_name":"Guin\u00e9e Diversit\u00e9","article_publisher":"https:\/\/www.facebook.com\/guineediversite\/","article_published_time":"2018-10-26T15:37:42+00:00","og_image":[{"width":1024,"height":726,"url":"https:\/\/guineediversite.com\/wp-content\/uploads\/2018\/10\/CRCM25-10-18.png","type":"image\/png"}],"author":"Bilguissa Diallo","twitter_card":"summary_large_image","twitter_creator":"@GuineeDiversite","twitter_site":"@GuineeDiversite","twitter_misc":{"\u00c9crit par":"Bilguissa Diallo","Dur\u00e9e de lecture estim\u00e9e":"9 minutes"},"schema":{"@context":"https:\/\/schema.org","@graph":[{"@type":"Article","@id":"https:\/\/guineediversite.com\/index.php\/2018\/10\/26\/compte-rendu-du-conseil-des-ministres-du-25-octobre-2018\/#article","isPartOf":{"@id":"https:\/\/guineediversite.com\/index.php\/2018\/10\/26\/compte-rendu-du-conseil-des-ministres-du-25-octobre-2018\/"},"author":{"name":"Bilguissa Diallo","@id":"https:\/\/guineediversite.com\/#\/schema\/person\/0e0e3e424768a50d025ac2218ccca73f"},"headline":"Compte rendu du conseil des ministres du 25 octobre 2018","datePublished":"2018-10-26T15:37:42+00:00","dateModified":"2018-10-26T15:37:42+00:00","mainEntityOfPage":{"@id":"https:\/\/guineediversite.com\/index.php\/2018\/10\/26\/compte-rendu-du-conseil-des-ministres-du-25-octobre-2018\/"},"wordCount":1805,"publisher":{"@id":"https:\/\/guineediversite.com\/#organization"},"image":{"@id":"https:\/\/guineediversite.com\/index.php\/2018\/10\/26\/compte-rendu-du-conseil-des-ministres-du-25-octobre-2018\/#primaryimage"},"thumbnailUrl":"https:\/\/guineediversite.com\/wp-content\/uploads\/2018\/10\/CRCM25-10-18.png","inLanguage":"fr-FR"},{"@type":"WebPage","@id":"https:\/\/guineediversite.com\/index.php\/2018\/10\/26\/compte-rendu-du-conseil-des-ministres-du-25-octobre-2018\/","url":"https:\/\/guineediversite.com\/index.php\/2018\/10\/26\/compte-rendu-du-conseil-des-ministres-du-25-octobre-2018\/","name":"Compte rendu du conseil des ministres du 25 octobre 2018 | Guin\u00e9e Diversit\u00e9","isPartOf":{"@id":"https:\/\/guineediversite.com\/#website"},"primaryImageOfPage":{"@id":"https:\/\/guineediversite.com\/index.php\/2018\/10\/26\/compte-rendu-du-conseil-des-ministres-du-25-octobre-2018\/#primaryimage"},"image":{"@id":"https:\/\/guineediversite.com\/index.php\/2018\/10\/26\/compte-rendu-du-conseil-des-ministres-du-25-octobre-2018\/#primaryimage"},"thumbnailUrl":"https:\/\/guineediversite.com\/wp-content\/uploads\/2018\/10\/CRCM25-10-18.png","datePublished":"2018-10-26T15:37:42+00:00","dateModified":"2018-10-26T15:37:42+00:00","breadcrumb":{"@id":"https:\/\/guineediversite.com\/index.php\/2018\/10\/26\/compte-rendu-du-conseil-des-ministres-du-25-octobre-2018\/#breadcrumb"},"inLanguage":"fr-FR","potentialAction":[{"@type":"ReadAction","target":["https:\/\/guineediversite.com\/index.php\/2018\/10\/26\/compte-rendu-du-conseil-des-ministres-du-25-octobre-2018\/"]}]},{"@type":"ImageObject","inLanguage":"fr-FR","@id":"https:\/\/guineediversite.com\/index.php\/2018\/10\/26\/compte-rendu-du-conseil-des-ministres-du-25-octobre-2018\/#primaryimage","url":"https:\/\/guineediversite.com\/wp-content\/uploads\/2018\/10\/CRCM25-10-18.png","contentUrl":"https:\/\/guineediversite.com\/wp-content\/uploads\/2018\/10\/CRCM25-10-18.png","width":1024,"height":726},{"@type":"BreadcrumbList","@id":"https:\/\/guineediversite.com\/index.php\/2018\/10\/26\/compte-rendu-du-conseil-des-ministres-du-25-octobre-2018\/#breadcrumb","itemListElement":[{"@type":"ListItem","position":1,"name":"Accueil","item":"https:\/\/guineediversite.com\/"},{"@type":"ListItem","position":2,"name":"Compte rendu du conseil des ministres du 25 octobre 2018"}]},{"@type":"WebSite","@id":"https:\/\/guineediversite.com\/#website","url":"https:\/\/guineediversite.com\/","name":"Guin\u00e9e Diversit\u00e9","description":"L&#039;Info dans toute sa diversit\u00e9","publisher":{"@id":"https:\/\/guineediversite.com\/#organization"},"potentialAction":[{"@type":"SearchAction","target":{"@type":"EntryPoint","urlTemplate":"https:\/\/guineediversite.com\/?s={search_term_string}"},"query-input":{"@type":"PropertyValueSpecification","valueRequired":true,"valueName":"search_term_string"}}],"inLanguage":"fr-FR"},{"@type":"Organization","@id":"https:\/\/guineediversite.com\/#organization","name":"Guin\u00e9e Diversit\u00e9","url":"https:\/\/guineediversite.com\/","logo":{"@type":"ImageObject","inLanguage":"fr-FR","@id":"https:\/\/guineediversite.com\/#\/schema\/logo\/image\/","url":"https:\/\/guineediversite.com\/wp-content\/uploads\/2017\/04\/cropped-1jojlxEOMkX9Wyqfhe43D6kjPOGqBBKmx3EwWJqZ0cMrFF54yM49.png","contentUrl":"https:\/\/guineediversite.com\/wp-content\/uploads\/2017\/04\/cropped-1jojlxEOMkX9Wyqfhe43D6kjPOGqBBKmx3EwWJqZ0cMrFF54yM49.png","width":186,"height":112,"caption":"Guin\u00e9e Diversit\u00e9"},"image":{"@id":"https:\/\/guineediversite.com\/#\/schema\/logo\/image\/"},"sameAs":["https:\/\/www.facebook.com\/guineediversite\/","https:\/\/x.com\/GuineeDiversite","https:\/\/www.youtube.com\/channel\/UC8sUY16qelG5ge6_D5SB83g"]},{"@type":"Person","@id":"https:\/\/guineediversite.com\/#\/schema\/person\/0e0e3e424768a50d025ac2218ccca73f","name":"Bilguissa Diallo","image":{"@type":"ImageObject","inLanguage":"fr-FR","@id":"https:\/\/guineediversite.com\/#\/schema\/person\/image\/","url":"https:\/\/secure.gravatar.com\/avatar\/49bbbd2420ee34d62b1b191791f4b5df?s=96&d=mm&r=g","contentUrl":"https:\/\/secure.gravatar.com\/avatar\/49bbbd2420ee34d62b1b191791f4b5df?s=96&d=mm&r=g","caption":"Bilguissa Diallo"},"url":"https:\/\/guineediversite.com\/index.php\/author\/bilguissa\/"}]}},"_links":{"self":[{"href":"https:\/\/guineediversite.com\/index.php\/wp-json\/wp\/v2\/posts\/27048"}],"collection":[{"href":"https:\/\/guineediversite.com\/index.php\/wp-json\/wp\/v2\/posts"}],"about":[{"href":"https:\/\/guineediversite.com\/index.php\/wp-json\/wp\/v2\/types\/post"}],"author":[{"embeddable":true,"href":"https:\/\/guineediversite.com\/index.php\/wp-json\/wp\/v2\/users\/7"}],"replies":[{"embeddable":true,"href":"https:\/\/guineediversite.com\/index.php\/wp-json\/wp\/v2\/comments?post=27048"}],"version-history":[{"count":0,"href":"https:\/\/guineediversite.com\/index.php\/wp-json\/wp\/v2\/posts\/27048\/revisions"}],"wp:featuredmedia":[{"embeddable":true,"href":"https:\/\/guineediversite.com\/index.php\/wp-json\/wp\/v2\/media\/27049"}],"wp:attachment":[{"href":"https:\/\/guineediversite.com\/index.php\/wp-json\/wp\/v2\/media?parent=27048"}],"wp:term":[{"taxonomy":"category","embeddable":true,"href":"https:\/\/guineediversite.com\/index.php\/wp-json\/wp\/v2\/categories?post=27048"},{"taxonomy":"post_tag","embeddable":true,"href":"https:\/\/guineediversite.com\/index.php\/wp-json\/wp\/v2\/tags?post=27048"}],"curies":[{"name":"wp","href":"https:\/\/api.w.org\/{rel}","templated":true}]}}