{"id":27045,"date":"2018-10-26T15:26:34","date_gmt":"2018-10-26T13:26:34","guid":{"rendered":"https:\/\/guineediversite.com\/?p=27045"},"modified":"2018-10-26T15:26:34","modified_gmt":"2018-10-26T13:26:34","slug":"genocide-rwandais-mediapart-publie-une-video-qui-accable-larmee-francaise","status":"publish","type":"post","link":"https:\/\/guineediversite.com\/index.php\/2018\/10\/26\/genocide-rwandais-mediapart-publie-une-video-qui-accable-larmee-francaise\/","title":{"rendered":"G\u00e9nocide rwandais: Mediapart publie une vid\u00e9o qui accable l&rsquo;arm\u00e9e fran\u00e7aise"},"content":{"rendered":"<h2>Le site d&rsquo;investigation Mediapart a rendu publique jeudi 25 octobre une vid\u00e9o film\u00e9e par des militaires fran\u00e7ais durant les massacres de Bisesero et issue des archives audiovisuelles du minist\u00e8re de la D\u00e9fense. Il d\u00e9nonce la \u00ab\u00a0passivit\u00e9\u00a0\u00bb de l\u2019arm\u00e9e fran\u00e7aise alors que plus d\u2019un millier de Tutsis ont \u00e9t\u00e9 m\u00e9thodiquement assassin\u00e9s par les milices hutues lors de cet \u00e9pisode tr\u00e8s sombre du g\u00e9nocide rwandais entre le 27 et le 30 juin 1994.<\/h2>\n<p>La\u00a0<a href=\"https:\/\/www.mediapart.fr\/journal\/france\/251018\/genocide-des-tutsis-au-rwanda-la-video-qui-accable-l-armee-francaise\" target=\"_blank\" rel=\"noopener\"><strong>sc\u00e8ne film\u00e9e\u00a0<\/strong><\/a>montre le patron des op\u00e9rations sp\u00e9ciales fran\u00e7aises au Rwanda, le colonel Jacques Rosier, recevoir de l&rsquo;un de ses subordonn\u00e9s des informations sur les violences en cours dans les collines de Bisesero. \u00ab\u00a0<em>Hier, on \u00e9tait dans je ne sais pas quel patelin. Il y a eu des battues toute la journ\u00e9e dans les collines, des maisons qui flambaient de partout\u00a0<\/em>\u00bb, rapporte-t-il. \u00ab\u00a0<em>Hum&#8230; Hum&#8230;<\/em>\u00a0\u00bb, r\u00e9agit \u00e0 peine le colonel Rosier.<\/p>\n<p>L&rsquo;informateur va encore plus loin. Il affirme que les militaires fran\u00e7ais ont probablement eu pour guide un g\u00e9nocidaire hutu. \u00ab<em>\u00a0Quand on est tomb\u00e9s sur une bande de Tutsis qui fuyaient dans les collines et qu&rsquo;ils l&rsquo;ont reconnu,<\/em>\u00a0poursuit le sergent-chef,\u00a0<em>j&rsquo;ai cru qu&rsquo;ils allaient le lapider\u00a0<\/em>\u00bb.<\/p>\n<p>En face de lui, le patron des op\u00e9rations sp\u00e9ciales fran\u00e7aises se contente d&rsquo;un \u00ab<em>\u00a0ouais\u00a0<\/em>\u00bb. Une attitude r\u00e9v\u00e9latrice, selon Mediapart, de la \u00ab\u00a0<em>passivit\u00e9\u00a0<\/em>\u00bb de l&rsquo;arm\u00e9e fran\u00e7aise lors des massacres de Bisesero. D&rsquo;apr\u00e8s le site d&rsquo;investigation, la sc\u00e8ne a \u00e9t\u00e9 film\u00e9e le 28 juin 1994. De son c\u00f4t\u00e9, la hi\u00e9rarchie militaire a toujours affirm\u00e9 n&rsquo;avoir eu connaissance de la situation \u00e0 Bisesero que le 30 juin 1994.<\/p>\n<p>RFI<\/p>\n","protected":false},"excerpt":{"rendered":"<p>Le site d&rsquo;investigation Mediapart a rendu publique jeudi 25 octobre une vid\u00e9o film\u00e9e par des militaires fran\u00e7ais durant les massacres de Bisesero et issue des archives audiovisuelles du minist\u00e8re de la D\u00e9fense. Il d\u00e9nonce la \u00ab\u00a0passivit\u00e9\u00a0\u00bb de l\u2019arm\u00e9e fran\u00e7aise alors que plus d\u2019un millier de Tutsis ont \u00e9t\u00e9 m\u00e9thodiquement assassin\u00e9s par les milices hutues lors [&hellip;]<\/p>\n","protected":false},"author":12,"featured_media":27046,"comment_status":"closed","ping_status":"closed","sticky":false,"template":"","format":"standard","meta":{"_exactmetrics_skip_tracking":false,"_exactmetrics_sitenote_active":false,"_exactmetrics_sitenote_note":"","_exactmetrics_sitenote_category":0,"tdm_status":"","tdm_grid_status":"","footnotes":""},"categories":[21],"tags":[],"class_list":{"0":"post-27045","1":"post","2":"type-post","3":"status-publish","4":"format-standard","5":"has-post-thumbnail","7":"category-international"},"yoast_head":"<!-- This site is optimized with the Yoast SEO plugin v24.2 - https:\/\/yoast.com\/wordpress\/plugins\/seo\/ -->\n<title>G\u00e9nocide rwandais: Mediapart publie une vid\u00e9o qui accable l&#039;arm\u00e9e fran\u00e7aise | Guin\u00e9e Diversit\u00e9<\/title>\n<meta name=\"robots\" content=\"index, follow, max-snippet:-1, max-image-preview:large, max-video-preview:-1\" \/>\n<link rel=\"canonical\" href=\"https:\/\/guineediversite.com\/index.php\/2018\/10\/26\/genocide-rwandais-mediapart-publie-une-video-qui-accable-larmee-francaise\/\" \/>\n<meta property=\"og:locale\" content=\"fr_FR\" \/>\n<meta property=\"og:type\" content=\"article\" \/>\n<meta property=\"og:title\" content=\"G\u00e9nocide rwandais: Mediapart publie une vid\u00e9o qui accable l&#039;arm\u00e9e fran\u00e7aise | Guin\u00e9e Diversit\u00e9\" \/>\n<meta property=\"og:description\" content=\"Le site d&rsquo;investigation Mediapart a rendu publique jeudi 25 octobre une vid\u00e9o film\u00e9e par des militaires fran\u00e7ais durant les massacres de Bisesero et issue des archives audiovisuelles du minist\u00e8re de la D\u00e9fense. Il d\u00e9nonce la \u00ab\u00a0passivit\u00e9\u00a0\u00bb de l\u2019arm\u00e9e fran\u00e7aise alors que plus d\u2019un millier de Tutsis ont \u00e9t\u00e9 m\u00e9thodiquement assassin\u00e9s par les milices hutues lors [&hellip;]\" \/>\n<meta property=\"og:url\" content=\"https:\/\/guineediversite.com\/index.php\/2018\/10\/26\/genocide-rwandais-mediapart-publie-une-video-qui-accable-larmee-francaise\/\" \/>\n<meta property=\"og:site_name\" content=\"Guin\u00e9e Diversit\u00e9\" \/>\n<meta property=\"article:publisher\" content=\"https:\/\/www.facebook.com\/guineediversite\/\" \/>\n<meta property=\"article:published_time\" content=\"2018-10-26T13:26:34+00:00\" \/>\n<meta property=\"og:image\" content=\"https:\/\/guineediversite.com\/wp-content\/uploads\/2018\/10\/capture-ecran-video-mediapart_0.jpg\" \/>\n\t<meta property=\"og:image:width\" content=\"1024\" \/>\n\t<meta property=\"og:image:height\" content=\"578\" \/>\n\t<meta property=\"og:image:type\" content=\"image\/jpeg\" \/>\n<meta name=\"author\" content=\"Guin\u00e9e Diversit\u00e9\" \/>\n<meta name=\"twitter:card\" content=\"summary_large_image\" \/>\n<meta name=\"twitter:creator\" content=\"@GuineeDiversite\" \/>\n<meta name=\"twitter:site\" content=\"@GuineeDiversite\" \/>\n<meta name=\"twitter:label1\" content=\"\u00c9crit par\" \/>\n\t<meta name=\"twitter:data1\" content=\"Guin\u00e9e Diversit\u00e9\" \/>\n\t<meta name=\"twitter:label2\" content=\"Dur\u00e9e de lecture estim\u00e9e\" \/>\n\t<meta name=\"twitter:data2\" content=\"1 minute\" \/>\n<script type=\"application\/ld+json\" class=\"yoast-schema-graph\">{\"@context\":\"https:\/\/schema.org\",\"@graph\":[{\"@type\":\"Article\",\"@id\":\"https:\/\/guineediversite.com\/index.php\/2018\/10\/26\/genocide-rwandais-mediapart-publie-une-video-qui-accable-larmee-francaise\/#article\",\"isPartOf\":{\"@id\":\"https:\/\/guineediversite.com\/index.php\/2018\/10\/26\/genocide-rwandais-mediapart-publie-une-video-qui-accable-larmee-francaise\/\"},\"author\":{\"name\":\"Guin\u00e9e Diversit\u00e9\",\"@id\":\"https:\/\/guineediversite.com\/#\/schema\/person\/afa08fb34e7fc6e1feafc892612bc836\"},\"headline\":\"G\u00e9nocide rwandais: Mediapart publie une vid\u00e9o qui accable l&rsquo;arm\u00e9e fran\u00e7aise\",\"datePublished\":\"2018-10-26T13:26:34+00:00\",\"dateModified\":\"2018-10-26T13:26:34+00:00\",\"mainEntityOfPage\":{\"@id\":\"https:\/\/guineediversite.com\/index.php\/2018\/10\/26\/genocide-rwandais-mediapart-publie-une-video-qui-accable-larmee-francaise\/\"},\"wordCount\":308,\"publisher\":{\"@id\":\"https:\/\/guineediversite.com\/#organization\"},\"image\":{\"@id\":\"https:\/\/guineediversite.com\/index.php\/2018\/10\/26\/genocide-rwandais-mediapart-publie-une-video-qui-accable-larmee-francaise\/#primaryimage\"},\"thumbnailUrl\":\"https:\/\/guineediversite.com\/wp-content\/uploads\/2018\/10\/capture-ecran-video-mediapart_0.jpg\",\"articleSection\":[\"International\"],\"inLanguage\":\"fr-FR\"},{\"@type\":\"WebPage\",\"@id\":\"https:\/\/guineediversite.com\/index.php\/2018\/10\/26\/genocide-rwandais-mediapart-publie-une-video-qui-accable-larmee-francaise\/\",\"url\":\"https:\/\/guineediversite.com\/index.php\/2018\/10\/26\/genocide-rwandais-mediapart-publie-une-video-qui-accable-larmee-francaise\/\",\"name\":\"G\u00e9nocide rwandais: Mediapart publie une vid\u00e9o qui accable l'arm\u00e9e fran\u00e7aise | Guin\u00e9e Diversit\u00e9\",\"isPartOf\":{\"@id\":\"https:\/\/guineediversite.com\/#website\"},\"primaryImageOfPage\":{\"@id\":\"https:\/\/guineediversite.com\/index.php\/2018\/10\/26\/genocide-rwandais-mediapart-publie-une-video-qui-accable-larmee-francaise\/#primaryimage\"},\"image\":{\"@id\":\"https:\/\/guineediversite.com\/index.php\/2018\/10\/26\/genocide-rwandais-mediapart-publie-une-video-qui-accable-larmee-francaise\/#primaryimage\"},\"thumbnailUrl\":\"https:\/\/guineediversite.com\/wp-content\/uploads\/2018\/10\/capture-ecran-video-mediapart_0.jpg\",\"datePublished\":\"2018-10-26T13:26:34+00:00\",\"dateModified\":\"2018-10-26T13:26:34+00:00\",\"breadcrumb\":{\"@id\":\"https:\/\/guineediversite.com\/index.php\/2018\/10\/26\/genocide-rwandais-mediapart-publie-une-video-qui-accable-larmee-francaise\/#breadcrumb\"},\"inLanguage\":\"fr-FR\",\"potentialAction\":[{\"@type\":\"ReadAction\",\"target\":[\"https:\/\/guineediversite.com\/index.php\/2018\/10\/26\/genocide-rwandais-mediapart-publie-une-video-qui-accable-larmee-francaise\/\"]}]},{\"@type\":\"ImageObject\",\"inLanguage\":\"fr-FR\",\"@id\":\"https:\/\/guineediversite.com\/index.php\/2018\/10\/26\/genocide-rwandais-mediapart-publie-une-video-qui-accable-larmee-francaise\/#primaryimage\",\"url\":\"https:\/\/guineediversite.com\/wp-content\/uploads\/2018\/10\/capture-ecran-video-mediapart_0.jpg\",\"contentUrl\":\"https:\/\/guineediversite.com\/wp-content\/uploads\/2018\/10\/capture-ecran-video-mediapart_0.jpg\",\"width\":1024,\"height\":578},{\"@type\":\"BreadcrumbList\",\"@id\":\"https:\/\/guineediversite.com\/index.php\/2018\/10\/26\/genocide-rwandais-mediapart-publie-une-video-qui-accable-larmee-francaise\/#breadcrumb\",\"itemListElement\":[{\"@type\":\"ListItem\",\"position\":1,\"name\":\"Accueil\",\"item\":\"https:\/\/guineediversite.com\/\"},{\"@type\":\"ListItem\",\"position\":2,\"name\":\"G\u00e9nocide rwandais: Mediapart publie une vid\u00e9o qui accable l&rsquo;arm\u00e9e fran\u00e7aise\"}]},{\"@type\":\"WebSite\",\"@id\":\"https:\/\/guineediversite.com\/#website\",\"url\":\"https:\/\/guineediversite.com\/\",\"name\":\"Guin\u00e9e Diversit\u00e9\",\"description\":\"L&#039;Info dans toute sa diversit\u00e9\",\"publisher\":{\"@id\":\"https:\/\/guineediversite.com\/#organization\"},\"potentialAction\":[{\"@type\":\"SearchAction\",\"target\":{\"@type\":\"EntryPoint\",\"urlTemplate\":\"https:\/\/guineediversite.com\/?s={search_term_string}\"},\"query-input\":{\"@type\":\"PropertyValueSpecification\",\"valueRequired\":true,\"valueName\":\"search_term_string\"}}],\"inLanguage\":\"fr-FR\"},{\"@type\":\"Organization\",\"@id\":\"https:\/\/guineediversite.com\/#organization\",\"name\":\"Guin\u00e9e Diversit\u00e9\",\"url\":\"https:\/\/guineediversite.com\/\",\"logo\":{\"@type\":\"ImageObject\",\"inLanguage\":\"fr-FR\",\"@id\":\"https:\/\/guineediversite.com\/#\/schema\/logo\/image\/\",\"url\":\"https:\/\/guineediversite.com\/wp-content\/uploads\/2017\/04\/cropped-1jojlxEOMkX9Wyqfhe43D6kjPOGqBBKmx3EwWJqZ0cMrFF54yM49.png\",\"contentUrl\":\"https:\/\/guineediversite.com\/wp-content\/uploads\/2017\/04\/cropped-1jojlxEOMkX9Wyqfhe43D6kjPOGqBBKmx3EwWJqZ0cMrFF54yM49.png\",\"width\":186,\"height\":112,\"caption\":\"Guin\u00e9e Diversit\u00e9\"},\"image\":{\"@id\":\"https:\/\/guineediversite.com\/#\/schema\/logo\/image\/\"},\"sameAs\":[\"https:\/\/www.facebook.com\/guineediversite\/\",\"https:\/\/x.com\/GuineeDiversite\",\"https:\/\/www.youtube.com\/channel\/UC8sUY16qelG5ge6_D5SB83g\"]},{\"@type\":\"Person\",\"@id\":\"https:\/\/guineediversite.com\/#\/schema\/person\/afa08fb34e7fc6e1feafc892612bc836\",\"name\":\"Guin\u00e9e Diversit\u00e9\",\"image\":{\"@type\":\"ImageObject\",\"inLanguage\":\"fr-FR\",\"@id\":\"https:\/\/guineediversite.com\/#\/schema\/person\/image\/\",\"url\":\"https:\/\/secure.gravatar.com\/avatar\/50d5eb5b390f8b65ac30ac6f898eb83a?s=96&d=mm&r=g\",\"contentUrl\":\"https:\/\/secure.gravatar.com\/avatar\/50d5eb5b390f8b65ac30ac6f898eb83a?s=96&d=mm&r=g\",\"caption\":\"Guin\u00e9e Diversit\u00e9\"},\"url\":\"https:\/\/guineediversite.com\/index.php\/author\/guineediversite\/\"}]}<\/script>\n<!-- \/ Yoast SEO plugin. -->","yoast_head_json":{"title":"G\u00e9nocide rwandais: Mediapart publie une vid\u00e9o qui accable l'arm\u00e9e fran\u00e7aise | Guin\u00e9e Diversit\u00e9","robots":{"index":"index","follow":"follow","max-snippet":"max-snippet:-1","max-image-preview":"max-image-preview:large","max-video-preview":"max-video-preview:-1"},"canonical":"https:\/\/guineediversite.com\/index.php\/2018\/10\/26\/genocide-rwandais-mediapart-publie-une-video-qui-accable-larmee-francaise\/","og_locale":"fr_FR","og_type":"article","og_title":"G\u00e9nocide rwandais: Mediapart publie une vid\u00e9o qui accable l'arm\u00e9e fran\u00e7aise | Guin\u00e9e Diversit\u00e9","og_description":"Le site d&rsquo;investigation Mediapart a rendu publique jeudi 25 octobre une vid\u00e9o film\u00e9e par des militaires fran\u00e7ais durant les massacres de Bisesero et issue des archives audiovisuelles du minist\u00e8re de la D\u00e9fense. Il d\u00e9nonce la \u00ab\u00a0passivit\u00e9\u00a0\u00bb de l\u2019arm\u00e9e fran\u00e7aise alors que plus d\u2019un millier de Tutsis ont \u00e9t\u00e9 m\u00e9thodiquement assassin\u00e9s par les milices hutues lors [&hellip;]","og_url":"https:\/\/guineediversite.com\/index.php\/2018\/10\/26\/genocide-rwandais-mediapart-publie-une-video-qui-accable-larmee-francaise\/","og_site_name":"Guin\u00e9e Diversit\u00e9","article_publisher":"https:\/\/www.facebook.com\/guineediversite\/","article_published_time":"2018-10-26T13:26:34+00:00","og_image":[{"width":1024,"height":578,"url":"https:\/\/guineediversite.com\/wp-content\/uploads\/2018\/10\/capture-ecran-video-mediapart_0.jpg","type":"image\/jpeg"}],"author":"Guin\u00e9e Diversit\u00e9","twitter_card":"summary_large_image","twitter_creator":"@GuineeDiversite","twitter_site":"@GuineeDiversite","twitter_misc":{"\u00c9crit par":"Guin\u00e9e Diversit\u00e9","Dur\u00e9e de lecture estim\u00e9e":"1 minute"},"schema":{"@context":"https:\/\/schema.org","@graph":[{"@type":"Article","@id":"https:\/\/guineediversite.com\/index.php\/2018\/10\/26\/genocide-rwandais-mediapart-publie-une-video-qui-accable-larmee-francaise\/#article","isPartOf":{"@id":"https:\/\/guineediversite.com\/index.php\/2018\/10\/26\/genocide-rwandais-mediapart-publie-une-video-qui-accable-larmee-francaise\/"},"author":{"name":"Guin\u00e9e Diversit\u00e9","@id":"https:\/\/guineediversite.com\/#\/schema\/person\/afa08fb34e7fc6e1feafc892612bc836"},"headline":"G\u00e9nocide rwandais: Mediapart publie une vid\u00e9o qui accable l&rsquo;arm\u00e9e fran\u00e7aise","datePublished":"2018-10-26T13:26:34+00:00","dateModified":"2018-10-26T13:26:34+00:00","mainEntityOfPage":{"@id":"https:\/\/guineediversite.com\/index.php\/2018\/10\/26\/genocide-rwandais-mediapart-publie-une-video-qui-accable-larmee-francaise\/"},"wordCount":308,"publisher":{"@id":"https:\/\/guineediversite.com\/#organization"},"image":{"@id":"https:\/\/guineediversite.com\/index.php\/2018\/10\/26\/genocide-rwandais-mediapart-publie-une-video-qui-accable-larmee-francaise\/#primaryimage"},"thumbnailUrl":"https:\/\/guineediversite.com\/wp-content\/uploads\/2018\/10\/capture-ecran-video-mediapart_0.jpg","articleSection":["International"],"inLanguage":"fr-FR"},{"@type":"WebPage","@id":"https:\/\/guineediversite.com\/index.php\/2018\/10\/26\/genocide-rwandais-mediapart-publie-une-video-qui-accable-larmee-francaise\/","url":"https:\/\/guineediversite.com\/index.php\/2018\/10\/26\/genocide-rwandais-mediapart-publie-une-video-qui-accable-larmee-francaise\/","name":"G\u00e9nocide rwandais: Mediapart publie une vid\u00e9o qui accable l'arm\u00e9e fran\u00e7aise | Guin\u00e9e Diversit\u00e9","isPartOf":{"@id":"https:\/\/guineediversite.com\/#website"},"primaryImageOfPage":{"@id":"https:\/\/guineediversite.com\/index.php\/2018\/10\/26\/genocide-rwandais-mediapart-publie-une-video-qui-accable-larmee-francaise\/#primaryimage"},"image":{"@id":"https:\/\/guineediversite.com\/index.php\/2018\/10\/26\/genocide-rwandais-mediapart-publie-une-video-qui-accable-larmee-francaise\/#primaryimage"},"thumbnailUrl":"https:\/\/guineediversite.com\/wp-content\/uploads\/2018\/10\/capture-ecran-video-mediapart_0.jpg","datePublished":"2018-10-26T13:26:34+00:00","dateModified":"2018-10-26T13:26:34+00:00","breadcrumb":{"@id":"https:\/\/guineediversite.com\/index.php\/2018\/10\/26\/genocide-rwandais-mediapart-publie-une-video-qui-accable-larmee-francaise\/#breadcrumb"},"inLanguage":"fr-FR","potentialAction":[{"@type":"ReadAction","target":["https:\/\/guineediversite.com\/index.php\/2018\/10\/26\/genocide-rwandais-mediapart-publie-une-video-qui-accable-larmee-francaise\/"]}]},{"@type":"ImageObject","inLanguage":"fr-FR","@id":"https:\/\/guineediversite.com\/index.php\/2018\/10\/26\/genocide-rwandais-mediapart-publie-une-video-qui-accable-larmee-francaise\/#primaryimage","url":"https:\/\/guineediversite.com\/wp-content\/uploads\/2018\/10\/capture-ecran-video-mediapart_0.jpg","contentUrl":"https:\/\/guineediversite.com\/wp-content\/uploads\/2018\/10\/capture-ecran-video-mediapart_0.jpg","width":1024,"height":578},{"@type":"BreadcrumbList","@id":"https:\/\/guineediversite.com\/index.php\/2018\/10\/26\/genocide-rwandais-mediapart-publie-une-video-qui-accable-larmee-francaise\/#breadcrumb","itemListElement":[{"@type":"ListItem","position":1,"name":"Accueil","item":"https:\/\/guineediversite.com\/"},{"@type":"ListItem","position":2,"name":"G\u00e9nocide rwandais: Mediapart publie une vid\u00e9o qui accable l&rsquo;arm\u00e9e fran\u00e7aise"}]},{"@type":"WebSite","@id":"https:\/\/guineediversite.com\/#website","url":"https:\/\/guineediversite.com\/","name":"Guin\u00e9e Diversit\u00e9","description":"L&#039;Info dans toute sa diversit\u00e9","publisher":{"@id":"https:\/\/guineediversite.com\/#organization"},"potentialAction":[{"@type":"SearchAction","target":{"@type":"EntryPoint","urlTemplate":"https:\/\/guineediversite.com\/?s={search_term_string}"},"query-input":{"@type":"PropertyValueSpecification","valueRequired":true,"valueName":"search_term_string"}}],"inLanguage":"fr-FR"},{"@type":"Organization","@id":"https:\/\/guineediversite.com\/#organization","name":"Guin\u00e9e Diversit\u00e9","url":"https:\/\/guineediversite.com\/","logo":{"@type":"ImageObject","inLanguage":"fr-FR","@id":"https:\/\/guineediversite.com\/#\/schema\/logo\/image\/","url":"https:\/\/guineediversite.com\/wp-content\/uploads\/2017\/04\/cropped-1jojlxEOMkX9Wyqfhe43D6kjPOGqBBKmx3EwWJqZ0cMrFF54yM49.png","contentUrl":"https:\/\/guineediversite.com\/wp-content\/uploads\/2017\/04\/cropped-1jojlxEOMkX9Wyqfhe43D6kjPOGqBBKmx3EwWJqZ0cMrFF54yM49.png","width":186,"height":112,"caption":"Guin\u00e9e Diversit\u00e9"},"image":{"@id":"https:\/\/guineediversite.com\/#\/schema\/logo\/image\/"},"sameAs":["https:\/\/www.facebook.com\/guineediversite\/","https:\/\/x.com\/GuineeDiversite","https:\/\/www.youtube.com\/channel\/UC8sUY16qelG5ge6_D5SB83g"]},{"@type":"Person","@id":"https:\/\/guineediversite.com\/#\/schema\/person\/afa08fb34e7fc6e1feafc892612bc836","name":"Guin\u00e9e Diversit\u00e9","image":{"@type":"ImageObject","inLanguage":"fr-FR","@id":"https:\/\/guineediversite.com\/#\/schema\/person\/image\/","url":"https:\/\/secure.gravatar.com\/avatar\/50d5eb5b390f8b65ac30ac6f898eb83a?s=96&d=mm&r=g","contentUrl":"https:\/\/secure.gravatar.com\/avatar\/50d5eb5b390f8b65ac30ac6f898eb83a?s=96&d=mm&r=g","caption":"Guin\u00e9e Diversit\u00e9"},"url":"https:\/\/guineediversite.com\/index.php\/author\/guineediversite\/"}]}},"_links":{"self":[{"href":"https:\/\/guineediversite.com\/index.php\/wp-json\/wp\/v2\/posts\/27045"}],"collection":[{"href":"https:\/\/guineediversite.com\/index.php\/wp-json\/wp\/v2\/posts"}],"about":[{"href":"https:\/\/guineediversite.com\/index.php\/wp-json\/wp\/v2\/types\/post"}],"author":[{"embeddable":true,"href":"https:\/\/guineediversite.com\/index.php\/wp-json\/wp\/v2\/users\/12"}],"replies":[{"embeddable":true,"href":"https:\/\/guineediversite.com\/index.php\/wp-json\/wp\/v2\/comments?post=27045"}],"version-history":[{"count":0,"href":"https:\/\/guineediversite.com\/index.php\/wp-json\/wp\/v2\/posts\/27045\/revisions"}],"wp:featuredmedia":[{"embeddable":true,"href":"https:\/\/guineediversite.com\/index.php\/wp-json\/wp\/v2\/media\/27046"}],"wp:attachment":[{"href":"https:\/\/guineediversite.com\/index.php\/wp-json\/wp\/v2\/media?parent=27045"}],"wp:term":[{"taxonomy":"category","embeddable":true,"href":"https:\/\/guineediversite.com\/index.php\/wp-json\/wp\/v2\/categories?post=27045"},{"taxonomy":"post_tag","embeddable":true,"href":"https:\/\/guineediversite.com\/index.php\/wp-json\/wp\/v2\/tags?post=27045"}],"curies":[{"name":"wp","href":"https:\/\/api.w.org\/{rel}","templated":true}]}}