{"id":27033,"date":"2018-10-25T22:21:25","date_gmt":"2018-10-25T20:21:25","guid":{"rendered":"https:\/\/guineediversite.com\/?p=27033"},"modified":"2018-10-26T15:07:32","modified_gmt":"2018-10-26T13:07:32","slug":"des-journalistes-licencies-de-bonheur-fm-abandonnent-la-poursuite-judiciaire-contre-le-directeur-general-de-ladite-radio","status":"publish","type":"post","link":"https:\/\/guineediversite.com\/index.php\/2018\/10\/25\/des-journalistes-licencies-de-bonheur-fm-abandonnent-la-poursuite-judiciaire-contre-le-directeur-general-de-ladite-radio\/","title":{"rendered":"Des journalistes licenci\u00e9s de Bonheur FM abandonnent la poursuite judiciaire contre leur DG"},"content":{"rendered":"<p><strong>Le collectif des journalistes licenci\u00e9s de la radio Bonheur FM renoncent \u00e0 la poursuite en justice du directeur g\u00e9n\u00e9ral de ladite radio. Une annonce faite\u00a0 jeudi 25 octobre \u00e0 Conakry. A rappeler que ces journalistes licenci\u00e9s r\u00e9clamaient une am\u00e9lioration des conditions de vie et de travail. Mohamed Lamine Sylla est Membre du collectif des journalistes licenci\u00e9s.<\/strong><\/p>\n<p><strong>D\u00e9claration<\/strong><\/p>\n<p>Le collectif des journalistes de la Radio Bonheur FM qui a d\u00e9clench\u00e9 une gr\u00e8ve le 16 avril 2018 pour demander une am\u00e9lioration des conditions de vie et de travail s\u2019est vu signifier un licenciement pour fait de gr\u00e8ve le mardi 4 septembre 2018.<\/p>\n<p>Apr\u00e8s cinq mois de gr\u00e8ve, le dialogue tant r\u00e9clam\u00e9 par les gr\u00e9vistes a finalement eu lieu \u00e0 la demande de la famille Savan\u00e9 fondatrice de la radio. Cette derni\u00e8re a d\u00e9plor\u00e9 la mani\u00e8re par laquelle la crise a \u00e9t\u00e9 g\u00e9r\u00e9e par le Directeur G\u00e9n\u00e9ral Oustaz Hafiziou SOW.<\/p>\n<p>Elhadj Mamadou Lamine Savan\u00e9 et Elhadj Abdoulaye Savan\u00e9 ont implor\u00e9 les gr\u00e9vistes de renoncer \u00e0 la proc\u00e9dure judiciaire qui \u00e9tait d\u00e9j\u00e0 engag\u00e9e.<\/p>\n<p>Il aura fallu cinq rencontres pour parvenir \u00e0 un accord \u00e0 l\u2019amiable sign\u00e9 le jeudi 04 octobre 2018 entre les diff\u00e9rentes parties.<\/p>\n<p>La famille Savan\u00e9 et Oustaz Hafiziou SOW se sont finalement engag\u00e9s autour des points suivants\u00a0:<\/p>\n<p>1-Payer les cinq mois de gr\u00e8ve aux licenci\u00e9s,<\/p>\n<p>2-Accorder un mois de cong\u00e9 pay\u00e9 aux int\u00e9ress\u00e9s<\/p>\n<p>3- Mettre \u00e0 la disposition du collectif un autre mois de salaire comme bonus<\/p>\n<p>4-Annuler la dette des membres du collectif qui devaient de l\u2019argent \u00e0 la radio<\/p>\n<p>5-D\u00e9livrer des certificats de travail aux licenci\u00e9s.<\/p>\n<p>De son c\u00f4t\u00e9, le collectif des journalistes de radio Bonheur victime de licenciement compos\u00e9 de\u00a0: <strong>Abdoul Malipan Bald\u00e9, Amadou Oury Tour\u00e9, Mamady Kansan Doumbouya, Mamadou Samba Sow, Mohamed Lamine Sylla et Siaka Ciss\u00e9<\/strong>, a accept\u00e9 de faire les concessions suivantes\u00a0:<\/p>\n<p>1-Renoncer \u00e0 poursuivre en justice le Directeur G\u00e9n\u00e9ral de Radio Bonheur FM Oustaz Hafiziou Sow,<\/p>\n<p>2-Ne plus r\u00e9clamer les indemnit\u00e9s de licenciement et<\/p>\n<p>3-Les indemnit\u00e9s de pr\u00e9avis de licenciement<\/p>\n<p>Durant tout le processus de n\u00e9gociations, le collectif des journalistes licenci\u00e9s de Radio Bonheur est rest\u00e9 en contact permanent avec le SPPG, syndicat de la presse priv\u00e9e de Guin\u00e9e, l\u2019inspection g\u00e9n\u00e9rale du travail, l\u2019avocat du groupe Ma\u00eetre Salifou B\u00e9avogui et les conseillers juridiques du collectif que sont\u00a0: Dr Alhassane Makan\u00e9ra Kak\u00e9 et Mamady 3 Kaba. Les comptes-rendus des rencontres leur ont \u00e9t\u00e9 faits.<\/p>\n<p>L\u2019assistance des personnes et structures cit\u00e9es a permis de faire \u00e9voluer le d\u00e9bat. Nous tenons ici \u00e0 les remercier pour le travail fourni depuis le d\u00e9but de cette crise.<\/p>\n<p>Nos remerciements s\u2019adressent \u00e9galement \u00e0 l\u2019ensemble de nos confr\u00e8res qui ont relay\u00e9 nos diff\u00e9rentes sorties m\u00e9diatiques, \u00e0 la Maison de la Presse de Guin\u00e9e, aux nombreux auditeurs et personnes anonymes\u00a0 qui nous ont soutenus pendant ces cinq mois dix neuf jours.<\/p>\n<p>A nos confr\u00e8res des m\u00e9dias priv\u00e9s, nous rappelons que la n\u00e9cessit\u00e9 de rester unis est primordiale pour sauver notre corporation victime de tous les maux. Aux patrons de presse, ne pas oublier que l\u2019employ\u00e9 n\u2019est pas un ennemi. Plus il est mieux trait\u00e9, plus il fera un bon travail. A l\u2019Etat, de faire respecter le code du travail pour mettre fin sinon limiter les abus dans les entreprises surtout de presse.<\/p>\n<p><strong>\u00a0 \u00a0 \u00a0 \u00a0 \u00a0 \u00a0 \u00a0 \u00a0 \u00a0 \u00a0 \u00a0 \u00a0 \u00a0 \u00a0 \u00a0 \u00a0 \u00a0 \u00a0 \u00a0 \u00a0 \u00a0 \u00a0 \u00a0 \u00a0 \u00a0 \u00a0 \u00a0 \u00a0 \u00a0 \u00a0 \u00a0 \u00a0 \u00a0 \u00a0 \u00a0 \u00a0 \u00a0 \u00a0 \u00a0 \u00a0 \u00a0 \u00a0 \u00a0 \u00a0 \u00a0 \u00a0 \u00a0 \u00a0 \u00a0 \u00a0 \u00a0 \u00a0 \u00a0 \u00a0 \u00a0 \u00a0 \u00a0 \u00a0 \u00a0 \u00a0 \u00a0 \u00a0 \u00a0 \u00a0 \u00a0 \u00a0 Conakry le 25 octobre 2018<\/strong><\/p>\n<p>&nbsp;<\/p>\n","protected":false},"excerpt":{"rendered":"<p>Le collectif des journalistes licenci\u00e9s de la radio Bonheur FM renoncent \u00e0 la poursuite en justice du directeur g\u00e9n\u00e9ral de ladite radio. Une annonce faite\u00a0 jeudi 25 octobre \u00e0 Conakry. A rappeler que ces journalistes licenci\u00e9s r\u00e9clamaient une am\u00e9lioration des conditions de vie et de travail. Mohamed Lamine Sylla est Membre du collectif des journalistes [&hellip;]<\/p>\n","protected":false},"author":10,"featured_media":27034,"comment_status":"closed","ping_status":"closed","sticky":false,"template":"","format":"standard","meta":{"_exactmetrics_skip_tracking":false,"_exactmetrics_sitenote_active":false,"_exactmetrics_sitenote_note":"","_exactmetrics_sitenote_category":0,"tdm_status":"","tdm_grid_status":"","footnotes":""},"categories":[16],"tags":[],"class_list":{"0":"post-27033","1":"post","2":"type-post","3":"status-publish","4":"format-standard","5":"has-post-thumbnail","7":"category-societe"},"yoast_head":"<!-- This site is optimized with the Yoast SEO plugin v24.2 - https:\/\/yoast.com\/wordpress\/plugins\/seo\/ -->\n<title>Des journalistes licenci\u00e9s de Bonheur FM abandonnent la poursuite judiciaire contre leur DG | Guin\u00e9e Diversit\u00e9<\/title>\n<meta name=\"robots\" content=\"index, follow, max-snippet:-1, max-image-preview:large, max-video-preview:-1\" \/>\n<link rel=\"canonical\" href=\"https:\/\/guineediversite.com\/index.php\/2018\/10\/25\/des-journalistes-licencies-de-bonheur-fm-abandonnent-la-poursuite-judiciaire-contre-le-directeur-general-de-ladite-radio\/\" \/>\n<meta property=\"og:locale\" content=\"fr_FR\" \/>\n<meta property=\"og:type\" content=\"article\" \/>\n<meta property=\"og:title\" content=\"Des journalistes licenci\u00e9s de Bonheur FM abandonnent la poursuite judiciaire contre leur DG | Guin\u00e9e Diversit\u00e9\" \/>\n<meta property=\"og:description\" content=\"Le collectif des journalistes licenci\u00e9s de la radio Bonheur FM renoncent \u00e0 la poursuite en justice du directeur g\u00e9n\u00e9ral de ladite radio. Une annonce faite\u00a0 jeudi 25 octobre \u00e0 Conakry. A rappeler que ces journalistes licenci\u00e9s r\u00e9clamaient une am\u00e9lioration des conditions de vie et de travail. Mohamed Lamine Sylla est Membre du collectif des journalistes [&hellip;]\" \/>\n<meta property=\"og:url\" content=\"https:\/\/guineediversite.com\/index.php\/2018\/10\/25\/des-journalistes-licencies-de-bonheur-fm-abandonnent-la-poursuite-judiciaire-contre-le-directeur-general-de-ladite-radio\/\" \/>\n<meta property=\"og:site_name\" content=\"Guin\u00e9e Diversit\u00e9\" \/>\n<meta property=\"article:publisher\" content=\"https:\/\/www.facebook.com\/guineediversite\/\" \/>\n<meta property=\"article:published_time\" content=\"2018-10-25T20:21:25+00:00\" \/>\n<meta property=\"article:modified_time\" content=\"2018-10-26T13:07:32+00:00\" \/>\n<meta property=\"og:image\" content=\"https:\/\/guineediversite.com\/wp-content\/uploads\/2018\/10\/44740217_913257022395403_4326603784584167424_n.jpg\" \/>\n\t<meta property=\"og:image:width\" content=\"1365\" \/>\n\t<meta property=\"og:image:height\" content=\"1024\" \/>\n\t<meta property=\"og:image:type\" content=\"image\/jpeg\" \/>\n<meta name=\"author\" content=\"Morcire Camara\" \/>\n<meta name=\"twitter:card\" content=\"summary_large_image\" \/>\n<meta name=\"twitter:creator\" content=\"@GuineeDiversite\" \/>\n<meta name=\"twitter:site\" content=\"@GuineeDiversite\" \/>\n<meta name=\"twitter:label1\" content=\"\u00c9crit par\" \/>\n\t<meta name=\"twitter:data1\" content=\"Morcire Camara\" \/>\n\t<meta name=\"twitter:label2\" content=\"Dur\u00e9e de lecture estim\u00e9e\" \/>\n\t<meta name=\"twitter:data2\" content=\"3 minutes\" \/>\n<script type=\"application\/ld+json\" class=\"yoast-schema-graph\">{\"@context\":\"https:\/\/schema.org\",\"@graph\":[{\"@type\":\"Article\",\"@id\":\"https:\/\/guineediversite.com\/index.php\/2018\/10\/25\/des-journalistes-licencies-de-bonheur-fm-abandonnent-la-poursuite-judiciaire-contre-le-directeur-general-de-ladite-radio\/#article\",\"isPartOf\":{\"@id\":\"https:\/\/guineediversite.com\/index.php\/2018\/10\/25\/des-journalistes-licencies-de-bonheur-fm-abandonnent-la-poursuite-judiciaire-contre-le-directeur-general-de-ladite-radio\/\"},\"author\":{\"name\":\"Morcire Camara\",\"@id\":\"https:\/\/guineediversite.com\/#\/schema\/person\/fa362494c47202ce4b3adf55abcc9d01\"},\"headline\":\"Des journalistes licenci\u00e9s de Bonheur FM abandonnent la poursuite judiciaire contre leur DG\",\"datePublished\":\"2018-10-25T20:21:25+00:00\",\"dateModified\":\"2018-10-26T13:07:32+00:00\",\"mainEntityOfPage\":{\"@id\":\"https:\/\/guineediversite.com\/index.php\/2018\/10\/25\/des-journalistes-licencies-de-bonheur-fm-abandonnent-la-poursuite-judiciaire-contre-le-directeur-general-de-ladite-radio\/\"},\"wordCount\":601,\"publisher\":{\"@id\":\"https:\/\/guineediversite.com\/#organization\"},\"image\":{\"@id\":\"https:\/\/guineediversite.com\/index.php\/2018\/10\/25\/des-journalistes-licencies-de-bonheur-fm-abandonnent-la-poursuite-judiciaire-contre-le-directeur-general-de-ladite-radio\/#primaryimage\"},\"thumbnailUrl\":\"https:\/\/guineediversite.com\/wp-content\/uploads\/2018\/10\/44740217_913257022395403_4326603784584167424_n.jpg\",\"articleSection\":[\"Soci\u00e9t\u00e9\"],\"inLanguage\":\"fr-FR\"},{\"@type\":\"WebPage\",\"@id\":\"https:\/\/guineediversite.com\/index.php\/2018\/10\/25\/des-journalistes-licencies-de-bonheur-fm-abandonnent-la-poursuite-judiciaire-contre-le-directeur-general-de-ladite-radio\/\",\"url\":\"https:\/\/guineediversite.com\/index.php\/2018\/10\/25\/des-journalistes-licencies-de-bonheur-fm-abandonnent-la-poursuite-judiciaire-contre-le-directeur-general-de-ladite-radio\/\",\"name\":\"Des journalistes licenci\u00e9s de Bonheur FM abandonnent la poursuite judiciaire contre leur DG | Guin\u00e9e Diversit\u00e9\",\"isPartOf\":{\"@id\":\"https:\/\/guineediversite.com\/#website\"},\"primaryImageOfPage\":{\"@id\":\"https:\/\/guineediversite.com\/index.php\/2018\/10\/25\/des-journalistes-licencies-de-bonheur-fm-abandonnent-la-poursuite-judiciaire-contre-le-directeur-general-de-ladite-radio\/#primaryimage\"},\"image\":{\"@id\":\"https:\/\/guineediversite.com\/index.php\/2018\/10\/25\/des-journalistes-licencies-de-bonheur-fm-abandonnent-la-poursuite-judiciaire-contre-le-directeur-general-de-ladite-radio\/#primaryimage\"},\"thumbnailUrl\":\"https:\/\/guineediversite.com\/wp-content\/uploads\/2018\/10\/44740217_913257022395403_4326603784584167424_n.jpg\",\"datePublished\":\"2018-10-25T20:21:25+00:00\",\"dateModified\":\"2018-10-26T13:07:32+00:00\",\"breadcrumb\":{\"@id\":\"https:\/\/guineediversite.com\/index.php\/2018\/10\/25\/des-journalistes-licencies-de-bonheur-fm-abandonnent-la-poursuite-judiciaire-contre-le-directeur-general-de-ladite-radio\/#breadcrumb\"},\"inLanguage\":\"fr-FR\",\"potentialAction\":[{\"@type\":\"ReadAction\",\"target\":[\"https:\/\/guineediversite.com\/index.php\/2018\/10\/25\/des-journalistes-licencies-de-bonheur-fm-abandonnent-la-poursuite-judiciaire-contre-le-directeur-general-de-ladite-radio\/\"]}]},{\"@type\":\"ImageObject\",\"inLanguage\":\"fr-FR\",\"@id\":\"https:\/\/guineediversite.com\/index.php\/2018\/10\/25\/des-journalistes-licencies-de-bonheur-fm-abandonnent-la-poursuite-judiciaire-contre-le-directeur-general-de-ladite-radio\/#primaryimage\",\"url\":\"https:\/\/guineediversite.com\/wp-content\/uploads\/2018\/10\/44740217_913257022395403_4326603784584167424_n.jpg\",\"contentUrl\":\"https:\/\/guineediversite.com\/wp-content\/uploads\/2018\/10\/44740217_913257022395403_4326603784584167424_n.jpg\",\"width\":1365,\"height\":1024},{\"@type\":\"BreadcrumbList\",\"@id\":\"https:\/\/guineediversite.com\/index.php\/2018\/10\/25\/des-journalistes-licencies-de-bonheur-fm-abandonnent-la-poursuite-judiciaire-contre-le-directeur-general-de-ladite-radio\/#breadcrumb\",\"itemListElement\":[{\"@type\":\"ListItem\",\"position\":1,\"name\":\"Accueil\",\"item\":\"https:\/\/guineediversite.com\/\"},{\"@type\":\"ListItem\",\"position\":2,\"name\":\"Des journalistes licenci\u00e9s de Bonheur FM abandonnent la poursuite judiciaire contre leur DG\"}]},{\"@type\":\"WebSite\",\"@id\":\"https:\/\/guineediversite.com\/#website\",\"url\":\"https:\/\/guineediversite.com\/\",\"name\":\"Guin\u00e9e Diversit\u00e9\",\"description\":\"L&#039;Info dans toute sa diversit\u00e9\",\"publisher\":{\"@id\":\"https:\/\/guineediversite.com\/#organization\"},\"potentialAction\":[{\"@type\":\"SearchAction\",\"target\":{\"@type\":\"EntryPoint\",\"urlTemplate\":\"https:\/\/guineediversite.com\/?s={search_term_string}\"},\"query-input\":{\"@type\":\"PropertyValueSpecification\",\"valueRequired\":true,\"valueName\":\"search_term_string\"}}],\"inLanguage\":\"fr-FR\"},{\"@type\":\"Organization\",\"@id\":\"https:\/\/guineediversite.com\/#organization\",\"name\":\"Guin\u00e9e Diversit\u00e9\",\"url\":\"https:\/\/guineediversite.com\/\",\"logo\":{\"@type\":\"ImageObject\",\"inLanguage\":\"fr-FR\",\"@id\":\"https:\/\/guineediversite.com\/#\/schema\/logo\/image\/\",\"url\":\"https:\/\/guineediversite.com\/wp-content\/uploads\/2017\/04\/cropped-1jojlxEOMkX9Wyqfhe43D6kjPOGqBBKmx3EwWJqZ0cMrFF54yM49.png\",\"contentUrl\":\"https:\/\/guineediversite.com\/wp-content\/uploads\/2017\/04\/cropped-1jojlxEOMkX9Wyqfhe43D6kjPOGqBBKmx3EwWJqZ0cMrFF54yM49.png\",\"width\":186,\"height\":112,\"caption\":\"Guin\u00e9e Diversit\u00e9\"},\"image\":{\"@id\":\"https:\/\/guineediversite.com\/#\/schema\/logo\/image\/\"},\"sameAs\":[\"https:\/\/www.facebook.com\/guineediversite\/\",\"https:\/\/x.com\/GuineeDiversite\",\"https:\/\/www.youtube.com\/channel\/UC8sUY16qelG5ge6_D5SB83g\"]},{\"@type\":\"Person\",\"@id\":\"https:\/\/guineediversite.com\/#\/schema\/person\/fa362494c47202ce4b3adf55abcc9d01\",\"name\":\"Morcire Camara\",\"image\":{\"@type\":\"ImageObject\",\"inLanguage\":\"fr-FR\",\"@id\":\"https:\/\/guineediversite.com\/#\/schema\/person\/image\/\",\"url\":\"https:\/\/secure.gravatar.com\/avatar\/3ec324f02295bbcebe03d99b39330ab4?s=96&d=mm&r=g\",\"contentUrl\":\"https:\/\/secure.gravatar.com\/avatar\/3ec324f02295bbcebe03d99b39330ab4?s=96&d=mm&r=g\",\"caption\":\"Morcire Camara\"},\"url\":\"https:\/\/guineediversite.com\/index.php\/author\/morcire\/\"}]}<\/script>\n<!-- \/ Yoast SEO plugin. -->","yoast_head_json":{"title":"Des journalistes licenci\u00e9s de Bonheur FM abandonnent la poursuite judiciaire contre leur DG | Guin\u00e9e Diversit\u00e9","robots":{"index":"index","follow":"follow","max-snippet":"max-snippet:-1","max-image-preview":"max-image-preview:large","max-video-preview":"max-video-preview:-1"},"canonical":"https:\/\/guineediversite.com\/index.php\/2018\/10\/25\/des-journalistes-licencies-de-bonheur-fm-abandonnent-la-poursuite-judiciaire-contre-le-directeur-general-de-ladite-radio\/","og_locale":"fr_FR","og_type":"article","og_title":"Des journalistes licenci\u00e9s de Bonheur FM abandonnent la poursuite judiciaire contre leur DG | Guin\u00e9e Diversit\u00e9","og_description":"Le collectif des journalistes licenci\u00e9s de la radio Bonheur FM renoncent \u00e0 la poursuite en justice du directeur g\u00e9n\u00e9ral de ladite radio. Une annonce faite\u00a0 jeudi 25 octobre \u00e0 Conakry. A rappeler que ces journalistes licenci\u00e9s r\u00e9clamaient une am\u00e9lioration des conditions de vie et de travail. Mohamed Lamine Sylla est Membre du collectif des journalistes [&hellip;]","og_url":"https:\/\/guineediversite.com\/index.php\/2018\/10\/25\/des-journalistes-licencies-de-bonheur-fm-abandonnent-la-poursuite-judiciaire-contre-le-directeur-general-de-ladite-radio\/","og_site_name":"Guin\u00e9e Diversit\u00e9","article_publisher":"https:\/\/www.facebook.com\/guineediversite\/","article_published_time":"2018-10-25T20:21:25+00:00","article_modified_time":"2018-10-26T13:07:32+00:00","og_image":[{"width":1365,"height":1024,"url":"https:\/\/guineediversite.com\/wp-content\/uploads\/2018\/10\/44740217_913257022395403_4326603784584167424_n.jpg","type":"image\/jpeg"}],"author":"Morcire Camara","twitter_card":"summary_large_image","twitter_creator":"@GuineeDiversite","twitter_site":"@GuineeDiversite","twitter_misc":{"\u00c9crit par":"Morcire Camara","Dur\u00e9e de lecture estim\u00e9e":"3 minutes"},"schema":{"@context":"https:\/\/schema.org","@graph":[{"@type":"Article","@id":"https:\/\/guineediversite.com\/index.php\/2018\/10\/25\/des-journalistes-licencies-de-bonheur-fm-abandonnent-la-poursuite-judiciaire-contre-le-directeur-general-de-ladite-radio\/#article","isPartOf":{"@id":"https:\/\/guineediversite.com\/index.php\/2018\/10\/25\/des-journalistes-licencies-de-bonheur-fm-abandonnent-la-poursuite-judiciaire-contre-le-directeur-general-de-ladite-radio\/"},"author":{"name":"Morcire Camara","@id":"https:\/\/guineediversite.com\/#\/schema\/person\/fa362494c47202ce4b3adf55abcc9d01"},"headline":"Des journalistes licenci\u00e9s de Bonheur FM abandonnent la poursuite judiciaire contre leur DG","datePublished":"2018-10-25T20:21:25+00:00","dateModified":"2018-10-26T13:07:32+00:00","mainEntityOfPage":{"@id":"https:\/\/guineediversite.com\/index.php\/2018\/10\/25\/des-journalistes-licencies-de-bonheur-fm-abandonnent-la-poursuite-judiciaire-contre-le-directeur-general-de-ladite-radio\/"},"wordCount":601,"publisher":{"@id":"https:\/\/guineediversite.com\/#organization"},"image":{"@id":"https:\/\/guineediversite.com\/index.php\/2018\/10\/25\/des-journalistes-licencies-de-bonheur-fm-abandonnent-la-poursuite-judiciaire-contre-le-directeur-general-de-ladite-radio\/#primaryimage"},"thumbnailUrl":"https:\/\/guineediversite.com\/wp-content\/uploads\/2018\/10\/44740217_913257022395403_4326603784584167424_n.jpg","articleSection":["Soci\u00e9t\u00e9"],"inLanguage":"fr-FR"},{"@type":"WebPage","@id":"https:\/\/guineediversite.com\/index.php\/2018\/10\/25\/des-journalistes-licencies-de-bonheur-fm-abandonnent-la-poursuite-judiciaire-contre-le-directeur-general-de-ladite-radio\/","url":"https:\/\/guineediversite.com\/index.php\/2018\/10\/25\/des-journalistes-licencies-de-bonheur-fm-abandonnent-la-poursuite-judiciaire-contre-le-directeur-general-de-ladite-radio\/","name":"Des journalistes licenci\u00e9s de Bonheur FM abandonnent la poursuite judiciaire contre leur DG | Guin\u00e9e Diversit\u00e9","isPartOf":{"@id":"https:\/\/guineediversite.com\/#website"},"primaryImageOfPage":{"@id":"https:\/\/guineediversite.com\/index.php\/2018\/10\/25\/des-journalistes-licencies-de-bonheur-fm-abandonnent-la-poursuite-judiciaire-contre-le-directeur-general-de-ladite-radio\/#primaryimage"},"image":{"@id":"https:\/\/guineediversite.com\/index.php\/2018\/10\/25\/des-journalistes-licencies-de-bonheur-fm-abandonnent-la-poursuite-judiciaire-contre-le-directeur-general-de-ladite-radio\/#primaryimage"},"thumbnailUrl":"https:\/\/guineediversite.com\/wp-content\/uploads\/2018\/10\/44740217_913257022395403_4326603784584167424_n.jpg","datePublished":"2018-10-25T20:21:25+00:00","dateModified":"2018-10-26T13:07:32+00:00","breadcrumb":{"@id":"https:\/\/guineediversite.com\/index.php\/2018\/10\/25\/des-journalistes-licencies-de-bonheur-fm-abandonnent-la-poursuite-judiciaire-contre-le-directeur-general-de-ladite-radio\/#breadcrumb"},"inLanguage":"fr-FR","potentialAction":[{"@type":"ReadAction","target":["https:\/\/guineediversite.com\/index.php\/2018\/10\/25\/des-journalistes-licencies-de-bonheur-fm-abandonnent-la-poursuite-judiciaire-contre-le-directeur-general-de-ladite-radio\/"]}]},{"@type":"ImageObject","inLanguage":"fr-FR","@id":"https:\/\/guineediversite.com\/index.php\/2018\/10\/25\/des-journalistes-licencies-de-bonheur-fm-abandonnent-la-poursuite-judiciaire-contre-le-directeur-general-de-ladite-radio\/#primaryimage","url":"https:\/\/guineediversite.com\/wp-content\/uploads\/2018\/10\/44740217_913257022395403_4326603784584167424_n.jpg","contentUrl":"https:\/\/guineediversite.com\/wp-content\/uploads\/2018\/10\/44740217_913257022395403_4326603784584167424_n.jpg","width":1365,"height":1024},{"@type":"BreadcrumbList","@id":"https:\/\/guineediversite.com\/index.php\/2018\/10\/25\/des-journalistes-licencies-de-bonheur-fm-abandonnent-la-poursuite-judiciaire-contre-le-directeur-general-de-ladite-radio\/#breadcrumb","itemListElement":[{"@type":"ListItem","position":1,"name":"Accueil","item":"https:\/\/guineediversite.com\/"},{"@type":"ListItem","position":2,"name":"Des journalistes licenci\u00e9s de Bonheur FM abandonnent la poursuite judiciaire contre leur DG"}]},{"@type":"WebSite","@id":"https:\/\/guineediversite.com\/#website","url":"https:\/\/guineediversite.com\/","name":"Guin\u00e9e Diversit\u00e9","description":"L&#039;Info dans toute sa diversit\u00e9","publisher":{"@id":"https:\/\/guineediversite.com\/#organization"},"potentialAction":[{"@type":"SearchAction","target":{"@type":"EntryPoint","urlTemplate":"https:\/\/guineediversite.com\/?s={search_term_string}"},"query-input":{"@type":"PropertyValueSpecification","valueRequired":true,"valueName":"search_term_string"}}],"inLanguage":"fr-FR"},{"@type":"Organization","@id":"https:\/\/guineediversite.com\/#organization","name":"Guin\u00e9e Diversit\u00e9","url":"https:\/\/guineediversite.com\/","logo":{"@type":"ImageObject","inLanguage":"fr-FR","@id":"https:\/\/guineediversite.com\/#\/schema\/logo\/image\/","url":"https:\/\/guineediversite.com\/wp-content\/uploads\/2017\/04\/cropped-1jojlxEOMkX9Wyqfhe43D6kjPOGqBBKmx3EwWJqZ0cMrFF54yM49.png","contentUrl":"https:\/\/guineediversite.com\/wp-content\/uploads\/2017\/04\/cropped-1jojlxEOMkX9Wyqfhe43D6kjPOGqBBKmx3EwWJqZ0cMrFF54yM49.png","width":186,"height":112,"caption":"Guin\u00e9e Diversit\u00e9"},"image":{"@id":"https:\/\/guineediversite.com\/#\/schema\/logo\/image\/"},"sameAs":["https:\/\/www.facebook.com\/guineediversite\/","https:\/\/x.com\/GuineeDiversite","https:\/\/www.youtube.com\/channel\/UC8sUY16qelG5ge6_D5SB83g"]},{"@type":"Person","@id":"https:\/\/guineediversite.com\/#\/schema\/person\/fa362494c47202ce4b3adf55abcc9d01","name":"Morcire Camara","image":{"@type":"ImageObject","inLanguage":"fr-FR","@id":"https:\/\/guineediversite.com\/#\/schema\/person\/image\/","url":"https:\/\/secure.gravatar.com\/avatar\/3ec324f02295bbcebe03d99b39330ab4?s=96&d=mm&r=g","contentUrl":"https:\/\/secure.gravatar.com\/avatar\/3ec324f02295bbcebe03d99b39330ab4?s=96&d=mm&r=g","caption":"Morcire Camara"},"url":"https:\/\/guineediversite.com\/index.php\/author\/morcire\/"}]}},"_links":{"self":[{"href":"https:\/\/guineediversite.com\/index.php\/wp-json\/wp\/v2\/posts\/27033"}],"collection":[{"href":"https:\/\/guineediversite.com\/index.php\/wp-json\/wp\/v2\/posts"}],"about":[{"href":"https:\/\/guineediversite.com\/index.php\/wp-json\/wp\/v2\/types\/post"}],"author":[{"embeddable":true,"href":"https:\/\/guineediversite.com\/index.php\/wp-json\/wp\/v2\/users\/10"}],"replies":[{"embeddable":true,"href":"https:\/\/guineediversite.com\/index.php\/wp-json\/wp\/v2\/comments?post=27033"}],"version-history":[{"count":0,"href":"https:\/\/guineediversite.com\/index.php\/wp-json\/wp\/v2\/posts\/27033\/revisions"}],"wp:featuredmedia":[{"embeddable":true,"href":"https:\/\/guineediversite.com\/index.php\/wp-json\/wp\/v2\/media\/27034"}],"wp:attachment":[{"href":"https:\/\/guineediversite.com\/index.php\/wp-json\/wp\/v2\/media?parent=27033"}],"wp:term":[{"taxonomy":"category","embeddable":true,"href":"https:\/\/guineediversite.com\/index.php\/wp-json\/wp\/v2\/categories?post=27033"},{"taxonomy":"post_tag","embeddable":true,"href":"https:\/\/guineediversite.com\/index.php\/wp-json\/wp\/v2\/tags?post=27033"}],"curies":[{"name":"wp","href":"https:\/\/api.w.org\/{rel}","templated":true}]}}