{"id":27030,"date":"2018-10-25T22:04:24","date_gmt":"2018-10-25T20:04:24","guid":{"rendered":"https:\/\/guineediversite.com\/?p=27030"},"modified":"2018-10-26T13:30:52","modified_gmt":"2018-10-26T11:30:52","slug":"kindia-une-structure-des-ressortissants-de-kindia-condamne-avec-la-derniere-energie-les-recents-evenements-qui-ont-eu-lieu-a-kania","status":"publish","type":"post","link":"https:\/\/guineediversite.com\/index.php\/2018\/10\/25\/kindia-une-structure-des-ressortissants-de-kindia-condamne-avec-la-derniere-energie-les-recents-evenements-qui-ont-eu-lieu-a-kania\/","title":{"rendered":"Une structure des ressortissants de Kindia condamne  les r\u00e9cents \u00e9v\u00e9nements qui ont eu lieu \u00e0 Kania"},"content":{"rendered":"<p>L\u2019association des jeunes la dynamique pour le d\u00e9veloppement durable de Kania, a exprim\u00e9 son indignation face \u00e0 la crise politique que traverse la ville de Manga Kindi suite \u00e0 l\u2019installation de l\u2019ex\u00e9cutif communal. Ils l\u2019ont fait savoir dans une d\u00e9claration rendue publique ce jeudi 25 octobre 2018 \u00e0 Conakry.<\/p>\n<p><em>\u00ab Les jeunes ressortissants de Kindia r\u00e9sident \u00e0 Conakry sous la banni\u00e8re de la dynamique pour le d\u00e9veloppement durable de Kania ont constat\u00e9 avec regret ces \u00e9v\u00e9nements qui n\u2019ont pas leur raison d\u2019\u00eatre. \u00c0 cet effet, la dynamique pour le d\u00e9veloppement durable de Kindia rappelle que la cit\u00e9 de Manga Kindi Camara a toujours \u00e9t\u00e9 une ville hospitali\u00e8re et qu\u2019il ne serait permis \u00e0 aucune man\u0153uvre de d\u00e9stabiliser la bonne cohabitation entre les populations qui y vivent. la dynamique pour le d\u00e9veloppement durable de Kindia exprime toute son indignation face cette situation lamentable qu\u2019elle condamne avec sa derni\u00e8re \u00e9nergie et exprime toute sa compassion aux victimes de ces viols. C\u2019est aussi le lieu d\u2019appeler toutes les populations de Kindia au pardon et pr\u00e9server la paix et la qui\u00e9tude sociale qui a toujours exist\u00e9 dans cette ville cosmopolite, car sans elle le progr\u00e8s tant souhait\u00e9 par toutes les composantes de cette r\u00e9gion serait vou\u00e9 \u00e0 l\u2019\u00e9chec. la dynamique pour le d\u00e9veloppement durable de Kindia, invite les autorit\u00e9s \u00e0 prendre toutes les dispositions idoines pour r\u00e9tablir l\u2019ordre public<\/em> \u00bb, d\u00e9clarent Abdoulaye Gayagou Sacko 2\u00e8me vice-pr\u00e9sident de l\u2019association.<\/p>\n<p>Calmer les ardeurs des citoyens de la ville de Kindia est l\u2019objectif que se fixe cette association. Ces jeunes entendent jouer le sapeur-pompier sur la crise li\u00e9 \u00e0 l\u2019installation de l\u2019ex\u00e9cutif communal de Kindia.<\/p>\n<p>\u00ab <em>Je vous informe qu\u2019une mission doit bient\u00f4t se rendre \u00e0 Kindia pour s\u2019enqu\u00e9rir de la situation des victimes, notre but s\u2019est de pr\u00f4ner la paix, notre d\u00e9marche ne s\u2019inscrit pas dans la politique, ni dans la religion, nous ne sommes justes des simples citoyens. Nous avons pour une premi\u00e8re fois d\u00e9p\u00each\u00e9e une mission pour constater les faits. Nous avons pour objectif d\u2019instaurer la paix, tr\u00e8s prochainement nous comptons organiser un concert gratuit pour la paix, nous allons aussi partir \u00e0 la rencontre des sages pour qu\u2019ils participent \u00e0 la consolidation de la paix dans la r\u00e9gion de Kindia<\/em> \u00bb dira-t-il.<\/p>\n<p>Loin, Aboubacar Camara pr\u00e9sident de ladite association s\u2019est focalis\u00e9 sur l\u2019organisation d\u2019un concert qui va regrouper plusieurs artistes du pays, une fa\u00e7on pour eux de r\u00e9affirmer leurs solidarit\u00e9s aux victimes de ce r\u00e9cent \u00e9v\u00e9nement atroce qui ont eu lieu \u00e0 Kindia.<\/p>\n","protected":false},"excerpt":{"rendered":"<p>L\u2019association des jeunes la dynamique pour le d\u00e9veloppement durable de Kania, a exprim\u00e9 son indignation face \u00e0 la crise politique que traverse la ville de Manga Kindi suite \u00e0 l\u2019installation de l\u2019ex\u00e9cutif communal. Ils l\u2019ont fait savoir dans une d\u00e9claration rendue publique ce jeudi 25 octobre 2018 \u00e0 Conakry. \u00ab Les jeunes ressortissants de Kindia [&hellip;]<\/p>\n","protected":false},"author":10,"featured_media":27031,"comment_status":"closed","ping_status":"closed","sticky":false,"template":"","format":"standard","meta":{"_exactmetrics_skip_tracking":false,"_exactmetrics_sitenote_active":false,"_exactmetrics_sitenote_note":"","_exactmetrics_sitenote_category":0,"tdm_status":"","tdm_grid_status":"","footnotes":""},"categories":[24,16],"tags":[],"class_list":{"0":"post-27030","1":"post","2":"type-post","3":"status-publish","4":"format-standard","5":"has-post-thumbnail","7":"category-art-et-culture","8":"category-societe"},"yoast_head":"<!-- This site is optimized with the Yoast SEO plugin v24.2 - https:\/\/yoast.com\/wordpress\/plugins\/seo\/ -->\n<title>Une structure des ressortissants de Kindia condamne les r\u00e9cents \u00e9v\u00e9nements qui ont eu lieu \u00e0 Kania | Guin\u00e9e Diversit\u00e9<\/title>\n<meta name=\"robots\" content=\"index, follow, max-snippet:-1, max-image-preview:large, max-video-preview:-1\" \/>\n<link rel=\"canonical\" href=\"https:\/\/guineediversite.com\/index.php\/2018\/10\/25\/kindia-une-structure-des-ressortissants-de-kindia-condamne-avec-la-derniere-energie-les-recents-evenements-qui-ont-eu-lieu-a-kania\/\" \/>\n<meta property=\"og:locale\" content=\"fr_FR\" \/>\n<meta property=\"og:type\" content=\"article\" \/>\n<meta property=\"og:title\" content=\"Une structure des ressortissants de Kindia condamne les r\u00e9cents \u00e9v\u00e9nements qui ont eu lieu \u00e0 Kania | Guin\u00e9e Diversit\u00e9\" \/>\n<meta property=\"og:description\" content=\"L\u2019association des jeunes la dynamique pour le d\u00e9veloppement durable de Kania, a exprim\u00e9 son indignation face \u00e0 la crise politique que traverse la ville de Manga Kindi suite \u00e0 l\u2019installation de l\u2019ex\u00e9cutif communal. Ils l\u2019ont fait savoir dans une d\u00e9claration rendue publique ce jeudi 25 octobre 2018 \u00e0 Conakry. \u00ab Les jeunes ressortissants de Kindia [&hellip;]\" \/>\n<meta property=\"og:url\" content=\"https:\/\/guineediversite.com\/index.php\/2018\/10\/25\/kindia-une-structure-des-ressortissants-de-kindia-condamne-avec-la-derniere-energie-les-recents-evenements-qui-ont-eu-lieu-a-kania\/\" \/>\n<meta property=\"og:site_name\" content=\"Guin\u00e9e Diversit\u00e9\" \/>\n<meta property=\"article:publisher\" content=\"https:\/\/www.facebook.com\/guineediversite\/\" \/>\n<meta property=\"article:published_time\" content=\"2018-10-25T20:04:24+00:00\" \/>\n<meta property=\"article:modified_time\" content=\"2018-10-26T11:30:52+00:00\" \/>\n<meta property=\"og:image\" content=\"https:\/\/guineediversite.com\/wp-content\/uploads\/2018\/10\/44814324_248113769195286_1073301040096346112_n.jpg\" \/>\n\t<meta property=\"og:image:width\" content=\"1365\" \/>\n\t<meta property=\"og:image:height\" content=\"1024\" \/>\n\t<meta property=\"og:image:type\" content=\"image\/jpeg\" \/>\n<meta name=\"author\" content=\"Morcire Camara\" \/>\n<meta name=\"twitter:card\" content=\"summary_large_image\" \/>\n<meta name=\"twitter:creator\" content=\"@GuineeDiversite\" \/>\n<meta name=\"twitter:site\" content=\"@GuineeDiversite\" \/>\n<meta name=\"twitter:label1\" content=\"\u00c9crit par\" \/>\n\t<meta name=\"twitter:data1\" content=\"Morcire Camara\" \/>\n\t<meta name=\"twitter:label2\" content=\"Dur\u00e9e de lecture estim\u00e9e\" \/>\n\t<meta name=\"twitter:data2\" content=\"2 minutes\" \/>\n<script type=\"application\/ld+json\" class=\"yoast-schema-graph\">{\"@context\":\"https:\/\/schema.org\",\"@graph\":[{\"@type\":\"Article\",\"@id\":\"https:\/\/guineediversite.com\/index.php\/2018\/10\/25\/kindia-une-structure-des-ressortissants-de-kindia-condamne-avec-la-derniere-energie-les-recents-evenements-qui-ont-eu-lieu-a-kania\/#article\",\"isPartOf\":{\"@id\":\"https:\/\/guineediversite.com\/index.php\/2018\/10\/25\/kindia-une-structure-des-ressortissants-de-kindia-condamne-avec-la-derniere-energie-les-recents-evenements-qui-ont-eu-lieu-a-kania\/\"},\"author\":{\"name\":\"Morcire Camara\",\"@id\":\"https:\/\/guineediversite.com\/#\/schema\/person\/fa362494c47202ce4b3adf55abcc9d01\"},\"headline\":\"Une structure des ressortissants de Kindia condamne les r\u00e9cents \u00e9v\u00e9nements qui ont eu lieu \u00e0 Kania\",\"datePublished\":\"2018-10-25T20:04:24+00:00\",\"dateModified\":\"2018-10-26T11:30:52+00:00\",\"mainEntityOfPage\":{\"@id\":\"https:\/\/guineediversite.com\/index.php\/2018\/10\/25\/kindia-une-structure-des-ressortissants-de-kindia-condamne-avec-la-derniere-energie-les-recents-evenements-qui-ont-eu-lieu-a-kania\/\"},\"wordCount\":472,\"publisher\":{\"@id\":\"https:\/\/guineediversite.com\/#organization\"},\"image\":{\"@id\":\"https:\/\/guineediversite.com\/index.php\/2018\/10\/25\/kindia-une-structure-des-ressortissants-de-kindia-condamne-avec-la-derniere-energie-les-recents-evenements-qui-ont-eu-lieu-a-kania\/#primaryimage\"},\"thumbnailUrl\":\"https:\/\/guineediversite.com\/wp-content\/uploads\/2018\/10\/44814324_248113769195286_1073301040096346112_n.jpg\",\"articleSection\":[\"Culture\",\"Soci\u00e9t\u00e9\"],\"inLanguage\":\"fr-FR\"},{\"@type\":\"WebPage\",\"@id\":\"https:\/\/guineediversite.com\/index.php\/2018\/10\/25\/kindia-une-structure-des-ressortissants-de-kindia-condamne-avec-la-derniere-energie-les-recents-evenements-qui-ont-eu-lieu-a-kania\/\",\"url\":\"https:\/\/guineediversite.com\/index.php\/2018\/10\/25\/kindia-une-structure-des-ressortissants-de-kindia-condamne-avec-la-derniere-energie-les-recents-evenements-qui-ont-eu-lieu-a-kania\/\",\"name\":\"Une structure des ressortissants de Kindia condamne les r\u00e9cents \u00e9v\u00e9nements qui ont eu lieu \u00e0 Kania | Guin\u00e9e Diversit\u00e9\",\"isPartOf\":{\"@id\":\"https:\/\/guineediversite.com\/#website\"},\"primaryImageOfPage\":{\"@id\":\"https:\/\/guineediversite.com\/index.php\/2018\/10\/25\/kindia-une-structure-des-ressortissants-de-kindia-condamne-avec-la-derniere-energie-les-recents-evenements-qui-ont-eu-lieu-a-kania\/#primaryimage\"},\"image\":{\"@id\":\"https:\/\/guineediversite.com\/index.php\/2018\/10\/25\/kindia-une-structure-des-ressortissants-de-kindia-condamne-avec-la-derniere-energie-les-recents-evenements-qui-ont-eu-lieu-a-kania\/#primaryimage\"},\"thumbnailUrl\":\"https:\/\/guineediversite.com\/wp-content\/uploads\/2018\/10\/44814324_248113769195286_1073301040096346112_n.jpg\",\"datePublished\":\"2018-10-25T20:04:24+00:00\",\"dateModified\":\"2018-10-26T11:30:52+00:00\",\"breadcrumb\":{\"@id\":\"https:\/\/guineediversite.com\/index.php\/2018\/10\/25\/kindia-une-structure-des-ressortissants-de-kindia-condamne-avec-la-derniere-energie-les-recents-evenements-qui-ont-eu-lieu-a-kania\/#breadcrumb\"},\"inLanguage\":\"fr-FR\",\"potentialAction\":[{\"@type\":\"ReadAction\",\"target\":[\"https:\/\/guineediversite.com\/index.php\/2018\/10\/25\/kindia-une-structure-des-ressortissants-de-kindia-condamne-avec-la-derniere-energie-les-recents-evenements-qui-ont-eu-lieu-a-kania\/\"]}]},{\"@type\":\"ImageObject\",\"inLanguage\":\"fr-FR\",\"@id\":\"https:\/\/guineediversite.com\/index.php\/2018\/10\/25\/kindia-une-structure-des-ressortissants-de-kindia-condamne-avec-la-derniere-energie-les-recents-evenements-qui-ont-eu-lieu-a-kania\/#primaryimage\",\"url\":\"https:\/\/guineediversite.com\/wp-content\/uploads\/2018\/10\/44814324_248113769195286_1073301040096346112_n.jpg\",\"contentUrl\":\"https:\/\/guineediversite.com\/wp-content\/uploads\/2018\/10\/44814324_248113769195286_1073301040096346112_n.jpg\",\"width\":1365,\"height\":1024},{\"@type\":\"BreadcrumbList\",\"@id\":\"https:\/\/guineediversite.com\/index.php\/2018\/10\/25\/kindia-une-structure-des-ressortissants-de-kindia-condamne-avec-la-derniere-energie-les-recents-evenements-qui-ont-eu-lieu-a-kania\/#breadcrumb\",\"itemListElement\":[{\"@type\":\"ListItem\",\"position\":1,\"name\":\"Accueil\",\"item\":\"https:\/\/guineediversite.com\/\"},{\"@type\":\"ListItem\",\"position\":2,\"name\":\"Une structure des ressortissants de Kindia condamne les r\u00e9cents \u00e9v\u00e9nements qui ont eu lieu \u00e0 Kania\"}]},{\"@type\":\"WebSite\",\"@id\":\"https:\/\/guineediversite.com\/#website\",\"url\":\"https:\/\/guineediversite.com\/\",\"name\":\"Guin\u00e9e Diversit\u00e9\",\"description\":\"L&#039;Info dans toute sa diversit\u00e9\",\"publisher\":{\"@id\":\"https:\/\/guineediversite.com\/#organization\"},\"potentialAction\":[{\"@type\":\"SearchAction\",\"target\":{\"@type\":\"EntryPoint\",\"urlTemplate\":\"https:\/\/guineediversite.com\/?s={search_term_string}\"},\"query-input\":{\"@type\":\"PropertyValueSpecification\",\"valueRequired\":true,\"valueName\":\"search_term_string\"}}],\"inLanguage\":\"fr-FR\"},{\"@type\":\"Organization\",\"@id\":\"https:\/\/guineediversite.com\/#organization\",\"name\":\"Guin\u00e9e Diversit\u00e9\",\"url\":\"https:\/\/guineediversite.com\/\",\"logo\":{\"@type\":\"ImageObject\",\"inLanguage\":\"fr-FR\",\"@id\":\"https:\/\/guineediversite.com\/#\/schema\/logo\/image\/\",\"url\":\"https:\/\/guineediversite.com\/wp-content\/uploads\/2017\/04\/cropped-1jojlxEOMkX9Wyqfhe43D6kjPOGqBBKmx3EwWJqZ0cMrFF54yM49.png\",\"contentUrl\":\"https:\/\/guineediversite.com\/wp-content\/uploads\/2017\/04\/cropped-1jojlxEOMkX9Wyqfhe43D6kjPOGqBBKmx3EwWJqZ0cMrFF54yM49.png\",\"width\":186,\"height\":112,\"caption\":\"Guin\u00e9e Diversit\u00e9\"},\"image\":{\"@id\":\"https:\/\/guineediversite.com\/#\/schema\/logo\/image\/\"},\"sameAs\":[\"https:\/\/www.facebook.com\/guineediversite\/\",\"https:\/\/x.com\/GuineeDiversite\",\"https:\/\/www.youtube.com\/channel\/UC8sUY16qelG5ge6_D5SB83g\"]},{\"@type\":\"Person\",\"@id\":\"https:\/\/guineediversite.com\/#\/schema\/person\/fa362494c47202ce4b3adf55abcc9d01\",\"name\":\"Morcire Camara\",\"image\":{\"@type\":\"ImageObject\",\"inLanguage\":\"fr-FR\",\"@id\":\"https:\/\/guineediversite.com\/#\/schema\/person\/image\/\",\"url\":\"https:\/\/secure.gravatar.com\/avatar\/3ec324f02295bbcebe03d99b39330ab4?s=96&d=mm&r=g\",\"contentUrl\":\"https:\/\/secure.gravatar.com\/avatar\/3ec324f02295bbcebe03d99b39330ab4?s=96&d=mm&r=g\",\"caption\":\"Morcire Camara\"},\"url\":\"https:\/\/guineediversite.com\/index.php\/author\/morcire\/\"}]}<\/script>\n<!-- \/ Yoast SEO plugin. -->","yoast_head_json":{"title":"Une structure des ressortissants de Kindia condamne les r\u00e9cents \u00e9v\u00e9nements qui ont eu lieu \u00e0 Kania | Guin\u00e9e Diversit\u00e9","robots":{"index":"index","follow":"follow","max-snippet":"max-snippet:-1","max-image-preview":"max-image-preview:large","max-video-preview":"max-video-preview:-1"},"canonical":"https:\/\/guineediversite.com\/index.php\/2018\/10\/25\/kindia-une-structure-des-ressortissants-de-kindia-condamne-avec-la-derniere-energie-les-recents-evenements-qui-ont-eu-lieu-a-kania\/","og_locale":"fr_FR","og_type":"article","og_title":"Une structure des ressortissants de Kindia condamne les r\u00e9cents \u00e9v\u00e9nements qui ont eu lieu \u00e0 Kania | Guin\u00e9e Diversit\u00e9","og_description":"L\u2019association des jeunes la dynamique pour le d\u00e9veloppement durable de Kania, a exprim\u00e9 son indignation face \u00e0 la crise politique que traverse la ville de Manga Kindi suite \u00e0 l\u2019installation de l\u2019ex\u00e9cutif communal. Ils l\u2019ont fait savoir dans une d\u00e9claration rendue publique ce jeudi 25 octobre 2018 \u00e0 Conakry. \u00ab Les jeunes ressortissants de Kindia [&hellip;]","og_url":"https:\/\/guineediversite.com\/index.php\/2018\/10\/25\/kindia-une-structure-des-ressortissants-de-kindia-condamne-avec-la-derniere-energie-les-recents-evenements-qui-ont-eu-lieu-a-kania\/","og_site_name":"Guin\u00e9e Diversit\u00e9","article_publisher":"https:\/\/www.facebook.com\/guineediversite\/","article_published_time":"2018-10-25T20:04:24+00:00","article_modified_time":"2018-10-26T11:30:52+00:00","og_image":[{"width":1365,"height":1024,"url":"https:\/\/guineediversite.com\/wp-content\/uploads\/2018\/10\/44814324_248113769195286_1073301040096346112_n.jpg","type":"image\/jpeg"}],"author":"Morcire Camara","twitter_card":"summary_large_image","twitter_creator":"@GuineeDiversite","twitter_site":"@GuineeDiversite","twitter_misc":{"\u00c9crit par":"Morcire Camara","Dur\u00e9e de lecture estim\u00e9e":"2 minutes"},"schema":{"@context":"https:\/\/schema.org","@graph":[{"@type":"Article","@id":"https:\/\/guineediversite.com\/index.php\/2018\/10\/25\/kindia-une-structure-des-ressortissants-de-kindia-condamne-avec-la-derniere-energie-les-recents-evenements-qui-ont-eu-lieu-a-kania\/#article","isPartOf":{"@id":"https:\/\/guineediversite.com\/index.php\/2018\/10\/25\/kindia-une-structure-des-ressortissants-de-kindia-condamne-avec-la-derniere-energie-les-recents-evenements-qui-ont-eu-lieu-a-kania\/"},"author":{"name":"Morcire Camara","@id":"https:\/\/guineediversite.com\/#\/schema\/person\/fa362494c47202ce4b3adf55abcc9d01"},"headline":"Une structure des ressortissants de Kindia condamne les r\u00e9cents \u00e9v\u00e9nements qui ont eu lieu \u00e0 Kania","datePublished":"2018-10-25T20:04:24+00:00","dateModified":"2018-10-26T11:30:52+00:00","mainEntityOfPage":{"@id":"https:\/\/guineediversite.com\/index.php\/2018\/10\/25\/kindia-une-structure-des-ressortissants-de-kindia-condamne-avec-la-derniere-energie-les-recents-evenements-qui-ont-eu-lieu-a-kania\/"},"wordCount":472,"publisher":{"@id":"https:\/\/guineediversite.com\/#organization"},"image":{"@id":"https:\/\/guineediversite.com\/index.php\/2018\/10\/25\/kindia-une-structure-des-ressortissants-de-kindia-condamne-avec-la-derniere-energie-les-recents-evenements-qui-ont-eu-lieu-a-kania\/#primaryimage"},"thumbnailUrl":"https:\/\/guineediversite.com\/wp-content\/uploads\/2018\/10\/44814324_248113769195286_1073301040096346112_n.jpg","articleSection":["Culture","Soci\u00e9t\u00e9"],"inLanguage":"fr-FR"},{"@type":"WebPage","@id":"https:\/\/guineediversite.com\/index.php\/2018\/10\/25\/kindia-une-structure-des-ressortissants-de-kindia-condamne-avec-la-derniere-energie-les-recents-evenements-qui-ont-eu-lieu-a-kania\/","url":"https:\/\/guineediversite.com\/index.php\/2018\/10\/25\/kindia-une-structure-des-ressortissants-de-kindia-condamne-avec-la-derniere-energie-les-recents-evenements-qui-ont-eu-lieu-a-kania\/","name":"Une structure des ressortissants de Kindia condamne les r\u00e9cents \u00e9v\u00e9nements qui ont eu lieu \u00e0 Kania | Guin\u00e9e Diversit\u00e9","isPartOf":{"@id":"https:\/\/guineediversite.com\/#website"},"primaryImageOfPage":{"@id":"https:\/\/guineediversite.com\/index.php\/2018\/10\/25\/kindia-une-structure-des-ressortissants-de-kindia-condamne-avec-la-derniere-energie-les-recents-evenements-qui-ont-eu-lieu-a-kania\/#primaryimage"},"image":{"@id":"https:\/\/guineediversite.com\/index.php\/2018\/10\/25\/kindia-une-structure-des-ressortissants-de-kindia-condamne-avec-la-derniere-energie-les-recents-evenements-qui-ont-eu-lieu-a-kania\/#primaryimage"},"thumbnailUrl":"https:\/\/guineediversite.com\/wp-content\/uploads\/2018\/10\/44814324_248113769195286_1073301040096346112_n.jpg","datePublished":"2018-10-25T20:04:24+00:00","dateModified":"2018-10-26T11:30:52+00:00","breadcrumb":{"@id":"https:\/\/guineediversite.com\/index.php\/2018\/10\/25\/kindia-une-structure-des-ressortissants-de-kindia-condamne-avec-la-derniere-energie-les-recents-evenements-qui-ont-eu-lieu-a-kania\/#breadcrumb"},"inLanguage":"fr-FR","potentialAction":[{"@type":"ReadAction","target":["https:\/\/guineediversite.com\/index.php\/2018\/10\/25\/kindia-une-structure-des-ressortissants-de-kindia-condamne-avec-la-derniere-energie-les-recents-evenements-qui-ont-eu-lieu-a-kania\/"]}]},{"@type":"ImageObject","inLanguage":"fr-FR","@id":"https:\/\/guineediversite.com\/index.php\/2018\/10\/25\/kindia-une-structure-des-ressortissants-de-kindia-condamne-avec-la-derniere-energie-les-recents-evenements-qui-ont-eu-lieu-a-kania\/#primaryimage","url":"https:\/\/guineediversite.com\/wp-content\/uploads\/2018\/10\/44814324_248113769195286_1073301040096346112_n.jpg","contentUrl":"https:\/\/guineediversite.com\/wp-content\/uploads\/2018\/10\/44814324_248113769195286_1073301040096346112_n.jpg","width":1365,"height":1024},{"@type":"BreadcrumbList","@id":"https:\/\/guineediversite.com\/index.php\/2018\/10\/25\/kindia-une-structure-des-ressortissants-de-kindia-condamne-avec-la-derniere-energie-les-recents-evenements-qui-ont-eu-lieu-a-kania\/#breadcrumb","itemListElement":[{"@type":"ListItem","position":1,"name":"Accueil","item":"https:\/\/guineediversite.com\/"},{"@type":"ListItem","position":2,"name":"Une structure des ressortissants de Kindia condamne les r\u00e9cents \u00e9v\u00e9nements qui ont eu lieu \u00e0 Kania"}]},{"@type":"WebSite","@id":"https:\/\/guineediversite.com\/#website","url":"https:\/\/guineediversite.com\/","name":"Guin\u00e9e Diversit\u00e9","description":"L&#039;Info dans toute sa diversit\u00e9","publisher":{"@id":"https:\/\/guineediversite.com\/#organization"},"potentialAction":[{"@type":"SearchAction","target":{"@type":"EntryPoint","urlTemplate":"https:\/\/guineediversite.com\/?s={search_term_string}"},"query-input":{"@type":"PropertyValueSpecification","valueRequired":true,"valueName":"search_term_string"}}],"inLanguage":"fr-FR"},{"@type":"Organization","@id":"https:\/\/guineediversite.com\/#organization","name":"Guin\u00e9e Diversit\u00e9","url":"https:\/\/guineediversite.com\/","logo":{"@type":"ImageObject","inLanguage":"fr-FR","@id":"https:\/\/guineediversite.com\/#\/schema\/logo\/image\/","url":"https:\/\/guineediversite.com\/wp-content\/uploads\/2017\/04\/cropped-1jojlxEOMkX9Wyqfhe43D6kjPOGqBBKmx3EwWJqZ0cMrFF54yM49.png","contentUrl":"https:\/\/guineediversite.com\/wp-content\/uploads\/2017\/04\/cropped-1jojlxEOMkX9Wyqfhe43D6kjPOGqBBKmx3EwWJqZ0cMrFF54yM49.png","width":186,"height":112,"caption":"Guin\u00e9e Diversit\u00e9"},"image":{"@id":"https:\/\/guineediversite.com\/#\/schema\/logo\/image\/"},"sameAs":["https:\/\/www.facebook.com\/guineediversite\/","https:\/\/x.com\/GuineeDiversite","https:\/\/www.youtube.com\/channel\/UC8sUY16qelG5ge6_D5SB83g"]},{"@type":"Person","@id":"https:\/\/guineediversite.com\/#\/schema\/person\/fa362494c47202ce4b3adf55abcc9d01","name":"Morcire Camara","image":{"@type":"ImageObject","inLanguage":"fr-FR","@id":"https:\/\/guineediversite.com\/#\/schema\/person\/image\/","url":"https:\/\/secure.gravatar.com\/avatar\/3ec324f02295bbcebe03d99b39330ab4?s=96&d=mm&r=g","contentUrl":"https:\/\/secure.gravatar.com\/avatar\/3ec324f02295bbcebe03d99b39330ab4?s=96&d=mm&r=g","caption":"Morcire Camara"},"url":"https:\/\/guineediversite.com\/index.php\/author\/morcire\/"}]}},"_links":{"self":[{"href":"https:\/\/guineediversite.com\/index.php\/wp-json\/wp\/v2\/posts\/27030"}],"collection":[{"href":"https:\/\/guineediversite.com\/index.php\/wp-json\/wp\/v2\/posts"}],"about":[{"href":"https:\/\/guineediversite.com\/index.php\/wp-json\/wp\/v2\/types\/post"}],"author":[{"embeddable":true,"href":"https:\/\/guineediversite.com\/index.php\/wp-json\/wp\/v2\/users\/10"}],"replies":[{"embeddable":true,"href":"https:\/\/guineediversite.com\/index.php\/wp-json\/wp\/v2\/comments?post=27030"}],"version-history":[{"count":0,"href":"https:\/\/guineediversite.com\/index.php\/wp-json\/wp\/v2\/posts\/27030\/revisions"}],"wp:featuredmedia":[{"embeddable":true,"href":"https:\/\/guineediversite.com\/index.php\/wp-json\/wp\/v2\/media\/27031"}],"wp:attachment":[{"href":"https:\/\/guineediversite.com\/index.php\/wp-json\/wp\/v2\/media?parent=27030"}],"wp:term":[{"taxonomy":"category","embeddable":true,"href":"https:\/\/guineediversite.com\/index.php\/wp-json\/wp\/v2\/categories?post=27030"},{"taxonomy":"post_tag","embeddable":true,"href":"https:\/\/guineediversite.com\/index.php\/wp-json\/wp\/v2\/tags?post=27030"}],"curies":[{"name":"wp","href":"https:\/\/api.w.org\/{rel}","templated":true}]}}