{"id":27019,"date":"2018-10-25T13:47:12","date_gmt":"2018-10-25T11:47:12","guid":{"rendered":"https:\/\/guineediversite.com\/?p=27019"},"modified":"2018-10-25T14:06:35","modified_gmt":"2018-10-25T12:06:35","slug":"27019","status":"publish","type":"post","link":"https:\/\/guineediversite.com\/index.php\/2018\/10\/25\/27019\/","title":{"rendered":"La Pr\u00e9sidente de la COFFIG chez Dalein : Dr Makal\u00e9 Traor\u00e9 demande aux militants de l\u2019UFDG ainsi qu\u2019\u00e0 la population de se ressaisir pour que la paix r\u00e8gne dans le pays"},"content":{"rendered":"<p class=\"s3\"><span class=\"s4\"><span class=\"bumpedFont15\">La Pr\u00e9sidente de la Coalition des Femmes et Filles de Guin\u00e9e COFFIG<\/span><\/span><span class=\"s4\"><span class=\"bumpedFont15\">,<\/span><\/span><span class=\"s4\"><span class=\"bumpedFont15\">\u00a0\u00e9tait ce mercredi 24 octobre<\/span><\/span><span class=\"s4\"><span class=\"bumpedFont15\">\u00a0au domicile d\u2019El hadj Cellou Dalein Diallo pour exprimer son regret suite \u00e0 l\u2019attaque de son cort\u00e8ge lors de la marche pacifique. Dr Makal\u00e9 Traor\u00e9 a pr\u00e9cis\u00e9 que les guin\u00e9ens devraient prot\u00e9ger la patrie.<\/span><\/span><\/p>\n<p class=\"s3\"><span class=\"s4\"><span class=\"bumpedFont15\">\u00ab\u00a0<\/span><\/span><span class=\"s5\"><span class=\"bumpedFont15\">J\u2019ai regrett\u00e9 ce qui s\u2019est pass\u00e9 et je suis l\u00e0 pour exprimer ce regret et dire aux guin\u00e9ens de ressaisir. C\u2019est extr\u00eamement important, ce pays est beau il ne faut pas le d\u00e9truire, nous devons le prot\u00e9ger. Quand nous n\u2019avons plus de patrie, c\u2019est plus dur que tout le reste\u00a0<\/span><\/span><span class=\"s4\"><span class=\"bumpedFont15\">\u00bb indique-t-elle.\u00a0<\/span><\/span><\/p>\n<p class=\"s3\"><span class=\"s4\"><span class=\"bumpedFont15\">Apr\u00e8s les salutations d\u2019usage, Dr Makal\u00e9 Traor\u00e9 a demand\u00e9 aux militants de l\u2019UFDG ainsi qu\u2019\u00e0 la population de se ressaisir pour que la paix r\u00e8gne dans le pays. Dans son appel, elle a \u00e9galement invit\u00e9 les politiques \u00e0 penser \u00e0 la nation \u00ab\u00a0<\/span><\/span><span class=\"s5\"><span class=\"bumpedFont15\">J\u2019ai Nous sommes des fr\u00e8res et s\u0153urs, il faut qu\u2019on mette balle \u00e0 terre et qu\u2019on d\u00e9passe les clivages ethniques, il faut que les politiques se ressaisissent et qu\u2019ils pensent \u00e0 la nation, \u00e0 nos enfants. Nous avons une obligation morale de laisser un pays \u00e0 nos enfants\u00a0<\/span><\/span><span class=\"s4\"><span class=\"bumpedFont15\">\u00bb lance-t-elle.<\/span><\/span><\/p>\n<p class=\"s3\"><span class=\"s4\"><span class=\"bumpedFont15\">Il faut noter que plusieurs personnalit\u00e9s du pays, \u00e9tait au domicile du chef de file de l\u2019OR pour exprimer leur compassion \u00e0 El hadj Cellou Dalein Diallo. Des militants \u00e9taient aussi pr\u00e9sents pour disent-ils prot\u00e9ger leur leader.<\/span><\/span><\/p>\n<p>Kalewnews<\/p>\n","protected":false},"excerpt":{"rendered":"<p>La Pr\u00e9sidente de la Coalition des Femmes et Filles de Guin\u00e9e COFFIG,\u00a0\u00e9tait ce mercredi 24 octobre\u00a0au domicile d\u2019El hadj Cellou Dalein Diallo pour exprimer son regret suite \u00e0 l\u2019attaque de son cort\u00e8ge lors de la marche pacifique. Dr Makal\u00e9 Traor\u00e9 a pr\u00e9cis\u00e9 que les guin\u00e9ens devraient prot\u00e9ger la patrie. \u00ab\u00a0J\u2019ai regrett\u00e9 ce qui s\u2019est pass\u00e9 [&hellip;]<\/p>\n","protected":false},"author":12,"featured_media":27020,"comment_status":"closed","ping_status":"closed","sticky":false,"template":"","format":"standard","meta":{"_exactmetrics_skip_tracking":false,"_exactmetrics_sitenote_active":false,"_exactmetrics_sitenote_note":"","_exactmetrics_sitenote_category":0,"tdm_status":"","tdm_grid_status":"","footnotes":""},"categories":[16],"tags":[],"class_list":{"0":"post-27019","1":"post","2":"type-post","3":"status-publish","4":"format-standard","5":"has-post-thumbnail","7":"category-societe"},"yoast_head":"<!-- This site is optimized with the Yoast SEO plugin v24.2 - https:\/\/yoast.com\/wordpress\/plugins\/seo\/ -->\n<title>La Pr\u00e9sidente de la COFFIG chez Dalein : Dr Makal\u00e9 Traor\u00e9 demande aux militants de l\u2019UFDG ainsi qu\u2019\u00e0 la population de se ressaisir pour que la paix r\u00e8gne dans le pays | Guin\u00e9e Diversit\u00e9<\/title>\n<meta name=\"robots\" content=\"index, follow, max-snippet:-1, max-image-preview:large, max-video-preview:-1\" \/>\n<link rel=\"canonical\" href=\"https:\/\/guineediversite.com\/index.php\/2018\/10\/25\/27019\/\" \/>\n<meta property=\"og:locale\" content=\"fr_FR\" \/>\n<meta property=\"og:type\" content=\"article\" \/>\n<meta property=\"og:title\" content=\"La Pr\u00e9sidente de la COFFIG chez Dalein : Dr Makal\u00e9 Traor\u00e9 demande aux militants de l\u2019UFDG ainsi qu\u2019\u00e0 la population de se ressaisir pour que la paix r\u00e8gne dans le pays | Guin\u00e9e Diversit\u00e9\" \/>\n<meta property=\"og:description\" content=\"La Pr\u00e9sidente de la Coalition des Femmes et Filles de Guin\u00e9e COFFIG,\u00a0\u00e9tait ce mercredi 24 octobre\u00a0au domicile d\u2019El hadj Cellou Dalein Diallo pour exprimer son regret suite \u00e0 l\u2019attaque de son cort\u00e8ge lors de la marche pacifique. Dr Makal\u00e9 Traor\u00e9 a pr\u00e9cis\u00e9 que les guin\u00e9ens devraient prot\u00e9ger la patrie. \u00ab\u00a0J\u2019ai regrett\u00e9 ce qui s\u2019est pass\u00e9 [&hellip;]\" \/>\n<meta property=\"og:url\" content=\"https:\/\/guineediversite.com\/index.php\/2018\/10\/25\/27019\/\" \/>\n<meta property=\"og:site_name\" content=\"Guin\u00e9e Diversit\u00e9\" \/>\n<meta property=\"article:publisher\" content=\"https:\/\/www.facebook.com\/guineediversite\/\" \/>\n<meta property=\"article:published_time\" content=\"2018-10-25T11:47:12+00:00\" \/>\n<meta property=\"article:modified_time\" content=\"2018-10-25T12:06:35+00:00\" \/>\n<meta property=\"og:image\" content=\"https:\/\/guineediversite.com\/wp-content\/uploads\/2018\/10\/B2411BE8-60FF-41F8-B668-A7545FC75D51-696x392.jpeg\" \/>\n\t<meta property=\"og:image:width\" content=\"1024\" \/>\n\t<meta property=\"og:image:height\" content=\"577\" \/>\n\t<meta property=\"og:image:type\" content=\"image\/jpeg\" \/>\n<meta name=\"author\" content=\"Guin\u00e9e Diversit\u00e9\" \/>\n<meta name=\"twitter:card\" content=\"summary_large_image\" \/>\n<meta name=\"twitter:creator\" content=\"@GuineeDiversite\" \/>\n<meta name=\"twitter:site\" content=\"@GuineeDiversite\" \/>\n<meta name=\"twitter:label1\" content=\"\u00c9crit par\" \/>\n\t<meta name=\"twitter:data1\" content=\"Guin\u00e9e Diversit\u00e9\" \/>\n\t<meta name=\"twitter:label2\" content=\"Dur\u00e9e de lecture estim\u00e9e\" \/>\n\t<meta name=\"twitter:data2\" content=\"1 minute\" \/>\n<script type=\"application\/ld+json\" class=\"yoast-schema-graph\">{\"@context\":\"https:\/\/schema.org\",\"@graph\":[{\"@type\":\"Article\",\"@id\":\"https:\/\/guineediversite.com\/index.php\/2018\/10\/25\/27019\/#article\",\"isPartOf\":{\"@id\":\"https:\/\/guineediversite.com\/index.php\/2018\/10\/25\/27019\/\"},\"author\":{\"name\":\"Guin\u00e9e Diversit\u00e9\",\"@id\":\"https:\/\/guineediversite.com\/#\/schema\/person\/afa08fb34e7fc6e1feafc892612bc836\"},\"headline\":\"La Pr\u00e9sidente de la COFFIG chez Dalein : Dr Makal\u00e9 Traor\u00e9 demande aux militants de l\u2019UFDG ainsi qu\u2019\u00e0 la population de se ressaisir pour que la paix r\u00e8gne dans le pays\",\"datePublished\":\"2018-10-25T11:47:12+00:00\",\"dateModified\":\"2018-10-25T12:06:35+00:00\",\"mainEntityOfPage\":{\"@id\":\"https:\/\/guineediversite.com\/index.php\/2018\/10\/25\/27019\/\"},\"wordCount\":287,\"publisher\":{\"@id\":\"https:\/\/guineediversite.com\/#organization\"},\"image\":{\"@id\":\"https:\/\/guineediversite.com\/index.php\/2018\/10\/25\/27019\/#primaryimage\"},\"thumbnailUrl\":\"https:\/\/guineediversite.com\/wp-content\/uploads\/2018\/10\/B2411BE8-60FF-41F8-B668-A7545FC75D51-696x392.jpeg\",\"articleSection\":[\"Soci\u00e9t\u00e9\"],\"inLanguage\":\"fr-FR\"},{\"@type\":\"WebPage\",\"@id\":\"https:\/\/guineediversite.com\/index.php\/2018\/10\/25\/27019\/\",\"url\":\"https:\/\/guineediversite.com\/index.php\/2018\/10\/25\/27019\/\",\"name\":\"La Pr\u00e9sidente de la COFFIG chez Dalein : Dr Makal\u00e9 Traor\u00e9 demande aux militants de l\u2019UFDG ainsi qu\u2019\u00e0 la population de se ressaisir pour que la paix r\u00e8gne dans le pays | Guin\u00e9e Diversit\u00e9\",\"isPartOf\":{\"@id\":\"https:\/\/guineediversite.com\/#website\"},\"primaryImageOfPage\":{\"@id\":\"https:\/\/guineediversite.com\/index.php\/2018\/10\/25\/27019\/#primaryimage\"},\"image\":{\"@id\":\"https:\/\/guineediversite.com\/index.php\/2018\/10\/25\/27019\/#primaryimage\"},\"thumbnailUrl\":\"https:\/\/guineediversite.com\/wp-content\/uploads\/2018\/10\/B2411BE8-60FF-41F8-B668-A7545FC75D51-696x392.jpeg\",\"datePublished\":\"2018-10-25T11:47:12+00:00\",\"dateModified\":\"2018-10-25T12:06:35+00:00\",\"breadcrumb\":{\"@id\":\"https:\/\/guineediversite.com\/index.php\/2018\/10\/25\/27019\/#breadcrumb\"},\"inLanguage\":\"fr-FR\",\"potentialAction\":[{\"@type\":\"ReadAction\",\"target\":[\"https:\/\/guineediversite.com\/index.php\/2018\/10\/25\/27019\/\"]}]},{\"@type\":\"ImageObject\",\"inLanguage\":\"fr-FR\",\"@id\":\"https:\/\/guineediversite.com\/index.php\/2018\/10\/25\/27019\/#primaryimage\",\"url\":\"https:\/\/guineediversite.com\/wp-content\/uploads\/2018\/10\/B2411BE8-60FF-41F8-B668-A7545FC75D51-696x392.jpeg\",\"contentUrl\":\"https:\/\/guineediversite.com\/wp-content\/uploads\/2018\/10\/B2411BE8-60FF-41F8-B668-A7545FC75D51-696x392.jpeg\",\"width\":1024,\"height\":577},{\"@type\":\"BreadcrumbList\",\"@id\":\"https:\/\/guineediversite.com\/index.php\/2018\/10\/25\/27019\/#breadcrumb\",\"itemListElement\":[{\"@type\":\"ListItem\",\"position\":1,\"name\":\"Accueil\",\"item\":\"https:\/\/guineediversite.com\/\"},{\"@type\":\"ListItem\",\"position\":2,\"name\":\"La Pr\u00e9sidente de la COFFIG chez Dalein : Dr Makal\u00e9 Traor\u00e9 demande aux militants de l\u2019UFDG ainsi qu\u2019\u00e0 la population de se ressaisir pour que la paix r\u00e8gne dans le pays\"}]},{\"@type\":\"WebSite\",\"@id\":\"https:\/\/guineediversite.com\/#website\",\"url\":\"https:\/\/guineediversite.com\/\",\"name\":\"Guin\u00e9e Diversit\u00e9\",\"description\":\"L&#039;Info dans toute sa diversit\u00e9\",\"publisher\":{\"@id\":\"https:\/\/guineediversite.com\/#organization\"},\"potentialAction\":[{\"@type\":\"SearchAction\",\"target\":{\"@type\":\"EntryPoint\",\"urlTemplate\":\"https:\/\/guineediversite.com\/?s={search_term_string}\"},\"query-input\":{\"@type\":\"PropertyValueSpecification\",\"valueRequired\":true,\"valueName\":\"search_term_string\"}}],\"inLanguage\":\"fr-FR\"},{\"@type\":\"Organization\",\"@id\":\"https:\/\/guineediversite.com\/#organization\",\"name\":\"Guin\u00e9e Diversit\u00e9\",\"url\":\"https:\/\/guineediversite.com\/\",\"logo\":{\"@type\":\"ImageObject\",\"inLanguage\":\"fr-FR\",\"@id\":\"https:\/\/guineediversite.com\/#\/schema\/logo\/image\/\",\"url\":\"https:\/\/guineediversite.com\/wp-content\/uploads\/2017\/04\/cropped-1jojlxEOMkX9Wyqfhe43D6kjPOGqBBKmx3EwWJqZ0cMrFF54yM49.png\",\"contentUrl\":\"https:\/\/guineediversite.com\/wp-content\/uploads\/2017\/04\/cropped-1jojlxEOMkX9Wyqfhe43D6kjPOGqBBKmx3EwWJqZ0cMrFF54yM49.png\",\"width\":186,\"height\":112,\"caption\":\"Guin\u00e9e Diversit\u00e9\"},\"image\":{\"@id\":\"https:\/\/guineediversite.com\/#\/schema\/logo\/image\/\"},\"sameAs\":[\"https:\/\/www.facebook.com\/guineediversite\/\",\"https:\/\/x.com\/GuineeDiversite\",\"https:\/\/www.youtube.com\/channel\/UC8sUY16qelG5ge6_D5SB83g\"]},{\"@type\":\"Person\",\"@id\":\"https:\/\/guineediversite.com\/#\/schema\/person\/afa08fb34e7fc6e1feafc892612bc836\",\"name\":\"Guin\u00e9e Diversit\u00e9\",\"image\":{\"@type\":\"ImageObject\",\"inLanguage\":\"fr-FR\",\"@id\":\"https:\/\/guineediversite.com\/#\/schema\/person\/image\/\",\"url\":\"https:\/\/secure.gravatar.com\/avatar\/50d5eb5b390f8b65ac30ac6f898eb83a?s=96&d=mm&r=g\",\"contentUrl\":\"https:\/\/secure.gravatar.com\/avatar\/50d5eb5b390f8b65ac30ac6f898eb83a?s=96&d=mm&r=g\",\"caption\":\"Guin\u00e9e Diversit\u00e9\"},\"url\":\"https:\/\/guineediversite.com\/index.php\/author\/guineediversite\/\"}]}<\/script>\n<!-- \/ Yoast SEO plugin. -->","yoast_head_json":{"title":"La Pr\u00e9sidente de la COFFIG chez Dalein : Dr Makal\u00e9 Traor\u00e9 demande aux militants de l\u2019UFDG ainsi qu\u2019\u00e0 la population de se ressaisir pour que la paix r\u00e8gne dans le pays | Guin\u00e9e Diversit\u00e9","robots":{"index":"index","follow":"follow","max-snippet":"max-snippet:-1","max-image-preview":"max-image-preview:large","max-video-preview":"max-video-preview:-1"},"canonical":"https:\/\/guineediversite.com\/index.php\/2018\/10\/25\/27019\/","og_locale":"fr_FR","og_type":"article","og_title":"La Pr\u00e9sidente de la COFFIG chez Dalein : Dr Makal\u00e9 Traor\u00e9 demande aux militants de l\u2019UFDG ainsi qu\u2019\u00e0 la population de se ressaisir pour que la paix r\u00e8gne dans le pays | Guin\u00e9e Diversit\u00e9","og_description":"La Pr\u00e9sidente de la Coalition des Femmes et Filles de Guin\u00e9e COFFIG,\u00a0\u00e9tait ce mercredi 24 octobre\u00a0au domicile d\u2019El hadj Cellou Dalein Diallo pour exprimer son regret suite \u00e0 l\u2019attaque de son cort\u00e8ge lors de la marche pacifique. Dr Makal\u00e9 Traor\u00e9 a pr\u00e9cis\u00e9 que les guin\u00e9ens devraient prot\u00e9ger la patrie. \u00ab\u00a0J\u2019ai regrett\u00e9 ce qui s\u2019est pass\u00e9 [&hellip;]","og_url":"https:\/\/guineediversite.com\/index.php\/2018\/10\/25\/27019\/","og_site_name":"Guin\u00e9e Diversit\u00e9","article_publisher":"https:\/\/www.facebook.com\/guineediversite\/","article_published_time":"2018-10-25T11:47:12+00:00","article_modified_time":"2018-10-25T12:06:35+00:00","og_image":[{"width":1024,"height":577,"url":"https:\/\/guineediversite.com\/wp-content\/uploads\/2018\/10\/B2411BE8-60FF-41F8-B668-A7545FC75D51-696x392.jpeg","type":"image\/jpeg"}],"author":"Guin\u00e9e Diversit\u00e9","twitter_card":"summary_large_image","twitter_creator":"@GuineeDiversite","twitter_site":"@GuineeDiversite","twitter_misc":{"\u00c9crit par":"Guin\u00e9e Diversit\u00e9","Dur\u00e9e de lecture estim\u00e9e":"1 minute"},"schema":{"@context":"https:\/\/schema.org","@graph":[{"@type":"Article","@id":"https:\/\/guineediversite.com\/index.php\/2018\/10\/25\/27019\/#article","isPartOf":{"@id":"https:\/\/guineediversite.com\/index.php\/2018\/10\/25\/27019\/"},"author":{"name":"Guin\u00e9e Diversit\u00e9","@id":"https:\/\/guineediversite.com\/#\/schema\/person\/afa08fb34e7fc6e1feafc892612bc836"},"headline":"La Pr\u00e9sidente de la COFFIG chez Dalein : Dr Makal\u00e9 Traor\u00e9 demande aux militants de l\u2019UFDG ainsi qu\u2019\u00e0 la population de se ressaisir pour que la paix r\u00e8gne dans le pays","datePublished":"2018-10-25T11:47:12+00:00","dateModified":"2018-10-25T12:06:35+00:00","mainEntityOfPage":{"@id":"https:\/\/guineediversite.com\/index.php\/2018\/10\/25\/27019\/"},"wordCount":287,"publisher":{"@id":"https:\/\/guineediversite.com\/#organization"},"image":{"@id":"https:\/\/guineediversite.com\/index.php\/2018\/10\/25\/27019\/#primaryimage"},"thumbnailUrl":"https:\/\/guineediversite.com\/wp-content\/uploads\/2018\/10\/B2411BE8-60FF-41F8-B668-A7545FC75D51-696x392.jpeg","articleSection":["Soci\u00e9t\u00e9"],"inLanguage":"fr-FR"},{"@type":"WebPage","@id":"https:\/\/guineediversite.com\/index.php\/2018\/10\/25\/27019\/","url":"https:\/\/guineediversite.com\/index.php\/2018\/10\/25\/27019\/","name":"La Pr\u00e9sidente de la COFFIG chez Dalein : Dr Makal\u00e9 Traor\u00e9 demande aux militants de l\u2019UFDG ainsi qu\u2019\u00e0 la population de se ressaisir pour que la paix r\u00e8gne dans le pays | Guin\u00e9e Diversit\u00e9","isPartOf":{"@id":"https:\/\/guineediversite.com\/#website"},"primaryImageOfPage":{"@id":"https:\/\/guineediversite.com\/index.php\/2018\/10\/25\/27019\/#primaryimage"},"image":{"@id":"https:\/\/guineediversite.com\/index.php\/2018\/10\/25\/27019\/#primaryimage"},"thumbnailUrl":"https:\/\/guineediversite.com\/wp-content\/uploads\/2018\/10\/B2411BE8-60FF-41F8-B668-A7545FC75D51-696x392.jpeg","datePublished":"2018-10-25T11:47:12+00:00","dateModified":"2018-10-25T12:06:35+00:00","breadcrumb":{"@id":"https:\/\/guineediversite.com\/index.php\/2018\/10\/25\/27019\/#breadcrumb"},"inLanguage":"fr-FR","potentialAction":[{"@type":"ReadAction","target":["https:\/\/guineediversite.com\/index.php\/2018\/10\/25\/27019\/"]}]},{"@type":"ImageObject","inLanguage":"fr-FR","@id":"https:\/\/guineediversite.com\/index.php\/2018\/10\/25\/27019\/#primaryimage","url":"https:\/\/guineediversite.com\/wp-content\/uploads\/2018\/10\/B2411BE8-60FF-41F8-B668-A7545FC75D51-696x392.jpeg","contentUrl":"https:\/\/guineediversite.com\/wp-content\/uploads\/2018\/10\/B2411BE8-60FF-41F8-B668-A7545FC75D51-696x392.jpeg","width":1024,"height":577},{"@type":"BreadcrumbList","@id":"https:\/\/guineediversite.com\/index.php\/2018\/10\/25\/27019\/#breadcrumb","itemListElement":[{"@type":"ListItem","position":1,"name":"Accueil","item":"https:\/\/guineediversite.com\/"},{"@type":"ListItem","position":2,"name":"La Pr\u00e9sidente de la COFFIG chez Dalein : Dr Makal\u00e9 Traor\u00e9 demande aux militants de l\u2019UFDG ainsi qu\u2019\u00e0 la population de se ressaisir pour que la paix r\u00e8gne dans le pays"}]},{"@type":"WebSite","@id":"https:\/\/guineediversite.com\/#website","url":"https:\/\/guineediversite.com\/","name":"Guin\u00e9e Diversit\u00e9","description":"L&#039;Info dans toute sa diversit\u00e9","publisher":{"@id":"https:\/\/guineediversite.com\/#organization"},"potentialAction":[{"@type":"SearchAction","target":{"@type":"EntryPoint","urlTemplate":"https:\/\/guineediversite.com\/?s={search_term_string}"},"query-input":{"@type":"PropertyValueSpecification","valueRequired":true,"valueName":"search_term_string"}}],"inLanguage":"fr-FR"},{"@type":"Organization","@id":"https:\/\/guineediversite.com\/#organization","name":"Guin\u00e9e Diversit\u00e9","url":"https:\/\/guineediversite.com\/","logo":{"@type":"ImageObject","inLanguage":"fr-FR","@id":"https:\/\/guineediversite.com\/#\/schema\/logo\/image\/","url":"https:\/\/guineediversite.com\/wp-content\/uploads\/2017\/04\/cropped-1jojlxEOMkX9Wyqfhe43D6kjPOGqBBKmx3EwWJqZ0cMrFF54yM49.png","contentUrl":"https:\/\/guineediversite.com\/wp-content\/uploads\/2017\/04\/cropped-1jojlxEOMkX9Wyqfhe43D6kjPOGqBBKmx3EwWJqZ0cMrFF54yM49.png","width":186,"height":112,"caption":"Guin\u00e9e Diversit\u00e9"},"image":{"@id":"https:\/\/guineediversite.com\/#\/schema\/logo\/image\/"},"sameAs":["https:\/\/www.facebook.com\/guineediversite\/","https:\/\/x.com\/GuineeDiversite","https:\/\/www.youtube.com\/channel\/UC8sUY16qelG5ge6_D5SB83g"]},{"@type":"Person","@id":"https:\/\/guineediversite.com\/#\/schema\/person\/afa08fb34e7fc6e1feafc892612bc836","name":"Guin\u00e9e Diversit\u00e9","image":{"@type":"ImageObject","inLanguage":"fr-FR","@id":"https:\/\/guineediversite.com\/#\/schema\/person\/image\/","url":"https:\/\/secure.gravatar.com\/avatar\/50d5eb5b390f8b65ac30ac6f898eb83a?s=96&d=mm&r=g","contentUrl":"https:\/\/secure.gravatar.com\/avatar\/50d5eb5b390f8b65ac30ac6f898eb83a?s=96&d=mm&r=g","caption":"Guin\u00e9e Diversit\u00e9"},"url":"https:\/\/guineediversite.com\/index.php\/author\/guineediversite\/"}]}},"_links":{"self":[{"href":"https:\/\/guineediversite.com\/index.php\/wp-json\/wp\/v2\/posts\/27019"}],"collection":[{"href":"https:\/\/guineediversite.com\/index.php\/wp-json\/wp\/v2\/posts"}],"about":[{"href":"https:\/\/guineediversite.com\/index.php\/wp-json\/wp\/v2\/types\/post"}],"author":[{"embeddable":true,"href":"https:\/\/guineediversite.com\/index.php\/wp-json\/wp\/v2\/users\/12"}],"replies":[{"embeddable":true,"href":"https:\/\/guineediversite.com\/index.php\/wp-json\/wp\/v2\/comments?post=27019"}],"version-history":[{"count":0,"href":"https:\/\/guineediversite.com\/index.php\/wp-json\/wp\/v2\/posts\/27019\/revisions"}],"wp:featuredmedia":[{"embeddable":true,"href":"https:\/\/guineediversite.com\/index.php\/wp-json\/wp\/v2\/media\/27020"}],"wp:attachment":[{"href":"https:\/\/guineediversite.com\/index.php\/wp-json\/wp\/v2\/media?parent=27019"}],"wp:term":[{"taxonomy":"category","embeddable":true,"href":"https:\/\/guineediversite.com\/index.php\/wp-json\/wp\/v2\/categories?post=27019"},{"taxonomy":"post_tag","embeddable":true,"href":"https:\/\/guineediversite.com\/index.php\/wp-json\/wp\/v2\/tags?post=27019"}],"curies":[{"name":"wp","href":"https:\/\/api.w.org\/{rel}","templated":true}]}}