{"id":27011,"date":"2018-10-25T12:12:51","date_gmt":"2018-10-25T10:12:51","guid":{"rendered":"https:\/\/guineediversite.com\/?p=27011"},"modified":"2018-10-25T12:12:51","modified_gmt":"2018-10-25T10:12:51","slug":"liberia-le-president-weah-annonce-la-gratuite-pour-le-premier-cycle-universitaire","status":"publish","type":"post","link":"https:\/\/guineediversite.com\/index.php\/2018\/10\/25\/liberia-le-president-weah-annonce-la-gratuite-pour-le-premier-cycle-universitaire\/","title":{"rendered":"Liberia : le pr\u00e9sident Weah annonce la gratuit\u00e9 pour le premier cycle universitaire"},"content":{"rendered":"<p class=\"lead\">Le pr\u00e9sident du Liberia, George Weah, a d\u00e9clar\u00e9 mercredi \u00ab libres de droits d&rsquo;inscription \u00bb l&rsquo;ensemble des universit\u00e9s publiques du pays pour les \u00e9tudiants du premier cycle.<\/p>\n<p>\u00ab\u00a0Au nom du peuple lib\u00e9rien et de mon gouvernement, je d\u00e9clare libre de droits d\u2019inscription l\u2019Universit\u00e9 du Liberia pour les \u00e9tudiants du premier cycle, ainsi que pour ceux de toutes les autres universit\u00e9s publiques au Liberia\u00a0\u00bb, a d\u00e9clar\u00e9 l\u2019ex-star du football, Georges Weah, lors d\u2019une c\u00e9r\u00e9monie sur le principal campus de l\u2019Universit\u00e9 du Liberia \u00e0 Monrovia.<\/p>\n<p>Au pouvoir depuis janvier, l\u2019ancien attaquant du PSG et du Milan AC a expliqu\u00e9 avoir pris cette d\u00e9cision apr\u00e8s avoir \u00e9t\u00e9 alert\u00e9 par les dirigeants de l\u2019universit\u00e9 sur les difficult\u00e9s rencontr\u00e9es par les \u00e9tudiants, notamment en raison de la chute du dollar lib\u00e9rien face au dollar am\u00e9ricain, les deux monnaies l\u00e9gales dans le pays.<\/p>\n<h2>8 000 \u00e9tudiants incapables de poursuivre leurs \u00e9tudes<\/h2>\n<p>\u00ab\u00a0Les \u00e9tudiants m\u2019ont dit que les frais d\u2019inscription avaient augment\u00e9. La direction m\u2019a affirm\u00e9 que ce n\u2019\u00e9tait pas le cas, mais qu\u2019\u00e0 cause de la chute du dollar lib\u00e9rien, les montants pay\u00e9s en monnaie locale ont augment\u00e9\u00a0\u00bb, a-t-il expliqu\u00e9, alors que\u00a0<a href=\"https:\/\/www.jeuneafrique.com\/mag\/527059\/politique\/george-weah-face-aux-caisses-vides-du-liberia\/\">le pays est confront\u00e9 depuis plus d\u2019un an \u00e0 une forte inflation.<\/a><\/p>\n<p>Sur quelque 20 000 \u00e9tudiants ayant fait les d\u00e9marches pour s\u2019inscrire, seuls 12 000 assistent aux cours, dont 5 000 gr\u00e2ce \u00e0 des bourses.<\/p>\n<p>\u00bb Les 8 000 autres ne peuvent pas suivre les cours en raison de leur manque de moyens financiers ou d\u2019aides \u00ab\u00a0, a expliqu\u00e9 le pr\u00e9sident lib\u00e9rien, \u00e9lu fin 2017 sur un programme destin\u00e9 \u00e0 combattre la pauvret\u00e9 et \u00e0 relancer l\u2019\u00e9conomie du pays.<\/p>\n<p>Selon lui, l\u2019incapacit\u00e9 des jeunes \u00e0 poursuivre des \u00e9tudes a un \u00ab\u00a0impact n\u00e9gatif sur leur capacit\u00e9 \u00e0 jouer un r\u00f4le positif dans le d\u00e9veloppement du pays\u00a0\u00bb.<\/p>\n<p>\u00ab\u00a0Je suis si heureuse que je ne trouve pas les mots pour exprimer ma joie\u00a0\u00bb, a r\u00e9agi une \u00e9tudiante de l\u2019Universit\u00e9 de Monrovia.<\/p>\n<p>\u00ab\u00a0J\u2019ai dit \u00e0 mes amis qui ne font que manifester qu\u2019ils devraient arr\u00eater. Nous sommes des \u00e9tudiants, des universitaires, nous devrions savoir pourquoi nous venons dans cette \u00e9cole\u00a0\u00bb, a ajout\u00e9 la jeune femme, qui n\u2019a pas souhait\u00e9 d\u00e9voiler son identit\u00e9.<\/p>\n<p>JA<\/p>\n","protected":false},"excerpt":{"rendered":"<p>Le pr\u00e9sident du Liberia, George Weah, a d\u00e9clar\u00e9 mercredi \u00ab libres de droits d&rsquo;inscription \u00bb l&rsquo;ensemble des universit\u00e9s publiques du pays pour les \u00e9tudiants du premier cycle. \u00ab\u00a0Au nom du peuple lib\u00e9rien et de mon gouvernement, je d\u00e9clare libre de droits d\u2019inscription l\u2019Universit\u00e9 du Liberia pour les \u00e9tudiants du premier cycle, ainsi que pour ceux [&hellip;]<\/p>\n","protected":false},"author":7,"featured_media":27012,"comment_status":"closed","ping_status":"closed","sticky":false,"template":"","format":"standard","meta":{"_exactmetrics_skip_tracking":false,"_exactmetrics_sitenote_active":false,"_exactmetrics_sitenote_note":"","_exactmetrics_sitenote_category":0,"tdm_status":"","tdm_grid_status":"","footnotes":""},"categories":[21],"tags":[],"class_list":{"0":"post-27011","1":"post","2":"type-post","3":"status-publish","4":"format-standard","5":"has-post-thumbnail","7":"category-international"},"yoast_head":"<!-- This site is optimized with the Yoast SEO plugin v24.2 - https:\/\/yoast.com\/wordpress\/plugins\/seo\/ -->\n<title>Liberia : le pr\u00e9sident Weah annonce la gratuit\u00e9 pour le premier cycle universitaire | Guin\u00e9e Diversit\u00e9<\/title>\n<meta name=\"robots\" content=\"index, follow, max-snippet:-1, max-image-preview:large, max-video-preview:-1\" \/>\n<link rel=\"canonical\" href=\"https:\/\/guineediversite.com\/index.php\/2018\/10\/25\/liberia-le-president-weah-annonce-la-gratuite-pour-le-premier-cycle-universitaire\/\" \/>\n<meta property=\"og:locale\" content=\"fr_FR\" \/>\n<meta property=\"og:type\" content=\"article\" \/>\n<meta property=\"og:title\" content=\"Liberia : le pr\u00e9sident Weah annonce la gratuit\u00e9 pour le premier cycle universitaire | Guin\u00e9e Diversit\u00e9\" \/>\n<meta property=\"og:description\" content=\"Le pr\u00e9sident du Liberia, George Weah, a d\u00e9clar\u00e9 mercredi \u00ab libres de droits d&rsquo;inscription \u00bb l&rsquo;ensemble des universit\u00e9s publiques du pays pour les \u00e9tudiants du premier cycle. \u00ab\u00a0Au nom du peuple lib\u00e9rien et de mon gouvernement, je d\u00e9clare libre de droits d\u2019inscription l\u2019Universit\u00e9 du Liberia pour les \u00e9tudiants du premier cycle, ainsi que pour ceux [&hellip;]\" \/>\n<meta property=\"og:url\" content=\"https:\/\/guineediversite.com\/index.php\/2018\/10\/25\/liberia-le-president-weah-annonce-la-gratuite-pour-le-premier-cycle-universitaire\/\" \/>\n<meta property=\"og:site_name\" content=\"Guin\u00e9e Diversit\u00e9\" \/>\n<meta property=\"article:publisher\" content=\"https:\/\/www.facebook.com\/guineediversite\/\" \/>\n<meta property=\"article:published_time\" content=\"2018-10-25T10:12:51+00:00\" \/>\n<meta property=\"og:image\" content=\"https:\/\/guineediversite.com\/wp-content\/uploads\/2018\/10\/rea_261126_001-592x296.jpg\" \/>\n\t<meta property=\"og:image:width\" content=\"1024\" \/>\n\t<meta property=\"og:image:height\" content=\"512\" \/>\n\t<meta property=\"og:image:type\" content=\"image\/jpeg\" \/>\n<meta name=\"author\" content=\"Bilguissa Diallo\" \/>\n<meta name=\"twitter:card\" content=\"summary_large_image\" \/>\n<meta name=\"twitter:creator\" content=\"@GuineeDiversite\" \/>\n<meta name=\"twitter:site\" content=\"@GuineeDiversite\" \/>\n<meta name=\"twitter:label1\" content=\"\u00c9crit par\" \/>\n\t<meta name=\"twitter:data1\" content=\"Bilguissa Diallo\" \/>\n\t<meta name=\"twitter:label2\" content=\"Dur\u00e9e de lecture estim\u00e9e\" \/>\n\t<meta name=\"twitter:data2\" content=\"2 minutes\" \/>\n<script type=\"application\/ld+json\" class=\"yoast-schema-graph\">{\"@context\":\"https:\/\/schema.org\",\"@graph\":[{\"@type\":\"Article\",\"@id\":\"https:\/\/guineediversite.com\/index.php\/2018\/10\/25\/liberia-le-president-weah-annonce-la-gratuite-pour-le-premier-cycle-universitaire\/#article\",\"isPartOf\":{\"@id\":\"https:\/\/guineediversite.com\/index.php\/2018\/10\/25\/liberia-le-president-weah-annonce-la-gratuite-pour-le-premier-cycle-universitaire\/\"},\"author\":{\"name\":\"Bilguissa Diallo\",\"@id\":\"https:\/\/guineediversite.com\/#\/schema\/person\/0e0e3e424768a50d025ac2218ccca73f\"},\"headline\":\"Liberia : le pr\u00e9sident Weah annonce la gratuit\u00e9 pour le premier cycle universitaire\",\"datePublished\":\"2018-10-25T10:12:51+00:00\",\"dateModified\":\"2018-10-25T10:12:51+00:00\",\"mainEntityOfPage\":{\"@id\":\"https:\/\/guineediversite.com\/index.php\/2018\/10\/25\/liberia-le-president-weah-annonce-la-gratuite-pour-le-premier-cycle-universitaire\/\"},\"wordCount\":396,\"publisher\":{\"@id\":\"https:\/\/guineediversite.com\/#organization\"},\"image\":{\"@id\":\"https:\/\/guineediversite.com\/index.php\/2018\/10\/25\/liberia-le-president-weah-annonce-la-gratuite-pour-le-premier-cycle-universitaire\/#primaryimage\"},\"thumbnailUrl\":\"https:\/\/guineediversite.com\/wp-content\/uploads\/2018\/10\/rea_261126_001-592x296.jpg\",\"articleSection\":[\"International\"],\"inLanguage\":\"fr-FR\"},{\"@type\":\"WebPage\",\"@id\":\"https:\/\/guineediversite.com\/index.php\/2018\/10\/25\/liberia-le-president-weah-annonce-la-gratuite-pour-le-premier-cycle-universitaire\/\",\"url\":\"https:\/\/guineediversite.com\/index.php\/2018\/10\/25\/liberia-le-president-weah-annonce-la-gratuite-pour-le-premier-cycle-universitaire\/\",\"name\":\"Liberia : le pr\u00e9sident Weah annonce la gratuit\u00e9 pour le premier cycle universitaire | Guin\u00e9e Diversit\u00e9\",\"isPartOf\":{\"@id\":\"https:\/\/guineediversite.com\/#website\"},\"primaryImageOfPage\":{\"@id\":\"https:\/\/guineediversite.com\/index.php\/2018\/10\/25\/liberia-le-president-weah-annonce-la-gratuite-pour-le-premier-cycle-universitaire\/#primaryimage\"},\"image\":{\"@id\":\"https:\/\/guineediversite.com\/index.php\/2018\/10\/25\/liberia-le-president-weah-annonce-la-gratuite-pour-le-premier-cycle-universitaire\/#primaryimage\"},\"thumbnailUrl\":\"https:\/\/guineediversite.com\/wp-content\/uploads\/2018\/10\/rea_261126_001-592x296.jpg\",\"datePublished\":\"2018-10-25T10:12:51+00:00\",\"dateModified\":\"2018-10-25T10:12:51+00:00\",\"breadcrumb\":{\"@id\":\"https:\/\/guineediversite.com\/index.php\/2018\/10\/25\/liberia-le-president-weah-annonce-la-gratuite-pour-le-premier-cycle-universitaire\/#breadcrumb\"},\"inLanguage\":\"fr-FR\",\"potentialAction\":[{\"@type\":\"ReadAction\",\"target\":[\"https:\/\/guineediversite.com\/index.php\/2018\/10\/25\/liberia-le-president-weah-annonce-la-gratuite-pour-le-premier-cycle-universitaire\/\"]}]},{\"@type\":\"ImageObject\",\"inLanguage\":\"fr-FR\",\"@id\":\"https:\/\/guineediversite.com\/index.php\/2018\/10\/25\/liberia-le-president-weah-annonce-la-gratuite-pour-le-premier-cycle-universitaire\/#primaryimage\",\"url\":\"https:\/\/guineediversite.com\/wp-content\/uploads\/2018\/10\/rea_261126_001-592x296.jpg\",\"contentUrl\":\"https:\/\/guineediversite.com\/wp-content\/uploads\/2018\/10\/rea_261126_001-592x296.jpg\",\"width\":1024,\"height\":512},{\"@type\":\"BreadcrumbList\",\"@id\":\"https:\/\/guineediversite.com\/index.php\/2018\/10\/25\/liberia-le-president-weah-annonce-la-gratuite-pour-le-premier-cycle-universitaire\/#breadcrumb\",\"itemListElement\":[{\"@type\":\"ListItem\",\"position\":1,\"name\":\"Accueil\",\"item\":\"https:\/\/guineediversite.com\/\"},{\"@type\":\"ListItem\",\"position\":2,\"name\":\"Liberia : le pr\u00e9sident Weah annonce la gratuit\u00e9 pour le premier cycle universitaire\"}]},{\"@type\":\"WebSite\",\"@id\":\"https:\/\/guineediversite.com\/#website\",\"url\":\"https:\/\/guineediversite.com\/\",\"name\":\"Guin\u00e9e Diversit\u00e9\",\"description\":\"L&#039;Info dans toute sa diversit\u00e9\",\"publisher\":{\"@id\":\"https:\/\/guineediversite.com\/#organization\"},\"potentialAction\":[{\"@type\":\"SearchAction\",\"target\":{\"@type\":\"EntryPoint\",\"urlTemplate\":\"https:\/\/guineediversite.com\/?s={search_term_string}\"},\"query-input\":{\"@type\":\"PropertyValueSpecification\",\"valueRequired\":true,\"valueName\":\"search_term_string\"}}],\"inLanguage\":\"fr-FR\"},{\"@type\":\"Organization\",\"@id\":\"https:\/\/guineediversite.com\/#organization\",\"name\":\"Guin\u00e9e Diversit\u00e9\",\"url\":\"https:\/\/guineediversite.com\/\",\"logo\":{\"@type\":\"ImageObject\",\"inLanguage\":\"fr-FR\",\"@id\":\"https:\/\/guineediversite.com\/#\/schema\/logo\/image\/\",\"url\":\"https:\/\/guineediversite.com\/wp-content\/uploads\/2017\/04\/cropped-1jojlxEOMkX9Wyqfhe43D6kjPOGqBBKmx3EwWJqZ0cMrFF54yM49.png\",\"contentUrl\":\"https:\/\/guineediversite.com\/wp-content\/uploads\/2017\/04\/cropped-1jojlxEOMkX9Wyqfhe43D6kjPOGqBBKmx3EwWJqZ0cMrFF54yM49.png\",\"width\":186,\"height\":112,\"caption\":\"Guin\u00e9e Diversit\u00e9\"},\"image\":{\"@id\":\"https:\/\/guineediversite.com\/#\/schema\/logo\/image\/\"},\"sameAs\":[\"https:\/\/www.facebook.com\/guineediversite\/\",\"https:\/\/x.com\/GuineeDiversite\",\"https:\/\/www.youtube.com\/channel\/UC8sUY16qelG5ge6_D5SB83g\"]},{\"@type\":\"Person\",\"@id\":\"https:\/\/guineediversite.com\/#\/schema\/person\/0e0e3e424768a50d025ac2218ccca73f\",\"name\":\"Bilguissa Diallo\",\"image\":{\"@type\":\"ImageObject\",\"inLanguage\":\"fr-FR\",\"@id\":\"https:\/\/guineediversite.com\/#\/schema\/person\/image\/\",\"url\":\"https:\/\/secure.gravatar.com\/avatar\/49bbbd2420ee34d62b1b191791f4b5df?s=96&d=mm&r=g\",\"contentUrl\":\"https:\/\/secure.gravatar.com\/avatar\/49bbbd2420ee34d62b1b191791f4b5df?s=96&d=mm&r=g\",\"caption\":\"Bilguissa Diallo\"},\"url\":\"https:\/\/guineediversite.com\/index.php\/author\/bilguissa\/\"}]}<\/script>\n<!-- \/ Yoast SEO plugin. -->","yoast_head_json":{"title":"Liberia : le pr\u00e9sident Weah annonce la gratuit\u00e9 pour le premier cycle universitaire | Guin\u00e9e Diversit\u00e9","robots":{"index":"index","follow":"follow","max-snippet":"max-snippet:-1","max-image-preview":"max-image-preview:large","max-video-preview":"max-video-preview:-1"},"canonical":"https:\/\/guineediversite.com\/index.php\/2018\/10\/25\/liberia-le-president-weah-annonce-la-gratuite-pour-le-premier-cycle-universitaire\/","og_locale":"fr_FR","og_type":"article","og_title":"Liberia : le pr\u00e9sident Weah annonce la gratuit\u00e9 pour le premier cycle universitaire | Guin\u00e9e Diversit\u00e9","og_description":"Le pr\u00e9sident du Liberia, George Weah, a d\u00e9clar\u00e9 mercredi \u00ab libres de droits d&rsquo;inscription \u00bb l&rsquo;ensemble des universit\u00e9s publiques du pays pour les \u00e9tudiants du premier cycle. \u00ab\u00a0Au nom du peuple lib\u00e9rien et de mon gouvernement, je d\u00e9clare libre de droits d\u2019inscription l\u2019Universit\u00e9 du Liberia pour les \u00e9tudiants du premier cycle, ainsi que pour ceux [&hellip;]","og_url":"https:\/\/guineediversite.com\/index.php\/2018\/10\/25\/liberia-le-president-weah-annonce-la-gratuite-pour-le-premier-cycle-universitaire\/","og_site_name":"Guin\u00e9e Diversit\u00e9","article_publisher":"https:\/\/www.facebook.com\/guineediversite\/","article_published_time":"2018-10-25T10:12:51+00:00","og_image":[{"width":1024,"height":512,"url":"https:\/\/guineediversite.com\/wp-content\/uploads\/2018\/10\/rea_261126_001-592x296.jpg","type":"image\/jpeg"}],"author":"Bilguissa Diallo","twitter_card":"summary_large_image","twitter_creator":"@GuineeDiversite","twitter_site":"@GuineeDiversite","twitter_misc":{"\u00c9crit par":"Bilguissa Diallo","Dur\u00e9e de lecture estim\u00e9e":"2 minutes"},"schema":{"@context":"https:\/\/schema.org","@graph":[{"@type":"Article","@id":"https:\/\/guineediversite.com\/index.php\/2018\/10\/25\/liberia-le-president-weah-annonce-la-gratuite-pour-le-premier-cycle-universitaire\/#article","isPartOf":{"@id":"https:\/\/guineediversite.com\/index.php\/2018\/10\/25\/liberia-le-president-weah-annonce-la-gratuite-pour-le-premier-cycle-universitaire\/"},"author":{"name":"Bilguissa Diallo","@id":"https:\/\/guineediversite.com\/#\/schema\/person\/0e0e3e424768a50d025ac2218ccca73f"},"headline":"Liberia : le pr\u00e9sident Weah annonce la gratuit\u00e9 pour le premier cycle universitaire","datePublished":"2018-10-25T10:12:51+00:00","dateModified":"2018-10-25T10:12:51+00:00","mainEntityOfPage":{"@id":"https:\/\/guineediversite.com\/index.php\/2018\/10\/25\/liberia-le-president-weah-annonce-la-gratuite-pour-le-premier-cycle-universitaire\/"},"wordCount":396,"publisher":{"@id":"https:\/\/guineediversite.com\/#organization"},"image":{"@id":"https:\/\/guineediversite.com\/index.php\/2018\/10\/25\/liberia-le-president-weah-annonce-la-gratuite-pour-le-premier-cycle-universitaire\/#primaryimage"},"thumbnailUrl":"https:\/\/guineediversite.com\/wp-content\/uploads\/2018\/10\/rea_261126_001-592x296.jpg","articleSection":["International"],"inLanguage":"fr-FR"},{"@type":"WebPage","@id":"https:\/\/guineediversite.com\/index.php\/2018\/10\/25\/liberia-le-president-weah-annonce-la-gratuite-pour-le-premier-cycle-universitaire\/","url":"https:\/\/guineediversite.com\/index.php\/2018\/10\/25\/liberia-le-president-weah-annonce-la-gratuite-pour-le-premier-cycle-universitaire\/","name":"Liberia : le pr\u00e9sident Weah annonce la gratuit\u00e9 pour le premier cycle universitaire | Guin\u00e9e Diversit\u00e9","isPartOf":{"@id":"https:\/\/guineediversite.com\/#website"},"primaryImageOfPage":{"@id":"https:\/\/guineediversite.com\/index.php\/2018\/10\/25\/liberia-le-president-weah-annonce-la-gratuite-pour-le-premier-cycle-universitaire\/#primaryimage"},"image":{"@id":"https:\/\/guineediversite.com\/index.php\/2018\/10\/25\/liberia-le-president-weah-annonce-la-gratuite-pour-le-premier-cycle-universitaire\/#primaryimage"},"thumbnailUrl":"https:\/\/guineediversite.com\/wp-content\/uploads\/2018\/10\/rea_261126_001-592x296.jpg","datePublished":"2018-10-25T10:12:51+00:00","dateModified":"2018-10-25T10:12:51+00:00","breadcrumb":{"@id":"https:\/\/guineediversite.com\/index.php\/2018\/10\/25\/liberia-le-president-weah-annonce-la-gratuite-pour-le-premier-cycle-universitaire\/#breadcrumb"},"inLanguage":"fr-FR","potentialAction":[{"@type":"ReadAction","target":["https:\/\/guineediversite.com\/index.php\/2018\/10\/25\/liberia-le-president-weah-annonce-la-gratuite-pour-le-premier-cycle-universitaire\/"]}]},{"@type":"ImageObject","inLanguage":"fr-FR","@id":"https:\/\/guineediversite.com\/index.php\/2018\/10\/25\/liberia-le-president-weah-annonce-la-gratuite-pour-le-premier-cycle-universitaire\/#primaryimage","url":"https:\/\/guineediversite.com\/wp-content\/uploads\/2018\/10\/rea_261126_001-592x296.jpg","contentUrl":"https:\/\/guineediversite.com\/wp-content\/uploads\/2018\/10\/rea_261126_001-592x296.jpg","width":1024,"height":512},{"@type":"BreadcrumbList","@id":"https:\/\/guineediversite.com\/index.php\/2018\/10\/25\/liberia-le-president-weah-annonce-la-gratuite-pour-le-premier-cycle-universitaire\/#breadcrumb","itemListElement":[{"@type":"ListItem","position":1,"name":"Accueil","item":"https:\/\/guineediversite.com\/"},{"@type":"ListItem","position":2,"name":"Liberia : le pr\u00e9sident Weah annonce la gratuit\u00e9 pour le premier cycle universitaire"}]},{"@type":"WebSite","@id":"https:\/\/guineediversite.com\/#website","url":"https:\/\/guineediversite.com\/","name":"Guin\u00e9e Diversit\u00e9","description":"L&#039;Info dans toute sa diversit\u00e9","publisher":{"@id":"https:\/\/guineediversite.com\/#organization"},"potentialAction":[{"@type":"SearchAction","target":{"@type":"EntryPoint","urlTemplate":"https:\/\/guineediversite.com\/?s={search_term_string}"},"query-input":{"@type":"PropertyValueSpecification","valueRequired":true,"valueName":"search_term_string"}}],"inLanguage":"fr-FR"},{"@type":"Organization","@id":"https:\/\/guineediversite.com\/#organization","name":"Guin\u00e9e Diversit\u00e9","url":"https:\/\/guineediversite.com\/","logo":{"@type":"ImageObject","inLanguage":"fr-FR","@id":"https:\/\/guineediversite.com\/#\/schema\/logo\/image\/","url":"https:\/\/guineediversite.com\/wp-content\/uploads\/2017\/04\/cropped-1jojlxEOMkX9Wyqfhe43D6kjPOGqBBKmx3EwWJqZ0cMrFF54yM49.png","contentUrl":"https:\/\/guineediversite.com\/wp-content\/uploads\/2017\/04\/cropped-1jojlxEOMkX9Wyqfhe43D6kjPOGqBBKmx3EwWJqZ0cMrFF54yM49.png","width":186,"height":112,"caption":"Guin\u00e9e Diversit\u00e9"},"image":{"@id":"https:\/\/guineediversite.com\/#\/schema\/logo\/image\/"},"sameAs":["https:\/\/www.facebook.com\/guineediversite\/","https:\/\/x.com\/GuineeDiversite","https:\/\/www.youtube.com\/channel\/UC8sUY16qelG5ge6_D5SB83g"]},{"@type":"Person","@id":"https:\/\/guineediversite.com\/#\/schema\/person\/0e0e3e424768a50d025ac2218ccca73f","name":"Bilguissa Diallo","image":{"@type":"ImageObject","inLanguage":"fr-FR","@id":"https:\/\/guineediversite.com\/#\/schema\/person\/image\/","url":"https:\/\/secure.gravatar.com\/avatar\/49bbbd2420ee34d62b1b191791f4b5df?s=96&d=mm&r=g","contentUrl":"https:\/\/secure.gravatar.com\/avatar\/49bbbd2420ee34d62b1b191791f4b5df?s=96&d=mm&r=g","caption":"Bilguissa Diallo"},"url":"https:\/\/guineediversite.com\/index.php\/author\/bilguissa\/"}]}},"_links":{"self":[{"href":"https:\/\/guineediversite.com\/index.php\/wp-json\/wp\/v2\/posts\/27011"}],"collection":[{"href":"https:\/\/guineediversite.com\/index.php\/wp-json\/wp\/v2\/posts"}],"about":[{"href":"https:\/\/guineediversite.com\/index.php\/wp-json\/wp\/v2\/types\/post"}],"author":[{"embeddable":true,"href":"https:\/\/guineediversite.com\/index.php\/wp-json\/wp\/v2\/users\/7"}],"replies":[{"embeddable":true,"href":"https:\/\/guineediversite.com\/index.php\/wp-json\/wp\/v2\/comments?post=27011"}],"version-history":[{"count":0,"href":"https:\/\/guineediversite.com\/index.php\/wp-json\/wp\/v2\/posts\/27011\/revisions"}],"wp:featuredmedia":[{"embeddable":true,"href":"https:\/\/guineediversite.com\/index.php\/wp-json\/wp\/v2\/media\/27012"}],"wp:attachment":[{"href":"https:\/\/guineediversite.com\/index.php\/wp-json\/wp\/v2\/media?parent=27011"}],"wp:term":[{"taxonomy":"category","embeddable":true,"href":"https:\/\/guineediversite.com\/index.php\/wp-json\/wp\/v2\/categories?post=27011"},{"taxonomy":"post_tag","embeddable":true,"href":"https:\/\/guineediversite.com\/index.php\/wp-json\/wp\/v2\/tags?post=27011"}],"curies":[{"name":"wp","href":"https:\/\/api.w.org\/{rel}","templated":true}]}}