{"id":27005,"date":"2018-10-24T13:40:11","date_gmt":"2018-10-24T11:40:11","guid":{"rendered":"https:\/\/guineediversite.com\/?p=27005"},"modified":"2018-10-24T13:40:11","modified_gmt":"2018-10-24T11:40:11","slug":"marche-de-lopposition-communique-de-la-direction-regionale-de-la-police-de-conakry","status":"publish","type":"post","link":"https:\/\/guineediversite.com\/index.php\/2018\/10\/24\/marche-de-lopposition-communique-de-la-direction-regionale-de-la-police-de-conakry\/","title":{"rendered":"Marche de l\u2019opposition : Communique de la direction r\u00e9gionale de la police de Conakry"},"content":{"rendered":"<blockquote><p><span style=\"color: #000000;\"><span style=\"font-family: arial, sans-serif; font-size: large;\"><span style=\"color: #222222;\">Dans la matin\u00e9e du Mardi 23 octobre 2018, sur r\u00e9quisition et demande de concours de l\u2019autorit\u00e9 civile, les services de s\u00e9curit\u00e9 se sont d\u00e9ploy\u00e9s sur le terrain pour ex\u00e9cuter la mesure d\u2019interdiction de la marche, assurer la s\u00e9curit\u00e9 et la libre circulation des personnes et des biens.<\/span><\/span><\/span><\/p><\/blockquote>\n<blockquote><p><span style=\"font-family: arial, sans-serif;\">\u00a0<\/span><\/p><\/blockquote>\n<blockquote><p><span style=\"color: #222222;\"><span style=\"font-family: arial, sans-serif; font-size: large;\">Malgr\u00e9 la notification d\u2019interdiction de cette marche, l\u2019opposition r\u00e9publicaine a drain\u00e9 ses militants et sympathisants sur la voie publique.<\/span><\/span><\/p><\/blockquote>\n<blockquote><p><span style=\"font-family: arial, sans-serif;\">\u00a0<\/span><\/p><\/blockquote>\n<blockquote><p><span style=\"color: #222222;\"><span style=\"font-family: arial, sans-serif; font-size: large;\">Ce cort\u00e8ge a \u00e9t\u00e9 intercept\u00e9 \u00e0 hauteur des cases de Belle-vue et somm\u00e9 de replier comme ce fut le cas dans divers endroits dans la ville de Conakry. Malgr\u00e9 les multiples sommations conform\u00e9ment \u00e0 la loi sur le maintien d\u2019ordre, les manifestants ont oppos\u00e9 une r\u00e9sistance, aussit\u00f4t, des moyens conventionnels ont \u00e9t\u00e9 utilis\u00e9s par les agents des forces de s\u00e9curit\u00e9 pour les disperser en vue de r\u00e9tablir l\u2019ordre public.<\/span><\/span><\/p><\/blockquote>\n<blockquote><p><span style=\"font-family: arial, sans-serif;\">\u00a0<\/span><\/p><\/blockquote>\n<blockquote><p><span style=\"color: #222222;\"><span style=\"font-family: arial, sans-serif; font-size: large;\">En tout \u00e9tat de cause, les services de s\u00e9curit\u00e9 respectueux de la loi sur le maintien d\u2019ordre, du respect des droits de l\u2019homme, du droit international humanitaire ne sauraient outrepasser ces principes.<\/span><\/span><\/p><\/blockquote>\n<blockquote><p><span style=\"font-family: arial, sans-serif;\">\u00a0<\/span><\/p><\/blockquote>\n<blockquote><p><span style=\"color: #222222;\"><span style=\"font-family: arial, sans-serif; font-size: large;\">Les forces de s\u00e9curit\u00e9 condamnent et rejettent les accusations port\u00e9es \u00e0 leur endroit par voie de presse suite \u00e0 la violence caus\u00e9e sur le v\u00e9hicule du chef de file de l\u2019opposition et demandent l\u2019ouverture d\u2019une enqu\u00eate \u00e0 cet effet.<\/span><\/span><\/p><\/blockquote>\n<blockquote><p><span style=\"font-family: arial, sans-serif;\">\u00a0<\/span><\/p><\/blockquote>\n<blockquote><p><span style=\"color: #222222;\"><span style=\"font-family: arial, sans-serif; font-size: large;\">Etant entendu en r\u00e8gle de droit que la preuve de l\u2019accusation incombe \u00e0 l\u2019accusateur, les services de s\u00e9curit\u00e9 demandent imp\u00e9rativement \u00e0 l\u2019opposition r\u00e9publicaine l\u2019ouverture d\u2019une enqu\u00eate ind\u00e9pendante de son choix et de faire proc\u00e9der \u00e0 l\u2019expertise des faits.<\/span><\/span><\/p><\/blockquote>\n<blockquote><p><span style=\"color: #222222;\"><span style=\"font-family: arial, sans-serif; font-size: large;\">Par ailleurs, des individus auteurs de troubles \u00e0 l\u2019ordre public ont \u00e9t\u00e9 interpell\u00e9s, arr\u00eat\u00e9s et seront traduits devant les tribunaux de premi\u00e8re instance de Conakry.<\/span><\/span><\/p><\/blockquote>\n<blockquote><p><span style=\"font-family: arial, sans-serif;\"><\/p>\n<p><\/span><\/p><\/blockquote>\n<blockquote><p><span style=\"color: #222222;\"><span style=\"font-family: arial, sans-serif; font-size: large;\">Les services de s\u00e9curit\u00e9 r\u00e9it\u00e8rent leur engagement \u00e0 faire respecter les lois et r\u00e8glements en vigueur, \u00e0 agir cons\u00e9quemment dans l\u2019int\u00e9r\u00eat exclusif de la nation.<\/span><\/span><\/p><\/blockquote>\n<blockquote><p><span style=\"font-family: arial, sans-serif;\">\u00a0<\/span><\/p><\/blockquote>\n<blockquote><p><span style=\"font-family: arial, sans-serif;\"><\/p>\n<p><\/span><\/p><\/blockquote>\n<blockquote><p><span style=\"color: #26282a;\"><span style=\"font-family: arial, sans-serif; font-size: large;\"><i><b>Le Directeur R\u00e9gional de la Police de Conakry<\/b><\/i><\/span><\/span><\/p><\/blockquote>\n<blockquote><p><span style=\"color: #26282a;\"><span style=\"font-family: arial, sans-serif; font-size: large;\"><i><b>Le Contr\u00f4leur G\u00e9n\u00e9ral Boubacar Kass\u00e9<\/b><\/i><\/span><\/span><\/p><\/blockquote>\n<blockquote><p><span style=\"font-family: arial, sans-serif;\"><\/p>\n<p><\/span><\/p><\/blockquote>\n<blockquote><p><span style=\"font-family: arial, sans-serif;\"><\/p>\n<p><\/span><\/p><\/blockquote>\n<blockquote><p><span style=\"font-family: arial, sans-serif; font-size: large;\"><b>Transmis par la Cellule de Communication du Gouvernement.\u00a0<\/b><\/span><\/p><\/blockquote>\n","protected":false},"excerpt":{"rendered":"<p>Dans la matin\u00e9e du Mardi 23 octobre 2018, sur r\u00e9quisition et demande de concours de l\u2019autorit\u00e9 civile, les services de s\u00e9curit\u00e9 se sont d\u00e9ploy\u00e9s sur le terrain pour ex\u00e9cuter la mesure d\u2019interdiction de la marche, assurer la s\u00e9curit\u00e9 et la libre circulation des personnes et des biens. \u00a0 Malgr\u00e9 la notification d\u2019interdiction de cette marche, [&hellip;]<\/p>\n","protected":false},"author":7,"featured_media":20367,"comment_status":"closed","ping_status":"closed","sticky":false,"template":"","format":"standard","meta":{"_exactmetrics_skip_tracking":false,"_exactmetrics_sitenote_active":false,"_exactmetrics_sitenote_note":"","_exactmetrics_sitenote_category":0,"tdm_status":"","tdm_grid_status":"","footnotes":""},"categories":[16],"tags":[],"class_list":{"0":"post-27005","1":"post","2":"type-post","3":"status-publish","4":"format-standard","5":"has-post-thumbnail","7":"category-societe"},"yoast_head":"<!-- This site is optimized with the Yoast SEO plugin v24.2 - https:\/\/yoast.com\/wordpress\/plugins\/seo\/ -->\n<title>Marche de l\u2019opposition : Communique de la direction r\u00e9gionale de la police de Conakry | Guin\u00e9e Diversit\u00e9<\/title>\n<meta name=\"robots\" content=\"index, follow, max-snippet:-1, max-image-preview:large, max-video-preview:-1\" \/>\n<link rel=\"canonical\" href=\"https:\/\/guineediversite.com\/index.php\/2018\/10\/24\/marche-de-lopposition-communique-de-la-direction-regionale-de-la-police-de-conakry\/\" \/>\n<meta property=\"og:locale\" content=\"fr_FR\" \/>\n<meta property=\"og:type\" content=\"article\" \/>\n<meta property=\"og:title\" content=\"Marche de l\u2019opposition : Communique de la direction r\u00e9gionale de la police de Conakry | Guin\u00e9e Diversit\u00e9\" \/>\n<meta property=\"og:description\" content=\"Dans la matin\u00e9e du Mardi 23 octobre 2018, sur r\u00e9quisition et demande de concours de l\u2019autorit\u00e9 civile, les services de s\u00e9curit\u00e9 se sont d\u00e9ploy\u00e9s sur le terrain pour ex\u00e9cuter la mesure d\u2019interdiction de la marche, assurer la s\u00e9curit\u00e9 et la libre circulation des personnes et des biens. \u00a0 Malgr\u00e9 la notification d\u2019interdiction de cette marche, [&hellip;]\" \/>\n<meta property=\"og:url\" content=\"https:\/\/guineediversite.com\/index.php\/2018\/10\/24\/marche-de-lopposition-communique-de-la-direction-regionale-de-la-police-de-conakry\/\" \/>\n<meta property=\"og:site_name\" content=\"Guin\u00e9e Diversit\u00e9\" \/>\n<meta property=\"article:publisher\" content=\"https:\/\/www.facebook.com\/guineediversite\/\" \/>\n<meta property=\"article:published_time\" content=\"2018-10-24T11:40:11+00:00\" \/>\n<meta property=\"og:image\" content=\"https:\/\/guineediversite.com\/wp-content\/uploads\/2017\/06\/kasse-1.jpg\" \/>\n\t<meta property=\"og:image:width\" content=\"470\" \/>\n\t<meta property=\"og:image:height\" content=\"354\" \/>\n\t<meta property=\"og:image:type\" content=\"image\/jpeg\" \/>\n<meta name=\"author\" content=\"Bilguissa Diallo\" \/>\n<meta name=\"twitter:card\" content=\"summary_large_image\" \/>\n<meta name=\"twitter:creator\" content=\"@GuineeDiversite\" \/>\n<meta name=\"twitter:site\" content=\"@GuineeDiversite\" \/>\n<meta name=\"twitter:label1\" content=\"\u00c9crit par\" \/>\n\t<meta name=\"twitter:data1\" content=\"Bilguissa Diallo\" \/>\n\t<meta name=\"twitter:label2\" content=\"Dur\u00e9e de lecture estim\u00e9e\" \/>\n\t<meta name=\"twitter:data2\" content=\"2 minutes\" \/>\n<script type=\"application\/ld+json\" class=\"yoast-schema-graph\">{\"@context\":\"https:\/\/schema.org\",\"@graph\":[{\"@type\":\"Article\",\"@id\":\"https:\/\/guineediversite.com\/index.php\/2018\/10\/24\/marche-de-lopposition-communique-de-la-direction-regionale-de-la-police-de-conakry\/#article\",\"isPartOf\":{\"@id\":\"https:\/\/guineediversite.com\/index.php\/2018\/10\/24\/marche-de-lopposition-communique-de-la-direction-regionale-de-la-police-de-conakry\/\"},\"author\":{\"name\":\"Bilguissa Diallo\",\"@id\":\"https:\/\/guineediversite.com\/#\/schema\/person\/0e0e3e424768a50d025ac2218ccca73f\"},\"headline\":\"Marche de l\u2019opposition : Communique de la direction r\u00e9gionale de la police de Conakry\",\"datePublished\":\"2018-10-24T11:40:11+00:00\",\"dateModified\":\"2018-10-24T11:40:11+00:00\",\"mainEntityOfPage\":{\"@id\":\"https:\/\/guineediversite.com\/index.php\/2018\/10\/24\/marche-de-lopposition-communique-de-la-direction-regionale-de-la-police-de-conakry\/\"},\"wordCount\":379,\"publisher\":{\"@id\":\"https:\/\/guineediversite.com\/#organization\"},\"image\":{\"@id\":\"https:\/\/guineediversite.com\/index.php\/2018\/10\/24\/marche-de-lopposition-communique-de-la-direction-regionale-de-la-police-de-conakry\/#primaryimage\"},\"thumbnailUrl\":\"https:\/\/guineediversite.com\/wp-content\/uploads\/2017\/06\/kasse-1.jpg\",\"articleSection\":[\"Soci\u00e9t\u00e9\"],\"inLanguage\":\"fr-FR\"},{\"@type\":\"WebPage\",\"@id\":\"https:\/\/guineediversite.com\/index.php\/2018\/10\/24\/marche-de-lopposition-communique-de-la-direction-regionale-de-la-police-de-conakry\/\",\"url\":\"https:\/\/guineediversite.com\/index.php\/2018\/10\/24\/marche-de-lopposition-communique-de-la-direction-regionale-de-la-police-de-conakry\/\",\"name\":\"Marche de l\u2019opposition : Communique de la direction r\u00e9gionale de la police de Conakry | Guin\u00e9e Diversit\u00e9\",\"isPartOf\":{\"@id\":\"https:\/\/guineediversite.com\/#website\"},\"primaryImageOfPage\":{\"@id\":\"https:\/\/guineediversite.com\/index.php\/2018\/10\/24\/marche-de-lopposition-communique-de-la-direction-regionale-de-la-police-de-conakry\/#primaryimage\"},\"image\":{\"@id\":\"https:\/\/guineediversite.com\/index.php\/2018\/10\/24\/marche-de-lopposition-communique-de-la-direction-regionale-de-la-police-de-conakry\/#primaryimage\"},\"thumbnailUrl\":\"https:\/\/guineediversite.com\/wp-content\/uploads\/2017\/06\/kasse-1.jpg\",\"datePublished\":\"2018-10-24T11:40:11+00:00\",\"dateModified\":\"2018-10-24T11:40:11+00:00\",\"breadcrumb\":{\"@id\":\"https:\/\/guineediversite.com\/index.php\/2018\/10\/24\/marche-de-lopposition-communique-de-la-direction-regionale-de-la-police-de-conakry\/#breadcrumb\"},\"inLanguage\":\"fr-FR\",\"potentialAction\":[{\"@type\":\"ReadAction\",\"target\":[\"https:\/\/guineediversite.com\/index.php\/2018\/10\/24\/marche-de-lopposition-communique-de-la-direction-regionale-de-la-police-de-conakry\/\"]}]},{\"@type\":\"ImageObject\",\"inLanguage\":\"fr-FR\",\"@id\":\"https:\/\/guineediversite.com\/index.php\/2018\/10\/24\/marche-de-lopposition-communique-de-la-direction-regionale-de-la-police-de-conakry\/#primaryimage\",\"url\":\"https:\/\/guineediversite.com\/wp-content\/uploads\/2017\/06\/kasse-1.jpg\",\"contentUrl\":\"https:\/\/guineediversite.com\/wp-content\/uploads\/2017\/06\/kasse-1.jpg\",\"width\":470,\"height\":354,\"caption\":\"kasse\"},{\"@type\":\"BreadcrumbList\",\"@id\":\"https:\/\/guineediversite.com\/index.php\/2018\/10\/24\/marche-de-lopposition-communique-de-la-direction-regionale-de-la-police-de-conakry\/#breadcrumb\",\"itemListElement\":[{\"@type\":\"ListItem\",\"position\":1,\"name\":\"Accueil\",\"item\":\"https:\/\/guineediversite.com\/\"},{\"@type\":\"ListItem\",\"position\":2,\"name\":\"Marche de l\u2019opposition : Communique de la direction r\u00e9gionale de la police de Conakry\"}]},{\"@type\":\"WebSite\",\"@id\":\"https:\/\/guineediversite.com\/#website\",\"url\":\"https:\/\/guineediversite.com\/\",\"name\":\"Guin\u00e9e Diversit\u00e9\",\"description\":\"L&#039;Info dans toute sa diversit\u00e9\",\"publisher\":{\"@id\":\"https:\/\/guineediversite.com\/#organization\"},\"potentialAction\":[{\"@type\":\"SearchAction\",\"target\":{\"@type\":\"EntryPoint\",\"urlTemplate\":\"https:\/\/guineediversite.com\/?s={search_term_string}\"},\"query-input\":{\"@type\":\"PropertyValueSpecification\",\"valueRequired\":true,\"valueName\":\"search_term_string\"}}],\"inLanguage\":\"fr-FR\"},{\"@type\":\"Organization\",\"@id\":\"https:\/\/guineediversite.com\/#organization\",\"name\":\"Guin\u00e9e Diversit\u00e9\",\"url\":\"https:\/\/guineediversite.com\/\",\"logo\":{\"@type\":\"ImageObject\",\"inLanguage\":\"fr-FR\",\"@id\":\"https:\/\/guineediversite.com\/#\/schema\/logo\/image\/\",\"url\":\"https:\/\/guineediversite.com\/wp-content\/uploads\/2017\/04\/cropped-1jojlxEOMkX9Wyqfhe43D6kjPOGqBBKmx3EwWJqZ0cMrFF54yM49.png\",\"contentUrl\":\"https:\/\/guineediversite.com\/wp-content\/uploads\/2017\/04\/cropped-1jojlxEOMkX9Wyqfhe43D6kjPOGqBBKmx3EwWJqZ0cMrFF54yM49.png\",\"width\":186,\"height\":112,\"caption\":\"Guin\u00e9e Diversit\u00e9\"},\"image\":{\"@id\":\"https:\/\/guineediversite.com\/#\/schema\/logo\/image\/\"},\"sameAs\":[\"https:\/\/www.facebook.com\/guineediversite\/\",\"https:\/\/x.com\/GuineeDiversite\",\"https:\/\/www.youtube.com\/channel\/UC8sUY16qelG5ge6_D5SB83g\"]},{\"@type\":\"Person\",\"@id\":\"https:\/\/guineediversite.com\/#\/schema\/person\/0e0e3e424768a50d025ac2218ccca73f\",\"name\":\"Bilguissa Diallo\",\"image\":{\"@type\":\"ImageObject\",\"inLanguage\":\"fr-FR\",\"@id\":\"https:\/\/guineediversite.com\/#\/schema\/person\/image\/\",\"url\":\"https:\/\/secure.gravatar.com\/avatar\/49bbbd2420ee34d62b1b191791f4b5df?s=96&d=mm&r=g\",\"contentUrl\":\"https:\/\/secure.gravatar.com\/avatar\/49bbbd2420ee34d62b1b191791f4b5df?s=96&d=mm&r=g\",\"caption\":\"Bilguissa Diallo\"},\"url\":\"https:\/\/guineediversite.com\/index.php\/author\/bilguissa\/\"}]}<\/script>\n<!-- \/ Yoast SEO plugin. -->","yoast_head_json":{"title":"Marche de l\u2019opposition : Communique de la direction r\u00e9gionale de la police de Conakry | Guin\u00e9e Diversit\u00e9","robots":{"index":"index","follow":"follow","max-snippet":"max-snippet:-1","max-image-preview":"max-image-preview:large","max-video-preview":"max-video-preview:-1"},"canonical":"https:\/\/guineediversite.com\/index.php\/2018\/10\/24\/marche-de-lopposition-communique-de-la-direction-regionale-de-la-police-de-conakry\/","og_locale":"fr_FR","og_type":"article","og_title":"Marche de l\u2019opposition : Communique de la direction r\u00e9gionale de la police de Conakry | Guin\u00e9e Diversit\u00e9","og_description":"Dans la matin\u00e9e du Mardi 23 octobre 2018, sur r\u00e9quisition et demande de concours de l\u2019autorit\u00e9 civile, les services de s\u00e9curit\u00e9 se sont d\u00e9ploy\u00e9s sur le terrain pour ex\u00e9cuter la mesure d\u2019interdiction de la marche, assurer la s\u00e9curit\u00e9 et la libre circulation des personnes et des biens. \u00a0 Malgr\u00e9 la notification d\u2019interdiction de cette marche, [&hellip;]","og_url":"https:\/\/guineediversite.com\/index.php\/2018\/10\/24\/marche-de-lopposition-communique-de-la-direction-regionale-de-la-police-de-conakry\/","og_site_name":"Guin\u00e9e Diversit\u00e9","article_publisher":"https:\/\/www.facebook.com\/guineediversite\/","article_published_time":"2018-10-24T11:40:11+00:00","og_image":[{"width":470,"height":354,"url":"https:\/\/guineediversite.com\/wp-content\/uploads\/2017\/06\/kasse-1.jpg","type":"image\/jpeg"}],"author":"Bilguissa Diallo","twitter_card":"summary_large_image","twitter_creator":"@GuineeDiversite","twitter_site":"@GuineeDiversite","twitter_misc":{"\u00c9crit par":"Bilguissa Diallo","Dur\u00e9e de lecture estim\u00e9e":"2 minutes"},"schema":{"@context":"https:\/\/schema.org","@graph":[{"@type":"Article","@id":"https:\/\/guineediversite.com\/index.php\/2018\/10\/24\/marche-de-lopposition-communique-de-la-direction-regionale-de-la-police-de-conakry\/#article","isPartOf":{"@id":"https:\/\/guineediversite.com\/index.php\/2018\/10\/24\/marche-de-lopposition-communique-de-la-direction-regionale-de-la-police-de-conakry\/"},"author":{"name":"Bilguissa Diallo","@id":"https:\/\/guineediversite.com\/#\/schema\/person\/0e0e3e424768a50d025ac2218ccca73f"},"headline":"Marche de l\u2019opposition : Communique de la direction r\u00e9gionale de la police de Conakry","datePublished":"2018-10-24T11:40:11+00:00","dateModified":"2018-10-24T11:40:11+00:00","mainEntityOfPage":{"@id":"https:\/\/guineediversite.com\/index.php\/2018\/10\/24\/marche-de-lopposition-communique-de-la-direction-regionale-de-la-police-de-conakry\/"},"wordCount":379,"publisher":{"@id":"https:\/\/guineediversite.com\/#organization"},"image":{"@id":"https:\/\/guineediversite.com\/index.php\/2018\/10\/24\/marche-de-lopposition-communique-de-la-direction-regionale-de-la-police-de-conakry\/#primaryimage"},"thumbnailUrl":"https:\/\/guineediversite.com\/wp-content\/uploads\/2017\/06\/kasse-1.jpg","articleSection":["Soci\u00e9t\u00e9"],"inLanguage":"fr-FR"},{"@type":"WebPage","@id":"https:\/\/guineediversite.com\/index.php\/2018\/10\/24\/marche-de-lopposition-communique-de-la-direction-regionale-de-la-police-de-conakry\/","url":"https:\/\/guineediversite.com\/index.php\/2018\/10\/24\/marche-de-lopposition-communique-de-la-direction-regionale-de-la-police-de-conakry\/","name":"Marche de l\u2019opposition : Communique de la direction r\u00e9gionale de la police de Conakry | Guin\u00e9e Diversit\u00e9","isPartOf":{"@id":"https:\/\/guineediversite.com\/#website"},"primaryImageOfPage":{"@id":"https:\/\/guineediversite.com\/index.php\/2018\/10\/24\/marche-de-lopposition-communique-de-la-direction-regionale-de-la-police-de-conakry\/#primaryimage"},"image":{"@id":"https:\/\/guineediversite.com\/index.php\/2018\/10\/24\/marche-de-lopposition-communique-de-la-direction-regionale-de-la-police-de-conakry\/#primaryimage"},"thumbnailUrl":"https:\/\/guineediversite.com\/wp-content\/uploads\/2017\/06\/kasse-1.jpg","datePublished":"2018-10-24T11:40:11+00:00","dateModified":"2018-10-24T11:40:11+00:00","breadcrumb":{"@id":"https:\/\/guineediversite.com\/index.php\/2018\/10\/24\/marche-de-lopposition-communique-de-la-direction-regionale-de-la-police-de-conakry\/#breadcrumb"},"inLanguage":"fr-FR","potentialAction":[{"@type":"ReadAction","target":["https:\/\/guineediversite.com\/index.php\/2018\/10\/24\/marche-de-lopposition-communique-de-la-direction-regionale-de-la-police-de-conakry\/"]}]},{"@type":"ImageObject","inLanguage":"fr-FR","@id":"https:\/\/guineediversite.com\/index.php\/2018\/10\/24\/marche-de-lopposition-communique-de-la-direction-regionale-de-la-police-de-conakry\/#primaryimage","url":"https:\/\/guineediversite.com\/wp-content\/uploads\/2017\/06\/kasse-1.jpg","contentUrl":"https:\/\/guineediversite.com\/wp-content\/uploads\/2017\/06\/kasse-1.jpg","width":470,"height":354,"caption":"kasse"},{"@type":"BreadcrumbList","@id":"https:\/\/guineediversite.com\/index.php\/2018\/10\/24\/marche-de-lopposition-communique-de-la-direction-regionale-de-la-police-de-conakry\/#breadcrumb","itemListElement":[{"@type":"ListItem","position":1,"name":"Accueil","item":"https:\/\/guineediversite.com\/"},{"@type":"ListItem","position":2,"name":"Marche de l\u2019opposition : Communique de la direction r\u00e9gionale de la police de Conakry"}]},{"@type":"WebSite","@id":"https:\/\/guineediversite.com\/#website","url":"https:\/\/guineediversite.com\/","name":"Guin\u00e9e Diversit\u00e9","description":"L&#039;Info dans toute sa diversit\u00e9","publisher":{"@id":"https:\/\/guineediversite.com\/#organization"},"potentialAction":[{"@type":"SearchAction","target":{"@type":"EntryPoint","urlTemplate":"https:\/\/guineediversite.com\/?s={search_term_string}"},"query-input":{"@type":"PropertyValueSpecification","valueRequired":true,"valueName":"search_term_string"}}],"inLanguage":"fr-FR"},{"@type":"Organization","@id":"https:\/\/guineediversite.com\/#organization","name":"Guin\u00e9e Diversit\u00e9","url":"https:\/\/guineediversite.com\/","logo":{"@type":"ImageObject","inLanguage":"fr-FR","@id":"https:\/\/guineediversite.com\/#\/schema\/logo\/image\/","url":"https:\/\/guineediversite.com\/wp-content\/uploads\/2017\/04\/cropped-1jojlxEOMkX9Wyqfhe43D6kjPOGqBBKmx3EwWJqZ0cMrFF54yM49.png","contentUrl":"https:\/\/guineediversite.com\/wp-content\/uploads\/2017\/04\/cropped-1jojlxEOMkX9Wyqfhe43D6kjPOGqBBKmx3EwWJqZ0cMrFF54yM49.png","width":186,"height":112,"caption":"Guin\u00e9e Diversit\u00e9"},"image":{"@id":"https:\/\/guineediversite.com\/#\/schema\/logo\/image\/"},"sameAs":["https:\/\/www.facebook.com\/guineediversite\/","https:\/\/x.com\/GuineeDiversite","https:\/\/www.youtube.com\/channel\/UC8sUY16qelG5ge6_D5SB83g"]},{"@type":"Person","@id":"https:\/\/guineediversite.com\/#\/schema\/person\/0e0e3e424768a50d025ac2218ccca73f","name":"Bilguissa Diallo","image":{"@type":"ImageObject","inLanguage":"fr-FR","@id":"https:\/\/guineediversite.com\/#\/schema\/person\/image\/","url":"https:\/\/secure.gravatar.com\/avatar\/49bbbd2420ee34d62b1b191791f4b5df?s=96&d=mm&r=g","contentUrl":"https:\/\/secure.gravatar.com\/avatar\/49bbbd2420ee34d62b1b191791f4b5df?s=96&d=mm&r=g","caption":"Bilguissa Diallo"},"url":"https:\/\/guineediversite.com\/index.php\/author\/bilguissa\/"}]}},"_links":{"self":[{"href":"https:\/\/guineediversite.com\/index.php\/wp-json\/wp\/v2\/posts\/27005"}],"collection":[{"href":"https:\/\/guineediversite.com\/index.php\/wp-json\/wp\/v2\/posts"}],"about":[{"href":"https:\/\/guineediversite.com\/index.php\/wp-json\/wp\/v2\/types\/post"}],"author":[{"embeddable":true,"href":"https:\/\/guineediversite.com\/index.php\/wp-json\/wp\/v2\/users\/7"}],"replies":[{"embeddable":true,"href":"https:\/\/guineediversite.com\/index.php\/wp-json\/wp\/v2\/comments?post=27005"}],"version-history":[{"count":0,"href":"https:\/\/guineediversite.com\/index.php\/wp-json\/wp\/v2\/posts\/27005\/revisions"}],"wp:featuredmedia":[{"embeddable":true,"href":"https:\/\/guineediversite.com\/index.php\/wp-json\/wp\/v2\/media\/20367"}],"wp:attachment":[{"href":"https:\/\/guineediversite.com\/index.php\/wp-json\/wp\/v2\/media?parent=27005"}],"wp:term":[{"taxonomy":"category","embeddable":true,"href":"https:\/\/guineediversite.com\/index.php\/wp-json\/wp\/v2\/categories?post=27005"},{"taxonomy":"post_tag","embeddable":true,"href":"https:\/\/guineediversite.com\/index.php\/wp-json\/wp\/v2\/tags?post=27005"}],"curies":[{"name":"wp","href":"https:\/\/api.w.org\/{rel}","templated":true}]}}