{"id":27002,"date":"2018-10-24T11:19:21","date_gmt":"2018-10-24T09:19:21","guid":{"rendered":"https:\/\/guineediversite.com\/?p=27002"},"modified":"2018-10-24T11:19:21","modified_gmt":"2018-10-24T09:19:21","slug":"les-gafam-geants-du-net-sont-ils-en-regle-sur-la-protection-des-donnees","status":"publish","type":"post","link":"https:\/\/guineediversite.com\/index.php\/2018\/10\/24\/les-gafam-geants-du-net-sont-ils-en-regle-sur-la-protection-des-donnees\/","title":{"rendered":"Les GAFAM, g\u00e9ants du Net, sont-ils en r\u00e8gle sur la protection des donn\u00e9es ?"},"content":{"rendered":"<p>Apr\u00e8s avoir \u00e9t\u00e9 re\u00e7u \u00e0 l\u2019Elys\u00e9e par Emmanuel Macron, le PDG d\u2019Apple s&rsquo;exprime ce mercredi au Parlement europ\u00e9en lors d&rsquo;une conf\u00e9rence sur la confidentialit\u00e9. L\u2019occasion pour Tim Cook d\u2019\u00e9voquer le nouveau RGPD, le r\u00e8glement g\u00e9n\u00e9ral sur la protection des donn\u00e9es. Pr\u00e9sent\u00e9 comme une r\u00e9volution en mati\u00e8re de droits num\u00e9riques, il contraint les entreprises \u00e0 obtenir le consentement des internautes europ\u00e9ens pour utiliser leurs donn\u00e9es personnelles mais les g\u00e9ants du Net sont accus\u00e9s de ne pas le respecter.<\/p>\n<p>Entr\u00e9 en vigueur le 25 mai dernier, le RGPD n\u2019a pas tard\u00e9 \u00e0 produire ses premiers effets. La CNIL, la Commission nationale de l\u2019informatique et des libert\u00e9s, a publi\u00e9 un premier bilan sur les quatre premiers mois d\u2019application du texte. Sur cette p\u00e9riode, le gendarme fran\u00e7ais des donn\u00e9es personnelles a re\u00e7u 3767 plaintes soit une hausse de 64%, signe d&rsquo;une prise de conscience du grand public sur cette question. Par ailleurs, la CNIL a \u00e9t\u00e9 saisie de plusieurs plaintes collectives. Ce type de proc\u00e9dure est l&rsquo;une des grandes nouveaut\u00e9s introduites par le RGPD.<\/p>\n<p>En France, l&rsquo;association de d\u00e9fense des libert\u00e9s sur la toile, la Quadrature du Net, a ainsi d\u00e9pos\u00e9 cinq plaintes collectives regroupant 12 000 personnes contre Google, Amazon, Apple, Facebook et Microsoft. Principal reproche fait \u00e0 ces entreprises am\u00e9ricaines : la tactique du \u00ab\u00a0\u00e0 prendre ou \u00e0 laisser\u00a0\u00bb. Soit l&rsquo;utilisateur accepte les conditions d&rsquo;utilisation et donc c\u00e8de ses donn\u00e9es personnelles, soit il n&rsquo;a plus acc\u00e8s au service, ce qui est interdit par le RGPD.<\/p>\n<p>En cas de sanction, les entreprises risquent gros. Jusque-l\u00e0, la CNIL pouvait prononcer une amende maximale de 150\u00a0000 euros. Le RGPD introduit des sanctions financi\u00e8res bien plus importantes, en th\u00e9orie jusqu&rsquo;\u00e0 4% du chiffre d&rsquo;affaires. Pour Google, cela repr\u00e9senterait une amende de 3,7 milliards de dollars mais la gu\u00e9rilla juridique entre GAFAM (Google, Apple, Facebook, Amazon et Microsoft) et citoyens europ\u00e9ens ne fait que commencer.<\/p>\n<p><strong>\u00ab<\/strong>\u00a0<strong><em>Je suis un grand fan du RGPD<\/em><\/strong>\u00a0<strong>\u00bb<\/strong><\/p>\n<p>Pour les g\u00e9ants du Net, difficile de se montrer ouvertement oppos\u00e9 au RGPD sans donner l\u2019image d\u2019une entreprise peu soucieuse de la vie priv\u00e9e de ses clients. Sur ce dossier, Tim Cook, le PDG d\u2019Apple se veut \u00e0 la pointe du combat. \u00ab\u00a0<em>Je suis un grand fan du RGPD<\/em>\u00a0\u00bb, a-t-il assur\u00e9 lors de la premi\u00e8re journ\u00e9e de sa tourn\u00e9e europ\u00e9enne \u00e0 Berlin. La marque \u00e0 la pomme cherche \u00e0 se distinguer de ses homologues des GAFAM sur ce dossier. \u00ab\u00a0<em>En effet, dans certains domaines, Apple est moins pire que Facebook et Google<\/em>\u00a0\u00bb, reconna\u00eet Arthur Messaud, juriste \u00e0 la Quadrature du Net.\u00ab\u00a0<em>Mais Apple \u00e0 des pratiques de surveillance contraires au RGPD\u00a0\u00bb,\u00a0<\/em>poursuit le militant.<em>\u00a0Ce que l\u2019on a reproch\u00e9 \u00e0 Apple dans notre plainte, c\u2019est l\u2019utilisation du m\u00e9ga-cookie. Quand vous achetez un IPhone, vous avez un num\u00e9ro d\u2019identification, un m\u00e9ga-cookie, qui vous est attribu\u00e9. Apple l\u2019installe dans votre dos, sans vous le dire. Cet identifiant unique permet aux applications que vous avez t\u00e9l\u00e9charg\u00e9 d\u2019\u00e9laborer un profil pour les annonceurs pour ensuite vous vendre les meilleurs produits. Le RGPD vient pour nous prot\u00e9ger de ces strat\u00e9gies publicitaires nocives et insidieuses. Nos donn\u00e9es personnelles ne sont pas des marchandises. Ce sont des libert\u00e9s fondamentales\u00a0<\/em>!\u00a0\u00bb<\/p>\n<p><strong>Vers un RGPD am\u00e9ricain ?<\/strong><\/p>\n<p>Les Am\u00e9ricains n\u2019ignorent rien de ce qui se passe Outre-Atlantique et le d\u00e9bat aux Etats-Unis est lanc\u00e9, avec en toile de fond les scandales et les piratages \u00e0 r\u00e9p\u00e9tition de Facebook ou Google. Fin septembre, les repr\u00e9sentants des g\u00e9ants du Web et des t\u00e9l\u00e9coms \u00e9taient invit\u00e9s \u00e0 donner leur avis sur le RGPD devant les s\u00e9nateurs de la Commission du commerce, des Sciences et du Transport. Les GAFAM ont tous affirm\u00e9 leur attachement \u00e0 la vie priv\u00e9e des utilisateurs tout en plaidant pour un cadre plus souple que le nouveau r\u00e8glement europ\u00e9en.<\/p>\n<p>\u00ab\u00a0<em>Pourquoi les Etats-Unis accepterait un RGPD alors qu\u2019ils ont une industrie des nouvelles technologies valoris\u00e9e \u00e0 plusieurs milliers de milliards et dont le mod\u00e8le repose sur une manipulation et une exploitation commerciale des donn\u00e9es \u00e0 caract\u00e8re personnel ?<\/em>\u00a0<em>\u00bb\u00a0<\/em>s\u2019interroge l\u2019avocat Olivier Iteanu. Les signaux envoy\u00e9s vont dans le sens oppos\u00e9 d\u2019un RGPD analyse ce pionnier du droit sur internet citant le Cloud Act vot\u00e9 en mars par le Congr\u00e8s. Cette loi d\u2019\u00ab\u00a0ing\u00e9rence num\u00e9rique\u00a0\u00bb facilite l\u2019obtention par le gouvernement de donn\u00e9es stock\u00e9es en dehors des Etats-Unis.<\/p>\n<p>Olivier Iteanu se montre donc peu optimiste sur une loi f\u00e9d\u00e9rale \u00ab\u00a0du niveau du RGPD europ\u00e9en\u00a0\u00bb. Selon lui, seule une fuite spectaculaire de donn\u00e9es pourrait obliger les Etats-Unis, sous la pression des citoyens, \u00e0 adopter une l\u00e9gislation ambitieuse. \u00ab\u00a0<em>Il n\u2019est pas impossible qu\u2019\u00e0 l\u2019occasion d\u2019un accident industriel particuli\u00e8rement important qui frappe l\u2019opinion publique, se produise un changement radical de politique juridique sur ce sujet aux Etats-Unis<\/em>\u00a0\u00bb.<\/p>\n<p><strong>RFI<\/strong><\/p>\n","protected":false},"excerpt":{"rendered":"<p>Apr\u00e8s avoir \u00e9t\u00e9 re\u00e7u \u00e0 l\u2019Elys\u00e9e par Emmanuel Macron, le PDG d\u2019Apple s&rsquo;exprime ce mercredi au Parlement europ\u00e9en lors d&rsquo;une conf\u00e9rence sur la confidentialit\u00e9. L\u2019occasion pour Tim Cook d\u2019\u00e9voquer le nouveau RGPD, le r\u00e8glement g\u00e9n\u00e9ral sur la protection des donn\u00e9es. Pr\u00e9sent\u00e9 comme une r\u00e9volution en mati\u00e8re de droits num\u00e9riques, il contraint les entreprises \u00e0 obtenir [&hellip;]<\/p>\n","protected":false},"author":12,"featured_media":27003,"comment_status":"closed","ping_status":"closed","sticky":false,"template":"","format":"standard","meta":{"_exactmetrics_skip_tracking":false,"_exactmetrics_sitenote_active":false,"_exactmetrics_sitenote_note":"","_exactmetrics_sitenote_category":0,"tdm_status":"","tdm_grid_status":"","footnotes":""},"categories":[21],"tags":[],"class_list":{"0":"post-27002","1":"post","2":"type-post","3":"status-publish","4":"format-standard","5":"has-post-thumbnail","7":"category-international"},"yoast_head":"<!-- This site is optimized with the Yoast SEO plugin v24.2 - https:\/\/yoast.com\/wordpress\/plugins\/seo\/ -->\n<title>Les GAFAM, g\u00e9ants du Net, sont-ils en r\u00e8gle sur la protection des donn\u00e9es ? | Guin\u00e9e Diversit\u00e9<\/title>\n<meta name=\"robots\" content=\"index, follow, max-snippet:-1, max-image-preview:large, max-video-preview:-1\" \/>\n<link rel=\"canonical\" href=\"https:\/\/guineediversite.com\/index.php\/2018\/10\/24\/les-gafam-geants-du-net-sont-ils-en-regle-sur-la-protection-des-donnees\/\" \/>\n<meta property=\"og:locale\" content=\"fr_FR\" \/>\n<meta property=\"og:type\" content=\"article\" \/>\n<meta property=\"og:title\" content=\"Les GAFAM, g\u00e9ants du Net, sont-ils en r\u00e8gle sur la protection des donn\u00e9es ? | Guin\u00e9e Diversit\u00e9\" \/>\n<meta property=\"og:description\" content=\"Apr\u00e8s avoir \u00e9t\u00e9 re\u00e7u \u00e0 l\u2019Elys\u00e9e par Emmanuel Macron, le PDG d\u2019Apple s&rsquo;exprime ce mercredi au Parlement europ\u00e9en lors d&rsquo;une conf\u00e9rence sur la confidentialit\u00e9. L\u2019occasion pour Tim Cook d\u2019\u00e9voquer le nouveau RGPD, le r\u00e8glement g\u00e9n\u00e9ral sur la protection des donn\u00e9es. Pr\u00e9sent\u00e9 comme une r\u00e9volution en mati\u00e8re de droits num\u00e9riques, il contraint les entreprises \u00e0 obtenir [&hellip;]\" \/>\n<meta property=\"og:url\" content=\"https:\/\/guineediversite.com\/index.php\/2018\/10\/24\/les-gafam-geants-du-net-sont-ils-en-regle-sur-la-protection-des-donnees\/\" \/>\n<meta property=\"og:site_name\" content=\"Guin\u00e9e Diversit\u00e9\" \/>\n<meta property=\"article:publisher\" content=\"https:\/\/www.facebook.com\/guineediversite\/\" \/>\n<meta property=\"article:published_time\" content=\"2018-10-24T09:19:21+00:00\" \/>\n<meta property=\"og:image\" content=\"https:\/\/guineediversite.com\/wp-content\/uploads\/2018\/10\/000_1474j3_0.jpg\" \/>\n\t<meta property=\"og:image:width\" content=\"1024\" \/>\n\t<meta property=\"og:image:height\" content=\"578\" \/>\n\t<meta property=\"og:image:type\" content=\"image\/jpeg\" \/>\n<meta name=\"author\" content=\"Guin\u00e9e Diversit\u00e9\" \/>\n<meta name=\"twitter:card\" content=\"summary_large_image\" \/>\n<meta name=\"twitter:creator\" content=\"@GuineeDiversite\" \/>\n<meta name=\"twitter:site\" content=\"@GuineeDiversite\" \/>\n<meta name=\"twitter:label1\" content=\"\u00c9crit par\" \/>\n\t<meta name=\"twitter:data1\" content=\"Guin\u00e9e Diversit\u00e9\" \/>\n\t<meta name=\"twitter:label2\" content=\"Dur\u00e9e de lecture estim\u00e9e\" \/>\n\t<meta name=\"twitter:data2\" content=\"4 minutes\" \/>\n<script type=\"application\/ld+json\" class=\"yoast-schema-graph\">{\"@context\":\"https:\/\/schema.org\",\"@graph\":[{\"@type\":\"Article\",\"@id\":\"https:\/\/guineediversite.com\/index.php\/2018\/10\/24\/les-gafam-geants-du-net-sont-ils-en-regle-sur-la-protection-des-donnees\/#article\",\"isPartOf\":{\"@id\":\"https:\/\/guineediversite.com\/index.php\/2018\/10\/24\/les-gafam-geants-du-net-sont-ils-en-regle-sur-la-protection-des-donnees\/\"},\"author\":{\"name\":\"Guin\u00e9e Diversit\u00e9\",\"@id\":\"https:\/\/guineediversite.com\/#\/schema\/person\/afa08fb34e7fc6e1feafc892612bc836\"},\"headline\":\"Les GAFAM, g\u00e9ants du Net, sont-ils en r\u00e8gle sur la protection des donn\u00e9es ?\",\"datePublished\":\"2018-10-24T09:19:21+00:00\",\"dateModified\":\"2018-10-24T09:19:21+00:00\",\"mainEntityOfPage\":{\"@id\":\"https:\/\/guineediversite.com\/index.php\/2018\/10\/24\/les-gafam-geants-du-net-sont-ils-en-regle-sur-la-protection-des-donnees\/\"},\"wordCount\":870,\"publisher\":{\"@id\":\"https:\/\/guineediversite.com\/#organization\"},\"image\":{\"@id\":\"https:\/\/guineediversite.com\/index.php\/2018\/10\/24\/les-gafam-geants-du-net-sont-ils-en-regle-sur-la-protection-des-donnees\/#primaryimage\"},\"thumbnailUrl\":\"https:\/\/guineediversite.com\/wp-content\/uploads\/2018\/10\/000_1474j3_0.jpg\",\"articleSection\":[\"International\"],\"inLanguage\":\"fr-FR\"},{\"@type\":\"WebPage\",\"@id\":\"https:\/\/guineediversite.com\/index.php\/2018\/10\/24\/les-gafam-geants-du-net-sont-ils-en-regle-sur-la-protection-des-donnees\/\",\"url\":\"https:\/\/guineediversite.com\/index.php\/2018\/10\/24\/les-gafam-geants-du-net-sont-ils-en-regle-sur-la-protection-des-donnees\/\",\"name\":\"Les GAFAM, g\u00e9ants du Net, sont-ils en r\u00e8gle sur la protection des donn\u00e9es ? | Guin\u00e9e Diversit\u00e9\",\"isPartOf\":{\"@id\":\"https:\/\/guineediversite.com\/#website\"},\"primaryImageOfPage\":{\"@id\":\"https:\/\/guineediversite.com\/index.php\/2018\/10\/24\/les-gafam-geants-du-net-sont-ils-en-regle-sur-la-protection-des-donnees\/#primaryimage\"},\"image\":{\"@id\":\"https:\/\/guineediversite.com\/index.php\/2018\/10\/24\/les-gafam-geants-du-net-sont-ils-en-regle-sur-la-protection-des-donnees\/#primaryimage\"},\"thumbnailUrl\":\"https:\/\/guineediversite.com\/wp-content\/uploads\/2018\/10\/000_1474j3_0.jpg\",\"datePublished\":\"2018-10-24T09:19:21+00:00\",\"dateModified\":\"2018-10-24T09:19:21+00:00\",\"breadcrumb\":{\"@id\":\"https:\/\/guineediversite.com\/index.php\/2018\/10\/24\/les-gafam-geants-du-net-sont-ils-en-regle-sur-la-protection-des-donnees\/#breadcrumb\"},\"inLanguage\":\"fr-FR\",\"potentialAction\":[{\"@type\":\"ReadAction\",\"target\":[\"https:\/\/guineediversite.com\/index.php\/2018\/10\/24\/les-gafam-geants-du-net-sont-ils-en-regle-sur-la-protection-des-donnees\/\"]}]},{\"@type\":\"ImageObject\",\"inLanguage\":\"fr-FR\",\"@id\":\"https:\/\/guineediversite.com\/index.php\/2018\/10\/24\/les-gafam-geants-du-net-sont-ils-en-regle-sur-la-protection-des-donnees\/#primaryimage\",\"url\":\"https:\/\/guineediversite.com\/wp-content\/uploads\/2018\/10\/000_1474j3_0.jpg\",\"contentUrl\":\"https:\/\/guineediversite.com\/wp-content\/uploads\/2018\/10\/000_1474j3_0.jpg\",\"width\":1024,\"height\":578},{\"@type\":\"BreadcrumbList\",\"@id\":\"https:\/\/guineediversite.com\/index.php\/2018\/10\/24\/les-gafam-geants-du-net-sont-ils-en-regle-sur-la-protection-des-donnees\/#breadcrumb\",\"itemListElement\":[{\"@type\":\"ListItem\",\"position\":1,\"name\":\"Accueil\",\"item\":\"https:\/\/guineediversite.com\/\"},{\"@type\":\"ListItem\",\"position\":2,\"name\":\"Les GAFAM, g\u00e9ants du Net, sont-ils en r\u00e8gle sur la protection des donn\u00e9es ?\"}]},{\"@type\":\"WebSite\",\"@id\":\"https:\/\/guineediversite.com\/#website\",\"url\":\"https:\/\/guineediversite.com\/\",\"name\":\"Guin\u00e9e Diversit\u00e9\",\"description\":\"L&#039;Info dans toute sa diversit\u00e9\",\"publisher\":{\"@id\":\"https:\/\/guineediversite.com\/#organization\"},\"potentialAction\":[{\"@type\":\"SearchAction\",\"target\":{\"@type\":\"EntryPoint\",\"urlTemplate\":\"https:\/\/guineediversite.com\/?s={search_term_string}\"},\"query-input\":{\"@type\":\"PropertyValueSpecification\",\"valueRequired\":true,\"valueName\":\"search_term_string\"}}],\"inLanguage\":\"fr-FR\"},{\"@type\":\"Organization\",\"@id\":\"https:\/\/guineediversite.com\/#organization\",\"name\":\"Guin\u00e9e Diversit\u00e9\",\"url\":\"https:\/\/guineediversite.com\/\",\"logo\":{\"@type\":\"ImageObject\",\"inLanguage\":\"fr-FR\",\"@id\":\"https:\/\/guineediversite.com\/#\/schema\/logo\/image\/\",\"url\":\"https:\/\/guineediversite.com\/wp-content\/uploads\/2017\/04\/cropped-1jojlxEOMkX9Wyqfhe43D6kjPOGqBBKmx3EwWJqZ0cMrFF54yM49.png\",\"contentUrl\":\"https:\/\/guineediversite.com\/wp-content\/uploads\/2017\/04\/cropped-1jojlxEOMkX9Wyqfhe43D6kjPOGqBBKmx3EwWJqZ0cMrFF54yM49.png\",\"width\":186,\"height\":112,\"caption\":\"Guin\u00e9e Diversit\u00e9\"},\"image\":{\"@id\":\"https:\/\/guineediversite.com\/#\/schema\/logo\/image\/\"},\"sameAs\":[\"https:\/\/www.facebook.com\/guineediversite\/\",\"https:\/\/x.com\/GuineeDiversite\",\"https:\/\/www.youtube.com\/channel\/UC8sUY16qelG5ge6_D5SB83g\"]},{\"@type\":\"Person\",\"@id\":\"https:\/\/guineediversite.com\/#\/schema\/person\/afa08fb34e7fc6e1feafc892612bc836\",\"name\":\"Guin\u00e9e Diversit\u00e9\",\"image\":{\"@type\":\"ImageObject\",\"inLanguage\":\"fr-FR\",\"@id\":\"https:\/\/guineediversite.com\/#\/schema\/person\/image\/\",\"url\":\"https:\/\/secure.gravatar.com\/avatar\/50d5eb5b390f8b65ac30ac6f898eb83a?s=96&d=mm&r=g\",\"contentUrl\":\"https:\/\/secure.gravatar.com\/avatar\/50d5eb5b390f8b65ac30ac6f898eb83a?s=96&d=mm&r=g\",\"caption\":\"Guin\u00e9e Diversit\u00e9\"},\"url\":\"https:\/\/guineediversite.com\/index.php\/author\/guineediversite\/\"}]}<\/script>\n<!-- \/ Yoast SEO plugin. -->","yoast_head_json":{"title":"Les GAFAM, g\u00e9ants du Net, sont-ils en r\u00e8gle sur la protection des donn\u00e9es ? | Guin\u00e9e Diversit\u00e9","robots":{"index":"index","follow":"follow","max-snippet":"max-snippet:-1","max-image-preview":"max-image-preview:large","max-video-preview":"max-video-preview:-1"},"canonical":"https:\/\/guineediversite.com\/index.php\/2018\/10\/24\/les-gafam-geants-du-net-sont-ils-en-regle-sur-la-protection-des-donnees\/","og_locale":"fr_FR","og_type":"article","og_title":"Les GAFAM, g\u00e9ants du Net, sont-ils en r\u00e8gle sur la protection des donn\u00e9es ? | Guin\u00e9e Diversit\u00e9","og_description":"Apr\u00e8s avoir \u00e9t\u00e9 re\u00e7u \u00e0 l\u2019Elys\u00e9e par Emmanuel Macron, le PDG d\u2019Apple s&rsquo;exprime ce mercredi au Parlement europ\u00e9en lors d&rsquo;une conf\u00e9rence sur la confidentialit\u00e9. L\u2019occasion pour Tim Cook d\u2019\u00e9voquer le nouveau RGPD, le r\u00e8glement g\u00e9n\u00e9ral sur la protection des donn\u00e9es. Pr\u00e9sent\u00e9 comme une r\u00e9volution en mati\u00e8re de droits num\u00e9riques, il contraint les entreprises \u00e0 obtenir [&hellip;]","og_url":"https:\/\/guineediversite.com\/index.php\/2018\/10\/24\/les-gafam-geants-du-net-sont-ils-en-regle-sur-la-protection-des-donnees\/","og_site_name":"Guin\u00e9e Diversit\u00e9","article_publisher":"https:\/\/www.facebook.com\/guineediversite\/","article_published_time":"2018-10-24T09:19:21+00:00","og_image":[{"width":1024,"height":578,"url":"https:\/\/guineediversite.com\/wp-content\/uploads\/2018\/10\/000_1474j3_0.jpg","type":"image\/jpeg"}],"author":"Guin\u00e9e Diversit\u00e9","twitter_card":"summary_large_image","twitter_creator":"@GuineeDiversite","twitter_site":"@GuineeDiversite","twitter_misc":{"\u00c9crit par":"Guin\u00e9e Diversit\u00e9","Dur\u00e9e de lecture estim\u00e9e":"4 minutes"},"schema":{"@context":"https:\/\/schema.org","@graph":[{"@type":"Article","@id":"https:\/\/guineediversite.com\/index.php\/2018\/10\/24\/les-gafam-geants-du-net-sont-ils-en-regle-sur-la-protection-des-donnees\/#article","isPartOf":{"@id":"https:\/\/guineediversite.com\/index.php\/2018\/10\/24\/les-gafam-geants-du-net-sont-ils-en-regle-sur-la-protection-des-donnees\/"},"author":{"name":"Guin\u00e9e Diversit\u00e9","@id":"https:\/\/guineediversite.com\/#\/schema\/person\/afa08fb34e7fc6e1feafc892612bc836"},"headline":"Les GAFAM, g\u00e9ants du Net, sont-ils en r\u00e8gle sur la protection des donn\u00e9es ?","datePublished":"2018-10-24T09:19:21+00:00","dateModified":"2018-10-24T09:19:21+00:00","mainEntityOfPage":{"@id":"https:\/\/guineediversite.com\/index.php\/2018\/10\/24\/les-gafam-geants-du-net-sont-ils-en-regle-sur-la-protection-des-donnees\/"},"wordCount":870,"publisher":{"@id":"https:\/\/guineediversite.com\/#organization"},"image":{"@id":"https:\/\/guineediversite.com\/index.php\/2018\/10\/24\/les-gafam-geants-du-net-sont-ils-en-regle-sur-la-protection-des-donnees\/#primaryimage"},"thumbnailUrl":"https:\/\/guineediversite.com\/wp-content\/uploads\/2018\/10\/000_1474j3_0.jpg","articleSection":["International"],"inLanguage":"fr-FR"},{"@type":"WebPage","@id":"https:\/\/guineediversite.com\/index.php\/2018\/10\/24\/les-gafam-geants-du-net-sont-ils-en-regle-sur-la-protection-des-donnees\/","url":"https:\/\/guineediversite.com\/index.php\/2018\/10\/24\/les-gafam-geants-du-net-sont-ils-en-regle-sur-la-protection-des-donnees\/","name":"Les GAFAM, g\u00e9ants du Net, sont-ils en r\u00e8gle sur la protection des donn\u00e9es ? | Guin\u00e9e Diversit\u00e9","isPartOf":{"@id":"https:\/\/guineediversite.com\/#website"},"primaryImageOfPage":{"@id":"https:\/\/guineediversite.com\/index.php\/2018\/10\/24\/les-gafam-geants-du-net-sont-ils-en-regle-sur-la-protection-des-donnees\/#primaryimage"},"image":{"@id":"https:\/\/guineediversite.com\/index.php\/2018\/10\/24\/les-gafam-geants-du-net-sont-ils-en-regle-sur-la-protection-des-donnees\/#primaryimage"},"thumbnailUrl":"https:\/\/guineediversite.com\/wp-content\/uploads\/2018\/10\/000_1474j3_0.jpg","datePublished":"2018-10-24T09:19:21+00:00","dateModified":"2018-10-24T09:19:21+00:00","breadcrumb":{"@id":"https:\/\/guineediversite.com\/index.php\/2018\/10\/24\/les-gafam-geants-du-net-sont-ils-en-regle-sur-la-protection-des-donnees\/#breadcrumb"},"inLanguage":"fr-FR","potentialAction":[{"@type":"ReadAction","target":["https:\/\/guineediversite.com\/index.php\/2018\/10\/24\/les-gafam-geants-du-net-sont-ils-en-regle-sur-la-protection-des-donnees\/"]}]},{"@type":"ImageObject","inLanguage":"fr-FR","@id":"https:\/\/guineediversite.com\/index.php\/2018\/10\/24\/les-gafam-geants-du-net-sont-ils-en-regle-sur-la-protection-des-donnees\/#primaryimage","url":"https:\/\/guineediversite.com\/wp-content\/uploads\/2018\/10\/000_1474j3_0.jpg","contentUrl":"https:\/\/guineediversite.com\/wp-content\/uploads\/2018\/10\/000_1474j3_0.jpg","width":1024,"height":578},{"@type":"BreadcrumbList","@id":"https:\/\/guineediversite.com\/index.php\/2018\/10\/24\/les-gafam-geants-du-net-sont-ils-en-regle-sur-la-protection-des-donnees\/#breadcrumb","itemListElement":[{"@type":"ListItem","position":1,"name":"Accueil","item":"https:\/\/guineediversite.com\/"},{"@type":"ListItem","position":2,"name":"Les GAFAM, g\u00e9ants du Net, sont-ils en r\u00e8gle sur la protection des donn\u00e9es ?"}]},{"@type":"WebSite","@id":"https:\/\/guineediversite.com\/#website","url":"https:\/\/guineediversite.com\/","name":"Guin\u00e9e Diversit\u00e9","description":"L&#039;Info dans toute sa diversit\u00e9","publisher":{"@id":"https:\/\/guineediversite.com\/#organization"},"potentialAction":[{"@type":"SearchAction","target":{"@type":"EntryPoint","urlTemplate":"https:\/\/guineediversite.com\/?s={search_term_string}"},"query-input":{"@type":"PropertyValueSpecification","valueRequired":true,"valueName":"search_term_string"}}],"inLanguage":"fr-FR"},{"@type":"Organization","@id":"https:\/\/guineediversite.com\/#organization","name":"Guin\u00e9e Diversit\u00e9","url":"https:\/\/guineediversite.com\/","logo":{"@type":"ImageObject","inLanguage":"fr-FR","@id":"https:\/\/guineediversite.com\/#\/schema\/logo\/image\/","url":"https:\/\/guineediversite.com\/wp-content\/uploads\/2017\/04\/cropped-1jojlxEOMkX9Wyqfhe43D6kjPOGqBBKmx3EwWJqZ0cMrFF54yM49.png","contentUrl":"https:\/\/guineediversite.com\/wp-content\/uploads\/2017\/04\/cropped-1jojlxEOMkX9Wyqfhe43D6kjPOGqBBKmx3EwWJqZ0cMrFF54yM49.png","width":186,"height":112,"caption":"Guin\u00e9e Diversit\u00e9"},"image":{"@id":"https:\/\/guineediversite.com\/#\/schema\/logo\/image\/"},"sameAs":["https:\/\/www.facebook.com\/guineediversite\/","https:\/\/x.com\/GuineeDiversite","https:\/\/www.youtube.com\/channel\/UC8sUY16qelG5ge6_D5SB83g"]},{"@type":"Person","@id":"https:\/\/guineediversite.com\/#\/schema\/person\/afa08fb34e7fc6e1feafc892612bc836","name":"Guin\u00e9e Diversit\u00e9","image":{"@type":"ImageObject","inLanguage":"fr-FR","@id":"https:\/\/guineediversite.com\/#\/schema\/person\/image\/","url":"https:\/\/secure.gravatar.com\/avatar\/50d5eb5b390f8b65ac30ac6f898eb83a?s=96&d=mm&r=g","contentUrl":"https:\/\/secure.gravatar.com\/avatar\/50d5eb5b390f8b65ac30ac6f898eb83a?s=96&d=mm&r=g","caption":"Guin\u00e9e Diversit\u00e9"},"url":"https:\/\/guineediversite.com\/index.php\/author\/guineediversite\/"}]}},"_links":{"self":[{"href":"https:\/\/guineediversite.com\/index.php\/wp-json\/wp\/v2\/posts\/27002"}],"collection":[{"href":"https:\/\/guineediversite.com\/index.php\/wp-json\/wp\/v2\/posts"}],"about":[{"href":"https:\/\/guineediversite.com\/index.php\/wp-json\/wp\/v2\/types\/post"}],"author":[{"embeddable":true,"href":"https:\/\/guineediversite.com\/index.php\/wp-json\/wp\/v2\/users\/12"}],"replies":[{"embeddable":true,"href":"https:\/\/guineediversite.com\/index.php\/wp-json\/wp\/v2\/comments?post=27002"}],"version-history":[{"count":0,"href":"https:\/\/guineediversite.com\/index.php\/wp-json\/wp\/v2\/posts\/27002\/revisions"}],"wp:featuredmedia":[{"embeddable":true,"href":"https:\/\/guineediversite.com\/index.php\/wp-json\/wp\/v2\/media\/27003"}],"wp:attachment":[{"href":"https:\/\/guineediversite.com\/index.php\/wp-json\/wp\/v2\/media?parent=27002"}],"wp:term":[{"taxonomy":"category","embeddable":true,"href":"https:\/\/guineediversite.com\/index.php\/wp-json\/wp\/v2\/categories?post=27002"},{"taxonomy":"post_tag","embeddable":true,"href":"https:\/\/guineediversite.com\/index.php\/wp-json\/wp\/v2\/tags?post=27002"}],"curies":[{"name":"wp","href":"https:\/\/api.w.org\/{rel}","templated":true}]}}