{"id":26993,"date":"2018-10-23T19:18:56","date_gmt":"2018-10-23T17:18:56","guid":{"rendered":"https:\/\/guineediversite.com\/?p=26993"},"modified":"2018-10-24T01:53:27","modified_gmt":"2018-10-23T23:53:27","slug":"marche-de-lopposition-si-je-suis-la-96eme-victime-ce-nest-rien-dixit-cellou-dalein-diallo","status":"publish","type":"post","link":"https:\/\/guineediversite.com\/index.php\/2018\/10\/23\/marche-de-lopposition-si-je-suis-la-96eme-victime-ce-nest-rien-dixit-cellou-dalein-diallo\/","title":{"rendered":"Marche de l&rsquo;opposition: \u00ab si je suis la 96\u00e8me victime ce n&rsquo;est rien\u2026 \u00bb dixit Cellou Dalein Diallo"},"content":{"rendered":"<p><strong><span id=\"p30\">Comme annonc\u00e9e pr\u00e9c\u00e9demment, la marche pacifique de l&rsquo;opposition R\u00e9publicaine a \u00e9t\u00e9 \u00e9touff\u00e9e dans l&rsquo;\u0153uf ce mardi 23 octobre.<\/span><span id=\"p4\">\u00a0Le leader de l&rsquo;<span id=\"25\" class=\"s-rg-t\">UFDG<\/span>\u00a0parle d&rsquo;une tentative d&rsquo;assassinat sur sa personne, alors qu\u2019il partait rejoindre ses militants dans sa voiture.<\/span><span id=\"p5\"><br \/>\n<\/span><\/strong><br \/>\n<span id=\"p6\">\u00ab <em>On m\u2019avait dit de ne pas sortir aujourd&rsquo;hui qu&rsquo;il\u00a0<span id=\"26\">aurai<\/span>\u00a0une tentative d&rsquo;assassinat contre ma personne.<\/em><\/span><em><span id=\"p31\">\u00a0Je dois avouer que je n&rsquo;y croyais pas, qu&rsquo;on pouvait aller \u00e0 l&rsquo;extr\u00eame parce que je sortais pour exercer un droit constitutionnel.<\/span><span id=\"p8\">\u00a0J&rsquo;ai re\u00e7u beaucoup d&rsquo;SMS, mais je pensais que c&rsquo;\u00e9tait une rumeur et voil\u00e0 que c&rsquo;est fait.<\/span><span id=\"p32\">\u00a0Heureusement, Dieu m&rsquo;a sauv\u00e9 la vie.<\/span><span id=\"p10\">\u00a0Je vais dire aux auteurs de cette tentative que je ne fl\u00e9chirais pas, je vais continuer mon combat jusqu&rsquo;au sacrifice ultime.<\/span><span id=\"p11\">\u00a0Parce qu&rsquo;on ne peut pas accepter que nos libert\u00e9s soient confisqu\u00e9es, que notre constitution soit viol\u00e9e constamment par Alpha Cond\u00e9.<\/span><span id=\"p12\">\u00a0J&rsquo;ai dit la derni\u00e8re fois que nous sommes dans un \u00c9tat voyou donc l&rsquo;opposition continuera son travail, nous continueront de manifester.<\/span><span id=\"p13\">\u00a0Il\u00a0<span id=\"17\">y a<\/span>\u00a0d\u00e9j\u00e0 95 ou 96 morts lors des manifestations, si je suis la\u00a096e\u00a0victime ce n&rsquo;est rien pour la libert\u00e9, pour la d\u00e9mocratie et pour les droits humains dans mon pays<\/span><\/em><span id=\"p14\">\u00a0\u00bb, explique le chef de file de l&rsquo;opposition guin\u00e9enne.\u00a0<\/span><\/p>\n","protected":false},"excerpt":{"rendered":"<p>Comme annonc\u00e9e pr\u00e9c\u00e9demment, la marche pacifique de l&rsquo;opposition R\u00e9publicaine a \u00e9t\u00e9 \u00e9touff\u00e9e dans l&rsquo;\u0153uf ce mardi 23 octobre.\u00a0Le leader de l&rsquo;UFDG\u00a0parle d&rsquo;une tentative d&rsquo;assassinat sur sa personne, alors qu\u2019il partait rejoindre ses militants dans sa voiture. \u00ab On m\u2019avait dit de ne pas sortir aujourd&rsquo;hui qu&rsquo;il\u00a0aurai\u00a0une tentative d&rsquo;assassinat contre ma personne.\u00a0Je dois avouer que je [&hellip;]<\/p>\n","protected":false},"author":16,"featured_media":26994,"comment_status":"closed","ping_status":"closed","sticky":false,"template":"","format":"standard","meta":{"_exactmetrics_skip_tracking":false,"_exactmetrics_sitenote_active":false,"_exactmetrics_sitenote_note":"","_exactmetrics_sitenote_category":0,"tdm_status":"","tdm_grid_status":"","footnotes":""},"categories":[14],"tags":[],"class_list":{"0":"post-26993","1":"post","2":"type-post","3":"status-publish","4":"format-standard","5":"has-post-thumbnail","7":"category-politique"},"yoast_head":"<!-- This site is optimized with the Yoast SEO plugin v24.2 - https:\/\/yoast.com\/wordpress\/plugins\/seo\/ -->\n<title>Marche de l&#039;opposition: \u00ab si je suis la 96\u00e8me victime ce n&#039;est rien\u2026 \u00bb dixit Cellou Dalein Diallo | Guin\u00e9e Diversit\u00e9<\/title>\n<meta name=\"robots\" content=\"index, follow, max-snippet:-1, max-image-preview:large, max-video-preview:-1\" \/>\n<link rel=\"canonical\" href=\"https:\/\/guineediversite.com\/index.php\/2018\/10\/23\/marche-de-lopposition-si-je-suis-la-96eme-victime-ce-nest-rien-dixit-cellou-dalein-diallo\/\" \/>\n<meta property=\"og:locale\" content=\"fr_FR\" \/>\n<meta property=\"og:type\" content=\"article\" \/>\n<meta property=\"og:title\" content=\"Marche de l&#039;opposition: \u00ab si je suis la 96\u00e8me victime ce n&#039;est rien\u2026 \u00bb dixit Cellou Dalein Diallo | Guin\u00e9e Diversit\u00e9\" \/>\n<meta property=\"og:description\" content=\"Comme annonc\u00e9e pr\u00e9c\u00e9demment, la marche pacifique de l&rsquo;opposition R\u00e9publicaine a \u00e9t\u00e9 \u00e9touff\u00e9e dans l&rsquo;\u0153uf ce mardi 23 octobre.\u00a0Le leader de l&rsquo;UFDG\u00a0parle d&rsquo;une tentative d&rsquo;assassinat sur sa personne, alors qu\u2019il partait rejoindre ses militants dans sa voiture. \u00ab On m\u2019avait dit de ne pas sortir aujourd&rsquo;hui qu&rsquo;il\u00a0aurai\u00a0une tentative d&rsquo;assassinat contre ma personne.\u00a0Je dois avouer que je [&hellip;]\" \/>\n<meta property=\"og:url\" content=\"https:\/\/guineediversite.com\/index.php\/2018\/10\/23\/marche-de-lopposition-si-je-suis-la-96eme-victime-ce-nest-rien-dixit-cellou-dalein-diallo\/\" \/>\n<meta property=\"og:site_name\" content=\"Guin\u00e9e Diversit\u00e9\" \/>\n<meta property=\"article:publisher\" content=\"https:\/\/www.facebook.com\/guineediversite\/\" \/>\n<meta property=\"article:published_time\" content=\"2018-10-23T17:18:56+00:00\" \/>\n<meta property=\"article:modified_time\" content=\"2018-10-23T23:53:27+00:00\" \/>\n<meta property=\"og:image\" content=\"https:\/\/guineediversite.com\/wp-content\/uploads\/2018\/10\/44769746_165655434377422_1581804062473453568_n.jpg\" \/>\n\t<meta property=\"og:image:width\" content=\"1365\" \/>\n\t<meta property=\"og:image:height\" content=\"1024\" \/>\n\t<meta property=\"og:image:type\" content=\"image\/jpeg\" \/>\n<meta name=\"author\" content=\"Moussa Mo\u00efse K\u00e9ita\" \/>\n<meta name=\"twitter:card\" content=\"summary_large_image\" \/>\n<meta name=\"twitter:creator\" content=\"@GuineeDiversite\" \/>\n<meta name=\"twitter:site\" content=\"@GuineeDiversite\" \/>\n<meta name=\"twitter:label1\" content=\"\u00c9crit par\" \/>\n\t<meta name=\"twitter:data1\" content=\"Moussa Mo\u00efse K\u00e9ita\" \/>\n\t<meta name=\"twitter:label2\" content=\"Dur\u00e9e de lecture estim\u00e9e\" \/>\n\t<meta name=\"twitter:data2\" content=\"1 minute\" \/>\n<script type=\"application\/ld+json\" class=\"yoast-schema-graph\">{\"@context\":\"https:\/\/schema.org\",\"@graph\":[{\"@type\":\"Article\",\"@id\":\"https:\/\/guineediversite.com\/index.php\/2018\/10\/23\/marche-de-lopposition-si-je-suis-la-96eme-victime-ce-nest-rien-dixit-cellou-dalein-diallo\/#article\",\"isPartOf\":{\"@id\":\"https:\/\/guineediversite.com\/index.php\/2018\/10\/23\/marche-de-lopposition-si-je-suis-la-96eme-victime-ce-nest-rien-dixit-cellou-dalein-diallo\/\"},\"author\":{\"name\":\"Moussa Mo\u00efse K\u00e9ita\",\"@id\":\"https:\/\/guineediversite.com\/#\/schema\/person\/079ec347f72d2acde4b56a50a4fd46dc\"},\"headline\":\"Marche de l&rsquo;opposition: \u00ab si je suis la 96\u00e8me victime ce n&rsquo;est rien\u2026 \u00bb dixit Cellou Dalein Diallo\",\"datePublished\":\"2018-10-23T17:18:56+00:00\",\"dateModified\":\"2018-10-23T23:53:27+00:00\",\"mainEntityOfPage\":{\"@id\":\"https:\/\/guineediversite.com\/index.php\/2018\/10\/23\/marche-de-lopposition-si-je-suis-la-96eme-victime-ce-nest-rien-dixit-cellou-dalein-diallo\/\"},\"wordCount\":255,\"publisher\":{\"@id\":\"https:\/\/guineediversite.com\/#organization\"},\"image\":{\"@id\":\"https:\/\/guineediversite.com\/index.php\/2018\/10\/23\/marche-de-lopposition-si-je-suis-la-96eme-victime-ce-nest-rien-dixit-cellou-dalein-diallo\/#primaryimage\"},\"thumbnailUrl\":\"https:\/\/guineediversite.com\/wp-content\/uploads\/2018\/10\/44769746_165655434377422_1581804062473453568_n.jpg\",\"articleSection\":[\"Politique\"],\"inLanguage\":\"fr-FR\"},{\"@type\":\"WebPage\",\"@id\":\"https:\/\/guineediversite.com\/index.php\/2018\/10\/23\/marche-de-lopposition-si-je-suis-la-96eme-victime-ce-nest-rien-dixit-cellou-dalein-diallo\/\",\"url\":\"https:\/\/guineediversite.com\/index.php\/2018\/10\/23\/marche-de-lopposition-si-je-suis-la-96eme-victime-ce-nest-rien-dixit-cellou-dalein-diallo\/\",\"name\":\"Marche de l'opposition: \u00ab si je suis la 96\u00e8me victime ce n'est rien\u2026 \u00bb dixit Cellou Dalein Diallo | Guin\u00e9e Diversit\u00e9\",\"isPartOf\":{\"@id\":\"https:\/\/guineediversite.com\/#website\"},\"primaryImageOfPage\":{\"@id\":\"https:\/\/guineediversite.com\/index.php\/2018\/10\/23\/marche-de-lopposition-si-je-suis-la-96eme-victime-ce-nest-rien-dixit-cellou-dalein-diallo\/#primaryimage\"},\"image\":{\"@id\":\"https:\/\/guineediversite.com\/index.php\/2018\/10\/23\/marche-de-lopposition-si-je-suis-la-96eme-victime-ce-nest-rien-dixit-cellou-dalein-diallo\/#primaryimage\"},\"thumbnailUrl\":\"https:\/\/guineediversite.com\/wp-content\/uploads\/2018\/10\/44769746_165655434377422_1581804062473453568_n.jpg\",\"datePublished\":\"2018-10-23T17:18:56+00:00\",\"dateModified\":\"2018-10-23T23:53:27+00:00\",\"breadcrumb\":{\"@id\":\"https:\/\/guineediversite.com\/index.php\/2018\/10\/23\/marche-de-lopposition-si-je-suis-la-96eme-victime-ce-nest-rien-dixit-cellou-dalein-diallo\/#breadcrumb\"},\"inLanguage\":\"fr-FR\",\"potentialAction\":[{\"@type\":\"ReadAction\",\"target\":[\"https:\/\/guineediversite.com\/index.php\/2018\/10\/23\/marche-de-lopposition-si-je-suis-la-96eme-victime-ce-nest-rien-dixit-cellou-dalein-diallo\/\"]}]},{\"@type\":\"ImageObject\",\"inLanguage\":\"fr-FR\",\"@id\":\"https:\/\/guineediversite.com\/index.php\/2018\/10\/23\/marche-de-lopposition-si-je-suis-la-96eme-victime-ce-nest-rien-dixit-cellou-dalein-diallo\/#primaryimage\",\"url\":\"https:\/\/guineediversite.com\/wp-content\/uploads\/2018\/10\/44769746_165655434377422_1581804062473453568_n.jpg\",\"contentUrl\":\"https:\/\/guineediversite.com\/wp-content\/uploads\/2018\/10\/44769746_165655434377422_1581804062473453568_n.jpg\",\"width\":1365,\"height\":1024},{\"@type\":\"BreadcrumbList\",\"@id\":\"https:\/\/guineediversite.com\/index.php\/2018\/10\/23\/marche-de-lopposition-si-je-suis-la-96eme-victime-ce-nest-rien-dixit-cellou-dalein-diallo\/#breadcrumb\",\"itemListElement\":[{\"@type\":\"ListItem\",\"position\":1,\"name\":\"Accueil\",\"item\":\"https:\/\/guineediversite.com\/\"},{\"@type\":\"ListItem\",\"position\":2,\"name\":\"Marche de l&rsquo;opposition: \u00ab si je suis la 96\u00e8me victime ce n&rsquo;est rien\u2026 \u00bb dixit Cellou Dalein Diallo\"}]},{\"@type\":\"WebSite\",\"@id\":\"https:\/\/guineediversite.com\/#website\",\"url\":\"https:\/\/guineediversite.com\/\",\"name\":\"Guin\u00e9e Diversit\u00e9\",\"description\":\"L&#039;Info dans toute sa diversit\u00e9\",\"publisher\":{\"@id\":\"https:\/\/guineediversite.com\/#organization\"},\"potentialAction\":[{\"@type\":\"SearchAction\",\"target\":{\"@type\":\"EntryPoint\",\"urlTemplate\":\"https:\/\/guineediversite.com\/?s={search_term_string}\"},\"query-input\":{\"@type\":\"PropertyValueSpecification\",\"valueRequired\":true,\"valueName\":\"search_term_string\"}}],\"inLanguage\":\"fr-FR\"},{\"@type\":\"Organization\",\"@id\":\"https:\/\/guineediversite.com\/#organization\",\"name\":\"Guin\u00e9e Diversit\u00e9\",\"url\":\"https:\/\/guineediversite.com\/\",\"logo\":{\"@type\":\"ImageObject\",\"inLanguage\":\"fr-FR\",\"@id\":\"https:\/\/guineediversite.com\/#\/schema\/logo\/image\/\",\"url\":\"https:\/\/guineediversite.com\/wp-content\/uploads\/2017\/04\/cropped-1jojlxEOMkX9Wyqfhe43D6kjPOGqBBKmx3EwWJqZ0cMrFF54yM49.png\",\"contentUrl\":\"https:\/\/guineediversite.com\/wp-content\/uploads\/2017\/04\/cropped-1jojlxEOMkX9Wyqfhe43D6kjPOGqBBKmx3EwWJqZ0cMrFF54yM49.png\",\"width\":186,\"height\":112,\"caption\":\"Guin\u00e9e Diversit\u00e9\"},\"image\":{\"@id\":\"https:\/\/guineediversite.com\/#\/schema\/logo\/image\/\"},\"sameAs\":[\"https:\/\/www.facebook.com\/guineediversite\/\",\"https:\/\/x.com\/GuineeDiversite\",\"https:\/\/www.youtube.com\/channel\/UC8sUY16qelG5ge6_D5SB83g\"]},{\"@type\":\"Person\",\"@id\":\"https:\/\/guineediversite.com\/#\/schema\/person\/079ec347f72d2acde4b56a50a4fd46dc\",\"name\":\"Moussa Mo\u00efse K\u00e9ita\",\"image\":{\"@type\":\"ImageObject\",\"inLanguage\":\"fr-FR\",\"@id\":\"https:\/\/guineediversite.com\/#\/schema\/person\/image\/\",\"url\":\"https:\/\/secure.gravatar.com\/avatar\/edf1ea2cc01841e6c0b49384bcb1385b?s=96&d=mm&r=g\",\"contentUrl\":\"https:\/\/secure.gravatar.com\/avatar\/edf1ea2cc01841e6c0b49384bcb1385b?s=96&d=mm&r=g\",\"caption\":\"Moussa Mo\u00efse K\u00e9ita\"},\"url\":\"https:\/\/guineediversite.com\/index.php\/author\/moussa-moise\/\"}]}<\/script>\n<!-- \/ Yoast SEO plugin. -->","yoast_head_json":{"title":"Marche de l'opposition: \u00ab si je suis la 96\u00e8me victime ce n'est rien\u2026 \u00bb dixit Cellou Dalein Diallo | Guin\u00e9e Diversit\u00e9","robots":{"index":"index","follow":"follow","max-snippet":"max-snippet:-1","max-image-preview":"max-image-preview:large","max-video-preview":"max-video-preview:-1"},"canonical":"https:\/\/guineediversite.com\/index.php\/2018\/10\/23\/marche-de-lopposition-si-je-suis-la-96eme-victime-ce-nest-rien-dixit-cellou-dalein-diallo\/","og_locale":"fr_FR","og_type":"article","og_title":"Marche de l'opposition: \u00ab si je suis la 96\u00e8me victime ce n'est rien\u2026 \u00bb dixit Cellou Dalein Diallo | Guin\u00e9e Diversit\u00e9","og_description":"Comme annonc\u00e9e pr\u00e9c\u00e9demment, la marche pacifique de l&rsquo;opposition R\u00e9publicaine a \u00e9t\u00e9 \u00e9touff\u00e9e dans l&rsquo;\u0153uf ce mardi 23 octobre.\u00a0Le leader de l&rsquo;UFDG\u00a0parle d&rsquo;une tentative d&rsquo;assassinat sur sa personne, alors qu\u2019il partait rejoindre ses militants dans sa voiture. \u00ab On m\u2019avait dit de ne pas sortir aujourd&rsquo;hui qu&rsquo;il\u00a0aurai\u00a0une tentative d&rsquo;assassinat contre ma personne.\u00a0Je dois avouer que je [&hellip;]","og_url":"https:\/\/guineediversite.com\/index.php\/2018\/10\/23\/marche-de-lopposition-si-je-suis-la-96eme-victime-ce-nest-rien-dixit-cellou-dalein-diallo\/","og_site_name":"Guin\u00e9e Diversit\u00e9","article_publisher":"https:\/\/www.facebook.com\/guineediversite\/","article_published_time":"2018-10-23T17:18:56+00:00","article_modified_time":"2018-10-23T23:53:27+00:00","og_image":[{"width":1365,"height":1024,"url":"https:\/\/guineediversite.com\/wp-content\/uploads\/2018\/10\/44769746_165655434377422_1581804062473453568_n.jpg","type":"image\/jpeg"}],"author":"Moussa Mo\u00efse K\u00e9ita","twitter_card":"summary_large_image","twitter_creator":"@GuineeDiversite","twitter_site":"@GuineeDiversite","twitter_misc":{"\u00c9crit par":"Moussa Mo\u00efse K\u00e9ita","Dur\u00e9e de lecture estim\u00e9e":"1 minute"},"schema":{"@context":"https:\/\/schema.org","@graph":[{"@type":"Article","@id":"https:\/\/guineediversite.com\/index.php\/2018\/10\/23\/marche-de-lopposition-si-je-suis-la-96eme-victime-ce-nest-rien-dixit-cellou-dalein-diallo\/#article","isPartOf":{"@id":"https:\/\/guineediversite.com\/index.php\/2018\/10\/23\/marche-de-lopposition-si-je-suis-la-96eme-victime-ce-nest-rien-dixit-cellou-dalein-diallo\/"},"author":{"name":"Moussa Mo\u00efse K\u00e9ita","@id":"https:\/\/guineediversite.com\/#\/schema\/person\/079ec347f72d2acde4b56a50a4fd46dc"},"headline":"Marche de l&rsquo;opposition: \u00ab si je suis la 96\u00e8me victime ce n&rsquo;est rien\u2026 \u00bb dixit Cellou Dalein Diallo","datePublished":"2018-10-23T17:18:56+00:00","dateModified":"2018-10-23T23:53:27+00:00","mainEntityOfPage":{"@id":"https:\/\/guineediversite.com\/index.php\/2018\/10\/23\/marche-de-lopposition-si-je-suis-la-96eme-victime-ce-nest-rien-dixit-cellou-dalein-diallo\/"},"wordCount":255,"publisher":{"@id":"https:\/\/guineediversite.com\/#organization"},"image":{"@id":"https:\/\/guineediversite.com\/index.php\/2018\/10\/23\/marche-de-lopposition-si-je-suis-la-96eme-victime-ce-nest-rien-dixit-cellou-dalein-diallo\/#primaryimage"},"thumbnailUrl":"https:\/\/guineediversite.com\/wp-content\/uploads\/2018\/10\/44769746_165655434377422_1581804062473453568_n.jpg","articleSection":["Politique"],"inLanguage":"fr-FR"},{"@type":"WebPage","@id":"https:\/\/guineediversite.com\/index.php\/2018\/10\/23\/marche-de-lopposition-si-je-suis-la-96eme-victime-ce-nest-rien-dixit-cellou-dalein-diallo\/","url":"https:\/\/guineediversite.com\/index.php\/2018\/10\/23\/marche-de-lopposition-si-je-suis-la-96eme-victime-ce-nest-rien-dixit-cellou-dalein-diallo\/","name":"Marche de l'opposition: \u00ab si je suis la 96\u00e8me victime ce n'est rien\u2026 \u00bb dixit Cellou Dalein Diallo | Guin\u00e9e Diversit\u00e9","isPartOf":{"@id":"https:\/\/guineediversite.com\/#website"},"primaryImageOfPage":{"@id":"https:\/\/guineediversite.com\/index.php\/2018\/10\/23\/marche-de-lopposition-si-je-suis-la-96eme-victime-ce-nest-rien-dixit-cellou-dalein-diallo\/#primaryimage"},"image":{"@id":"https:\/\/guineediversite.com\/index.php\/2018\/10\/23\/marche-de-lopposition-si-je-suis-la-96eme-victime-ce-nest-rien-dixit-cellou-dalein-diallo\/#primaryimage"},"thumbnailUrl":"https:\/\/guineediversite.com\/wp-content\/uploads\/2018\/10\/44769746_165655434377422_1581804062473453568_n.jpg","datePublished":"2018-10-23T17:18:56+00:00","dateModified":"2018-10-23T23:53:27+00:00","breadcrumb":{"@id":"https:\/\/guineediversite.com\/index.php\/2018\/10\/23\/marche-de-lopposition-si-je-suis-la-96eme-victime-ce-nest-rien-dixit-cellou-dalein-diallo\/#breadcrumb"},"inLanguage":"fr-FR","potentialAction":[{"@type":"ReadAction","target":["https:\/\/guineediversite.com\/index.php\/2018\/10\/23\/marche-de-lopposition-si-je-suis-la-96eme-victime-ce-nest-rien-dixit-cellou-dalein-diallo\/"]}]},{"@type":"ImageObject","inLanguage":"fr-FR","@id":"https:\/\/guineediversite.com\/index.php\/2018\/10\/23\/marche-de-lopposition-si-je-suis-la-96eme-victime-ce-nest-rien-dixit-cellou-dalein-diallo\/#primaryimage","url":"https:\/\/guineediversite.com\/wp-content\/uploads\/2018\/10\/44769746_165655434377422_1581804062473453568_n.jpg","contentUrl":"https:\/\/guineediversite.com\/wp-content\/uploads\/2018\/10\/44769746_165655434377422_1581804062473453568_n.jpg","width":1365,"height":1024},{"@type":"BreadcrumbList","@id":"https:\/\/guineediversite.com\/index.php\/2018\/10\/23\/marche-de-lopposition-si-je-suis-la-96eme-victime-ce-nest-rien-dixit-cellou-dalein-diallo\/#breadcrumb","itemListElement":[{"@type":"ListItem","position":1,"name":"Accueil","item":"https:\/\/guineediversite.com\/"},{"@type":"ListItem","position":2,"name":"Marche de l&rsquo;opposition: \u00ab si je suis la 96\u00e8me victime ce n&rsquo;est rien\u2026 \u00bb dixit Cellou Dalein Diallo"}]},{"@type":"WebSite","@id":"https:\/\/guineediversite.com\/#website","url":"https:\/\/guineediversite.com\/","name":"Guin\u00e9e Diversit\u00e9","description":"L&#039;Info dans toute sa diversit\u00e9","publisher":{"@id":"https:\/\/guineediversite.com\/#organization"},"potentialAction":[{"@type":"SearchAction","target":{"@type":"EntryPoint","urlTemplate":"https:\/\/guineediversite.com\/?s={search_term_string}"},"query-input":{"@type":"PropertyValueSpecification","valueRequired":true,"valueName":"search_term_string"}}],"inLanguage":"fr-FR"},{"@type":"Organization","@id":"https:\/\/guineediversite.com\/#organization","name":"Guin\u00e9e Diversit\u00e9","url":"https:\/\/guineediversite.com\/","logo":{"@type":"ImageObject","inLanguage":"fr-FR","@id":"https:\/\/guineediversite.com\/#\/schema\/logo\/image\/","url":"https:\/\/guineediversite.com\/wp-content\/uploads\/2017\/04\/cropped-1jojlxEOMkX9Wyqfhe43D6kjPOGqBBKmx3EwWJqZ0cMrFF54yM49.png","contentUrl":"https:\/\/guineediversite.com\/wp-content\/uploads\/2017\/04\/cropped-1jojlxEOMkX9Wyqfhe43D6kjPOGqBBKmx3EwWJqZ0cMrFF54yM49.png","width":186,"height":112,"caption":"Guin\u00e9e Diversit\u00e9"},"image":{"@id":"https:\/\/guineediversite.com\/#\/schema\/logo\/image\/"},"sameAs":["https:\/\/www.facebook.com\/guineediversite\/","https:\/\/x.com\/GuineeDiversite","https:\/\/www.youtube.com\/channel\/UC8sUY16qelG5ge6_D5SB83g"]},{"@type":"Person","@id":"https:\/\/guineediversite.com\/#\/schema\/person\/079ec347f72d2acde4b56a50a4fd46dc","name":"Moussa Mo\u00efse K\u00e9ita","image":{"@type":"ImageObject","inLanguage":"fr-FR","@id":"https:\/\/guineediversite.com\/#\/schema\/person\/image\/","url":"https:\/\/secure.gravatar.com\/avatar\/edf1ea2cc01841e6c0b49384bcb1385b?s=96&d=mm&r=g","contentUrl":"https:\/\/secure.gravatar.com\/avatar\/edf1ea2cc01841e6c0b49384bcb1385b?s=96&d=mm&r=g","caption":"Moussa Mo\u00efse K\u00e9ita"},"url":"https:\/\/guineediversite.com\/index.php\/author\/moussa-moise\/"}]}},"_links":{"self":[{"href":"https:\/\/guineediversite.com\/index.php\/wp-json\/wp\/v2\/posts\/26993"}],"collection":[{"href":"https:\/\/guineediversite.com\/index.php\/wp-json\/wp\/v2\/posts"}],"about":[{"href":"https:\/\/guineediversite.com\/index.php\/wp-json\/wp\/v2\/types\/post"}],"author":[{"embeddable":true,"href":"https:\/\/guineediversite.com\/index.php\/wp-json\/wp\/v2\/users\/16"}],"replies":[{"embeddable":true,"href":"https:\/\/guineediversite.com\/index.php\/wp-json\/wp\/v2\/comments?post=26993"}],"version-history":[{"count":0,"href":"https:\/\/guineediversite.com\/index.php\/wp-json\/wp\/v2\/posts\/26993\/revisions"}],"wp:featuredmedia":[{"embeddable":true,"href":"https:\/\/guineediversite.com\/index.php\/wp-json\/wp\/v2\/media\/26994"}],"wp:attachment":[{"href":"https:\/\/guineediversite.com\/index.php\/wp-json\/wp\/v2\/media?parent=26993"}],"wp:term":[{"taxonomy":"category","embeddable":true,"href":"https:\/\/guineediversite.com\/index.php\/wp-json\/wp\/v2\/categories?post=26993"},{"taxonomy":"post_tag","embeddable":true,"href":"https:\/\/guineediversite.com\/index.php\/wp-json\/wp\/v2\/tags?post=26993"}],"curies":[{"name":"wp","href":"https:\/\/api.w.org\/{rel}","templated":true}]}}