{"id":26919,"date":"2018-10-16T15:05:29","date_gmt":"2018-10-16T13:05:29","guid":{"rendered":"https:\/\/guineediversite.com\/?p=26919"},"modified":"2018-10-16T15:05:29","modified_gmt":"2018-10-16T13:05:29","slug":"journee-ville-morte-en-guinee-un-jeune-age-de-23-tue-par-balle-a-koloma-marche","status":"publish","type":"post","link":"https:\/\/guineediversite.com\/index.php\/2018\/10\/16\/journee-ville-morte-en-guinee-un-jeune-age-de-23-tue-par-balle-a-koloma-marche\/","title":{"rendered":"Journ\u00e9e ville morte en Guin\u00e9e : un jeune \u00e2g\u00e9 de 23 tu\u00e9 par balle \u00e0 Koloma march\u00e9"},"content":{"rendered":"<p>La ville morte d\u00e9clench\u00e9e par l\u2019opposition guin\u00e9enne commence \u00e0 faire des victimes \u00e0 Conakry.<\/p>\n<p>Ce mardi 16 octobre dans la matin\u00e9e, un jeune nomm\u00e9 Ibrahima Bah \u00e2g\u00e9 de 23 ans, \u00e9l\u00e8ve en classe de 9 \u00e8me ann\u00e9e, aurait re\u00e7u une balle au niveau de la poitrine \u00e0 Koloma march\u00e9. Il a rendu l\u2019\u00e2me dans une clinique priv\u00e9e de la place.<br \/>\nSelon nos sources Ibrahima Bald\u00e9, est originaire de la pr\u00e9fecture de Dalaba, son corps serait actuellement en route pour la morgue de Ignace Deen.<\/p>\n<p>&nbsp;<\/p>\n<p>Nous y reviendrons\u00a0!!!<\/p>\n<p>&nbsp;<\/p>\n","protected":false},"excerpt":{"rendered":"<p>La ville morte d\u00e9clench\u00e9e par l\u2019opposition guin\u00e9enne commence \u00e0 faire des victimes \u00e0 Conakry. Ce mardi 16 octobre dans la matin\u00e9e, un jeune nomm\u00e9 Ibrahima Bah \u00e2g\u00e9 de 23 ans, \u00e9l\u00e8ve en classe de 9 \u00e8me ann\u00e9e, aurait re\u00e7u une balle au niveau de la poitrine \u00e0 Koloma march\u00e9. Il a rendu l\u2019\u00e2me dans une [&hellip;]<\/p>\n","protected":false},"author":12,"featured_media":26920,"comment_status":"closed","ping_status":"closed","sticky":false,"template":"","format":"standard","meta":{"_exactmetrics_skip_tracking":false,"_exactmetrics_sitenote_active":false,"_exactmetrics_sitenote_note":"","_exactmetrics_sitenote_category":0,"tdm_status":"","tdm_grid_status":"","footnotes":""},"categories":[14,16],"tags":[],"class_list":{"0":"post-26919","1":"post","2":"type-post","3":"status-publish","4":"format-standard","5":"has-post-thumbnail","7":"category-politique","8":"category-societe"},"yoast_head":"<!-- This site is optimized with the Yoast SEO plugin v24.2 - https:\/\/yoast.com\/wordpress\/plugins\/seo\/ -->\n<title>Journ\u00e9e ville morte en Guin\u00e9e : un jeune \u00e2g\u00e9 de 23 tu\u00e9 par balle \u00e0 Koloma march\u00e9 | Guin\u00e9e Diversit\u00e9<\/title>\n<meta name=\"robots\" content=\"index, follow, max-snippet:-1, max-image-preview:large, max-video-preview:-1\" \/>\n<link rel=\"canonical\" href=\"https:\/\/guineediversite.com\/index.php\/2018\/10\/16\/journee-ville-morte-en-guinee-un-jeune-age-de-23-tue-par-balle-a-koloma-marche\/\" \/>\n<meta property=\"og:locale\" content=\"fr_FR\" \/>\n<meta property=\"og:type\" content=\"article\" \/>\n<meta property=\"og:title\" content=\"Journ\u00e9e ville morte en Guin\u00e9e : un jeune \u00e2g\u00e9 de 23 tu\u00e9 par balle \u00e0 Koloma march\u00e9 | Guin\u00e9e Diversit\u00e9\" \/>\n<meta property=\"og:description\" content=\"La ville morte d\u00e9clench\u00e9e par l\u2019opposition guin\u00e9enne commence \u00e0 faire des victimes \u00e0 Conakry. Ce mardi 16 octobre dans la matin\u00e9e, un jeune nomm\u00e9 Ibrahima Bah \u00e2g\u00e9 de 23 ans, \u00e9l\u00e8ve en classe de 9 \u00e8me ann\u00e9e, aurait re\u00e7u une balle au niveau de la poitrine \u00e0 Koloma march\u00e9. Il a rendu l\u2019\u00e2me dans une [&hellip;]\" \/>\n<meta property=\"og:url\" content=\"https:\/\/guineediversite.com\/index.php\/2018\/10\/16\/journee-ville-morte-en-guinee-un-jeune-age-de-23-tue-par-balle-a-koloma-marche\/\" \/>\n<meta property=\"og:site_name\" content=\"Guin\u00e9e Diversit\u00e9\" \/>\n<meta property=\"article:publisher\" content=\"https:\/\/www.facebook.com\/guineediversite\/\" \/>\n<meta property=\"article:published_time\" content=\"2018-10-16T13:05:29+00:00\" \/>\n<meta property=\"og:image\" content=\"https:\/\/guineediversite.com\/wp-content\/uploads\/2018\/10\/44128980_1924919194262506_6040128992172834816_n.jpg\" \/>\n\t<meta property=\"og:image:width\" content=\"1365\" \/>\n\t<meta property=\"og:image:height\" content=\"1024\" \/>\n\t<meta property=\"og:image:type\" content=\"image\/jpeg\" \/>\n<meta name=\"author\" content=\"Guin\u00e9e Diversit\u00e9\" \/>\n<meta name=\"twitter:card\" content=\"summary_large_image\" \/>\n<meta name=\"twitter:creator\" content=\"@GuineeDiversite\" \/>\n<meta name=\"twitter:site\" content=\"@GuineeDiversite\" \/>\n<meta name=\"twitter:label1\" content=\"\u00c9crit par\" \/>\n\t<meta name=\"twitter:data1\" content=\"Guin\u00e9e Diversit\u00e9\" \/>\n<script type=\"application\/ld+json\" class=\"yoast-schema-graph\">{\"@context\":\"https:\/\/schema.org\",\"@graph\":[{\"@type\":\"Article\",\"@id\":\"https:\/\/guineediversite.com\/index.php\/2018\/10\/16\/journee-ville-morte-en-guinee-un-jeune-age-de-23-tue-par-balle-a-koloma-marche\/#article\",\"isPartOf\":{\"@id\":\"https:\/\/guineediversite.com\/index.php\/2018\/10\/16\/journee-ville-morte-en-guinee-un-jeune-age-de-23-tue-par-balle-a-koloma-marche\/\"},\"author\":{\"name\":\"Guin\u00e9e Diversit\u00e9\",\"@id\":\"https:\/\/guineediversite.com\/#\/schema\/person\/afa08fb34e7fc6e1feafc892612bc836\"},\"headline\":\"Journ\u00e9e ville morte en Guin\u00e9e : un jeune \u00e2g\u00e9 de 23 tu\u00e9 par balle \u00e0 Koloma march\u00e9\",\"datePublished\":\"2018-10-16T13:05:29+00:00\",\"dateModified\":\"2018-10-16T13:05:29+00:00\",\"mainEntityOfPage\":{\"@id\":\"https:\/\/guineediversite.com\/index.php\/2018\/10\/16\/journee-ville-morte-en-guinee-un-jeune-age-de-23-tue-par-balle-a-koloma-marche\/\"},\"wordCount\":110,\"publisher\":{\"@id\":\"https:\/\/guineediversite.com\/#organization\"},\"image\":{\"@id\":\"https:\/\/guineediversite.com\/index.php\/2018\/10\/16\/journee-ville-morte-en-guinee-un-jeune-age-de-23-tue-par-balle-a-koloma-marche\/#primaryimage\"},\"thumbnailUrl\":\"https:\/\/guineediversite.com\/wp-content\/uploads\/2018\/10\/44128980_1924919194262506_6040128992172834816_n.jpg\",\"articleSection\":[\"Politique\",\"Soci\u00e9t\u00e9\"],\"inLanguage\":\"fr-FR\"},{\"@type\":\"WebPage\",\"@id\":\"https:\/\/guineediversite.com\/index.php\/2018\/10\/16\/journee-ville-morte-en-guinee-un-jeune-age-de-23-tue-par-balle-a-koloma-marche\/\",\"url\":\"https:\/\/guineediversite.com\/index.php\/2018\/10\/16\/journee-ville-morte-en-guinee-un-jeune-age-de-23-tue-par-balle-a-koloma-marche\/\",\"name\":\"Journ\u00e9e ville morte en Guin\u00e9e : un jeune \u00e2g\u00e9 de 23 tu\u00e9 par balle \u00e0 Koloma march\u00e9 | Guin\u00e9e Diversit\u00e9\",\"isPartOf\":{\"@id\":\"https:\/\/guineediversite.com\/#website\"},\"primaryImageOfPage\":{\"@id\":\"https:\/\/guineediversite.com\/index.php\/2018\/10\/16\/journee-ville-morte-en-guinee-un-jeune-age-de-23-tue-par-balle-a-koloma-marche\/#primaryimage\"},\"image\":{\"@id\":\"https:\/\/guineediversite.com\/index.php\/2018\/10\/16\/journee-ville-morte-en-guinee-un-jeune-age-de-23-tue-par-balle-a-koloma-marche\/#primaryimage\"},\"thumbnailUrl\":\"https:\/\/guineediversite.com\/wp-content\/uploads\/2018\/10\/44128980_1924919194262506_6040128992172834816_n.jpg\",\"datePublished\":\"2018-10-16T13:05:29+00:00\",\"dateModified\":\"2018-10-16T13:05:29+00:00\",\"breadcrumb\":{\"@id\":\"https:\/\/guineediversite.com\/index.php\/2018\/10\/16\/journee-ville-morte-en-guinee-un-jeune-age-de-23-tue-par-balle-a-koloma-marche\/#breadcrumb\"},\"inLanguage\":\"fr-FR\",\"potentialAction\":[{\"@type\":\"ReadAction\",\"target\":[\"https:\/\/guineediversite.com\/index.php\/2018\/10\/16\/journee-ville-morte-en-guinee-un-jeune-age-de-23-tue-par-balle-a-koloma-marche\/\"]}]},{\"@type\":\"ImageObject\",\"inLanguage\":\"fr-FR\",\"@id\":\"https:\/\/guineediversite.com\/index.php\/2018\/10\/16\/journee-ville-morte-en-guinee-un-jeune-age-de-23-tue-par-balle-a-koloma-marche\/#primaryimage\",\"url\":\"https:\/\/guineediversite.com\/wp-content\/uploads\/2018\/10\/44128980_1924919194262506_6040128992172834816_n.jpg\",\"contentUrl\":\"https:\/\/guineediversite.com\/wp-content\/uploads\/2018\/10\/44128980_1924919194262506_6040128992172834816_n.jpg\",\"width\":1365,\"height\":1024},{\"@type\":\"BreadcrumbList\",\"@id\":\"https:\/\/guineediversite.com\/index.php\/2018\/10\/16\/journee-ville-morte-en-guinee-un-jeune-age-de-23-tue-par-balle-a-koloma-marche\/#breadcrumb\",\"itemListElement\":[{\"@type\":\"ListItem\",\"position\":1,\"name\":\"Accueil\",\"item\":\"https:\/\/guineediversite.com\/\"},{\"@type\":\"ListItem\",\"position\":2,\"name\":\"Journ\u00e9e ville morte en Guin\u00e9e : un jeune \u00e2g\u00e9 de 23 tu\u00e9 par balle \u00e0 Koloma march\u00e9\"}]},{\"@type\":\"WebSite\",\"@id\":\"https:\/\/guineediversite.com\/#website\",\"url\":\"https:\/\/guineediversite.com\/\",\"name\":\"Guin\u00e9e Diversit\u00e9\",\"description\":\"L&#039;Info dans toute sa diversit\u00e9\",\"publisher\":{\"@id\":\"https:\/\/guineediversite.com\/#organization\"},\"potentialAction\":[{\"@type\":\"SearchAction\",\"target\":{\"@type\":\"EntryPoint\",\"urlTemplate\":\"https:\/\/guineediversite.com\/?s={search_term_string}\"},\"query-input\":{\"@type\":\"PropertyValueSpecification\",\"valueRequired\":true,\"valueName\":\"search_term_string\"}}],\"inLanguage\":\"fr-FR\"},{\"@type\":\"Organization\",\"@id\":\"https:\/\/guineediversite.com\/#organization\",\"name\":\"Guin\u00e9e Diversit\u00e9\",\"url\":\"https:\/\/guineediversite.com\/\",\"logo\":{\"@type\":\"ImageObject\",\"inLanguage\":\"fr-FR\",\"@id\":\"https:\/\/guineediversite.com\/#\/schema\/logo\/image\/\",\"url\":\"https:\/\/guineediversite.com\/wp-content\/uploads\/2017\/04\/cropped-1jojlxEOMkX9Wyqfhe43D6kjPOGqBBKmx3EwWJqZ0cMrFF54yM49.png\",\"contentUrl\":\"https:\/\/guineediversite.com\/wp-content\/uploads\/2017\/04\/cropped-1jojlxEOMkX9Wyqfhe43D6kjPOGqBBKmx3EwWJqZ0cMrFF54yM49.png\",\"width\":186,\"height\":112,\"caption\":\"Guin\u00e9e Diversit\u00e9\"},\"image\":{\"@id\":\"https:\/\/guineediversite.com\/#\/schema\/logo\/image\/\"},\"sameAs\":[\"https:\/\/www.facebook.com\/guineediversite\/\",\"https:\/\/x.com\/GuineeDiversite\",\"https:\/\/www.youtube.com\/channel\/UC8sUY16qelG5ge6_D5SB83g\"]},{\"@type\":\"Person\",\"@id\":\"https:\/\/guineediversite.com\/#\/schema\/person\/afa08fb34e7fc6e1feafc892612bc836\",\"name\":\"Guin\u00e9e Diversit\u00e9\",\"image\":{\"@type\":\"ImageObject\",\"inLanguage\":\"fr-FR\",\"@id\":\"https:\/\/guineediversite.com\/#\/schema\/person\/image\/\",\"url\":\"https:\/\/secure.gravatar.com\/avatar\/50d5eb5b390f8b65ac30ac6f898eb83a?s=96&d=mm&r=g\",\"contentUrl\":\"https:\/\/secure.gravatar.com\/avatar\/50d5eb5b390f8b65ac30ac6f898eb83a?s=96&d=mm&r=g\",\"caption\":\"Guin\u00e9e Diversit\u00e9\"},\"url\":\"https:\/\/guineediversite.com\/index.php\/author\/guineediversite\/\"}]}<\/script>\n<!-- \/ Yoast SEO plugin. -->","yoast_head_json":{"title":"Journ\u00e9e ville morte en Guin\u00e9e : un jeune \u00e2g\u00e9 de 23 tu\u00e9 par balle \u00e0 Koloma march\u00e9 | Guin\u00e9e Diversit\u00e9","robots":{"index":"index","follow":"follow","max-snippet":"max-snippet:-1","max-image-preview":"max-image-preview:large","max-video-preview":"max-video-preview:-1"},"canonical":"https:\/\/guineediversite.com\/index.php\/2018\/10\/16\/journee-ville-morte-en-guinee-un-jeune-age-de-23-tue-par-balle-a-koloma-marche\/","og_locale":"fr_FR","og_type":"article","og_title":"Journ\u00e9e ville morte en Guin\u00e9e : un jeune \u00e2g\u00e9 de 23 tu\u00e9 par balle \u00e0 Koloma march\u00e9 | Guin\u00e9e Diversit\u00e9","og_description":"La ville morte d\u00e9clench\u00e9e par l\u2019opposition guin\u00e9enne commence \u00e0 faire des victimes \u00e0 Conakry. Ce mardi 16 octobre dans la matin\u00e9e, un jeune nomm\u00e9 Ibrahima Bah \u00e2g\u00e9 de 23 ans, \u00e9l\u00e8ve en classe de 9 \u00e8me ann\u00e9e, aurait re\u00e7u une balle au niveau de la poitrine \u00e0 Koloma march\u00e9. Il a rendu l\u2019\u00e2me dans une [&hellip;]","og_url":"https:\/\/guineediversite.com\/index.php\/2018\/10\/16\/journee-ville-morte-en-guinee-un-jeune-age-de-23-tue-par-balle-a-koloma-marche\/","og_site_name":"Guin\u00e9e Diversit\u00e9","article_publisher":"https:\/\/www.facebook.com\/guineediversite\/","article_published_time":"2018-10-16T13:05:29+00:00","og_image":[{"width":1365,"height":1024,"url":"https:\/\/guineediversite.com\/wp-content\/uploads\/2018\/10\/44128980_1924919194262506_6040128992172834816_n.jpg","type":"image\/jpeg"}],"author":"Guin\u00e9e Diversit\u00e9","twitter_card":"summary_large_image","twitter_creator":"@GuineeDiversite","twitter_site":"@GuineeDiversite","twitter_misc":{"\u00c9crit par":"Guin\u00e9e Diversit\u00e9"},"schema":{"@context":"https:\/\/schema.org","@graph":[{"@type":"Article","@id":"https:\/\/guineediversite.com\/index.php\/2018\/10\/16\/journee-ville-morte-en-guinee-un-jeune-age-de-23-tue-par-balle-a-koloma-marche\/#article","isPartOf":{"@id":"https:\/\/guineediversite.com\/index.php\/2018\/10\/16\/journee-ville-morte-en-guinee-un-jeune-age-de-23-tue-par-balle-a-koloma-marche\/"},"author":{"name":"Guin\u00e9e Diversit\u00e9","@id":"https:\/\/guineediversite.com\/#\/schema\/person\/afa08fb34e7fc6e1feafc892612bc836"},"headline":"Journ\u00e9e ville morte en Guin\u00e9e : un jeune \u00e2g\u00e9 de 23 tu\u00e9 par balle \u00e0 Koloma march\u00e9","datePublished":"2018-10-16T13:05:29+00:00","dateModified":"2018-10-16T13:05:29+00:00","mainEntityOfPage":{"@id":"https:\/\/guineediversite.com\/index.php\/2018\/10\/16\/journee-ville-morte-en-guinee-un-jeune-age-de-23-tue-par-balle-a-koloma-marche\/"},"wordCount":110,"publisher":{"@id":"https:\/\/guineediversite.com\/#organization"},"image":{"@id":"https:\/\/guineediversite.com\/index.php\/2018\/10\/16\/journee-ville-morte-en-guinee-un-jeune-age-de-23-tue-par-balle-a-koloma-marche\/#primaryimage"},"thumbnailUrl":"https:\/\/guineediversite.com\/wp-content\/uploads\/2018\/10\/44128980_1924919194262506_6040128992172834816_n.jpg","articleSection":["Politique","Soci\u00e9t\u00e9"],"inLanguage":"fr-FR"},{"@type":"WebPage","@id":"https:\/\/guineediversite.com\/index.php\/2018\/10\/16\/journee-ville-morte-en-guinee-un-jeune-age-de-23-tue-par-balle-a-koloma-marche\/","url":"https:\/\/guineediversite.com\/index.php\/2018\/10\/16\/journee-ville-morte-en-guinee-un-jeune-age-de-23-tue-par-balle-a-koloma-marche\/","name":"Journ\u00e9e ville morte en Guin\u00e9e : un jeune \u00e2g\u00e9 de 23 tu\u00e9 par balle \u00e0 Koloma march\u00e9 | Guin\u00e9e Diversit\u00e9","isPartOf":{"@id":"https:\/\/guineediversite.com\/#website"},"primaryImageOfPage":{"@id":"https:\/\/guineediversite.com\/index.php\/2018\/10\/16\/journee-ville-morte-en-guinee-un-jeune-age-de-23-tue-par-balle-a-koloma-marche\/#primaryimage"},"image":{"@id":"https:\/\/guineediversite.com\/index.php\/2018\/10\/16\/journee-ville-morte-en-guinee-un-jeune-age-de-23-tue-par-balle-a-koloma-marche\/#primaryimage"},"thumbnailUrl":"https:\/\/guineediversite.com\/wp-content\/uploads\/2018\/10\/44128980_1924919194262506_6040128992172834816_n.jpg","datePublished":"2018-10-16T13:05:29+00:00","dateModified":"2018-10-16T13:05:29+00:00","breadcrumb":{"@id":"https:\/\/guineediversite.com\/index.php\/2018\/10\/16\/journee-ville-morte-en-guinee-un-jeune-age-de-23-tue-par-balle-a-koloma-marche\/#breadcrumb"},"inLanguage":"fr-FR","potentialAction":[{"@type":"ReadAction","target":["https:\/\/guineediversite.com\/index.php\/2018\/10\/16\/journee-ville-morte-en-guinee-un-jeune-age-de-23-tue-par-balle-a-koloma-marche\/"]}]},{"@type":"ImageObject","inLanguage":"fr-FR","@id":"https:\/\/guineediversite.com\/index.php\/2018\/10\/16\/journee-ville-morte-en-guinee-un-jeune-age-de-23-tue-par-balle-a-koloma-marche\/#primaryimage","url":"https:\/\/guineediversite.com\/wp-content\/uploads\/2018\/10\/44128980_1924919194262506_6040128992172834816_n.jpg","contentUrl":"https:\/\/guineediversite.com\/wp-content\/uploads\/2018\/10\/44128980_1924919194262506_6040128992172834816_n.jpg","width":1365,"height":1024},{"@type":"BreadcrumbList","@id":"https:\/\/guineediversite.com\/index.php\/2018\/10\/16\/journee-ville-morte-en-guinee-un-jeune-age-de-23-tue-par-balle-a-koloma-marche\/#breadcrumb","itemListElement":[{"@type":"ListItem","position":1,"name":"Accueil","item":"https:\/\/guineediversite.com\/"},{"@type":"ListItem","position":2,"name":"Journ\u00e9e ville morte en Guin\u00e9e : un jeune \u00e2g\u00e9 de 23 tu\u00e9 par balle \u00e0 Koloma march\u00e9"}]},{"@type":"WebSite","@id":"https:\/\/guineediversite.com\/#website","url":"https:\/\/guineediversite.com\/","name":"Guin\u00e9e Diversit\u00e9","description":"L&#039;Info dans toute sa diversit\u00e9","publisher":{"@id":"https:\/\/guineediversite.com\/#organization"},"potentialAction":[{"@type":"SearchAction","target":{"@type":"EntryPoint","urlTemplate":"https:\/\/guineediversite.com\/?s={search_term_string}"},"query-input":{"@type":"PropertyValueSpecification","valueRequired":true,"valueName":"search_term_string"}}],"inLanguage":"fr-FR"},{"@type":"Organization","@id":"https:\/\/guineediversite.com\/#organization","name":"Guin\u00e9e Diversit\u00e9","url":"https:\/\/guineediversite.com\/","logo":{"@type":"ImageObject","inLanguage":"fr-FR","@id":"https:\/\/guineediversite.com\/#\/schema\/logo\/image\/","url":"https:\/\/guineediversite.com\/wp-content\/uploads\/2017\/04\/cropped-1jojlxEOMkX9Wyqfhe43D6kjPOGqBBKmx3EwWJqZ0cMrFF54yM49.png","contentUrl":"https:\/\/guineediversite.com\/wp-content\/uploads\/2017\/04\/cropped-1jojlxEOMkX9Wyqfhe43D6kjPOGqBBKmx3EwWJqZ0cMrFF54yM49.png","width":186,"height":112,"caption":"Guin\u00e9e Diversit\u00e9"},"image":{"@id":"https:\/\/guineediversite.com\/#\/schema\/logo\/image\/"},"sameAs":["https:\/\/www.facebook.com\/guineediversite\/","https:\/\/x.com\/GuineeDiversite","https:\/\/www.youtube.com\/channel\/UC8sUY16qelG5ge6_D5SB83g"]},{"@type":"Person","@id":"https:\/\/guineediversite.com\/#\/schema\/person\/afa08fb34e7fc6e1feafc892612bc836","name":"Guin\u00e9e Diversit\u00e9","image":{"@type":"ImageObject","inLanguage":"fr-FR","@id":"https:\/\/guineediversite.com\/#\/schema\/person\/image\/","url":"https:\/\/secure.gravatar.com\/avatar\/50d5eb5b390f8b65ac30ac6f898eb83a?s=96&d=mm&r=g","contentUrl":"https:\/\/secure.gravatar.com\/avatar\/50d5eb5b390f8b65ac30ac6f898eb83a?s=96&d=mm&r=g","caption":"Guin\u00e9e Diversit\u00e9"},"url":"https:\/\/guineediversite.com\/index.php\/author\/guineediversite\/"}]}},"_links":{"self":[{"href":"https:\/\/guineediversite.com\/index.php\/wp-json\/wp\/v2\/posts\/26919"}],"collection":[{"href":"https:\/\/guineediversite.com\/index.php\/wp-json\/wp\/v2\/posts"}],"about":[{"href":"https:\/\/guineediversite.com\/index.php\/wp-json\/wp\/v2\/types\/post"}],"author":[{"embeddable":true,"href":"https:\/\/guineediversite.com\/index.php\/wp-json\/wp\/v2\/users\/12"}],"replies":[{"embeddable":true,"href":"https:\/\/guineediversite.com\/index.php\/wp-json\/wp\/v2\/comments?post=26919"}],"version-history":[{"count":0,"href":"https:\/\/guineediversite.com\/index.php\/wp-json\/wp\/v2\/posts\/26919\/revisions"}],"wp:featuredmedia":[{"embeddable":true,"href":"https:\/\/guineediversite.com\/index.php\/wp-json\/wp\/v2\/media\/26920"}],"wp:attachment":[{"href":"https:\/\/guineediversite.com\/index.php\/wp-json\/wp\/v2\/media?parent=26919"}],"wp:term":[{"taxonomy":"category","embeddable":true,"href":"https:\/\/guineediversite.com\/index.php\/wp-json\/wp\/v2\/categories?post=26919"},{"taxonomy":"post_tag","embeddable":true,"href":"https:\/\/guineediversite.com\/index.php\/wp-json\/wp\/v2\/tags?post=26919"}],"curies":[{"name":"wp","href":"https:\/\/api.w.org\/{rel}","templated":true}]}}