{"id":26617,"date":"2018-09-15T16:14:58","date_gmt":"2018-09-15T14:14:58","guid":{"rendered":"https:\/\/guineediversite.com\/?p=26617"},"modified":"2018-09-15T16:14:58","modified_gmt":"2018-09-15T14:14:58","slug":"crise-a-la-cour-constitutionnelle-des-graves-accusations-de-salifou-sylla-a-lendroit-dalpha-conde","status":"publish","type":"post","link":"https:\/\/guineediversite.com\/index.php\/2018\/09\/15\/crise-a-la-cour-constitutionnelle-des-graves-accusations-de-salifou-sylla-a-lendroit-dalpha-conde\/","title":{"rendered":"Crise \u00e0 la cour constitutionnelle\u00a0: Des graves accusations de Salifou Sylla \u00e0 l\u2019endroit d\u2019Alpha Cond\u00e9"},"content":{"rendered":"<p>Alpha Cond\u00e9 est derri\u00e8re le complot pour la destitution du pr\u00e9sident de la cour constitutionnelle K\u00e9l\u00e9fa Sall selon l\u2019ancien ministre de la justice de Lansana Cont\u00e9. Dans un entretient que Salifou Sylla a accord\u00e9 \u00e0 notre r\u00e9daction ce vendredi 14 Septembre 2018\u00a0, il estime qu\u2019aucun texte juridique ne stipule la d\u00e9marche des conseillers qui veulent \u00e9jecter le pr\u00e9sident de cette institution.<br \/>\nPour l\u2019ancien ministre de la justice\u00a0, la destitution de K\u00e9l\u00e9fa Sall \u00e0 son poste que pr\u00e9parent les huit membres de la cour constitution n\u2019a aucune raison juridique:<br \/>\n\u00ab\u00a0Je consid\u00e8re qu\u2019il n\u2019est pas normal qu\u2019une cour constitutionnelle qui est la tr\u00e8s haute juridiction d\u2019un pays charger de prot\u00e9ger ce qui est fondamental dans le pays qui est la constitution que cette cour constitutionnelle soit expos\u00e9e au public et qu\u2019elle aille de scandale en scandale. Depuis que cette cour est en place, on va de scandale en scandale\u00a0; une cour compl\u00e8tement d\u00e9sunie et je pense que c&rsquo;est pas fondamentalement des raisons juridique\u00a0\u00bb a r\u00e9agit Salifou Sylla, qui estime que des ambitions inavou\u00e9es sont dans l\u2019ombre mais que tout le monde voit d\u00e9j\u00e0. Apr\u00e8s leurs premi\u00e8re tentative au mois de mars dernier sans r\u00e9ussite, ces huit prendront d\u00e9sormais la b\u00e9n\u00e9diction du Pr\u00e9sident Alpha Cond\u00e9 afin de d\u2019enclencher le m\u00e9canisme d\u2019un troisi\u00e8me mandat \u00e0 r\u00e9v\u00e9ler ce juriste<br \/>\n\u00ab\u00a0C\u2019est lui qui est derri\u00e8re tout les bouleversements institutionnels qui sont dans ce pays, c\u2019est lui qui d\u00e9truit le droit dans ce pays. Toutes les institutions dans ce pays son domestiqu\u00e9es, il (Alpha Cond\u00e9 ndlr) viol les lois, il viol les constitutions c\u2019est lui, je le dis et je le r\u00e9p\u00e8te c\u2019est lui qui est \u00e0 la base de tout \u00e7a \u00a0\u00bb mart\u00e8le Salifou Sylla.<br \/>\nCe juriste pense que c\u2019est la phrase \u00a0\u00bbSir\u00e8ne r\u00e9visionniste\u00a0\u00bb prononc\u00e9 par K\u00e9l\u00e9fa Sall le jour de l\u2019investiture du locataire de S\u00e9khoutour\u00e9yah pour son second mandat qui est le seul tord de ce dernier. Depuis cela, des gens veulent d\u00e9sormais sa t\u00eate parce qu\u2019il refuse de se plier \u00e0 leurs exigence en pi\u00e9tinant la loi.<br \/>\n\u00ab\u00a0Quand il a dit qu\u2019il est \u00e0 son dernier mandat et qu\u2019il ne doit \u00e9couter les sir\u00e8nes r\u00e9visionnistes, depuis ce jour il est dans le collimateur. On ne s\u2019attendait pas \u00e0 ce qu\u2019il dise cela, parce qu\u2019on a favoris\u00e9 sa mont\u00e9 comme pr\u00e9sident de la cour constitutionnelle mais \u00e0 condition qu\u2019il aille ob\u00e9ir comme les pr\u00e9sidents des autres institutions sont entrain de le faire\u00a0\u00bb a t-il fait savoir<br \/>\nOutr\u00e9 par cette action engag\u00e9e contre K\u00e9l\u00e9fa Sall, Salifou Sylla d\u00e9clare que le pays pourra sombre si toutes les institutions sont domestiqu\u00e9es par le pouvoir ex\u00e9cutif.<\/p>\n","protected":false},"excerpt":{"rendered":"<p>Alpha Cond\u00e9 est derri\u00e8re le complot pour la destitution du pr\u00e9sident de la cour constitutionnelle K\u00e9l\u00e9fa Sall selon l\u2019ancien ministre de la justice de Lansana Cont\u00e9. Dans un entretient que Salifou Sylla a accord\u00e9 \u00e0 notre r\u00e9daction ce vendredi 14 Septembre 2018\u00a0, il estime qu\u2019aucun texte juridique ne stipule la d\u00e9marche des conseillers qui veulent [&hellip;]<\/p>\n","protected":false},"author":16,"featured_media":26618,"comment_status":"closed","ping_status":"closed","sticky":false,"template":"","format":"standard","meta":{"_exactmetrics_skip_tracking":false,"_exactmetrics_sitenote_active":false,"_exactmetrics_sitenote_note":"","_exactmetrics_sitenote_category":0,"tdm_status":"","tdm_grid_status":"","footnotes":""},"categories":[16],"tags":[],"class_list":{"0":"post-26617","1":"post","2":"type-post","3":"status-publish","4":"format-standard","5":"has-post-thumbnail","7":"category-societe"},"yoast_head":"<!-- This site is optimized with the Yoast SEO plugin v24.2 - https:\/\/yoast.com\/wordpress\/plugins\/seo\/ -->\n<title>Crise \u00e0 la cour constitutionnelle\u00a0: Des graves accusations de Salifou Sylla \u00e0 l\u2019endroit d\u2019Alpha Cond\u00e9 | Guin\u00e9e Diversit\u00e9<\/title>\n<meta name=\"robots\" content=\"index, follow, max-snippet:-1, max-image-preview:large, max-video-preview:-1\" \/>\n<link rel=\"canonical\" href=\"https:\/\/guineediversite.com\/index.php\/2018\/09\/15\/crise-a-la-cour-constitutionnelle-des-graves-accusations-de-salifou-sylla-a-lendroit-dalpha-conde\/\" \/>\n<meta property=\"og:locale\" content=\"fr_FR\" \/>\n<meta property=\"og:type\" content=\"article\" \/>\n<meta property=\"og:title\" content=\"Crise \u00e0 la cour constitutionnelle\u00a0: Des graves accusations de Salifou Sylla \u00e0 l\u2019endroit d\u2019Alpha Cond\u00e9 | Guin\u00e9e Diversit\u00e9\" \/>\n<meta property=\"og:description\" content=\"Alpha Cond\u00e9 est derri\u00e8re le complot pour la destitution du pr\u00e9sident de la cour constitutionnelle K\u00e9l\u00e9fa Sall selon l\u2019ancien ministre de la justice de Lansana Cont\u00e9. Dans un entretient que Salifou Sylla a accord\u00e9 \u00e0 notre r\u00e9daction ce vendredi 14 Septembre 2018\u00a0, il estime qu\u2019aucun texte juridique ne stipule la d\u00e9marche des conseillers qui veulent [&hellip;]\" \/>\n<meta property=\"og:url\" content=\"https:\/\/guineediversite.com\/index.php\/2018\/09\/15\/crise-a-la-cour-constitutionnelle-des-graves-accusations-de-salifou-sylla-a-lendroit-dalpha-conde\/\" \/>\n<meta property=\"og:site_name\" content=\"Guin\u00e9e Diversit\u00e9\" \/>\n<meta property=\"article:publisher\" content=\"https:\/\/www.facebook.com\/guineediversite\/\" \/>\n<meta property=\"article:published_time\" content=\"2018-09-15T14:14:58+00:00\" \/>\n<meta property=\"og:image\" content=\"https:\/\/guineediversite.com\/wp-content\/uploads\/2018\/09\/8152018141324.jpg\" \/>\n\t<meta property=\"og:image:width\" content=\"1024\" \/>\n\t<meta property=\"og:image:height\" content=\"769\" \/>\n\t<meta property=\"og:image:type\" content=\"image\/jpeg\" \/>\n<meta name=\"author\" content=\"Moussa Mo\u00efse K\u00e9ita\" \/>\n<meta name=\"twitter:card\" content=\"summary_large_image\" \/>\n<meta name=\"twitter:creator\" content=\"@GuineeDiversite\" \/>\n<meta name=\"twitter:site\" content=\"@GuineeDiversite\" \/>\n<meta name=\"twitter:label1\" content=\"\u00c9crit par\" \/>\n\t<meta name=\"twitter:data1\" content=\"Moussa Mo\u00efse K\u00e9ita\" \/>\n\t<meta name=\"twitter:label2\" content=\"Dur\u00e9e de lecture estim\u00e9e\" \/>\n\t<meta name=\"twitter:data2\" content=\"2 minutes\" \/>\n<script type=\"application\/ld+json\" class=\"yoast-schema-graph\">{\"@context\":\"https:\/\/schema.org\",\"@graph\":[{\"@type\":\"Article\",\"@id\":\"https:\/\/guineediversite.com\/index.php\/2018\/09\/15\/crise-a-la-cour-constitutionnelle-des-graves-accusations-de-salifou-sylla-a-lendroit-dalpha-conde\/#article\",\"isPartOf\":{\"@id\":\"https:\/\/guineediversite.com\/index.php\/2018\/09\/15\/crise-a-la-cour-constitutionnelle-des-graves-accusations-de-salifou-sylla-a-lendroit-dalpha-conde\/\"},\"author\":{\"name\":\"Moussa Mo\u00efse K\u00e9ita\",\"@id\":\"https:\/\/guineediversite.com\/#\/schema\/person\/079ec347f72d2acde4b56a50a4fd46dc\"},\"headline\":\"Crise \u00e0 la cour constitutionnelle\u00a0: Des graves accusations de Salifou Sylla \u00e0 l\u2019endroit d\u2019Alpha Cond\u00e9\",\"datePublished\":\"2018-09-15T14:14:58+00:00\",\"dateModified\":\"2018-09-15T14:14:58+00:00\",\"mainEntityOfPage\":{\"@id\":\"https:\/\/guineediversite.com\/index.php\/2018\/09\/15\/crise-a-la-cour-constitutionnelle-des-graves-accusations-de-salifou-sylla-a-lendroit-dalpha-conde\/\"},\"wordCount\":513,\"publisher\":{\"@id\":\"https:\/\/guineediversite.com\/#organization\"},\"image\":{\"@id\":\"https:\/\/guineediversite.com\/index.php\/2018\/09\/15\/crise-a-la-cour-constitutionnelle-des-graves-accusations-de-salifou-sylla-a-lendroit-dalpha-conde\/#primaryimage\"},\"thumbnailUrl\":\"https:\/\/guineediversite.com\/wp-content\/uploads\/2018\/09\/8152018141324.jpg\",\"articleSection\":[\"Soci\u00e9t\u00e9\"],\"inLanguage\":\"fr-FR\"},{\"@type\":\"WebPage\",\"@id\":\"https:\/\/guineediversite.com\/index.php\/2018\/09\/15\/crise-a-la-cour-constitutionnelle-des-graves-accusations-de-salifou-sylla-a-lendroit-dalpha-conde\/\",\"url\":\"https:\/\/guineediversite.com\/index.php\/2018\/09\/15\/crise-a-la-cour-constitutionnelle-des-graves-accusations-de-salifou-sylla-a-lendroit-dalpha-conde\/\",\"name\":\"Crise \u00e0 la cour constitutionnelle\u00a0: Des graves accusations de Salifou Sylla \u00e0 l\u2019endroit d\u2019Alpha Cond\u00e9 | Guin\u00e9e Diversit\u00e9\",\"isPartOf\":{\"@id\":\"https:\/\/guineediversite.com\/#website\"},\"primaryImageOfPage\":{\"@id\":\"https:\/\/guineediversite.com\/index.php\/2018\/09\/15\/crise-a-la-cour-constitutionnelle-des-graves-accusations-de-salifou-sylla-a-lendroit-dalpha-conde\/#primaryimage\"},\"image\":{\"@id\":\"https:\/\/guineediversite.com\/index.php\/2018\/09\/15\/crise-a-la-cour-constitutionnelle-des-graves-accusations-de-salifou-sylla-a-lendroit-dalpha-conde\/#primaryimage\"},\"thumbnailUrl\":\"https:\/\/guineediversite.com\/wp-content\/uploads\/2018\/09\/8152018141324.jpg\",\"datePublished\":\"2018-09-15T14:14:58+00:00\",\"dateModified\":\"2018-09-15T14:14:58+00:00\",\"breadcrumb\":{\"@id\":\"https:\/\/guineediversite.com\/index.php\/2018\/09\/15\/crise-a-la-cour-constitutionnelle-des-graves-accusations-de-salifou-sylla-a-lendroit-dalpha-conde\/#breadcrumb\"},\"inLanguage\":\"fr-FR\",\"potentialAction\":[{\"@type\":\"ReadAction\",\"target\":[\"https:\/\/guineediversite.com\/index.php\/2018\/09\/15\/crise-a-la-cour-constitutionnelle-des-graves-accusations-de-salifou-sylla-a-lendroit-dalpha-conde\/\"]}]},{\"@type\":\"ImageObject\",\"inLanguage\":\"fr-FR\",\"@id\":\"https:\/\/guineediversite.com\/index.php\/2018\/09\/15\/crise-a-la-cour-constitutionnelle-des-graves-accusations-de-salifou-sylla-a-lendroit-dalpha-conde\/#primaryimage\",\"url\":\"https:\/\/guineediversite.com\/wp-content\/uploads\/2018\/09\/8152018141324.jpg\",\"contentUrl\":\"https:\/\/guineediversite.com\/wp-content\/uploads\/2018\/09\/8152018141324.jpg\",\"width\":1024,\"height\":769},{\"@type\":\"BreadcrumbList\",\"@id\":\"https:\/\/guineediversite.com\/index.php\/2018\/09\/15\/crise-a-la-cour-constitutionnelle-des-graves-accusations-de-salifou-sylla-a-lendroit-dalpha-conde\/#breadcrumb\",\"itemListElement\":[{\"@type\":\"ListItem\",\"position\":1,\"name\":\"Accueil\",\"item\":\"https:\/\/guineediversite.com\/\"},{\"@type\":\"ListItem\",\"position\":2,\"name\":\"Crise \u00e0 la cour constitutionnelle\u00a0: Des graves accusations de Salifou Sylla \u00e0 l\u2019endroit d\u2019Alpha Cond\u00e9\"}]},{\"@type\":\"WebSite\",\"@id\":\"https:\/\/guineediversite.com\/#website\",\"url\":\"https:\/\/guineediversite.com\/\",\"name\":\"Guin\u00e9e Diversit\u00e9\",\"description\":\"L&#039;Info dans toute sa diversit\u00e9\",\"publisher\":{\"@id\":\"https:\/\/guineediversite.com\/#organization\"},\"potentialAction\":[{\"@type\":\"SearchAction\",\"target\":{\"@type\":\"EntryPoint\",\"urlTemplate\":\"https:\/\/guineediversite.com\/?s={search_term_string}\"},\"query-input\":{\"@type\":\"PropertyValueSpecification\",\"valueRequired\":true,\"valueName\":\"search_term_string\"}}],\"inLanguage\":\"fr-FR\"},{\"@type\":\"Organization\",\"@id\":\"https:\/\/guineediversite.com\/#organization\",\"name\":\"Guin\u00e9e Diversit\u00e9\",\"url\":\"https:\/\/guineediversite.com\/\",\"logo\":{\"@type\":\"ImageObject\",\"inLanguage\":\"fr-FR\",\"@id\":\"https:\/\/guineediversite.com\/#\/schema\/logo\/image\/\",\"url\":\"https:\/\/guineediversite.com\/wp-content\/uploads\/2017\/04\/cropped-1jojlxEOMkX9Wyqfhe43D6kjPOGqBBKmx3EwWJqZ0cMrFF54yM49.png\",\"contentUrl\":\"https:\/\/guineediversite.com\/wp-content\/uploads\/2017\/04\/cropped-1jojlxEOMkX9Wyqfhe43D6kjPOGqBBKmx3EwWJqZ0cMrFF54yM49.png\",\"width\":186,\"height\":112,\"caption\":\"Guin\u00e9e Diversit\u00e9\"},\"image\":{\"@id\":\"https:\/\/guineediversite.com\/#\/schema\/logo\/image\/\"},\"sameAs\":[\"https:\/\/www.facebook.com\/guineediversite\/\",\"https:\/\/x.com\/GuineeDiversite\",\"https:\/\/www.youtube.com\/channel\/UC8sUY16qelG5ge6_D5SB83g\"]},{\"@type\":\"Person\",\"@id\":\"https:\/\/guineediversite.com\/#\/schema\/person\/079ec347f72d2acde4b56a50a4fd46dc\",\"name\":\"Moussa Mo\u00efse K\u00e9ita\",\"image\":{\"@type\":\"ImageObject\",\"inLanguage\":\"fr-FR\",\"@id\":\"https:\/\/guineediversite.com\/#\/schema\/person\/image\/\",\"url\":\"https:\/\/secure.gravatar.com\/avatar\/edf1ea2cc01841e6c0b49384bcb1385b?s=96&d=mm&r=g\",\"contentUrl\":\"https:\/\/secure.gravatar.com\/avatar\/edf1ea2cc01841e6c0b49384bcb1385b?s=96&d=mm&r=g\",\"caption\":\"Moussa Mo\u00efse K\u00e9ita\"},\"url\":\"https:\/\/guineediversite.com\/index.php\/author\/moussa-moise\/\"}]}<\/script>\n<!-- \/ Yoast SEO plugin. -->","yoast_head_json":{"title":"Crise \u00e0 la cour constitutionnelle\u00a0: Des graves accusations de Salifou Sylla \u00e0 l\u2019endroit d\u2019Alpha Cond\u00e9 | Guin\u00e9e Diversit\u00e9","robots":{"index":"index","follow":"follow","max-snippet":"max-snippet:-1","max-image-preview":"max-image-preview:large","max-video-preview":"max-video-preview:-1"},"canonical":"https:\/\/guineediversite.com\/index.php\/2018\/09\/15\/crise-a-la-cour-constitutionnelle-des-graves-accusations-de-salifou-sylla-a-lendroit-dalpha-conde\/","og_locale":"fr_FR","og_type":"article","og_title":"Crise \u00e0 la cour constitutionnelle\u00a0: Des graves accusations de Salifou Sylla \u00e0 l\u2019endroit d\u2019Alpha Cond\u00e9 | Guin\u00e9e Diversit\u00e9","og_description":"Alpha Cond\u00e9 est derri\u00e8re le complot pour la destitution du pr\u00e9sident de la cour constitutionnelle K\u00e9l\u00e9fa Sall selon l\u2019ancien ministre de la justice de Lansana Cont\u00e9. Dans un entretient que Salifou Sylla a accord\u00e9 \u00e0 notre r\u00e9daction ce vendredi 14 Septembre 2018\u00a0, il estime qu\u2019aucun texte juridique ne stipule la d\u00e9marche des conseillers qui veulent [&hellip;]","og_url":"https:\/\/guineediversite.com\/index.php\/2018\/09\/15\/crise-a-la-cour-constitutionnelle-des-graves-accusations-de-salifou-sylla-a-lendroit-dalpha-conde\/","og_site_name":"Guin\u00e9e Diversit\u00e9","article_publisher":"https:\/\/www.facebook.com\/guineediversite\/","article_published_time":"2018-09-15T14:14:58+00:00","og_image":[{"width":1024,"height":769,"url":"https:\/\/guineediversite.com\/wp-content\/uploads\/2018\/09\/8152018141324.jpg","type":"image\/jpeg"}],"author":"Moussa Mo\u00efse K\u00e9ita","twitter_card":"summary_large_image","twitter_creator":"@GuineeDiversite","twitter_site":"@GuineeDiversite","twitter_misc":{"\u00c9crit par":"Moussa Mo\u00efse K\u00e9ita","Dur\u00e9e de lecture estim\u00e9e":"2 minutes"},"schema":{"@context":"https:\/\/schema.org","@graph":[{"@type":"Article","@id":"https:\/\/guineediversite.com\/index.php\/2018\/09\/15\/crise-a-la-cour-constitutionnelle-des-graves-accusations-de-salifou-sylla-a-lendroit-dalpha-conde\/#article","isPartOf":{"@id":"https:\/\/guineediversite.com\/index.php\/2018\/09\/15\/crise-a-la-cour-constitutionnelle-des-graves-accusations-de-salifou-sylla-a-lendroit-dalpha-conde\/"},"author":{"name":"Moussa Mo\u00efse K\u00e9ita","@id":"https:\/\/guineediversite.com\/#\/schema\/person\/079ec347f72d2acde4b56a50a4fd46dc"},"headline":"Crise \u00e0 la cour constitutionnelle\u00a0: Des graves accusations de Salifou Sylla \u00e0 l\u2019endroit d\u2019Alpha Cond\u00e9","datePublished":"2018-09-15T14:14:58+00:00","dateModified":"2018-09-15T14:14:58+00:00","mainEntityOfPage":{"@id":"https:\/\/guineediversite.com\/index.php\/2018\/09\/15\/crise-a-la-cour-constitutionnelle-des-graves-accusations-de-salifou-sylla-a-lendroit-dalpha-conde\/"},"wordCount":513,"publisher":{"@id":"https:\/\/guineediversite.com\/#organization"},"image":{"@id":"https:\/\/guineediversite.com\/index.php\/2018\/09\/15\/crise-a-la-cour-constitutionnelle-des-graves-accusations-de-salifou-sylla-a-lendroit-dalpha-conde\/#primaryimage"},"thumbnailUrl":"https:\/\/guineediversite.com\/wp-content\/uploads\/2018\/09\/8152018141324.jpg","articleSection":["Soci\u00e9t\u00e9"],"inLanguage":"fr-FR"},{"@type":"WebPage","@id":"https:\/\/guineediversite.com\/index.php\/2018\/09\/15\/crise-a-la-cour-constitutionnelle-des-graves-accusations-de-salifou-sylla-a-lendroit-dalpha-conde\/","url":"https:\/\/guineediversite.com\/index.php\/2018\/09\/15\/crise-a-la-cour-constitutionnelle-des-graves-accusations-de-salifou-sylla-a-lendroit-dalpha-conde\/","name":"Crise \u00e0 la cour constitutionnelle\u00a0: Des graves accusations de Salifou Sylla \u00e0 l\u2019endroit d\u2019Alpha Cond\u00e9 | Guin\u00e9e Diversit\u00e9","isPartOf":{"@id":"https:\/\/guineediversite.com\/#website"},"primaryImageOfPage":{"@id":"https:\/\/guineediversite.com\/index.php\/2018\/09\/15\/crise-a-la-cour-constitutionnelle-des-graves-accusations-de-salifou-sylla-a-lendroit-dalpha-conde\/#primaryimage"},"image":{"@id":"https:\/\/guineediversite.com\/index.php\/2018\/09\/15\/crise-a-la-cour-constitutionnelle-des-graves-accusations-de-salifou-sylla-a-lendroit-dalpha-conde\/#primaryimage"},"thumbnailUrl":"https:\/\/guineediversite.com\/wp-content\/uploads\/2018\/09\/8152018141324.jpg","datePublished":"2018-09-15T14:14:58+00:00","dateModified":"2018-09-15T14:14:58+00:00","breadcrumb":{"@id":"https:\/\/guineediversite.com\/index.php\/2018\/09\/15\/crise-a-la-cour-constitutionnelle-des-graves-accusations-de-salifou-sylla-a-lendroit-dalpha-conde\/#breadcrumb"},"inLanguage":"fr-FR","potentialAction":[{"@type":"ReadAction","target":["https:\/\/guineediversite.com\/index.php\/2018\/09\/15\/crise-a-la-cour-constitutionnelle-des-graves-accusations-de-salifou-sylla-a-lendroit-dalpha-conde\/"]}]},{"@type":"ImageObject","inLanguage":"fr-FR","@id":"https:\/\/guineediversite.com\/index.php\/2018\/09\/15\/crise-a-la-cour-constitutionnelle-des-graves-accusations-de-salifou-sylla-a-lendroit-dalpha-conde\/#primaryimage","url":"https:\/\/guineediversite.com\/wp-content\/uploads\/2018\/09\/8152018141324.jpg","contentUrl":"https:\/\/guineediversite.com\/wp-content\/uploads\/2018\/09\/8152018141324.jpg","width":1024,"height":769},{"@type":"BreadcrumbList","@id":"https:\/\/guineediversite.com\/index.php\/2018\/09\/15\/crise-a-la-cour-constitutionnelle-des-graves-accusations-de-salifou-sylla-a-lendroit-dalpha-conde\/#breadcrumb","itemListElement":[{"@type":"ListItem","position":1,"name":"Accueil","item":"https:\/\/guineediversite.com\/"},{"@type":"ListItem","position":2,"name":"Crise \u00e0 la cour constitutionnelle\u00a0: Des graves accusations de Salifou Sylla \u00e0 l\u2019endroit d\u2019Alpha Cond\u00e9"}]},{"@type":"WebSite","@id":"https:\/\/guineediversite.com\/#website","url":"https:\/\/guineediversite.com\/","name":"Guin\u00e9e Diversit\u00e9","description":"L&#039;Info dans toute sa diversit\u00e9","publisher":{"@id":"https:\/\/guineediversite.com\/#organization"},"potentialAction":[{"@type":"SearchAction","target":{"@type":"EntryPoint","urlTemplate":"https:\/\/guineediversite.com\/?s={search_term_string}"},"query-input":{"@type":"PropertyValueSpecification","valueRequired":true,"valueName":"search_term_string"}}],"inLanguage":"fr-FR"},{"@type":"Organization","@id":"https:\/\/guineediversite.com\/#organization","name":"Guin\u00e9e Diversit\u00e9","url":"https:\/\/guineediversite.com\/","logo":{"@type":"ImageObject","inLanguage":"fr-FR","@id":"https:\/\/guineediversite.com\/#\/schema\/logo\/image\/","url":"https:\/\/guineediversite.com\/wp-content\/uploads\/2017\/04\/cropped-1jojlxEOMkX9Wyqfhe43D6kjPOGqBBKmx3EwWJqZ0cMrFF54yM49.png","contentUrl":"https:\/\/guineediversite.com\/wp-content\/uploads\/2017\/04\/cropped-1jojlxEOMkX9Wyqfhe43D6kjPOGqBBKmx3EwWJqZ0cMrFF54yM49.png","width":186,"height":112,"caption":"Guin\u00e9e Diversit\u00e9"},"image":{"@id":"https:\/\/guineediversite.com\/#\/schema\/logo\/image\/"},"sameAs":["https:\/\/www.facebook.com\/guineediversite\/","https:\/\/x.com\/GuineeDiversite","https:\/\/www.youtube.com\/channel\/UC8sUY16qelG5ge6_D5SB83g"]},{"@type":"Person","@id":"https:\/\/guineediversite.com\/#\/schema\/person\/079ec347f72d2acde4b56a50a4fd46dc","name":"Moussa Mo\u00efse K\u00e9ita","image":{"@type":"ImageObject","inLanguage":"fr-FR","@id":"https:\/\/guineediversite.com\/#\/schema\/person\/image\/","url":"https:\/\/secure.gravatar.com\/avatar\/edf1ea2cc01841e6c0b49384bcb1385b?s=96&d=mm&r=g","contentUrl":"https:\/\/secure.gravatar.com\/avatar\/edf1ea2cc01841e6c0b49384bcb1385b?s=96&d=mm&r=g","caption":"Moussa Mo\u00efse K\u00e9ita"},"url":"https:\/\/guineediversite.com\/index.php\/author\/moussa-moise\/"}]}},"_links":{"self":[{"href":"https:\/\/guineediversite.com\/index.php\/wp-json\/wp\/v2\/posts\/26617"}],"collection":[{"href":"https:\/\/guineediversite.com\/index.php\/wp-json\/wp\/v2\/posts"}],"about":[{"href":"https:\/\/guineediversite.com\/index.php\/wp-json\/wp\/v2\/types\/post"}],"author":[{"embeddable":true,"href":"https:\/\/guineediversite.com\/index.php\/wp-json\/wp\/v2\/users\/16"}],"replies":[{"embeddable":true,"href":"https:\/\/guineediversite.com\/index.php\/wp-json\/wp\/v2\/comments?post=26617"}],"version-history":[{"count":0,"href":"https:\/\/guineediversite.com\/index.php\/wp-json\/wp\/v2\/posts\/26617\/revisions"}],"wp:featuredmedia":[{"embeddable":true,"href":"https:\/\/guineediversite.com\/index.php\/wp-json\/wp\/v2\/media\/26618"}],"wp:attachment":[{"href":"https:\/\/guineediversite.com\/index.php\/wp-json\/wp\/v2\/media?parent=26617"}],"wp:term":[{"taxonomy":"category","embeddable":true,"href":"https:\/\/guineediversite.com\/index.php\/wp-json\/wp\/v2\/categories?post=26617"},{"taxonomy":"post_tag","embeddable":true,"href":"https:\/\/guineediversite.com\/index.php\/wp-json\/wp\/v2\/tags?post=26617"}],"curies":[{"name":"wp","href":"https:\/\/api.w.org\/{rel}","templated":true}]}}