{"id":26608,"date":"2018-09-14T16:32:39","date_gmt":"2018-09-14T14:32:39","guid":{"rendered":"https:\/\/guineediversite.com\/?p=26608"},"modified":"2018-09-14T16:32:39","modified_gmt":"2018-09-14T14:32:39","slug":"affaire-port-autonome-de-conakry-cheick-toure-revele-que-mohamed-conde-fils-du-president-guineen-est-actionnaire-a-30","status":"publish","type":"post","link":"https:\/\/guineediversite.com\/index.php\/2018\/09\/14\/affaire-port-autonome-de-conakry-cheick-toure-revele-que-mohamed-conde-fils-du-president-guineen-est-actionnaire-a-30\/","title":{"rendered":"Affaire Port autonome de Conakry : Cheick Tour\u00e9 r\u00e9v\u00e8le que \u2018\u2019Mohamed Cond\u00e9, fils du pr\u00e9sident guin\u00e9en est actionnaire \u00e0 30% \u00bb"},"content":{"rendered":"<p>Les travailleurs gr\u00e9vistes du Port autonome ne comptent pas baisser les bras, cela suite \u00e0 la vente pr\u00e9sum\u00e9e du Port Autonome de Conakry. Apr\u00e8s plusieurs manifestations avort\u00e9es et d\u2019autres r\u00e9prim\u00e9es \u00a0\u00e0 coup de gaz lacrymog\u00e8ne, le secr\u00e9taire g\u00e9n\u00e9ral des travailleur dudit port annonce connaitre la cause de l\u2019ent\u00eatement de l\u2019\u00c9tat sur le contrat conventionnel du port avec la soci\u00e9t\u00e9 Turque Albarayk<\/p>\n<p><em>\u00ab\u00a0Selon des informations que nous avons re\u00e7ues, son fils, Mohamed Cond\u00e9 est actionnaire \u00e0 30% dans cette soci\u00e9t\u00e9. C\u2019est pourquoi le Pr\u00e9sident de la R\u00e9publique, Alpha Cond\u00e9 se bat, contre vents et marr\u00e9es pour que le contrat entre en vigueur\u00a0\u00bb<\/em> Annonce Cheick Tour\u00e9, secr\u00e9taire g\u00e9n\u00e9ral du syndicat du port autonome de Conakry.<\/p>\n<p>Avec cette r\u00e9v\u00e9lation, Cheick Tour\u00e9 se pose des questions\u00a0:<\/p>\n<p><em>\u00ab\u00a0C\u2019est \u00e0 cause de son fils, il pr\u00e9pare son fils je ne sais pas si c\u2019est pour sa succession ou bien si c\u2019est pour son 3<sup>\u00e8me<\/sup> mandat comme aujourd\u2019hui, il a r\u00e9ussi \u00e0 cr\u00e9er un remue-m\u00e9nage au niveau de la Cour constitutionnelle, la plus haute juridiction de la Guin\u00e9e \u00bb<\/em> D\u00e9clare-t-il<\/p>\n<p>Cheick Tour\u00e9 pousse le pion en s\u2019adressant directement au ministre des transports. Pour lui, Aboubacar Sylla ne maitrise pas le dossier du Port<\/p>\n<p><em>\u00ab Il faut comprendre Aboubacar Sylla, il ne ma\u00eetrise pas le domaine portuaire. C\u2019est un ing\u00e9nieur g\u00e9ologue, un tribun politique qui parle pour la forme et non pour le fond. Au Port autonome de Conakry, l\u2019effectif fait 650 travailleurs pour les emplois directs. Pour les emplois indirects, il y a 800 travailleurs. C\u2019est les dockers qui font 4000 et ceux-ci rel\u00e8vent de la marine marchande. Leur main d\u2019\u0153uvre est pay\u00e9e par l\u2019Association des Amateurs, Consignateurs au niveau du transports maritime et Bollor\u00e9. Donc, Aboubacar Sylla est en perte de vitesse, en perte de m\u00e9moire. C\u2019est quelqu\u2019un qui incarne l\u2019incomp\u00e9tence, l\u2019improvisation et le hasard \u00bb,<\/em> a-t-il conclu.<\/p>\n<p>En commun accord avec l\u2019inter central Syndicale CNTG-USTG, ils projettent \u00e0 nouveau une marche pacifique les prochains jours apr\u00e8s avoir report\u00e9e celle qui devrait avoir lieu ce Mercredi. Une marche qu\u2019ils appellent \u2018\u2019marche de la col\u00e8re\u2019\u2019.<\/p>\n","protected":false},"excerpt":{"rendered":"<p>Les travailleurs gr\u00e9vistes du Port autonome ne comptent pas baisser les bras, cela suite \u00e0 la vente pr\u00e9sum\u00e9e du Port Autonome de Conakry. Apr\u00e8s plusieurs manifestations avort\u00e9es et d\u2019autres r\u00e9prim\u00e9es \u00a0\u00e0 coup de gaz lacrymog\u00e8ne, le secr\u00e9taire g\u00e9n\u00e9ral des travailleur dudit port annonce connaitre la cause de l\u2019ent\u00eatement de l\u2019\u00c9tat sur le contrat conventionnel du [&hellip;]<\/p>\n","protected":false},"author":16,"featured_media":26609,"comment_status":"closed","ping_status":"closed","sticky":false,"template":"","format":"standard","meta":{"_exactmetrics_skip_tracking":false,"_exactmetrics_sitenote_active":false,"_exactmetrics_sitenote_note":"","_exactmetrics_sitenote_category":0,"tdm_status":"","tdm_grid_status":"","footnotes":""},"categories":[16],"tags":[],"class_list":{"0":"post-26608","1":"post","2":"type-post","3":"status-publish","4":"format-standard","5":"has-post-thumbnail","7":"category-societe"},"yoast_head":"<!-- This site is optimized with the Yoast SEO plugin v24.2 - https:\/\/yoast.com\/wordpress\/plugins\/seo\/ -->\n<title>Affaire Port autonome de Conakry : Cheick Tour\u00e9 r\u00e9v\u00e8le que \u2018\u2019Mohamed Cond\u00e9, fils du pr\u00e9sident guin\u00e9en est actionnaire \u00e0 30% \u00bb | Guin\u00e9e Diversit\u00e9<\/title>\n<meta name=\"robots\" content=\"index, follow, max-snippet:-1, max-image-preview:large, max-video-preview:-1\" \/>\n<link rel=\"canonical\" href=\"https:\/\/guineediversite.com\/index.php\/2018\/09\/14\/affaire-port-autonome-de-conakry-cheick-toure-revele-que-mohamed-conde-fils-du-president-guineen-est-actionnaire-a-30\/\" \/>\n<meta property=\"og:locale\" content=\"fr_FR\" \/>\n<meta property=\"og:type\" content=\"article\" \/>\n<meta property=\"og:title\" content=\"Affaire Port autonome de Conakry : Cheick Tour\u00e9 r\u00e9v\u00e8le que \u2018\u2019Mohamed Cond\u00e9, fils du pr\u00e9sident guin\u00e9en est actionnaire \u00e0 30% \u00bb | Guin\u00e9e Diversit\u00e9\" \/>\n<meta property=\"og:description\" content=\"Les travailleurs gr\u00e9vistes du Port autonome ne comptent pas baisser les bras, cela suite \u00e0 la vente pr\u00e9sum\u00e9e du Port Autonome de Conakry. Apr\u00e8s plusieurs manifestations avort\u00e9es et d\u2019autres r\u00e9prim\u00e9es \u00a0\u00e0 coup de gaz lacrymog\u00e8ne, le secr\u00e9taire g\u00e9n\u00e9ral des travailleur dudit port annonce connaitre la cause de l\u2019ent\u00eatement de l\u2019\u00c9tat sur le contrat conventionnel du [&hellip;]\" \/>\n<meta property=\"og:url\" content=\"https:\/\/guineediversite.com\/index.php\/2018\/09\/14\/affaire-port-autonome-de-conakry-cheick-toure-revele-que-mohamed-conde-fils-du-president-guineen-est-actionnaire-a-30\/\" \/>\n<meta property=\"og:site_name\" content=\"Guin\u00e9e Diversit\u00e9\" \/>\n<meta property=\"article:publisher\" content=\"https:\/\/www.facebook.com\/guineediversite\/\" \/>\n<meta property=\"article:published_time\" content=\"2018-09-14T14:32:39+00:00\" \/>\n<meta property=\"og:image\" content=\"https:\/\/guineediversite.com\/wp-content\/uploads\/2018\/09\/received_331769690722301.jpeg\" \/>\n\t<meta property=\"og:image:width\" content=\"1728\" \/>\n\t<meta property=\"og:image:height\" content=\"1296\" \/>\n\t<meta property=\"og:image:type\" content=\"image\/jpeg\" \/>\n<meta name=\"author\" content=\"Moussa Mo\u00efse K\u00e9ita\" \/>\n<meta name=\"twitter:card\" content=\"summary_large_image\" \/>\n<meta name=\"twitter:creator\" content=\"@GuineeDiversite\" \/>\n<meta name=\"twitter:site\" content=\"@GuineeDiversite\" \/>\n<meta name=\"twitter:label1\" content=\"\u00c9crit par\" \/>\n\t<meta name=\"twitter:data1\" content=\"Moussa Mo\u00efse K\u00e9ita\" \/>\n\t<meta name=\"twitter:label2\" content=\"Dur\u00e9e de lecture estim\u00e9e\" \/>\n\t<meta name=\"twitter:data2\" content=\"2 minutes\" \/>\n<script type=\"application\/ld+json\" class=\"yoast-schema-graph\">{\"@context\":\"https:\/\/schema.org\",\"@graph\":[{\"@type\":\"Article\",\"@id\":\"https:\/\/guineediversite.com\/index.php\/2018\/09\/14\/affaire-port-autonome-de-conakry-cheick-toure-revele-que-mohamed-conde-fils-du-president-guineen-est-actionnaire-a-30\/#article\",\"isPartOf\":{\"@id\":\"https:\/\/guineediversite.com\/index.php\/2018\/09\/14\/affaire-port-autonome-de-conakry-cheick-toure-revele-que-mohamed-conde-fils-du-president-guineen-est-actionnaire-a-30\/\"},\"author\":{\"name\":\"Moussa Mo\u00efse K\u00e9ita\",\"@id\":\"https:\/\/guineediversite.com\/#\/schema\/person\/079ec347f72d2acde4b56a50a4fd46dc\"},\"headline\":\"Affaire Port autonome de Conakry : Cheick Tour\u00e9 r\u00e9v\u00e8le que \u2018\u2019Mohamed Cond\u00e9, fils du pr\u00e9sident guin\u00e9en est actionnaire \u00e0 30% \u00bb\",\"datePublished\":\"2018-09-14T14:32:39+00:00\",\"dateModified\":\"2018-09-14T14:32:39+00:00\",\"mainEntityOfPage\":{\"@id\":\"https:\/\/guineediversite.com\/index.php\/2018\/09\/14\/affaire-port-autonome-de-conakry-cheick-toure-revele-que-mohamed-conde-fils-du-president-guineen-est-actionnaire-a-30\/\"},\"wordCount\":405,\"publisher\":{\"@id\":\"https:\/\/guineediversite.com\/#organization\"},\"image\":{\"@id\":\"https:\/\/guineediversite.com\/index.php\/2018\/09\/14\/affaire-port-autonome-de-conakry-cheick-toure-revele-que-mohamed-conde-fils-du-president-guineen-est-actionnaire-a-30\/#primaryimage\"},\"thumbnailUrl\":\"https:\/\/guineediversite.com\/wp-content\/uploads\/2018\/09\/received_331769690722301.jpeg\",\"articleSection\":[\"Soci\u00e9t\u00e9\"],\"inLanguage\":\"fr-FR\"},{\"@type\":\"WebPage\",\"@id\":\"https:\/\/guineediversite.com\/index.php\/2018\/09\/14\/affaire-port-autonome-de-conakry-cheick-toure-revele-que-mohamed-conde-fils-du-president-guineen-est-actionnaire-a-30\/\",\"url\":\"https:\/\/guineediversite.com\/index.php\/2018\/09\/14\/affaire-port-autonome-de-conakry-cheick-toure-revele-que-mohamed-conde-fils-du-president-guineen-est-actionnaire-a-30\/\",\"name\":\"Affaire Port autonome de Conakry : Cheick Tour\u00e9 r\u00e9v\u00e8le que \u2018\u2019Mohamed Cond\u00e9, fils du pr\u00e9sident guin\u00e9en est actionnaire \u00e0 30% \u00bb | Guin\u00e9e Diversit\u00e9\",\"isPartOf\":{\"@id\":\"https:\/\/guineediversite.com\/#website\"},\"primaryImageOfPage\":{\"@id\":\"https:\/\/guineediversite.com\/index.php\/2018\/09\/14\/affaire-port-autonome-de-conakry-cheick-toure-revele-que-mohamed-conde-fils-du-president-guineen-est-actionnaire-a-30\/#primaryimage\"},\"image\":{\"@id\":\"https:\/\/guineediversite.com\/index.php\/2018\/09\/14\/affaire-port-autonome-de-conakry-cheick-toure-revele-que-mohamed-conde-fils-du-president-guineen-est-actionnaire-a-30\/#primaryimage\"},\"thumbnailUrl\":\"https:\/\/guineediversite.com\/wp-content\/uploads\/2018\/09\/received_331769690722301.jpeg\",\"datePublished\":\"2018-09-14T14:32:39+00:00\",\"dateModified\":\"2018-09-14T14:32:39+00:00\",\"breadcrumb\":{\"@id\":\"https:\/\/guineediversite.com\/index.php\/2018\/09\/14\/affaire-port-autonome-de-conakry-cheick-toure-revele-que-mohamed-conde-fils-du-president-guineen-est-actionnaire-a-30\/#breadcrumb\"},\"inLanguage\":\"fr-FR\",\"potentialAction\":[{\"@type\":\"ReadAction\",\"target\":[\"https:\/\/guineediversite.com\/index.php\/2018\/09\/14\/affaire-port-autonome-de-conakry-cheick-toure-revele-que-mohamed-conde-fils-du-president-guineen-est-actionnaire-a-30\/\"]}]},{\"@type\":\"ImageObject\",\"inLanguage\":\"fr-FR\",\"@id\":\"https:\/\/guineediversite.com\/index.php\/2018\/09\/14\/affaire-port-autonome-de-conakry-cheick-toure-revele-que-mohamed-conde-fils-du-president-guineen-est-actionnaire-a-30\/#primaryimage\",\"url\":\"https:\/\/guineediversite.com\/wp-content\/uploads\/2018\/09\/received_331769690722301.jpeg\",\"contentUrl\":\"https:\/\/guineediversite.com\/wp-content\/uploads\/2018\/09\/received_331769690722301.jpeg\",\"width\":1728,\"height\":1296},{\"@type\":\"BreadcrumbList\",\"@id\":\"https:\/\/guineediversite.com\/index.php\/2018\/09\/14\/affaire-port-autonome-de-conakry-cheick-toure-revele-que-mohamed-conde-fils-du-president-guineen-est-actionnaire-a-30\/#breadcrumb\",\"itemListElement\":[{\"@type\":\"ListItem\",\"position\":1,\"name\":\"Accueil\",\"item\":\"https:\/\/guineediversite.com\/\"},{\"@type\":\"ListItem\",\"position\":2,\"name\":\"Affaire Port autonome de Conakry : Cheick Tour\u00e9 r\u00e9v\u00e8le que \u2018\u2019Mohamed Cond\u00e9, fils du pr\u00e9sident guin\u00e9en est actionnaire \u00e0 30% \u00bb\"}]},{\"@type\":\"WebSite\",\"@id\":\"https:\/\/guineediversite.com\/#website\",\"url\":\"https:\/\/guineediversite.com\/\",\"name\":\"Guin\u00e9e Diversit\u00e9\",\"description\":\"L&#039;Info dans toute sa diversit\u00e9\",\"publisher\":{\"@id\":\"https:\/\/guineediversite.com\/#organization\"},\"potentialAction\":[{\"@type\":\"SearchAction\",\"target\":{\"@type\":\"EntryPoint\",\"urlTemplate\":\"https:\/\/guineediversite.com\/?s={search_term_string}\"},\"query-input\":{\"@type\":\"PropertyValueSpecification\",\"valueRequired\":true,\"valueName\":\"search_term_string\"}}],\"inLanguage\":\"fr-FR\"},{\"@type\":\"Organization\",\"@id\":\"https:\/\/guineediversite.com\/#organization\",\"name\":\"Guin\u00e9e Diversit\u00e9\",\"url\":\"https:\/\/guineediversite.com\/\",\"logo\":{\"@type\":\"ImageObject\",\"inLanguage\":\"fr-FR\",\"@id\":\"https:\/\/guineediversite.com\/#\/schema\/logo\/image\/\",\"url\":\"https:\/\/guineediversite.com\/wp-content\/uploads\/2017\/04\/cropped-1jojlxEOMkX9Wyqfhe43D6kjPOGqBBKmx3EwWJqZ0cMrFF54yM49.png\",\"contentUrl\":\"https:\/\/guineediversite.com\/wp-content\/uploads\/2017\/04\/cropped-1jojlxEOMkX9Wyqfhe43D6kjPOGqBBKmx3EwWJqZ0cMrFF54yM49.png\",\"width\":186,\"height\":112,\"caption\":\"Guin\u00e9e Diversit\u00e9\"},\"image\":{\"@id\":\"https:\/\/guineediversite.com\/#\/schema\/logo\/image\/\"},\"sameAs\":[\"https:\/\/www.facebook.com\/guineediversite\/\",\"https:\/\/x.com\/GuineeDiversite\",\"https:\/\/www.youtube.com\/channel\/UC8sUY16qelG5ge6_D5SB83g\"]},{\"@type\":\"Person\",\"@id\":\"https:\/\/guineediversite.com\/#\/schema\/person\/079ec347f72d2acde4b56a50a4fd46dc\",\"name\":\"Moussa Mo\u00efse K\u00e9ita\",\"image\":{\"@type\":\"ImageObject\",\"inLanguage\":\"fr-FR\",\"@id\":\"https:\/\/guineediversite.com\/#\/schema\/person\/image\/\",\"url\":\"https:\/\/secure.gravatar.com\/avatar\/edf1ea2cc01841e6c0b49384bcb1385b?s=96&d=mm&r=g\",\"contentUrl\":\"https:\/\/secure.gravatar.com\/avatar\/edf1ea2cc01841e6c0b49384bcb1385b?s=96&d=mm&r=g\",\"caption\":\"Moussa Mo\u00efse K\u00e9ita\"},\"url\":\"https:\/\/guineediversite.com\/index.php\/author\/moussa-moise\/\"}]}<\/script>\n<!-- \/ Yoast SEO plugin. -->","yoast_head_json":{"title":"Affaire Port autonome de Conakry : Cheick Tour\u00e9 r\u00e9v\u00e8le que \u2018\u2019Mohamed Cond\u00e9, fils du pr\u00e9sident guin\u00e9en est actionnaire \u00e0 30% \u00bb | Guin\u00e9e Diversit\u00e9","robots":{"index":"index","follow":"follow","max-snippet":"max-snippet:-1","max-image-preview":"max-image-preview:large","max-video-preview":"max-video-preview:-1"},"canonical":"https:\/\/guineediversite.com\/index.php\/2018\/09\/14\/affaire-port-autonome-de-conakry-cheick-toure-revele-que-mohamed-conde-fils-du-president-guineen-est-actionnaire-a-30\/","og_locale":"fr_FR","og_type":"article","og_title":"Affaire Port autonome de Conakry : Cheick Tour\u00e9 r\u00e9v\u00e8le que \u2018\u2019Mohamed Cond\u00e9, fils du pr\u00e9sident guin\u00e9en est actionnaire \u00e0 30% \u00bb | Guin\u00e9e Diversit\u00e9","og_description":"Les travailleurs gr\u00e9vistes du Port autonome ne comptent pas baisser les bras, cela suite \u00e0 la vente pr\u00e9sum\u00e9e du Port Autonome de Conakry. Apr\u00e8s plusieurs manifestations avort\u00e9es et d\u2019autres r\u00e9prim\u00e9es \u00a0\u00e0 coup de gaz lacrymog\u00e8ne, le secr\u00e9taire g\u00e9n\u00e9ral des travailleur dudit port annonce connaitre la cause de l\u2019ent\u00eatement de l\u2019\u00c9tat sur le contrat conventionnel du [&hellip;]","og_url":"https:\/\/guineediversite.com\/index.php\/2018\/09\/14\/affaire-port-autonome-de-conakry-cheick-toure-revele-que-mohamed-conde-fils-du-president-guineen-est-actionnaire-a-30\/","og_site_name":"Guin\u00e9e Diversit\u00e9","article_publisher":"https:\/\/www.facebook.com\/guineediversite\/","article_published_time":"2018-09-14T14:32:39+00:00","og_image":[{"width":1728,"height":1296,"url":"https:\/\/guineediversite.com\/wp-content\/uploads\/2018\/09\/received_331769690722301.jpeg","type":"image\/jpeg"}],"author":"Moussa Mo\u00efse K\u00e9ita","twitter_card":"summary_large_image","twitter_creator":"@GuineeDiversite","twitter_site":"@GuineeDiversite","twitter_misc":{"\u00c9crit par":"Moussa Mo\u00efse K\u00e9ita","Dur\u00e9e de lecture estim\u00e9e":"2 minutes"},"schema":{"@context":"https:\/\/schema.org","@graph":[{"@type":"Article","@id":"https:\/\/guineediversite.com\/index.php\/2018\/09\/14\/affaire-port-autonome-de-conakry-cheick-toure-revele-que-mohamed-conde-fils-du-president-guineen-est-actionnaire-a-30\/#article","isPartOf":{"@id":"https:\/\/guineediversite.com\/index.php\/2018\/09\/14\/affaire-port-autonome-de-conakry-cheick-toure-revele-que-mohamed-conde-fils-du-president-guineen-est-actionnaire-a-30\/"},"author":{"name":"Moussa Mo\u00efse K\u00e9ita","@id":"https:\/\/guineediversite.com\/#\/schema\/person\/079ec347f72d2acde4b56a50a4fd46dc"},"headline":"Affaire Port autonome de Conakry : Cheick Tour\u00e9 r\u00e9v\u00e8le que \u2018\u2019Mohamed Cond\u00e9, fils du pr\u00e9sident guin\u00e9en est actionnaire \u00e0 30% \u00bb","datePublished":"2018-09-14T14:32:39+00:00","dateModified":"2018-09-14T14:32:39+00:00","mainEntityOfPage":{"@id":"https:\/\/guineediversite.com\/index.php\/2018\/09\/14\/affaire-port-autonome-de-conakry-cheick-toure-revele-que-mohamed-conde-fils-du-president-guineen-est-actionnaire-a-30\/"},"wordCount":405,"publisher":{"@id":"https:\/\/guineediversite.com\/#organization"},"image":{"@id":"https:\/\/guineediversite.com\/index.php\/2018\/09\/14\/affaire-port-autonome-de-conakry-cheick-toure-revele-que-mohamed-conde-fils-du-president-guineen-est-actionnaire-a-30\/#primaryimage"},"thumbnailUrl":"https:\/\/guineediversite.com\/wp-content\/uploads\/2018\/09\/received_331769690722301.jpeg","articleSection":["Soci\u00e9t\u00e9"],"inLanguage":"fr-FR"},{"@type":"WebPage","@id":"https:\/\/guineediversite.com\/index.php\/2018\/09\/14\/affaire-port-autonome-de-conakry-cheick-toure-revele-que-mohamed-conde-fils-du-president-guineen-est-actionnaire-a-30\/","url":"https:\/\/guineediversite.com\/index.php\/2018\/09\/14\/affaire-port-autonome-de-conakry-cheick-toure-revele-que-mohamed-conde-fils-du-president-guineen-est-actionnaire-a-30\/","name":"Affaire Port autonome de Conakry : Cheick Tour\u00e9 r\u00e9v\u00e8le que \u2018\u2019Mohamed Cond\u00e9, fils du pr\u00e9sident guin\u00e9en est actionnaire \u00e0 30% \u00bb | Guin\u00e9e Diversit\u00e9","isPartOf":{"@id":"https:\/\/guineediversite.com\/#website"},"primaryImageOfPage":{"@id":"https:\/\/guineediversite.com\/index.php\/2018\/09\/14\/affaire-port-autonome-de-conakry-cheick-toure-revele-que-mohamed-conde-fils-du-president-guineen-est-actionnaire-a-30\/#primaryimage"},"image":{"@id":"https:\/\/guineediversite.com\/index.php\/2018\/09\/14\/affaire-port-autonome-de-conakry-cheick-toure-revele-que-mohamed-conde-fils-du-president-guineen-est-actionnaire-a-30\/#primaryimage"},"thumbnailUrl":"https:\/\/guineediversite.com\/wp-content\/uploads\/2018\/09\/received_331769690722301.jpeg","datePublished":"2018-09-14T14:32:39+00:00","dateModified":"2018-09-14T14:32:39+00:00","breadcrumb":{"@id":"https:\/\/guineediversite.com\/index.php\/2018\/09\/14\/affaire-port-autonome-de-conakry-cheick-toure-revele-que-mohamed-conde-fils-du-president-guineen-est-actionnaire-a-30\/#breadcrumb"},"inLanguage":"fr-FR","potentialAction":[{"@type":"ReadAction","target":["https:\/\/guineediversite.com\/index.php\/2018\/09\/14\/affaire-port-autonome-de-conakry-cheick-toure-revele-que-mohamed-conde-fils-du-president-guineen-est-actionnaire-a-30\/"]}]},{"@type":"ImageObject","inLanguage":"fr-FR","@id":"https:\/\/guineediversite.com\/index.php\/2018\/09\/14\/affaire-port-autonome-de-conakry-cheick-toure-revele-que-mohamed-conde-fils-du-president-guineen-est-actionnaire-a-30\/#primaryimage","url":"https:\/\/guineediversite.com\/wp-content\/uploads\/2018\/09\/received_331769690722301.jpeg","contentUrl":"https:\/\/guineediversite.com\/wp-content\/uploads\/2018\/09\/received_331769690722301.jpeg","width":1728,"height":1296},{"@type":"BreadcrumbList","@id":"https:\/\/guineediversite.com\/index.php\/2018\/09\/14\/affaire-port-autonome-de-conakry-cheick-toure-revele-que-mohamed-conde-fils-du-president-guineen-est-actionnaire-a-30\/#breadcrumb","itemListElement":[{"@type":"ListItem","position":1,"name":"Accueil","item":"https:\/\/guineediversite.com\/"},{"@type":"ListItem","position":2,"name":"Affaire Port autonome de Conakry : Cheick Tour\u00e9 r\u00e9v\u00e8le que \u2018\u2019Mohamed Cond\u00e9, fils du pr\u00e9sident guin\u00e9en est actionnaire \u00e0 30% \u00bb"}]},{"@type":"WebSite","@id":"https:\/\/guineediversite.com\/#website","url":"https:\/\/guineediversite.com\/","name":"Guin\u00e9e Diversit\u00e9","description":"L&#039;Info dans toute sa diversit\u00e9","publisher":{"@id":"https:\/\/guineediversite.com\/#organization"},"potentialAction":[{"@type":"SearchAction","target":{"@type":"EntryPoint","urlTemplate":"https:\/\/guineediversite.com\/?s={search_term_string}"},"query-input":{"@type":"PropertyValueSpecification","valueRequired":true,"valueName":"search_term_string"}}],"inLanguage":"fr-FR"},{"@type":"Organization","@id":"https:\/\/guineediversite.com\/#organization","name":"Guin\u00e9e Diversit\u00e9","url":"https:\/\/guineediversite.com\/","logo":{"@type":"ImageObject","inLanguage":"fr-FR","@id":"https:\/\/guineediversite.com\/#\/schema\/logo\/image\/","url":"https:\/\/guineediversite.com\/wp-content\/uploads\/2017\/04\/cropped-1jojlxEOMkX9Wyqfhe43D6kjPOGqBBKmx3EwWJqZ0cMrFF54yM49.png","contentUrl":"https:\/\/guineediversite.com\/wp-content\/uploads\/2017\/04\/cropped-1jojlxEOMkX9Wyqfhe43D6kjPOGqBBKmx3EwWJqZ0cMrFF54yM49.png","width":186,"height":112,"caption":"Guin\u00e9e Diversit\u00e9"},"image":{"@id":"https:\/\/guineediversite.com\/#\/schema\/logo\/image\/"},"sameAs":["https:\/\/www.facebook.com\/guineediversite\/","https:\/\/x.com\/GuineeDiversite","https:\/\/www.youtube.com\/channel\/UC8sUY16qelG5ge6_D5SB83g"]},{"@type":"Person","@id":"https:\/\/guineediversite.com\/#\/schema\/person\/079ec347f72d2acde4b56a50a4fd46dc","name":"Moussa Mo\u00efse K\u00e9ita","image":{"@type":"ImageObject","inLanguage":"fr-FR","@id":"https:\/\/guineediversite.com\/#\/schema\/person\/image\/","url":"https:\/\/secure.gravatar.com\/avatar\/edf1ea2cc01841e6c0b49384bcb1385b?s=96&d=mm&r=g","contentUrl":"https:\/\/secure.gravatar.com\/avatar\/edf1ea2cc01841e6c0b49384bcb1385b?s=96&d=mm&r=g","caption":"Moussa Mo\u00efse K\u00e9ita"},"url":"https:\/\/guineediversite.com\/index.php\/author\/moussa-moise\/"}]}},"_links":{"self":[{"href":"https:\/\/guineediversite.com\/index.php\/wp-json\/wp\/v2\/posts\/26608"}],"collection":[{"href":"https:\/\/guineediversite.com\/index.php\/wp-json\/wp\/v2\/posts"}],"about":[{"href":"https:\/\/guineediversite.com\/index.php\/wp-json\/wp\/v2\/types\/post"}],"author":[{"embeddable":true,"href":"https:\/\/guineediversite.com\/index.php\/wp-json\/wp\/v2\/users\/16"}],"replies":[{"embeddable":true,"href":"https:\/\/guineediversite.com\/index.php\/wp-json\/wp\/v2\/comments?post=26608"}],"version-history":[{"count":0,"href":"https:\/\/guineediversite.com\/index.php\/wp-json\/wp\/v2\/posts\/26608\/revisions"}],"wp:featuredmedia":[{"embeddable":true,"href":"https:\/\/guineediversite.com\/index.php\/wp-json\/wp\/v2\/media\/26609"}],"wp:attachment":[{"href":"https:\/\/guineediversite.com\/index.php\/wp-json\/wp\/v2\/media?parent=26608"}],"wp:term":[{"taxonomy":"category","embeddable":true,"href":"https:\/\/guineediversite.com\/index.php\/wp-json\/wp\/v2\/categories?post=26608"},{"taxonomy":"post_tag","embeddable":true,"href":"https:\/\/guineediversite.com\/index.php\/wp-json\/wp\/v2\/tags?post=26608"}],"curies":[{"name":"wp","href":"https:\/\/api.w.org\/{rel}","templated":true}]}}