{"id":26605,"date":"2018-09-13T19:31:09","date_gmt":"2018-09-13T17:31:09","guid":{"rendered":"https:\/\/guineediversite.com\/?p=26605"},"modified":"2018-09-13T19:31:09","modified_gmt":"2018-09-13T17:31:09","slug":"securite-routiere-la-guinee-a-desormais-une-fourriere-nationale","status":"publish","type":"post","link":"https:\/\/guineediversite.com\/index.php\/2018\/09\/13\/securite-routiere-la-guinee-a-desormais-une-fourriere-nationale\/","title":{"rendered":"S\u00e9curit\u00e9 routi\u00e8re : La Guin\u00e9e a d\u00e9sormais une fourri\u00e8re nationale"},"content":{"rendered":"<p>L\u2019inauguration de cette fourri\u00e8re nationale\u00a0 a \u00e9t\u00e9 faite ce mercredi 12 Septembre 2018 par le ministre de la s\u00e9curit\u00e9 et de la protection civile. Elle est\u00a0 Situ\u00e9e \u00e0 bonfi dans la commune de Matam, la fourri\u00e8re nationale \u00a0a une capacit\u00e9 d\u2019accueil d\u2019environ 150 \u00e0 200 v\u00e9hicules, \u00a0elle est battue sur une superficie de 3235 m\u00e8tres carr\u00e9s, 3129 m\u00e8tres couverts en b\u00e9ton arm\u00e9\u00a0 et une \u00e9paisseur \u00a0105,11 de surface b\u00e2tie compos\u00e9e de 4 bureaux, une toilette interne deux bureaux externes, une salle d\u2019accueil et une terrasse. Elle a \u00e9t\u00e9 construite gr\u00e2ce \u00e0 une aide financi\u00e8re de l\u2019ambassade des \u00c9tats-Unis en Guin\u00e9e.<\/p>\n<p>Pour \u00a0Babacar Sarr \u00a0contr\u00f4leur g\u00e9n\u00e9ral de\u00a0 la police routi\u00e8re a soulign\u00e9 : \u00ab Ce fourrier va nous permettre d\u2019interpeller les v\u00e9hicules et d\u2019immobiliser les pannes\u00a0 de\u00a0 v\u00e9hicules abandonn\u00e9s\u00a0 le long des routes\u2026 l\u2019anarchie \u00e9tant install\u00e9\u00a0\u00a0d\u2019o\u00f9 cette fourri\u00e8re va nous permettre de diminuer\u00a0 le nombre d\u2019accidents et l\u2019indiscipline notoire.\u00bb<\/p>\n<p>Dans la m\u00eame logique, le ministre de la s\u00e9curit\u00e9 et de la protection civile a affirm\u00e9 qu\u2019avec cette fourri\u00e8re si la police joue bien son r\u00f4le, il n\u2019y aura aucun d\u00e9rapage dans la circulation \u00ab cette fourri\u00e8re si elle est vraiment suivie de fait, si la police routi\u00e8re sanctionne, verbalise, les contrevenants au code de la route, je crois que\u00a0 l\u2019ordre et la fluidit\u00e9 peuvent \u00eatre obtenus dans la circulation routi\u00e8re, \u00e7a c\u2019est tout de suite,\u00bb d\u00e9clare Alpha Ibrahima Keira.<\/p>\n<p>Loin, il dira que \u00ab la direction de la police routi\u00e8re est une r\u00e9gie de recette, ce que les contrevenants vont payer ne doivent pas aller dans la caisse de l\u2019\u00c9tat \u00e7a doit aller dans la caisse du tr\u00e9sor public c\u2019est pour dire que la police contribue \u00e0 apporter les ressources n\u00e9cessaires \u00e0 l\u2019\u00c9tat pour le financement des projets de d\u00e9veloppement sociaux \u00e9conomique.\u00bb<\/p>\n<p>La c\u00e9r\u00e9monie d\u2019inauguration s\u2019est cl\u00f4tur\u00e9e par la remise des cl\u00e9s \u00a0de deux grues mobiles qui serviront cette fourri\u00e8re et la visite \u00a0du commissariat urbain de Bonfi qui vient d\u2019\u00eatre inaugur\u00e9.<\/p>\n","protected":false},"excerpt":{"rendered":"<p>L\u2019inauguration de cette fourri\u00e8re nationale\u00a0 a \u00e9t\u00e9 faite ce mercredi 12 Septembre 2018 par le ministre de la s\u00e9curit\u00e9 et de la protection civile. Elle est\u00a0 Situ\u00e9e \u00e0 bonfi dans la commune de Matam, la fourri\u00e8re nationale \u00a0a une capacit\u00e9 d\u2019accueil d\u2019environ 150 \u00e0 200 v\u00e9hicules, \u00a0elle est battue sur une superficie de 3235 m\u00e8tres [&hellip;]<\/p>\n","protected":false},"author":10,"featured_media":26606,"comment_status":"closed","ping_status":"closed","sticky":false,"template":"","format":"standard","meta":{"_exactmetrics_skip_tracking":false,"_exactmetrics_sitenote_active":false,"_exactmetrics_sitenote_note":"","_exactmetrics_sitenote_category":0,"tdm_status":"","tdm_grid_status":"","footnotes":""},"categories":[16],"tags":[],"class_list":{"0":"post-26605","1":"post","2":"type-post","3":"status-publish","4":"format-standard","5":"has-post-thumbnail","7":"category-societe"},"yoast_head":"<!-- This site is optimized with the Yoast SEO plugin v24.2 - https:\/\/yoast.com\/wordpress\/plugins\/seo\/ -->\n<title>S\u00e9curit\u00e9 routi\u00e8re : La Guin\u00e9e a d\u00e9sormais une fourri\u00e8re nationale | Guin\u00e9e Diversit\u00e9<\/title>\n<meta name=\"robots\" content=\"index, follow, max-snippet:-1, max-image-preview:large, max-video-preview:-1\" \/>\n<link rel=\"canonical\" href=\"https:\/\/guineediversite.com\/index.php\/2018\/09\/13\/securite-routiere-la-guinee-a-desormais-une-fourriere-nationale\/\" \/>\n<meta property=\"og:locale\" content=\"fr_FR\" \/>\n<meta property=\"og:type\" content=\"article\" \/>\n<meta property=\"og:title\" content=\"S\u00e9curit\u00e9 routi\u00e8re : La Guin\u00e9e a d\u00e9sormais une fourri\u00e8re nationale | Guin\u00e9e Diversit\u00e9\" \/>\n<meta property=\"og:description\" content=\"L\u2019inauguration de cette fourri\u00e8re nationale\u00a0 a \u00e9t\u00e9 faite ce mercredi 12 Septembre 2018 par le ministre de la s\u00e9curit\u00e9 et de la protection civile. Elle est\u00a0 Situ\u00e9e \u00e0 bonfi dans la commune de Matam, la fourri\u00e8re nationale \u00a0a une capacit\u00e9 d\u2019accueil d\u2019environ 150 \u00e0 200 v\u00e9hicules, \u00a0elle est battue sur une superficie de 3235 m\u00e8tres [&hellip;]\" \/>\n<meta property=\"og:url\" content=\"https:\/\/guineediversite.com\/index.php\/2018\/09\/13\/securite-routiere-la-guinee-a-desormais-une-fourriere-nationale\/\" \/>\n<meta property=\"og:site_name\" content=\"Guin\u00e9e Diversit\u00e9\" \/>\n<meta property=\"article:publisher\" content=\"https:\/\/www.facebook.com\/guineediversite\/\" \/>\n<meta property=\"article:published_time\" content=\"2018-09-13T17:31:09+00:00\" \/>\n<meta property=\"og:image\" content=\"https:\/\/guineediversite.com\/wp-content\/uploads\/2018\/09\/41777904_538748256590279_8547032932479401984_n.jpg\" \/>\n\t<meta property=\"og:image:width\" content=\"1024\" \/>\n\t<meta property=\"og:image:height\" content=\"768\" \/>\n\t<meta property=\"og:image:type\" content=\"image\/jpeg\" \/>\n<meta name=\"author\" content=\"Morcire Camara\" \/>\n<meta name=\"twitter:card\" content=\"summary_large_image\" \/>\n<meta name=\"twitter:creator\" content=\"@GuineeDiversite\" \/>\n<meta name=\"twitter:site\" content=\"@GuineeDiversite\" \/>\n<meta name=\"twitter:label1\" content=\"\u00c9crit par\" \/>\n\t<meta name=\"twitter:data1\" content=\"Morcire Camara\" \/>\n\t<meta name=\"twitter:label2\" content=\"Dur\u00e9e de lecture estim\u00e9e\" \/>\n\t<meta name=\"twitter:data2\" content=\"2 minutes\" \/>\n<script type=\"application\/ld+json\" class=\"yoast-schema-graph\">{\"@context\":\"https:\/\/schema.org\",\"@graph\":[{\"@type\":\"Article\",\"@id\":\"https:\/\/guineediversite.com\/index.php\/2018\/09\/13\/securite-routiere-la-guinee-a-desormais-une-fourriere-nationale\/#article\",\"isPartOf\":{\"@id\":\"https:\/\/guineediversite.com\/index.php\/2018\/09\/13\/securite-routiere-la-guinee-a-desormais-une-fourriere-nationale\/\"},\"author\":{\"name\":\"Morcire Camara\",\"@id\":\"https:\/\/guineediversite.com\/#\/schema\/person\/fa362494c47202ce4b3adf55abcc9d01\"},\"headline\":\"S\u00e9curit\u00e9 routi\u00e8re : La Guin\u00e9e a d\u00e9sormais une fourri\u00e8re nationale\",\"datePublished\":\"2018-09-13T17:31:09+00:00\",\"dateModified\":\"2018-09-13T17:31:09+00:00\",\"mainEntityOfPage\":{\"@id\":\"https:\/\/guineediversite.com\/index.php\/2018\/09\/13\/securite-routiere-la-guinee-a-desormais-une-fourriere-nationale\/\"},\"wordCount\":382,\"publisher\":{\"@id\":\"https:\/\/guineediversite.com\/#organization\"},\"image\":{\"@id\":\"https:\/\/guineediversite.com\/index.php\/2018\/09\/13\/securite-routiere-la-guinee-a-desormais-une-fourriere-nationale\/#primaryimage\"},\"thumbnailUrl\":\"https:\/\/guineediversite.com\/wp-content\/uploads\/2018\/09\/41777904_538748256590279_8547032932479401984_n.jpg\",\"articleSection\":[\"Soci\u00e9t\u00e9\"],\"inLanguage\":\"fr-FR\"},{\"@type\":\"WebPage\",\"@id\":\"https:\/\/guineediversite.com\/index.php\/2018\/09\/13\/securite-routiere-la-guinee-a-desormais-une-fourriere-nationale\/\",\"url\":\"https:\/\/guineediversite.com\/index.php\/2018\/09\/13\/securite-routiere-la-guinee-a-desormais-une-fourriere-nationale\/\",\"name\":\"S\u00e9curit\u00e9 routi\u00e8re : La Guin\u00e9e a d\u00e9sormais une fourri\u00e8re nationale | Guin\u00e9e Diversit\u00e9\",\"isPartOf\":{\"@id\":\"https:\/\/guineediversite.com\/#website\"},\"primaryImageOfPage\":{\"@id\":\"https:\/\/guineediversite.com\/index.php\/2018\/09\/13\/securite-routiere-la-guinee-a-desormais-une-fourriere-nationale\/#primaryimage\"},\"image\":{\"@id\":\"https:\/\/guineediversite.com\/index.php\/2018\/09\/13\/securite-routiere-la-guinee-a-desormais-une-fourriere-nationale\/#primaryimage\"},\"thumbnailUrl\":\"https:\/\/guineediversite.com\/wp-content\/uploads\/2018\/09\/41777904_538748256590279_8547032932479401984_n.jpg\",\"datePublished\":\"2018-09-13T17:31:09+00:00\",\"dateModified\":\"2018-09-13T17:31:09+00:00\",\"breadcrumb\":{\"@id\":\"https:\/\/guineediversite.com\/index.php\/2018\/09\/13\/securite-routiere-la-guinee-a-desormais-une-fourriere-nationale\/#breadcrumb\"},\"inLanguage\":\"fr-FR\",\"potentialAction\":[{\"@type\":\"ReadAction\",\"target\":[\"https:\/\/guineediversite.com\/index.php\/2018\/09\/13\/securite-routiere-la-guinee-a-desormais-une-fourriere-nationale\/\"]}]},{\"@type\":\"ImageObject\",\"inLanguage\":\"fr-FR\",\"@id\":\"https:\/\/guineediversite.com\/index.php\/2018\/09\/13\/securite-routiere-la-guinee-a-desormais-une-fourriere-nationale\/#primaryimage\",\"url\":\"https:\/\/guineediversite.com\/wp-content\/uploads\/2018\/09\/41777904_538748256590279_8547032932479401984_n.jpg\",\"contentUrl\":\"https:\/\/guineediversite.com\/wp-content\/uploads\/2018\/09\/41777904_538748256590279_8547032932479401984_n.jpg\",\"width\":1024,\"height\":768},{\"@type\":\"BreadcrumbList\",\"@id\":\"https:\/\/guineediversite.com\/index.php\/2018\/09\/13\/securite-routiere-la-guinee-a-desormais-une-fourriere-nationale\/#breadcrumb\",\"itemListElement\":[{\"@type\":\"ListItem\",\"position\":1,\"name\":\"Accueil\",\"item\":\"https:\/\/guineediversite.com\/\"},{\"@type\":\"ListItem\",\"position\":2,\"name\":\"S\u00e9curit\u00e9 routi\u00e8re : La Guin\u00e9e a d\u00e9sormais une fourri\u00e8re nationale\"}]},{\"@type\":\"WebSite\",\"@id\":\"https:\/\/guineediversite.com\/#website\",\"url\":\"https:\/\/guineediversite.com\/\",\"name\":\"Guin\u00e9e Diversit\u00e9\",\"description\":\"L&#039;Info dans toute sa diversit\u00e9\",\"publisher\":{\"@id\":\"https:\/\/guineediversite.com\/#organization\"},\"potentialAction\":[{\"@type\":\"SearchAction\",\"target\":{\"@type\":\"EntryPoint\",\"urlTemplate\":\"https:\/\/guineediversite.com\/?s={search_term_string}\"},\"query-input\":{\"@type\":\"PropertyValueSpecification\",\"valueRequired\":true,\"valueName\":\"search_term_string\"}}],\"inLanguage\":\"fr-FR\"},{\"@type\":\"Organization\",\"@id\":\"https:\/\/guineediversite.com\/#organization\",\"name\":\"Guin\u00e9e Diversit\u00e9\",\"url\":\"https:\/\/guineediversite.com\/\",\"logo\":{\"@type\":\"ImageObject\",\"inLanguage\":\"fr-FR\",\"@id\":\"https:\/\/guineediversite.com\/#\/schema\/logo\/image\/\",\"url\":\"https:\/\/guineediversite.com\/wp-content\/uploads\/2017\/04\/cropped-1jojlxEOMkX9Wyqfhe43D6kjPOGqBBKmx3EwWJqZ0cMrFF54yM49.png\",\"contentUrl\":\"https:\/\/guineediversite.com\/wp-content\/uploads\/2017\/04\/cropped-1jojlxEOMkX9Wyqfhe43D6kjPOGqBBKmx3EwWJqZ0cMrFF54yM49.png\",\"width\":186,\"height\":112,\"caption\":\"Guin\u00e9e Diversit\u00e9\"},\"image\":{\"@id\":\"https:\/\/guineediversite.com\/#\/schema\/logo\/image\/\"},\"sameAs\":[\"https:\/\/www.facebook.com\/guineediversite\/\",\"https:\/\/x.com\/GuineeDiversite\",\"https:\/\/www.youtube.com\/channel\/UC8sUY16qelG5ge6_D5SB83g\"]},{\"@type\":\"Person\",\"@id\":\"https:\/\/guineediversite.com\/#\/schema\/person\/fa362494c47202ce4b3adf55abcc9d01\",\"name\":\"Morcire Camara\",\"image\":{\"@type\":\"ImageObject\",\"inLanguage\":\"fr-FR\",\"@id\":\"https:\/\/guineediversite.com\/#\/schema\/person\/image\/\",\"url\":\"https:\/\/secure.gravatar.com\/avatar\/3ec324f02295bbcebe03d99b39330ab4?s=96&d=mm&r=g\",\"contentUrl\":\"https:\/\/secure.gravatar.com\/avatar\/3ec324f02295bbcebe03d99b39330ab4?s=96&d=mm&r=g\",\"caption\":\"Morcire Camara\"},\"url\":\"https:\/\/guineediversite.com\/index.php\/author\/morcire\/\"}]}<\/script>\n<!-- \/ Yoast SEO plugin. -->","yoast_head_json":{"title":"S\u00e9curit\u00e9 routi\u00e8re : La Guin\u00e9e a d\u00e9sormais une fourri\u00e8re nationale | Guin\u00e9e Diversit\u00e9","robots":{"index":"index","follow":"follow","max-snippet":"max-snippet:-1","max-image-preview":"max-image-preview:large","max-video-preview":"max-video-preview:-1"},"canonical":"https:\/\/guineediversite.com\/index.php\/2018\/09\/13\/securite-routiere-la-guinee-a-desormais-une-fourriere-nationale\/","og_locale":"fr_FR","og_type":"article","og_title":"S\u00e9curit\u00e9 routi\u00e8re : La Guin\u00e9e a d\u00e9sormais une fourri\u00e8re nationale | Guin\u00e9e Diversit\u00e9","og_description":"L\u2019inauguration de cette fourri\u00e8re nationale\u00a0 a \u00e9t\u00e9 faite ce mercredi 12 Septembre 2018 par le ministre de la s\u00e9curit\u00e9 et de la protection civile. Elle est\u00a0 Situ\u00e9e \u00e0 bonfi dans la commune de Matam, la fourri\u00e8re nationale \u00a0a une capacit\u00e9 d\u2019accueil d\u2019environ 150 \u00e0 200 v\u00e9hicules, \u00a0elle est battue sur une superficie de 3235 m\u00e8tres [&hellip;]","og_url":"https:\/\/guineediversite.com\/index.php\/2018\/09\/13\/securite-routiere-la-guinee-a-desormais-une-fourriere-nationale\/","og_site_name":"Guin\u00e9e Diversit\u00e9","article_publisher":"https:\/\/www.facebook.com\/guineediversite\/","article_published_time":"2018-09-13T17:31:09+00:00","og_image":[{"width":1024,"height":768,"url":"https:\/\/guineediversite.com\/wp-content\/uploads\/2018\/09\/41777904_538748256590279_8547032932479401984_n.jpg","type":"image\/jpeg"}],"author":"Morcire Camara","twitter_card":"summary_large_image","twitter_creator":"@GuineeDiversite","twitter_site":"@GuineeDiversite","twitter_misc":{"\u00c9crit par":"Morcire Camara","Dur\u00e9e de lecture estim\u00e9e":"2 minutes"},"schema":{"@context":"https:\/\/schema.org","@graph":[{"@type":"Article","@id":"https:\/\/guineediversite.com\/index.php\/2018\/09\/13\/securite-routiere-la-guinee-a-desormais-une-fourriere-nationale\/#article","isPartOf":{"@id":"https:\/\/guineediversite.com\/index.php\/2018\/09\/13\/securite-routiere-la-guinee-a-desormais-une-fourriere-nationale\/"},"author":{"name":"Morcire Camara","@id":"https:\/\/guineediversite.com\/#\/schema\/person\/fa362494c47202ce4b3adf55abcc9d01"},"headline":"S\u00e9curit\u00e9 routi\u00e8re : La Guin\u00e9e a d\u00e9sormais une fourri\u00e8re nationale","datePublished":"2018-09-13T17:31:09+00:00","dateModified":"2018-09-13T17:31:09+00:00","mainEntityOfPage":{"@id":"https:\/\/guineediversite.com\/index.php\/2018\/09\/13\/securite-routiere-la-guinee-a-desormais-une-fourriere-nationale\/"},"wordCount":382,"publisher":{"@id":"https:\/\/guineediversite.com\/#organization"},"image":{"@id":"https:\/\/guineediversite.com\/index.php\/2018\/09\/13\/securite-routiere-la-guinee-a-desormais-une-fourriere-nationale\/#primaryimage"},"thumbnailUrl":"https:\/\/guineediversite.com\/wp-content\/uploads\/2018\/09\/41777904_538748256590279_8547032932479401984_n.jpg","articleSection":["Soci\u00e9t\u00e9"],"inLanguage":"fr-FR"},{"@type":"WebPage","@id":"https:\/\/guineediversite.com\/index.php\/2018\/09\/13\/securite-routiere-la-guinee-a-desormais-une-fourriere-nationale\/","url":"https:\/\/guineediversite.com\/index.php\/2018\/09\/13\/securite-routiere-la-guinee-a-desormais-une-fourriere-nationale\/","name":"S\u00e9curit\u00e9 routi\u00e8re : La Guin\u00e9e a d\u00e9sormais une fourri\u00e8re nationale | Guin\u00e9e Diversit\u00e9","isPartOf":{"@id":"https:\/\/guineediversite.com\/#website"},"primaryImageOfPage":{"@id":"https:\/\/guineediversite.com\/index.php\/2018\/09\/13\/securite-routiere-la-guinee-a-desormais-une-fourriere-nationale\/#primaryimage"},"image":{"@id":"https:\/\/guineediversite.com\/index.php\/2018\/09\/13\/securite-routiere-la-guinee-a-desormais-une-fourriere-nationale\/#primaryimage"},"thumbnailUrl":"https:\/\/guineediversite.com\/wp-content\/uploads\/2018\/09\/41777904_538748256590279_8547032932479401984_n.jpg","datePublished":"2018-09-13T17:31:09+00:00","dateModified":"2018-09-13T17:31:09+00:00","breadcrumb":{"@id":"https:\/\/guineediversite.com\/index.php\/2018\/09\/13\/securite-routiere-la-guinee-a-desormais-une-fourriere-nationale\/#breadcrumb"},"inLanguage":"fr-FR","potentialAction":[{"@type":"ReadAction","target":["https:\/\/guineediversite.com\/index.php\/2018\/09\/13\/securite-routiere-la-guinee-a-desormais-une-fourriere-nationale\/"]}]},{"@type":"ImageObject","inLanguage":"fr-FR","@id":"https:\/\/guineediversite.com\/index.php\/2018\/09\/13\/securite-routiere-la-guinee-a-desormais-une-fourriere-nationale\/#primaryimage","url":"https:\/\/guineediversite.com\/wp-content\/uploads\/2018\/09\/41777904_538748256590279_8547032932479401984_n.jpg","contentUrl":"https:\/\/guineediversite.com\/wp-content\/uploads\/2018\/09\/41777904_538748256590279_8547032932479401984_n.jpg","width":1024,"height":768},{"@type":"BreadcrumbList","@id":"https:\/\/guineediversite.com\/index.php\/2018\/09\/13\/securite-routiere-la-guinee-a-desormais-une-fourriere-nationale\/#breadcrumb","itemListElement":[{"@type":"ListItem","position":1,"name":"Accueil","item":"https:\/\/guineediversite.com\/"},{"@type":"ListItem","position":2,"name":"S\u00e9curit\u00e9 routi\u00e8re : La Guin\u00e9e a d\u00e9sormais une fourri\u00e8re nationale"}]},{"@type":"WebSite","@id":"https:\/\/guineediversite.com\/#website","url":"https:\/\/guineediversite.com\/","name":"Guin\u00e9e Diversit\u00e9","description":"L&#039;Info dans toute sa diversit\u00e9","publisher":{"@id":"https:\/\/guineediversite.com\/#organization"},"potentialAction":[{"@type":"SearchAction","target":{"@type":"EntryPoint","urlTemplate":"https:\/\/guineediversite.com\/?s={search_term_string}"},"query-input":{"@type":"PropertyValueSpecification","valueRequired":true,"valueName":"search_term_string"}}],"inLanguage":"fr-FR"},{"@type":"Organization","@id":"https:\/\/guineediversite.com\/#organization","name":"Guin\u00e9e Diversit\u00e9","url":"https:\/\/guineediversite.com\/","logo":{"@type":"ImageObject","inLanguage":"fr-FR","@id":"https:\/\/guineediversite.com\/#\/schema\/logo\/image\/","url":"https:\/\/guineediversite.com\/wp-content\/uploads\/2017\/04\/cropped-1jojlxEOMkX9Wyqfhe43D6kjPOGqBBKmx3EwWJqZ0cMrFF54yM49.png","contentUrl":"https:\/\/guineediversite.com\/wp-content\/uploads\/2017\/04\/cropped-1jojlxEOMkX9Wyqfhe43D6kjPOGqBBKmx3EwWJqZ0cMrFF54yM49.png","width":186,"height":112,"caption":"Guin\u00e9e Diversit\u00e9"},"image":{"@id":"https:\/\/guineediversite.com\/#\/schema\/logo\/image\/"},"sameAs":["https:\/\/www.facebook.com\/guineediversite\/","https:\/\/x.com\/GuineeDiversite","https:\/\/www.youtube.com\/channel\/UC8sUY16qelG5ge6_D5SB83g"]},{"@type":"Person","@id":"https:\/\/guineediversite.com\/#\/schema\/person\/fa362494c47202ce4b3adf55abcc9d01","name":"Morcire Camara","image":{"@type":"ImageObject","inLanguage":"fr-FR","@id":"https:\/\/guineediversite.com\/#\/schema\/person\/image\/","url":"https:\/\/secure.gravatar.com\/avatar\/3ec324f02295bbcebe03d99b39330ab4?s=96&d=mm&r=g","contentUrl":"https:\/\/secure.gravatar.com\/avatar\/3ec324f02295bbcebe03d99b39330ab4?s=96&d=mm&r=g","caption":"Morcire Camara"},"url":"https:\/\/guineediversite.com\/index.php\/author\/morcire\/"}]}},"_links":{"self":[{"href":"https:\/\/guineediversite.com\/index.php\/wp-json\/wp\/v2\/posts\/26605"}],"collection":[{"href":"https:\/\/guineediversite.com\/index.php\/wp-json\/wp\/v2\/posts"}],"about":[{"href":"https:\/\/guineediversite.com\/index.php\/wp-json\/wp\/v2\/types\/post"}],"author":[{"embeddable":true,"href":"https:\/\/guineediversite.com\/index.php\/wp-json\/wp\/v2\/users\/10"}],"replies":[{"embeddable":true,"href":"https:\/\/guineediversite.com\/index.php\/wp-json\/wp\/v2\/comments?post=26605"}],"version-history":[{"count":0,"href":"https:\/\/guineediversite.com\/index.php\/wp-json\/wp\/v2\/posts\/26605\/revisions"}],"wp:featuredmedia":[{"embeddable":true,"href":"https:\/\/guineediversite.com\/index.php\/wp-json\/wp\/v2\/media\/26606"}],"wp:attachment":[{"href":"https:\/\/guineediversite.com\/index.php\/wp-json\/wp\/v2\/media?parent=26605"}],"wp:term":[{"taxonomy":"category","embeddable":true,"href":"https:\/\/guineediversite.com\/index.php\/wp-json\/wp\/v2\/categories?post=26605"},{"taxonomy":"post_tag","embeddable":true,"href":"https:\/\/guineediversite.com\/index.php\/wp-json\/wp\/v2\/tags?post=26605"}],"curies":[{"name":"wp","href":"https:\/\/api.w.org\/{rel}","templated":true}]}}