{"id":26601,"date":"2018-09-13T18:30:34","date_gmt":"2018-09-13T16:30:34","guid":{"rendered":"https:\/\/guineediversite.com\/?p=26601"},"modified":"2018-09-13T18:44:27","modified_gmt":"2018-09-13T16:44:27","slug":"crise-a-la-cour-constitutionnelle-cest-un-coup-detat-constitutionnelle-dixit-sekou-koundouno","status":"publish","type":"post","link":"https:\/\/guineediversite.com\/index.php\/2018\/09\/13\/crise-a-la-cour-constitutionnelle-cest-un-coup-detat-constitutionnelle-dixit-sekou-koundouno\/","title":{"rendered":"Crise \u00e0 la cour constitutionnelle : \u00ab C\u2019est un coup d\u2019Etat constitutionnelle\u2026 \u00bb Dixit S\u00e9kou Koundouno"},"content":{"rendered":"<p>La cellule Ballai citoyen s\u2019insurge et appelle \u00e0 une mobilisation des forces vives contre ce qu\u2019elle qualifie de r\u00e9bellion orchestr\u00e9e par les conseillers de la Cour Constitutionnelle \u00e0 l\u2019\u00e9gard du pr\u00e9sident Kelefa Sall. Cette plateforme l\u2019a fait savoir ce jeudi lors d\u2019un point de presse qu\u2019elle a tenu ce jeudi 13 septembre \u00e0 son si\u00e8ge.<\/p>\n<p>Tr\u00e8s remont\u00e9, le pr\u00e9sident de la plate-forme Cellule Ballai Citoyen a qualifi\u00e9 cette nouvelle tentative de \u00ab\u00a0destitution\u00a0\u00bb du pr\u00e9sident de la Cour Constitutionnelle par les conseillers d\u2019un coup d\u2019\u00c9tat constitutionnelle. S\u00e9kou Koundouno pr\u00e9sident de la plateforme Cellule Ballai Citoyen, affirme \u00ab c\u2019est une insulte m\u00eame \u00e0 la m\u00e9moire du peuple souverain de Guin\u00e9e, que des d\u00e9linquants faces une motion de d\u00e9fiance et d\u2019ailleurs je vous informe que ce jargon ne figure ni dans la constitution guin\u00e9enne, ni dans la loi L06 qui d\u00e9finit le fonctionnement de la cour constitutionnelle. Ce jargon de politicien utilis\u00e9 dans les r\u00e9gimes parlementaires ou l\u2019assembl\u00e9e a la capacit\u00e9 de destituer le pr\u00e9sident. Je vous dis tant que la cour supr\u00eame ne se r\u00e9unit pas de fa\u00e7on conjointe avec la cour constitutionnelle, il est inadmissible. M\u00eame Alpha cond\u00e9 ne peut pas d\u00e9mettre Kelefa Sall. \u00bb<\/p>\n<p>Sur cette question d\u2019instabilit\u00e9 de la cour constitutionnelle, la cellule ballai Citoyen lance un appel de mobilisation \u00e0 tous les niveaux. \u00ab D\u00e8s ce lundi nous allons nous mobiliser, le premier d\u00e9linquant \u00e0 emp\u00eacher Kelefa Sall d\u2019acc\u00e9der \u00e0 son bureau marchera sur notre cadavre. On a d\u00e9j\u00e0 pris langue avec les partis politiques de l\u2019opposition, je l\u2019ai tant t\u00f4t dit ici que la chose qui sera inadmissible en Guin\u00e9e c\u2019est de r\u00eaver \u00e0 un troisi\u00e8me mandat pour Alpha Cond\u00e9. Il est inadmissible, au Ballai, il est inconcevable. On se battra au prix de notre vie, c\u2019est pourquoi nous appelons \u00e0 la mobilisation des partis politiques de l\u2019opposition et aux syndicats, \u00bb ajoute-t-il.<\/p>\n<p>Selon Sekou Koundouno, c\u2019est seulement en cas de parjure qu\u2019il serait possible de destituer Kelefa Sall comme le stipule l\u2019article 84 alin\u00e9a 2 de la loi L06 sur la cour constitutionnelle.<\/p>\n","protected":false},"excerpt":{"rendered":"<p>La cellule Ballai citoyen s\u2019insurge et appelle \u00e0 une mobilisation des forces vives contre ce qu\u2019elle qualifie de r\u00e9bellion orchestr\u00e9e par les conseillers de la Cour Constitutionnelle \u00e0 l\u2019\u00e9gard du pr\u00e9sident Kelefa Sall. Cette plateforme l\u2019a fait savoir ce jeudi lors d\u2019un point de presse qu\u2019elle a tenu ce jeudi 13 septembre \u00e0 son si\u00e8ge. [&hellip;]<\/p>\n","protected":false},"author":10,"featured_media":26602,"comment_status":"closed","ping_status":"closed","sticky":false,"template":"","format":"standard","meta":{"_exactmetrics_skip_tracking":false,"_exactmetrics_sitenote_active":false,"_exactmetrics_sitenote_note":"","_exactmetrics_sitenote_category":0,"tdm_status":"","tdm_grid_status":"","footnotes":""},"categories":[16],"tags":[],"class_list":{"0":"post-26601","1":"post","2":"type-post","3":"status-publish","4":"format-standard","5":"has-post-thumbnail","7":"category-societe"},"yoast_head":"<!-- This site is optimized with the Yoast SEO plugin v24.2 - https:\/\/yoast.com\/wordpress\/plugins\/seo\/ -->\n<title>Crise \u00e0 la cour constitutionnelle : \u00ab C\u2019est un coup d\u2019Etat constitutionnelle\u2026 \u00bb Dixit S\u00e9kou Koundouno | Guin\u00e9e Diversit\u00e9<\/title>\n<meta name=\"robots\" content=\"index, follow, max-snippet:-1, max-image-preview:large, max-video-preview:-1\" \/>\n<link rel=\"canonical\" href=\"https:\/\/guineediversite.com\/index.php\/2018\/09\/13\/crise-a-la-cour-constitutionnelle-cest-un-coup-detat-constitutionnelle-dixit-sekou-koundouno\/\" \/>\n<meta property=\"og:locale\" content=\"fr_FR\" \/>\n<meta property=\"og:type\" content=\"article\" \/>\n<meta property=\"og:title\" content=\"Crise \u00e0 la cour constitutionnelle : \u00ab C\u2019est un coup d\u2019Etat constitutionnelle\u2026 \u00bb Dixit S\u00e9kou Koundouno | Guin\u00e9e Diversit\u00e9\" \/>\n<meta property=\"og:description\" content=\"La cellule Ballai citoyen s\u2019insurge et appelle \u00e0 une mobilisation des forces vives contre ce qu\u2019elle qualifie de r\u00e9bellion orchestr\u00e9e par les conseillers de la Cour Constitutionnelle \u00e0 l\u2019\u00e9gard du pr\u00e9sident Kelefa Sall. Cette plateforme l\u2019a fait savoir ce jeudi lors d\u2019un point de presse qu\u2019elle a tenu ce jeudi 13 septembre \u00e0 son si\u00e8ge. [&hellip;]\" \/>\n<meta property=\"og:url\" content=\"https:\/\/guineediversite.com\/index.php\/2018\/09\/13\/crise-a-la-cour-constitutionnelle-cest-un-coup-detat-constitutionnelle-dixit-sekou-koundouno\/\" \/>\n<meta property=\"og:site_name\" content=\"Guin\u00e9e Diversit\u00e9\" \/>\n<meta property=\"article:publisher\" content=\"https:\/\/www.facebook.com\/guineediversite\/\" \/>\n<meta property=\"article:published_time\" content=\"2018-09-13T16:30:34+00:00\" \/>\n<meta property=\"article:modified_time\" content=\"2018-09-13T16:44:27+00:00\" \/>\n<meta property=\"og:image\" content=\"https:\/\/guineediversite.com\/wp-content\/uploads\/2018\/09\/41647169_1806786766107375_4794338590840586240_n.jpg\" \/>\n\t<meta property=\"og:image:width\" content=\"1224\" \/>\n\t<meta property=\"og:image:height\" content=\"918\" \/>\n\t<meta property=\"og:image:type\" content=\"image\/jpeg\" \/>\n<meta name=\"author\" content=\"Morcire Camara\" \/>\n<meta name=\"twitter:card\" content=\"summary_large_image\" \/>\n<meta name=\"twitter:creator\" content=\"@GuineeDiversite\" \/>\n<meta name=\"twitter:site\" content=\"@GuineeDiversite\" \/>\n<meta name=\"twitter:label1\" content=\"\u00c9crit par\" \/>\n\t<meta name=\"twitter:data1\" content=\"Morcire Camara\" \/>\n\t<meta name=\"twitter:label2\" content=\"Dur\u00e9e de lecture estim\u00e9e\" \/>\n\t<meta name=\"twitter:data2\" content=\"2 minutes\" \/>\n<script type=\"application\/ld+json\" class=\"yoast-schema-graph\">{\"@context\":\"https:\/\/schema.org\",\"@graph\":[{\"@type\":\"Article\",\"@id\":\"https:\/\/guineediversite.com\/index.php\/2018\/09\/13\/crise-a-la-cour-constitutionnelle-cest-un-coup-detat-constitutionnelle-dixit-sekou-koundouno\/#article\",\"isPartOf\":{\"@id\":\"https:\/\/guineediversite.com\/index.php\/2018\/09\/13\/crise-a-la-cour-constitutionnelle-cest-un-coup-detat-constitutionnelle-dixit-sekou-koundouno\/\"},\"author\":{\"name\":\"Morcire Camara\",\"@id\":\"https:\/\/guineediversite.com\/#\/schema\/person\/fa362494c47202ce4b3adf55abcc9d01\"},\"headline\":\"Crise \u00e0 la cour constitutionnelle : \u00ab C\u2019est un coup d\u2019Etat constitutionnelle\u2026 \u00bb Dixit S\u00e9kou Koundouno\",\"datePublished\":\"2018-09-13T16:30:34+00:00\",\"dateModified\":\"2018-09-13T16:44:27+00:00\",\"mainEntityOfPage\":{\"@id\":\"https:\/\/guineediversite.com\/index.php\/2018\/09\/13\/crise-a-la-cour-constitutionnelle-cest-un-coup-detat-constitutionnelle-dixit-sekou-koundouno\/\"},\"wordCount\":391,\"publisher\":{\"@id\":\"https:\/\/guineediversite.com\/#organization\"},\"image\":{\"@id\":\"https:\/\/guineediversite.com\/index.php\/2018\/09\/13\/crise-a-la-cour-constitutionnelle-cest-un-coup-detat-constitutionnelle-dixit-sekou-koundouno\/#primaryimage\"},\"thumbnailUrl\":\"https:\/\/guineediversite.com\/wp-content\/uploads\/2018\/09\/41647169_1806786766107375_4794338590840586240_n.jpg\",\"articleSection\":[\"Soci\u00e9t\u00e9\"],\"inLanguage\":\"fr-FR\"},{\"@type\":\"WebPage\",\"@id\":\"https:\/\/guineediversite.com\/index.php\/2018\/09\/13\/crise-a-la-cour-constitutionnelle-cest-un-coup-detat-constitutionnelle-dixit-sekou-koundouno\/\",\"url\":\"https:\/\/guineediversite.com\/index.php\/2018\/09\/13\/crise-a-la-cour-constitutionnelle-cest-un-coup-detat-constitutionnelle-dixit-sekou-koundouno\/\",\"name\":\"Crise \u00e0 la cour constitutionnelle : \u00ab C\u2019est un coup d\u2019Etat constitutionnelle\u2026 \u00bb Dixit S\u00e9kou Koundouno | Guin\u00e9e Diversit\u00e9\",\"isPartOf\":{\"@id\":\"https:\/\/guineediversite.com\/#website\"},\"primaryImageOfPage\":{\"@id\":\"https:\/\/guineediversite.com\/index.php\/2018\/09\/13\/crise-a-la-cour-constitutionnelle-cest-un-coup-detat-constitutionnelle-dixit-sekou-koundouno\/#primaryimage\"},\"image\":{\"@id\":\"https:\/\/guineediversite.com\/index.php\/2018\/09\/13\/crise-a-la-cour-constitutionnelle-cest-un-coup-detat-constitutionnelle-dixit-sekou-koundouno\/#primaryimage\"},\"thumbnailUrl\":\"https:\/\/guineediversite.com\/wp-content\/uploads\/2018\/09\/41647169_1806786766107375_4794338590840586240_n.jpg\",\"datePublished\":\"2018-09-13T16:30:34+00:00\",\"dateModified\":\"2018-09-13T16:44:27+00:00\",\"breadcrumb\":{\"@id\":\"https:\/\/guineediversite.com\/index.php\/2018\/09\/13\/crise-a-la-cour-constitutionnelle-cest-un-coup-detat-constitutionnelle-dixit-sekou-koundouno\/#breadcrumb\"},\"inLanguage\":\"fr-FR\",\"potentialAction\":[{\"@type\":\"ReadAction\",\"target\":[\"https:\/\/guineediversite.com\/index.php\/2018\/09\/13\/crise-a-la-cour-constitutionnelle-cest-un-coup-detat-constitutionnelle-dixit-sekou-koundouno\/\"]}]},{\"@type\":\"ImageObject\",\"inLanguage\":\"fr-FR\",\"@id\":\"https:\/\/guineediversite.com\/index.php\/2018\/09\/13\/crise-a-la-cour-constitutionnelle-cest-un-coup-detat-constitutionnelle-dixit-sekou-koundouno\/#primaryimage\",\"url\":\"https:\/\/guineediversite.com\/wp-content\/uploads\/2018\/09\/41647169_1806786766107375_4794338590840586240_n.jpg\",\"contentUrl\":\"https:\/\/guineediversite.com\/wp-content\/uploads\/2018\/09\/41647169_1806786766107375_4794338590840586240_n.jpg\",\"width\":1224,\"height\":918},{\"@type\":\"BreadcrumbList\",\"@id\":\"https:\/\/guineediversite.com\/index.php\/2018\/09\/13\/crise-a-la-cour-constitutionnelle-cest-un-coup-detat-constitutionnelle-dixit-sekou-koundouno\/#breadcrumb\",\"itemListElement\":[{\"@type\":\"ListItem\",\"position\":1,\"name\":\"Accueil\",\"item\":\"https:\/\/guineediversite.com\/\"},{\"@type\":\"ListItem\",\"position\":2,\"name\":\"Crise \u00e0 la cour constitutionnelle : \u00ab C\u2019est un coup d\u2019Etat constitutionnelle\u2026 \u00bb Dixit S\u00e9kou Koundouno\"}]},{\"@type\":\"WebSite\",\"@id\":\"https:\/\/guineediversite.com\/#website\",\"url\":\"https:\/\/guineediversite.com\/\",\"name\":\"Guin\u00e9e Diversit\u00e9\",\"description\":\"L&#039;Info dans toute sa diversit\u00e9\",\"publisher\":{\"@id\":\"https:\/\/guineediversite.com\/#organization\"},\"potentialAction\":[{\"@type\":\"SearchAction\",\"target\":{\"@type\":\"EntryPoint\",\"urlTemplate\":\"https:\/\/guineediversite.com\/?s={search_term_string}\"},\"query-input\":{\"@type\":\"PropertyValueSpecification\",\"valueRequired\":true,\"valueName\":\"search_term_string\"}}],\"inLanguage\":\"fr-FR\"},{\"@type\":\"Organization\",\"@id\":\"https:\/\/guineediversite.com\/#organization\",\"name\":\"Guin\u00e9e Diversit\u00e9\",\"url\":\"https:\/\/guineediversite.com\/\",\"logo\":{\"@type\":\"ImageObject\",\"inLanguage\":\"fr-FR\",\"@id\":\"https:\/\/guineediversite.com\/#\/schema\/logo\/image\/\",\"url\":\"https:\/\/guineediversite.com\/wp-content\/uploads\/2017\/04\/cropped-1jojlxEOMkX9Wyqfhe43D6kjPOGqBBKmx3EwWJqZ0cMrFF54yM49.png\",\"contentUrl\":\"https:\/\/guineediversite.com\/wp-content\/uploads\/2017\/04\/cropped-1jojlxEOMkX9Wyqfhe43D6kjPOGqBBKmx3EwWJqZ0cMrFF54yM49.png\",\"width\":186,\"height\":112,\"caption\":\"Guin\u00e9e Diversit\u00e9\"},\"image\":{\"@id\":\"https:\/\/guineediversite.com\/#\/schema\/logo\/image\/\"},\"sameAs\":[\"https:\/\/www.facebook.com\/guineediversite\/\",\"https:\/\/x.com\/GuineeDiversite\",\"https:\/\/www.youtube.com\/channel\/UC8sUY16qelG5ge6_D5SB83g\"]},{\"@type\":\"Person\",\"@id\":\"https:\/\/guineediversite.com\/#\/schema\/person\/fa362494c47202ce4b3adf55abcc9d01\",\"name\":\"Morcire Camara\",\"image\":{\"@type\":\"ImageObject\",\"inLanguage\":\"fr-FR\",\"@id\":\"https:\/\/guineediversite.com\/#\/schema\/person\/image\/\",\"url\":\"https:\/\/secure.gravatar.com\/avatar\/3ec324f02295bbcebe03d99b39330ab4?s=96&d=mm&r=g\",\"contentUrl\":\"https:\/\/secure.gravatar.com\/avatar\/3ec324f02295bbcebe03d99b39330ab4?s=96&d=mm&r=g\",\"caption\":\"Morcire Camara\"},\"url\":\"https:\/\/guineediversite.com\/index.php\/author\/morcire\/\"}]}<\/script>\n<!-- \/ Yoast SEO plugin. -->","yoast_head_json":{"title":"Crise \u00e0 la cour constitutionnelle : \u00ab C\u2019est un coup d\u2019Etat constitutionnelle\u2026 \u00bb Dixit S\u00e9kou Koundouno | Guin\u00e9e Diversit\u00e9","robots":{"index":"index","follow":"follow","max-snippet":"max-snippet:-1","max-image-preview":"max-image-preview:large","max-video-preview":"max-video-preview:-1"},"canonical":"https:\/\/guineediversite.com\/index.php\/2018\/09\/13\/crise-a-la-cour-constitutionnelle-cest-un-coup-detat-constitutionnelle-dixit-sekou-koundouno\/","og_locale":"fr_FR","og_type":"article","og_title":"Crise \u00e0 la cour constitutionnelle : \u00ab C\u2019est un coup d\u2019Etat constitutionnelle\u2026 \u00bb Dixit S\u00e9kou Koundouno | Guin\u00e9e Diversit\u00e9","og_description":"La cellule Ballai citoyen s\u2019insurge et appelle \u00e0 une mobilisation des forces vives contre ce qu\u2019elle qualifie de r\u00e9bellion orchestr\u00e9e par les conseillers de la Cour Constitutionnelle \u00e0 l\u2019\u00e9gard du pr\u00e9sident Kelefa Sall. Cette plateforme l\u2019a fait savoir ce jeudi lors d\u2019un point de presse qu\u2019elle a tenu ce jeudi 13 septembre \u00e0 son si\u00e8ge. [&hellip;]","og_url":"https:\/\/guineediversite.com\/index.php\/2018\/09\/13\/crise-a-la-cour-constitutionnelle-cest-un-coup-detat-constitutionnelle-dixit-sekou-koundouno\/","og_site_name":"Guin\u00e9e Diversit\u00e9","article_publisher":"https:\/\/www.facebook.com\/guineediversite\/","article_published_time":"2018-09-13T16:30:34+00:00","article_modified_time":"2018-09-13T16:44:27+00:00","og_image":[{"width":1224,"height":918,"url":"https:\/\/guineediversite.com\/wp-content\/uploads\/2018\/09\/41647169_1806786766107375_4794338590840586240_n.jpg","type":"image\/jpeg"}],"author":"Morcire Camara","twitter_card":"summary_large_image","twitter_creator":"@GuineeDiversite","twitter_site":"@GuineeDiversite","twitter_misc":{"\u00c9crit par":"Morcire Camara","Dur\u00e9e de lecture estim\u00e9e":"2 minutes"},"schema":{"@context":"https:\/\/schema.org","@graph":[{"@type":"Article","@id":"https:\/\/guineediversite.com\/index.php\/2018\/09\/13\/crise-a-la-cour-constitutionnelle-cest-un-coup-detat-constitutionnelle-dixit-sekou-koundouno\/#article","isPartOf":{"@id":"https:\/\/guineediversite.com\/index.php\/2018\/09\/13\/crise-a-la-cour-constitutionnelle-cest-un-coup-detat-constitutionnelle-dixit-sekou-koundouno\/"},"author":{"name":"Morcire Camara","@id":"https:\/\/guineediversite.com\/#\/schema\/person\/fa362494c47202ce4b3adf55abcc9d01"},"headline":"Crise \u00e0 la cour constitutionnelle : \u00ab C\u2019est un coup d\u2019Etat constitutionnelle\u2026 \u00bb Dixit S\u00e9kou Koundouno","datePublished":"2018-09-13T16:30:34+00:00","dateModified":"2018-09-13T16:44:27+00:00","mainEntityOfPage":{"@id":"https:\/\/guineediversite.com\/index.php\/2018\/09\/13\/crise-a-la-cour-constitutionnelle-cest-un-coup-detat-constitutionnelle-dixit-sekou-koundouno\/"},"wordCount":391,"publisher":{"@id":"https:\/\/guineediversite.com\/#organization"},"image":{"@id":"https:\/\/guineediversite.com\/index.php\/2018\/09\/13\/crise-a-la-cour-constitutionnelle-cest-un-coup-detat-constitutionnelle-dixit-sekou-koundouno\/#primaryimage"},"thumbnailUrl":"https:\/\/guineediversite.com\/wp-content\/uploads\/2018\/09\/41647169_1806786766107375_4794338590840586240_n.jpg","articleSection":["Soci\u00e9t\u00e9"],"inLanguage":"fr-FR"},{"@type":"WebPage","@id":"https:\/\/guineediversite.com\/index.php\/2018\/09\/13\/crise-a-la-cour-constitutionnelle-cest-un-coup-detat-constitutionnelle-dixit-sekou-koundouno\/","url":"https:\/\/guineediversite.com\/index.php\/2018\/09\/13\/crise-a-la-cour-constitutionnelle-cest-un-coup-detat-constitutionnelle-dixit-sekou-koundouno\/","name":"Crise \u00e0 la cour constitutionnelle : \u00ab C\u2019est un coup d\u2019Etat constitutionnelle\u2026 \u00bb Dixit S\u00e9kou Koundouno | Guin\u00e9e Diversit\u00e9","isPartOf":{"@id":"https:\/\/guineediversite.com\/#website"},"primaryImageOfPage":{"@id":"https:\/\/guineediversite.com\/index.php\/2018\/09\/13\/crise-a-la-cour-constitutionnelle-cest-un-coup-detat-constitutionnelle-dixit-sekou-koundouno\/#primaryimage"},"image":{"@id":"https:\/\/guineediversite.com\/index.php\/2018\/09\/13\/crise-a-la-cour-constitutionnelle-cest-un-coup-detat-constitutionnelle-dixit-sekou-koundouno\/#primaryimage"},"thumbnailUrl":"https:\/\/guineediversite.com\/wp-content\/uploads\/2018\/09\/41647169_1806786766107375_4794338590840586240_n.jpg","datePublished":"2018-09-13T16:30:34+00:00","dateModified":"2018-09-13T16:44:27+00:00","breadcrumb":{"@id":"https:\/\/guineediversite.com\/index.php\/2018\/09\/13\/crise-a-la-cour-constitutionnelle-cest-un-coup-detat-constitutionnelle-dixit-sekou-koundouno\/#breadcrumb"},"inLanguage":"fr-FR","potentialAction":[{"@type":"ReadAction","target":["https:\/\/guineediversite.com\/index.php\/2018\/09\/13\/crise-a-la-cour-constitutionnelle-cest-un-coup-detat-constitutionnelle-dixit-sekou-koundouno\/"]}]},{"@type":"ImageObject","inLanguage":"fr-FR","@id":"https:\/\/guineediversite.com\/index.php\/2018\/09\/13\/crise-a-la-cour-constitutionnelle-cest-un-coup-detat-constitutionnelle-dixit-sekou-koundouno\/#primaryimage","url":"https:\/\/guineediversite.com\/wp-content\/uploads\/2018\/09\/41647169_1806786766107375_4794338590840586240_n.jpg","contentUrl":"https:\/\/guineediversite.com\/wp-content\/uploads\/2018\/09\/41647169_1806786766107375_4794338590840586240_n.jpg","width":1224,"height":918},{"@type":"BreadcrumbList","@id":"https:\/\/guineediversite.com\/index.php\/2018\/09\/13\/crise-a-la-cour-constitutionnelle-cest-un-coup-detat-constitutionnelle-dixit-sekou-koundouno\/#breadcrumb","itemListElement":[{"@type":"ListItem","position":1,"name":"Accueil","item":"https:\/\/guineediversite.com\/"},{"@type":"ListItem","position":2,"name":"Crise \u00e0 la cour constitutionnelle : \u00ab C\u2019est un coup d\u2019Etat constitutionnelle\u2026 \u00bb Dixit S\u00e9kou Koundouno"}]},{"@type":"WebSite","@id":"https:\/\/guineediversite.com\/#website","url":"https:\/\/guineediversite.com\/","name":"Guin\u00e9e Diversit\u00e9","description":"L&#039;Info dans toute sa diversit\u00e9","publisher":{"@id":"https:\/\/guineediversite.com\/#organization"},"potentialAction":[{"@type":"SearchAction","target":{"@type":"EntryPoint","urlTemplate":"https:\/\/guineediversite.com\/?s={search_term_string}"},"query-input":{"@type":"PropertyValueSpecification","valueRequired":true,"valueName":"search_term_string"}}],"inLanguage":"fr-FR"},{"@type":"Organization","@id":"https:\/\/guineediversite.com\/#organization","name":"Guin\u00e9e Diversit\u00e9","url":"https:\/\/guineediversite.com\/","logo":{"@type":"ImageObject","inLanguage":"fr-FR","@id":"https:\/\/guineediversite.com\/#\/schema\/logo\/image\/","url":"https:\/\/guineediversite.com\/wp-content\/uploads\/2017\/04\/cropped-1jojlxEOMkX9Wyqfhe43D6kjPOGqBBKmx3EwWJqZ0cMrFF54yM49.png","contentUrl":"https:\/\/guineediversite.com\/wp-content\/uploads\/2017\/04\/cropped-1jojlxEOMkX9Wyqfhe43D6kjPOGqBBKmx3EwWJqZ0cMrFF54yM49.png","width":186,"height":112,"caption":"Guin\u00e9e Diversit\u00e9"},"image":{"@id":"https:\/\/guineediversite.com\/#\/schema\/logo\/image\/"},"sameAs":["https:\/\/www.facebook.com\/guineediversite\/","https:\/\/x.com\/GuineeDiversite","https:\/\/www.youtube.com\/channel\/UC8sUY16qelG5ge6_D5SB83g"]},{"@type":"Person","@id":"https:\/\/guineediversite.com\/#\/schema\/person\/fa362494c47202ce4b3adf55abcc9d01","name":"Morcire Camara","image":{"@type":"ImageObject","inLanguage":"fr-FR","@id":"https:\/\/guineediversite.com\/#\/schema\/person\/image\/","url":"https:\/\/secure.gravatar.com\/avatar\/3ec324f02295bbcebe03d99b39330ab4?s=96&d=mm&r=g","contentUrl":"https:\/\/secure.gravatar.com\/avatar\/3ec324f02295bbcebe03d99b39330ab4?s=96&d=mm&r=g","caption":"Morcire Camara"},"url":"https:\/\/guineediversite.com\/index.php\/author\/morcire\/"}]}},"_links":{"self":[{"href":"https:\/\/guineediversite.com\/index.php\/wp-json\/wp\/v2\/posts\/26601"}],"collection":[{"href":"https:\/\/guineediversite.com\/index.php\/wp-json\/wp\/v2\/posts"}],"about":[{"href":"https:\/\/guineediversite.com\/index.php\/wp-json\/wp\/v2\/types\/post"}],"author":[{"embeddable":true,"href":"https:\/\/guineediversite.com\/index.php\/wp-json\/wp\/v2\/users\/10"}],"replies":[{"embeddable":true,"href":"https:\/\/guineediversite.com\/index.php\/wp-json\/wp\/v2\/comments?post=26601"}],"version-history":[{"count":0,"href":"https:\/\/guineediversite.com\/index.php\/wp-json\/wp\/v2\/posts\/26601\/revisions"}],"wp:featuredmedia":[{"embeddable":true,"href":"https:\/\/guineediversite.com\/index.php\/wp-json\/wp\/v2\/media\/26602"}],"wp:attachment":[{"href":"https:\/\/guineediversite.com\/index.php\/wp-json\/wp\/v2\/media?parent=26601"}],"wp:term":[{"taxonomy":"category","embeddable":true,"href":"https:\/\/guineediversite.com\/index.php\/wp-json\/wp\/v2\/categories?post=26601"},{"taxonomy":"post_tag","embeddable":true,"href":"https:\/\/guineediversite.com\/index.php\/wp-json\/wp\/v2\/tags?post=26601"}],"curies":[{"name":"wp","href":"https:\/\/api.w.org\/{rel}","templated":true}]}}