{"id":26596,"date":"2018-09-13T17:58:24","date_gmt":"2018-09-13T15:58:24","guid":{"rendered":"https:\/\/guineediversite.com\/?p=26596"},"modified":"2018-09-13T17:59:23","modified_gmt":"2018-09-13T15:59:23","slug":"26596","status":"publish","type":"post","link":"https:\/\/guineediversite.com\/index.php\/2018\/09\/13\/26596\/","title":{"rendered":"Crise \u00e0 la cour constitutionnelle : communique de l\u2019UFR"},"content":{"rendered":"<p style=\"background: white; margin: 2.9pt 0cm 2.9pt 0cm;\"><span style=\"font-size: 14.0pt; color: #1d2129;\">L\u2019Union des Forces R\u00e9publicaines (UFR) s\u2019\u00e9tonne de la d\u00e9marche de huit conseillers de la Cour constitutionnelle visant \u00e0 d\u00e9mettre le Pr\u00e9sident de ladite institution.<\/span><\/p>\n<p style=\"background: white; font-variant-ligatures: normal; font-variant-caps: normal; orphans: 2; text-align: start; widows: 2; -webkit-text-stroke-width: 0px; text-decoration-style: initial; text-decoration-color: initial; word-spacing: 0px; margin: 2.9pt 0cm 2.9pt 0cm;\"><span style=\"font-size: 14.0pt; color: #1d2129;\">A cet effet, un Conseil Politique restreint s\u2019est r\u00e9uni ce matin 13 septembre 2018, au bureau du Pr\u00e9sident. Aux termes des discussions, l\u2019Union des Forces R\u00e9publicaines (UFR) rappelle l\u2019article 101 al.2 de la constitution, le Pr\u00e9sident de la Cour Constituti<span class=\"textexposedshow\">onnelle est \u00e9lu par ses pairs pour une dur\u00e9e de neuf ans non renouvelable. Et, selon l\u2019al.1er du m\u00eame article, les membres de la Cour constitutionnelle sont inamovibles pendant la dur\u00e9e de leur mandat.<\/span><\/span><\/p>\n<p style=\"background: white; margin: 0cm 0cm 2.9pt 0cm;\"><span style=\"font-size: 14.0pt; color: #1d2129;\">Nous estimons, \u00e0 l\u2019UFR, que la motion de d\u00e9fiance n\u2019est aucunement pr\u00e9vue par la loi pour destituer le Pr\u00e9sident de la Cour constitutionnelle.<\/span><\/p>\n<p style=\"background: white; margin: 2.9pt 0cm 2.9pt 0cm;\"><span style=\"font-size: 14.0pt; color: #1d2129;\">Par cons\u00e9quent, la Cour constitutionnelle repr\u00e9sentant le socle de toute d\u00e9mocratie : la Guin\u00e9e ne saurait se soustraire de ce principe universel.<\/span><\/p>\n<p style=\"background: white; margin: 2.9pt 0cm 2.9pt 0cm;\"><span style=\"font-size: 14.0pt; color: #1d2129;\">Ainsi, toute volont\u00e9 visant \u00e0 compromettre le fonctionnement normal de cette institution constitutionnelle entrainera le pays dans une situation de non-droit.<\/span><\/p>\n<p style=\"background: white; margin: 2.9pt 0cm 2.9pt 0cm;\"><span style=\"font-size: 14.0pt; color: #1d2129;\">L\u2019Union des Forces R\u00e9publicaines (UFR), tout en r\u00e9it\u00e9rant son attachement aux principes d\u00e9mocratiques, reste vigilante pour le respect des lois et r\u00e8glements en R\u00e9publique de Guin\u00e9e.<\/span><\/p>\n<p style=\"background: white; margin: 2.9pt 0cm 2.9pt 0cm;\"><span style=\"font-size: 14.0pt; color: #1d2129;\">Le Conseil Politique<\/span><\/p>\n<p><img loading=\"lazy\" decoding=\"async\" class=\"alignnone wp-image-26597\" src=\"https:\/\/guineediversite.com.bwjx4292.odns.fr\/wp-content\/uploads\/2018\/09\/41650142_2235662393379392_5946412247428366336_n-205x300.jpg\" alt=\"\" width=\"814\" height=\"1191\" srcset=\"https:\/\/guineediversite.com\/wp-content\/uploads\/2018\/09\/41650142_2235662393379392_5946412247428366336_n-205x300.jpg 205w, https:\/\/guineediversite.com\/wp-content\/uploads\/2018\/09\/41650142_2235662393379392_5946412247428366336_n-699x1024.jpg 699w, https:\/\/guineediversite.com\/wp-content\/uploads\/2018\/09\/41650142_2235662393379392_5946412247428366336_n-600x879.jpg 600w\" sizes=\"(max-width: 814px) 100vw, 814px\" \/><\/p>\n","protected":false},"excerpt":{"rendered":"<p>L\u2019Union des Forces R\u00e9publicaines (UFR) s\u2019\u00e9tonne de la d\u00e9marche de huit conseillers de la Cour constitutionnelle visant \u00e0 d\u00e9mettre le Pr\u00e9sident de ladite institution. A cet effet, un Conseil Politique restreint s\u2019est r\u00e9uni ce matin 13 septembre 2018, au bureau du Pr\u00e9sident. Aux termes des discussions, l\u2019Union des Forces R\u00e9publicaines (UFR) rappelle l\u2019article 101 al.2 [&hellip;]<\/p>\n","protected":false},"author":7,"featured_media":26598,"comment_status":"closed","ping_status":"closed","sticky":false,"template":"","format":"standard","meta":{"_exactmetrics_skip_tracking":false,"_exactmetrics_sitenote_active":false,"_exactmetrics_sitenote_note":"","_exactmetrics_sitenote_category":0,"tdm_status":"","tdm_grid_status":"","footnotes":""},"categories":[16],"tags":[],"class_list":{"0":"post-26596","1":"post","2":"type-post","3":"status-publish","4":"format-standard","5":"has-post-thumbnail","7":"category-societe"},"yoast_head":"<!-- This site is optimized with the Yoast SEO plugin v24.2 - https:\/\/yoast.com\/wordpress\/plugins\/seo\/ -->\n<title>Crise \u00e0 la cour constitutionnelle : communique de l\u2019UFR | Guin\u00e9e Diversit\u00e9<\/title>\n<meta name=\"robots\" content=\"index, follow, max-snippet:-1, max-image-preview:large, max-video-preview:-1\" \/>\n<link rel=\"canonical\" href=\"https:\/\/guineediversite.com\/index.php\/2018\/09\/13\/26596\/\" \/>\n<meta property=\"og:locale\" content=\"fr_FR\" \/>\n<meta property=\"og:type\" content=\"article\" \/>\n<meta property=\"og:title\" content=\"Crise \u00e0 la cour constitutionnelle : communique de l\u2019UFR | Guin\u00e9e Diversit\u00e9\" \/>\n<meta property=\"og:description\" content=\"L\u2019Union des Forces R\u00e9publicaines (UFR) s\u2019\u00e9tonne de la d\u00e9marche de huit conseillers de la Cour constitutionnelle visant \u00e0 d\u00e9mettre le Pr\u00e9sident de ladite institution. A cet effet, un Conseil Politique restreint s\u2019est r\u00e9uni ce matin 13 septembre 2018, au bureau du Pr\u00e9sident. Aux termes des discussions, l\u2019Union des Forces R\u00e9publicaines (UFR) rappelle l\u2019article 101 al.2 [&hellip;]\" \/>\n<meta property=\"og:url\" content=\"https:\/\/guineediversite.com\/index.php\/2018\/09\/13\/26596\/\" \/>\n<meta property=\"og:site_name\" content=\"Guin\u00e9e Diversit\u00e9\" \/>\n<meta property=\"article:publisher\" content=\"https:\/\/www.facebook.com\/guineediversite\/\" \/>\n<meta property=\"article:published_time\" content=\"2018-09-13T15:58:24+00:00\" \/>\n<meta property=\"article:modified_time\" content=\"2018-09-13T15:59:23+00:00\" \/>\n<meta property=\"og:image\" content=\"https:\/\/guineediversite.com\/wp-content\/uploads\/2018\/09\/images.jpg\" \/>\n\t<meta property=\"og:image:width\" content=\"1024\" \/>\n\t<meta property=\"og:image:height\" content=\"601\" \/>\n\t<meta property=\"og:image:type\" content=\"image\/jpeg\" \/>\n<meta name=\"author\" content=\"Bilguissa Diallo\" \/>\n<meta name=\"twitter:card\" content=\"summary_large_image\" \/>\n<meta name=\"twitter:creator\" content=\"@GuineeDiversite\" \/>\n<meta name=\"twitter:site\" content=\"@GuineeDiversite\" \/>\n<meta name=\"twitter:label1\" content=\"\u00c9crit par\" \/>\n\t<meta name=\"twitter:data1\" content=\"Bilguissa Diallo\" \/>\n\t<meta name=\"twitter:label2\" content=\"Dur\u00e9e de lecture estim\u00e9e\" \/>\n\t<meta name=\"twitter:data2\" content=\"1 minute\" \/>\n<script type=\"application\/ld+json\" class=\"yoast-schema-graph\">{\"@context\":\"https:\/\/schema.org\",\"@graph\":[{\"@type\":\"Article\",\"@id\":\"https:\/\/guineediversite.com\/index.php\/2018\/09\/13\/26596\/#article\",\"isPartOf\":{\"@id\":\"https:\/\/guineediversite.com\/index.php\/2018\/09\/13\/26596\/\"},\"author\":{\"name\":\"Bilguissa Diallo\",\"@id\":\"https:\/\/guineediversite.com\/#\/schema\/person\/0e0e3e424768a50d025ac2218ccca73f\"},\"headline\":\"Crise \u00e0 la cour constitutionnelle : communique de l\u2019UFR\",\"datePublished\":\"2018-09-13T15:58:24+00:00\",\"dateModified\":\"2018-09-13T15:59:23+00:00\",\"mainEntityOfPage\":{\"@id\":\"https:\/\/guineediversite.com\/index.php\/2018\/09\/13\/26596\/\"},\"wordCount\":228,\"publisher\":{\"@id\":\"https:\/\/guineediversite.com\/#organization\"},\"image\":{\"@id\":\"https:\/\/guineediversite.com\/index.php\/2018\/09\/13\/26596\/#primaryimage\"},\"thumbnailUrl\":\"https:\/\/guineediversite.com\/wp-content\/uploads\/2018\/09\/images.jpg\",\"articleSection\":[\"Soci\u00e9t\u00e9\"],\"inLanguage\":\"fr-FR\"},{\"@type\":\"WebPage\",\"@id\":\"https:\/\/guineediversite.com\/index.php\/2018\/09\/13\/26596\/\",\"url\":\"https:\/\/guineediversite.com\/index.php\/2018\/09\/13\/26596\/\",\"name\":\"Crise \u00e0 la cour constitutionnelle : communique de l\u2019UFR | Guin\u00e9e Diversit\u00e9\",\"isPartOf\":{\"@id\":\"https:\/\/guineediversite.com\/#website\"},\"primaryImageOfPage\":{\"@id\":\"https:\/\/guineediversite.com\/index.php\/2018\/09\/13\/26596\/#primaryimage\"},\"image\":{\"@id\":\"https:\/\/guineediversite.com\/index.php\/2018\/09\/13\/26596\/#primaryimage\"},\"thumbnailUrl\":\"https:\/\/guineediversite.com\/wp-content\/uploads\/2018\/09\/images.jpg\",\"datePublished\":\"2018-09-13T15:58:24+00:00\",\"dateModified\":\"2018-09-13T15:59:23+00:00\",\"breadcrumb\":{\"@id\":\"https:\/\/guineediversite.com\/index.php\/2018\/09\/13\/26596\/#breadcrumb\"},\"inLanguage\":\"fr-FR\",\"potentialAction\":[{\"@type\":\"ReadAction\",\"target\":[\"https:\/\/guineediversite.com\/index.php\/2018\/09\/13\/26596\/\"]}]},{\"@type\":\"ImageObject\",\"inLanguage\":\"fr-FR\",\"@id\":\"https:\/\/guineediversite.com\/index.php\/2018\/09\/13\/26596\/#primaryimage\",\"url\":\"https:\/\/guineediversite.com\/wp-content\/uploads\/2018\/09\/images.jpg\",\"contentUrl\":\"https:\/\/guineediversite.com\/wp-content\/uploads\/2018\/09\/images.jpg\",\"width\":1024,\"height\":601},{\"@type\":\"BreadcrumbList\",\"@id\":\"https:\/\/guineediversite.com\/index.php\/2018\/09\/13\/26596\/#breadcrumb\",\"itemListElement\":[{\"@type\":\"ListItem\",\"position\":1,\"name\":\"Accueil\",\"item\":\"https:\/\/guineediversite.com\/\"},{\"@type\":\"ListItem\",\"position\":2,\"name\":\"Crise \u00e0 la cour constitutionnelle : communique de l\u2019UFR\"}]},{\"@type\":\"WebSite\",\"@id\":\"https:\/\/guineediversite.com\/#website\",\"url\":\"https:\/\/guineediversite.com\/\",\"name\":\"Guin\u00e9e Diversit\u00e9\",\"description\":\"L&#039;Info dans toute sa diversit\u00e9\",\"publisher\":{\"@id\":\"https:\/\/guineediversite.com\/#organization\"},\"potentialAction\":[{\"@type\":\"SearchAction\",\"target\":{\"@type\":\"EntryPoint\",\"urlTemplate\":\"https:\/\/guineediversite.com\/?s={search_term_string}\"},\"query-input\":{\"@type\":\"PropertyValueSpecification\",\"valueRequired\":true,\"valueName\":\"search_term_string\"}}],\"inLanguage\":\"fr-FR\"},{\"@type\":\"Organization\",\"@id\":\"https:\/\/guineediversite.com\/#organization\",\"name\":\"Guin\u00e9e Diversit\u00e9\",\"url\":\"https:\/\/guineediversite.com\/\",\"logo\":{\"@type\":\"ImageObject\",\"inLanguage\":\"fr-FR\",\"@id\":\"https:\/\/guineediversite.com\/#\/schema\/logo\/image\/\",\"url\":\"https:\/\/guineediversite.com\/wp-content\/uploads\/2017\/04\/cropped-1jojlxEOMkX9Wyqfhe43D6kjPOGqBBKmx3EwWJqZ0cMrFF54yM49.png\",\"contentUrl\":\"https:\/\/guineediversite.com\/wp-content\/uploads\/2017\/04\/cropped-1jojlxEOMkX9Wyqfhe43D6kjPOGqBBKmx3EwWJqZ0cMrFF54yM49.png\",\"width\":186,\"height\":112,\"caption\":\"Guin\u00e9e Diversit\u00e9\"},\"image\":{\"@id\":\"https:\/\/guineediversite.com\/#\/schema\/logo\/image\/\"},\"sameAs\":[\"https:\/\/www.facebook.com\/guineediversite\/\",\"https:\/\/x.com\/GuineeDiversite\",\"https:\/\/www.youtube.com\/channel\/UC8sUY16qelG5ge6_D5SB83g\"]},{\"@type\":\"Person\",\"@id\":\"https:\/\/guineediversite.com\/#\/schema\/person\/0e0e3e424768a50d025ac2218ccca73f\",\"name\":\"Bilguissa Diallo\",\"image\":{\"@type\":\"ImageObject\",\"inLanguage\":\"fr-FR\",\"@id\":\"https:\/\/guineediversite.com\/#\/schema\/person\/image\/\",\"url\":\"https:\/\/secure.gravatar.com\/avatar\/49bbbd2420ee34d62b1b191791f4b5df?s=96&d=mm&r=g\",\"contentUrl\":\"https:\/\/secure.gravatar.com\/avatar\/49bbbd2420ee34d62b1b191791f4b5df?s=96&d=mm&r=g\",\"caption\":\"Bilguissa Diallo\"},\"url\":\"https:\/\/guineediversite.com\/index.php\/author\/bilguissa\/\"}]}<\/script>\n<!-- \/ Yoast SEO plugin. -->","yoast_head_json":{"title":"Crise \u00e0 la cour constitutionnelle : communique de l\u2019UFR | Guin\u00e9e Diversit\u00e9","robots":{"index":"index","follow":"follow","max-snippet":"max-snippet:-1","max-image-preview":"max-image-preview:large","max-video-preview":"max-video-preview:-1"},"canonical":"https:\/\/guineediversite.com\/index.php\/2018\/09\/13\/26596\/","og_locale":"fr_FR","og_type":"article","og_title":"Crise \u00e0 la cour constitutionnelle : communique de l\u2019UFR | Guin\u00e9e Diversit\u00e9","og_description":"L\u2019Union des Forces R\u00e9publicaines (UFR) s\u2019\u00e9tonne de la d\u00e9marche de huit conseillers de la Cour constitutionnelle visant \u00e0 d\u00e9mettre le Pr\u00e9sident de ladite institution. A cet effet, un Conseil Politique restreint s\u2019est r\u00e9uni ce matin 13 septembre 2018, au bureau du Pr\u00e9sident. Aux termes des discussions, l\u2019Union des Forces R\u00e9publicaines (UFR) rappelle l\u2019article 101 al.2 [&hellip;]","og_url":"https:\/\/guineediversite.com\/index.php\/2018\/09\/13\/26596\/","og_site_name":"Guin\u00e9e Diversit\u00e9","article_publisher":"https:\/\/www.facebook.com\/guineediversite\/","article_published_time":"2018-09-13T15:58:24+00:00","article_modified_time":"2018-09-13T15:59:23+00:00","og_image":[{"width":1024,"height":601,"url":"https:\/\/guineediversite.com\/wp-content\/uploads\/2018\/09\/images.jpg","type":"image\/jpeg"}],"author":"Bilguissa Diallo","twitter_card":"summary_large_image","twitter_creator":"@GuineeDiversite","twitter_site":"@GuineeDiversite","twitter_misc":{"\u00c9crit par":"Bilguissa Diallo","Dur\u00e9e de lecture estim\u00e9e":"1 minute"},"schema":{"@context":"https:\/\/schema.org","@graph":[{"@type":"Article","@id":"https:\/\/guineediversite.com\/index.php\/2018\/09\/13\/26596\/#article","isPartOf":{"@id":"https:\/\/guineediversite.com\/index.php\/2018\/09\/13\/26596\/"},"author":{"name":"Bilguissa Diallo","@id":"https:\/\/guineediversite.com\/#\/schema\/person\/0e0e3e424768a50d025ac2218ccca73f"},"headline":"Crise \u00e0 la cour constitutionnelle : communique de l\u2019UFR","datePublished":"2018-09-13T15:58:24+00:00","dateModified":"2018-09-13T15:59:23+00:00","mainEntityOfPage":{"@id":"https:\/\/guineediversite.com\/index.php\/2018\/09\/13\/26596\/"},"wordCount":228,"publisher":{"@id":"https:\/\/guineediversite.com\/#organization"},"image":{"@id":"https:\/\/guineediversite.com\/index.php\/2018\/09\/13\/26596\/#primaryimage"},"thumbnailUrl":"https:\/\/guineediversite.com\/wp-content\/uploads\/2018\/09\/images.jpg","articleSection":["Soci\u00e9t\u00e9"],"inLanguage":"fr-FR"},{"@type":"WebPage","@id":"https:\/\/guineediversite.com\/index.php\/2018\/09\/13\/26596\/","url":"https:\/\/guineediversite.com\/index.php\/2018\/09\/13\/26596\/","name":"Crise \u00e0 la cour constitutionnelle : communique de l\u2019UFR | Guin\u00e9e Diversit\u00e9","isPartOf":{"@id":"https:\/\/guineediversite.com\/#website"},"primaryImageOfPage":{"@id":"https:\/\/guineediversite.com\/index.php\/2018\/09\/13\/26596\/#primaryimage"},"image":{"@id":"https:\/\/guineediversite.com\/index.php\/2018\/09\/13\/26596\/#primaryimage"},"thumbnailUrl":"https:\/\/guineediversite.com\/wp-content\/uploads\/2018\/09\/images.jpg","datePublished":"2018-09-13T15:58:24+00:00","dateModified":"2018-09-13T15:59:23+00:00","breadcrumb":{"@id":"https:\/\/guineediversite.com\/index.php\/2018\/09\/13\/26596\/#breadcrumb"},"inLanguage":"fr-FR","potentialAction":[{"@type":"ReadAction","target":["https:\/\/guineediversite.com\/index.php\/2018\/09\/13\/26596\/"]}]},{"@type":"ImageObject","inLanguage":"fr-FR","@id":"https:\/\/guineediversite.com\/index.php\/2018\/09\/13\/26596\/#primaryimage","url":"https:\/\/guineediversite.com\/wp-content\/uploads\/2018\/09\/images.jpg","contentUrl":"https:\/\/guineediversite.com\/wp-content\/uploads\/2018\/09\/images.jpg","width":1024,"height":601},{"@type":"BreadcrumbList","@id":"https:\/\/guineediversite.com\/index.php\/2018\/09\/13\/26596\/#breadcrumb","itemListElement":[{"@type":"ListItem","position":1,"name":"Accueil","item":"https:\/\/guineediversite.com\/"},{"@type":"ListItem","position":2,"name":"Crise \u00e0 la cour constitutionnelle : communique de l\u2019UFR"}]},{"@type":"WebSite","@id":"https:\/\/guineediversite.com\/#website","url":"https:\/\/guineediversite.com\/","name":"Guin\u00e9e Diversit\u00e9","description":"L&#039;Info dans toute sa diversit\u00e9","publisher":{"@id":"https:\/\/guineediversite.com\/#organization"},"potentialAction":[{"@type":"SearchAction","target":{"@type":"EntryPoint","urlTemplate":"https:\/\/guineediversite.com\/?s={search_term_string}"},"query-input":{"@type":"PropertyValueSpecification","valueRequired":true,"valueName":"search_term_string"}}],"inLanguage":"fr-FR"},{"@type":"Organization","@id":"https:\/\/guineediversite.com\/#organization","name":"Guin\u00e9e Diversit\u00e9","url":"https:\/\/guineediversite.com\/","logo":{"@type":"ImageObject","inLanguage":"fr-FR","@id":"https:\/\/guineediversite.com\/#\/schema\/logo\/image\/","url":"https:\/\/guineediversite.com\/wp-content\/uploads\/2017\/04\/cropped-1jojlxEOMkX9Wyqfhe43D6kjPOGqBBKmx3EwWJqZ0cMrFF54yM49.png","contentUrl":"https:\/\/guineediversite.com\/wp-content\/uploads\/2017\/04\/cropped-1jojlxEOMkX9Wyqfhe43D6kjPOGqBBKmx3EwWJqZ0cMrFF54yM49.png","width":186,"height":112,"caption":"Guin\u00e9e Diversit\u00e9"},"image":{"@id":"https:\/\/guineediversite.com\/#\/schema\/logo\/image\/"},"sameAs":["https:\/\/www.facebook.com\/guineediversite\/","https:\/\/x.com\/GuineeDiversite","https:\/\/www.youtube.com\/channel\/UC8sUY16qelG5ge6_D5SB83g"]},{"@type":"Person","@id":"https:\/\/guineediversite.com\/#\/schema\/person\/0e0e3e424768a50d025ac2218ccca73f","name":"Bilguissa Diallo","image":{"@type":"ImageObject","inLanguage":"fr-FR","@id":"https:\/\/guineediversite.com\/#\/schema\/person\/image\/","url":"https:\/\/secure.gravatar.com\/avatar\/49bbbd2420ee34d62b1b191791f4b5df?s=96&d=mm&r=g","contentUrl":"https:\/\/secure.gravatar.com\/avatar\/49bbbd2420ee34d62b1b191791f4b5df?s=96&d=mm&r=g","caption":"Bilguissa Diallo"},"url":"https:\/\/guineediversite.com\/index.php\/author\/bilguissa\/"}]}},"_links":{"self":[{"href":"https:\/\/guineediversite.com\/index.php\/wp-json\/wp\/v2\/posts\/26596"}],"collection":[{"href":"https:\/\/guineediversite.com\/index.php\/wp-json\/wp\/v2\/posts"}],"about":[{"href":"https:\/\/guineediversite.com\/index.php\/wp-json\/wp\/v2\/types\/post"}],"author":[{"embeddable":true,"href":"https:\/\/guineediversite.com\/index.php\/wp-json\/wp\/v2\/users\/7"}],"replies":[{"embeddable":true,"href":"https:\/\/guineediversite.com\/index.php\/wp-json\/wp\/v2\/comments?post=26596"}],"version-history":[{"count":0,"href":"https:\/\/guineediversite.com\/index.php\/wp-json\/wp\/v2\/posts\/26596\/revisions"}],"wp:featuredmedia":[{"embeddable":true,"href":"https:\/\/guineediversite.com\/index.php\/wp-json\/wp\/v2\/media\/26598"}],"wp:attachment":[{"href":"https:\/\/guineediversite.com\/index.php\/wp-json\/wp\/v2\/media?parent=26596"}],"wp:term":[{"taxonomy":"category","embeddable":true,"href":"https:\/\/guineediversite.com\/index.php\/wp-json\/wp\/v2\/categories?post=26596"},{"taxonomy":"post_tag","embeddable":true,"href":"https:\/\/guineediversite.com\/index.php\/wp-json\/wp\/v2\/tags?post=26596"}],"curies":[{"name":"wp","href":"https:\/\/api.w.org\/{rel}","templated":true}]}}