{"id":26581,"date":"2018-09-12T14:22:21","date_gmt":"2018-09-12T12:22:21","guid":{"rendered":"https:\/\/guineediversite.com\/?p=26581"},"modified":"2018-09-12T14:22:21","modified_gmt":"2018-09-12T12:22:21","slug":"propos-detienne-soropogui-il-a-intervenu-a-titre-personnel-et-a-son-nom-propre-declare-le-porte-parole-de-la-ceni-francis-kpa-koulemou","status":"publish","type":"post","link":"https:\/\/guineediversite.com\/index.php\/2018\/09\/12\/propos-detienne-soropogui-il-a-intervenu-a-titre-personnel-et-a-son-nom-propre-declare-le-porte-parole-de-la-ceni-francis-kpa-koulemou\/","title":{"rendered":"Propos d\u2019Etienne Soropogui: \u00ab  il a intervenu \u00e0 titre personnel et \u00e0 son nom propre \u00bb d\u00e9clare le porte parole de la CENI Francis Kpa Koul\u00e9mou"},"content":{"rendered":"<p><strong>Apr\u00e8s la d\u00e9claration d\u2019Etienne Soropogui sur la gestion des derni\u00e8res \u00e9lections communales qui fait couler encre et salive ces derniers moments sur le plan politique. La CENI dans une d\u00e9claration rendue publique ce Mardi 11 Septembre a vivement d\u00e9savou\u00e9 son commissaire. Francis Kpa Koul\u00e9mou a d\u00e9clar\u00e9 \u00e0 nos micros que toutes ces r\u00e9v\u00e9lations n\u2019engage que la personne qui les a affirm\u00e9s par cons\u00e9quent la CENI n\u2019est nullement engag\u00e9e.<\/strong><\/p>\n<p>Le Directeur du d\u00e9partement juridique et contentieux et porte parole de la CENI a indiqu\u00e9, que \u00a0les r\u00e9cents propos d\u2019Etienne Soropogui n\u2019engagent que lui en tant que simple citoyen.<\/p>\n<p><em>\u00ab\u00a0Nous avons attendu pour apporter des \u00e9clairages \u00e0 l\u2019attention du peuple de Guin\u00e9e quand \u00e0 la confusion qui r\u00e8gne dans la cit\u00e9 concernant les propos tenu par M. Etienne Soropogui en tant que citoyen et en tant que Directeur des op\u00e9rations incarnant l\u2019institution. Nous avons voulut faire savoir au peuple de Guin\u00e9e que l\u2019intervention de M. Etienne Soropogui n\u2019\u00e9tait pas une op\u00e9ration con\u00e7u par la CENI encore moins valid\u00e9e par le bureau ex\u00e9cutif ou par l\u2019assembl\u00e9e pl\u00e9ni\u00e8re, il a intervenu \u00e0 titre personnel et \u00e0 son nom propre,\u00bb<\/em> explique Francis Kpa Koul\u00e9mou.<\/p>\n<p>La commission \u00c9lectorale Nationale Ind\u00e9pendante d\u00e9gage donc ainsi toute responsabilit\u00e9 apr\u00e8s cette d\u00e9claration d\u2019Etienne Soropogui, des structures qui sont en son sein son habilit\u00e9es \u00e0 communiquer en cas de n\u00e9cessit\u00e9 r\u00e9v\u00e8le Francis Kpa Koul\u00e9mou<\/p>\n<p><em>\u00ab\u00a0Il ya des organes habilit\u00e9s \u00e0 parler officiellement \u00e0 son nom notamment le pr\u00e9sident de l\u2019institution, le rapporteur ou le porte parole qui sont habilit\u00e9s \u00e0 parler officiellement au nom de la CENI donc tout commissaire qui interviendrai sur un quelconque sujet interviendrai en son nom personnel,\u00bb<\/em> pr\u00e9cise t-il.<\/p>\n<p>Pour l\u2019heure nous dit ce porte parole, Etienne Soropogui ne risque aucune poursuite judicaire pour divulgation de secret \u00e9tant commissaire. D\u2019ailleurs le directeur du d\u00e9partement juridique et contentieux affirme que ceci n\u2019est pas un secret de l\u2019institution<\/p>\n<p><em>\u00ab\u00a0Cela n\u2019est pas un secret de notre institution, parce que nous n\u2019avons \u00e9t\u00e9 aucunement t\u00e9moins des faits qu\u2019il all\u00e8gue. Donc nous ne pouvons pas \u00eatre t\u00e9moins de cela et nous ne pouvons pas poursuivre cela seulement nous tenons \u00e0 apporter nos \u00e9clairage pour pr\u00e9ciser que ce n\u2019est pas une d\u00e9claration officielle de la CENI,\u00bb<\/em> soutien Francis Kpa Koul\u00e9mou<\/p>\n<p>Etienne Soropogui reste toujours commissaire de l\u2019institution en d\u00e9pit de cette sortie et cela ne d\u00e9range en rien dans le fonctionnement de la CENI.<\/p>\n","protected":false},"excerpt":{"rendered":"<p>Apr\u00e8s la d\u00e9claration d\u2019Etienne Soropogui sur la gestion des derni\u00e8res \u00e9lections communales qui fait couler encre et salive ces derniers moments sur le plan politique. La CENI dans une d\u00e9claration rendue publique ce Mardi 11 Septembre a vivement d\u00e9savou\u00e9 son commissaire. Francis Kpa Koul\u00e9mou a d\u00e9clar\u00e9 \u00e0 nos micros que toutes ces r\u00e9v\u00e9lations n\u2019engage que [&hellip;]<\/p>\n","protected":false},"author":16,"featured_media":26582,"comment_status":"closed","ping_status":"closed","sticky":false,"template":"","format":"standard","meta":{"_exactmetrics_skip_tracking":false,"_exactmetrics_sitenote_active":false,"_exactmetrics_sitenote_note":"","_exactmetrics_sitenote_category":0,"tdm_status":"","tdm_grid_status":"","footnotes":""},"categories":[14],"tags":[],"class_list":{"0":"post-26581","1":"post","2":"type-post","3":"status-publish","4":"format-standard","5":"has-post-thumbnail","7":"category-politique"},"yoast_head":"<!-- This site is optimized with the Yoast SEO plugin v24.2 - https:\/\/yoast.com\/wordpress\/plugins\/seo\/ -->\n<title>Propos d\u2019Etienne Soropogui: \u00ab il a intervenu \u00e0 titre personnel et \u00e0 son nom propre \u00bb d\u00e9clare le porte parole de la CENI Francis Kpa Koul\u00e9mou | Guin\u00e9e Diversit\u00e9<\/title>\n<meta name=\"robots\" content=\"index, follow, max-snippet:-1, max-image-preview:large, max-video-preview:-1\" \/>\n<link rel=\"canonical\" href=\"https:\/\/guineediversite.com\/index.php\/2018\/09\/12\/propos-detienne-soropogui-il-a-intervenu-a-titre-personnel-et-a-son-nom-propre-declare-le-porte-parole-de-la-ceni-francis-kpa-koulemou\/\" \/>\n<meta property=\"og:locale\" content=\"fr_FR\" \/>\n<meta property=\"og:type\" content=\"article\" \/>\n<meta property=\"og:title\" content=\"Propos d\u2019Etienne Soropogui: \u00ab il a intervenu \u00e0 titre personnel et \u00e0 son nom propre \u00bb d\u00e9clare le porte parole de la CENI Francis Kpa Koul\u00e9mou | Guin\u00e9e Diversit\u00e9\" \/>\n<meta property=\"og:description\" content=\"Apr\u00e8s la d\u00e9claration d\u2019Etienne Soropogui sur la gestion des derni\u00e8res \u00e9lections communales qui fait couler encre et salive ces derniers moments sur le plan politique. La CENI dans une d\u00e9claration rendue publique ce Mardi 11 Septembre a vivement d\u00e9savou\u00e9 son commissaire. Francis Kpa Koul\u00e9mou a d\u00e9clar\u00e9 \u00e0 nos micros que toutes ces r\u00e9v\u00e9lations n\u2019engage que [&hellip;]\" \/>\n<meta property=\"og:url\" content=\"https:\/\/guineediversite.com\/index.php\/2018\/09\/12\/propos-detienne-soropogui-il-a-intervenu-a-titre-personnel-et-a-son-nom-propre-declare-le-porte-parole-de-la-ceni-francis-kpa-koulemou\/\" \/>\n<meta property=\"og:site_name\" content=\"Guin\u00e9e Diversit\u00e9\" \/>\n<meta property=\"article:publisher\" content=\"https:\/\/www.facebook.com\/guineediversite\/\" \/>\n<meta property=\"article:published_time\" content=\"2018-09-12T12:22:21+00:00\" \/>\n<meta property=\"og:image\" content=\"https:\/\/guineediversite.com\/wp-content\/uploads\/2018\/09\/IMG_20180912_090322_712.jpg\" \/>\n\t<meta property=\"og:image:width\" content=\"1024\" \/>\n\t<meta property=\"og:image:height\" content=\"583\" \/>\n\t<meta property=\"og:image:type\" content=\"image\/jpeg\" \/>\n<meta name=\"author\" content=\"Moussa Mo\u00efse K\u00e9ita\" \/>\n<meta name=\"twitter:card\" content=\"summary_large_image\" \/>\n<meta name=\"twitter:creator\" content=\"@GuineeDiversite\" \/>\n<meta name=\"twitter:site\" content=\"@GuineeDiversite\" \/>\n<meta name=\"twitter:label1\" content=\"\u00c9crit par\" \/>\n\t<meta name=\"twitter:data1\" content=\"Moussa Mo\u00efse K\u00e9ita\" \/>\n\t<meta name=\"twitter:label2\" content=\"Dur\u00e9e de lecture estim\u00e9e\" \/>\n\t<meta name=\"twitter:data2\" content=\"2 minutes\" \/>\n<script type=\"application\/ld+json\" class=\"yoast-schema-graph\">{\"@context\":\"https:\/\/schema.org\",\"@graph\":[{\"@type\":\"Article\",\"@id\":\"https:\/\/guineediversite.com\/index.php\/2018\/09\/12\/propos-detienne-soropogui-il-a-intervenu-a-titre-personnel-et-a-son-nom-propre-declare-le-porte-parole-de-la-ceni-francis-kpa-koulemou\/#article\",\"isPartOf\":{\"@id\":\"https:\/\/guineediversite.com\/index.php\/2018\/09\/12\/propos-detienne-soropogui-il-a-intervenu-a-titre-personnel-et-a-son-nom-propre-declare-le-porte-parole-de-la-ceni-francis-kpa-koulemou\/\"},\"author\":{\"name\":\"Moussa Mo\u00efse K\u00e9ita\",\"@id\":\"https:\/\/guineediversite.com\/#\/schema\/person\/079ec347f72d2acde4b56a50a4fd46dc\"},\"headline\":\"Propos d\u2019Etienne Soropogui: \u00ab il a intervenu \u00e0 titre personnel et \u00e0 son nom propre \u00bb d\u00e9clare le porte parole de la CENI Francis Kpa Koul\u00e9mou\",\"datePublished\":\"2018-09-12T12:22:21+00:00\",\"dateModified\":\"2018-09-12T12:22:21+00:00\",\"mainEntityOfPage\":{\"@id\":\"https:\/\/guineediversite.com\/index.php\/2018\/09\/12\/propos-detienne-soropogui-il-a-intervenu-a-titre-personnel-et-a-son-nom-propre-declare-le-porte-parole-de-la-ceni-francis-kpa-koulemou\/\"},\"wordCount\":474,\"publisher\":{\"@id\":\"https:\/\/guineediversite.com\/#organization\"},\"image\":{\"@id\":\"https:\/\/guineediversite.com\/index.php\/2018\/09\/12\/propos-detienne-soropogui-il-a-intervenu-a-titre-personnel-et-a-son-nom-propre-declare-le-porte-parole-de-la-ceni-francis-kpa-koulemou\/#primaryimage\"},\"thumbnailUrl\":\"https:\/\/guineediversite.com\/wp-content\/uploads\/2018\/09\/IMG_20180912_090322_712.jpg\",\"articleSection\":[\"Politique\"],\"inLanguage\":\"fr-FR\"},{\"@type\":\"WebPage\",\"@id\":\"https:\/\/guineediversite.com\/index.php\/2018\/09\/12\/propos-detienne-soropogui-il-a-intervenu-a-titre-personnel-et-a-son-nom-propre-declare-le-porte-parole-de-la-ceni-francis-kpa-koulemou\/\",\"url\":\"https:\/\/guineediversite.com\/index.php\/2018\/09\/12\/propos-detienne-soropogui-il-a-intervenu-a-titre-personnel-et-a-son-nom-propre-declare-le-porte-parole-de-la-ceni-francis-kpa-koulemou\/\",\"name\":\"Propos d\u2019Etienne Soropogui: \u00ab il a intervenu \u00e0 titre personnel et \u00e0 son nom propre \u00bb d\u00e9clare le porte parole de la CENI Francis Kpa Koul\u00e9mou | Guin\u00e9e Diversit\u00e9\",\"isPartOf\":{\"@id\":\"https:\/\/guineediversite.com\/#website\"},\"primaryImageOfPage\":{\"@id\":\"https:\/\/guineediversite.com\/index.php\/2018\/09\/12\/propos-detienne-soropogui-il-a-intervenu-a-titre-personnel-et-a-son-nom-propre-declare-le-porte-parole-de-la-ceni-francis-kpa-koulemou\/#primaryimage\"},\"image\":{\"@id\":\"https:\/\/guineediversite.com\/index.php\/2018\/09\/12\/propos-detienne-soropogui-il-a-intervenu-a-titre-personnel-et-a-son-nom-propre-declare-le-porte-parole-de-la-ceni-francis-kpa-koulemou\/#primaryimage\"},\"thumbnailUrl\":\"https:\/\/guineediversite.com\/wp-content\/uploads\/2018\/09\/IMG_20180912_090322_712.jpg\",\"datePublished\":\"2018-09-12T12:22:21+00:00\",\"dateModified\":\"2018-09-12T12:22:21+00:00\",\"breadcrumb\":{\"@id\":\"https:\/\/guineediversite.com\/index.php\/2018\/09\/12\/propos-detienne-soropogui-il-a-intervenu-a-titre-personnel-et-a-son-nom-propre-declare-le-porte-parole-de-la-ceni-francis-kpa-koulemou\/#breadcrumb\"},\"inLanguage\":\"fr-FR\",\"potentialAction\":[{\"@type\":\"ReadAction\",\"target\":[\"https:\/\/guineediversite.com\/index.php\/2018\/09\/12\/propos-detienne-soropogui-il-a-intervenu-a-titre-personnel-et-a-son-nom-propre-declare-le-porte-parole-de-la-ceni-francis-kpa-koulemou\/\"]}]},{\"@type\":\"ImageObject\",\"inLanguage\":\"fr-FR\",\"@id\":\"https:\/\/guineediversite.com\/index.php\/2018\/09\/12\/propos-detienne-soropogui-il-a-intervenu-a-titre-personnel-et-a-son-nom-propre-declare-le-porte-parole-de-la-ceni-francis-kpa-koulemou\/#primaryimage\",\"url\":\"https:\/\/guineediversite.com\/wp-content\/uploads\/2018\/09\/IMG_20180912_090322_712.jpg\",\"contentUrl\":\"https:\/\/guineediversite.com\/wp-content\/uploads\/2018\/09\/IMG_20180912_090322_712.jpg\",\"width\":1024,\"height\":583},{\"@type\":\"BreadcrumbList\",\"@id\":\"https:\/\/guineediversite.com\/index.php\/2018\/09\/12\/propos-detienne-soropogui-il-a-intervenu-a-titre-personnel-et-a-son-nom-propre-declare-le-porte-parole-de-la-ceni-francis-kpa-koulemou\/#breadcrumb\",\"itemListElement\":[{\"@type\":\"ListItem\",\"position\":1,\"name\":\"Accueil\",\"item\":\"https:\/\/guineediversite.com\/\"},{\"@type\":\"ListItem\",\"position\":2,\"name\":\"Propos d\u2019Etienne Soropogui: \u00ab il a intervenu \u00e0 titre personnel et \u00e0 son nom propre \u00bb d\u00e9clare le porte parole de la CENI Francis Kpa Koul\u00e9mou\"}]},{\"@type\":\"WebSite\",\"@id\":\"https:\/\/guineediversite.com\/#website\",\"url\":\"https:\/\/guineediversite.com\/\",\"name\":\"Guin\u00e9e Diversit\u00e9\",\"description\":\"L&#039;Info dans toute sa diversit\u00e9\",\"publisher\":{\"@id\":\"https:\/\/guineediversite.com\/#organization\"},\"potentialAction\":[{\"@type\":\"SearchAction\",\"target\":{\"@type\":\"EntryPoint\",\"urlTemplate\":\"https:\/\/guineediversite.com\/?s={search_term_string}\"},\"query-input\":{\"@type\":\"PropertyValueSpecification\",\"valueRequired\":true,\"valueName\":\"search_term_string\"}}],\"inLanguage\":\"fr-FR\"},{\"@type\":\"Organization\",\"@id\":\"https:\/\/guineediversite.com\/#organization\",\"name\":\"Guin\u00e9e Diversit\u00e9\",\"url\":\"https:\/\/guineediversite.com\/\",\"logo\":{\"@type\":\"ImageObject\",\"inLanguage\":\"fr-FR\",\"@id\":\"https:\/\/guineediversite.com\/#\/schema\/logo\/image\/\",\"url\":\"https:\/\/guineediversite.com\/wp-content\/uploads\/2017\/04\/cropped-1jojlxEOMkX9Wyqfhe43D6kjPOGqBBKmx3EwWJqZ0cMrFF54yM49.png\",\"contentUrl\":\"https:\/\/guineediversite.com\/wp-content\/uploads\/2017\/04\/cropped-1jojlxEOMkX9Wyqfhe43D6kjPOGqBBKmx3EwWJqZ0cMrFF54yM49.png\",\"width\":186,\"height\":112,\"caption\":\"Guin\u00e9e Diversit\u00e9\"},\"image\":{\"@id\":\"https:\/\/guineediversite.com\/#\/schema\/logo\/image\/\"},\"sameAs\":[\"https:\/\/www.facebook.com\/guineediversite\/\",\"https:\/\/x.com\/GuineeDiversite\",\"https:\/\/www.youtube.com\/channel\/UC8sUY16qelG5ge6_D5SB83g\"]},{\"@type\":\"Person\",\"@id\":\"https:\/\/guineediversite.com\/#\/schema\/person\/079ec347f72d2acde4b56a50a4fd46dc\",\"name\":\"Moussa Mo\u00efse K\u00e9ita\",\"image\":{\"@type\":\"ImageObject\",\"inLanguage\":\"fr-FR\",\"@id\":\"https:\/\/guineediversite.com\/#\/schema\/person\/image\/\",\"url\":\"https:\/\/secure.gravatar.com\/avatar\/edf1ea2cc01841e6c0b49384bcb1385b?s=96&d=mm&r=g\",\"contentUrl\":\"https:\/\/secure.gravatar.com\/avatar\/edf1ea2cc01841e6c0b49384bcb1385b?s=96&d=mm&r=g\",\"caption\":\"Moussa Mo\u00efse K\u00e9ita\"},\"url\":\"https:\/\/guineediversite.com\/index.php\/author\/moussa-moise\/\"}]}<\/script>\n<!-- \/ Yoast SEO plugin. -->","yoast_head_json":{"title":"Propos d\u2019Etienne Soropogui: \u00ab il a intervenu \u00e0 titre personnel et \u00e0 son nom propre \u00bb d\u00e9clare le porte parole de la CENI Francis Kpa Koul\u00e9mou | Guin\u00e9e Diversit\u00e9","robots":{"index":"index","follow":"follow","max-snippet":"max-snippet:-1","max-image-preview":"max-image-preview:large","max-video-preview":"max-video-preview:-1"},"canonical":"https:\/\/guineediversite.com\/index.php\/2018\/09\/12\/propos-detienne-soropogui-il-a-intervenu-a-titre-personnel-et-a-son-nom-propre-declare-le-porte-parole-de-la-ceni-francis-kpa-koulemou\/","og_locale":"fr_FR","og_type":"article","og_title":"Propos d\u2019Etienne Soropogui: \u00ab il a intervenu \u00e0 titre personnel et \u00e0 son nom propre \u00bb d\u00e9clare le porte parole de la CENI Francis Kpa Koul\u00e9mou | Guin\u00e9e Diversit\u00e9","og_description":"Apr\u00e8s la d\u00e9claration d\u2019Etienne Soropogui sur la gestion des derni\u00e8res \u00e9lections communales qui fait couler encre et salive ces derniers moments sur le plan politique. La CENI dans une d\u00e9claration rendue publique ce Mardi 11 Septembre a vivement d\u00e9savou\u00e9 son commissaire. Francis Kpa Koul\u00e9mou a d\u00e9clar\u00e9 \u00e0 nos micros que toutes ces r\u00e9v\u00e9lations n\u2019engage que [&hellip;]","og_url":"https:\/\/guineediversite.com\/index.php\/2018\/09\/12\/propos-detienne-soropogui-il-a-intervenu-a-titre-personnel-et-a-son-nom-propre-declare-le-porte-parole-de-la-ceni-francis-kpa-koulemou\/","og_site_name":"Guin\u00e9e Diversit\u00e9","article_publisher":"https:\/\/www.facebook.com\/guineediversite\/","article_published_time":"2018-09-12T12:22:21+00:00","og_image":[{"width":1024,"height":583,"url":"https:\/\/guineediversite.com\/wp-content\/uploads\/2018\/09\/IMG_20180912_090322_712.jpg","type":"image\/jpeg"}],"author":"Moussa Mo\u00efse K\u00e9ita","twitter_card":"summary_large_image","twitter_creator":"@GuineeDiversite","twitter_site":"@GuineeDiversite","twitter_misc":{"\u00c9crit par":"Moussa Mo\u00efse K\u00e9ita","Dur\u00e9e de lecture estim\u00e9e":"2 minutes"},"schema":{"@context":"https:\/\/schema.org","@graph":[{"@type":"Article","@id":"https:\/\/guineediversite.com\/index.php\/2018\/09\/12\/propos-detienne-soropogui-il-a-intervenu-a-titre-personnel-et-a-son-nom-propre-declare-le-porte-parole-de-la-ceni-francis-kpa-koulemou\/#article","isPartOf":{"@id":"https:\/\/guineediversite.com\/index.php\/2018\/09\/12\/propos-detienne-soropogui-il-a-intervenu-a-titre-personnel-et-a-son-nom-propre-declare-le-porte-parole-de-la-ceni-francis-kpa-koulemou\/"},"author":{"name":"Moussa Mo\u00efse K\u00e9ita","@id":"https:\/\/guineediversite.com\/#\/schema\/person\/079ec347f72d2acde4b56a50a4fd46dc"},"headline":"Propos d\u2019Etienne Soropogui: \u00ab il a intervenu \u00e0 titre personnel et \u00e0 son nom propre \u00bb d\u00e9clare le porte parole de la CENI Francis Kpa Koul\u00e9mou","datePublished":"2018-09-12T12:22:21+00:00","dateModified":"2018-09-12T12:22:21+00:00","mainEntityOfPage":{"@id":"https:\/\/guineediversite.com\/index.php\/2018\/09\/12\/propos-detienne-soropogui-il-a-intervenu-a-titre-personnel-et-a-son-nom-propre-declare-le-porte-parole-de-la-ceni-francis-kpa-koulemou\/"},"wordCount":474,"publisher":{"@id":"https:\/\/guineediversite.com\/#organization"},"image":{"@id":"https:\/\/guineediversite.com\/index.php\/2018\/09\/12\/propos-detienne-soropogui-il-a-intervenu-a-titre-personnel-et-a-son-nom-propre-declare-le-porte-parole-de-la-ceni-francis-kpa-koulemou\/#primaryimage"},"thumbnailUrl":"https:\/\/guineediversite.com\/wp-content\/uploads\/2018\/09\/IMG_20180912_090322_712.jpg","articleSection":["Politique"],"inLanguage":"fr-FR"},{"@type":"WebPage","@id":"https:\/\/guineediversite.com\/index.php\/2018\/09\/12\/propos-detienne-soropogui-il-a-intervenu-a-titre-personnel-et-a-son-nom-propre-declare-le-porte-parole-de-la-ceni-francis-kpa-koulemou\/","url":"https:\/\/guineediversite.com\/index.php\/2018\/09\/12\/propos-detienne-soropogui-il-a-intervenu-a-titre-personnel-et-a-son-nom-propre-declare-le-porte-parole-de-la-ceni-francis-kpa-koulemou\/","name":"Propos d\u2019Etienne Soropogui: \u00ab il a intervenu \u00e0 titre personnel et \u00e0 son nom propre \u00bb d\u00e9clare le porte parole de la CENI Francis Kpa Koul\u00e9mou | Guin\u00e9e Diversit\u00e9","isPartOf":{"@id":"https:\/\/guineediversite.com\/#website"},"primaryImageOfPage":{"@id":"https:\/\/guineediversite.com\/index.php\/2018\/09\/12\/propos-detienne-soropogui-il-a-intervenu-a-titre-personnel-et-a-son-nom-propre-declare-le-porte-parole-de-la-ceni-francis-kpa-koulemou\/#primaryimage"},"image":{"@id":"https:\/\/guineediversite.com\/index.php\/2018\/09\/12\/propos-detienne-soropogui-il-a-intervenu-a-titre-personnel-et-a-son-nom-propre-declare-le-porte-parole-de-la-ceni-francis-kpa-koulemou\/#primaryimage"},"thumbnailUrl":"https:\/\/guineediversite.com\/wp-content\/uploads\/2018\/09\/IMG_20180912_090322_712.jpg","datePublished":"2018-09-12T12:22:21+00:00","dateModified":"2018-09-12T12:22:21+00:00","breadcrumb":{"@id":"https:\/\/guineediversite.com\/index.php\/2018\/09\/12\/propos-detienne-soropogui-il-a-intervenu-a-titre-personnel-et-a-son-nom-propre-declare-le-porte-parole-de-la-ceni-francis-kpa-koulemou\/#breadcrumb"},"inLanguage":"fr-FR","potentialAction":[{"@type":"ReadAction","target":["https:\/\/guineediversite.com\/index.php\/2018\/09\/12\/propos-detienne-soropogui-il-a-intervenu-a-titre-personnel-et-a-son-nom-propre-declare-le-porte-parole-de-la-ceni-francis-kpa-koulemou\/"]}]},{"@type":"ImageObject","inLanguage":"fr-FR","@id":"https:\/\/guineediversite.com\/index.php\/2018\/09\/12\/propos-detienne-soropogui-il-a-intervenu-a-titre-personnel-et-a-son-nom-propre-declare-le-porte-parole-de-la-ceni-francis-kpa-koulemou\/#primaryimage","url":"https:\/\/guineediversite.com\/wp-content\/uploads\/2018\/09\/IMG_20180912_090322_712.jpg","contentUrl":"https:\/\/guineediversite.com\/wp-content\/uploads\/2018\/09\/IMG_20180912_090322_712.jpg","width":1024,"height":583},{"@type":"BreadcrumbList","@id":"https:\/\/guineediversite.com\/index.php\/2018\/09\/12\/propos-detienne-soropogui-il-a-intervenu-a-titre-personnel-et-a-son-nom-propre-declare-le-porte-parole-de-la-ceni-francis-kpa-koulemou\/#breadcrumb","itemListElement":[{"@type":"ListItem","position":1,"name":"Accueil","item":"https:\/\/guineediversite.com\/"},{"@type":"ListItem","position":2,"name":"Propos d\u2019Etienne Soropogui: \u00ab il a intervenu \u00e0 titre personnel et \u00e0 son nom propre \u00bb d\u00e9clare le porte parole de la CENI Francis Kpa Koul\u00e9mou"}]},{"@type":"WebSite","@id":"https:\/\/guineediversite.com\/#website","url":"https:\/\/guineediversite.com\/","name":"Guin\u00e9e Diversit\u00e9","description":"L&#039;Info dans toute sa diversit\u00e9","publisher":{"@id":"https:\/\/guineediversite.com\/#organization"},"potentialAction":[{"@type":"SearchAction","target":{"@type":"EntryPoint","urlTemplate":"https:\/\/guineediversite.com\/?s={search_term_string}"},"query-input":{"@type":"PropertyValueSpecification","valueRequired":true,"valueName":"search_term_string"}}],"inLanguage":"fr-FR"},{"@type":"Organization","@id":"https:\/\/guineediversite.com\/#organization","name":"Guin\u00e9e Diversit\u00e9","url":"https:\/\/guineediversite.com\/","logo":{"@type":"ImageObject","inLanguage":"fr-FR","@id":"https:\/\/guineediversite.com\/#\/schema\/logo\/image\/","url":"https:\/\/guineediversite.com\/wp-content\/uploads\/2017\/04\/cropped-1jojlxEOMkX9Wyqfhe43D6kjPOGqBBKmx3EwWJqZ0cMrFF54yM49.png","contentUrl":"https:\/\/guineediversite.com\/wp-content\/uploads\/2017\/04\/cropped-1jojlxEOMkX9Wyqfhe43D6kjPOGqBBKmx3EwWJqZ0cMrFF54yM49.png","width":186,"height":112,"caption":"Guin\u00e9e Diversit\u00e9"},"image":{"@id":"https:\/\/guineediversite.com\/#\/schema\/logo\/image\/"},"sameAs":["https:\/\/www.facebook.com\/guineediversite\/","https:\/\/x.com\/GuineeDiversite","https:\/\/www.youtube.com\/channel\/UC8sUY16qelG5ge6_D5SB83g"]},{"@type":"Person","@id":"https:\/\/guineediversite.com\/#\/schema\/person\/079ec347f72d2acde4b56a50a4fd46dc","name":"Moussa Mo\u00efse K\u00e9ita","image":{"@type":"ImageObject","inLanguage":"fr-FR","@id":"https:\/\/guineediversite.com\/#\/schema\/person\/image\/","url":"https:\/\/secure.gravatar.com\/avatar\/edf1ea2cc01841e6c0b49384bcb1385b?s=96&d=mm&r=g","contentUrl":"https:\/\/secure.gravatar.com\/avatar\/edf1ea2cc01841e6c0b49384bcb1385b?s=96&d=mm&r=g","caption":"Moussa Mo\u00efse K\u00e9ita"},"url":"https:\/\/guineediversite.com\/index.php\/author\/moussa-moise\/"}]}},"_links":{"self":[{"href":"https:\/\/guineediversite.com\/index.php\/wp-json\/wp\/v2\/posts\/26581"}],"collection":[{"href":"https:\/\/guineediversite.com\/index.php\/wp-json\/wp\/v2\/posts"}],"about":[{"href":"https:\/\/guineediversite.com\/index.php\/wp-json\/wp\/v2\/types\/post"}],"author":[{"embeddable":true,"href":"https:\/\/guineediversite.com\/index.php\/wp-json\/wp\/v2\/users\/16"}],"replies":[{"embeddable":true,"href":"https:\/\/guineediversite.com\/index.php\/wp-json\/wp\/v2\/comments?post=26581"}],"version-history":[{"count":0,"href":"https:\/\/guineediversite.com\/index.php\/wp-json\/wp\/v2\/posts\/26581\/revisions"}],"wp:featuredmedia":[{"embeddable":true,"href":"https:\/\/guineediversite.com\/index.php\/wp-json\/wp\/v2\/media\/26582"}],"wp:attachment":[{"href":"https:\/\/guineediversite.com\/index.php\/wp-json\/wp\/v2\/media?parent=26581"}],"wp:term":[{"taxonomy":"category","embeddable":true,"href":"https:\/\/guineediversite.com\/index.php\/wp-json\/wp\/v2\/categories?post=26581"},{"taxonomy":"post_tag","embeddable":true,"href":"https:\/\/guineediversite.com\/index.php\/wp-json\/wp\/v2\/tags?post=26581"}],"curies":[{"name":"wp","href":"https:\/\/api.w.org\/{rel}","templated":true}]}}