{"id":26563,"date":"2018-09-10T10:35:08","date_gmt":"2018-09-10T08:35:08","guid":{"rendered":"https:\/\/guineediversite.com\/?p=26563"},"modified":"2018-09-10T10:35:08","modified_gmt":"2018-09-10T08:35:08","slug":"football-elim-can-2019-victoire-de-la-guinee-face-a-la-centrafrique","status":"publish","type":"post","link":"https:\/\/guineediversite.com\/index.php\/2018\/09\/10\/football-elim-can-2019-victoire-de-la-guinee-face-a-la-centrafrique\/","title":{"rendered":"Football\/Elim CAN 2019: Victoire de la Guin\u00e9e face \u00e0 la Centrafrique"},"content":{"rendered":"<p>Apr\u00e8s sa victoire (2-3) face \u00e0 la cote d\u2019ivoire lors de la premi\u00e8re journ\u00e9e, la Guin\u00e9e affrontait la Centrafrique ce dimanche \u00e0 Conakry pour le compte de la deuxi\u00e8me journ\u00e9e des qualifications de la CAN 2019. Au terme d\u2019une rencontre tr\u00e8s passionnante, C\u2019est le Syli qui l\u2019emporte 1-0.<\/p>\n<p>Apr\u00e8s un score nul et vierge \u00e0 la pause, Il fallait attendre la seconde p\u00e9riode pour assister au but de la Guin\u00e9e. Entr\u00e9 en jeu \u00e0 la place de Lass Bangoura, Seydouba Soumah profite d\u2019une belle passe de Jos\u00e9 Kant\u00e9 pour inscrire le seul but de la rencontre.<\/p>\n<p>Cette victoire permet au syli de s\u2019installer seul \u00e0 la t\u00eate du groupe H avec 6 points. Le prochain rendez vous de la Guin\u00e9e ce sera au mois d\u2019octobre contre le Rwanda.<\/p>\n","protected":false},"excerpt":{"rendered":"<p>Apr\u00e8s sa victoire (2-3) face \u00e0 la cote d\u2019ivoire lors de la premi\u00e8re journ\u00e9e, la Guin\u00e9e affrontait la Centrafrique ce dimanche \u00e0 Conakry pour le compte de la deuxi\u00e8me journ\u00e9e des qualifications de la CAN 2019. Au terme d\u2019une rencontre tr\u00e8s passionnante, C\u2019est le Syli qui l\u2019emporte 1-0. Apr\u00e8s un score nul et vierge \u00e0 [&hellip;]<\/p>\n","protected":false},"author":10,"featured_media":26564,"comment_status":"closed","ping_status":"closed","sticky":false,"template":"","format":"standard","meta":{"_exactmetrics_skip_tracking":false,"_exactmetrics_sitenote_active":false,"_exactmetrics_sitenote_note":"","_exactmetrics_sitenote_category":0,"tdm_status":"","tdm_grid_status":"","footnotes":""},"categories":[18],"tags":[],"class_list":{"0":"post-26563","1":"post","2":"type-post","3":"status-publish","4":"format-standard","5":"has-post-thumbnail","7":"category-sport"},"yoast_head":"<!-- This site is optimized with the Yoast SEO plugin v24.2 - https:\/\/yoast.com\/wordpress\/plugins\/seo\/ -->\n<title>Football\/Elim CAN 2019: Victoire de la Guin\u00e9e face \u00e0 la Centrafrique | Guin\u00e9e Diversit\u00e9<\/title>\n<meta name=\"robots\" content=\"index, follow, max-snippet:-1, max-image-preview:large, max-video-preview:-1\" \/>\n<link rel=\"canonical\" href=\"https:\/\/guineediversite.com\/index.php\/2018\/09\/10\/football-elim-can-2019-victoire-de-la-guinee-face-a-la-centrafrique\/\" \/>\n<meta property=\"og:locale\" content=\"fr_FR\" \/>\n<meta property=\"og:type\" content=\"article\" \/>\n<meta property=\"og:title\" content=\"Football\/Elim CAN 2019: Victoire de la Guin\u00e9e face \u00e0 la Centrafrique | Guin\u00e9e Diversit\u00e9\" \/>\n<meta property=\"og:description\" content=\"Apr\u00e8s sa victoire (2-3) face \u00e0 la cote d\u2019ivoire lors de la premi\u00e8re journ\u00e9e, la Guin\u00e9e affrontait la Centrafrique ce dimanche \u00e0 Conakry pour le compte de la deuxi\u00e8me journ\u00e9e des qualifications de la CAN 2019. Au terme d\u2019une rencontre tr\u00e8s passionnante, C\u2019est le Syli qui l\u2019emporte 1-0. Apr\u00e8s un score nul et vierge \u00e0 [&hellip;]\" \/>\n<meta property=\"og:url\" content=\"https:\/\/guineediversite.com\/index.php\/2018\/09\/10\/football-elim-can-2019-victoire-de-la-guinee-face-a-la-centrafrique\/\" \/>\n<meta property=\"og:site_name\" content=\"Guin\u00e9e Diversit\u00e9\" \/>\n<meta property=\"article:publisher\" content=\"https:\/\/www.facebook.com\/guineediversite\/\" \/>\n<meta property=\"article:published_time\" content=\"2018-09-10T08:35:08+00:00\" \/>\n<meta property=\"og:image\" content=\"https:\/\/guineediversite.com\/wp-content\/uploads\/2018\/09\/AF86E68C-4EF5-49BD-9B61-D03578B1FF4A-696x522.jpeg\" \/>\n\t<meta property=\"og:image:width\" content=\"1365\" \/>\n\t<meta property=\"og:image:height\" content=\"1024\" \/>\n\t<meta property=\"og:image:type\" content=\"image\/jpeg\" \/>\n<meta name=\"author\" content=\"Morcire Camara\" \/>\n<meta name=\"twitter:card\" content=\"summary_large_image\" \/>\n<meta name=\"twitter:creator\" content=\"@GuineeDiversite\" \/>\n<meta name=\"twitter:site\" content=\"@GuineeDiversite\" \/>\n<meta name=\"twitter:label1\" content=\"\u00c9crit par\" \/>\n\t<meta name=\"twitter:data1\" content=\"Morcire Camara\" \/>\n\t<meta name=\"twitter:label2\" content=\"Dur\u00e9e de lecture estim\u00e9e\" \/>\n\t<meta name=\"twitter:data2\" content=\"1 minute\" \/>\n<script type=\"application\/ld+json\" class=\"yoast-schema-graph\">{\"@context\":\"https:\/\/schema.org\",\"@graph\":[{\"@type\":\"Article\",\"@id\":\"https:\/\/guineediversite.com\/index.php\/2018\/09\/10\/football-elim-can-2019-victoire-de-la-guinee-face-a-la-centrafrique\/#article\",\"isPartOf\":{\"@id\":\"https:\/\/guineediversite.com\/index.php\/2018\/09\/10\/football-elim-can-2019-victoire-de-la-guinee-face-a-la-centrafrique\/\"},\"author\":{\"name\":\"Morcire Camara\",\"@id\":\"https:\/\/guineediversite.com\/#\/schema\/person\/fa362494c47202ce4b3adf55abcc9d01\"},\"headline\":\"Football\/Elim CAN 2019: Victoire de la Guin\u00e9e face \u00e0 la Centrafrique\",\"datePublished\":\"2018-09-10T08:35:08+00:00\",\"dateModified\":\"2018-09-10T08:35:08+00:00\",\"mainEntityOfPage\":{\"@id\":\"https:\/\/guineediversite.com\/index.php\/2018\/09\/10\/football-elim-can-2019-victoire-de-la-guinee-face-a-la-centrafrique\/\"},\"wordCount\":151,\"publisher\":{\"@id\":\"https:\/\/guineediversite.com\/#organization\"},\"image\":{\"@id\":\"https:\/\/guineediversite.com\/index.php\/2018\/09\/10\/football-elim-can-2019-victoire-de-la-guinee-face-a-la-centrafrique\/#primaryimage\"},\"thumbnailUrl\":\"https:\/\/guineediversite.com\/wp-content\/uploads\/2018\/09\/AF86E68C-4EF5-49BD-9B61-D03578B1FF4A-696x522.jpeg\",\"articleSection\":[\"Sport\"],\"inLanguage\":\"fr-FR\"},{\"@type\":\"WebPage\",\"@id\":\"https:\/\/guineediversite.com\/index.php\/2018\/09\/10\/football-elim-can-2019-victoire-de-la-guinee-face-a-la-centrafrique\/\",\"url\":\"https:\/\/guineediversite.com\/index.php\/2018\/09\/10\/football-elim-can-2019-victoire-de-la-guinee-face-a-la-centrafrique\/\",\"name\":\"Football\/Elim CAN 2019: Victoire de la Guin\u00e9e face \u00e0 la Centrafrique | Guin\u00e9e Diversit\u00e9\",\"isPartOf\":{\"@id\":\"https:\/\/guineediversite.com\/#website\"},\"primaryImageOfPage\":{\"@id\":\"https:\/\/guineediversite.com\/index.php\/2018\/09\/10\/football-elim-can-2019-victoire-de-la-guinee-face-a-la-centrafrique\/#primaryimage\"},\"image\":{\"@id\":\"https:\/\/guineediversite.com\/index.php\/2018\/09\/10\/football-elim-can-2019-victoire-de-la-guinee-face-a-la-centrafrique\/#primaryimage\"},\"thumbnailUrl\":\"https:\/\/guineediversite.com\/wp-content\/uploads\/2018\/09\/AF86E68C-4EF5-49BD-9B61-D03578B1FF4A-696x522.jpeg\",\"datePublished\":\"2018-09-10T08:35:08+00:00\",\"dateModified\":\"2018-09-10T08:35:08+00:00\",\"breadcrumb\":{\"@id\":\"https:\/\/guineediversite.com\/index.php\/2018\/09\/10\/football-elim-can-2019-victoire-de-la-guinee-face-a-la-centrafrique\/#breadcrumb\"},\"inLanguage\":\"fr-FR\",\"potentialAction\":[{\"@type\":\"ReadAction\",\"target\":[\"https:\/\/guineediversite.com\/index.php\/2018\/09\/10\/football-elim-can-2019-victoire-de-la-guinee-face-a-la-centrafrique\/\"]}]},{\"@type\":\"ImageObject\",\"inLanguage\":\"fr-FR\",\"@id\":\"https:\/\/guineediversite.com\/index.php\/2018\/09\/10\/football-elim-can-2019-victoire-de-la-guinee-face-a-la-centrafrique\/#primaryimage\",\"url\":\"https:\/\/guineediversite.com\/wp-content\/uploads\/2018\/09\/AF86E68C-4EF5-49BD-9B61-D03578B1FF4A-696x522.jpeg\",\"contentUrl\":\"https:\/\/guineediversite.com\/wp-content\/uploads\/2018\/09\/AF86E68C-4EF5-49BD-9B61-D03578B1FF4A-696x522.jpeg\",\"width\":1365,\"height\":1024},{\"@type\":\"BreadcrumbList\",\"@id\":\"https:\/\/guineediversite.com\/index.php\/2018\/09\/10\/football-elim-can-2019-victoire-de-la-guinee-face-a-la-centrafrique\/#breadcrumb\",\"itemListElement\":[{\"@type\":\"ListItem\",\"position\":1,\"name\":\"Accueil\",\"item\":\"https:\/\/guineediversite.com\/\"},{\"@type\":\"ListItem\",\"position\":2,\"name\":\"Football\/Elim CAN 2019: Victoire de la Guin\u00e9e face \u00e0 la Centrafrique\"}]},{\"@type\":\"WebSite\",\"@id\":\"https:\/\/guineediversite.com\/#website\",\"url\":\"https:\/\/guineediversite.com\/\",\"name\":\"Guin\u00e9e Diversit\u00e9\",\"description\":\"L&#039;Info dans toute sa diversit\u00e9\",\"publisher\":{\"@id\":\"https:\/\/guineediversite.com\/#organization\"},\"potentialAction\":[{\"@type\":\"SearchAction\",\"target\":{\"@type\":\"EntryPoint\",\"urlTemplate\":\"https:\/\/guineediversite.com\/?s={search_term_string}\"},\"query-input\":{\"@type\":\"PropertyValueSpecification\",\"valueRequired\":true,\"valueName\":\"search_term_string\"}}],\"inLanguage\":\"fr-FR\"},{\"@type\":\"Organization\",\"@id\":\"https:\/\/guineediversite.com\/#organization\",\"name\":\"Guin\u00e9e Diversit\u00e9\",\"url\":\"https:\/\/guineediversite.com\/\",\"logo\":{\"@type\":\"ImageObject\",\"inLanguage\":\"fr-FR\",\"@id\":\"https:\/\/guineediversite.com\/#\/schema\/logo\/image\/\",\"url\":\"https:\/\/guineediversite.com\/wp-content\/uploads\/2017\/04\/cropped-1jojlxEOMkX9Wyqfhe43D6kjPOGqBBKmx3EwWJqZ0cMrFF54yM49.png\",\"contentUrl\":\"https:\/\/guineediversite.com\/wp-content\/uploads\/2017\/04\/cropped-1jojlxEOMkX9Wyqfhe43D6kjPOGqBBKmx3EwWJqZ0cMrFF54yM49.png\",\"width\":186,\"height\":112,\"caption\":\"Guin\u00e9e Diversit\u00e9\"},\"image\":{\"@id\":\"https:\/\/guineediversite.com\/#\/schema\/logo\/image\/\"},\"sameAs\":[\"https:\/\/www.facebook.com\/guineediversite\/\",\"https:\/\/x.com\/GuineeDiversite\",\"https:\/\/www.youtube.com\/channel\/UC8sUY16qelG5ge6_D5SB83g\"]},{\"@type\":\"Person\",\"@id\":\"https:\/\/guineediversite.com\/#\/schema\/person\/fa362494c47202ce4b3adf55abcc9d01\",\"name\":\"Morcire Camara\",\"image\":{\"@type\":\"ImageObject\",\"inLanguage\":\"fr-FR\",\"@id\":\"https:\/\/guineediversite.com\/#\/schema\/person\/image\/\",\"url\":\"https:\/\/secure.gravatar.com\/avatar\/3ec324f02295bbcebe03d99b39330ab4?s=96&d=mm&r=g\",\"contentUrl\":\"https:\/\/secure.gravatar.com\/avatar\/3ec324f02295bbcebe03d99b39330ab4?s=96&d=mm&r=g\",\"caption\":\"Morcire Camara\"},\"url\":\"https:\/\/guineediversite.com\/index.php\/author\/morcire\/\"}]}<\/script>\n<!-- \/ Yoast SEO plugin. -->","yoast_head_json":{"title":"Football\/Elim CAN 2019: Victoire de la Guin\u00e9e face \u00e0 la Centrafrique | Guin\u00e9e Diversit\u00e9","robots":{"index":"index","follow":"follow","max-snippet":"max-snippet:-1","max-image-preview":"max-image-preview:large","max-video-preview":"max-video-preview:-1"},"canonical":"https:\/\/guineediversite.com\/index.php\/2018\/09\/10\/football-elim-can-2019-victoire-de-la-guinee-face-a-la-centrafrique\/","og_locale":"fr_FR","og_type":"article","og_title":"Football\/Elim CAN 2019: Victoire de la Guin\u00e9e face \u00e0 la Centrafrique | Guin\u00e9e Diversit\u00e9","og_description":"Apr\u00e8s sa victoire (2-3) face \u00e0 la cote d\u2019ivoire lors de la premi\u00e8re journ\u00e9e, la Guin\u00e9e affrontait la Centrafrique ce dimanche \u00e0 Conakry pour le compte de la deuxi\u00e8me journ\u00e9e des qualifications de la CAN 2019. Au terme d\u2019une rencontre tr\u00e8s passionnante, C\u2019est le Syli qui l\u2019emporte 1-0. Apr\u00e8s un score nul et vierge \u00e0 [&hellip;]","og_url":"https:\/\/guineediversite.com\/index.php\/2018\/09\/10\/football-elim-can-2019-victoire-de-la-guinee-face-a-la-centrafrique\/","og_site_name":"Guin\u00e9e Diversit\u00e9","article_publisher":"https:\/\/www.facebook.com\/guineediversite\/","article_published_time":"2018-09-10T08:35:08+00:00","og_image":[{"width":1365,"height":1024,"url":"https:\/\/guineediversite.com\/wp-content\/uploads\/2018\/09\/AF86E68C-4EF5-49BD-9B61-D03578B1FF4A-696x522.jpeg","type":"image\/jpeg"}],"author":"Morcire Camara","twitter_card":"summary_large_image","twitter_creator":"@GuineeDiversite","twitter_site":"@GuineeDiversite","twitter_misc":{"\u00c9crit par":"Morcire Camara","Dur\u00e9e de lecture estim\u00e9e":"1 minute"},"schema":{"@context":"https:\/\/schema.org","@graph":[{"@type":"Article","@id":"https:\/\/guineediversite.com\/index.php\/2018\/09\/10\/football-elim-can-2019-victoire-de-la-guinee-face-a-la-centrafrique\/#article","isPartOf":{"@id":"https:\/\/guineediversite.com\/index.php\/2018\/09\/10\/football-elim-can-2019-victoire-de-la-guinee-face-a-la-centrafrique\/"},"author":{"name":"Morcire Camara","@id":"https:\/\/guineediversite.com\/#\/schema\/person\/fa362494c47202ce4b3adf55abcc9d01"},"headline":"Football\/Elim CAN 2019: Victoire de la Guin\u00e9e face \u00e0 la Centrafrique","datePublished":"2018-09-10T08:35:08+00:00","dateModified":"2018-09-10T08:35:08+00:00","mainEntityOfPage":{"@id":"https:\/\/guineediversite.com\/index.php\/2018\/09\/10\/football-elim-can-2019-victoire-de-la-guinee-face-a-la-centrafrique\/"},"wordCount":151,"publisher":{"@id":"https:\/\/guineediversite.com\/#organization"},"image":{"@id":"https:\/\/guineediversite.com\/index.php\/2018\/09\/10\/football-elim-can-2019-victoire-de-la-guinee-face-a-la-centrafrique\/#primaryimage"},"thumbnailUrl":"https:\/\/guineediversite.com\/wp-content\/uploads\/2018\/09\/AF86E68C-4EF5-49BD-9B61-D03578B1FF4A-696x522.jpeg","articleSection":["Sport"],"inLanguage":"fr-FR"},{"@type":"WebPage","@id":"https:\/\/guineediversite.com\/index.php\/2018\/09\/10\/football-elim-can-2019-victoire-de-la-guinee-face-a-la-centrafrique\/","url":"https:\/\/guineediversite.com\/index.php\/2018\/09\/10\/football-elim-can-2019-victoire-de-la-guinee-face-a-la-centrafrique\/","name":"Football\/Elim CAN 2019: Victoire de la Guin\u00e9e face \u00e0 la Centrafrique | Guin\u00e9e Diversit\u00e9","isPartOf":{"@id":"https:\/\/guineediversite.com\/#website"},"primaryImageOfPage":{"@id":"https:\/\/guineediversite.com\/index.php\/2018\/09\/10\/football-elim-can-2019-victoire-de-la-guinee-face-a-la-centrafrique\/#primaryimage"},"image":{"@id":"https:\/\/guineediversite.com\/index.php\/2018\/09\/10\/football-elim-can-2019-victoire-de-la-guinee-face-a-la-centrafrique\/#primaryimage"},"thumbnailUrl":"https:\/\/guineediversite.com\/wp-content\/uploads\/2018\/09\/AF86E68C-4EF5-49BD-9B61-D03578B1FF4A-696x522.jpeg","datePublished":"2018-09-10T08:35:08+00:00","dateModified":"2018-09-10T08:35:08+00:00","breadcrumb":{"@id":"https:\/\/guineediversite.com\/index.php\/2018\/09\/10\/football-elim-can-2019-victoire-de-la-guinee-face-a-la-centrafrique\/#breadcrumb"},"inLanguage":"fr-FR","potentialAction":[{"@type":"ReadAction","target":["https:\/\/guineediversite.com\/index.php\/2018\/09\/10\/football-elim-can-2019-victoire-de-la-guinee-face-a-la-centrafrique\/"]}]},{"@type":"ImageObject","inLanguage":"fr-FR","@id":"https:\/\/guineediversite.com\/index.php\/2018\/09\/10\/football-elim-can-2019-victoire-de-la-guinee-face-a-la-centrafrique\/#primaryimage","url":"https:\/\/guineediversite.com\/wp-content\/uploads\/2018\/09\/AF86E68C-4EF5-49BD-9B61-D03578B1FF4A-696x522.jpeg","contentUrl":"https:\/\/guineediversite.com\/wp-content\/uploads\/2018\/09\/AF86E68C-4EF5-49BD-9B61-D03578B1FF4A-696x522.jpeg","width":1365,"height":1024},{"@type":"BreadcrumbList","@id":"https:\/\/guineediversite.com\/index.php\/2018\/09\/10\/football-elim-can-2019-victoire-de-la-guinee-face-a-la-centrafrique\/#breadcrumb","itemListElement":[{"@type":"ListItem","position":1,"name":"Accueil","item":"https:\/\/guineediversite.com\/"},{"@type":"ListItem","position":2,"name":"Football\/Elim CAN 2019: Victoire de la Guin\u00e9e face \u00e0 la Centrafrique"}]},{"@type":"WebSite","@id":"https:\/\/guineediversite.com\/#website","url":"https:\/\/guineediversite.com\/","name":"Guin\u00e9e Diversit\u00e9","description":"L&#039;Info dans toute sa diversit\u00e9","publisher":{"@id":"https:\/\/guineediversite.com\/#organization"},"potentialAction":[{"@type":"SearchAction","target":{"@type":"EntryPoint","urlTemplate":"https:\/\/guineediversite.com\/?s={search_term_string}"},"query-input":{"@type":"PropertyValueSpecification","valueRequired":true,"valueName":"search_term_string"}}],"inLanguage":"fr-FR"},{"@type":"Organization","@id":"https:\/\/guineediversite.com\/#organization","name":"Guin\u00e9e Diversit\u00e9","url":"https:\/\/guineediversite.com\/","logo":{"@type":"ImageObject","inLanguage":"fr-FR","@id":"https:\/\/guineediversite.com\/#\/schema\/logo\/image\/","url":"https:\/\/guineediversite.com\/wp-content\/uploads\/2017\/04\/cropped-1jojlxEOMkX9Wyqfhe43D6kjPOGqBBKmx3EwWJqZ0cMrFF54yM49.png","contentUrl":"https:\/\/guineediversite.com\/wp-content\/uploads\/2017\/04\/cropped-1jojlxEOMkX9Wyqfhe43D6kjPOGqBBKmx3EwWJqZ0cMrFF54yM49.png","width":186,"height":112,"caption":"Guin\u00e9e Diversit\u00e9"},"image":{"@id":"https:\/\/guineediversite.com\/#\/schema\/logo\/image\/"},"sameAs":["https:\/\/www.facebook.com\/guineediversite\/","https:\/\/x.com\/GuineeDiversite","https:\/\/www.youtube.com\/channel\/UC8sUY16qelG5ge6_D5SB83g"]},{"@type":"Person","@id":"https:\/\/guineediversite.com\/#\/schema\/person\/fa362494c47202ce4b3adf55abcc9d01","name":"Morcire Camara","image":{"@type":"ImageObject","inLanguage":"fr-FR","@id":"https:\/\/guineediversite.com\/#\/schema\/person\/image\/","url":"https:\/\/secure.gravatar.com\/avatar\/3ec324f02295bbcebe03d99b39330ab4?s=96&d=mm&r=g","contentUrl":"https:\/\/secure.gravatar.com\/avatar\/3ec324f02295bbcebe03d99b39330ab4?s=96&d=mm&r=g","caption":"Morcire Camara"},"url":"https:\/\/guineediversite.com\/index.php\/author\/morcire\/"}]}},"_links":{"self":[{"href":"https:\/\/guineediversite.com\/index.php\/wp-json\/wp\/v2\/posts\/26563"}],"collection":[{"href":"https:\/\/guineediversite.com\/index.php\/wp-json\/wp\/v2\/posts"}],"about":[{"href":"https:\/\/guineediversite.com\/index.php\/wp-json\/wp\/v2\/types\/post"}],"author":[{"embeddable":true,"href":"https:\/\/guineediversite.com\/index.php\/wp-json\/wp\/v2\/users\/10"}],"replies":[{"embeddable":true,"href":"https:\/\/guineediversite.com\/index.php\/wp-json\/wp\/v2\/comments?post=26563"}],"version-history":[{"count":0,"href":"https:\/\/guineediversite.com\/index.php\/wp-json\/wp\/v2\/posts\/26563\/revisions"}],"wp:featuredmedia":[{"embeddable":true,"href":"https:\/\/guineediversite.com\/index.php\/wp-json\/wp\/v2\/media\/26564"}],"wp:attachment":[{"href":"https:\/\/guineediversite.com\/index.php\/wp-json\/wp\/v2\/media?parent=26563"}],"wp:term":[{"taxonomy":"category","embeddable":true,"href":"https:\/\/guineediversite.com\/index.php\/wp-json\/wp\/v2\/categories?post=26563"},{"taxonomy":"post_tag","embeddable":true,"href":"https:\/\/guineediversite.com\/index.php\/wp-json\/wp\/v2\/tags?post=26563"}],"curies":[{"name":"wp","href":"https:\/\/api.w.org\/{rel}","templated":true}]}}