{"id":26552,"date":"2018-09-07T16:16:48","date_gmt":"2018-09-07T14:16:48","guid":{"rendered":"https:\/\/guineediversite.com\/?p=26552"},"modified":"2018-09-07T16:16:48","modified_gmt":"2018-09-07T14:16:48","slug":"medias-on-ne-peut-pas-defendre-la-cause-dune-personne-si-elle-nest-pas-syndiquer-dixite-bilguissa-diallo-apres-la-fin-du-mandat-du-syndicat-de-la-presse-privee-de-guinee-ce","status":"publish","type":"post","link":"https:\/\/guineediversite.com\/index.php\/2018\/09\/07\/medias-on-ne-peut-pas-defendre-la-cause-dune-personne-si-elle-nest-pas-syndiquer-dixite-bilguissa-diallo-apres-la-fin-du-mandat-du-syndicat-de-la-presse-privee-de-guinee-ce\/","title":{"rendered":"M\u00e9dias: \u00ab On ne peut pas d\u00e9fendre la cause d&rsquo;une personne si elle n&rsquo;est pas syndiquer\u2026 \u00bb dixite Bilguissa Diallo Apr\u00e8s la fin du mandat du Syndicat de la Presse Priv\u00e9e de Guin\u00e9e ce jeudi 6 Septembre"},"content":{"rendered":"<p><strong>Il y&rsquo;a de cela trois ans que le camarade Sidi Diallo et onze autres membres dudit syndicat prenaient fonction. A l&rsquo;issu de ces ann\u00e9es d&rsquo;activit\u00e9, ils \u00e9taient devant leurs pairs \u00e0 la maison commune des journalistes pour dresser le bilan de leurs mandatures et annoncer la date du prochain congr\u00e8s.<\/strong><\/p>\n<p>Mais tout n&rsquo;a pas \u00e9t\u00e9 rose pendant cette mandature car au jour d&rsquo;aujourd&rsquo;hui plusieurs journalistes sont pessimistes \u00e0 l&rsquo;id\u00e9e d&rsquo;\u00eatre syndiquer au risque d&rsquo;\u00eatre virer par leurs employeurs, ou d&rsquo;autre tout simplement ne savent pas comment saisir la jeune structure syndicale.<\/p>\n<p>Pour pallier \u00e0 toutes ces interrogations la secr\u00e9taire charg\u00e9e des projets et de la formation \u00e0 lever le voile sur ce myst\u00e8re. \u00ab\u00a0<em>Pour \u00eatre syndiquer c&rsquo;est simple. Vous n&rsquo;\u00eates pas sans savoir qu&rsquo;on ne peut pas d\u00e9fendre la cause d&rsquo;une personne si elle n&rsquo;est pas syndiquer. Il faut que les journalistes acceptent maintenant de se faire syndiquer, si aujourd&rsquo;hui on avait du mal \u00e0 le faire parce que nos patrons de presse nous cr\u00e9aient des probl\u00e8mes mais maintenant ce n&rsquo;est plus le cas. Pour \u00eatre syndiquer c&rsquo;est simple, une demande manuscrite et dix milles franc guin\u00e9en c&rsquo;est tout. Parce que au d\u00e9but c&rsquo;\u00e9tait \u00e0 cinquante milles mais on s&rsquo;est rendu compte que les gens avaient du mal pour payer cette somme et on s\u2019est dit qu\u2019avec dix milles franc guin\u00e9en les gens peuvent adh\u00e9rer sans probl\u00e8me,<\/em>\u00a0\u00bb lance Bilguissa Diallo.<\/p>\n<p>Abordant les multiples n\u00e9gociations entre certains patrons de presse et certains employ\u00e9s qui \u00e9taient en gr\u00e8ve, Bilguissa Diallo explique l&rsquo;\u00e9chec de certaines n\u00e9gociations par le manques de solidarit\u00e9 entre certains gr\u00e9vistes eux m\u00eame une fois avoir d\u00e9clench\u00e9 leurs gr\u00e8ves. \u00ab\u00a0<em>Si dix personnes vont en gr\u00e8ve et demain le patron arrive \u00e0 les appel\u00e9s&#8230; Si vous savez que vous ne pouvez pas continuez la gr\u00e8ve ne l&rsquo;a d\u00e9clench\u00e9e pas. Le cas de global FM, ils sont all\u00e9s en gr\u00e8ve alors qu&rsquo;ils n&rsquo;\u00e9taient pas pr\u00eats. Parce qu\u2019ils sont all\u00e9s en gr\u00e8ve avec une dizaine de personne, par apr\u00e8s beaucoup se sont d\u00e9courag\u00e9s et nous on ne pouvait plus continuez de leurs accompagn\u00e9. C&rsquo;est ce qui a expliqu\u00e9 l&rsquo;\u00e9chec. Pour le cas de la radio Horizon Fm, les proc\u00e9dures \u00a0ont manqu\u00e9 \u00e0 ce niveau, on n&rsquo;est rentr\u00e9 en contact avec le doyen Yacine Diallo (PDG de ce m\u00e9dia ndlr) mais on a compris r\u00e9ellement qu&rsquo;il y&rsquo;a un vice de proc\u00e9dure sur la d\u00e9marche,<\/em>\u00a0\u00bb explique telle.<\/p>\n<p>Pour conclure, Bilguissa Diallo appel les uns et les autre \u00e0 adh\u00e9rer sans crainte d\u00e9sormais massivement au SPPG afin d&rsquo;\u00eatre soutenu par ce dernier en cas de besoin \u00ab <em>nous leurs demandons de venir, quand on dit syndicat, c&rsquo;est pour tout le monde on les encourage,<\/em>\u00bb r\u00e9agit la secr\u00e9taire charg\u00e9e des projets et de la formation du SPPG.<\/p>\n<p>A noter que le prochain congr\u00e8s \u00e9lectif de cette structure syndicale est pr\u00e9vu le 17 Septembre prochaine \u00e0 la maison de la presse \u00e0 Col\u00e9ah dans la commune de Matam.<\/p>\n","protected":false},"excerpt":{"rendered":"<p>Il y&rsquo;a de cela trois ans que le camarade Sidi Diallo et onze autres membres dudit syndicat prenaient fonction. A l&rsquo;issu de ces ann\u00e9es d&rsquo;activit\u00e9, ils \u00e9taient devant leurs pairs \u00e0 la maison commune des journalistes pour dresser le bilan de leurs mandatures et annoncer la date du prochain congr\u00e8s. Mais tout n&rsquo;a pas \u00e9t\u00e9 [&hellip;]<\/p>\n","protected":false},"author":16,"featured_media":26553,"comment_status":"closed","ping_status":"closed","sticky":false,"template":"","format":"standard","meta":{"_exactmetrics_skip_tracking":false,"_exactmetrics_sitenote_active":false,"_exactmetrics_sitenote_note":"","_exactmetrics_sitenote_category":0,"tdm_status":"","tdm_grid_status":"","footnotes":""},"categories":[16],"tags":[],"class_list":{"0":"post-26552","1":"post","2":"type-post","3":"status-publish","4":"format-standard","5":"has-post-thumbnail","7":"category-societe"},"yoast_head":"<!-- This site is optimized with the Yoast SEO plugin v24.2 - https:\/\/yoast.com\/wordpress\/plugins\/seo\/ -->\n<title>M\u00e9dias: \u00ab On ne peut pas d\u00e9fendre la cause d&#039;une personne si elle n&#039;est pas syndiquer\u2026 \u00bb dixite Bilguissa Diallo Apr\u00e8s la fin du mandat du Syndicat de la Presse Priv\u00e9e de Guin\u00e9e ce jeudi 6 Septembre | Guin\u00e9e Diversit\u00e9<\/title>\n<meta name=\"robots\" content=\"index, follow, max-snippet:-1, max-image-preview:large, max-video-preview:-1\" \/>\n<link rel=\"canonical\" href=\"https:\/\/guineediversite.com\/index.php\/2018\/09\/07\/medias-on-ne-peut-pas-defendre-la-cause-dune-personne-si-elle-nest-pas-syndiquer-dixite-bilguissa-diallo-apres-la-fin-du-mandat-du-syndicat-de-la-presse-privee-de-guinee-ce\/\" \/>\n<meta property=\"og:locale\" content=\"fr_FR\" \/>\n<meta property=\"og:type\" content=\"article\" \/>\n<meta property=\"og:title\" content=\"M\u00e9dias: \u00ab On ne peut pas d\u00e9fendre la cause d&#039;une personne si elle n&#039;est pas syndiquer\u2026 \u00bb dixite Bilguissa Diallo Apr\u00e8s la fin du mandat du Syndicat de la Presse Priv\u00e9e de Guin\u00e9e ce jeudi 6 Septembre | Guin\u00e9e Diversit\u00e9\" \/>\n<meta property=\"og:description\" content=\"Il y&rsquo;a de cela trois ans que le camarade Sidi Diallo et onze autres membres dudit syndicat prenaient fonction. A l&rsquo;issu de ces ann\u00e9es d&rsquo;activit\u00e9, ils \u00e9taient devant leurs pairs \u00e0 la maison commune des journalistes pour dresser le bilan de leurs mandatures et annoncer la date du prochain congr\u00e8s. Mais tout n&rsquo;a pas \u00e9t\u00e9 [&hellip;]\" \/>\n<meta property=\"og:url\" content=\"https:\/\/guineediversite.com\/index.php\/2018\/09\/07\/medias-on-ne-peut-pas-defendre-la-cause-dune-personne-si-elle-nest-pas-syndiquer-dixite-bilguissa-diallo-apres-la-fin-du-mandat-du-syndicat-de-la-presse-privee-de-guinee-ce\/\" \/>\n<meta property=\"og:site_name\" content=\"Guin\u00e9e Diversit\u00e9\" \/>\n<meta property=\"article:publisher\" content=\"https:\/\/www.facebook.com\/guineediversite\/\" \/>\n<meta property=\"article:published_time\" content=\"2018-09-07T14:16:48+00:00\" \/>\n<meta property=\"og:image\" content=\"https:\/\/guineediversite.com\/wp-content\/uploads\/2018\/09\/40862212_449471672230350_8951048458630856704_n.jpg\" \/>\n\t<meta property=\"og:image:width\" content=\"1365\" \/>\n\t<meta property=\"og:image:height\" content=\"1024\" \/>\n\t<meta property=\"og:image:type\" content=\"image\/jpeg\" \/>\n<meta name=\"author\" content=\"Moussa Mo\u00efse K\u00e9ita\" \/>\n<meta name=\"twitter:card\" content=\"summary_large_image\" \/>\n<meta name=\"twitter:creator\" content=\"@GuineeDiversite\" \/>\n<meta name=\"twitter:site\" content=\"@GuineeDiversite\" \/>\n<meta name=\"twitter:label1\" content=\"\u00c9crit par\" \/>\n\t<meta name=\"twitter:data1\" content=\"Moussa Mo\u00efse K\u00e9ita\" \/>\n\t<meta name=\"twitter:label2\" content=\"Dur\u00e9e de lecture estim\u00e9e\" \/>\n\t<meta name=\"twitter:data2\" content=\"3 minutes\" \/>\n<script type=\"application\/ld+json\" class=\"yoast-schema-graph\">{\"@context\":\"https:\/\/schema.org\",\"@graph\":[{\"@type\":\"Article\",\"@id\":\"https:\/\/guineediversite.com\/index.php\/2018\/09\/07\/medias-on-ne-peut-pas-defendre-la-cause-dune-personne-si-elle-nest-pas-syndiquer-dixite-bilguissa-diallo-apres-la-fin-du-mandat-du-syndicat-de-la-presse-privee-de-guinee-ce\/#article\",\"isPartOf\":{\"@id\":\"https:\/\/guineediversite.com\/index.php\/2018\/09\/07\/medias-on-ne-peut-pas-defendre-la-cause-dune-personne-si-elle-nest-pas-syndiquer-dixite-bilguissa-diallo-apres-la-fin-du-mandat-du-syndicat-de-la-presse-privee-de-guinee-ce\/\"},\"author\":{\"name\":\"Moussa Mo\u00efse K\u00e9ita\",\"@id\":\"https:\/\/guineediversite.com\/#\/schema\/person\/079ec347f72d2acde4b56a50a4fd46dc\"},\"headline\":\"M\u00e9dias: \u00ab On ne peut pas d\u00e9fendre la cause d&rsquo;une personne si elle n&rsquo;est pas syndiquer\u2026 \u00bb dixite Bilguissa Diallo Apr\u00e8s la fin du mandat du Syndicat de la Presse Priv\u00e9e de Guin\u00e9e ce jeudi 6 Septembre\",\"datePublished\":\"2018-09-07T14:16:48+00:00\",\"dateModified\":\"2018-09-07T14:16:48+00:00\",\"mainEntityOfPage\":{\"@id\":\"https:\/\/guineediversite.com\/index.php\/2018\/09\/07\/medias-on-ne-peut-pas-defendre-la-cause-dune-personne-si-elle-nest-pas-syndiquer-dixite-bilguissa-diallo-apres-la-fin-du-mandat-du-syndicat-de-la-presse-privee-de-guinee-ce\/\"},\"wordCount\":591,\"publisher\":{\"@id\":\"https:\/\/guineediversite.com\/#organization\"},\"image\":{\"@id\":\"https:\/\/guineediversite.com\/index.php\/2018\/09\/07\/medias-on-ne-peut-pas-defendre-la-cause-dune-personne-si-elle-nest-pas-syndiquer-dixite-bilguissa-diallo-apres-la-fin-du-mandat-du-syndicat-de-la-presse-privee-de-guinee-ce\/#primaryimage\"},\"thumbnailUrl\":\"https:\/\/guineediversite.com\/wp-content\/uploads\/2018\/09\/40862212_449471672230350_8951048458630856704_n.jpg\",\"articleSection\":[\"Soci\u00e9t\u00e9\"],\"inLanguage\":\"fr-FR\"},{\"@type\":\"WebPage\",\"@id\":\"https:\/\/guineediversite.com\/index.php\/2018\/09\/07\/medias-on-ne-peut-pas-defendre-la-cause-dune-personne-si-elle-nest-pas-syndiquer-dixite-bilguissa-diallo-apres-la-fin-du-mandat-du-syndicat-de-la-presse-privee-de-guinee-ce\/\",\"url\":\"https:\/\/guineediversite.com\/index.php\/2018\/09\/07\/medias-on-ne-peut-pas-defendre-la-cause-dune-personne-si-elle-nest-pas-syndiquer-dixite-bilguissa-diallo-apres-la-fin-du-mandat-du-syndicat-de-la-presse-privee-de-guinee-ce\/\",\"name\":\"M\u00e9dias: \u00ab On ne peut pas d\u00e9fendre la cause d'une personne si elle n'est pas syndiquer\u2026 \u00bb dixite Bilguissa Diallo Apr\u00e8s la fin du mandat du Syndicat de la Presse Priv\u00e9e de Guin\u00e9e ce jeudi 6 Septembre | Guin\u00e9e Diversit\u00e9\",\"isPartOf\":{\"@id\":\"https:\/\/guineediversite.com\/#website\"},\"primaryImageOfPage\":{\"@id\":\"https:\/\/guineediversite.com\/index.php\/2018\/09\/07\/medias-on-ne-peut-pas-defendre-la-cause-dune-personne-si-elle-nest-pas-syndiquer-dixite-bilguissa-diallo-apres-la-fin-du-mandat-du-syndicat-de-la-presse-privee-de-guinee-ce\/#primaryimage\"},\"image\":{\"@id\":\"https:\/\/guineediversite.com\/index.php\/2018\/09\/07\/medias-on-ne-peut-pas-defendre-la-cause-dune-personne-si-elle-nest-pas-syndiquer-dixite-bilguissa-diallo-apres-la-fin-du-mandat-du-syndicat-de-la-presse-privee-de-guinee-ce\/#primaryimage\"},\"thumbnailUrl\":\"https:\/\/guineediversite.com\/wp-content\/uploads\/2018\/09\/40862212_449471672230350_8951048458630856704_n.jpg\",\"datePublished\":\"2018-09-07T14:16:48+00:00\",\"dateModified\":\"2018-09-07T14:16:48+00:00\",\"breadcrumb\":{\"@id\":\"https:\/\/guineediversite.com\/index.php\/2018\/09\/07\/medias-on-ne-peut-pas-defendre-la-cause-dune-personne-si-elle-nest-pas-syndiquer-dixite-bilguissa-diallo-apres-la-fin-du-mandat-du-syndicat-de-la-presse-privee-de-guinee-ce\/#breadcrumb\"},\"inLanguage\":\"fr-FR\",\"potentialAction\":[{\"@type\":\"ReadAction\",\"target\":[\"https:\/\/guineediversite.com\/index.php\/2018\/09\/07\/medias-on-ne-peut-pas-defendre-la-cause-dune-personne-si-elle-nest-pas-syndiquer-dixite-bilguissa-diallo-apres-la-fin-du-mandat-du-syndicat-de-la-presse-privee-de-guinee-ce\/\"]}]},{\"@type\":\"ImageObject\",\"inLanguage\":\"fr-FR\",\"@id\":\"https:\/\/guineediversite.com\/index.php\/2018\/09\/07\/medias-on-ne-peut-pas-defendre-la-cause-dune-personne-si-elle-nest-pas-syndiquer-dixite-bilguissa-diallo-apres-la-fin-du-mandat-du-syndicat-de-la-presse-privee-de-guinee-ce\/#primaryimage\",\"url\":\"https:\/\/guineediversite.com\/wp-content\/uploads\/2018\/09\/40862212_449471672230350_8951048458630856704_n.jpg\",\"contentUrl\":\"https:\/\/guineediversite.com\/wp-content\/uploads\/2018\/09\/40862212_449471672230350_8951048458630856704_n.jpg\",\"width\":1365,\"height\":1024},{\"@type\":\"BreadcrumbList\",\"@id\":\"https:\/\/guineediversite.com\/index.php\/2018\/09\/07\/medias-on-ne-peut-pas-defendre-la-cause-dune-personne-si-elle-nest-pas-syndiquer-dixite-bilguissa-diallo-apres-la-fin-du-mandat-du-syndicat-de-la-presse-privee-de-guinee-ce\/#breadcrumb\",\"itemListElement\":[{\"@type\":\"ListItem\",\"position\":1,\"name\":\"Accueil\",\"item\":\"https:\/\/guineediversite.com\/\"},{\"@type\":\"ListItem\",\"position\":2,\"name\":\"M\u00e9dias: \u00ab On ne peut pas d\u00e9fendre la cause d&rsquo;une personne si elle n&rsquo;est pas syndiquer\u2026 \u00bb dixite Bilguissa Diallo Apr\u00e8s la fin du mandat du Syndicat de la Presse Priv\u00e9e de Guin\u00e9e ce jeudi 6 Septembre\"}]},{\"@type\":\"WebSite\",\"@id\":\"https:\/\/guineediversite.com\/#website\",\"url\":\"https:\/\/guineediversite.com\/\",\"name\":\"Guin\u00e9e Diversit\u00e9\",\"description\":\"L&#039;Info dans toute sa diversit\u00e9\",\"publisher\":{\"@id\":\"https:\/\/guineediversite.com\/#organization\"},\"potentialAction\":[{\"@type\":\"SearchAction\",\"target\":{\"@type\":\"EntryPoint\",\"urlTemplate\":\"https:\/\/guineediversite.com\/?s={search_term_string}\"},\"query-input\":{\"@type\":\"PropertyValueSpecification\",\"valueRequired\":true,\"valueName\":\"search_term_string\"}}],\"inLanguage\":\"fr-FR\"},{\"@type\":\"Organization\",\"@id\":\"https:\/\/guineediversite.com\/#organization\",\"name\":\"Guin\u00e9e Diversit\u00e9\",\"url\":\"https:\/\/guineediversite.com\/\",\"logo\":{\"@type\":\"ImageObject\",\"inLanguage\":\"fr-FR\",\"@id\":\"https:\/\/guineediversite.com\/#\/schema\/logo\/image\/\",\"url\":\"https:\/\/guineediversite.com\/wp-content\/uploads\/2017\/04\/cropped-1jojlxEOMkX9Wyqfhe43D6kjPOGqBBKmx3EwWJqZ0cMrFF54yM49.png\",\"contentUrl\":\"https:\/\/guineediversite.com\/wp-content\/uploads\/2017\/04\/cropped-1jojlxEOMkX9Wyqfhe43D6kjPOGqBBKmx3EwWJqZ0cMrFF54yM49.png\",\"width\":186,\"height\":112,\"caption\":\"Guin\u00e9e Diversit\u00e9\"},\"image\":{\"@id\":\"https:\/\/guineediversite.com\/#\/schema\/logo\/image\/\"},\"sameAs\":[\"https:\/\/www.facebook.com\/guineediversite\/\",\"https:\/\/x.com\/GuineeDiversite\",\"https:\/\/www.youtube.com\/channel\/UC8sUY16qelG5ge6_D5SB83g\"]},{\"@type\":\"Person\",\"@id\":\"https:\/\/guineediversite.com\/#\/schema\/person\/079ec347f72d2acde4b56a50a4fd46dc\",\"name\":\"Moussa Mo\u00efse K\u00e9ita\",\"image\":{\"@type\":\"ImageObject\",\"inLanguage\":\"fr-FR\",\"@id\":\"https:\/\/guineediversite.com\/#\/schema\/person\/image\/\",\"url\":\"https:\/\/secure.gravatar.com\/avatar\/edf1ea2cc01841e6c0b49384bcb1385b?s=96&d=mm&r=g\",\"contentUrl\":\"https:\/\/secure.gravatar.com\/avatar\/edf1ea2cc01841e6c0b49384bcb1385b?s=96&d=mm&r=g\",\"caption\":\"Moussa Mo\u00efse K\u00e9ita\"},\"url\":\"https:\/\/guineediversite.com\/index.php\/author\/moussa-moise\/\"}]}<\/script>\n<!-- \/ Yoast SEO plugin. -->","yoast_head_json":{"title":"M\u00e9dias: \u00ab On ne peut pas d\u00e9fendre la cause d'une personne si elle n'est pas syndiquer\u2026 \u00bb dixite Bilguissa Diallo Apr\u00e8s la fin du mandat du Syndicat de la Presse Priv\u00e9e de Guin\u00e9e ce jeudi 6 Septembre | Guin\u00e9e Diversit\u00e9","robots":{"index":"index","follow":"follow","max-snippet":"max-snippet:-1","max-image-preview":"max-image-preview:large","max-video-preview":"max-video-preview:-1"},"canonical":"https:\/\/guineediversite.com\/index.php\/2018\/09\/07\/medias-on-ne-peut-pas-defendre-la-cause-dune-personne-si-elle-nest-pas-syndiquer-dixite-bilguissa-diallo-apres-la-fin-du-mandat-du-syndicat-de-la-presse-privee-de-guinee-ce\/","og_locale":"fr_FR","og_type":"article","og_title":"M\u00e9dias: \u00ab On ne peut pas d\u00e9fendre la cause d'une personne si elle n'est pas syndiquer\u2026 \u00bb dixite Bilguissa Diallo Apr\u00e8s la fin du mandat du Syndicat de la Presse Priv\u00e9e de Guin\u00e9e ce jeudi 6 Septembre | Guin\u00e9e Diversit\u00e9","og_description":"Il y&rsquo;a de cela trois ans que le camarade Sidi Diallo et onze autres membres dudit syndicat prenaient fonction. A l&rsquo;issu de ces ann\u00e9es d&rsquo;activit\u00e9, ils \u00e9taient devant leurs pairs \u00e0 la maison commune des journalistes pour dresser le bilan de leurs mandatures et annoncer la date du prochain congr\u00e8s. Mais tout n&rsquo;a pas \u00e9t\u00e9 [&hellip;]","og_url":"https:\/\/guineediversite.com\/index.php\/2018\/09\/07\/medias-on-ne-peut-pas-defendre-la-cause-dune-personne-si-elle-nest-pas-syndiquer-dixite-bilguissa-diallo-apres-la-fin-du-mandat-du-syndicat-de-la-presse-privee-de-guinee-ce\/","og_site_name":"Guin\u00e9e Diversit\u00e9","article_publisher":"https:\/\/www.facebook.com\/guineediversite\/","article_published_time":"2018-09-07T14:16:48+00:00","og_image":[{"width":1365,"height":1024,"url":"https:\/\/guineediversite.com\/wp-content\/uploads\/2018\/09\/40862212_449471672230350_8951048458630856704_n.jpg","type":"image\/jpeg"}],"author":"Moussa Mo\u00efse K\u00e9ita","twitter_card":"summary_large_image","twitter_creator":"@GuineeDiversite","twitter_site":"@GuineeDiversite","twitter_misc":{"\u00c9crit par":"Moussa Mo\u00efse K\u00e9ita","Dur\u00e9e de lecture estim\u00e9e":"3 minutes"},"schema":{"@context":"https:\/\/schema.org","@graph":[{"@type":"Article","@id":"https:\/\/guineediversite.com\/index.php\/2018\/09\/07\/medias-on-ne-peut-pas-defendre-la-cause-dune-personne-si-elle-nest-pas-syndiquer-dixite-bilguissa-diallo-apres-la-fin-du-mandat-du-syndicat-de-la-presse-privee-de-guinee-ce\/#article","isPartOf":{"@id":"https:\/\/guineediversite.com\/index.php\/2018\/09\/07\/medias-on-ne-peut-pas-defendre-la-cause-dune-personne-si-elle-nest-pas-syndiquer-dixite-bilguissa-diallo-apres-la-fin-du-mandat-du-syndicat-de-la-presse-privee-de-guinee-ce\/"},"author":{"name":"Moussa Mo\u00efse K\u00e9ita","@id":"https:\/\/guineediversite.com\/#\/schema\/person\/079ec347f72d2acde4b56a50a4fd46dc"},"headline":"M\u00e9dias: \u00ab On ne peut pas d\u00e9fendre la cause d&rsquo;une personne si elle n&rsquo;est pas syndiquer\u2026 \u00bb dixite Bilguissa Diallo Apr\u00e8s la fin du mandat du Syndicat de la Presse Priv\u00e9e de Guin\u00e9e ce jeudi 6 Septembre","datePublished":"2018-09-07T14:16:48+00:00","dateModified":"2018-09-07T14:16:48+00:00","mainEntityOfPage":{"@id":"https:\/\/guineediversite.com\/index.php\/2018\/09\/07\/medias-on-ne-peut-pas-defendre-la-cause-dune-personne-si-elle-nest-pas-syndiquer-dixite-bilguissa-diallo-apres-la-fin-du-mandat-du-syndicat-de-la-presse-privee-de-guinee-ce\/"},"wordCount":591,"publisher":{"@id":"https:\/\/guineediversite.com\/#organization"},"image":{"@id":"https:\/\/guineediversite.com\/index.php\/2018\/09\/07\/medias-on-ne-peut-pas-defendre-la-cause-dune-personne-si-elle-nest-pas-syndiquer-dixite-bilguissa-diallo-apres-la-fin-du-mandat-du-syndicat-de-la-presse-privee-de-guinee-ce\/#primaryimage"},"thumbnailUrl":"https:\/\/guineediversite.com\/wp-content\/uploads\/2018\/09\/40862212_449471672230350_8951048458630856704_n.jpg","articleSection":["Soci\u00e9t\u00e9"],"inLanguage":"fr-FR"},{"@type":"WebPage","@id":"https:\/\/guineediversite.com\/index.php\/2018\/09\/07\/medias-on-ne-peut-pas-defendre-la-cause-dune-personne-si-elle-nest-pas-syndiquer-dixite-bilguissa-diallo-apres-la-fin-du-mandat-du-syndicat-de-la-presse-privee-de-guinee-ce\/","url":"https:\/\/guineediversite.com\/index.php\/2018\/09\/07\/medias-on-ne-peut-pas-defendre-la-cause-dune-personne-si-elle-nest-pas-syndiquer-dixite-bilguissa-diallo-apres-la-fin-du-mandat-du-syndicat-de-la-presse-privee-de-guinee-ce\/","name":"M\u00e9dias: \u00ab On ne peut pas d\u00e9fendre la cause d'une personne si elle n'est pas syndiquer\u2026 \u00bb dixite Bilguissa Diallo Apr\u00e8s la fin du mandat du Syndicat de la Presse Priv\u00e9e de Guin\u00e9e ce jeudi 6 Septembre | Guin\u00e9e Diversit\u00e9","isPartOf":{"@id":"https:\/\/guineediversite.com\/#website"},"primaryImageOfPage":{"@id":"https:\/\/guineediversite.com\/index.php\/2018\/09\/07\/medias-on-ne-peut-pas-defendre-la-cause-dune-personne-si-elle-nest-pas-syndiquer-dixite-bilguissa-diallo-apres-la-fin-du-mandat-du-syndicat-de-la-presse-privee-de-guinee-ce\/#primaryimage"},"image":{"@id":"https:\/\/guineediversite.com\/index.php\/2018\/09\/07\/medias-on-ne-peut-pas-defendre-la-cause-dune-personne-si-elle-nest-pas-syndiquer-dixite-bilguissa-diallo-apres-la-fin-du-mandat-du-syndicat-de-la-presse-privee-de-guinee-ce\/#primaryimage"},"thumbnailUrl":"https:\/\/guineediversite.com\/wp-content\/uploads\/2018\/09\/40862212_449471672230350_8951048458630856704_n.jpg","datePublished":"2018-09-07T14:16:48+00:00","dateModified":"2018-09-07T14:16:48+00:00","breadcrumb":{"@id":"https:\/\/guineediversite.com\/index.php\/2018\/09\/07\/medias-on-ne-peut-pas-defendre-la-cause-dune-personne-si-elle-nest-pas-syndiquer-dixite-bilguissa-diallo-apres-la-fin-du-mandat-du-syndicat-de-la-presse-privee-de-guinee-ce\/#breadcrumb"},"inLanguage":"fr-FR","potentialAction":[{"@type":"ReadAction","target":["https:\/\/guineediversite.com\/index.php\/2018\/09\/07\/medias-on-ne-peut-pas-defendre-la-cause-dune-personne-si-elle-nest-pas-syndiquer-dixite-bilguissa-diallo-apres-la-fin-du-mandat-du-syndicat-de-la-presse-privee-de-guinee-ce\/"]}]},{"@type":"ImageObject","inLanguage":"fr-FR","@id":"https:\/\/guineediversite.com\/index.php\/2018\/09\/07\/medias-on-ne-peut-pas-defendre-la-cause-dune-personne-si-elle-nest-pas-syndiquer-dixite-bilguissa-diallo-apres-la-fin-du-mandat-du-syndicat-de-la-presse-privee-de-guinee-ce\/#primaryimage","url":"https:\/\/guineediversite.com\/wp-content\/uploads\/2018\/09\/40862212_449471672230350_8951048458630856704_n.jpg","contentUrl":"https:\/\/guineediversite.com\/wp-content\/uploads\/2018\/09\/40862212_449471672230350_8951048458630856704_n.jpg","width":1365,"height":1024},{"@type":"BreadcrumbList","@id":"https:\/\/guineediversite.com\/index.php\/2018\/09\/07\/medias-on-ne-peut-pas-defendre-la-cause-dune-personne-si-elle-nest-pas-syndiquer-dixite-bilguissa-diallo-apres-la-fin-du-mandat-du-syndicat-de-la-presse-privee-de-guinee-ce\/#breadcrumb","itemListElement":[{"@type":"ListItem","position":1,"name":"Accueil","item":"https:\/\/guineediversite.com\/"},{"@type":"ListItem","position":2,"name":"M\u00e9dias: \u00ab On ne peut pas d\u00e9fendre la cause d&rsquo;une personne si elle n&rsquo;est pas syndiquer\u2026 \u00bb dixite Bilguissa Diallo Apr\u00e8s la fin du mandat du Syndicat de la Presse Priv\u00e9e de Guin\u00e9e ce jeudi 6 Septembre"}]},{"@type":"WebSite","@id":"https:\/\/guineediversite.com\/#website","url":"https:\/\/guineediversite.com\/","name":"Guin\u00e9e Diversit\u00e9","description":"L&#039;Info dans toute sa diversit\u00e9","publisher":{"@id":"https:\/\/guineediversite.com\/#organization"},"potentialAction":[{"@type":"SearchAction","target":{"@type":"EntryPoint","urlTemplate":"https:\/\/guineediversite.com\/?s={search_term_string}"},"query-input":{"@type":"PropertyValueSpecification","valueRequired":true,"valueName":"search_term_string"}}],"inLanguage":"fr-FR"},{"@type":"Organization","@id":"https:\/\/guineediversite.com\/#organization","name":"Guin\u00e9e Diversit\u00e9","url":"https:\/\/guineediversite.com\/","logo":{"@type":"ImageObject","inLanguage":"fr-FR","@id":"https:\/\/guineediversite.com\/#\/schema\/logo\/image\/","url":"https:\/\/guineediversite.com\/wp-content\/uploads\/2017\/04\/cropped-1jojlxEOMkX9Wyqfhe43D6kjPOGqBBKmx3EwWJqZ0cMrFF54yM49.png","contentUrl":"https:\/\/guineediversite.com\/wp-content\/uploads\/2017\/04\/cropped-1jojlxEOMkX9Wyqfhe43D6kjPOGqBBKmx3EwWJqZ0cMrFF54yM49.png","width":186,"height":112,"caption":"Guin\u00e9e Diversit\u00e9"},"image":{"@id":"https:\/\/guineediversite.com\/#\/schema\/logo\/image\/"},"sameAs":["https:\/\/www.facebook.com\/guineediversite\/","https:\/\/x.com\/GuineeDiversite","https:\/\/www.youtube.com\/channel\/UC8sUY16qelG5ge6_D5SB83g"]},{"@type":"Person","@id":"https:\/\/guineediversite.com\/#\/schema\/person\/079ec347f72d2acde4b56a50a4fd46dc","name":"Moussa Mo\u00efse K\u00e9ita","image":{"@type":"ImageObject","inLanguage":"fr-FR","@id":"https:\/\/guineediversite.com\/#\/schema\/person\/image\/","url":"https:\/\/secure.gravatar.com\/avatar\/edf1ea2cc01841e6c0b49384bcb1385b?s=96&d=mm&r=g","contentUrl":"https:\/\/secure.gravatar.com\/avatar\/edf1ea2cc01841e6c0b49384bcb1385b?s=96&d=mm&r=g","caption":"Moussa Mo\u00efse K\u00e9ita"},"url":"https:\/\/guineediversite.com\/index.php\/author\/moussa-moise\/"}]}},"_links":{"self":[{"href":"https:\/\/guineediversite.com\/index.php\/wp-json\/wp\/v2\/posts\/26552"}],"collection":[{"href":"https:\/\/guineediversite.com\/index.php\/wp-json\/wp\/v2\/posts"}],"about":[{"href":"https:\/\/guineediversite.com\/index.php\/wp-json\/wp\/v2\/types\/post"}],"author":[{"embeddable":true,"href":"https:\/\/guineediversite.com\/index.php\/wp-json\/wp\/v2\/users\/16"}],"replies":[{"embeddable":true,"href":"https:\/\/guineediversite.com\/index.php\/wp-json\/wp\/v2\/comments?post=26552"}],"version-history":[{"count":0,"href":"https:\/\/guineediversite.com\/index.php\/wp-json\/wp\/v2\/posts\/26552\/revisions"}],"wp:featuredmedia":[{"embeddable":true,"href":"https:\/\/guineediversite.com\/index.php\/wp-json\/wp\/v2\/media\/26553"}],"wp:attachment":[{"href":"https:\/\/guineediversite.com\/index.php\/wp-json\/wp\/v2\/media?parent=26552"}],"wp:term":[{"taxonomy":"category","embeddable":true,"href":"https:\/\/guineediversite.com\/index.php\/wp-json\/wp\/v2\/categories?post=26552"},{"taxonomy":"post_tag","embeddable":true,"href":"https:\/\/guineediversite.com\/index.php\/wp-json\/wp\/v2\/tags?post=26552"}],"curies":[{"name":"wp","href":"https:\/\/api.w.org\/{rel}","templated":true}]}}