{"id":26543,"date":"2018-09-06T21:18:36","date_gmt":"2018-09-06T19:18:36","guid":{"rendered":"https:\/\/guineediversite.com\/?p=26543"},"modified":"2018-09-06T21:18:36","modified_gmt":"2018-09-06T19:18:36","slug":"le-projet-rhino-sur-les-enjeux-du-bioterrorisme-deja-examine","status":"publish","type":"post","link":"https:\/\/guineediversite.com\/index.php\/2018\/09\/06\/le-projet-rhino-sur-les-enjeux-du-bioterrorisme-deja-examine\/","title":{"rendered":"Le  projet Rhino sur les enjeux du bioterrorisme d\u00e9j\u00e0 examin\u00e9"},"content":{"rendered":"<p>La premi\u00e8re r\u00e9union de planification du projet RHINO d\u2019Interpol pour la Guin\u00e9e a pris fin ce jeudi \u00e0 Conakry. Cette rencontre de trois jours a regroup\u00e9 vingt\u00a0 personnes de plusieurs d\u00e9partements sur les enjeux du bioterrorisme et les maladies infectieuses en Guin\u00e9e. Le projet Rhino est organis\u00e9 par l\u2019Interpol et le secr\u00e9tariat d\u2019Etat Am\u00e9ricain. AU terme de cette r\u00e9union plusieurs activit\u00e9s ont \u00e9t\u00e9 planifi\u00e9es comme le souligne Abdoul Malick Kon\u00e9 directeur National de la police judiciaire.<\/p>\n<p>\u00ab\u00a0<em>Au terme de cette r\u00e9union il ya eu des recommandations et une prise de conscience collective, pour qu\u2019en cas de sinistre majeur que l\u2019Etat puisse apporter une riposte chirurgicale, une riposte orient\u00e9e a tous les niveaux de responsabilit\u00e9. Il faudrait que le pays soit dans une dynamique de r\u00e9silience, c&rsquo;est-\u00e0-dire c\u2019est la capacit\u00e9 \u00e0 l\u2019Etat de r\u00e9parer un dommage, quand il subit un acte malveillant du terroriste qu\u2019il puisse se prendre en charge tout de suite. M\u00eame si le fonctionnement normal est atteint, mais qu\u2019il puisse fonctionner en \u00e9tat d\u00e9grad\u00e9.\u00a0\u00bb<\/em><\/p>\n<p>Dans cette m\u00eame perspective, les participants se sont r\u00e9jouit de la pertinence de cette r\u00e9union qui a port\u00e9 sur la pr\u00e9vention de la s\u00e9curit\u00e9 \u00e9cologique et des risques du bioterrorisme.<\/p>\n<p><em>Aboubacar Bald\u00e9 assistant au d\u00e9partement national sant\u00e9 soins communautaire de la croix rouge guin\u00e9enne \u00ab\u00a0nous avons appris beaucoup de chose au terme de ces trois jours de formation. C\u2019est un atelier de planification du projet jamais organis\u00e9 par l\u2019Interpol. Et c\u2019est un projet qui est \u00e0 sa troisi\u00e8me phase et la croix rouge a particip\u00e9 activement \u00e0 la lutte contre la maladie \u00e0 virus Ebola. Tout ce qui concerne l\u2019urgence sanitaire presque nous impliquer \u00e0 travers le minist\u00e8re de la sant\u00e9. C\u2019est pourquoi nous avions \u00e9t\u00e9 convi\u00e9s \u00e0 cet atelier. Ce projet \u00e0 neuf activit\u00e9s et pour une dur\u00e9e de deux ans, nous avons planifi\u00e9 toutes ces activit\u00e9s et cibl\u00e9s les participants.<\/em>\u00a0\u00bb<\/p>\n","protected":false},"excerpt":{"rendered":"<p>La premi\u00e8re r\u00e9union de planification du projet RHINO d\u2019Interpol pour la Guin\u00e9e a pris fin ce jeudi \u00e0 Conakry. Cette rencontre de trois jours a regroup\u00e9 vingt\u00a0 personnes de plusieurs d\u00e9partements sur les enjeux du bioterrorisme et les maladies infectieuses en Guin\u00e9e. Le projet Rhino est organis\u00e9 par l\u2019Interpol et le secr\u00e9tariat d\u2019Etat Am\u00e9ricain. AU [&hellip;]<\/p>\n","protected":false},"author":10,"featured_media":26492,"comment_status":"closed","ping_status":"closed","sticky":false,"template":"","format":"standard","meta":{"_exactmetrics_skip_tracking":false,"_exactmetrics_sitenote_active":false,"_exactmetrics_sitenote_note":"","_exactmetrics_sitenote_category":0,"tdm_status":"","tdm_grid_status":"","footnotes":""},"categories":[16],"tags":[],"class_list":{"0":"post-26543","1":"post","2":"type-post","3":"status-publish","4":"format-standard","5":"has-post-thumbnail","7":"category-societe"},"yoast_head":"<!-- This site is optimized with the Yoast SEO plugin v24.2 - https:\/\/yoast.com\/wordpress\/plugins\/seo\/ -->\n<title>Le projet Rhino sur les enjeux du bioterrorisme d\u00e9j\u00e0 examin\u00e9 | Guin\u00e9e Diversit\u00e9<\/title>\n<meta name=\"robots\" content=\"index, follow, max-snippet:-1, max-image-preview:large, max-video-preview:-1\" \/>\n<link rel=\"canonical\" href=\"https:\/\/guineediversite.com\/index.php\/2018\/09\/06\/le-projet-rhino-sur-les-enjeux-du-bioterrorisme-deja-examine\/\" \/>\n<meta property=\"og:locale\" content=\"fr_FR\" \/>\n<meta property=\"og:type\" content=\"article\" \/>\n<meta property=\"og:title\" content=\"Le projet Rhino sur les enjeux du bioterrorisme d\u00e9j\u00e0 examin\u00e9 | Guin\u00e9e Diversit\u00e9\" \/>\n<meta property=\"og:description\" content=\"La premi\u00e8re r\u00e9union de planification du projet RHINO d\u2019Interpol pour la Guin\u00e9e a pris fin ce jeudi \u00e0 Conakry. Cette rencontre de trois jours a regroup\u00e9 vingt\u00a0 personnes de plusieurs d\u00e9partements sur les enjeux du bioterrorisme et les maladies infectieuses en Guin\u00e9e. Le projet Rhino est organis\u00e9 par l\u2019Interpol et le secr\u00e9tariat d\u2019Etat Am\u00e9ricain. AU [&hellip;]\" \/>\n<meta property=\"og:url\" content=\"https:\/\/guineediversite.com\/index.php\/2018\/09\/06\/le-projet-rhino-sur-les-enjeux-du-bioterrorisme-deja-examine\/\" \/>\n<meta property=\"og:site_name\" content=\"Guin\u00e9e Diversit\u00e9\" \/>\n<meta property=\"article:publisher\" content=\"https:\/\/www.facebook.com\/guineediversite\/\" \/>\n<meta property=\"article:published_time\" content=\"2018-09-06T19:18:36+00:00\" \/>\n<meta property=\"og:image\" content=\"https:\/\/guineediversite.com\/wp-content\/uploads\/2018\/09\/40756643_2105767509741248_3228040043205492736_n.jpg\" \/>\n\t<meta property=\"og:image:width\" content=\"1365\" \/>\n\t<meta property=\"og:image:height\" content=\"1024\" \/>\n\t<meta property=\"og:image:type\" content=\"image\/jpeg\" \/>\n<meta name=\"author\" content=\"Morcire Camara\" \/>\n<meta name=\"twitter:card\" content=\"summary_large_image\" \/>\n<meta name=\"twitter:creator\" content=\"@GuineeDiversite\" \/>\n<meta name=\"twitter:site\" content=\"@GuineeDiversite\" \/>\n<meta name=\"twitter:label1\" content=\"\u00c9crit par\" \/>\n\t<meta name=\"twitter:data1\" content=\"Morcire Camara\" \/>\n\t<meta name=\"twitter:label2\" content=\"Dur\u00e9e de lecture estim\u00e9e\" \/>\n\t<meta name=\"twitter:data2\" content=\"2 minutes\" \/>\n<script type=\"application\/ld+json\" class=\"yoast-schema-graph\">{\"@context\":\"https:\/\/schema.org\",\"@graph\":[{\"@type\":\"Article\",\"@id\":\"https:\/\/guineediversite.com\/index.php\/2018\/09\/06\/le-projet-rhino-sur-les-enjeux-du-bioterrorisme-deja-examine\/#article\",\"isPartOf\":{\"@id\":\"https:\/\/guineediversite.com\/index.php\/2018\/09\/06\/le-projet-rhino-sur-les-enjeux-du-bioterrorisme-deja-examine\/\"},\"author\":{\"name\":\"Morcire Camara\",\"@id\":\"https:\/\/guineediversite.com\/#\/schema\/person\/fa362494c47202ce4b3adf55abcc9d01\"},\"headline\":\"Le projet Rhino sur les enjeux du bioterrorisme d\u00e9j\u00e0 examin\u00e9\",\"datePublished\":\"2018-09-06T19:18:36+00:00\",\"dateModified\":\"2018-09-06T19:18:36+00:00\",\"mainEntityOfPage\":{\"@id\":\"https:\/\/guineediversite.com\/index.php\/2018\/09\/06\/le-projet-rhino-sur-les-enjeux-du-bioterrorisme-deja-examine\/\"},\"wordCount\":357,\"publisher\":{\"@id\":\"https:\/\/guineediversite.com\/#organization\"},\"image\":{\"@id\":\"https:\/\/guineediversite.com\/index.php\/2018\/09\/06\/le-projet-rhino-sur-les-enjeux-du-bioterrorisme-deja-examine\/#primaryimage\"},\"thumbnailUrl\":\"https:\/\/guineediversite.com\/wp-content\/uploads\/2018\/09\/40756643_2105767509741248_3228040043205492736_n.jpg\",\"articleSection\":[\"Soci\u00e9t\u00e9\"],\"inLanguage\":\"fr-FR\"},{\"@type\":\"WebPage\",\"@id\":\"https:\/\/guineediversite.com\/index.php\/2018\/09\/06\/le-projet-rhino-sur-les-enjeux-du-bioterrorisme-deja-examine\/\",\"url\":\"https:\/\/guineediversite.com\/index.php\/2018\/09\/06\/le-projet-rhino-sur-les-enjeux-du-bioterrorisme-deja-examine\/\",\"name\":\"Le projet Rhino sur les enjeux du bioterrorisme d\u00e9j\u00e0 examin\u00e9 | Guin\u00e9e Diversit\u00e9\",\"isPartOf\":{\"@id\":\"https:\/\/guineediversite.com\/#website\"},\"primaryImageOfPage\":{\"@id\":\"https:\/\/guineediversite.com\/index.php\/2018\/09\/06\/le-projet-rhino-sur-les-enjeux-du-bioterrorisme-deja-examine\/#primaryimage\"},\"image\":{\"@id\":\"https:\/\/guineediversite.com\/index.php\/2018\/09\/06\/le-projet-rhino-sur-les-enjeux-du-bioterrorisme-deja-examine\/#primaryimage\"},\"thumbnailUrl\":\"https:\/\/guineediversite.com\/wp-content\/uploads\/2018\/09\/40756643_2105767509741248_3228040043205492736_n.jpg\",\"datePublished\":\"2018-09-06T19:18:36+00:00\",\"dateModified\":\"2018-09-06T19:18:36+00:00\",\"breadcrumb\":{\"@id\":\"https:\/\/guineediversite.com\/index.php\/2018\/09\/06\/le-projet-rhino-sur-les-enjeux-du-bioterrorisme-deja-examine\/#breadcrumb\"},\"inLanguage\":\"fr-FR\",\"potentialAction\":[{\"@type\":\"ReadAction\",\"target\":[\"https:\/\/guineediversite.com\/index.php\/2018\/09\/06\/le-projet-rhino-sur-les-enjeux-du-bioterrorisme-deja-examine\/\"]}]},{\"@type\":\"ImageObject\",\"inLanguage\":\"fr-FR\",\"@id\":\"https:\/\/guineediversite.com\/index.php\/2018\/09\/06\/le-projet-rhino-sur-les-enjeux-du-bioterrorisme-deja-examine\/#primaryimage\",\"url\":\"https:\/\/guineediversite.com\/wp-content\/uploads\/2018\/09\/40756643_2105767509741248_3228040043205492736_n.jpg\",\"contentUrl\":\"https:\/\/guineediversite.com\/wp-content\/uploads\/2018\/09\/40756643_2105767509741248_3228040043205492736_n.jpg\",\"width\":1365,\"height\":1024},{\"@type\":\"BreadcrumbList\",\"@id\":\"https:\/\/guineediversite.com\/index.php\/2018\/09\/06\/le-projet-rhino-sur-les-enjeux-du-bioterrorisme-deja-examine\/#breadcrumb\",\"itemListElement\":[{\"@type\":\"ListItem\",\"position\":1,\"name\":\"Accueil\",\"item\":\"https:\/\/guineediversite.com\/\"},{\"@type\":\"ListItem\",\"position\":2,\"name\":\"Le projet Rhino sur les enjeux du bioterrorisme d\u00e9j\u00e0 examin\u00e9\"}]},{\"@type\":\"WebSite\",\"@id\":\"https:\/\/guineediversite.com\/#website\",\"url\":\"https:\/\/guineediversite.com\/\",\"name\":\"Guin\u00e9e Diversit\u00e9\",\"description\":\"L&#039;Info dans toute sa diversit\u00e9\",\"publisher\":{\"@id\":\"https:\/\/guineediversite.com\/#organization\"},\"potentialAction\":[{\"@type\":\"SearchAction\",\"target\":{\"@type\":\"EntryPoint\",\"urlTemplate\":\"https:\/\/guineediversite.com\/?s={search_term_string}\"},\"query-input\":{\"@type\":\"PropertyValueSpecification\",\"valueRequired\":true,\"valueName\":\"search_term_string\"}}],\"inLanguage\":\"fr-FR\"},{\"@type\":\"Organization\",\"@id\":\"https:\/\/guineediversite.com\/#organization\",\"name\":\"Guin\u00e9e Diversit\u00e9\",\"url\":\"https:\/\/guineediversite.com\/\",\"logo\":{\"@type\":\"ImageObject\",\"inLanguage\":\"fr-FR\",\"@id\":\"https:\/\/guineediversite.com\/#\/schema\/logo\/image\/\",\"url\":\"https:\/\/guineediversite.com\/wp-content\/uploads\/2017\/04\/cropped-1jojlxEOMkX9Wyqfhe43D6kjPOGqBBKmx3EwWJqZ0cMrFF54yM49.png\",\"contentUrl\":\"https:\/\/guineediversite.com\/wp-content\/uploads\/2017\/04\/cropped-1jojlxEOMkX9Wyqfhe43D6kjPOGqBBKmx3EwWJqZ0cMrFF54yM49.png\",\"width\":186,\"height\":112,\"caption\":\"Guin\u00e9e Diversit\u00e9\"},\"image\":{\"@id\":\"https:\/\/guineediversite.com\/#\/schema\/logo\/image\/\"},\"sameAs\":[\"https:\/\/www.facebook.com\/guineediversite\/\",\"https:\/\/x.com\/GuineeDiversite\",\"https:\/\/www.youtube.com\/channel\/UC8sUY16qelG5ge6_D5SB83g\"]},{\"@type\":\"Person\",\"@id\":\"https:\/\/guineediversite.com\/#\/schema\/person\/fa362494c47202ce4b3adf55abcc9d01\",\"name\":\"Morcire Camara\",\"image\":{\"@type\":\"ImageObject\",\"inLanguage\":\"fr-FR\",\"@id\":\"https:\/\/guineediversite.com\/#\/schema\/person\/image\/\",\"url\":\"https:\/\/secure.gravatar.com\/avatar\/3ec324f02295bbcebe03d99b39330ab4?s=96&d=mm&r=g\",\"contentUrl\":\"https:\/\/secure.gravatar.com\/avatar\/3ec324f02295bbcebe03d99b39330ab4?s=96&d=mm&r=g\",\"caption\":\"Morcire Camara\"},\"url\":\"https:\/\/guineediversite.com\/index.php\/author\/morcire\/\"}]}<\/script>\n<!-- \/ Yoast SEO plugin. -->","yoast_head_json":{"title":"Le projet Rhino sur les enjeux du bioterrorisme d\u00e9j\u00e0 examin\u00e9 | Guin\u00e9e Diversit\u00e9","robots":{"index":"index","follow":"follow","max-snippet":"max-snippet:-1","max-image-preview":"max-image-preview:large","max-video-preview":"max-video-preview:-1"},"canonical":"https:\/\/guineediversite.com\/index.php\/2018\/09\/06\/le-projet-rhino-sur-les-enjeux-du-bioterrorisme-deja-examine\/","og_locale":"fr_FR","og_type":"article","og_title":"Le projet Rhino sur les enjeux du bioterrorisme d\u00e9j\u00e0 examin\u00e9 | Guin\u00e9e Diversit\u00e9","og_description":"La premi\u00e8re r\u00e9union de planification du projet RHINO d\u2019Interpol pour la Guin\u00e9e a pris fin ce jeudi \u00e0 Conakry. Cette rencontre de trois jours a regroup\u00e9 vingt\u00a0 personnes de plusieurs d\u00e9partements sur les enjeux du bioterrorisme et les maladies infectieuses en Guin\u00e9e. Le projet Rhino est organis\u00e9 par l\u2019Interpol et le secr\u00e9tariat d\u2019Etat Am\u00e9ricain. AU [&hellip;]","og_url":"https:\/\/guineediversite.com\/index.php\/2018\/09\/06\/le-projet-rhino-sur-les-enjeux-du-bioterrorisme-deja-examine\/","og_site_name":"Guin\u00e9e Diversit\u00e9","article_publisher":"https:\/\/www.facebook.com\/guineediversite\/","article_published_time":"2018-09-06T19:18:36+00:00","og_image":[{"width":1365,"height":1024,"url":"https:\/\/guineediversite.com\/wp-content\/uploads\/2018\/09\/40756643_2105767509741248_3228040043205492736_n.jpg","type":"image\/jpeg"}],"author":"Morcire Camara","twitter_card":"summary_large_image","twitter_creator":"@GuineeDiversite","twitter_site":"@GuineeDiversite","twitter_misc":{"\u00c9crit par":"Morcire Camara","Dur\u00e9e de lecture estim\u00e9e":"2 minutes"},"schema":{"@context":"https:\/\/schema.org","@graph":[{"@type":"Article","@id":"https:\/\/guineediversite.com\/index.php\/2018\/09\/06\/le-projet-rhino-sur-les-enjeux-du-bioterrorisme-deja-examine\/#article","isPartOf":{"@id":"https:\/\/guineediversite.com\/index.php\/2018\/09\/06\/le-projet-rhino-sur-les-enjeux-du-bioterrorisme-deja-examine\/"},"author":{"name":"Morcire Camara","@id":"https:\/\/guineediversite.com\/#\/schema\/person\/fa362494c47202ce4b3adf55abcc9d01"},"headline":"Le projet Rhino sur les enjeux du bioterrorisme d\u00e9j\u00e0 examin\u00e9","datePublished":"2018-09-06T19:18:36+00:00","dateModified":"2018-09-06T19:18:36+00:00","mainEntityOfPage":{"@id":"https:\/\/guineediversite.com\/index.php\/2018\/09\/06\/le-projet-rhino-sur-les-enjeux-du-bioterrorisme-deja-examine\/"},"wordCount":357,"publisher":{"@id":"https:\/\/guineediversite.com\/#organization"},"image":{"@id":"https:\/\/guineediversite.com\/index.php\/2018\/09\/06\/le-projet-rhino-sur-les-enjeux-du-bioterrorisme-deja-examine\/#primaryimage"},"thumbnailUrl":"https:\/\/guineediversite.com\/wp-content\/uploads\/2018\/09\/40756643_2105767509741248_3228040043205492736_n.jpg","articleSection":["Soci\u00e9t\u00e9"],"inLanguage":"fr-FR"},{"@type":"WebPage","@id":"https:\/\/guineediversite.com\/index.php\/2018\/09\/06\/le-projet-rhino-sur-les-enjeux-du-bioterrorisme-deja-examine\/","url":"https:\/\/guineediversite.com\/index.php\/2018\/09\/06\/le-projet-rhino-sur-les-enjeux-du-bioterrorisme-deja-examine\/","name":"Le projet Rhino sur les enjeux du bioterrorisme d\u00e9j\u00e0 examin\u00e9 | Guin\u00e9e Diversit\u00e9","isPartOf":{"@id":"https:\/\/guineediversite.com\/#website"},"primaryImageOfPage":{"@id":"https:\/\/guineediversite.com\/index.php\/2018\/09\/06\/le-projet-rhino-sur-les-enjeux-du-bioterrorisme-deja-examine\/#primaryimage"},"image":{"@id":"https:\/\/guineediversite.com\/index.php\/2018\/09\/06\/le-projet-rhino-sur-les-enjeux-du-bioterrorisme-deja-examine\/#primaryimage"},"thumbnailUrl":"https:\/\/guineediversite.com\/wp-content\/uploads\/2018\/09\/40756643_2105767509741248_3228040043205492736_n.jpg","datePublished":"2018-09-06T19:18:36+00:00","dateModified":"2018-09-06T19:18:36+00:00","breadcrumb":{"@id":"https:\/\/guineediversite.com\/index.php\/2018\/09\/06\/le-projet-rhino-sur-les-enjeux-du-bioterrorisme-deja-examine\/#breadcrumb"},"inLanguage":"fr-FR","potentialAction":[{"@type":"ReadAction","target":["https:\/\/guineediversite.com\/index.php\/2018\/09\/06\/le-projet-rhino-sur-les-enjeux-du-bioterrorisme-deja-examine\/"]}]},{"@type":"ImageObject","inLanguage":"fr-FR","@id":"https:\/\/guineediversite.com\/index.php\/2018\/09\/06\/le-projet-rhino-sur-les-enjeux-du-bioterrorisme-deja-examine\/#primaryimage","url":"https:\/\/guineediversite.com\/wp-content\/uploads\/2018\/09\/40756643_2105767509741248_3228040043205492736_n.jpg","contentUrl":"https:\/\/guineediversite.com\/wp-content\/uploads\/2018\/09\/40756643_2105767509741248_3228040043205492736_n.jpg","width":1365,"height":1024},{"@type":"BreadcrumbList","@id":"https:\/\/guineediversite.com\/index.php\/2018\/09\/06\/le-projet-rhino-sur-les-enjeux-du-bioterrorisme-deja-examine\/#breadcrumb","itemListElement":[{"@type":"ListItem","position":1,"name":"Accueil","item":"https:\/\/guineediversite.com\/"},{"@type":"ListItem","position":2,"name":"Le projet Rhino sur les enjeux du bioterrorisme d\u00e9j\u00e0 examin\u00e9"}]},{"@type":"WebSite","@id":"https:\/\/guineediversite.com\/#website","url":"https:\/\/guineediversite.com\/","name":"Guin\u00e9e Diversit\u00e9","description":"L&#039;Info dans toute sa diversit\u00e9","publisher":{"@id":"https:\/\/guineediversite.com\/#organization"},"potentialAction":[{"@type":"SearchAction","target":{"@type":"EntryPoint","urlTemplate":"https:\/\/guineediversite.com\/?s={search_term_string}"},"query-input":{"@type":"PropertyValueSpecification","valueRequired":true,"valueName":"search_term_string"}}],"inLanguage":"fr-FR"},{"@type":"Organization","@id":"https:\/\/guineediversite.com\/#organization","name":"Guin\u00e9e Diversit\u00e9","url":"https:\/\/guineediversite.com\/","logo":{"@type":"ImageObject","inLanguage":"fr-FR","@id":"https:\/\/guineediversite.com\/#\/schema\/logo\/image\/","url":"https:\/\/guineediversite.com\/wp-content\/uploads\/2017\/04\/cropped-1jojlxEOMkX9Wyqfhe43D6kjPOGqBBKmx3EwWJqZ0cMrFF54yM49.png","contentUrl":"https:\/\/guineediversite.com\/wp-content\/uploads\/2017\/04\/cropped-1jojlxEOMkX9Wyqfhe43D6kjPOGqBBKmx3EwWJqZ0cMrFF54yM49.png","width":186,"height":112,"caption":"Guin\u00e9e Diversit\u00e9"},"image":{"@id":"https:\/\/guineediversite.com\/#\/schema\/logo\/image\/"},"sameAs":["https:\/\/www.facebook.com\/guineediversite\/","https:\/\/x.com\/GuineeDiversite","https:\/\/www.youtube.com\/channel\/UC8sUY16qelG5ge6_D5SB83g"]},{"@type":"Person","@id":"https:\/\/guineediversite.com\/#\/schema\/person\/fa362494c47202ce4b3adf55abcc9d01","name":"Morcire Camara","image":{"@type":"ImageObject","inLanguage":"fr-FR","@id":"https:\/\/guineediversite.com\/#\/schema\/person\/image\/","url":"https:\/\/secure.gravatar.com\/avatar\/3ec324f02295bbcebe03d99b39330ab4?s=96&d=mm&r=g","contentUrl":"https:\/\/secure.gravatar.com\/avatar\/3ec324f02295bbcebe03d99b39330ab4?s=96&d=mm&r=g","caption":"Morcire Camara"},"url":"https:\/\/guineediversite.com\/index.php\/author\/morcire\/"}]}},"_links":{"self":[{"href":"https:\/\/guineediversite.com\/index.php\/wp-json\/wp\/v2\/posts\/26543"}],"collection":[{"href":"https:\/\/guineediversite.com\/index.php\/wp-json\/wp\/v2\/posts"}],"about":[{"href":"https:\/\/guineediversite.com\/index.php\/wp-json\/wp\/v2\/types\/post"}],"author":[{"embeddable":true,"href":"https:\/\/guineediversite.com\/index.php\/wp-json\/wp\/v2\/users\/10"}],"replies":[{"embeddable":true,"href":"https:\/\/guineediversite.com\/index.php\/wp-json\/wp\/v2\/comments?post=26543"}],"version-history":[{"count":0,"href":"https:\/\/guineediversite.com\/index.php\/wp-json\/wp\/v2\/posts\/26543\/revisions"}],"wp:featuredmedia":[{"embeddable":true,"href":"https:\/\/guineediversite.com\/index.php\/wp-json\/wp\/v2\/media\/26492"}],"wp:attachment":[{"href":"https:\/\/guineediversite.com\/index.php\/wp-json\/wp\/v2\/media?parent=26543"}],"wp:term":[{"taxonomy":"category","embeddable":true,"href":"https:\/\/guineediversite.com\/index.php\/wp-json\/wp\/v2\/categories?post=26543"},{"taxonomy":"post_tag","embeddable":true,"href":"https:\/\/guineediversite.com\/index.php\/wp-json\/wp\/v2\/tags?post=26543"}],"curies":[{"name":"wp","href":"https:\/\/api.w.org\/{rel}","templated":true}]}}