{"id":26540,"date":"2018-09-06T20:25:28","date_gmt":"2018-09-06T18:25:28","guid":{"rendered":"https:\/\/guineediversite.com\/?p=26540"},"modified":"2018-09-06T20:25:28","modified_gmt":"2018-09-06T18:25:28","slug":"medias-le-sppg-dresse-son-bilan-et-fixe-la-date-du-nouveau-congres","status":"publish","type":"post","link":"https:\/\/guineediversite.com\/index.php\/2018\/09\/06\/medias-le-sppg-dresse-son-bilan-et-fixe-la-date-du-nouveau-congres\/","title":{"rendered":"M\u00e9dias : le SPPG dresse son bilan et fixe la date du nouveau congr\u00e8s"},"content":{"rendered":"<p>Le syndicat de la presse priv\u00e9e de Guin\u00e9e (SPPG), a tenu ce jeudi 06 septembre 2018, une conf\u00e9rence de presse \u00e0 la maison commune des journalistes de Col\u00e9ah. Objectif, dresser le bilan des trois ann\u00e9es de ses activit\u00e9s, mais aussi annoncer la date de la tenue de son prochain congr\u00e8s pr\u00e9vu pour le 17 septembre prochain.<\/p>\n<p>Apr\u00e8s des ann\u00e9es de gestion, l\u2019heure est venue au bureau ex\u00e9cutif sortant\u00a0 de dresser le bilan de sa gestion avant d\u2019aller au congr\u00e8s\u00a0: <em>\u00ab\u00a0 le premier bilan que\u00a0 nous avons, c\u2019est d\u2019abord un syndicat de la presse priv\u00e9e pour la premi\u00e8re fois en r\u00e9publique de Guin\u00e9e \u00e7a n\u2019existait pas depuis plusieurs ann\u00e9es. Le deuxi\u00e8me point comme bilan positif, c\u2019est avoir l\u00e9gitim\u00e9 d\u2019abord ce syndicat, parce qu\u2019il ne s\u2019agit pas d\u2019avoir un syndicat qui n\u2019est pas reconnu par les assassins de patrons de presse. Dieu merci, c\u2019est un syndicat reconnu par les assassins du patron de presse \u00a0et c\u2019est pourquoi nous \u00a0sommes actuellement en discussions avec eux concernant la mise en place d\u2019une convention collective.<\/em>\u00a0\u00bb<\/p>\n<p>D\u2019apr\u00e8s le constat, de nouvelles dispositions ont \u00e9t\u00e9 prises pour la revendication des droits de la presse guin\u00e9enne par les syndicats professionnels de la presse. Dans les jours \u00e0 venir, rien\u00a0 ne se passera \u00e0 la h\u00e2te et bient\u00f4t le nouveau bureau sera mis en place dans un d\u00e9lai pr\u00e9cis.<\/p>\n<p>\u00ab\u00a0<em>Un autre impact, c\u2019est parce que pour une fois les journalistes ont os\u00e9 d\u00e9noncer ce qui se passe dans leurs propres maisons. Hier, \u00a0on ne parlait que des probl\u00e8mes des autres personnes .Donc, nous avions eu le pouvoir, \u00a0la possibilit\u00e9, le courage de d\u00e9noncer les mauvais traitements au sein de notre maison et autre chose c\u2019est le renforcement de ce que nous appelons la fraternit\u00e9. Hier, un journaliste se retrouvait \u00e0 la justice en prison, \u00a0vous n\u2019attendez aucune voix, mais aujourd\u2019hui si un journaliste, technicien, photographe\u00a0 est touch\u00e9 m\u00eame\u00a0 qui \u00e9volue au sein d\u2019un journal, \u00a0vous verrez toutes la presse se lever et \u00e7a c\u2019est un autre acquis du syndicat de la presse priv\u00e9e. Vous avez vu les diff\u00e9rentes manifestations que nous avons organis\u00e9es dans ce pays. Pour la mort de Mohamed koula Diallo m\u00eame si malheureusement\u00a0 jusqu\u2019\u00e0 pr\u00e9sent nous n\u2019avons aucune suite et aussi la disparition de notre confr\u00e8re ch\u00e9rif Diallo qui pour nous n\u2019est pas mort encore une fois et d\u2019autre que nous avons fait pour l\u2019am\u00e9lioration des conditions des journalistes,<\/em>\u00bb dira Sidi Diallo<\/p>\n<p><strong>\u00a0Aminata Camara pour guineediversite.com<\/strong><\/p>\n<p><strong>\u00a0<\/strong><\/p>\n","protected":false},"excerpt":{"rendered":"<p>Le syndicat de la presse priv\u00e9e de Guin\u00e9e (SPPG), a tenu ce jeudi 06 septembre 2018, une conf\u00e9rence de presse \u00e0 la maison commune des journalistes de Col\u00e9ah. Objectif, dresser le bilan des trois ann\u00e9es de ses activit\u00e9s, mais aussi annoncer la date de la tenue de son prochain congr\u00e8s pr\u00e9vu pour le 17 septembre [&hellip;]<\/p>\n","protected":false},"author":12,"featured_media":26541,"comment_status":"closed","ping_status":"closed","sticky":false,"template":"","format":"standard","meta":{"_exactmetrics_skip_tracking":false,"_exactmetrics_sitenote_active":false,"_exactmetrics_sitenote_note":"","_exactmetrics_sitenote_category":0,"tdm_status":"","tdm_grid_status":"","footnotes":""},"categories":[16],"tags":[],"class_list":{"0":"post-26540","1":"post","2":"type-post","3":"status-publish","4":"format-standard","5":"has-post-thumbnail","7":"category-societe"},"yoast_head":"<!-- This site is optimized with the Yoast SEO plugin v24.2 - https:\/\/yoast.com\/wordpress\/plugins\/seo\/ -->\n<title>M\u00e9dias : le SPPG dresse son bilan et fixe la date du nouveau congr\u00e8s | Guin\u00e9e Diversit\u00e9<\/title>\n<meta name=\"robots\" content=\"index, follow, max-snippet:-1, max-image-preview:large, max-video-preview:-1\" \/>\n<link rel=\"canonical\" href=\"https:\/\/guineediversite.com\/index.php\/2018\/09\/06\/medias-le-sppg-dresse-son-bilan-et-fixe-la-date-du-nouveau-congres\/\" \/>\n<meta property=\"og:locale\" content=\"fr_FR\" \/>\n<meta property=\"og:type\" content=\"article\" \/>\n<meta property=\"og:title\" content=\"M\u00e9dias : le SPPG dresse son bilan et fixe la date du nouveau congr\u00e8s | Guin\u00e9e Diversit\u00e9\" \/>\n<meta property=\"og:description\" content=\"Le syndicat de la presse priv\u00e9e de Guin\u00e9e (SPPG), a tenu ce jeudi 06 septembre 2018, une conf\u00e9rence de presse \u00e0 la maison commune des journalistes de Col\u00e9ah. Objectif, dresser le bilan des trois ann\u00e9es de ses activit\u00e9s, mais aussi annoncer la date de la tenue de son prochain congr\u00e8s pr\u00e9vu pour le 17 septembre [&hellip;]\" \/>\n<meta property=\"og:url\" content=\"https:\/\/guineediversite.com\/index.php\/2018\/09\/06\/medias-le-sppg-dresse-son-bilan-et-fixe-la-date-du-nouveau-congres\/\" \/>\n<meta property=\"og:site_name\" content=\"Guin\u00e9e Diversit\u00e9\" \/>\n<meta property=\"article:publisher\" content=\"https:\/\/www.facebook.com\/guineediversite\/\" \/>\n<meta property=\"article:published_time\" content=\"2018-09-06T18:25:28+00:00\" \/>\n<meta property=\"og:image\" content=\"https:\/\/guineediversite.com\/wp-content\/uploads\/2018\/09\/20180906_114315.jpg\" \/>\n\t<meta property=\"og:image:width\" content=\"1707\" \/>\n\t<meta property=\"og:image:height\" content=\"1024\" \/>\n\t<meta property=\"og:image:type\" content=\"image\/jpeg\" \/>\n<meta name=\"author\" content=\"Guin\u00e9e Diversit\u00e9\" \/>\n<meta name=\"twitter:card\" content=\"summary_large_image\" \/>\n<meta name=\"twitter:creator\" content=\"@GuineeDiversite\" \/>\n<meta name=\"twitter:site\" content=\"@GuineeDiversite\" \/>\n<meta name=\"twitter:label1\" content=\"\u00c9crit par\" \/>\n\t<meta name=\"twitter:data1\" content=\"Guin\u00e9e Diversit\u00e9\" \/>\n\t<meta name=\"twitter:label2\" content=\"Dur\u00e9e de lecture estim\u00e9e\" \/>\n\t<meta name=\"twitter:data2\" content=\"2 minutes\" \/>\n<script type=\"application\/ld+json\" class=\"yoast-schema-graph\">{\"@context\":\"https:\/\/schema.org\",\"@graph\":[{\"@type\":\"Article\",\"@id\":\"https:\/\/guineediversite.com\/index.php\/2018\/09\/06\/medias-le-sppg-dresse-son-bilan-et-fixe-la-date-du-nouveau-congres\/#article\",\"isPartOf\":{\"@id\":\"https:\/\/guineediversite.com\/index.php\/2018\/09\/06\/medias-le-sppg-dresse-son-bilan-et-fixe-la-date-du-nouveau-congres\/\"},\"author\":{\"name\":\"Guin\u00e9e Diversit\u00e9\",\"@id\":\"https:\/\/guineediversite.com\/#\/schema\/person\/afa08fb34e7fc6e1feafc892612bc836\"},\"headline\":\"M\u00e9dias : le SPPG dresse son bilan et fixe la date du nouveau congr\u00e8s\",\"datePublished\":\"2018-09-06T18:25:28+00:00\",\"dateModified\":\"2018-09-06T18:25:28+00:00\",\"mainEntityOfPage\":{\"@id\":\"https:\/\/guineediversite.com\/index.php\/2018\/09\/06\/medias-le-sppg-dresse-son-bilan-et-fixe-la-date-du-nouveau-congres\/\"},\"wordCount\":470,\"publisher\":{\"@id\":\"https:\/\/guineediversite.com\/#organization\"},\"image\":{\"@id\":\"https:\/\/guineediversite.com\/index.php\/2018\/09\/06\/medias-le-sppg-dresse-son-bilan-et-fixe-la-date-du-nouveau-congres\/#primaryimage\"},\"thumbnailUrl\":\"https:\/\/guineediversite.com\/wp-content\/uploads\/2018\/09\/20180906_114315.jpg\",\"articleSection\":[\"Soci\u00e9t\u00e9\"],\"inLanguage\":\"fr-FR\"},{\"@type\":\"WebPage\",\"@id\":\"https:\/\/guineediversite.com\/index.php\/2018\/09\/06\/medias-le-sppg-dresse-son-bilan-et-fixe-la-date-du-nouveau-congres\/\",\"url\":\"https:\/\/guineediversite.com\/index.php\/2018\/09\/06\/medias-le-sppg-dresse-son-bilan-et-fixe-la-date-du-nouveau-congres\/\",\"name\":\"M\u00e9dias : le SPPG dresse son bilan et fixe la date du nouveau congr\u00e8s | Guin\u00e9e Diversit\u00e9\",\"isPartOf\":{\"@id\":\"https:\/\/guineediversite.com\/#website\"},\"primaryImageOfPage\":{\"@id\":\"https:\/\/guineediversite.com\/index.php\/2018\/09\/06\/medias-le-sppg-dresse-son-bilan-et-fixe-la-date-du-nouveau-congres\/#primaryimage\"},\"image\":{\"@id\":\"https:\/\/guineediversite.com\/index.php\/2018\/09\/06\/medias-le-sppg-dresse-son-bilan-et-fixe-la-date-du-nouveau-congres\/#primaryimage\"},\"thumbnailUrl\":\"https:\/\/guineediversite.com\/wp-content\/uploads\/2018\/09\/20180906_114315.jpg\",\"datePublished\":\"2018-09-06T18:25:28+00:00\",\"dateModified\":\"2018-09-06T18:25:28+00:00\",\"breadcrumb\":{\"@id\":\"https:\/\/guineediversite.com\/index.php\/2018\/09\/06\/medias-le-sppg-dresse-son-bilan-et-fixe-la-date-du-nouveau-congres\/#breadcrumb\"},\"inLanguage\":\"fr-FR\",\"potentialAction\":[{\"@type\":\"ReadAction\",\"target\":[\"https:\/\/guineediversite.com\/index.php\/2018\/09\/06\/medias-le-sppg-dresse-son-bilan-et-fixe-la-date-du-nouveau-congres\/\"]}]},{\"@type\":\"ImageObject\",\"inLanguage\":\"fr-FR\",\"@id\":\"https:\/\/guineediversite.com\/index.php\/2018\/09\/06\/medias-le-sppg-dresse-son-bilan-et-fixe-la-date-du-nouveau-congres\/#primaryimage\",\"url\":\"https:\/\/guineediversite.com\/wp-content\/uploads\/2018\/09\/20180906_114315.jpg\",\"contentUrl\":\"https:\/\/guineediversite.com\/wp-content\/uploads\/2018\/09\/20180906_114315.jpg\",\"width\":1707,\"height\":1024},{\"@type\":\"BreadcrumbList\",\"@id\":\"https:\/\/guineediversite.com\/index.php\/2018\/09\/06\/medias-le-sppg-dresse-son-bilan-et-fixe-la-date-du-nouveau-congres\/#breadcrumb\",\"itemListElement\":[{\"@type\":\"ListItem\",\"position\":1,\"name\":\"Accueil\",\"item\":\"https:\/\/guineediversite.com\/\"},{\"@type\":\"ListItem\",\"position\":2,\"name\":\"M\u00e9dias : le SPPG dresse son bilan et fixe la date du nouveau congr\u00e8s\"}]},{\"@type\":\"WebSite\",\"@id\":\"https:\/\/guineediversite.com\/#website\",\"url\":\"https:\/\/guineediversite.com\/\",\"name\":\"Guin\u00e9e Diversit\u00e9\",\"description\":\"L&#039;Info dans toute sa diversit\u00e9\",\"publisher\":{\"@id\":\"https:\/\/guineediversite.com\/#organization\"},\"potentialAction\":[{\"@type\":\"SearchAction\",\"target\":{\"@type\":\"EntryPoint\",\"urlTemplate\":\"https:\/\/guineediversite.com\/?s={search_term_string}\"},\"query-input\":{\"@type\":\"PropertyValueSpecification\",\"valueRequired\":true,\"valueName\":\"search_term_string\"}}],\"inLanguage\":\"fr-FR\"},{\"@type\":\"Organization\",\"@id\":\"https:\/\/guineediversite.com\/#organization\",\"name\":\"Guin\u00e9e Diversit\u00e9\",\"url\":\"https:\/\/guineediversite.com\/\",\"logo\":{\"@type\":\"ImageObject\",\"inLanguage\":\"fr-FR\",\"@id\":\"https:\/\/guineediversite.com\/#\/schema\/logo\/image\/\",\"url\":\"https:\/\/guineediversite.com\/wp-content\/uploads\/2017\/04\/cropped-1jojlxEOMkX9Wyqfhe43D6kjPOGqBBKmx3EwWJqZ0cMrFF54yM49.png\",\"contentUrl\":\"https:\/\/guineediversite.com\/wp-content\/uploads\/2017\/04\/cropped-1jojlxEOMkX9Wyqfhe43D6kjPOGqBBKmx3EwWJqZ0cMrFF54yM49.png\",\"width\":186,\"height\":112,\"caption\":\"Guin\u00e9e Diversit\u00e9\"},\"image\":{\"@id\":\"https:\/\/guineediversite.com\/#\/schema\/logo\/image\/\"},\"sameAs\":[\"https:\/\/www.facebook.com\/guineediversite\/\",\"https:\/\/x.com\/GuineeDiversite\",\"https:\/\/www.youtube.com\/channel\/UC8sUY16qelG5ge6_D5SB83g\"]},{\"@type\":\"Person\",\"@id\":\"https:\/\/guineediversite.com\/#\/schema\/person\/afa08fb34e7fc6e1feafc892612bc836\",\"name\":\"Guin\u00e9e Diversit\u00e9\",\"image\":{\"@type\":\"ImageObject\",\"inLanguage\":\"fr-FR\",\"@id\":\"https:\/\/guineediversite.com\/#\/schema\/person\/image\/\",\"url\":\"https:\/\/secure.gravatar.com\/avatar\/50d5eb5b390f8b65ac30ac6f898eb83a?s=96&d=mm&r=g\",\"contentUrl\":\"https:\/\/secure.gravatar.com\/avatar\/50d5eb5b390f8b65ac30ac6f898eb83a?s=96&d=mm&r=g\",\"caption\":\"Guin\u00e9e Diversit\u00e9\"},\"url\":\"https:\/\/guineediversite.com\/index.php\/author\/guineediversite\/\"}]}<\/script>\n<!-- \/ Yoast SEO plugin. -->","yoast_head_json":{"title":"M\u00e9dias : le SPPG dresse son bilan et fixe la date du nouveau congr\u00e8s | Guin\u00e9e Diversit\u00e9","robots":{"index":"index","follow":"follow","max-snippet":"max-snippet:-1","max-image-preview":"max-image-preview:large","max-video-preview":"max-video-preview:-1"},"canonical":"https:\/\/guineediversite.com\/index.php\/2018\/09\/06\/medias-le-sppg-dresse-son-bilan-et-fixe-la-date-du-nouveau-congres\/","og_locale":"fr_FR","og_type":"article","og_title":"M\u00e9dias : le SPPG dresse son bilan et fixe la date du nouveau congr\u00e8s | Guin\u00e9e Diversit\u00e9","og_description":"Le syndicat de la presse priv\u00e9e de Guin\u00e9e (SPPG), a tenu ce jeudi 06 septembre 2018, une conf\u00e9rence de presse \u00e0 la maison commune des journalistes de Col\u00e9ah. Objectif, dresser le bilan des trois ann\u00e9es de ses activit\u00e9s, mais aussi annoncer la date de la tenue de son prochain congr\u00e8s pr\u00e9vu pour le 17 septembre [&hellip;]","og_url":"https:\/\/guineediversite.com\/index.php\/2018\/09\/06\/medias-le-sppg-dresse-son-bilan-et-fixe-la-date-du-nouveau-congres\/","og_site_name":"Guin\u00e9e Diversit\u00e9","article_publisher":"https:\/\/www.facebook.com\/guineediversite\/","article_published_time":"2018-09-06T18:25:28+00:00","og_image":[{"width":1707,"height":1024,"url":"https:\/\/guineediversite.com\/wp-content\/uploads\/2018\/09\/20180906_114315.jpg","type":"image\/jpeg"}],"author":"Guin\u00e9e Diversit\u00e9","twitter_card":"summary_large_image","twitter_creator":"@GuineeDiversite","twitter_site":"@GuineeDiversite","twitter_misc":{"\u00c9crit par":"Guin\u00e9e Diversit\u00e9","Dur\u00e9e de lecture estim\u00e9e":"2 minutes"},"schema":{"@context":"https:\/\/schema.org","@graph":[{"@type":"Article","@id":"https:\/\/guineediversite.com\/index.php\/2018\/09\/06\/medias-le-sppg-dresse-son-bilan-et-fixe-la-date-du-nouveau-congres\/#article","isPartOf":{"@id":"https:\/\/guineediversite.com\/index.php\/2018\/09\/06\/medias-le-sppg-dresse-son-bilan-et-fixe-la-date-du-nouveau-congres\/"},"author":{"name":"Guin\u00e9e Diversit\u00e9","@id":"https:\/\/guineediversite.com\/#\/schema\/person\/afa08fb34e7fc6e1feafc892612bc836"},"headline":"M\u00e9dias : le SPPG dresse son bilan et fixe la date du nouveau congr\u00e8s","datePublished":"2018-09-06T18:25:28+00:00","dateModified":"2018-09-06T18:25:28+00:00","mainEntityOfPage":{"@id":"https:\/\/guineediversite.com\/index.php\/2018\/09\/06\/medias-le-sppg-dresse-son-bilan-et-fixe-la-date-du-nouveau-congres\/"},"wordCount":470,"publisher":{"@id":"https:\/\/guineediversite.com\/#organization"},"image":{"@id":"https:\/\/guineediversite.com\/index.php\/2018\/09\/06\/medias-le-sppg-dresse-son-bilan-et-fixe-la-date-du-nouveau-congres\/#primaryimage"},"thumbnailUrl":"https:\/\/guineediversite.com\/wp-content\/uploads\/2018\/09\/20180906_114315.jpg","articleSection":["Soci\u00e9t\u00e9"],"inLanguage":"fr-FR"},{"@type":"WebPage","@id":"https:\/\/guineediversite.com\/index.php\/2018\/09\/06\/medias-le-sppg-dresse-son-bilan-et-fixe-la-date-du-nouveau-congres\/","url":"https:\/\/guineediversite.com\/index.php\/2018\/09\/06\/medias-le-sppg-dresse-son-bilan-et-fixe-la-date-du-nouveau-congres\/","name":"M\u00e9dias : le SPPG dresse son bilan et fixe la date du nouveau congr\u00e8s | Guin\u00e9e Diversit\u00e9","isPartOf":{"@id":"https:\/\/guineediversite.com\/#website"},"primaryImageOfPage":{"@id":"https:\/\/guineediversite.com\/index.php\/2018\/09\/06\/medias-le-sppg-dresse-son-bilan-et-fixe-la-date-du-nouveau-congres\/#primaryimage"},"image":{"@id":"https:\/\/guineediversite.com\/index.php\/2018\/09\/06\/medias-le-sppg-dresse-son-bilan-et-fixe-la-date-du-nouveau-congres\/#primaryimage"},"thumbnailUrl":"https:\/\/guineediversite.com\/wp-content\/uploads\/2018\/09\/20180906_114315.jpg","datePublished":"2018-09-06T18:25:28+00:00","dateModified":"2018-09-06T18:25:28+00:00","breadcrumb":{"@id":"https:\/\/guineediversite.com\/index.php\/2018\/09\/06\/medias-le-sppg-dresse-son-bilan-et-fixe-la-date-du-nouveau-congres\/#breadcrumb"},"inLanguage":"fr-FR","potentialAction":[{"@type":"ReadAction","target":["https:\/\/guineediversite.com\/index.php\/2018\/09\/06\/medias-le-sppg-dresse-son-bilan-et-fixe-la-date-du-nouveau-congres\/"]}]},{"@type":"ImageObject","inLanguage":"fr-FR","@id":"https:\/\/guineediversite.com\/index.php\/2018\/09\/06\/medias-le-sppg-dresse-son-bilan-et-fixe-la-date-du-nouveau-congres\/#primaryimage","url":"https:\/\/guineediversite.com\/wp-content\/uploads\/2018\/09\/20180906_114315.jpg","contentUrl":"https:\/\/guineediversite.com\/wp-content\/uploads\/2018\/09\/20180906_114315.jpg","width":1707,"height":1024},{"@type":"BreadcrumbList","@id":"https:\/\/guineediversite.com\/index.php\/2018\/09\/06\/medias-le-sppg-dresse-son-bilan-et-fixe-la-date-du-nouveau-congres\/#breadcrumb","itemListElement":[{"@type":"ListItem","position":1,"name":"Accueil","item":"https:\/\/guineediversite.com\/"},{"@type":"ListItem","position":2,"name":"M\u00e9dias : le SPPG dresse son bilan et fixe la date du nouveau congr\u00e8s"}]},{"@type":"WebSite","@id":"https:\/\/guineediversite.com\/#website","url":"https:\/\/guineediversite.com\/","name":"Guin\u00e9e Diversit\u00e9","description":"L&#039;Info dans toute sa diversit\u00e9","publisher":{"@id":"https:\/\/guineediversite.com\/#organization"},"potentialAction":[{"@type":"SearchAction","target":{"@type":"EntryPoint","urlTemplate":"https:\/\/guineediversite.com\/?s={search_term_string}"},"query-input":{"@type":"PropertyValueSpecification","valueRequired":true,"valueName":"search_term_string"}}],"inLanguage":"fr-FR"},{"@type":"Organization","@id":"https:\/\/guineediversite.com\/#organization","name":"Guin\u00e9e Diversit\u00e9","url":"https:\/\/guineediversite.com\/","logo":{"@type":"ImageObject","inLanguage":"fr-FR","@id":"https:\/\/guineediversite.com\/#\/schema\/logo\/image\/","url":"https:\/\/guineediversite.com\/wp-content\/uploads\/2017\/04\/cropped-1jojlxEOMkX9Wyqfhe43D6kjPOGqBBKmx3EwWJqZ0cMrFF54yM49.png","contentUrl":"https:\/\/guineediversite.com\/wp-content\/uploads\/2017\/04\/cropped-1jojlxEOMkX9Wyqfhe43D6kjPOGqBBKmx3EwWJqZ0cMrFF54yM49.png","width":186,"height":112,"caption":"Guin\u00e9e Diversit\u00e9"},"image":{"@id":"https:\/\/guineediversite.com\/#\/schema\/logo\/image\/"},"sameAs":["https:\/\/www.facebook.com\/guineediversite\/","https:\/\/x.com\/GuineeDiversite","https:\/\/www.youtube.com\/channel\/UC8sUY16qelG5ge6_D5SB83g"]},{"@type":"Person","@id":"https:\/\/guineediversite.com\/#\/schema\/person\/afa08fb34e7fc6e1feafc892612bc836","name":"Guin\u00e9e Diversit\u00e9","image":{"@type":"ImageObject","inLanguage":"fr-FR","@id":"https:\/\/guineediversite.com\/#\/schema\/person\/image\/","url":"https:\/\/secure.gravatar.com\/avatar\/50d5eb5b390f8b65ac30ac6f898eb83a?s=96&d=mm&r=g","contentUrl":"https:\/\/secure.gravatar.com\/avatar\/50d5eb5b390f8b65ac30ac6f898eb83a?s=96&d=mm&r=g","caption":"Guin\u00e9e Diversit\u00e9"},"url":"https:\/\/guineediversite.com\/index.php\/author\/guineediversite\/"}]}},"_links":{"self":[{"href":"https:\/\/guineediversite.com\/index.php\/wp-json\/wp\/v2\/posts\/26540"}],"collection":[{"href":"https:\/\/guineediversite.com\/index.php\/wp-json\/wp\/v2\/posts"}],"about":[{"href":"https:\/\/guineediversite.com\/index.php\/wp-json\/wp\/v2\/types\/post"}],"author":[{"embeddable":true,"href":"https:\/\/guineediversite.com\/index.php\/wp-json\/wp\/v2\/users\/12"}],"replies":[{"embeddable":true,"href":"https:\/\/guineediversite.com\/index.php\/wp-json\/wp\/v2\/comments?post=26540"}],"version-history":[{"count":0,"href":"https:\/\/guineediversite.com\/index.php\/wp-json\/wp\/v2\/posts\/26540\/revisions"}],"wp:featuredmedia":[{"embeddable":true,"href":"https:\/\/guineediversite.com\/index.php\/wp-json\/wp\/v2\/media\/26541"}],"wp:attachment":[{"href":"https:\/\/guineediversite.com\/index.php\/wp-json\/wp\/v2\/media?parent=26540"}],"wp:term":[{"taxonomy":"category","embeddable":true,"href":"https:\/\/guineediversite.com\/index.php\/wp-json\/wp\/v2\/categories?post=26540"},{"taxonomy":"post_tag","embeddable":true,"href":"https:\/\/guineediversite.com\/index.php\/wp-json\/wp\/v2\/tags?post=26540"}],"curies":[{"name":"wp","href":"https:\/\/api.w.org\/{rel}","templated":true}]}}