{"id":26454,"date":"2018-08-30T18:32:41","date_gmt":"2018-08-30T16:32:41","guid":{"rendered":"https:\/\/guineediversite.com\/?p=26454"},"modified":"2018-08-30T18:32:41","modified_gmt":"2018-08-30T16:32:41","slug":"senegal-peine-de-prison-confirmee-en-appel-pour-khalifa-sall","status":"publish","type":"post","link":"https:\/\/guineediversite.com\/index.php\/2018\/08\/30\/senegal-peine-de-prison-confirmee-en-appel-pour-khalifa-sall\/","title":{"rendered":"S\u00e9n\u00e9gal: peine de prison confirm\u00e9e en appel pour Khalifa Sall"},"content":{"rendered":"<p><strong>La condamnation de l&rsquo;ancien maire de Dakar, Khalifah Sall, a \u00e9t\u00e9 confirm\u00e9e en appel \u00e0 la mi-journ\u00e9e ce jeudi 30\u00a0ao\u00fbt\u00a0: cinq ans de prison ferme et 5\u00a0millions de francs CFA (7600 euros) d&rsquo;amende pour escroquerie sur deniers publics. Les chances de participer \u00e0 la pr\u00e9sidentielle pour le maire de Dakar se r\u00e9duisent. Mais tous les recours devant la justice ne sont pas \u00e9puis\u00e9s pour autant. Sa d\u00e9fense va d\u00e9sormais se pourvoir en cassation.<\/strong><\/p>\n<p>C\u2019est un coup dur certainement mais ce verdict \u00e9tait pr\u00e9visible, affirme des proches du maire de Dakar, venus au tribunal bien moins nombreux que d&rsquo;habitude. D\u2019ailleurs Khalifa Sall n\u2019\u00e9tait pas pr\u00e9sent dans la salle d\u2019audience.<\/p>\n<p>Quelques-uns de ses avocats avaient fait le d\u00e9placement mais ils ne portaient pas leur robe en guise de protestation. Ils estiment que ce\u00a0<a href=\"http:\/\/www.rfi.fr\/afrique\/20180726-senegal-avocats-khalifa-sall-proces-appel-ex-maire\">proc\u00e8s en appel est une mascarade<\/a>, une mascarade destin\u00e9e \u00e0 \u00e9carter Khalifa Sall de l\u2019\u00e9lection pr\u00e9sidentielle.<\/p>\n<p>Il y a quand m\u00eame une bonne nouvelle dans ce verdict en appel, c\u2019est du c\u00f4t\u00e9 de l\u2019Etat s\u00e9n\u00e9galais. La Cour a jug\u00e9 recevable sa constitution en tant que partie civile et r\u00e9clame de fait 1,830 milliard de francs CFA de dommages et int\u00e9r\u00eats, que doivent payer collectivement Khalifa Sall et deux de ses coaccus\u00e9s.<\/p>\n<p>Il reste d\u00e9sormais un dernier recours juridique et c\u2019est celui du recours en cassation. Khalifa Sall veut d\u00e9sormais gagner du temps avant une condamnation d\u00e9finitive, ce qui l\u2019exclurait d\u00e9finitivement de la course \u00e0 la pr\u00e9sidentielle. Il s\u2019est d\u00e9clar\u00e9 candidat, le 26 juillet dernier.<\/p>\n<p><strong>RFI<\/strong><\/p>\n<p>&nbsp;<\/p>\n","protected":false},"excerpt":{"rendered":"<p>La condamnation de l&rsquo;ancien maire de Dakar, Khalifah Sall, a \u00e9t\u00e9 confirm\u00e9e en appel \u00e0 la mi-journ\u00e9e ce jeudi 30\u00a0ao\u00fbt\u00a0: cinq ans de prison ferme et 5\u00a0millions de francs CFA (7600 euros) d&rsquo;amende pour escroquerie sur deniers publics. Les chances de participer \u00e0 la pr\u00e9sidentielle pour le maire de Dakar se r\u00e9duisent. Mais tous les [&hellip;]<\/p>\n","protected":false},"author":12,"featured_media":26455,"comment_status":"closed","ping_status":"closed","sticky":false,"template":"","format":"standard","meta":{"_exactmetrics_skip_tracking":false,"_exactmetrics_sitenote_active":false,"_exactmetrics_sitenote_note":"","_exactmetrics_sitenote_category":0,"tdm_status":"","tdm_grid_status":"","footnotes":""},"categories":[21],"tags":[],"class_list":{"0":"post-26454","1":"post","2":"type-post","3":"status-publish","4":"format-standard","5":"has-post-thumbnail","7":"category-international"},"yoast_head":"<!-- This site is optimized with the Yoast SEO plugin v24.2 - https:\/\/yoast.com\/wordpress\/plugins\/seo\/ -->\n<title>S\u00e9n\u00e9gal: peine de prison confirm\u00e9e en appel pour Khalifa Sall | Guin\u00e9e Diversit\u00e9<\/title>\n<meta name=\"robots\" content=\"index, follow, max-snippet:-1, max-image-preview:large, max-video-preview:-1\" \/>\n<link rel=\"canonical\" href=\"https:\/\/guineediversite.com\/index.php\/2018\/08\/30\/senegal-peine-de-prison-confirmee-en-appel-pour-khalifa-sall\/\" \/>\n<meta property=\"og:locale\" content=\"fr_FR\" \/>\n<meta property=\"og:type\" content=\"article\" \/>\n<meta property=\"og:title\" content=\"S\u00e9n\u00e9gal: peine de prison confirm\u00e9e en appel pour Khalifa Sall | Guin\u00e9e Diversit\u00e9\" \/>\n<meta property=\"og:description\" content=\"La condamnation de l&rsquo;ancien maire de Dakar, Khalifah Sall, a \u00e9t\u00e9 confirm\u00e9e en appel \u00e0 la mi-journ\u00e9e ce jeudi 30\u00a0ao\u00fbt\u00a0: cinq ans de prison ferme et 5\u00a0millions de francs CFA (7600 euros) d&rsquo;amende pour escroquerie sur deniers publics. Les chances de participer \u00e0 la pr\u00e9sidentielle pour le maire de Dakar se r\u00e9duisent. Mais tous les [&hellip;]\" \/>\n<meta property=\"og:url\" content=\"https:\/\/guineediversite.com\/index.php\/2018\/08\/30\/senegal-peine-de-prison-confirmee-en-appel-pour-khalifa-sall\/\" \/>\n<meta property=\"og:site_name\" content=\"Guin\u00e9e Diversit\u00e9\" \/>\n<meta property=\"article:publisher\" content=\"https:\/\/www.facebook.com\/guineediversite\/\" \/>\n<meta property=\"article:published_time\" content=\"2018-08-30T16:32:41+00:00\" \/>\n<meta property=\"og:image\" content=\"https:\/\/guineediversite.com\/wp-content\/uploads\/2018\/08\/img_1538_0.jpg\" \/>\n\t<meta property=\"og:image:width\" content=\"1024\" \/>\n\t<meta property=\"og:image:height\" content=\"578\" \/>\n\t<meta property=\"og:image:type\" content=\"image\/jpeg\" \/>\n<meta name=\"author\" content=\"Guin\u00e9e Diversit\u00e9\" \/>\n<meta name=\"twitter:card\" content=\"summary_large_image\" \/>\n<meta name=\"twitter:creator\" content=\"@GuineeDiversite\" \/>\n<meta name=\"twitter:site\" content=\"@GuineeDiversite\" \/>\n<meta name=\"twitter:label1\" content=\"\u00c9crit par\" \/>\n\t<meta name=\"twitter:data1\" content=\"Guin\u00e9e Diversit\u00e9\" \/>\n\t<meta name=\"twitter:label2\" content=\"Dur\u00e9e de lecture estim\u00e9e\" \/>\n\t<meta name=\"twitter:data2\" content=\"1 minute\" \/>\n<script type=\"application\/ld+json\" class=\"yoast-schema-graph\">{\"@context\":\"https:\/\/schema.org\",\"@graph\":[{\"@type\":\"Article\",\"@id\":\"https:\/\/guineediversite.com\/index.php\/2018\/08\/30\/senegal-peine-de-prison-confirmee-en-appel-pour-khalifa-sall\/#article\",\"isPartOf\":{\"@id\":\"https:\/\/guineediversite.com\/index.php\/2018\/08\/30\/senegal-peine-de-prison-confirmee-en-appel-pour-khalifa-sall\/\"},\"author\":{\"name\":\"Guin\u00e9e Diversit\u00e9\",\"@id\":\"https:\/\/guineediversite.com\/#\/schema\/person\/afa08fb34e7fc6e1feafc892612bc836\"},\"headline\":\"S\u00e9n\u00e9gal: peine de prison confirm\u00e9e en appel pour Khalifa Sall\",\"datePublished\":\"2018-08-30T16:32:41+00:00\",\"dateModified\":\"2018-08-30T16:32:41+00:00\",\"mainEntityOfPage\":{\"@id\":\"https:\/\/guineediversite.com\/index.php\/2018\/08\/30\/senegal-peine-de-prison-confirmee-en-appel-pour-khalifa-sall\/\"},\"wordCount\":294,\"publisher\":{\"@id\":\"https:\/\/guineediversite.com\/#organization\"},\"image\":{\"@id\":\"https:\/\/guineediversite.com\/index.php\/2018\/08\/30\/senegal-peine-de-prison-confirmee-en-appel-pour-khalifa-sall\/#primaryimage\"},\"thumbnailUrl\":\"https:\/\/guineediversite.com\/wp-content\/uploads\/2018\/08\/img_1538_0.jpg\",\"articleSection\":[\"International\"],\"inLanguage\":\"fr-FR\"},{\"@type\":\"WebPage\",\"@id\":\"https:\/\/guineediversite.com\/index.php\/2018\/08\/30\/senegal-peine-de-prison-confirmee-en-appel-pour-khalifa-sall\/\",\"url\":\"https:\/\/guineediversite.com\/index.php\/2018\/08\/30\/senegal-peine-de-prison-confirmee-en-appel-pour-khalifa-sall\/\",\"name\":\"S\u00e9n\u00e9gal: peine de prison confirm\u00e9e en appel pour Khalifa Sall | Guin\u00e9e Diversit\u00e9\",\"isPartOf\":{\"@id\":\"https:\/\/guineediversite.com\/#website\"},\"primaryImageOfPage\":{\"@id\":\"https:\/\/guineediversite.com\/index.php\/2018\/08\/30\/senegal-peine-de-prison-confirmee-en-appel-pour-khalifa-sall\/#primaryimage\"},\"image\":{\"@id\":\"https:\/\/guineediversite.com\/index.php\/2018\/08\/30\/senegal-peine-de-prison-confirmee-en-appel-pour-khalifa-sall\/#primaryimage\"},\"thumbnailUrl\":\"https:\/\/guineediversite.com\/wp-content\/uploads\/2018\/08\/img_1538_0.jpg\",\"datePublished\":\"2018-08-30T16:32:41+00:00\",\"dateModified\":\"2018-08-30T16:32:41+00:00\",\"breadcrumb\":{\"@id\":\"https:\/\/guineediversite.com\/index.php\/2018\/08\/30\/senegal-peine-de-prison-confirmee-en-appel-pour-khalifa-sall\/#breadcrumb\"},\"inLanguage\":\"fr-FR\",\"potentialAction\":[{\"@type\":\"ReadAction\",\"target\":[\"https:\/\/guineediversite.com\/index.php\/2018\/08\/30\/senegal-peine-de-prison-confirmee-en-appel-pour-khalifa-sall\/\"]}]},{\"@type\":\"ImageObject\",\"inLanguage\":\"fr-FR\",\"@id\":\"https:\/\/guineediversite.com\/index.php\/2018\/08\/30\/senegal-peine-de-prison-confirmee-en-appel-pour-khalifa-sall\/#primaryimage\",\"url\":\"https:\/\/guineediversite.com\/wp-content\/uploads\/2018\/08\/img_1538_0.jpg\",\"contentUrl\":\"https:\/\/guineediversite.com\/wp-content\/uploads\/2018\/08\/img_1538_0.jpg\",\"width\":1024,\"height\":578},{\"@type\":\"BreadcrumbList\",\"@id\":\"https:\/\/guineediversite.com\/index.php\/2018\/08\/30\/senegal-peine-de-prison-confirmee-en-appel-pour-khalifa-sall\/#breadcrumb\",\"itemListElement\":[{\"@type\":\"ListItem\",\"position\":1,\"name\":\"Accueil\",\"item\":\"https:\/\/guineediversite.com\/\"},{\"@type\":\"ListItem\",\"position\":2,\"name\":\"S\u00e9n\u00e9gal: peine de prison confirm\u00e9e en appel pour Khalifa Sall\"}]},{\"@type\":\"WebSite\",\"@id\":\"https:\/\/guineediversite.com\/#website\",\"url\":\"https:\/\/guineediversite.com\/\",\"name\":\"Guin\u00e9e Diversit\u00e9\",\"description\":\"L&#039;Info dans toute sa diversit\u00e9\",\"publisher\":{\"@id\":\"https:\/\/guineediversite.com\/#organization\"},\"potentialAction\":[{\"@type\":\"SearchAction\",\"target\":{\"@type\":\"EntryPoint\",\"urlTemplate\":\"https:\/\/guineediversite.com\/?s={search_term_string}\"},\"query-input\":{\"@type\":\"PropertyValueSpecification\",\"valueRequired\":true,\"valueName\":\"search_term_string\"}}],\"inLanguage\":\"fr-FR\"},{\"@type\":\"Organization\",\"@id\":\"https:\/\/guineediversite.com\/#organization\",\"name\":\"Guin\u00e9e Diversit\u00e9\",\"url\":\"https:\/\/guineediversite.com\/\",\"logo\":{\"@type\":\"ImageObject\",\"inLanguage\":\"fr-FR\",\"@id\":\"https:\/\/guineediversite.com\/#\/schema\/logo\/image\/\",\"url\":\"https:\/\/guineediversite.com\/wp-content\/uploads\/2017\/04\/cropped-1jojlxEOMkX9Wyqfhe43D6kjPOGqBBKmx3EwWJqZ0cMrFF54yM49.png\",\"contentUrl\":\"https:\/\/guineediversite.com\/wp-content\/uploads\/2017\/04\/cropped-1jojlxEOMkX9Wyqfhe43D6kjPOGqBBKmx3EwWJqZ0cMrFF54yM49.png\",\"width\":186,\"height\":112,\"caption\":\"Guin\u00e9e Diversit\u00e9\"},\"image\":{\"@id\":\"https:\/\/guineediversite.com\/#\/schema\/logo\/image\/\"},\"sameAs\":[\"https:\/\/www.facebook.com\/guineediversite\/\",\"https:\/\/x.com\/GuineeDiversite\",\"https:\/\/www.youtube.com\/channel\/UC8sUY16qelG5ge6_D5SB83g\"]},{\"@type\":\"Person\",\"@id\":\"https:\/\/guineediversite.com\/#\/schema\/person\/afa08fb34e7fc6e1feafc892612bc836\",\"name\":\"Guin\u00e9e Diversit\u00e9\",\"image\":{\"@type\":\"ImageObject\",\"inLanguage\":\"fr-FR\",\"@id\":\"https:\/\/guineediversite.com\/#\/schema\/person\/image\/\",\"url\":\"https:\/\/secure.gravatar.com\/avatar\/50d5eb5b390f8b65ac30ac6f898eb83a?s=96&d=mm&r=g\",\"contentUrl\":\"https:\/\/secure.gravatar.com\/avatar\/50d5eb5b390f8b65ac30ac6f898eb83a?s=96&d=mm&r=g\",\"caption\":\"Guin\u00e9e Diversit\u00e9\"},\"url\":\"https:\/\/guineediversite.com\/index.php\/author\/guineediversite\/\"}]}<\/script>\n<!-- \/ Yoast SEO plugin. -->","yoast_head_json":{"title":"S\u00e9n\u00e9gal: peine de prison confirm\u00e9e en appel pour Khalifa Sall | Guin\u00e9e Diversit\u00e9","robots":{"index":"index","follow":"follow","max-snippet":"max-snippet:-1","max-image-preview":"max-image-preview:large","max-video-preview":"max-video-preview:-1"},"canonical":"https:\/\/guineediversite.com\/index.php\/2018\/08\/30\/senegal-peine-de-prison-confirmee-en-appel-pour-khalifa-sall\/","og_locale":"fr_FR","og_type":"article","og_title":"S\u00e9n\u00e9gal: peine de prison confirm\u00e9e en appel pour Khalifa Sall | Guin\u00e9e Diversit\u00e9","og_description":"La condamnation de l&rsquo;ancien maire de Dakar, Khalifah Sall, a \u00e9t\u00e9 confirm\u00e9e en appel \u00e0 la mi-journ\u00e9e ce jeudi 30\u00a0ao\u00fbt\u00a0: cinq ans de prison ferme et 5\u00a0millions de francs CFA (7600 euros) d&rsquo;amende pour escroquerie sur deniers publics. Les chances de participer \u00e0 la pr\u00e9sidentielle pour le maire de Dakar se r\u00e9duisent. Mais tous les [&hellip;]","og_url":"https:\/\/guineediversite.com\/index.php\/2018\/08\/30\/senegal-peine-de-prison-confirmee-en-appel-pour-khalifa-sall\/","og_site_name":"Guin\u00e9e Diversit\u00e9","article_publisher":"https:\/\/www.facebook.com\/guineediversite\/","article_published_time":"2018-08-30T16:32:41+00:00","og_image":[{"width":1024,"height":578,"url":"https:\/\/guineediversite.com\/wp-content\/uploads\/2018\/08\/img_1538_0.jpg","type":"image\/jpeg"}],"author":"Guin\u00e9e Diversit\u00e9","twitter_card":"summary_large_image","twitter_creator":"@GuineeDiversite","twitter_site":"@GuineeDiversite","twitter_misc":{"\u00c9crit par":"Guin\u00e9e Diversit\u00e9","Dur\u00e9e de lecture estim\u00e9e":"1 minute"},"schema":{"@context":"https:\/\/schema.org","@graph":[{"@type":"Article","@id":"https:\/\/guineediversite.com\/index.php\/2018\/08\/30\/senegal-peine-de-prison-confirmee-en-appel-pour-khalifa-sall\/#article","isPartOf":{"@id":"https:\/\/guineediversite.com\/index.php\/2018\/08\/30\/senegal-peine-de-prison-confirmee-en-appel-pour-khalifa-sall\/"},"author":{"name":"Guin\u00e9e Diversit\u00e9","@id":"https:\/\/guineediversite.com\/#\/schema\/person\/afa08fb34e7fc6e1feafc892612bc836"},"headline":"S\u00e9n\u00e9gal: peine de prison confirm\u00e9e en appel pour Khalifa Sall","datePublished":"2018-08-30T16:32:41+00:00","dateModified":"2018-08-30T16:32:41+00:00","mainEntityOfPage":{"@id":"https:\/\/guineediversite.com\/index.php\/2018\/08\/30\/senegal-peine-de-prison-confirmee-en-appel-pour-khalifa-sall\/"},"wordCount":294,"publisher":{"@id":"https:\/\/guineediversite.com\/#organization"},"image":{"@id":"https:\/\/guineediversite.com\/index.php\/2018\/08\/30\/senegal-peine-de-prison-confirmee-en-appel-pour-khalifa-sall\/#primaryimage"},"thumbnailUrl":"https:\/\/guineediversite.com\/wp-content\/uploads\/2018\/08\/img_1538_0.jpg","articleSection":["International"],"inLanguage":"fr-FR"},{"@type":"WebPage","@id":"https:\/\/guineediversite.com\/index.php\/2018\/08\/30\/senegal-peine-de-prison-confirmee-en-appel-pour-khalifa-sall\/","url":"https:\/\/guineediversite.com\/index.php\/2018\/08\/30\/senegal-peine-de-prison-confirmee-en-appel-pour-khalifa-sall\/","name":"S\u00e9n\u00e9gal: peine de prison confirm\u00e9e en appel pour Khalifa Sall | Guin\u00e9e Diversit\u00e9","isPartOf":{"@id":"https:\/\/guineediversite.com\/#website"},"primaryImageOfPage":{"@id":"https:\/\/guineediversite.com\/index.php\/2018\/08\/30\/senegal-peine-de-prison-confirmee-en-appel-pour-khalifa-sall\/#primaryimage"},"image":{"@id":"https:\/\/guineediversite.com\/index.php\/2018\/08\/30\/senegal-peine-de-prison-confirmee-en-appel-pour-khalifa-sall\/#primaryimage"},"thumbnailUrl":"https:\/\/guineediversite.com\/wp-content\/uploads\/2018\/08\/img_1538_0.jpg","datePublished":"2018-08-30T16:32:41+00:00","dateModified":"2018-08-30T16:32:41+00:00","breadcrumb":{"@id":"https:\/\/guineediversite.com\/index.php\/2018\/08\/30\/senegal-peine-de-prison-confirmee-en-appel-pour-khalifa-sall\/#breadcrumb"},"inLanguage":"fr-FR","potentialAction":[{"@type":"ReadAction","target":["https:\/\/guineediversite.com\/index.php\/2018\/08\/30\/senegal-peine-de-prison-confirmee-en-appel-pour-khalifa-sall\/"]}]},{"@type":"ImageObject","inLanguage":"fr-FR","@id":"https:\/\/guineediversite.com\/index.php\/2018\/08\/30\/senegal-peine-de-prison-confirmee-en-appel-pour-khalifa-sall\/#primaryimage","url":"https:\/\/guineediversite.com\/wp-content\/uploads\/2018\/08\/img_1538_0.jpg","contentUrl":"https:\/\/guineediversite.com\/wp-content\/uploads\/2018\/08\/img_1538_0.jpg","width":1024,"height":578},{"@type":"BreadcrumbList","@id":"https:\/\/guineediversite.com\/index.php\/2018\/08\/30\/senegal-peine-de-prison-confirmee-en-appel-pour-khalifa-sall\/#breadcrumb","itemListElement":[{"@type":"ListItem","position":1,"name":"Accueil","item":"https:\/\/guineediversite.com\/"},{"@type":"ListItem","position":2,"name":"S\u00e9n\u00e9gal: peine de prison confirm\u00e9e en appel pour Khalifa Sall"}]},{"@type":"WebSite","@id":"https:\/\/guineediversite.com\/#website","url":"https:\/\/guineediversite.com\/","name":"Guin\u00e9e Diversit\u00e9","description":"L&#039;Info dans toute sa diversit\u00e9","publisher":{"@id":"https:\/\/guineediversite.com\/#organization"},"potentialAction":[{"@type":"SearchAction","target":{"@type":"EntryPoint","urlTemplate":"https:\/\/guineediversite.com\/?s={search_term_string}"},"query-input":{"@type":"PropertyValueSpecification","valueRequired":true,"valueName":"search_term_string"}}],"inLanguage":"fr-FR"},{"@type":"Organization","@id":"https:\/\/guineediversite.com\/#organization","name":"Guin\u00e9e Diversit\u00e9","url":"https:\/\/guineediversite.com\/","logo":{"@type":"ImageObject","inLanguage":"fr-FR","@id":"https:\/\/guineediversite.com\/#\/schema\/logo\/image\/","url":"https:\/\/guineediversite.com\/wp-content\/uploads\/2017\/04\/cropped-1jojlxEOMkX9Wyqfhe43D6kjPOGqBBKmx3EwWJqZ0cMrFF54yM49.png","contentUrl":"https:\/\/guineediversite.com\/wp-content\/uploads\/2017\/04\/cropped-1jojlxEOMkX9Wyqfhe43D6kjPOGqBBKmx3EwWJqZ0cMrFF54yM49.png","width":186,"height":112,"caption":"Guin\u00e9e Diversit\u00e9"},"image":{"@id":"https:\/\/guineediversite.com\/#\/schema\/logo\/image\/"},"sameAs":["https:\/\/www.facebook.com\/guineediversite\/","https:\/\/x.com\/GuineeDiversite","https:\/\/www.youtube.com\/channel\/UC8sUY16qelG5ge6_D5SB83g"]},{"@type":"Person","@id":"https:\/\/guineediversite.com\/#\/schema\/person\/afa08fb34e7fc6e1feafc892612bc836","name":"Guin\u00e9e Diversit\u00e9","image":{"@type":"ImageObject","inLanguage":"fr-FR","@id":"https:\/\/guineediversite.com\/#\/schema\/person\/image\/","url":"https:\/\/secure.gravatar.com\/avatar\/50d5eb5b390f8b65ac30ac6f898eb83a?s=96&d=mm&r=g","contentUrl":"https:\/\/secure.gravatar.com\/avatar\/50d5eb5b390f8b65ac30ac6f898eb83a?s=96&d=mm&r=g","caption":"Guin\u00e9e Diversit\u00e9"},"url":"https:\/\/guineediversite.com\/index.php\/author\/guineediversite\/"}]}},"_links":{"self":[{"href":"https:\/\/guineediversite.com\/index.php\/wp-json\/wp\/v2\/posts\/26454"}],"collection":[{"href":"https:\/\/guineediversite.com\/index.php\/wp-json\/wp\/v2\/posts"}],"about":[{"href":"https:\/\/guineediversite.com\/index.php\/wp-json\/wp\/v2\/types\/post"}],"author":[{"embeddable":true,"href":"https:\/\/guineediversite.com\/index.php\/wp-json\/wp\/v2\/users\/12"}],"replies":[{"embeddable":true,"href":"https:\/\/guineediversite.com\/index.php\/wp-json\/wp\/v2\/comments?post=26454"}],"version-history":[{"count":0,"href":"https:\/\/guineediversite.com\/index.php\/wp-json\/wp\/v2\/posts\/26454\/revisions"}],"wp:featuredmedia":[{"embeddable":true,"href":"https:\/\/guineediversite.com\/index.php\/wp-json\/wp\/v2\/media\/26455"}],"wp:attachment":[{"href":"https:\/\/guineediversite.com\/index.php\/wp-json\/wp\/v2\/media?parent=26454"}],"wp:term":[{"taxonomy":"category","embeddable":true,"href":"https:\/\/guineediversite.com\/index.php\/wp-json\/wp\/v2\/categories?post=26454"},{"taxonomy":"post_tag","embeddable":true,"href":"https:\/\/guineediversite.com\/index.php\/wp-json\/wp\/v2\/tags?post=26454"}],"curies":[{"name":"wp","href":"https:\/\/api.w.org\/{rel}","templated":true}]}}