{"id":26451,"date":"2018-08-30T18:20:43","date_gmt":"2018-08-30T16:20:43","guid":{"rendered":"https:\/\/guineediversite.com\/?p=26451"},"modified":"2018-08-30T18:20:43","modified_gmt":"2018-08-30T16:20:43","slug":"angela-merkel-entame-a-dakar-une-mini-tournee-en-afrique-de-louest","status":"publish","type":"post","link":"https:\/\/guineediversite.com\/index.php\/2018\/08\/30\/angela-merkel-entame-a-dakar-une-mini-tournee-en-afrique-de-louest\/","title":{"rendered":"Angela Merkel entame \u00e0 Dakar une mini-tourn\u00e9e en Afrique de l\u2019Ouest"},"content":{"rendered":"<p><strong>La chanceli\u00e8re allemande, qui a atterri mercredi au S\u00e9n\u00e9gal, doit \u00e9galement se rendre au Ghana et au Nigeria. Une tourn\u00e9e diplomatique qui intervient au moment o\u00f9 Berlin mise sur le d\u00e9veloppement du continent pour endiguer les flux migratoires et renforcer la lutte contre la menace jihadiste.<\/strong><\/p>\n<p>Angela Merkel a atterri mercredi en fin d\u2019apr\u00e8s-midi sur le tarmac de l\u2019a\u00e9roport Blaise Diagne \u2013 \u00e0 une cinquantaine de kilom\u00e8tres de Dakar -, o\u00f9 elle a \u00e9t\u00e9 accueillie par\u00a0<a href=\"http:\/\/www.jeuneafrique.com\/608633\/politique\/tribune-presidentielle-au-senegal-macky-sall-maitre-des-horloges-du-parti-socialiste\/\">le pr\u00e9sident s\u00e9n\u00e9galais Macky Sall<\/a>.<\/p>\n<p>Les deux chefs d\u2019\u00c9tat ont pass\u00e9\u00a0en revue une garde d\u2019honneur compos\u00e9e d\u2019une unit\u00e9 de la marine en uniforme blanc et liser\u00e9 rouge. La fanfare militaire, apr\u00e8s avoir jou\u00e9 les hymnes nationaux, a entonn\u00e9 deux airs tr\u00e8s populaires en Allemagne. L\u2019un d\u2019eux,\u00a0\u00ab\u00a0Sch\u00f6ne Maid, hast Du heut\u2019 f\u00fcr mich Zeit\u00a0\u00bb, peut se traduire par \u00ab\u00a0Jeune fille, as-tu du temps pour moi aujourd\u2019hui ?\u00a0\u00bb<\/p>\n<p>Angela Merkel, qui \u00e9tait accompagn\u00e9 d\u2019une dizaine de capitaines de capitaines d\u2019industries, a ensuite retrouv\u00e9 le pr\u00e9sident s\u00e9n\u00e9galais au palais pr\u00e9sidentiel. Apr\u00e8s s\u2019\u00eatre entretenus en priv\u00e9, les deux dirigeants ont particip\u00e9 \u00e0 une conf\u00e9rence de presse conjointe, puis \u00e0 un d\u00eener.<\/p>\n<p><strong>Des pays \u00ab\u00a0confront\u00e9s \u00e0 de grands d\u00e9fis\u00a0\u00bb<\/strong><\/p>\n<p>Avant l\u2019envol de la chanceli\u00e8re pour le continent africain,\u00a0 un responsable gouvernemental avait indiqu\u00e9 \u00e0 Berlin que le S\u00e9n\u00e9gal, le Ghana et le Nigeria\u00a0\u00ab\u00a0sont confront\u00e9s \u00e0 de grands d\u00e9fis en termes de d\u00e9veloppement \u00e9conomiques et sociaux\u00a0\u00bb. Avant d\u2019ajouter que ces trois pays devaient faire en sorte que le renforcement de leurs \u00e9conomies profitent \u00e0 tous les citoyens, \u00ab\u00a0ce qui n\u2019est pas encore le cas partout\u00a0\u00bb.<\/p>\n<p>Ces derni\u00e8res ann\u00e9es, Angela Merkel a renforc\u00e9 le volet africain de sa diplomatie, avec pour strat\u00e9gie de compter sur les pays du continent pour\u00a0<a href=\"http:\/\/www.jeuneafrique.com\/618535\/societe\/pirogue-de-migrants-echouee-a-dakar-le-desir-de-voyage-de-notre-jeunesse-vers-leurope-est-intact\/\">ralentir le flux de migrants vers le Vieux continent<\/a>\u00a0\u2013 un sujet extr\u00eamement sensible en Allemagne.<\/p>\n<p>Il est important que \u00ab\u00a0les gens arr\u00eatent d\u2019entreprendre le voyage ill\u00e9gal et extr\u00eamement dangereux vers l\u2019Europe\u00a0\u00bb, a estim\u00e9 le responsable allemand, en pr\u00f4nant \u00e0 l\u2019inverse une attention accrue \u00e0 l\u2019immigration l\u00e9gale, notamment celles des jeunes Africains d\u00e9sireux d\u2019\u00e9tudier en Europe avant de rentrer au pays pour mettre en \u0153uvre leurs acquis.<\/p>\n<p><strong>Le Nigeria, un partenaire strat\u00e9gique<\/strong><\/p>\n<p>Pays d\u2019exportation comme la Chine et le Royaume-Uni, qui se pr\u00e9pare au Brexit, l\u2019Allemagne veut \u00e9galement tirer profit du dynamisme croissant de l\u2019Afrique, dont les pays disposent souvent de nombreuses ressources en mati\u00e8res premi\u00e8res et d\u2019une population jeune.<\/p>\n<p>Le S\u00e9n\u00e9gal connait une croissance \u00e9conomique de 6 ou 7% depuis plusieurs ann\u00e9es, tandis que le Ghana, dont l\u2019\u00e9conomie est \u00e9galement en expansion, est consid\u00e9r\u00e9 comme un havre de stabilit\u00e9 dans la r\u00e9gion.<\/p>\n<p>Bien que confront\u00e9 aux actions terroristes du groupe jihadiste Boko Haram et \u00e0 la volatilit\u00e9 des prix du p\u00e9trole, le Nigeria reste le second partenaire \u00e9conomique de l\u2019Allemagne en Afrique sub-saharienne.<\/p>\n<p>&nbsp;<\/p>\n","protected":false},"excerpt":{"rendered":"<p>La chanceli\u00e8re allemande, qui a atterri mercredi au S\u00e9n\u00e9gal, doit \u00e9galement se rendre au Ghana et au Nigeria. Une tourn\u00e9e diplomatique qui intervient au moment o\u00f9 Berlin mise sur le d\u00e9veloppement du continent pour endiguer les flux migratoires et renforcer la lutte contre la menace jihadiste. Angela Merkel a atterri mercredi en fin d\u2019apr\u00e8s-midi sur [&hellip;]<\/p>\n","protected":false},"author":7,"featured_media":26452,"comment_status":"closed","ping_status":"closed","sticky":false,"template":"","format":"standard","meta":{"_exactmetrics_skip_tracking":false,"_exactmetrics_sitenote_active":false,"_exactmetrics_sitenote_note":"","_exactmetrics_sitenote_category":0,"tdm_status":"","tdm_grid_status":"","footnotes":""},"categories":[21],"tags":[],"class_list":{"0":"post-26451","1":"post","2":"type-post","3":"status-publish","4":"format-standard","5":"has-post-thumbnail","7":"category-international"},"yoast_head":"<!-- This site is optimized with the Yoast SEO plugin v24.2 - https:\/\/yoast.com\/wordpress\/plugins\/seo\/ -->\n<title>Angela Merkel entame \u00e0 Dakar une mini-tourn\u00e9e en Afrique de l\u2019Ouest | Guin\u00e9e Diversit\u00e9<\/title>\n<meta name=\"robots\" content=\"index, follow, max-snippet:-1, max-image-preview:large, max-video-preview:-1\" \/>\n<link rel=\"canonical\" href=\"https:\/\/guineediversite.com\/index.php\/2018\/08\/30\/angela-merkel-entame-a-dakar-une-mini-tournee-en-afrique-de-louest\/\" \/>\n<meta property=\"og:locale\" content=\"fr_FR\" \/>\n<meta property=\"og:type\" content=\"article\" \/>\n<meta property=\"og:title\" content=\"Angela Merkel entame \u00e0 Dakar une mini-tourn\u00e9e en Afrique de l\u2019Ouest | Guin\u00e9e Diversit\u00e9\" \/>\n<meta property=\"og:description\" content=\"La chanceli\u00e8re allemande, qui a atterri mercredi au S\u00e9n\u00e9gal, doit \u00e9galement se rendre au Ghana et au Nigeria. Une tourn\u00e9e diplomatique qui intervient au moment o\u00f9 Berlin mise sur le d\u00e9veloppement du continent pour endiguer les flux migratoires et renforcer la lutte contre la menace jihadiste. Angela Merkel a atterri mercredi en fin d\u2019apr\u00e8s-midi sur [&hellip;]\" \/>\n<meta property=\"og:url\" content=\"https:\/\/guineediversite.com\/index.php\/2018\/08\/30\/angela-merkel-entame-a-dakar-une-mini-tournee-en-afrique-de-louest\/\" \/>\n<meta property=\"og:site_name\" content=\"Guin\u00e9e Diversit\u00e9\" \/>\n<meta property=\"article:publisher\" content=\"https:\/\/www.facebook.com\/guineediversite\/\" \/>\n<meta property=\"article:published_time\" content=\"2018-08-30T16:20:43+00:00\" \/>\n<meta property=\"og:image\" content=\"https:\/\/guineediversite.com\/wp-content\/uploads\/2018\/08\/sipa_ap22241493_000005-592x296.jpg\" \/>\n\t<meta property=\"og:image:width\" content=\"1900\" \/>\n\t<meta property=\"og:image:height\" content=\"950\" \/>\n\t<meta property=\"og:image:type\" content=\"image\/jpeg\" \/>\n<meta name=\"author\" content=\"Bilguissa Diallo\" \/>\n<meta name=\"twitter:card\" content=\"summary_large_image\" \/>\n<meta name=\"twitter:creator\" content=\"@GuineeDiversite\" \/>\n<meta name=\"twitter:site\" content=\"@GuineeDiversite\" \/>\n<meta name=\"twitter:label1\" content=\"\u00c9crit par\" \/>\n\t<meta name=\"twitter:data1\" content=\"Bilguissa Diallo\" \/>\n\t<meta name=\"twitter:label2\" content=\"Dur\u00e9e de lecture estim\u00e9e\" \/>\n\t<meta name=\"twitter:data2\" content=\"3 minutes\" \/>\n<script type=\"application\/ld+json\" class=\"yoast-schema-graph\">{\"@context\":\"https:\/\/schema.org\",\"@graph\":[{\"@type\":\"Article\",\"@id\":\"https:\/\/guineediversite.com\/index.php\/2018\/08\/30\/angela-merkel-entame-a-dakar-une-mini-tournee-en-afrique-de-louest\/#article\",\"isPartOf\":{\"@id\":\"https:\/\/guineediversite.com\/index.php\/2018\/08\/30\/angela-merkel-entame-a-dakar-une-mini-tournee-en-afrique-de-louest\/\"},\"author\":{\"name\":\"Bilguissa Diallo\",\"@id\":\"https:\/\/guineediversite.com\/#\/schema\/person\/0e0e3e424768a50d025ac2218ccca73f\"},\"headline\":\"Angela Merkel entame \u00e0 Dakar une mini-tourn\u00e9e en Afrique de l\u2019Ouest\",\"datePublished\":\"2018-08-30T16:20:43+00:00\",\"dateModified\":\"2018-08-30T16:20:43+00:00\",\"mainEntityOfPage\":{\"@id\":\"https:\/\/guineediversite.com\/index.php\/2018\/08\/30\/angela-merkel-entame-a-dakar-une-mini-tournee-en-afrique-de-louest\/\"},\"wordCount\":530,\"publisher\":{\"@id\":\"https:\/\/guineediversite.com\/#organization\"},\"image\":{\"@id\":\"https:\/\/guineediversite.com\/index.php\/2018\/08\/30\/angela-merkel-entame-a-dakar-une-mini-tournee-en-afrique-de-louest\/#primaryimage\"},\"thumbnailUrl\":\"https:\/\/guineediversite.com\/wp-content\/uploads\/2018\/08\/sipa_ap22241493_000005-592x296.jpg\",\"articleSection\":[\"International\"],\"inLanguage\":\"fr-FR\"},{\"@type\":\"WebPage\",\"@id\":\"https:\/\/guineediversite.com\/index.php\/2018\/08\/30\/angela-merkel-entame-a-dakar-une-mini-tournee-en-afrique-de-louest\/\",\"url\":\"https:\/\/guineediversite.com\/index.php\/2018\/08\/30\/angela-merkel-entame-a-dakar-une-mini-tournee-en-afrique-de-louest\/\",\"name\":\"Angela Merkel entame \u00e0 Dakar une mini-tourn\u00e9e en Afrique de l\u2019Ouest | Guin\u00e9e Diversit\u00e9\",\"isPartOf\":{\"@id\":\"https:\/\/guineediversite.com\/#website\"},\"primaryImageOfPage\":{\"@id\":\"https:\/\/guineediversite.com\/index.php\/2018\/08\/30\/angela-merkel-entame-a-dakar-une-mini-tournee-en-afrique-de-louest\/#primaryimage\"},\"image\":{\"@id\":\"https:\/\/guineediversite.com\/index.php\/2018\/08\/30\/angela-merkel-entame-a-dakar-une-mini-tournee-en-afrique-de-louest\/#primaryimage\"},\"thumbnailUrl\":\"https:\/\/guineediversite.com\/wp-content\/uploads\/2018\/08\/sipa_ap22241493_000005-592x296.jpg\",\"datePublished\":\"2018-08-30T16:20:43+00:00\",\"dateModified\":\"2018-08-30T16:20:43+00:00\",\"breadcrumb\":{\"@id\":\"https:\/\/guineediversite.com\/index.php\/2018\/08\/30\/angela-merkel-entame-a-dakar-une-mini-tournee-en-afrique-de-louest\/#breadcrumb\"},\"inLanguage\":\"fr-FR\",\"potentialAction\":[{\"@type\":\"ReadAction\",\"target\":[\"https:\/\/guineediversite.com\/index.php\/2018\/08\/30\/angela-merkel-entame-a-dakar-une-mini-tournee-en-afrique-de-louest\/\"]}]},{\"@type\":\"ImageObject\",\"inLanguage\":\"fr-FR\",\"@id\":\"https:\/\/guineediversite.com\/index.php\/2018\/08\/30\/angela-merkel-entame-a-dakar-une-mini-tournee-en-afrique-de-louest\/#primaryimage\",\"url\":\"https:\/\/guineediversite.com\/wp-content\/uploads\/2018\/08\/sipa_ap22241493_000005-592x296.jpg\",\"contentUrl\":\"https:\/\/guineediversite.com\/wp-content\/uploads\/2018\/08\/sipa_ap22241493_000005-592x296.jpg\",\"width\":1900,\"height\":950},{\"@type\":\"BreadcrumbList\",\"@id\":\"https:\/\/guineediversite.com\/index.php\/2018\/08\/30\/angela-merkel-entame-a-dakar-une-mini-tournee-en-afrique-de-louest\/#breadcrumb\",\"itemListElement\":[{\"@type\":\"ListItem\",\"position\":1,\"name\":\"Accueil\",\"item\":\"https:\/\/guineediversite.com\/\"},{\"@type\":\"ListItem\",\"position\":2,\"name\":\"Angela Merkel entame \u00e0 Dakar une mini-tourn\u00e9e en Afrique de l\u2019Ouest\"}]},{\"@type\":\"WebSite\",\"@id\":\"https:\/\/guineediversite.com\/#website\",\"url\":\"https:\/\/guineediversite.com\/\",\"name\":\"Guin\u00e9e Diversit\u00e9\",\"description\":\"L&#039;Info dans toute sa diversit\u00e9\",\"publisher\":{\"@id\":\"https:\/\/guineediversite.com\/#organization\"},\"potentialAction\":[{\"@type\":\"SearchAction\",\"target\":{\"@type\":\"EntryPoint\",\"urlTemplate\":\"https:\/\/guineediversite.com\/?s={search_term_string}\"},\"query-input\":{\"@type\":\"PropertyValueSpecification\",\"valueRequired\":true,\"valueName\":\"search_term_string\"}}],\"inLanguage\":\"fr-FR\"},{\"@type\":\"Organization\",\"@id\":\"https:\/\/guineediversite.com\/#organization\",\"name\":\"Guin\u00e9e Diversit\u00e9\",\"url\":\"https:\/\/guineediversite.com\/\",\"logo\":{\"@type\":\"ImageObject\",\"inLanguage\":\"fr-FR\",\"@id\":\"https:\/\/guineediversite.com\/#\/schema\/logo\/image\/\",\"url\":\"https:\/\/guineediversite.com\/wp-content\/uploads\/2017\/04\/cropped-1jojlxEOMkX9Wyqfhe43D6kjPOGqBBKmx3EwWJqZ0cMrFF54yM49.png\",\"contentUrl\":\"https:\/\/guineediversite.com\/wp-content\/uploads\/2017\/04\/cropped-1jojlxEOMkX9Wyqfhe43D6kjPOGqBBKmx3EwWJqZ0cMrFF54yM49.png\",\"width\":186,\"height\":112,\"caption\":\"Guin\u00e9e Diversit\u00e9\"},\"image\":{\"@id\":\"https:\/\/guineediversite.com\/#\/schema\/logo\/image\/\"},\"sameAs\":[\"https:\/\/www.facebook.com\/guineediversite\/\",\"https:\/\/x.com\/GuineeDiversite\",\"https:\/\/www.youtube.com\/channel\/UC8sUY16qelG5ge6_D5SB83g\"]},{\"@type\":\"Person\",\"@id\":\"https:\/\/guineediversite.com\/#\/schema\/person\/0e0e3e424768a50d025ac2218ccca73f\",\"name\":\"Bilguissa Diallo\",\"image\":{\"@type\":\"ImageObject\",\"inLanguage\":\"fr-FR\",\"@id\":\"https:\/\/guineediversite.com\/#\/schema\/person\/image\/\",\"url\":\"https:\/\/secure.gravatar.com\/avatar\/49bbbd2420ee34d62b1b191791f4b5df?s=96&d=mm&r=g\",\"contentUrl\":\"https:\/\/secure.gravatar.com\/avatar\/49bbbd2420ee34d62b1b191791f4b5df?s=96&d=mm&r=g\",\"caption\":\"Bilguissa Diallo\"},\"url\":\"https:\/\/guineediversite.com\/index.php\/author\/bilguissa\/\"}]}<\/script>\n<!-- \/ Yoast SEO plugin. -->","yoast_head_json":{"title":"Angela Merkel entame \u00e0 Dakar une mini-tourn\u00e9e en Afrique de l\u2019Ouest | Guin\u00e9e Diversit\u00e9","robots":{"index":"index","follow":"follow","max-snippet":"max-snippet:-1","max-image-preview":"max-image-preview:large","max-video-preview":"max-video-preview:-1"},"canonical":"https:\/\/guineediversite.com\/index.php\/2018\/08\/30\/angela-merkel-entame-a-dakar-une-mini-tournee-en-afrique-de-louest\/","og_locale":"fr_FR","og_type":"article","og_title":"Angela Merkel entame \u00e0 Dakar une mini-tourn\u00e9e en Afrique de l\u2019Ouest | Guin\u00e9e Diversit\u00e9","og_description":"La chanceli\u00e8re allemande, qui a atterri mercredi au S\u00e9n\u00e9gal, doit \u00e9galement se rendre au Ghana et au Nigeria. Une tourn\u00e9e diplomatique qui intervient au moment o\u00f9 Berlin mise sur le d\u00e9veloppement du continent pour endiguer les flux migratoires et renforcer la lutte contre la menace jihadiste. Angela Merkel a atterri mercredi en fin d\u2019apr\u00e8s-midi sur [&hellip;]","og_url":"https:\/\/guineediversite.com\/index.php\/2018\/08\/30\/angela-merkel-entame-a-dakar-une-mini-tournee-en-afrique-de-louest\/","og_site_name":"Guin\u00e9e Diversit\u00e9","article_publisher":"https:\/\/www.facebook.com\/guineediversite\/","article_published_time":"2018-08-30T16:20:43+00:00","og_image":[{"width":1900,"height":950,"url":"https:\/\/guineediversite.com\/wp-content\/uploads\/2018\/08\/sipa_ap22241493_000005-592x296.jpg","type":"image\/jpeg"}],"author":"Bilguissa Diallo","twitter_card":"summary_large_image","twitter_creator":"@GuineeDiversite","twitter_site":"@GuineeDiversite","twitter_misc":{"\u00c9crit par":"Bilguissa Diallo","Dur\u00e9e de lecture estim\u00e9e":"3 minutes"},"schema":{"@context":"https:\/\/schema.org","@graph":[{"@type":"Article","@id":"https:\/\/guineediversite.com\/index.php\/2018\/08\/30\/angela-merkel-entame-a-dakar-une-mini-tournee-en-afrique-de-louest\/#article","isPartOf":{"@id":"https:\/\/guineediversite.com\/index.php\/2018\/08\/30\/angela-merkel-entame-a-dakar-une-mini-tournee-en-afrique-de-louest\/"},"author":{"name":"Bilguissa Diallo","@id":"https:\/\/guineediversite.com\/#\/schema\/person\/0e0e3e424768a50d025ac2218ccca73f"},"headline":"Angela Merkel entame \u00e0 Dakar une mini-tourn\u00e9e en Afrique de l\u2019Ouest","datePublished":"2018-08-30T16:20:43+00:00","dateModified":"2018-08-30T16:20:43+00:00","mainEntityOfPage":{"@id":"https:\/\/guineediversite.com\/index.php\/2018\/08\/30\/angela-merkel-entame-a-dakar-une-mini-tournee-en-afrique-de-louest\/"},"wordCount":530,"publisher":{"@id":"https:\/\/guineediversite.com\/#organization"},"image":{"@id":"https:\/\/guineediversite.com\/index.php\/2018\/08\/30\/angela-merkel-entame-a-dakar-une-mini-tournee-en-afrique-de-louest\/#primaryimage"},"thumbnailUrl":"https:\/\/guineediversite.com\/wp-content\/uploads\/2018\/08\/sipa_ap22241493_000005-592x296.jpg","articleSection":["International"],"inLanguage":"fr-FR"},{"@type":"WebPage","@id":"https:\/\/guineediversite.com\/index.php\/2018\/08\/30\/angela-merkel-entame-a-dakar-une-mini-tournee-en-afrique-de-louest\/","url":"https:\/\/guineediversite.com\/index.php\/2018\/08\/30\/angela-merkel-entame-a-dakar-une-mini-tournee-en-afrique-de-louest\/","name":"Angela Merkel entame \u00e0 Dakar une mini-tourn\u00e9e en Afrique de l\u2019Ouest | Guin\u00e9e Diversit\u00e9","isPartOf":{"@id":"https:\/\/guineediversite.com\/#website"},"primaryImageOfPage":{"@id":"https:\/\/guineediversite.com\/index.php\/2018\/08\/30\/angela-merkel-entame-a-dakar-une-mini-tournee-en-afrique-de-louest\/#primaryimage"},"image":{"@id":"https:\/\/guineediversite.com\/index.php\/2018\/08\/30\/angela-merkel-entame-a-dakar-une-mini-tournee-en-afrique-de-louest\/#primaryimage"},"thumbnailUrl":"https:\/\/guineediversite.com\/wp-content\/uploads\/2018\/08\/sipa_ap22241493_000005-592x296.jpg","datePublished":"2018-08-30T16:20:43+00:00","dateModified":"2018-08-30T16:20:43+00:00","breadcrumb":{"@id":"https:\/\/guineediversite.com\/index.php\/2018\/08\/30\/angela-merkel-entame-a-dakar-une-mini-tournee-en-afrique-de-louest\/#breadcrumb"},"inLanguage":"fr-FR","potentialAction":[{"@type":"ReadAction","target":["https:\/\/guineediversite.com\/index.php\/2018\/08\/30\/angela-merkel-entame-a-dakar-une-mini-tournee-en-afrique-de-louest\/"]}]},{"@type":"ImageObject","inLanguage":"fr-FR","@id":"https:\/\/guineediversite.com\/index.php\/2018\/08\/30\/angela-merkel-entame-a-dakar-une-mini-tournee-en-afrique-de-louest\/#primaryimage","url":"https:\/\/guineediversite.com\/wp-content\/uploads\/2018\/08\/sipa_ap22241493_000005-592x296.jpg","contentUrl":"https:\/\/guineediversite.com\/wp-content\/uploads\/2018\/08\/sipa_ap22241493_000005-592x296.jpg","width":1900,"height":950},{"@type":"BreadcrumbList","@id":"https:\/\/guineediversite.com\/index.php\/2018\/08\/30\/angela-merkel-entame-a-dakar-une-mini-tournee-en-afrique-de-louest\/#breadcrumb","itemListElement":[{"@type":"ListItem","position":1,"name":"Accueil","item":"https:\/\/guineediversite.com\/"},{"@type":"ListItem","position":2,"name":"Angela Merkel entame \u00e0 Dakar une mini-tourn\u00e9e en Afrique de l\u2019Ouest"}]},{"@type":"WebSite","@id":"https:\/\/guineediversite.com\/#website","url":"https:\/\/guineediversite.com\/","name":"Guin\u00e9e Diversit\u00e9","description":"L&#039;Info dans toute sa diversit\u00e9","publisher":{"@id":"https:\/\/guineediversite.com\/#organization"},"potentialAction":[{"@type":"SearchAction","target":{"@type":"EntryPoint","urlTemplate":"https:\/\/guineediversite.com\/?s={search_term_string}"},"query-input":{"@type":"PropertyValueSpecification","valueRequired":true,"valueName":"search_term_string"}}],"inLanguage":"fr-FR"},{"@type":"Organization","@id":"https:\/\/guineediversite.com\/#organization","name":"Guin\u00e9e Diversit\u00e9","url":"https:\/\/guineediversite.com\/","logo":{"@type":"ImageObject","inLanguage":"fr-FR","@id":"https:\/\/guineediversite.com\/#\/schema\/logo\/image\/","url":"https:\/\/guineediversite.com\/wp-content\/uploads\/2017\/04\/cropped-1jojlxEOMkX9Wyqfhe43D6kjPOGqBBKmx3EwWJqZ0cMrFF54yM49.png","contentUrl":"https:\/\/guineediversite.com\/wp-content\/uploads\/2017\/04\/cropped-1jojlxEOMkX9Wyqfhe43D6kjPOGqBBKmx3EwWJqZ0cMrFF54yM49.png","width":186,"height":112,"caption":"Guin\u00e9e Diversit\u00e9"},"image":{"@id":"https:\/\/guineediversite.com\/#\/schema\/logo\/image\/"},"sameAs":["https:\/\/www.facebook.com\/guineediversite\/","https:\/\/x.com\/GuineeDiversite","https:\/\/www.youtube.com\/channel\/UC8sUY16qelG5ge6_D5SB83g"]},{"@type":"Person","@id":"https:\/\/guineediversite.com\/#\/schema\/person\/0e0e3e424768a50d025ac2218ccca73f","name":"Bilguissa Diallo","image":{"@type":"ImageObject","inLanguage":"fr-FR","@id":"https:\/\/guineediversite.com\/#\/schema\/person\/image\/","url":"https:\/\/secure.gravatar.com\/avatar\/49bbbd2420ee34d62b1b191791f4b5df?s=96&d=mm&r=g","contentUrl":"https:\/\/secure.gravatar.com\/avatar\/49bbbd2420ee34d62b1b191791f4b5df?s=96&d=mm&r=g","caption":"Bilguissa Diallo"},"url":"https:\/\/guineediversite.com\/index.php\/author\/bilguissa\/"}]}},"_links":{"self":[{"href":"https:\/\/guineediversite.com\/index.php\/wp-json\/wp\/v2\/posts\/26451"}],"collection":[{"href":"https:\/\/guineediversite.com\/index.php\/wp-json\/wp\/v2\/posts"}],"about":[{"href":"https:\/\/guineediversite.com\/index.php\/wp-json\/wp\/v2\/types\/post"}],"author":[{"embeddable":true,"href":"https:\/\/guineediversite.com\/index.php\/wp-json\/wp\/v2\/users\/7"}],"replies":[{"embeddable":true,"href":"https:\/\/guineediversite.com\/index.php\/wp-json\/wp\/v2\/comments?post=26451"}],"version-history":[{"count":0,"href":"https:\/\/guineediversite.com\/index.php\/wp-json\/wp\/v2\/posts\/26451\/revisions"}],"wp:featuredmedia":[{"embeddable":true,"href":"https:\/\/guineediversite.com\/index.php\/wp-json\/wp\/v2\/media\/26452"}],"wp:attachment":[{"href":"https:\/\/guineediversite.com\/index.php\/wp-json\/wp\/v2\/media?parent=26451"}],"wp:term":[{"taxonomy":"category","embeddable":true,"href":"https:\/\/guineediversite.com\/index.php\/wp-json\/wp\/v2\/categories?post=26451"},{"taxonomy":"post_tag","embeddable":true,"href":"https:\/\/guineediversite.com\/index.php\/wp-json\/wp\/v2\/tags?post=26451"}],"curies":[{"name":"wp","href":"https:\/\/api.w.org\/{rel}","templated":true}]}}