{"id":26448,"date":"2018-08-30T18:04:46","date_gmt":"2018-08-30T16:04:46","guid":{"rendered":"https:\/\/guineediversite.com\/?p=26448"},"modified":"2018-08-30T18:04:46","modified_gmt":"2018-08-30T16:04:46","slug":"equipe-de-france-didier-deschamps-reconduit-les-champions-du-monde","status":"publish","type":"post","link":"https:\/\/guineediversite.com\/index.php\/2018\/08\/30\/equipe-de-france-didier-deschamps-reconduit-les-champions-du-monde\/","title":{"rendered":"Equipe de France : Didier Deschamps reconduit les champions du monde"},"content":{"rendered":"<p>Le s\u00e9lectionneur Didier Deschamps a convoqu\u00e9 jeudi 30 ao\u00fbt tous les champions du monde pour les deux matches de reprise de l&rsquo;\u00e9quipe de France en septembre, except\u00e9 le gardien num\u00e9ro 2 Steve Mandanda, bless\u00e9.<\/p>\n<p>\u00ab\u00a0<em>Pour moi, les mois qui ont suivi 98 ont \u00e9t\u00e9 un peu laborieux<\/em>\u00a0\u00bb, a avou\u00e9 Didier Deschamps lors de la conf\u00e9rence de presse o\u00f9 le technicien a annonc\u00e9 la liste des 23 joueurs \u00a0qui affrontent l&rsquo;Allemagne et les Pays-Bas les 6 et 9 septembre dans le cadre de la nouvelle Ligue des nations.<\/p>\n<p>Deschamps a donc rappel\u00e9 le d\u00e9fenseur central Adil Rami, qui avait pourtant annonc\u00e9 sa retraite internationale au soir de la finale du Mondial 2018 remport\u00e9e face \u00e0 la Croatie le 15 juillet \u00e0 Moscou (4-2). \u00ab\u00a0<em>Adil \u00e9tait dans l\u2019euphorie. Il n\u2019a pas h\u00e9sit\u00e9 une seconde et est tr\u00e8s heureux d\u2019\u00eatre avec le groupe<\/em>\u00a0\u00bb, a-t-il comment\u00e9. \u00ab\u00a0<em>C\u2019est lui qui aura la d\u00e9cision finale, c\u2019est logique<\/em>\u00a0\u00bb, ajoute Deschamps qui ne restera pas \u00ab\u00a0<em>cantonn\u00e9<\/em>\u00a0\u00bb \u00e0 l\u2019\u00e9quipe championne du monde durant les deux prochaines ann\u00e9es et l\u2019Euro 2020.<\/p>\n<p>Les adversaires des Bleus ne vont pas simplement rencontrer l\u2019\u00e9quipe de France, ils vont se confronter aux champions du monde en titre. \u00ab\u00a0<em>Il va falloir \u00eatre \u00e0 notre niveau, mais ce sacre ne doit pas \u00eatre un poids, mais je sais que l\u2019attente va \u00eatre plus forte on ne va pas se plaindre d\u2019avoir \u00e9t\u00e9 champion du monde<\/em>\u00a0\u00bb, a comment\u00e9 Deschamps. \u00ab\u00a0<em>Sur le plan sportif et \u00e9motionnel nous avons \u00e9t\u00e9\u00a0 tout l\u00e0-haut. \u00a0On en a profit\u00e9, mais la vie ne s\u2019arr\u00eate pas pour autant. On est reparti avec de nouveaux objectifs. C\u2019est certain que le regard des gens est diff\u00e9rent<\/em>\u00a0\u00bb, poursuit le coach en pr\u00e9cisant que ses \u00ab\u00a0<em>joueurs sont des \u00eatres humains et qu\u2019ils auront le droit d\u2019\u00eatre un peu moins bien<\/em>\u00a0\u00bb.<\/p>\n<p>La liste des 23 Bleus<\/p>\n<p><strong>Gardiens de but (3):<\/strong><\/p>\n<p>Hugo Lloris (Tottenham\/ENG)<br \/>\nBeno\u00eet Costil (Bordeaux)<br \/>\nAlphonse Areola (Paris SG)<\/p>\n<p><strong>D\u00e9fenseurs (8):<\/strong><\/p>\n<p>Lucas Hernandez (Atl\u00e9tico Madrid\/ESP)<br \/>\nPresnel Kimpembe (Paris SG)<br \/>\nBenjamin Mendy (Manchester City\/ENG)<br \/>\nBenjamin Pavard (Stuttgart\/GER)<br \/>\nAdil Rami (Marseille)<br \/>\nDjibril Sidib\u00e9 (Monaco)<br \/>\nSamuel Umtiti (FC Barcelone\/ESP)<br \/>\nRapha\u00ebl Varane (Real Madrid\/ESP)<\/p>\n<p><strong>Milieux de terrain (5):<\/strong><\/p>\n<p>N&rsquo;Golo Kant\u00e9 (Chelsea\/ENG)<br \/>\nBlaise Matuidi (Juventus\/ITA)<br \/>\nSteven N&rsquo;Zonzi (AS Rome\/ITA)<br \/>\nPaul Pogba (Manchester United\/ENG)<br \/>\nCorentin Tolisso (Bayern Munich\/GER)<\/p>\n<p><strong>Attaquants (7):<\/strong><\/p>\n<p>Ousmane Demb\u00e9l\u00e9 (FC Barcelone\/ESP)<br \/>\nNabil Fekir (Lyon)<br \/>\nOlivier Giroud (Chelsea\/ENG)<br \/>\nAntoine Griezmann (Atl\u00e9tico Madrid\/ESP<br \/>\nThomas Lemar (Atl\u00e9tico Madrid\/ESP)<br \/>\nKylian Mbapp\u00e9 (Paris SG)<br \/>\nFlorian Thauvin (Marseille)<\/p>\n<p><strong>RFI<\/strong><\/p>\n<p>&nbsp;<\/p>\n","protected":false},"excerpt":{"rendered":"<p>Le s\u00e9lectionneur Didier Deschamps a convoqu\u00e9 jeudi 30 ao\u00fbt tous les champions du monde pour les deux matches de reprise de l&rsquo;\u00e9quipe de France en septembre, except\u00e9 le gardien num\u00e9ro 2 Steve Mandanda, bless\u00e9. \u00ab\u00a0Pour moi, les mois qui ont suivi 98 ont \u00e9t\u00e9 un peu laborieux\u00a0\u00bb, a avou\u00e9 Didier Deschamps lors de la conf\u00e9rence [&hellip;]<\/p>\n","protected":false},"author":12,"featured_media":26449,"comment_status":"closed","ping_status":"closed","sticky":false,"template":"","format":"standard","meta":{"_exactmetrics_skip_tracking":false,"_exactmetrics_sitenote_active":false,"_exactmetrics_sitenote_note":"","_exactmetrics_sitenote_category":0,"tdm_status":"","tdm_grid_status":"","footnotes":""},"categories":[18],"tags":[],"class_list":{"0":"post-26448","1":"post","2":"type-post","3":"status-publish","4":"format-standard","5":"has-post-thumbnail","7":"category-sport"},"yoast_head":"<!-- This site is optimized with the Yoast SEO plugin v24.2 - https:\/\/yoast.com\/wordpress\/plugins\/seo\/ -->\n<title>Equipe de France : Didier Deschamps reconduit les champions du monde | Guin\u00e9e Diversit\u00e9<\/title>\n<meta name=\"robots\" content=\"index, follow, max-snippet:-1, max-image-preview:large, max-video-preview:-1\" \/>\n<link rel=\"canonical\" href=\"https:\/\/guineediversite.com\/index.php\/2018\/08\/30\/equipe-de-france-didier-deschamps-reconduit-les-champions-du-monde\/\" \/>\n<meta property=\"og:locale\" content=\"fr_FR\" \/>\n<meta property=\"og:type\" content=\"article\" \/>\n<meta property=\"og:title\" content=\"Equipe de France : Didier Deschamps reconduit les champions du monde | Guin\u00e9e Diversit\u00e9\" \/>\n<meta property=\"og:description\" content=\"Le s\u00e9lectionneur Didier Deschamps a convoqu\u00e9 jeudi 30 ao\u00fbt tous les champions du monde pour les deux matches de reprise de l&rsquo;\u00e9quipe de France en septembre, except\u00e9 le gardien num\u00e9ro 2 Steve Mandanda, bless\u00e9. \u00ab\u00a0Pour moi, les mois qui ont suivi 98 ont \u00e9t\u00e9 un peu laborieux\u00a0\u00bb, a avou\u00e9 Didier Deschamps lors de la conf\u00e9rence [&hellip;]\" \/>\n<meta property=\"og:url\" content=\"https:\/\/guineediversite.com\/index.php\/2018\/08\/30\/equipe-de-france-didier-deschamps-reconduit-les-champions-du-monde\/\" \/>\n<meta property=\"og:site_name\" content=\"Guin\u00e9e Diversit\u00e9\" \/>\n<meta property=\"article:publisher\" content=\"https:\/\/www.facebook.com\/guineediversite\/\" \/>\n<meta property=\"article:published_time\" content=\"2018-08-30T16:04:46+00:00\" \/>\n<meta property=\"og:image\" content=\"https:\/\/guineediversite.com\/wp-content\/uploads\/2018\/08\/2018-08-30t121422z_1667233711_rc144ff86000_rtrmadp_3_soccer-uefa-nations-fra-nld-preview_0.jpg\" \/>\n\t<meta property=\"og:image:width\" content=\"1024\" \/>\n\t<meta property=\"og:image:height\" content=\"578\" \/>\n\t<meta property=\"og:image:type\" content=\"image\/jpeg\" \/>\n<meta name=\"author\" content=\"Guin\u00e9e Diversit\u00e9\" \/>\n<meta name=\"twitter:card\" content=\"summary_large_image\" \/>\n<meta name=\"twitter:creator\" content=\"@GuineeDiversite\" \/>\n<meta name=\"twitter:site\" content=\"@GuineeDiversite\" \/>\n<meta name=\"twitter:label1\" content=\"\u00c9crit par\" \/>\n\t<meta name=\"twitter:data1\" content=\"Guin\u00e9e Diversit\u00e9\" \/>\n\t<meta name=\"twitter:label2\" content=\"Dur\u00e9e de lecture estim\u00e9e\" \/>\n\t<meta name=\"twitter:data2\" content=\"2 minutes\" \/>\n<script type=\"application\/ld+json\" class=\"yoast-schema-graph\">{\"@context\":\"https:\/\/schema.org\",\"@graph\":[{\"@type\":\"Article\",\"@id\":\"https:\/\/guineediversite.com\/index.php\/2018\/08\/30\/equipe-de-france-didier-deschamps-reconduit-les-champions-du-monde\/#article\",\"isPartOf\":{\"@id\":\"https:\/\/guineediversite.com\/index.php\/2018\/08\/30\/equipe-de-france-didier-deschamps-reconduit-les-champions-du-monde\/\"},\"author\":{\"name\":\"Guin\u00e9e Diversit\u00e9\",\"@id\":\"https:\/\/guineediversite.com\/#\/schema\/person\/afa08fb34e7fc6e1feafc892612bc836\"},\"headline\":\"Equipe de France : Didier Deschamps reconduit les champions du monde\",\"datePublished\":\"2018-08-30T16:04:46+00:00\",\"dateModified\":\"2018-08-30T16:04:46+00:00\",\"mainEntityOfPage\":{\"@id\":\"https:\/\/guineediversite.com\/index.php\/2018\/08\/30\/equipe-de-france-didier-deschamps-reconduit-les-champions-du-monde\/\"},\"wordCount\":440,\"publisher\":{\"@id\":\"https:\/\/guineediversite.com\/#organization\"},\"image\":{\"@id\":\"https:\/\/guineediversite.com\/index.php\/2018\/08\/30\/equipe-de-france-didier-deschamps-reconduit-les-champions-du-monde\/#primaryimage\"},\"thumbnailUrl\":\"https:\/\/guineediversite.com\/wp-content\/uploads\/2018\/08\/2018-08-30t121422z_1667233711_rc144ff86000_rtrmadp_3_soccer-uefa-nations-fra-nld-preview_0.jpg\",\"articleSection\":[\"Sport\"],\"inLanguage\":\"fr-FR\"},{\"@type\":\"WebPage\",\"@id\":\"https:\/\/guineediversite.com\/index.php\/2018\/08\/30\/equipe-de-france-didier-deschamps-reconduit-les-champions-du-monde\/\",\"url\":\"https:\/\/guineediversite.com\/index.php\/2018\/08\/30\/equipe-de-france-didier-deschamps-reconduit-les-champions-du-monde\/\",\"name\":\"Equipe de France : Didier Deschamps reconduit les champions du monde | Guin\u00e9e Diversit\u00e9\",\"isPartOf\":{\"@id\":\"https:\/\/guineediversite.com\/#website\"},\"primaryImageOfPage\":{\"@id\":\"https:\/\/guineediversite.com\/index.php\/2018\/08\/30\/equipe-de-france-didier-deschamps-reconduit-les-champions-du-monde\/#primaryimage\"},\"image\":{\"@id\":\"https:\/\/guineediversite.com\/index.php\/2018\/08\/30\/equipe-de-france-didier-deschamps-reconduit-les-champions-du-monde\/#primaryimage\"},\"thumbnailUrl\":\"https:\/\/guineediversite.com\/wp-content\/uploads\/2018\/08\/2018-08-30t121422z_1667233711_rc144ff86000_rtrmadp_3_soccer-uefa-nations-fra-nld-preview_0.jpg\",\"datePublished\":\"2018-08-30T16:04:46+00:00\",\"dateModified\":\"2018-08-30T16:04:46+00:00\",\"breadcrumb\":{\"@id\":\"https:\/\/guineediversite.com\/index.php\/2018\/08\/30\/equipe-de-france-didier-deschamps-reconduit-les-champions-du-monde\/#breadcrumb\"},\"inLanguage\":\"fr-FR\",\"potentialAction\":[{\"@type\":\"ReadAction\",\"target\":[\"https:\/\/guineediversite.com\/index.php\/2018\/08\/30\/equipe-de-france-didier-deschamps-reconduit-les-champions-du-monde\/\"]}]},{\"@type\":\"ImageObject\",\"inLanguage\":\"fr-FR\",\"@id\":\"https:\/\/guineediversite.com\/index.php\/2018\/08\/30\/equipe-de-france-didier-deschamps-reconduit-les-champions-du-monde\/#primaryimage\",\"url\":\"https:\/\/guineediversite.com\/wp-content\/uploads\/2018\/08\/2018-08-30t121422z_1667233711_rc144ff86000_rtrmadp_3_soccer-uefa-nations-fra-nld-preview_0.jpg\",\"contentUrl\":\"https:\/\/guineediversite.com\/wp-content\/uploads\/2018\/08\/2018-08-30t121422z_1667233711_rc144ff86000_rtrmadp_3_soccer-uefa-nations-fra-nld-preview_0.jpg\",\"width\":1024,\"height\":578},{\"@type\":\"BreadcrumbList\",\"@id\":\"https:\/\/guineediversite.com\/index.php\/2018\/08\/30\/equipe-de-france-didier-deschamps-reconduit-les-champions-du-monde\/#breadcrumb\",\"itemListElement\":[{\"@type\":\"ListItem\",\"position\":1,\"name\":\"Accueil\",\"item\":\"https:\/\/guineediversite.com\/\"},{\"@type\":\"ListItem\",\"position\":2,\"name\":\"Equipe de France : Didier Deschamps reconduit les champions du monde\"}]},{\"@type\":\"WebSite\",\"@id\":\"https:\/\/guineediversite.com\/#website\",\"url\":\"https:\/\/guineediversite.com\/\",\"name\":\"Guin\u00e9e Diversit\u00e9\",\"description\":\"L&#039;Info dans toute sa diversit\u00e9\",\"publisher\":{\"@id\":\"https:\/\/guineediversite.com\/#organization\"},\"potentialAction\":[{\"@type\":\"SearchAction\",\"target\":{\"@type\":\"EntryPoint\",\"urlTemplate\":\"https:\/\/guineediversite.com\/?s={search_term_string}\"},\"query-input\":{\"@type\":\"PropertyValueSpecification\",\"valueRequired\":true,\"valueName\":\"search_term_string\"}}],\"inLanguage\":\"fr-FR\"},{\"@type\":\"Organization\",\"@id\":\"https:\/\/guineediversite.com\/#organization\",\"name\":\"Guin\u00e9e Diversit\u00e9\",\"url\":\"https:\/\/guineediversite.com\/\",\"logo\":{\"@type\":\"ImageObject\",\"inLanguage\":\"fr-FR\",\"@id\":\"https:\/\/guineediversite.com\/#\/schema\/logo\/image\/\",\"url\":\"https:\/\/guineediversite.com\/wp-content\/uploads\/2017\/04\/cropped-1jojlxEOMkX9Wyqfhe43D6kjPOGqBBKmx3EwWJqZ0cMrFF54yM49.png\",\"contentUrl\":\"https:\/\/guineediversite.com\/wp-content\/uploads\/2017\/04\/cropped-1jojlxEOMkX9Wyqfhe43D6kjPOGqBBKmx3EwWJqZ0cMrFF54yM49.png\",\"width\":186,\"height\":112,\"caption\":\"Guin\u00e9e Diversit\u00e9\"},\"image\":{\"@id\":\"https:\/\/guineediversite.com\/#\/schema\/logo\/image\/\"},\"sameAs\":[\"https:\/\/www.facebook.com\/guineediversite\/\",\"https:\/\/x.com\/GuineeDiversite\",\"https:\/\/www.youtube.com\/channel\/UC8sUY16qelG5ge6_D5SB83g\"]},{\"@type\":\"Person\",\"@id\":\"https:\/\/guineediversite.com\/#\/schema\/person\/afa08fb34e7fc6e1feafc892612bc836\",\"name\":\"Guin\u00e9e Diversit\u00e9\",\"image\":{\"@type\":\"ImageObject\",\"inLanguage\":\"fr-FR\",\"@id\":\"https:\/\/guineediversite.com\/#\/schema\/person\/image\/\",\"url\":\"https:\/\/secure.gravatar.com\/avatar\/50d5eb5b390f8b65ac30ac6f898eb83a?s=96&d=mm&r=g\",\"contentUrl\":\"https:\/\/secure.gravatar.com\/avatar\/50d5eb5b390f8b65ac30ac6f898eb83a?s=96&d=mm&r=g\",\"caption\":\"Guin\u00e9e Diversit\u00e9\"},\"url\":\"https:\/\/guineediversite.com\/index.php\/author\/guineediversite\/\"}]}<\/script>\n<!-- \/ Yoast SEO plugin. -->","yoast_head_json":{"title":"Equipe de France : Didier Deschamps reconduit les champions du monde | Guin\u00e9e Diversit\u00e9","robots":{"index":"index","follow":"follow","max-snippet":"max-snippet:-1","max-image-preview":"max-image-preview:large","max-video-preview":"max-video-preview:-1"},"canonical":"https:\/\/guineediversite.com\/index.php\/2018\/08\/30\/equipe-de-france-didier-deschamps-reconduit-les-champions-du-monde\/","og_locale":"fr_FR","og_type":"article","og_title":"Equipe de France : Didier Deschamps reconduit les champions du monde | Guin\u00e9e Diversit\u00e9","og_description":"Le s\u00e9lectionneur Didier Deschamps a convoqu\u00e9 jeudi 30 ao\u00fbt tous les champions du monde pour les deux matches de reprise de l&rsquo;\u00e9quipe de France en septembre, except\u00e9 le gardien num\u00e9ro 2 Steve Mandanda, bless\u00e9. \u00ab\u00a0Pour moi, les mois qui ont suivi 98 ont \u00e9t\u00e9 un peu laborieux\u00a0\u00bb, a avou\u00e9 Didier Deschamps lors de la conf\u00e9rence [&hellip;]","og_url":"https:\/\/guineediversite.com\/index.php\/2018\/08\/30\/equipe-de-france-didier-deschamps-reconduit-les-champions-du-monde\/","og_site_name":"Guin\u00e9e Diversit\u00e9","article_publisher":"https:\/\/www.facebook.com\/guineediversite\/","article_published_time":"2018-08-30T16:04:46+00:00","og_image":[{"width":1024,"height":578,"url":"https:\/\/guineediversite.com\/wp-content\/uploads\/2018\/08\/2018-08-30t121422z_1667233711_rc144ff86000_rtrmadp_3_soccer-uefa-nations-fra-nld-preview_0.jpg","type":"image\/jpeg"}],"author":"Guin\u00e9e Diversit\u00e9","twitter_card":"summary_large_image","twitter_creator":"@GuineeDiversite","twitter_site":"@GuineeDiversite","twitter_misc":{"\u00c9crit par":"Guin\u00e9e Diversit\u00e9","Dur\u00e9e de lecture estim\u00e9e":"2 minutes"},"schema":{"@context":"https:\/\/schema.org","@graph":[{"@type":"Article","@id":"https:\/\/guineediversite.com\/index.php\/2018\/08\/30\/equipe-de-france-didier-deschamps-reconduit-les-champions-du-monde\/#article","isPartOf":{"@id":"https:\/\/guineediversite.com\/index.php\/2018\/08\/30\/equipe-de-france-didier-deschamps-reconduit-les-champions-du-monde\/"},"author":{"name":"Guin\u00e9e Diversit\u00e9","@id":"https:\/\/guineediversite.com\/#\/schema\/person\/afa08fb34e7fc6e1feafc892612bc836"},"headline":"Equipe de France : Didier Deschamps reconduit les champions du monde","datePublished":"2018-08-30T16:04:46+00:00","dateModified":"2018-08-30T16:04:46+00:00","mainEntityOfPage":{"@id":"https:\/\/guineediversite.com\/index.php\/2018\/08\/30\/equipe-de-france-didier-deschamps-reconduit-les-champions-du-monde\/"},"wordCount":440,"publisher":{"@id":"https:\/\/guineediversite.com\/#organization"},"image":{"@id":"https:\/\/guineediversite.com\/index.php\/2018\/08\/30\/equipe-de-france-didier-deschamps-reconduit-les-champions-du-monde\/#primaryimage"},"thumbnailUrl":"https:\/\/guineediversite.com\/wp-content\/uploads\/2018\/08\/2018-08-30t121422z_1667233711_rc144ff86000_rtrmadp_3_soccer-uefa-nations-fra-nld-preview_0.jpg","articleSection":["Sport"],"inLanguage":"fr-FR"},{"@type":"WebPage","@id":"https:\/\/guineediversite.com\/index.php\/2018\/08\/30\/equipe-de-france-didier-deschamps-reconduit-les-champions-du-monde\/","url":"https:\/\/guineediversite.com\/index.php\/2018\/08\/30\/equipe-de-france-didier-deschamps-reconduit-les-champions-du-monde\/","name":"Equipe de France : Didier Deschamps reconduit les champions du monde | Guin\u00e9e Diversit\u00e9","isPartOf":{"@id":"https:\/\/guineediversite.com\/#website"},"primaryImageOfPage":{"@id":"https:\/\/guineediversite.com\/index.php\/2018\/08\/30\/equipe-de-france-didier-deschamps-reconduit-les-champions-du-monde\/#primaryimage"},"image":{"@id":"https:\/\/guineediversite.com\/index.php\/2018\/08\/30\/equipe-de-france-didier-deschamps-reconduit-les-champions-du-monde\/#primaryimage"},"thumbnailUrl":"https:\/\/guineediversite.com\/wp-content\/uploads\/2018\/08\/2018-08-30t121422z_1667233711_rc144ff86000_rtrmadp_3_soccer-uefa-nations-fra-nld-preview_0.jpg","datePublished":"2018-08-30T16:04:46+00:00","dateModified":"2018-08-30T16:04:46+00:00","breadcrumb":{"@id":"https:\/\/guineediversite.com\/index.php\/2018\/08\/30\/equipe-de-france-didier-deschamps-reconduit-les-champions-du-monde\/#breadcrumb"},"inLanguage":"fr-FR","potentialAction":[{"@type":"ReadAction","target":["https:\/\/guineediversite.com\/index.php\/2018\/08\/30\/equipe-de-france-didier-deschamps-reconduit-les-champions-du-monde\/"]}]},{"@type":"ImageObject","inLanguage":"fr-FR","@id":"https:\/\/guineediversite.com\/index.php\/2018\/08\/30\/equipe-de-france-didier-deschamps-reconduit-les-champions-du-monde\/#primaryimage","url":"https:\/\/guineediversite.com\/wp-content\/uploads\/2018\/08\/2018-08-30t121422z_1667233711_rc144ff86000_rtrmadp_3_soccer-uefa-nations-fra-nld-preview_0.jpg","contentUrl":"https:\/\/guineediversite.com\/wp-content\/uploads\/2018\/08\/2018-08-30t121422z_1667233711_rc144ff86000_rtrmadp_3_soccer-uefa-nations-fra-nld-preview_0.jpg","width":1024,"height":578},{"@type":"BreadcrumbList","@id":"https:\/\/guineediversite.com\/index.php\/2018\/08\/30\/equipe-de-france-didier-deschamps-reconduit-les-champions-du-monde\/#breadcrumb","itemListElement":[{"@type":"ListItem","position":1,"name":"Accueil","item":"https:\/\/guineediversite.com\/"},{"@type":"ListItem","position":2,"name":"Equipe de France : Didier Deschamps reconduit les champions du monde"}]},{"@type":"WebSite","@id":"https:\/\/guineediversite.com\/#website","url":"https:\/\/guineediversite.com\/","name":"Guin\u00e9e Diversit\u00e9","description":"L&#039;Info dans toute sa diversit\u00e9","publisher":{"@id":"https:\/\/guineediversite.com\/#organization"},"potentialAction":[{"@type":"SearchAction","target":{"@type":"EntryPoint","urlTemplate":"https:\/\/guineediversite.com\/?s={search_term_string}"},"query-input":{"@type":"PropertyValueSpecification","valueRequired":true,"valueName":"search_term_string"}}],"inLanguage":"fr-FR"},{"@type":"Organization","@id":"https:\/\/guineediversite.com\/#organization","name":"Guin\u00e9e Diversit\u00e9","url":"https:\/\/guineediversite.com\/","logo":{"@type":"ImageObject","inLanguage":"fr-FR","@id":"https:\/\/guineediversite.com\/#\/schema\/logo\/image\/","url":"https:\/\/guineediversite.com\/wp-content\/uploads\/2017\/04\/cropped-1jojlxEOMkX9Wyqfhe43D6kjPOGqBBKmx3EwWJqZ0cMrFF54yM49.png","contentUrl":"https:\/\/guineediversite.com\/wp-content\/uploads\/2017\/04\/cropped-1jojlxEOMkX9Wyqfhe43D6kjPOGqBBKmx3EwWJqZ0cMrFF54yM49.png","width":186,"height":112,"caption":"Guin\u00e9e Diversit\u00e9"},"image":{"@id":"https:\/\/guineediversite.com\/#\/schema\/logo\/image\/"},"sameAs":["https:\/\/www.facebook.com\/guineediversite\/","https:\/\/x.com\/GuineeDiversite","https:\/\/www.youtube.com\/channel\/UC8sUY16qelG5ge6_D5SB83g"]},{"@type":"Person","@id":"https:\/\/guineediversite.com\/#\/schema\/person\/afa08fb34e7fc6e1feafc892612bc836","name":"Guin\u00e9e Diversit\u00e9","image":{"@type":"ImageObject","inLanguage":"fr-FR","@id":"https:\/\/guineediversite.com\/#\/schema\/person\/image\/","url":"https:\/\/secure.gravatar.com\/avatar\/50d5eb5b390f8b65ac30ac6f898eb83a?s=96&d=mm&r=g","contentUrl":"https:\/\/secure.gravatar.com\/avatar\/50d5eb5b390f8b65ac30ac6f898eb83a?s=96&d=mm&r=g","caption":"Guin\u00e9e Diversit\u00e9"},"url":"https:\/\/guineediversite.com\/index.php\/author\/guineediversite\/"}]}},"_links":{"self":[{"href":"https:\/\/guineediversite.com\/index.php\/wp-json\/wp\/v2\/posts\/26448"}],"collection":[{"href":"https:\/\/guineediversite.com\/index.php\/wp-json\/wp\/v2\/posts"}],"about":[{"href":"https:\/\/guineediversite.com\/index.php\/wp-json\/wp\/v2\/types\/post"}],"author":[{"embeddable":true,"href":"https:\/\/guineediversite.com\/index.php\/wp-json\/wp\/v2\/users\/12"}],"replies":[{"embeddable":true,"href":"https:\/\/guineediversite.com\/index.php\/wp-json\/wp\/v2\/comments?post=26448"}],"version-history":[{"count":0,"href":"https:\/\/guineediversite.com\/index.php\/wp-json\/wp\/v2\/posts\/26448\/revisions"}],"wp:featuredmedia":[{"embeddable":true,"href":"https:\/\/guineediversite.com\/index.php\/wp-json\/wp\/v2\/media\/26449"}],"wp:attachment":[{"href":"https:\/\/guineediversite.com\/index.php\/wp-json\/wp\/v2\/media?parent=26448"}],"wp:term":[{"taxonomy":"category","embeddable":true,"href":"https:\/\/guineediversite.com\/index.php\/wp-json\/wp\/v2\/categories?post=26448"},{"taxonomy":"post_tag","embeddable":true,"href":"https:\/\/guineediversite.com\/index.php\/wp-json\/wp\/v2\/tags?post=26448"}],"curies":[{"name":"wp","href":"https:\/\/api.w.org\/{rel}","templated":true}]}}