{"id":26351,"date":"2018-08-15T15:19:41","date_gmt":"2018-08-15T13:19:41","guid":{"rendered":"https:\/\/guineediversite.com\/?p=26351"},"modified":"2018-08-17T10:01:33","modified_gmt":"2018-08-17T08:01:33","slug":"reconnaissance-du-slecg-par-lustg-ca-me-fait-ni-chaud-ni-froid-dixit-aboubacar-soumah","status":"publish","type":"post","link":"https:\/\/guineediversite.com\/index.php\/2018\/08\/15\/reconnaissance-du-slecg-par-lustg-ca-me-fait-ni-chaud-ni-froid-dixit-aboubacar-soumah\/","title":{"rendered":"Reconnaissance du SLECG par l\u2019USTG : \u00ab \u00e7a me fait ni chaud, ni froid \u00bb dixit Aboubacar Soumah."},"content":{"rendered":"<p>C\u2019est une nouvelle page in\u00e9dite qui s\u2019affiche dans le mouvement syndical en charge de l\u2019\u00c9ducation guin\u00e9enne\u00a0 qui autrefois \u00e9tait tr\u00e8s contest\u00e9 par l\u2019Union Syndicale des Travailleurs de Guin\u00e9e, la centrale m\u00e8re. Aboubacar Soumah, interrog\u00e9 au t\u00e9l\u00e9phone par un de nos reporter a annonc\u00e9 qu\u2019une correspondance qui lui a \u00e9t\u00e9 adress\u00e9e ce mardi 14 ao\u00fbt 2018 par le secr\u00e9taire g\u00e9n\u00e9ral de l\u2019USTG, Louis M\u2019bemba Soumah, afin de lui reconna\u00eetre en temps que tel. \u00ab Ils ont envoy\u00e9 une d\u00e9l\u00e9gation porteuse de deux messages, une correspondance dans laquelle ils ont enlev\u00e9 toutes mes suspensions et une autre dans laquelle ils m\u2019invitent \u00e0 prendre part \u00e0 une rencontre qui va avoir lieu au Conseil \u00c9conomique et social \u00bb lance Aboubacar Soumah.<\/p>\n<p>Pour le secr\u00e9taire g\u00e9n\u00e9ral du SLECG, cet acte de l\u2019union syndicale des travailleurs de Guin\u00e9e a \u00e9t\u00e9 pos\u00e9 trop tard\u00a0: \u00ab\u00a0 Je me suis d\u00e9j\u00e0 d\u00e9saffilier de l\u2019USTG, c\u2019est trop tard ! Au moment o\u00f9 ils devaient me soutenir, ils ne l\u2019ont pas fait. C\u2019est le m\u00e9decin apr\u00e8s la mort. S\u2019ils veulent mon retour, il y a des conditions, je leurs ai dit \u00bb.<\/p>\n<p>Mais si toutefois l\u2019USTG tient \u00e0 une collaboration avec le SLECG, Aboubacar Soumah a pos\u00e9 des conditions \u00e0 respecter\u00a0: \u00ab Ma condition, il faut qu\u2019ils proclament qu\u2019ils ne reconnaissent plus l\u2019autre bureau du SLECG qu\u2019ils ont mis en place qui ne repr\u00e9sente rien sur le terrain. S\u2019ils se plient \u00e0 cette exigence, il n\u2019ya pas d\u2019obstacle \u00e0- ce que je revienne \u00e0 la maison (USTG ndlr) je ne pourrai pas revenir m\u2019assoir \u00e0 la m\u00eame table avec un autre bureau du Syndicat Libre des Enseignants et Chercheurs de Guin\u00e9e \u00bb, pr\u00e9cise le meneur de la gr\u00e8ve de novembre 2018.<\/p>\n<p>A la question de savoir s\u2019il compte r\u00e9pondre \u00e0 l\u2019invitation de ce jeudi au Conseil \u00c9conomique et Social, le syndicaliste ne passe pas de travers \u00ab Je leurs ai d\u00e9j\u00e0 dit, je ne viendrai pas \u00bb d\u00e9clare t-il avec un ton ferme.<\/p>\n","protected":false},"excerpt":{"rendered":"<p>C\u2019est une nouvelle page in\u00e9dite qui s\u2019affiche dans le mouvement syndical en charge de l\u2019\u00c9ducation guin\u00e9enne\u00a0 qui autrefois \u00e9tait tr\u00e8s contest\u00e9 par l\u2019Union Syndicale des Travailleurs de Guin\u00e9e, la centrale m\u00e8re. Aboubacar Soumah, interrog\u00e9 au t\u00e9l\u00e9phone par un de nos reporter a annonc\u00e9 qu\u2019une correspondance qui lui a \u00e9t\u00e9 adress\u00e9e ce mardi 14 ao\u00fbt 2018 [&hellip;]<\/p>\n","protected":false},"author":16,"featured_media":26352,"comment_status":"closed","ping_status":"closed","sticky":false,"template":"","format":"standard","meta":{"_exactmetrics_skip_tracking":false,"_exactmetrics_sitenote_active":false,"_exactmetrics_sitenote_note":"","_exactmetrics_sitenote_category":0,"tdm_status":"","tdm_grid_status":"","footnotes":""},"categories":[16],"tags":[],"class_list":{"0":"post-26351","1":"post","2":"type-post","3":"status-publish","4":"format-standard","5":"has-post-thumbnail","7":"category-societe"},"yoast_head":"<!-- This site is optimized with the Yoast SEO plugin v24.2 - https:\/\/yoast.com\/wordpress\/plugins\/seo\/ -->\n<title>Reconnaissance du SLECG par l\u2019USTG : \u00ab \u00e7a me fait ni chaud, ni froid \u00bb dixit Aboubacar Soumah. | Guin\u00e9e Diversit\u00e9<\/title>\n<meta name=\"robots\" content=\"index, follow, max-snippet:-1, max-image-preview:large, max-video-preview:-1\" \/>\n<link rel=\"canonical\" href=\"https:\/\/guineediversite.com\/index.php\/2018\/08\/15\/reconnaissance-du-slecg-par-lustg-ca-me-fait-ni-chaud-ni-froid-dixit-aboubacar-soumah\/\" \/>\n<meta property=\"og:locale\" content=\"fr_FR\" \/>\n<meta property=\"og:type\" content=\"article\" \/>\n<meta property=\"og:title\" content=\"Reconnaissance du SLECG par l\u2019USTG : \u00ab \u00e7a me fait ni chaud, ni froid \u00bb dixit Aboubacar Soumah. | Guin\u00e9e Diversit\u00e9\" \/>\n<meta property=\"og:description\" content=\"C\u2019est une nouvelle page in\u00e9dite qui s\u2019affiche dans le mouvement syndical en charge de l\u2019\u00c9ducation guin\u00e9enne\u00a0 qui autrefois \u00e9tait tr\u00e8s contest\u00e9 par l\u2019Union Syndicale des Travailleurs de Guin\u00e9e, la centrale m\u00e8re. Aboubacar Soumah, interrog\u00e9 au t\u00e9l\u00e9phone par un de nos reporter a annonc\u00e9 qu\u2019une correspondance qui lui a \u00e9t\u00e9 adress\u00e9e ce mardi 14 ao\u00fbt 2018 [&hellip;]\" \/>\n<meta property=\"og:url\" content=\"https:\/\/guineediversite.com\/index.php\/2018\/08\/15\/reconnaissance-du-slecg-par-lustg-ca-me-fait-ni-chaud-ni-froid-dixit-aboubacar-soumah\/\" \/>\n<meta property=\"og:site_name\" content=\"Guin\u00e9e Diversit\u00e9\" \/>\n<meta property=\"article:publisher\" content=\"https:\/\/www.facebook.com\/guineediversite\/\" \/>\n<meta property=\"article:published_time\" content=\"2018-08-15T13:19:41+00:00\" \/>\n<meta property=\"article:modified_time\" content=\"2018-08-17T08:01:33+00:00\" \/>\n<meta property=\"og:image\" content=\"https:\/\/guineediversite.com\/wp-content\/uploads\/2018\/08\/39245872_258119324810146_3756525327912796160_n.jpg\" \/>\n\t<meta property=\"og:image:width\" content=\"1024\" \/>\n\t<meta property=\"og:image:height\" content=\"621\" \/>\n\t<meta property=\"og:image:type\" content=\"image\/jpeg\" \/>\n<meta name=\"author\" content=\"Moussa Mo\u00efse K\u00e9ita\" \/>\n<meta name=\"twitter:card\" content=\"summary_large_image\" \/>\n<meta name=\"twitter:creator\" content=\"@GuineeDiversite\" \/>\n<meta name=\"twitter:site\" content=\"@GuineeDiversite\" \/>\n<meta name=\"twitter:label1\" content=\"\u00c9crit par\" \/>\n\t<meta name=\"twitter:data1\" content=\"Moussa Mo\u00efse K\u00e9ita\" \/>\n\t<meta name=\"twitter:label2\" content=\"Dur\u00e9e de lecture estim\u00e9e\" \/>\n\t<meta name=\"twitter:data2\" content=\"2 minutes\" \/>\n<script type=\"application\/ld+json\" class=\"yoast-schema-graph\">{\"@context\":\"https:\/\/schema.org\",\"@graph\":[{\"@type\":\"Article\",\"@id\":\"https:\/\/guineediversite.com\/index.php\/2018\/08\/15\/reconnaissance-du-slecg-par-lustg-ca-me-fait-ni-chaud-ni-froid-dixit-aboubacar-soumah\/#article\",\"isPartOf\":{\"@id\":\"https:\/\/guineediversite.com\/index.php\/2018\/08\/15\/reconnaissance-du-slecg-par-lustg-ca-me-fait-ni-chaud-ni-froid-dixit-aboubacar-soumah\/\"},\"author\":{\"name\":\"Moussa Mo\u00efse K\u00e9ita\",\"@id\":\"https:\/\/guineediversite.com\/#\/schema\/person\/079ec347f72d2acde4b56a50a4fd46dc\"},\"headline\":\"Reconnaissance du SLECG par l\u2019USTG : \u00ab \u00e7a me fait ni chaud, ni froid \u00bb dixit Aboubacar Soumah.\",\"datePublished\":\"2018-08-15T13:19:41+00:00\",\"dateModified\":\"2018-08-17T08:01:33+00:00\",\"mainEntityOfPage\":{\"@id\":\"https:\/\/guineediversite.com\/index.php\/2018\/08\/15\/reconnaissance-du-slecg-par-lustg-ca-me-fait-ni-chaud-ni-froid-dixit-aboubacar-soumah\/\"},\"wordCount\":375,\"publisher\":{\"@id\":\"https:\/\/guineediversite.com\/#organization\"},\"image\":{\"@id\":\"https:\/\/guineediversite.com\/index.php\/2018\/08\/15\/reconnaissance-du-slecg-par-lustg-ca-me-fait-ni-chaud-ni-froid-dixit-aboubacar-soumah\/#primaryimage\"},\"thumbnailUrl\":\"https:\/\/guineediversite.com\/wp-content\/uploads\/2018\/08\/39245872_258119324810146_3756525327912796160_n.jpg\",\"articleSection\":[\"Soci\u00e9t\u00e9\"],\"inLanguage\":\"fr-FR\"},{\"@type\":\"WebPage\",\"@id\":\"https:\/\/guineediversite.com\/index.php\/2018\/08\/15\/reconnaissance-du-slecg-par-lustg-ca-me-fait-ni-chaud-ni-froid-dixit-aboubacar-soumah\/\",\"url\":\"https:\/\/guineediversite.com\/index.php\/2018\/08\/15\/reconnaissance-du-slecg-par-lustg-ca-me-fait-ni-chaud-ni-froid-dixit-aboubacar-soumah\/\",\"name\":\"Reconnaissance du SLECG par l\u2019USTG : \u00ab \u00e7a me fait ni chaud, ni froid \u00bb dixit Aboubacar Soumah. | Guin\u00e9e Diversit\u00e9\",\"isPartOf\":{\"@id\":\"https:\/\/guineediversite.com\/#website\"},\"primaryImageOfPage\":{\"@id\":\"https:\/\/guineediversite.com\/index.php\/2018\/08\/15\/reconnaissance-du-slecg-par-lustg-ca-me-fait-ni-chaud-ni-froid-dixit-aboubacar-soumah\/#primaryimage\"},\"image\":{\"@id\":\"https:\/\/guineediversite.com\/index.php\/2018\/08\/15\/reconnaissance-du-slecg-par-lustg-ca-me-fait-ni-chaud-ni-froid-dixit-aboubacar-soumah\/#primaryimage\"},\"thumbnailUrl\":\"https:\/\/guineediversite.com\/wp-content\/uploads\/2018\/08\/39245872_258119324810146_3756525327912796160_n.jpg\",\"datePublished\":\"2018-08-15T13:19:41+00:00\",\"dateModified\":\"2018-08-17T08:01:33+00:00\",\"breadcrumb\":{\"@id\":\"https:\/\/guineediversite.com\/index.php\/2018\/08\/15\/reconnaissance-du-slecg-par-lustg-ca-me-fait-ni-chaud-ni-froid-dixit-aboubacar-soumah\/#breadcrumb\"},\"inLanguage\":\"fr-FR\",\"potentialAction\":[{\"@type\":\"ReadAction\",\"target\":[\"https:\/\/guineediversite.com\/index.php\/2018\/08\/15\/reconnaissance-du-slecg-par-lustg-ca-me-fait-ni-chaud-ni-froid-dixit-aboubacar-soumah\/\"]}]},{\"@type\":\"ImageObject\",\"inLanguage\":\"fr-FR\",\"@id\":\"https:\/\/guineediversite.com\/index.php\/2018\/08\/15\/reconnaissance-du-slecg-par-lustg-ca-me-fait-ni-chaud-ni-froid-dixit-aboubacar-soumah\/#primaryimage\",\"url\":\"https:\/\/guineediversite.com\/wp-content\/uploads\/2018\/08\/39245872_258119324810146_3756525327912796160_n.jpg\",\"contentUrl\":\"https:\/\/guineediversite.com\/wp-content\/uploads\/2018\/08\/39245872_258119324810146_3756525327912796160_n.jpg\",\"width\":1024,\"height\":621},{\"@type\":\"BreadcrumbList\",\"@id\":\"https:\/\/guineediversite.com\/index.php\/2018\/08\/15\/reconnaissance-du-slecg-par-lustg-ca-me-fait-ni-chaud-ni-froid-dixit-aboubacar-soumah\/#breadcrumb\",\"itemListElement\":[{\"@type\":\"ListItem\",\"position\":1,\"name\":\"Accueil\",\"item\":\"https:\/\/guineediversite.com\/\"},{\"@type\":\"ListItem\",\"position\":2,\"name\":\"Reconnaissance du SLECG par l\u2019USTG : \u00ab \u00e7a me fait ni chaud, ni froid \u00bb dixit Aboubacar Soumah.\"}]},{\"@type\":\"WebSite\",\"@id\":\"https:\/\/guineediversite.com\/#website\",\"url\":\"https:\/\/guineediversite.com\/\",\"name\":\"Guin\u00e9e Diversit\u00e9\",\"description\":\"L&#039;Info dans toute sa diversit\u00e9\",\"publisher\":{\"@id\":\"https:\/\/guineediversite.com\/#organization\"},\"potentialAction\":[{\"@type\":\"SearchAction\",\"target\":{\"@type\":\"EntryPoint\",\"urlTemplate\":\"https:\/\/guineediversite.com\/?s={search_term_string}\"},\"query-input\":{\"@type\":\"PropertyValueSpecification\",\"valueRequired\":true,\"valueName\":\"search_term_string\"}}],\"inLanguage\":\"fr-FR\"},{\"@type\":\"Organization\",\"@id\":\"https:\/\/guineediversite.com\/#organization\",\"name\":\"Guin\u00e9e Diversit\u00e9\",\"url\":\"https:\/\/guineediversite.com\/\",\"logo\":{\"@type\":\"ImageObject\",\"inLanguage\":\"fr-FR\",\"@id\":\"https:\/\/guineediversite.com\/#\/schema\/logo\/image\/\",\"url\":\"https:\/\/guineediversite.com\/wp-content\/uploads\/2017\/04\/cropped-1jojlxEOMkX9Wyqfhe43D6kjPOGqBBKmx3EwWJqZ0cMrFF54yM49.png\",\"contentUrl\":\"https:\/\/guineediversite.com\/wp-content\/uploads\/2017\/04\/cropped-1jojlxEOMkX9Wyqfhe43D6kjPOGqBBKmx3EwWJqZ0cMrFF54yM49.png\",\"width\":186,\"height\":112,\"caption\":\"Guin\u00e9e Diversit\u00e9\"},\"image\":{\"@id\":\"https:\/\/guineediversite.com\/#\/schema\/logo\/image\/\"},\"sameAs\":[\"https:\/\/www.facebook.com\/guineediversite\/\",\"https:\/\/x.com\/GuineeDiversite\",\"https:\/\/www.youtube.com\/channel\/UC8sUY16qelG5ge6_D5SB83g\"]},{\"@type\":\"Person\",\"@id\":\"https:\/\/guineediversite.com\/#\/schema\/person\/079ec347f72d2acde4b56a50a4fd46dc\",\"name\":\"Moussa Mo\u00efse K\u00e9ita\",\"image\":{\"@type\":\"ImageObject\",\"inLanguage\":\"fr-FR\",\"@id\":\"https:\/\/guineediversite.com\/#\/schema\/person\/image\/\",\"url\":\"https:\/\/secure.gravatar.com\/avatar\/edf1ea2cc01841e6c0b49384bcb1385b?s=96&d=mm&r=g\",\"contentUrl\":\"https:\/\/secure.gravatar.com\/avatar\/edf1ea2cc01841e6c0b49384bcb1385b?s=96&d=mm&r=g\",\"caption\":\"Moussa Mo\u00efse K\u00e9ita\"},\"url\":\"https:\/\/guineediversite.com\/index.php\/author\/moussa-moise\/\"}]}<\/script>\n<!-- \/ Yoast SEO plugin. -->","yoast_head_json":{"title":"Reconnaissance du SLECG par l\u2019USTG : \u00ab \u00e7a me fait ni chaud, ni froid \u00bb dixit Aboubacar Soumah. | Guin\u00e9e Diversit\u00e9","robots":{"index":"index","follow":"follow","max-snippet":"max-snippet:-1","max-image-preview":"max-image-preview:large","max-video-preview":"max-video-preview:-1"},"canonical":"https:\/\/guineediversite.com\/index.php\/2018\/08\/15\/reconnaissance-du-slecg-par-lustg-ca-me-fait-ni-chaud-ni-froid-dixit-aboubacar-soumah\/","og_locale":"fr_FR","og_type":"article","og_title":"Reconnaissance du SLECG par l\u2019USTG : \u00ab \u00e7a me fait ni chaud, ni froid \u00bb dixit Aboubacar Soumah. | Guin\u00e9e Diversit\u00e9","og_description":"C\u2019est une nouvelle page in\u00e9dite qui s\u2019affiche dans le mouvement syndical en charge de l\u2019\u00c9ducation guin\u00e9enne\u00a0 qui autrefois \u00e9tait tr\u00e8s contest\u00e9 par l\u2019Union Syndicale des Travailleurs de Guin\u00e9e, la centrale m\u00e8re. Aboubacar Soumah, interrog\u00e9 au t\u00e9l\u00e9phone par un de nos reporter a annonc\u00e9 qu\u2019une correspondance qui lui a \u00e9t\u00e9 adress\u00e9e ce mardi 14 ao\u00fbt 2018 [&hellip;]","og_url":"https:\/\/guineediversite.com\/index.php\/2018\/08\/15\/reconnaissance-du-slecg-par-lustg-ca-me-fait-ni-chaud-ni-froid-dixit-aboubacar-soumah\/","og_site_name":"Guin\u00e9e Diversit\u00e9","article_publisher":"https:\/\/www.facebook.com\/guineediversite\/","article_published_time":"2018-08-15T13:19:41+00:00","article_modified_time":"2018-08-17T08:01:33+00:00","og_image":[{"width":1024,"height":621,"url":"https:\/\/guineediversite.com\/wp-content\/uploads\/2018\/08\/39245872_258119324810146_3756525327912796160_n.jpg","type":"image\/jpeg"}],"author":"Moussa Mo\u00efse K\u00e9ita","twitter_card":"summary_large_image","twitter_creator":"@GuineeDiversite","twitter_site":"@GuineeDiversite","twitter_misc":{"\u00c9crit par":"Moussa Mo\u00efse K\u00e9ita","Dur\u00e9e de lecture estim\u00e9e":"2 minutes"},"schema":{"@context":"https:\/\/schema.org","@graph":[{"@type":"Article","@id":"https:\/\/guineediversite.com\/index.php\/2018\/08\/15\/reconnaissance-du-slecg-par-lustg-ca-me-fait-ni-chaud-ni-froid-dixit-aboubacar-soumah\/#article","isPartOf":{"@id":"https:\/\/guineediversite.com\/index.php\/2018\/08\/15\/reconnaissance-du-slecg-par-lustg-ca-me-fait-ni-chaud-ni-froid-dixit-aboubacar-soumah\/"},"author":{"name":"Moussa Mo\u00efse K\u00e9ita","@id":"https:\/\/guineediversite.com\/#\/schema\/person\/079ec347f72d2acde4b56a50a4fd46dc"},"headline":"Reconnaissance du SLECG par l\u2019USTG : \u00ab \u00e7a me fait ni chaud, ni froid \u00bb dixit Aboubacar Soumah.","datePublished":"2018-08-15T13:19:41+00:00","dateModified":"2018-08-17T08:01:33+00:00","mainEntityOfPage":{"@id":"https:\/\/guineediversite.com\/index.php\/2018\/08\/15\/reconnaissance-du-slecg-par-lustg-ca-me-fait-ni-chaud-ni-froid-dixit-aboubacar-soumah\/"},"wordCount":375,"publisher":{"@id":"https:\/\/guineediversite.com\/#organization"},"image":{"@id":"https:\/\/guineediversite.com\/index.php\/2018\/08\/15\/reconnaissance-du-slecg-par-lustg-ca-me-fait-ni-chaud-ni-froid-dixit-aboubacar-soumah\/#primaryimage"},"thumbnailUrl":"https:\/\/guineediversite.com\/wp-content\/uploads\/2018\/08\/39245872_258119324810146_3756525327912796160_n.jpg","articleSection":["Soci\u00e9t\u00e9"],"inLanguage":"fr-FR"},{"@type":"WebPage","@id":"https:\/\/guineediversite.com\/index.php\/2018\/08\/15\/reconnaissance-du-slecg-par-lustg-ca-me-fait-ni-chaud-ni-froid-dixit-aboubacar-soumah\/","url":"https:\/\/guineediversite.com\/index.php\/2018\/08\/15\/reconnaissance-du-slecg-par-lustg-ca-me-fait-ni-chaud-ni-froid-dixit-aboubacar-soumah\/","name":"Reconnaissance du SLECG par l\u2019USTG : \u00ab \u00e7a me fait ni chaud, ni froid \u00bb dixit Aboubacar Soumah. | Guin\u00e9e Diversit\u00e9","isPartOf":{"@id":"https:\/\/guineediversite.com\/#website"},"primaryImageOfPage":{"@id":"https:\/\/guineediversite.com\/index.php\/2018\/08\/15\/reconnaissance-du-slecg-par-lustg-ca-me-fait-ni-chaud-ni-froid-dixit-aboubacar-soumah\/#primaryimage"},"image":{"@id":"https:\/\/guineediversite.com\/index.php\/2018\/08\/15\/reconnaissance-du-slecg-par-lustg-ca-me-fait-ni-chaud-ni-froid-dixit-aboubacar-soumah\/#primaryimage"},"thumbnailUrl":"https:\/\/guineediversite.com\/wp-content\/uploads\/2018\/08\/39245872_258119324810146_3756525327912796160_n.jpg","datePublished":"2018-08-15T13:19:41+00:00","dateModified":"2018-08-17T08:01:33+00:00","breadcrumb":{"@id":"https:\/\/guineediversite.com\/index.php\/2018\/08\/15\/reconnaissance-du-slecg-par-lustg-ca-me-fait-ni-chaud-ni-froid-dixit-aboubacar-soumah\/#breadcrumb"},"inLanguage":"fr-FR","potentialAction":[{"@type":"ReadAction","target":["https:\/\/guineediversite.com\/index.php\/2018\/08\/15\/reconnaissance-du-slecg-par-lustg-ca-me-fait-ni-chaud-ni-froid-dixit-aboubacar-soumah\/"]}]},{"@type":"ImageObject","inLanguage":"fr-FR","@id":"https:\/\/guineediversite.com\/index.php\/2018\/08\/15\/reconnaissance-du-slecg-par-lustg-ca-me-fait-ni-chaud-ni-froid-dixit-aboubacar-soumah\/#primaryimage","url":"https:\/\/guineediversite.com\/wp-content\/uploads\/2018\/08\/39245872_258119324810146_3756525327912796160_n.jpg","contentUrl":"https:\/\/guineediversite.com\/wp-content\/uploads\/2018\/08\/39245872_258119324810146_3756525327912796160_n.jpg","width":1024,"height":621},{"@type":"BreadcrumbList","@id":"https:\/\/guineediversite.com\/index.php\/2018\/08\/15\/reconnaissance-du-slecg-par-lustg-ca-me-fait-ni-chaud-ni-froid-dixit-aboubacar-soumah\/#breadcrumb","itemListElement":[{"@type":"ListItem","position":1,"name":"Accueil","item":"https:\/\/guineediversite.com\/"},{"@type":"ListItem","position":2,"name":"Reconnaissance du SLECG par l\u2019USTG : \u00ab \u00e7a me fait ni chaud, ni froid \u00bb dixit Aboubacar Soumah."}]},{"@type":"WebSite","@id":"https:\/\/guineediversite.com\/#website","url":"https:\/\/guineediversite.com\/","name":"Guin\u00e9e Diversit\u00e9","description":"L&#039;Info dans toute sa diversit\u00e9","publisher":{"@id":"https:\/\/guineediversite.com\/#organization"},"potentialAction":[{"@type":"SearchAction","target":{"@type":"EntryPoint","urlTemplate":"https:\/\/guineediversite.com\/?s={search_term_string}"},"query-input":{"@type":"PropertyValueSpecification","valueRequired":true,"valueName":"search_term_string"}}],"inLanguage":"fr-FR"},{"@type":"Organization","@id":"https:\/\/guineediversite.com\/#organization","name":"Guin\u00e9e Diversit\u00e9","url":"https:\/\/guineediversite.com\/","logo":{"@type":"ImageObject","inLanguage":"fr-FR","@id":"https:\/\/guineediversite.com\/#\/schema\/logo\/image\/","url":"https:\/\/guineediversite.com\/wp-content\/uploads\/2017\/04\/cropped-1jojlxEOMkX9Wyqfhe43D6kjPOGqBBKmx3EwWJqZ0cMrFF54yM49.png","contentUrl":"https:\/\/guineediversite.com\/wp-content\/uploads\/2017\/04\/cropped-1jojlxEOMkX9Wyqfhe43D6kjPOGqBBKmx3EwWJqZ0cMrFF54yM49.png","width":186,"height":112,"caption":"Guin\u00e9e Diversit\u00e9"},"image":{"@id":"https:\/\/guineediversite.com\/#\/schema\/logo\/image\/"},"sameAs":["https:\/\/www.facebook.com\/guineediversite\/","https:\/\/x.com\/GuineeDiversite","https:\/\/www.youtube.com\/channel\/UC8sUY16qelG5ge6_D5SB83g"]},{"@type":"Person","@id":"https:\/\/guineediversite.com\/#\/schema\/person\/079ec347f72d2acde4b56a50a4fd46dc","name":"Moussa Mo\u00efse K\u00e9ita","image":{"@type":"ImageObject","inLanguage":"fr-FR","@id":"https:\/\/guineediversite.com\/#\/schema\/person\/image\/","url":"https:\/\/secure.gravatar.com\/avatar\/edf1ea2cc01841e6c0b49384bcb1385b?s=96&d=mm&r=g","contentUrl":"https:\/\/secure.gravatar.com\/avatar\/edf1ea2cc01841e6c0b49384bcb1385b?s=96&d=mm&r=g","caption":"Moussa Mo\u00efse K\u00e9ita"},"url":"https:\/\/guineediversite.com\/index.php\/author\/moussa-moise\/"}]}},"_links":{"self":[{"href":"https:\/\/guineediversite.com\/index.php\/wp-json\/wp\/v2\/posts\/26351"}],"collection":[{"href":"https:\/\/guineediversite.com\/index.php\/wp-json\/wp\/v2\/posts"}],"about":[{"href":"https:\/\/guineediversite.com\/index.php\/wp-json\/wp\/v2\/types\/post"}],"author":[{"embeddable":true,"href":"https:\/\/guineediversite.com\/index.php\/wp-json\/wp\/v2\/users\/16"}],"replies":[{"embeddable":true,"href":"https:\/\/guineediversite.com\/index.php\/wp-json\/wp\/v2\/comments?post=26351"}],"version-history":[{"count":0,"href":"https:\/\/guineediversite.com\/index.php\/wp-json\/wp\/v2\/posts\/26351\/revisions"}],"wp:featuredmedia":[{"embeddable":true,"href":"https:\/\/guineediversite.com\/index.php\/wp-json\/wp\/v2\/media\/26352"}],"wp:attachment":[{"href":"https:\/\/guineediversite.com\/index.php\/wp-json\/wp\/v2\/media?parent=26351"}],"wp:term":[{"taxonomy":"category","embeddable":true,"href":"https:\/\/guineediversite.com\/index.php\/wp-json\/wp\/v2\/categories?post=26351"},{"taxonomy":"post_tag","embeddable":true,"href":"https:\/\/guineediversite.com\/index.php\/wp-json\/wp\/v2\/tags?post=26351"}],"curies":[{"name":"wp","href":"https:\/\/api.w.org\/{rel}","templated":true}]}}