{"id":26339,"date":"2018-08-14T23:27:48","date_gmt":"2018-08-14T21:27:48","guid":{"rendered":"https:\/\/guineediversite.com\/?p=26339"},"modified":"2018-08-14T23:30:58","modified_gmt":"2018-08-14T21:30:58","slug":"comite-de-suivi-du-contentieux-electoral-bientot-linstallation-des-executifs-communaux","status":"publish","type":"post","link":"https:\/\/guineediversite.com\/index.php\/2018\/08\/14\/comite-de-suivi-du-contentieux-electoral-bientot-linstallation-des-executifs-communaux\/","title":{"rendered":"Comit\u00e9 de suivi du contentieux electoral\u00a0: Bient\u00f4t  l&rsquo;installation des Ex\u00e9cutifs communaux"},"content":{"rendered":"<p>Les Travaux du comit\u00e9 de suivi ont repris ce mardi 14 Ao\u00fbt 2018 au minist\u00e8re de l\u2019administration du territoire et de la d\u00e9centralisation. Les parties prenantes du dialogue politique inter-guin\u00e9en ont pris actes des accords sign\u00e9s entre la mouvance pr\u00e9sidentielle et l\u2019opposition lors de cette 25\u00e8me session. Les acteurs politiques signataires du compromis entre la Mouvance et lOpposition le 8 ao\u00fbt dernier sont tous unanimes que le ministre de ladministration du Territoire et de la D\u00e9centralisation na plus d&rsquo;obstacle l&#8217;emp\u00eachant\u00a0 d&rsquo;installer\u00a0 les \u00e9lus locaux apr\u00e8s cette conclusion des accords.<br \/>\n\u00ab Nous sommes tr\u00e8s avanc\u00e9s sur l\u00e9tude des listes qui ont \u00e9t\u00e9 d\u00e9pos\u00e9es au niveau du comit\u00e9. Nous prenons actes des accords sign\u00e9s entre l\u2019opposition et la mouvance pr\u00e9sidentielle sur le contentieux \u00e9lectoral qui est donc termin\u00e9. Et ce qui va suivre d\u00e9sormais, ce sera l\u2019installation des conseils communaux pour que ses conseils commencent \u00e0 travailler pour leurs diff\u00e9rentes communaut\u00e9s d\u00e8s cette semaine. Il revient d\u00e9sormais au ministre de l\u2019administration du territoire qui na plus absolument aucun handicap \u00bb, a d\u00e9clar\u00e9 le pr\u00e9sident de la majorit\u00e9 pr\u00e9sidentielle Amadou Damaro Camara.<\/p>\n<p><img loading=\"lazy\" decoding=\"async\" class=\"alignnone size-medium wp-image-26343\" src=\"https:\/\/guineediversite.com.bwjx4292.odns.fr\/wp-content\/uploads\/2018\/08\/714201821266-300x172.jpg\" alt=\"\" width=\"300\" height=\"172\" srcset=\"https:\/\/guineediversite.com\/wp-content\/uploads\/2018\/08\/714201821266-300x172.jpg 300w, https:\/\/guineediversite.com\/wp-content\/uploads\/2018\/08\/714201821266-768x440.jpg 768w, https:\/\/guineediversite.com\/wp-content\/uploads\/2018\/08\/714201821266.jpg 1024w, https:\/\/guineediversite.com\/wp-content\/uploads\/2018\/08\/714201821266-600x343.jpg 600w\" sizes=\"(max-width: 300px) 100vw, 300px\" \/><br \/>\nQuand \u00e0 lopposition, elle r\u00e9v\u00e8le que des recommandations ont \u00e9t\u00e9 faite a cette 25\u00e8me session annonce lhonorable Cellou Bald\u00e9. \u00ab\u00a0Il faut dire qu&rsquo;au lendemain de la signature de l\u2019accord politique entre l\u2019opposition r\u00e9publicaine et la mouvance, les acteurs se sont f\u00e9licit\u00e9s de cette avanc\u00e9e majeure qui nous permettra en fin dinstaller les conseils communaux dans les 342 communes urbaines et rurales de notre pays. \u00c9galement des recommandations ont \u00e9t\u00e9 faites au niveau du comit\u00e9 de suivi, dadresser une correspondant au ministre de la justice concernant le point sur la lib\u00e9ration des prisonniers pour que cela soit examin\u00e9 avec diligence. Il a \u00e9galement \u00e9t\u00e9 recommand\u00e9 quune correspondance soit adresse au ministre du budget pour ce qui concerne l\u2019inscription d\u2019une ligne au niveau de la loi de finance rectificative qui est en train d\u00eatre examin\u00e9 \u00e0 l\u2019assembl\u00e9e nationale concernant le volet indemnisation &#8230; Il a \u00e9galement \u00e9t\u00e9 recommand\u00e9 que la mise en uvre effective de cet accord surtout le point concernant linstallation des conseils communaux soit en tout cas diligent\u00e9 dans les plus bref d\u00e9lais\u00a0\u00bb Dit-il.<\/p>\n<p><img loading=\"lazy\" decoding=\"async\" class=\"alignnone size-medium wp-image-26341\" src=\"https:\/\/guineediversite.com.bwjx4292.odns.fr\/wp-content\/uploads\/2018\/08\/7142018211827-300x167.jpg\" alt=\"\" width=\"300\" height=\"167\" srcset=\"https:\/\/guineediversite.com\/wp-content\/uploads\/2018\/08\/7142018211827-300x167.jpg 300w, https:\/\/guineediversite.com\/wp-content\/uploads\/2018\/08\/7142018211827-768x428.jpg 768w, https:\/\/guineediversite.com\/wp-content\/uploads\/2018\/08\/7142018211827.jpg 1024w, https:\/\/guineediversite.com\/wp-content\/uploads\/2018\/08\/7142018211827-600x335.jpg 600w\" sizes=\"(max-width: 300px) 100vw, 300px\" \/><br \/>\nC\u00f4t\u00e9 Union des Forces R\u00e9publicaine, apr\u00e8s son alliance avec le RPG Arc En Ciel, elle estime que lunion est le seul gage du d\u00e9veloppement:<br \/>\n\u00ab C\u2019est-\u00e0-dire \u00e0 la mise en place des ex\u00e9cutifs communaux. Et dans cet esprit, vous avez suivi les jeux dalliances ont commenc\u00e9. C\u2019est comme \u00e7a que lUFR a fait une alliance avec le RPG, cest comme \u00e7a lUFDG a sign\u00e9 un accord avec le RPG. Et cest comme \u00e7a que ce fera aussi avec dautres partis \u00e0 la base \u00bb, a lanc\u00e9 lhonorable Deen Tour\u00e9.<\/p>\n<p><img loading=\"lazy\" decoding=\"async\" class=\"alignnone size-medium wp-image-26340\" src=\"https:\/\/guineediversite.com.bwjx4292.odns.fr\/wp-content\/uploads\/2018\/08\/714201821186-300x186.jpg\" alt=\"\" width=\"300\" height=\"186\" srcset=\"https:\/\/guineediversite.com\/wp-content\/uploads\/2018\/08\/714201821186-300x186.jpg 300w, https:\/\/guineediversite.com\/wp-content\/uploads\/2018\/08\/714201821186-768x477.jpg 768w, https:\/\/guineediversite.com\/wp-content\/uploads\/2018\/08\/714201821186.jpg 1024w, https:\/\/guineediversite.com\/wp-content\/uploads\/2018\/08\/714201821186-600x373.jpg 600w\" sizes=\"(max-width: 300px) 100vw, 300px\" \/><br \/>\nPour l\u2019heure, rien n\u2019est encore fini fait comprendre le patron du d\u00e9partement de ladministration du territoire et de la d\u00e9centralisation, par ailleurs pr\u00e9sident de ce comit\u00e9 de suivi. Car selon lui, la signature de laccord, cest le jour o\u00f9 un point final sera mis \u00e0 lex\u00e9cution de tous les points de laccord politique du 12 octobre 2016.<br \/>\n\u00ab\u00a0Les acteurs politique se sont compris, ils se sont entendus pendant cette 25\u00e8me session du comit\u00e9 de suivi, je men r\u00e9jouis, le chef de l\u2019\u00c9tat, le premier ministre et \u00e9galement les leaders politiques doivent s\u2019en r\u00e9jouir. Rien ne vaut la paix. Beaucoup d\u2019eau a coul\u00e9 sous le pont et la Guin\u00e9e reste ce quelle a toujours \u00e9t\u00e9, une nation de paix, une nation de cohabitation, une nation pacifique. C\u2019est ce qui a pr\u00e9valu aujourdhui \u00e0 cette session. Vous avez suivi la semaine derni\u00e8re, la signature d\u2019accord entre formations politiques et je suis heureux aujourdhui parce que nous avons \u00e9t\u00e9 mandat\u00e9s par le pr\u00e9sident de la r\u00e9publique. Par le communiqu\u00e9 qui a fait publier avec les leaders des formations politiques, il a \u00e9t\u00e9 question que le comit\u00e9 de suivi trouve une solution au contentieux \u00e9lectoral. Aujourdhui la solution a \u00e9t\u00e9 trouv\u00e9e, je crois quil y a mati\u00e8re \u00e0 satisfaction\u00a0\u00bb. Sest r\u00e9jouit Bour\u00e9ma Cond\u00e9<br \/>\nPendant ce temps, aucune date na filtr\u00e9e sur le jour exact de linstallation de ces ex\u00e9cutifs communaux.<\/p>\n<p>&nbsp;<\/p>\n","protected":false},"excerpt":{"rendered":"<p>Les Travaux du comit\u00e9 de suivi ont repris ce mardi 14 Ao\u00fbt 2018 au minist\u00e8re de l\u2019administration du territoire et de la d\u00e9centralisation. Les parties prenantes du dialogue politique inter-guin\u00e9en ont pris actes des accords sign\u00e9s entre la mouvance pr\u00e9sidentielle et l\u2019opposition lors de cette 25\u00e8me session. Les acteurs politiques signataires du compromis entre la [&hellip;]<\/p>\n","protected":false},"author":16,"featured_media":26342,"comment_status":"closed","ping_status":"closed","sticky":false,"template":"","format":"standard","meta":{"_exactmetrics_skip_tracking":false,"_exactmetrics_sitenote_active":false,"_exactmetrics_sitenote_note":"","_exactmetrics_sitenote_category":0,"tdm_status":"","tdm_grid_status":"","footnotes":""},"categories":[14],"tags":[],"class_list":{"0":"post-26339","1":"post","2":"type-post","3":"status-publish","4":"format-standard","5":"has-post-thumbnail","7":"category-politique"},"yoast_head":"<!-- This site is optimized with the Yoast SEO plugin v24.2 - https:\/\/yoast.com\/wordpress\/plugins\/seo\/ -->\n<title>Comit\u00e9 de suivi du contentieux electoral\u00a0: Bient\u00f4t l&#039;installation des Ex\u00e9cutifs communaux | Guin\u00e9e Diversit\u00e9<\/title>\n<meta name=\"robots\" content=\"index, follow, max-snippet:-1, max-image-preview:large, max-video-preview:-1\" \/>\n<link rel=\"canonical\" href=\"https:\/\/guineediversite.com\/index.php\/2018\/08\/14\/comite-de-suivi-du-contentieux-electoral-bientot-linstallation-des-executifs-communaux\/\" \/>\n<meta property=\"og:locale\" content=\"fr_FR\" \/>\n<meta property=\"og:type\" content=\"article\" \/>\n<meta property=\"og:title\" content=\"Comit\u00e9 de suivi du contentieux electoral\u00a0: Bient\u00f4t l&#039;installation des Ex\u00e9cutifs communaux | Guin\u00e9e Diversit\u00e9\" \/>\n<meta property=\"og:description\" content=\"Les Travaux du comit\u00e9 de suivi ont repris ce mardi 14 Ao\u00fbt 2018 au minist\u00e8re de l\u2019administration du territoire et de la d\u00e9centralisation. Les parties prenantes du dialogue politique inter-guin\u00e9en ont pris actes des accords sign\u00e9s entre la mouvance pr\u00e9sidentielle et l\u2019opposition lors de cette 25\u00e8me session. Les acteurs politiques signataires du compromis entre la [&hellip;]\" \/>\n<meta property=\"og:url\" content=\"https:\/\/guineediversite.com\/index.php\/2018\/08\/14\/comite-de-suivi-du-contentieux-electoral-bientot-linstallation-des-executifs-communaux\/\" \/>\n<meta property=\"og:site_name\" content=\"Guin\u00e9e Diversit\u00e9\" \/>\n<meta property=\"article:publisher\" content=\"https:\/\/www.facebook.com\/guineediversite\/\" \/>\n<meta property=\"article:published_time\" content=\"2018-08-14T21:27:48+00:00\" \/>\n<meta property=\"article:modified_time\" content=\"2018-08-14T21:30:58+00:00\" \/>\n<meta property=\"og:image\" content=\"https:\/\/guineediversite.com\/wp-content\/uploads\/2018\/08\/7142018211853.jpg\" \/>\n\t<meta property=\"og:image:width\" content=\"1024\" \/>\n\t<meta property=\"og:image:height\" content=\"567\" \/>\n\t<meta property=\"og:image:type\" content=\"image\/jpeg\" \/>\n<meta name=\"author\" content=\"Moussa Mo\u00efse K\u00e9ita\" \/>\n<meta name=\"twitter:card\" content=\"summary_large_image\" \/>\n<meta name=\"twitter:creator\" content=\"@GuineeDiversite\" \/>\n<meta name=\"twitter:site\" content=\"@GuineeDiversite\" \/>\n<meta name=\"twitter:label1\" content=\"\u00c9crit par\" \/>\n\t<meta name=\"twitter:data1\" content=\"Moussa Mo\u00efse K\u00e9ita\" \/>\n\t<meta name=\"twitter:label2\" content=\"Dur\u00e9e de lecture estim\u00e9e\" \/>\n\t<meta name=\"twitter:data2\" content=\"4 minutes\" \/>\n<script type=\"application\/ld+json\" class=\"yoast-schema-graph\">{\"@context\":\"https:\/\/schema.org\",\"@graph\":[{\"@type\":\"Article\",\"@id\":\"https:\/\/guineediversite.com\/index.php\/2018\/08\/14\/comite-de-suivi-du-contentieux-electoral-bientot-linstallation-des-executifs-communaux\/#article\",\"isPartOf\":{\"@id\":\"https:\/\/guineediversite.com\/index.php\/2018\/08\/14\/comite-de-suivi-du-contentieux-electoral-bientot-linstallation-des-executifs-communaux\/\"},\"author\":{\"name\":\"Moussa Mo\u00efse K\u00e9ita\",\"@id\":\"https:\/\/guineediversite.com\/#\/schema\/person\/079ec347f72d2acde4b56a50a4fd46dc\"},\"headline\":\"Comit\u00e9 de suivi du contentieux electoral\u00a0: Bient\u00f4t l&rsquo;installation des Ex\u00e9cutifs communaux\",\"datePublished\":\"2018-08-14T21:27:48+00:00\",\"dateModified\":\"2018-08-14T21:30:58+00:00\",\"mainEntityOfPage\":{\"@id\":\"https:\/\/guineediversite.com\/index.php\/2018\/08\/14\/comite-de-suivi-du-contentieux-electoral-bientot-linstallation-des-executifs-communaux\/\"},\"wordCount\":746,\"publisher\":{\"@id\":\"https:\/\/guineediversite.com\/#organization\"},\"image\":{\"@id\":\"https:\/\/guineediversite.com\/index.php\/2018\/08\/14\/comite-de-suivi-du-contentieux-electoral-bientot-linstallation-des-executifs-communaux\/#primaryimage\"},\"thumbnailUrl\":\"https:\/\/guineediversite.com\/wp-content\/uploads\/2018\/08\/7142018211853.jpg\",\"articleSection\":[\"Politique\"],\"inLanguage\":\"fr-FR\"},{\"@type\":\"WebPage\",\"@id\":\"https:\/\/guineediversite.com\/index.php\/2018\/08\/14\/comite-de-suivi-du-contentieux-electoral-bientot-linstallation-des-executifs-communaux\/\",\"url\":\"https:\/\/guineediversite.com\/index.php\/2018\/08\/14\/comite-de-suivi-du-contentieux-electoral-bientot-linstallation-des-executifs-communaux\/\",\"name\":\"Comit\u00e9 de suivi du contentieux electoral\u00a0: Bient\u00f4t l'installation des Ex\u00e9cutifs communaux | Guin\u00e9e Diversit\u00e9\",\"isPartOf\":{\"@id\":\"https:\/\/guineediversite.com\/#website\"},\"primaryImageOfPage\":{\"@id\":\"https:\/\/guineediversite.com\/index.php\/2018\/08\/14\/comite-de-suivi-du-contentieux-electoral-bientot-linstallation-des-executifs-communaux\/#primaryimage\"},\"image\":{\"@id\":\"https:\/\/guineediversite.com\/index.php\/2018\/08\/14\/comite-de-suivi-du-contentieux-electoral-bientot-linstallation-des-executifs-communaux\/#primaryimage\"},\"thumbnailUrl\":\"https:\/\/guineediversite.com\/wp-content\/uploads\/2018\/08\/7142018211853.jpg\",\"datePublished\":\"2018-08-14T21:27:48+00:00\",\"dateModified\":\"2018-08-14T21:30:58+00:00\",\"breadcrumb\":{\"@id\":\"https:\/\/guineediversite.com\/index.php\/2018\/08\/14\/comite-de-suivi-du-contentieux-electoral-bientot-linstallation-des-executifs-communaux\/#breadcrumb\"},\"inLanguage\":\"fr-FR\",\"potentialAction\":[{\"@type\":\"ReadAction\",\"target\":[\"https:\/\/guineediversite.com\/index.php\/2018\/08\/14\/comite-de-suivi-du-contentieux-electoral-bientot-linstallation-des-executifs-communaux\/\"]}]},{\"@type\":\"ImageObject\",\"inLanguage\":\"fr-FR\",\"@id\":\"https:\/\/guineediversite.com\/index.php\/2018\/08\/14\/comite-de-suivi-du-contentieux-electoral-bientot-linstallation-des-executifs-communaux\/#primaryimage\",\"url\":\"https:\/\/guineediversite.com\/wp-content\/uploads\/2018\/08\/7142018211853.jpg\",\"contentUrl\":\"https:\/\/guineediversite.com\/wp-content\/uploads\/2018\/08\/7142018211853.jpg\",\"width\":1024,\"height\":567},{\"@type\":\"BreadcrumbList\",\"@id\":\"https:\/\/guineediversite.com\/index.php\/2018\/08\/14\/comite-de-suivi-du-contentieux-electoral-bientot-linstallation-des-executifs-communaux\/#breadcrumb\",\"itemListElement\":[{\"@type\":\"ListItem\",\"position\":1,\"name\":\"Accueil\",\"item\":\"https:\/\/guineediversite.com\/\"},{\"@type\":\"ListItem\",\"position\":2,\"name\":\"Comit\u00e9 de suivi du contentieux electoral\u00a0: Bient\u00f4t l&rsquo;installation des Ex\u00e9cutifs communaux\"}]},{\"@type\":\"WebSite\",\"@id\":\"https:\/\/guineediversite.com\/#website\",\"url\":\"https:\/\/guineediversite.com\/\",\"name\":\"Guin\u00e9e Diversit\u00e9\",\"description\":\"L&#039;Info dans toute sa diversit\u00e9\",\"publisher\":{\"@id\":\"https:\/\/guineediversite.com\/#organization\"},\"potentialAction\":[{\"@type\":\"SearchAction\",\"target\":{\"@type\":\"EntryPoint\",\"urlTemplate\":\"https:\/\/guineediversite.com\/?s={search_term_string}\"},\"query-input\":{\"@type\":\"PropertyValueSpecification\",\"valueRequired\":true,\"valueName\":\"search_term_string\"}}],\"inLanguage\":\"fr-FR\"},{\"@type\":\"Organization\",\"@id\":\"https:\/\/guineediversite.com\/#organization\",\"name\":\"Guin\u00e9e Diversit\u00e9\",\"url\":\"https:\/\/guineediversite.com\/\",\"logo\":{\"@type\":\"ImageObject\",\"inLanguage\":\"fr-FR\",\"@id\":\"https:\/\/guineediversite.com\/#\/schema\/logo\/image\/\",\"url\":\"https:\/\/guineediversite.com\/wp-content\/uploads\/2017\/04\/cropped-1jojlxEOMkX9Wyqfhe43D6kjPOGqBBKmx3EwWJqZ0cMrFF54yM49.png\",\"contentUrl\":\"https:\/\/guineediversite.com\/wp-content\/uploads\/2017\/04\/cropped-1jojlxEOMkX9Wyqfhe43D6kjPOGqBBKmx3EwWJqZ0cMrFF54yM49.png\",\"width\":186,\"height\":112,\"caption\":\"Guin\u00e9e Diversit\u00e9\"},\"image\":{\"@id\":\"https:\/\/guineediversite.com\/#\/schema\/logo\/image\/\"},\"sameAs\":[\"https:\/\/www.facebook.com\/guineediversite\/\",\"https:\/\/x.com\/GuineeDiversite\",\"https:\/\/www.youtube.com\/channel\/UC8sUY16qelG5ge6_D5SB83g\"]},{\"@type\":\"Person\",\"@id\":\"https:\/\/guineediversite.com\/#\/schema\/person\/079ec347f72d2acde4b56a50a4fd46dc\",\"name\":\"Moussa Mo\u00efse K\u00e9ita\",\"image\":{\"@type\":\"ImageObject\",\"inLanguage\":\"fr-FR\",\"@id\":\"https:\/\/guineediversite.com\/#\/schema\/person\/image\/\",\"url\":\"https:\/\/secure.gravatar.com\/avatar\/edf1ea2cc01841e6c0b49384bcb1385b?s=96&d=mm&r=g\",\"contentUrl\":\"https:\/\/secure.gravatar.com\/avatar\/edf1ea2cc01841e6c0b49384bcb1385b?s=96&d=mm&r=g\",\"caption\":\"Moussa Mo\u00efse K\u00e9ita\"},\"url\":\"https:\/\/guineediversite.com\/index.php\/author\/moussa-moise\/\"}]}<\/script>\n<!-- \/ Yoast SEO plugin. -->","yoast_head_json":{"title":"Comit\u00e9 de suivi du contentieux electoral\u00a0: Bient\u00f4t l'installation des Ex\u00e9cutifs communaux | Guin\u00e9e Diversit\u00e9","robots":{"index":"index","follow":"follow","max-snippet":"max-snippet:-1","max-image-preview":"max-image-preview:large","max-video-preview":"max-video-preview:-1"},"canonical":"https:\/\/guineediversite.com\/index.php\/2018\/08\/14\/comite-de-suivi-du-contentieux-electoral-bientot-linstallation-des-executifs-communaux\/","og_locale":"fr_FR","og_type":"article","og_title":"Comit\u00e9 de suivi du contentieux electoral\u00a0: Bient\u00f4t l'installation des Ex\u00e9cutifs communaux | Guin\u00e9e Diversit\u00e9","og_description":"Les Travaux du comit\u00e9 de suivi ont repris ce mardi 14 Ao\u00fbt 2018 au minist\u00e8re de l\u2019administration du territoire et de la d\u00e9centralisation. Les parties prenantes du dialogue politique inter-guin\u00e9en ont pris actes des accords sign\u00e9s entre la mouvance pr\u00e9sidentielle et l\u2019opposition lors de cette 25\u00e8me session. Les acteurs politiques signataires du compromis entre la [&hellip;]","og_url":"https:\/\/guineediversite.com\/index.php\/2018\/08\/14\/comite-de-suivi-du-contentieux-electoral-bientot-linstallation-des-executifs-communaux\/","og_site_name":"Guin\u00e9e Diversit\u00e9","article_publisher":"https:\/\/www.facebook.com\/guineediversite\/","article_published_time":"2018-08-14T21:27:48+00:00","article_modified_time":"2018-08-14T21:30:58+00:00","og_image":[{"width":1024,"height":567,"url":"https:\/\/guineediversite.com\/wp-content\/uploads\/2018\/08\/7142018211853.jpg","type":"image\/jpeg"}],"author":"Moussa Mo\u00efse K\u00e9ita","twitter_card":"summary_large_image","twitter_creator":"@GuineeDiversite","twitter_site":"@GuineeDiversite","twitter_misc":{"\u00c9crit par":"Moussa Mo\u00efse K\u00e9ita","Dur\u00e9e de lecture estim\u00e9e":"4 minutes"},"schema":{"@context":"https:\/\/schema.org","@graph":[{"@type":"Article","@id":"https:\/\/guineediversite.com\/index.php\/2018\/08\/14\/comite-de-suivi-du-contentieux-electoral-bientot-linstallation-des-executifs-communaux\/#article","isPartOf":{"@id":"https:\/\/guineediversite.com\/index.php\/2018\/08\/14\/comite-de-suivi-du-contentieux-electoral-bientot-linstallation-des-executifs-communaux\/"},"author":{"name":"Moussa Mo\u00efse K\u00e9ita","@id":"https:\/\/guineediversite.com\/#\/schema\/person\/079ec347f72d2acde4b56a50a4fd46dc"},"headline":"Comit\u00e9 de suivi du contentieux electoral\u00a0: Bient\u00f4t l&rsquo;installation des Ex\u00e9cutifs communaux","datePublished":"2018-08-14T21:27:48+00:00","dateModified":"2018-08-14T21:30:58+00:00","mainEntityOfPage":{"@id":"https:\/\/guineediversite.com\/index.php\/2018\/08\/14\/comite-de-suivi-du-contentieux-electoral-bientot-linstallation-des-executifs-communaux\/"},"wordCount":746,"publisher":{"@id":"https:\/\/guineediversite.com\/#organization"},"image":{"@id":"https:\/\/guineediversite.com\/index.php\/2018\/08\/14\/comite-de-suivi-du-contentieux-electoral-bientot-linstallation-des-executifs-communaux\/#primaryimage"},"thumbnailUrl":"https:\/\/guineediversite.com\/wp-content\/uploads\/2018\/08\/7142018211853.jpg","articleSection":["Politique"],"inLanguage":"fr-FR"},{"@type":"WebPage","@id":"https:\/\/guineediversite.com\/index.php\/2018\/08\/14\/comite-de-suivi-du-contentieux-electoral-bientot-linstallation-des-executifs-communaux\/","url":"https:\/\/guineediversite.com\/index.php\/2018\/08\/14\/comite-de-suivi-du-contentieux-electoral-bientot-linstallation-des-executifs-communaux\/","name":"Comit\u00e9 de suivi du contentieux electoral\u00a0: Bient\u00f4t l'installation des Ex\u00e9cutifs communaux | Guin\u00e9e Diversit\u00e9","isPartOf":{"@id":"https:\/\/guineediversite.com\/#website"},"primaryImageOfPage":{"@id":"https:\/\/guineediversite.com\/index.php\/2018\/08\/14\/comite-de-suivi-du-contentieux-electoral-bientot-linstallation-des-executifs-communaux\/#primaryimage"},"image":{"@id":"https:\/\/guineediversite.com\/index.php\/2018\/08\/14\/comite-de-suivi-du-contentieux-electoral-bientot-linstallation-des-executifs-communaux\/#primaryimage"},"thumbnailUrl":"https:\/\/guineediversite.com\/wp-content\/uploads\/2018\/08\/7142018211853.jpg","datePublished":"2018-08-14T21:27:48+00:00","dateModified":"2018-08-14T21:30:58+00:00","breadcrumb":{"@id":"https:\/\/guineediversite.com\/index.php\/2018\/08\/14\/comite-de-suivi-du-contentieux-electoral-bientot-linstallation-des-executifs-communaux\/#breadcrumb"},"inLanguage":"fr-FR","potentialAction":[{"@type":"ReadAction","target":["https:\/\/guineediversite.com\/index.php\/2018\/08\/14\/comite-de-suivi-du-contentieux-electoral-bientot-linstallation-des-executifs-communaux\/"]}]},{"@type":"ImageObject","inLanguage":"fr-FR","@id":"https:\/\/guineediversite.com\/index.php\/2018\/08\/14\/comite-de-suivi-du-contentieux-electoral-bientot-linstallation-des-executifs-communaux\/#primaryimage","url":"https:\/\/guineediversite.com\/wp-content\/uploads\/2018\/08\/7142018211853.jpg","contentUrl":"https:\/\/guineediversite.com\/wp-content\/uploads\/2018\/08\/7142018211853.jpg","width":1024,"height":567},{"@type":"BreadcrumbList","@id":"https:\/\/guineediversite.com\/index.php\/2018\/08\/14\/comite-de-suivi-du-contentieux-electoral-bientot-linstallation-des-executifs-communaux\/#breadcrumb","itemListElement":[{"@type":"ListItem","position":1,"name":"Accueil","item":"https:\/\/guineediversite.com\/"},{"@type":"ListItem","position":2,"name":"Comit\u00e9 de suivi du contentieux electoral\u00a0: Bient\u00f4t l&rsquo;installation des Ex\u00e9cutifs communaux"}]},{"@type":"WebSite","@id":"https:\/\/guineediversite.com\/#website","url":"https:\/\/guineediversite.com\/","name":"Guin\u00e9e Diversit\u00e9","description":"L&#039;Info dans toute sa diversit\u00e9","publisher":{"@id":"https:\/\/guineediversite.com\/#organization"},"potentialAction":[{"@type":"SearchAction","target":{"@type":"EntryPoint","urlTemplate":"https:\/\/guineediversite.com\/?s={search_term_string}"},"query-input":{"@type":"PropertyValueSpecification","valueRequired":true,"valueName":"search_term_string"}}],"inLanguage":"fr-FR"},{"@type":"Organization","@id":"https:\/\/guineediversite.com\/#organization","name":"Guin\u00e9e Diversit\u00e9","url":"https:\/\/guineediversite.com\/","logo":{"@type":"ImageObject","inLanguage":"fr-FR","@id":"https:\/\/guineediversite.com\/#\/schema\/logo\/image\/","url":"https:\/\/guineediversite.com\/wp-content\/uploads\/2017\/04\/cropped-1jojlxEOMkX9Wyqfhe43D6kjPOGqBBKmx3EwWJqZ0cMrFF54yM49.png","contentUrl":"https:\/\/guineediversite.com\/wp-content\/uploads\/2017\/04\/cropped-1jojlxEOMkX9Wyqfhe43D6kjPOGqBBKmx3EwWJqZ0cMrFF54yM49.png","width":186,"height":112,"caption":"Guin\u00e9e Diversit\u00e9"},"image":{"@id":"https:\/\/guineediversite.com\/#\/schema\/logo\/image\/"},"sameAs":["https:\/\/www.facebook.com\/guineediversite\/","https:\/\/x.com\/GuineeDiversite","https:\/\/www.youtube.com\/channel\/UC8sUY16qelG5ge6_D5SB83g"]},{"@type":"Person","@id":"https:\/\/guineediversite.com\/#\/schema\/person\/079ec347f72d2acde4b56a50a4fd46dc","name":"Moussa Mo\u00efse K\u00e9ita","image":{"@type":"ImageObject","inLanguage":"fr-FR","@id":"https:\/\/guineediversite.com\/#\/schema\/person\/image\/","url":"https:\/\/secure.gravatar.com\/avatar\/edf1ea2cc01841e6c0b49384bcb1385b?s=96&d=mm&r=g","contentUrl":"https:\/\/secure.gravatar.com\/avatar\/edf1ea2cc01841e6c0b49384bcb1385b?s=96&d=mm&r=g","caption":"Moussa Mo\u00efse K\u00e9ita"},"url":"https:\/\/guineediversite.com\/index.php\/author\/moussa-moise\/"}]}},"_links":{"self":[{"href":"https:\/\/guineediversite.com\/index.php\/wp-json\/wp\/v2\/posts\/26339"}],"collection":[{"href":"https:\/\/guineediversite.com\/index.php\/wp-json\/wp\/v2\/posts"}],"about":[{"href":"https:\/\/guineediversite.com\/index.php\/wp-json\/wp\/v2\/types\/post"}],"author":[{"embeddable":true,"href":"https:\/\/guineediversite.com\/index.php\/wp-json\/wp\/v2\/users\/16"}],"replies":[{"embeddable":true,"href":"https:\/\/guineediversite.com\/index.php\/wp-json\/wp\/v2\/comments?post=26339"}],"version-history":[{"count":0,"href":"https:\/\/guineediversite.com\/index.php\/wp-json\/wp\/v2\/posts\/26339\/revisions"}],"wp:featuredmedia":[{"embeddable":true,"href":"https:\/\/guineediversite.com\/index.php\/wp-json\/wp\/v2\/media\/26342"}],"wp:attachment":[{"href":"https:\/\/guineediversite.com\/index.php\/wp-json\/wp\/v2\/media?parent=26339"}],"wp:term":[{"taxonomy":"category","embeddable":true,"href":"https:\/\/guineediversite.com\/index.php\/wp-json\/wp\/v2\/categories?post=26339"},{"taxonomy":"post_tag","embeddable":true,"href":"https:\/\/guineediversite.com\/index.php\/wp-json\/wp\/v2\/tags?post=26339"}],"curies":[{"name":"wp","href":"https:\/\/api.w.org\/{rel}","templated":true}]}}