{"id":26331,"date":"2018-08-14T13:16:52","date_gmt":"2018-08-14T11:16:52","guid":{"rendered":"https:\/\/guineediversite.com\/?p=26331"},"modified":"2018-08-14T13:16:52","modified_gmt":"2018-08-14T11:16:52","slug":"qui-veut-ote-la-vie-daboubacar-soumah","status":"publish","type":"post","link":"https:\/\/guineediversite.com\/index.php\/2018\/08\/14\/qui-veut-ote-la-vie-daboubacar-soumah\/","title":{"rendered":"Qui veut \u00f4t\u00e9 la vie d&rsquo;Aboubacar Soumah"},"content":{"rendered":"<p>Apr\u00e8s l&rsquo;attaque de son si\u00e8ge la semaine derni\u00e8re par l&rsquo;autre frange du SLECG dirig\u00e9 par Dame Kadiatou Bah qui a son tour revendiqu\u00e9e la paternit\u00e9 des lieux.<br \/>\nCet \u00e9pisode n&rsquo;a pas encore \u00e9t\u00e9 \u00e9lucid\u00e9 par la justice malgr\u00e9 sa plainte port\u00e9e contre les auteurs, Aboubacar Soumah dit \u00eatre menac\u00e9 de mort par des tierces personnes bien plac\u00e9e de l&rsquo;\u00c9tat. Joint au t\u00e9l\u00e9phone par notre r\u00e9daction ce 14 ao\u00fbt, le secr\u00e9taire g\u00e9n\u00e9rale du Syndicat Libre des Enseignants et Chercheurs de Guin\u00e9e nous a confi\u00e9 que quelques choses se pr\u00e9parent contre lui.<br \/>\n&lt;&lt; Nous avons re\u00e7u des informations selon lesquelles mon assassinat est programm\u00e9 par le haut lieu. Les ordres sont d\u00e9j\u00e0 donn\u00e9s par un commandant dans ce sens l\u00e0. C\u2019est par rapport aux revendications sociales l\u00e0. Il est vrai que je ne peux pas nommer les gens , mais(\u2026)c\u2019est le gouvernement. Nous avons \u00e9t\u00e9 inform\u00e9s par un de mes camarades, membre du bureau ex\u00e9cutif. Il a \u00e9t\u00e9 inform\u00e9 par un haut responsable des services de s\u00e9curit\u00e9. Il a inform\u00e9 que mon assassinat serait programm\u00e9. C\u2019est ce que je veux faire savoir \u00e0 l\u2019opinion nationale et internationale&gt;&gt; a fait savoir Aboubacar Soumah<br \/>\nEn d\u00e9pit de toute ces menaces, le meneur de la gr\u00e8ve de novembre 2018 qui avait paralys\u00e9e tout le secteur \u00e9ducatif dit \u00eatre droit dans ses bottes. Pour lui, ces menaces ou intimidations ne lui feront pas reculer.<br \/>\n&lt;&lt; Quelque soit ce qui va arriver, ma t\u00eate est tranquille. Mon combat, je le m\u00e8nerai dans la lucidit\u00e9 qu\u2019il faut. Nous les enseignants, les objectifs que nous nous sommes assign\u00e9s, nous les atteindrons co\u00fbte que co\u00fbte &gt;&gt; a-t-il lanc\u00e9.<br \/>\nUne autre plainte port\u00e9e contre x serait en cours de prepation nous a r\u00e9v\u00e9l\u00e9 ce syndicaliste . Reste \u00e0 savoir maintenant si elle aura une suite esp\u00e9r\u00e9e car la premi\u00e8re n&rsquo;a pour le moment rien donn\u00e9e de concret.<\/p>\n","protected":false},"excerpt":{"rendered":"<p>Apr\u00e8s l&rsquo;attaque de son si\u00e8ge la semaine derni\u00e8re par l&rsquo;autre frange du SLECG dirig\u00e9 par Dame Kadiatou Bah qui a son tour revendiqu\u00e9e la paternit\u00e9 des lieux. Cet \u00e9pisode n&rsquo;a pas encore \u00e9t\u00e9 \u00e9lucid\u00e9 par la justice malgr\u00e9 sa plainte port\u00e9e contre les auteurs, Aboubacar Soumah dit \u00eatre menac\u00e9 de mort par des tierces personnes [&hellip;]<\/p>\n","protected":false},"author":16,"featured_media":26332,"comment_status":"closed","ping_status":"closed","sticky":false,"template":"","format":"standard","meta":{"_exactmetrics_skip_tracking":false,"_exactmetrics_sitenote_active":false,"_exactmetrics_sitenote_note":"","_exactmetrics_sitenote_category":0,"tdm_status":"","tdm_grid_status":"","footnotes":""},"categories":[16],"tags":[],"class_list":{"0":"post-26331","1":"post","2":"type-post","3":"status-publish","4":"format-standard","5":"has-post-thumbnail","7":"category-societe"},"yoast_head":"<!-- This site is optimized with the Yoast SEO plugin v24.2 - https:\/\/yoast.com\/wordpress\/plugins\/seo\/ -->\n<title>Qui veut \u00f4t\u00e9 la vie d&#039;Aboubacar Soumah | Guin\u00e9e Diversit\u00e9<\/title>\n<meta name=\"robots\" content=\"index, follow, max-snippet:-1, max-image-preview:large, max-video-preview:-1\" \/>\n<link rel=\"canonical\" href=\"https:\/\/guineediversite.com\/index.php\/2018\/08\/14\/qui-veut-ote-la-vie-daboubacar-soumah\/\" \/>\n<meta property=\"og:locale\" content=\"fr_FR\" \/>\n<meta property=\"og:type\" content=\"article\" \/>\n<meta property=\"og:title\" content=\"Qui veut \u00f4t\u00e9 la vie d&#039;Aboubacar Soumah | Guin\u00e9e Diversit\u00e9\" \/>\n<meta property=\"og:description\" content=\"Apr\u00e8s l&rsquo;attaque de son si\u00e8ge la semaine derni\u00e8re par l&rsquo;autre frange du SLECG dirig\u00e9 par Dame Kadiatou Bah qui a son tour revendiqu\u00e9e la paternit\u00e9 des lieux. Cet \u00e9pisode n&rsquo;a pas encore \u00e9t\u00e9 \u00e9lucid\u00e9 par la justice malgr\u00e9 sa plainte port\u00e9e contre les auteurs, Aboubacar Soumah dit \u00eatre menac\u00e9 de mort par des tierces personnes [&hellip;]\" \/>\n<meta property=\"og:url\" content=\"https:\/\/guineediversite.com\/index.php\/2018\/08\/14\/qui-veut-ote-la-vie-daboubacar-soumah\/\" \/>\n<meta property=\"og:site_name\" content=\"Guin\u00e9e Diversit\u00e9\" \/>\n<meta property=\"article:publisher\" content=\"https:\/\/www.facebook.com\/guineediversite\/\" \/>\n<meta property=\"article:published_time\" content=\"2018-08-14T11:16:52+00:00\" \/>\n<meta property=\"og:image\" content=\"https:\/\/guineediversite.com\/wp-content\/uploads\/2018\/08\/7142018105642.jpg\" \/>\n\t<meta property=\"og:image:width\" content=\"1280\" \/>\n\t<meta property=\"og:image:height\" content=\"960\" \/>\n\t<meta property=\"og:image:type\" content=\"image\/jpeg\" \/>\n<meta name=\"author\" content=\"Moussa Mo\u00efse K\u00e9ita\" \/>\n<meta name=\"twitter:card\" content=\"summary_large_image\" \/>\n<meta name=\"twitter:creator\" content=\"@GuineeDiversite\" \/>\n<meta name=\"twitter:site\" content=\"@GuineeDiversite\" \/>\n<meta name=\"twitter:label1\" content=\"\u00c9crit par\" \/>\n\t<meta name=\"twitter:data1\" content=\"Moussa Mo\u00efse K\u00e9ita\" \/>\n\t<meta name=\"twitter:label2\" content=\"Dur\u00e9e de lecture estim\u00e9e\" \/>\n\t<meta name=\"twitter:data2\" content=\"2 minutes\" \/>\n<script type=\"application\/ld+json\" class=\"yoast-schema-graph\">{\"@context\":\"https:\/\/schema.org\",\"@graph\":[{\"@type\":\"Article\",\"@id\":\"https:\/\/guineediversite.com\/index.php\/2018\/08\/14\/qui-veut-ote-la-vie-daboubacar-soumah\/#article\",\"isPartOf\":{\"@id\":\"https:\/\/guineediversite.com\/index.php\/2018\/08\/14\/qui-veut-ote-la-vie-daboubacar-soumah\/\"},\"author\":{\"name\":\"Moussa Mo\u00efse K\u00e9ita\",\"@id\":\"https:\/\/guineediversite.com\/#\/schema\/person\/079ec347f72d2acde4b56a50a4fd46dc\"},\"headline\":\"Qui veut \u00f4t\u00e9 la vie d&rsquo;Aboubacar Soumah\",\"datePublished\":\"2018-08-14T11:16:52+00:00\",\"dateModified\":\"2018-08-14T11:16:52+00:00\",\"mainEntityOfPage\":{\"@id\":\"https:\/\/guineediversite.com\/index.php\/2018\/08\/14\/qui-veut-ote-la-vie-daboubacar-soumah\/\"},\"wordCount\":360,\"publisher\":{\"@id\":\"https:\/\/guineediversite.com\/#organization\"},\"image\":{\"@id\":\"https:\/\/guineediversite.com\/index.php\/2018\/08\/14\/qui-veut-ote-la-vie-daboubacar-soumah\/#primaryimage\"},\"thumbnailUrl\":\"https:\/\/guineediversite.com\/wp-content\/uploads\/2018\/08\/7142018105642.jpg\",\"articleSection\":[\"Soci\u00e9t\u00e9\"],\"inLanguage\":\"fr-FR\"},{\"@type\":\"WebPage\",\"@id\":\"https:\/\/guineediversite.com\/index.php\/2018\/08\/14\/qui-veut-ote-la-vie-daboubacar-soumah\/\",\"url\":\"https:\/\/guineediversite.com\/index.php\/2018\/08\/14\/qui-veut-ote-la-vie-daboubacar-soumah\/\",\"name\":\"Qui veut \u00f4t\u00e9 la vie d'Aboubacar Soumah | Guin\u00e9e Diversit\u00e9\",\"isPartOf\":{\"@id\":\"https:\/\/guineediversite.com\/#website\"},\"primaryImageOfPage\":{\"@id\":\"https:\/\/guineediversite.com\/index.php\/2018\/08\/14\/qui-veut-ote-la-vie-daboubacar-soumah\/#primaryimage\"},\"image\":{\"@id\":\"https:\/\/guineediversite.com\/index.php\/2018\/08\/14\/qui-veut-ote-la-vie-daboubacar-soumah\/#primaryimage\"},\"thumbnailUrl\":\"https:\/\/guineediversite.com\/wp-content\/uploads\/2018\/08\/7142018105642.jpg\",\"datePublished\":\"2018-08-14T11:16:52+00:00\",\"dateModified\":\"2018-08-14T11:16:52+00:00\",\"breadcrumb\":{\"@id\":\"https:\/\/guineediversite.com\/index.php\/2018\/08\/14\/qui-veut-ote-la-vie-daboubacar-soumah\/#breadcrumb\"},\"inLanguage\":\"fr-FR\",\"potentialAction\":[{\"@type\":\"ReadAction\",\"target\":[\"https:\/\/guineediversite.com\/index.php\/2018\/08\/14\/qui-veut-ote-la-vie-daboubacar-soumah\/\"]}]},{\"@type\":\"ImageObject\",\"inLanguage\":\"fr-FR\",\"@id\":\"https:\/\/guineediversite.com\/index.php\/2018\/08\/14\/qui-veut-ote-la-vie-daboubacar-soumah\/#primaryimage\",\"url\":\"https:\/\/guineediversite.com\/wp-content\/uploads\/2018\/08\/7142018105642.jpg\",\"contentUrl\":\"https:\/\/guineediversite.com\/wp-content\/uploads\/2018\/08\/7142018105642.jpg\",\"width\":1280,\"height\":960},{\"@type\":\"BreadcrumbList\",\"@id\":\"https:\/\/guineediversite.com\/index.php\/2018\/08\/14\/qui-veut-ote-la-vie-daboubacar-soumah\/#breadcrumb\",\"itemListElement\":[{\"@type\":\"ListItem\",\"position\":1,\"name\":\"Accueil\",\"item\":\"https:\/\/guineediversite.com\/\"},{\"@type\":\"ListItem\",\"position\":2,\"name\":\"Qui veut \u00f4t\u00e9 la vie d&rsquo;Aboubacar Soumah\"}]},{\"@type\":\"WebSite\",\"@id\":\"https:\/\/guineediversite.com\/#website\",\"url\":\"https:\/\/guineediversite.com\/\",\"name\":\"Guin\u00e9e Diversit\u00e9\",\"description\":\"L&#039;Info dans toute sa diversit\u00e9\",\"publisher\":{\"@id\":\"https:\/\/guineediversite.com\/#organization\"},\"potentialAction\":[{\"@type\":\"SearchAction\",\"target\":{\"@type\":\"EntryPoint\",\"urlTemplate\":\"https:\/\/guineediversite.com\/?s={search_term_string}\"},\"query-input\":{\"@type\":\"PropertyValueSpecification\",\"valueRequired\":true,\"valueName\":\"search_term_string\"}}],\"inLanguage\":\"fr-FR\"},{\"@type\":\"Organization\",\"@id\":\"https:\/\/guineediversite.com\/#organization\",\"name\":\"Guin\u00e9e Diversit\u00e9\",\"url\":\"https:\/\/guineediversite.com\/\",\"logo\":{\"@type\":\"ImageObject\",\"inLanguage\":\"fr-FR\",\"@id\":\"https:\/\/guineediversite.com\/#\/schema\/logo\/image\/\",\"url\":\"https:\/\/guineediversite.com\/wp-content\/uploads\/2017\/04\/cropped-1jojlxEOMkX9Wyqfhe43D6kjPOGqBBKmx3EwWJqZ0cMrFF54yM49.png\",\"contentUrl\":\"https:\/\/guineediversite.com\/wp-content\/uploads\/2017\/04\/cropped-1jojlxEOMkX9Wyqfhe43D6kjPOGqBBKmx3EwWJqZ0cMrFF54yM49.png\",\"width\":186,\"height\":112,\"caption\":\"Guin\u00e9e Diversit\u00e9\"},\"image\":{\"@id\":\"https:\/\/guineediversite.com\/#\/schema\/logo\/image\/\"},\"sameAs\":[\"https:\/\/www.facebook.com\/guineediversite\/\",\"https:\/\/x.com\/GuineeDiversite\",\"https:\/\/www.youtube.com\/channel\/UC8sUY16qelG5ge6_D5SB83g\"]},{\"@type\":\"Person\",\"@id\":\"https:\/\/guineediversite.com\/#\/schema\/person\/079ec347f72d2acde4b56a50a4fd46dc\",\"name\":\"Moussa Mo\u00efse K\u00e9ita\",\"image\":{\"@type\":\"ImageObject\",\"inLanguage\":\"fr-FR\",\"@id\":\"https:\/\/guineediversite.com\/#\/schema\/person\/image\/\",\"url\":\"https:\/\/secure.gravatar.com\/avatar\/edf1ea2cc01841e6c0b49384bcb1385b?s=96&d=mm&r=g\",\"contentUrl\":\"https:\/\/secure.gravatar.com\/avatar\/edf1ea2cc01841e6c0b49384bcb1385b?s=96&d=mm&r=g\",\"caption\":\"Moussa Mo\u00efse K\u00e9ita\"},\"url\":\"https:\/\/guineediversite.com\/index.php\/author\/moussa-moise\/\"}]}<\/script>\n<!-- \/ Yoast SEO plugin. -->","yoast_head_json":{"title":"Qui veut \u00f4t\u00e9 la vie d'Aboubacar Soumah | Guin\u00e9e Diversit\u00e9","robots":{"index":"index","follow":"follow","max-snippet":"max-snippet:-1","max-image-preview":"max-image-preview:large","max-video-preview":"max-video-preview:-1"},"canonical":"https:\/\/guineediversite.com\/index.php\/2018\/08\/14\/qui-veut-ote-la-vie-daboubacar-soumah\/","og_locale":"fr_FR","og_type":"article","og_title":"Qui veut \u00f4t\u00e9 la vie d'Aboubacar Soumah | Guin\u00e9e Diversit\u00e9","og_description":"Apr\u00e8s l&rsquo;attaque de son si\u00e8ge la semaine derni\u00e8re par l&rsquo;autre frange du SLECG dirig\u00e9 par Dame Kadiatou Bah qui a son tour revendiqu\u00e9e la paternit\u00e9 des lieux. Cet \u00e9pisode n&rsquo;a pas encore \u00e9t\u00e9 \u00e9lucid\u00e9 par la justice malgr\u00e9 sa plainte port\u00e9e contre les auteurs, Aboubacar Soumah dit \u00eatre menac\u00e9 de mort par des tierces personnes [&hellip;]","og_url":"https:\/\/guineediversite.com\/index.php\/2018\/08\/14\/qui-veut-ote-la-vie-daboubacar-soumah\/","og_site_name":"Guin\u00e9e Diversit\u00e9","article_publisher":"https:\/\/www.facebook.com\/guineediversite\/","article_published_time":"2018-08-14T11:16:52+00:00","og_image":[{"width":1280,"height":960,"url":"https:\/\/guineediversite.com\/wp-content\/uploads\/2018\/08\/7142018105642.jpg","type":"image\/jpeg"}],"author":"Moussa Mo\u00efse K\u00e9ita","twitter_card":"summary_large_image","twitter_creator":"@GuineeDiversite","twitter_site":"@GuineeDiversite","twitter_misc":{"\u00c9crit par":"Moussa Mo\u00efse K\u00e9ita","Dur\u00e9e de lecture estim\u00e9e":"2 minutes"},"schema":{"@context":"https:\/\/schema.org","@graph":[{"@type":"Article","@id":"https:\/\/guineediversite.com\/index.php\/2018\/08\/14\/qui-veut-ote-la-vie-daboubacar-soumah\/#article","isPartOf":{"@id":"https:\/\/guineediversite.com\/index.php\/2018\/08\/14\/qui-veut-ote-la-vie-daboubacar-soumah\/"},"author":{"name":"Moussa Mo\u00efse K\u00e9ita","@id":"https:\/\/guineediversite.com\/#\/schema\/person\/079ec347f72d2acde4b56a50a4fd46dc"},"headline":"Qui veut \u00f4t\u00e9 la vie d&rsquo;Aboubacar Soumah","datePublished":"2018-08-14T11:16:52+00:00","dateModified":"2018-08-14T11:16:52+00:00","mainEntityOfPage":{"@id":"https:\/\/guineediversite.com\/index.php\/2018\/08\/14\/qui-veut-ote-la-vie-daboubacar-soumah\/"},"wordCount":360,"publisher":{"@id":"https:\/\/guineediversite.com\/#organization"},"image":{"@id":"https:\/\/guineediversite.com\/index.php\/2018\/08\/14\/qui-veut-ote-la-vie-daboubacar-soumah\/#primaryimage"},"thumbnailUrl":"https:\/\/guineediversite.com\/wp-content\/uploads\/2018\/08\/7142018105642.jpg","articleSection":["Soci\u00e9t\u00e9"],"inLanguage":"fr-FR"},{"@type":"WebPage","@id":"https:\/\/guineediversite.com\/index.php\/2018\/08\/14\/qui-veut-ote-la-vie-daboubacar-soumah\/","url":"https:\/\/guineediversite.com\/index.php\/2018\/08\/14\/qui-veut-ote-la-vie-daboubacar-soumah\/","name":"Qui veut \u00f4t\u00e9 la vie d'Aboubacar Soumah | Guin\u00e9e Diversit\u00e9","isPartOf":{"@id":"https:\/\/guineediversite.com\/#website"},"primaryImageOfPage":{"@id":"https:\/\/guineediversite.com\/index.php\/2018\/08\/14\/qui-veut-ote-la-vie-daboubacar-soumah\/#primaryimage"},"image":{"@id":"https:\/\/guineediversite.com\/index.php\/2018\/08\/14\/qui-veut-ote-la-vie-daboubacar-soumah\/#primaryimage"},"thumbnailUrl":"https:\/\/guineediversite.com\/wp-content\/uploads\/2018\/08\/7142018105642.jpg","datePublished":"2018-08-14T11:16:52+00:00","dateModified":"2018-08-14T11:16:52+00:00","breadcrumb":{"@id":"https:\/\/guineediversite.com\/index.php\/2018\/08\/14\/qui-veut-ote-la-vie-daboubacar-soumah\/#breadcrumb"},"inLanguage":"fr-FR","potentialAction":[{"@type":"ReadAction","target":["https:\/\/guineediversite.com\/index.php\/2018\/08\/14\/qui-veut-ote-la-vie-daboubacar-soumah\/"]}]},{"@type":"ImageObject","inLanguage":"fr-FR","@id":"https:\/\/guineediversite.com\/index.php\/2018\/08\/14\/qui-veut-ote-la-vie-daboubacar-soumah\/#primaryimage","url":"https:\/\/guineediversite.com\/wp-content\/uploads\/2018\/08\/7142018105642.jpg","contentUrl":"https:\/\/guineediversite.com\/wp-content\/uploads\/2018\/08\/7142018105642.jpg","width":1280,"height":960},{"@type":"BreadcrumbList","@id":"https:\/\/guineediversite.com\/index.php\/2018\/08\/14\/qui-veut-ote-la-vie-daboubacar-soumah\/#breadcrumb","itemListElement":[{"@type":"ListItem","position":1,"name":"Accueil","item":"https:\/\/guineediversite.com\/"},{"@type":"ListItem","position":2,"name":"Qui veut \u00f4t\u00e9 la vie d&rsquo;Aboubacar Soumah"}]},{"@type":"WebSite","@id":"https:\/\/guineediversite.com\/#website","url":"https:\/\/guineediversite.com\/","name":"Guin\u00e9e Diversit\u00e9","description":"L&#039;Info dans toute sa diversit\u00e9","publisher":{"@id":"https:\/\/guineediversite.com\/#organization"},"potentialAction":[{"@type":"SearchAction","target":{"@type":"EntryPoint","urlTemplate":"https:\/\/guineediversite.com\/?s={search_term_string}"},"query-input":{"@type":"PropertyValueSpecification","valueRequired":true,"valueName":"search_term_string"}}],"inLanguage":"fr-FR"},{"@type":"Organization","@id":"https:\/\/guineediversite.com\/#organization","name":"Guin\u00e9e Diversit\u00e9","url":"https:\/\/guineediversite.com\/","logo":{"@type":"ImageObject","inLanguage":"fr-FR","@id":"https:\/\/guineediversite.com\/#\/schema\/logo\/image\/","url":"https:\/\/guineediversite.com\/wp-content\/uploads\/2017\/04\/cropped-1jojlxEOMkX9Wyqfhe43D6kjPOGqBBKmx3EwWJqZ0cMrFF54yM49.png","contentUrl":"https:\/\/guineediversite.com\/wp-content\/uploads\/2017\/04\/cropped-1jojlxEOMkX9Wyqfhe43D6kjPOGqBBKmx3EwWJqZ0cMrFF54yM49.png","width":186,"height":112,"caption":"Guin\u00e9e Diversit\u00e9"},"image":{"@id":"https:\/\/guineediversite.com\/#\/schema\/logo\/image\/"},"sameAs":["https:\/\/www.facebook.com\/guineediversite\/","https:\/\/x.com\/GuineeDiversite","https:\/\/www.youtube.com\/channel\/UC8sUY16qelG5ge6_D5SB83g"]},{"@type":"Person","@id":"https:\/\/guineediversite.com\/#\/schema\/person\/079ec347f72d2acde4b56a50a4fd46dc","name":"Moussa Mo\u00efse K\u00e9ita","image":{"@type":"ImageObject","inLanguage":"fr-FR","@id":"https:\/\/guineediversite.com\/#\/schema\/person\/image\/","url":"https:\/\/secure.gravatar.com\/avatar\/edf1ea2cc01841e6c0b49384bcb1385b?s=96&d=mm&r=g","contentUrl":"https:\/\/secure.gravatar.com\/avatar\/edf1ea2cc01841e6c0b49384bcb1385b?s=96&d=mm&r=g","caption":"Moussa Mo\u00efse K\u00e9ita"},"url":"https:\/\/guineediversite.com\/index.php\/author\/moussa-moise\/"}]}},"_links":{"self":[{"href":"https:\/\/guineediversite.com\/index.php\/wp-json\/wp\/v2\/posts\/26331"}],"collection":[{"href":"https:\/\/guineediversite.com\/index.php\/wp-json\/wp\/v2\/posts"}],"about":[{"href":"https:\/\/guineediversite.com\/index.php\/wp-json\/wp\/v2\/types\/post"}],"author":[{"embeddable":true,"href":"https:\/\/guineediversite.com\/index.php\/wp-json\/wp\/v2\/users\/16"}],"replies":[{"embeddable":true,"href":"https:\/\/guineediversite.com\/index.php\/wp-json\/wp\/v2\/comments?post=26331"}],"version-history":[{"count":0,"href":"https:\/\/guineediversite.com\/index.php\/wp-json\/wp\/v2\/posts\/26331\/revisions"}],"wp:featuredmedia":[{"embeddable":true,"href":"https:\/\/guineediversite.com\/index.php\/wp-json\/wp\/v2\/media\/26332"}],"wp:attachment":[{"href":"https:\/\/guineediversite.com\/index.php\/wp-json\/wp\/v2\/media?parent=26331"}],"wp:term":[{"taxonomy":"category","embeddable":true,"href":"https:\/\/guineediversite.com\/index.php\/wp-json\/wp\/v2\/categories?post=26331"},{"taxonomy":"post_tag","embeddable":true,"href":"https:\/\/guineediversite.com\/index.php\/wp-json\/wp\/v2\/tags?post=26331"}],"curies":[{"name":"wp","href":"https:\/\/api.w.org\/{rel}","templated":true}]}}