{"id":26325,"date":"2018-08-13T19:48:39","date_gmt":"2018-08-13T17:48:39","guid":{"rendered":"https:\/\/guineediversite.com\/?p=26325"},"modified":"2018-08-13T19:48:39","modified_gmt":"2018-08-13T17:48:39","slug":"election-des-maires-alliance-rpg-aec-ufr-voici-ce-que-pense-cellou-dalein-diallo","status":"publish","type":"post","link":"https:\/\/guineediversite.com\/index.php\/2018\/08\/13\/election-des-maires-alliance-rpg-aec-ufr-voici-ce-que-pense-cellou-dalein-diallo\/","title":{"rendered":"\u00c9lection des Maires\/ Alliance RPG AEC &#8211; UFR\u00a0: Voici ce que pense Cellou Dalein Diallo"},"content":{"rendered":"<p>La mouvance et la troisi\u00e8me force politique ont unis leurs force ce lundi 13 aout 2018 dans la salle de conf\u00e9rence du groupe parlement Alliance R\u00e9publicaine \u00e0 travers une signature daccord en vue de remporter cette \u00e9lection pour un int\u00e9r\u00eat commun. Apr\u00e8s la signature de cet accord, le chef de file de lopposition sest prononc\u00e9 sur cette actualit\u00e9. Pour le pr\u00e9sident de lUnion des Forces D\u00e9mocratiques de Guin\u00e9e cette action est tout \u00e0 fait normale dans une d\u00e9mocratie.<br \/>\n\u00ab\u00a0Mais cest tout \u00e0 fait normal, les partis qui sont all\u00e9s aux \u00e9lections, peuvent nouer des alliances en fonction de leurs int\u00e9r\u00eats. Nous \u00e9tions tous en comp\u00e9tition, en fonction des int\u00e9r\u00eats de chaque participant, de chaque parti. On peut nouer des alliances, on peut gagner et- je pense que cela fait parti du combat d\u00e9mocratique\u00a0\u00bb a d\u00e9clar\u00e9 Cellou Dalein Diallo<br \/>\nA rappeler que le contenu de cet accord \u00e9lectoral indique que partout o\u00f9 le RPG Arc En Ciel est maire, lUFR occupe le poste dadjoint. Partout o\u00f9 lUFR est maire, le RPG Arc- En -Ciel est ladjoint. Pour les communes de Conakry, le RPG Arc En Ciel c\u00e8de \u00e0 lUFR la d\u00e9signation du maire \u00e0 Matam. Par contre, lUFR c\u00e8de \u00e0 Matoto au profit du RPG Arc- En -Ciel.<\/p>\n","protected":false},"excerpt":{"rendered":"<p>La mouvance et la troisi\u00e8me force politique ont unis leurs force ce lundi 13 aout 2018 dans la salle de conf\u00e9rence du groupe parlement Alliance R\u00e9publicaine \u00e0 travers une signature daccord en vue de remporter cette \u00e9lection pour un int\u00e9r\u00eat commun. Apr\u00e8s la signature de cet accord, le chef de file de lopposition sest prononc\u00e9 [&hellip;]<\/p>\n","protected":false},"author":16,"featured_media":26326,"comment_status":"closed","ping_status":"closed","sticky":false,"template":"","format":"standard","meta":{"_exactmetrics_skip_tracking":false,"_exactmetrics_sitenote_active":false,"_exactmetrics_sitenote_note":"","_exactmetrics_sitenote_category":0,"tdm_status":"","tdm_grid_status":"","footnotes":""},"categories":[14],"tags":[],"class_list":{"0":"post-26325","1":"post","2":"type-post","3":"status-publish","4":"format-standard","5":"has-post-thumbnail","7":"category-politique"},"yoast_head":"<!-- This site is optimized with the Yoast SEO plugin v24.2 - https:\/\/yoast.com\/wordpress\/plugins\/seo\/ -->\n<title>\u00c9lection des Maires\/ Alliance RPG AEC - UFR\u00a0: Voici ce que pense Cellou Dalein Diallo | Guin\u00e9e Diversit\u00e9<\/title>\n<meta name=\"robots\" content=\"index, follow, max-snippet:-1, max-image-preview:large, max-video-preview:-1\" \/>\n<link rel=\"canonical\" href=\"https:\/\/guineediversite.com\/index.php\/2018\/08\/13\/election-des-maires-alliance-rpg-aec-ufr-voici-ce-que-pense-cellou-dalein-diallo\/\" \/>\n<meta property=\"og:locale\" content=\"fr_FR\" \/>\n<meta property=\"og:type\" content=\"article\" \/>\n<meta property=\"og:title\" content=\"\u00c9lection des Maires\/ Alliance RPG AEC - UFR\u00a0: Voici ce que pense Cellou Dalein Diallo | Guin\u00e9e Diversit\u00e9\" \/>\n<meta property=\"og:description\" content=\"La mouvance et la troisi\u00e8me force politique ont unis leurs force ce lundi 13 aout 2018 dans la salle de conf\u00e9rence du groupe parlement Alliance R\u00e9publicaine \u00e0 travers une signature daccord en vue de remporter cette \u00e9lection pour un int\u00e9r\u00eat commun. Apr\u00e8s la signature de cet accord, le chef de file de lopposition sest prononc\u00e9 [&hellip;]\" \/>\n<meta property=\"og:url\" content=\"https:\/\/guineediversite.com\/index.php\/2018\/08\/13\/election-des-maires-alliance-rpg-aec-ufr-voici-ce-que-pense-cellou-dalein-diallo\/\" \/>\n<meta property=\"og:site_name\" content=\"Guin\u00e9e Diversit\u00e9\" \/>\n<meta property=\"article:publisher\" content=\"https:\/\/www.facebook.com\/guineediversite\/\" \/>\n<meta property=\"article:published_time\" content=\"2018-08-13T17:48:39+00:00\" \/>\n<meta property=\"og:image\" content=\"https:\/\/guineediversite.com\/wp-content\/uploads\/2018\/08\/7132018174743.jpg\" \/>\n\t<meta property=\"og:image:width\" content=\"1024\" \/>\n\t<meta property=\"og:image:height\" content=\"591\" \/>\n\t<meta property=\"og:image:type\" content=\"image\/jpeg\" \/>\n<meta name=\"author\" content=\"Moussa Mo\u00efse K\u00e9ita\" \/>\n<meta name=\"twitter:card\" content=\"summary_large_image\" \/>\n<meta name=\"twitter:creator\" content=\"@GuineeDiversite\" \/>\n<meta name=\"twitter:site\" content=\"@GuineeDiversite\" \/>\n<meta name=\"twitter:label1\" content=\"\u00c9crit par\" \/>\n\t<meta name=\"twitter:data1\" content=\"Moussa Mo\u00efse K\u00e9ita\" \/>\n\t<meta name=\"twitter:label2\" content=\"Dur\u00e9e de lecture estim\u00e9e\" \/>\n\t<meta name=\"twitter:data2\" content=\"1 minute\" \/>\n<script type=\"application\/ld+json\" class=\"yoast-schema-graph\">{\"@context\":\"https:\/\/schema.org\",\"@graph\":[{\"@type\":\"Article\",\"@id\":\"https:\/\/guineediversite.com\/index.php\/2018\/08\/13\/election-des-maires-alliance-rpg-aec-ufr-voici-ce-que-pense-cellou-dalein-diallo\/#article\",\"isPartOf\":{\"@id\":\"https:\/\/guineediversite.com\/index.php\/2018\/08\/13\/election-des-maires-alliance-rpg-aec-ufr-voici-ce-que-pense-cellou-dalein-diallo\/\"},\"author\":{\"name\":\"Moussa Mo\u00efse K\u00e9ita\",\"@id\":\"https:\/\/guineediversite.com\/#\/schema\/person\/079ec347f72d2acde4b56a50a4fd46dc\"},\"headline\":\"\u00c9lection des Maires\/ Alliance RPG AEC &#8211; UFR\u00a0: Voici ce que pense Cellou Dalein Diallo\",\"datePublished\":\"2018-08-13T17:48:39+00:00\",\"dateModified\":\"2018-08-13T17:48:39+00:00\",\"mainEntityOfPage\":{\"@id\":\"https:\/\/guineediversite.com\/index.php\/2018\/08\/13\/election-des-maires-alliance-rpg-aec-ufr-voici-ce-que-pense-cellou-dalein-diallo\/\"},\"wordCount\":235,\"publisher\":{\"@id\":\"https:\/\/guineediversite.com\/#organization\"},\"image\":{\"@id\":\"https:\/\/guineediversite.com\/index.php\/2018\/08\/13\/election-des-maires-alliance-rpg-aec-ufr-voici-ce-que-pense-cellou-dalein-diallo\/#primaryimage\"},\"thumbnailUrl\":\"https:\/\/guineediversite.com\/wp-content\/uploads\/2018\/08\/7132018174743.jpg\",\"articleSection\":[\"Politique\"],\"inLanguage\":\"fr-FR\"},{\"@type\":\"WebPage\",\"@id\":\"https:\/\/guineediversite.com\/index.php\/2018\/08\/13\/election-des-maires-alliance-rpg-aec-ufr-voici-ce-que-pense-cellou-dalein-diallo\/\",\"url\":\"https:\/\/guineediversite.com\/index.php\/2018\/08\/13\/election-des-maires-alliance-rpg-aec-ufr-voici-ce-que-pense-cellou-dalein-diallo\/\",\"name\":\"\u00c9lection des Maires\/ Alliance RPG AEC - UFR\u00a0: Voici ce que pense Cellou Dalein Diallo | Guin\u00e9e Diversit\u00e9\",\"isPartOf\":{\"@id\":\"https:\/\/guineediversite.com\/#website\"},\"primaryImageOfPage\":{\"@id\":\"https:\/\/guineediversite.com\/index.php\/2018\/08\/13\/election-des-maires-alliance-rpg-aec-ufr-voici-ce-que-pense-cellou-dalein-diallo\/#primaryimage\"},\"image\":{\"@id\":\"https:\/\/guineediversite.com\/index.php\/2018\/08\/13\/election-des-maires-alliance-rpg-aec-ufr-voici-ce-que-pense-cellou-dalein-diallo\/#primaryimage\"},\"thumbnailUrl\":\"https:\/\/guineediversite.com\/wp-content\/uploads\/2018\/08\/7132018174743.jpg\",\"datePublished\":\"2018-08-13T17:48:39+00:00\",\"dateModified\":\"2018-08-13T17:48:39+00:00\",\"breadcrumb\":{\"@id\":\"https:\/\/guineediversite.com\/index.php\/2018\/08\/13\/election-des-maires-alliance-rpg-aec-ufr-voici-ce-que-pense-cellou-dalein-diallo\/#breadcrumb\"},\"inLanguage\":\"fr-FR\",\"potentialAction\":[{\"@type\":\"ReadAction\",\"target\":[\"https:\/\/guineediversite.com\/index.php\/2018\/08\/13\/election-des-maires-alliance-rpg-aec-ufr-voici-ce-que-pense-cellou-dalein-diallo\/\"]}]},{\"@type\":\"ImageObject\",\"inLanguage\":\"fr-FR\",\"@id\":\"https:\/\/guineediversite.com\/index.php\/2018\/08\/13\/election-des-maires-alliance-rpg-aec-ufr-voici-ce-que-pense-cellou-dalein-diallo\/#primaryimage\",\"url\":\"https:\/\/guineediversite.com\/wp-content\/uploads\/2018\/08\/7132018174743.jpg\",\"contentUrl\":\"https:\/\/guineediversite.com\/wp-content\/uploads\/2018\/08\/7132018174743.jpg\",\"width\":1024,\"height\":591},{\"@type\":\"BreadcrumbList\",\"@id\":\"https:\/\/guineediversite.com\/index.php\/2018\/08\/13\/election-des-maires-alliance-rpg-aec-ufr-voici-ce-que-pense-cellou-dalein-diallo\/#breadcrumb\",\"itemListElement\":[{\"@type\":\"ListItem\",\"position\":1,\"name\":\"Accueil\",\"item\":\"https:\/\/guineediversite.com\/\"},{\"@type\":\"ListItem\",\"position\":2,\"name\":\"\u00c9lection des Maires\/ Alliance RPG AEC &#8211; UFR\u00a0: Voici ce que pense Cellou Dalein Diallo\"}]},{\"@type\":\"WebSite\",\"@id\":\"https:\/\/guineediversite.com\/#website\",\"url\":\"https:\/\/guineediversite.com\/\",\"name\":\"Guin\u00e9e Diversit\u00e9\",\"description\":\"L&#039;Info dans toute sa diversit\u00e9\",\"publisher\":{\"@id\":\"https:\/\/guineediversite.com\/#organization\"},\"potentialAction\":[{\"@type\":\"SearchAction\",\"target\":{\"@type\":\"EntryPoint\",\"urlTemplate\":\"https:\/\/guineediversite.com\/?s={search_term_string}\"},\"query-input\":{\"@type\":\"PropertyValueSpecification\",\"valueRequired\":true,\"valueName\":\"search_term_string\"}}],\"inLanguage\":\"fr-FR\"},{\"@type\":\"Organization\",\"@id\":\"https:\/\/guineediversite.com\/#organization\",\"name\":\"Guin\u00e9e Diversit\u00e9\",\"url\":\"https:\/\/guineediversite.com\/\",\"logo\":{\"@type\":\"ImageObject\",\"inLanguage\":\"fr-FR\",\"@id\":\"https:\/\/guineediversite.com\/#\/schema\/logo\/image\/\",\"url\":\"https:\/\/guineediversite.com\/wp-content\/uploads\/2017\/04\/cropped-1jojlxEOMkX9Wyqfhe43D6kjPOGqBBKmx3EwWJqZ0cMrFF54yM49.png\",\"contentUrl\":\"https:\/\/guineediversite.com\/wp-content\/uploads\/2017\/04\/cropped-1jojlxEOMkX9Wyqfhe43D6kjPOGqBBKmx3EwWJqZ0cMrFF54yM49.png\",\"width\":186,\"height\":112,\"caption\":\"Guin\u00e9e Diversit\u00e9\"},\"image\":{\"@id\":\"https:\/\/guineediversite.com\/#\/schema\/logo\/image\/\"},\"sameAs\":[\"https:\/\/www.facebook.com\/guineediversite\/\",\"https:\/\/x.com\/GuineeDiversite\",\"https:\/\/www.youtube.com\/channel\/UC8sUY16qelG5ge6_D5SB83g\"]},{\"@type\":\"Person\",\"@id\":\"https:\/\/guineediversite.com\/#\/schema\/person\/079ec347f72d2acde4b56a50a4fd46dc\",\"name\":\"Moussa Mo\u00efse K\u00e9ita\",\"image\":{\"@type\":\"ImageObject\",\"inLanguage\":\"fr-FR\",\"@id\":\"https:\/\/guineediversite.com\/#\/schema\/person\/image\/\",\"url\":\"https:\/\/secure.gravatar.com\/avatar\/edf1ea2cc01841e6c0b49384bcb1385b?s=96&d=mm&r=g\",\"contentUrl\":\"https:\/\/secure.gravatar.com\/avatar\/edf1ea2cc01841e6c0b49384bcb1385b?s=96&d=mm&r=g\",\"caption\":\"Moussa Mo\u00efse K\u00e9ita\"},\"url\":\"https:\/\/guineediversite.com\/index.php\/author\/moussa-moise\/\"}]}<\/script>\n<!-- \/ Yoast SEO plugin. -->","yoast_head_json":{"title":"\u00c9lection des Maires\/ Alliance RPG AEC - UFR\u00a0: Voici ce que pense Cellou Dalein Diallo | Guin\u00e9e Diversit\u00e9","robots":{"index":"index","follow":"follow","max-snippet":"max-snippet:-1","max-image-preview":"max-image-preview:large","max-video-preview":"max-video-preview:-1"},"canonical":"https:\/\/guineediversite.com\/index.php\/2018\/08\/13\/election-des-maires-alliance-rpg-aec-ufr-voici-ce-que-pense-cellou-dalein-diallo\/","og_locale":"fr_FR","og_type":"article","og_title":"\u00c9lection des Maires\/ Alliance RPG AEC - UFR\u00a0: Voici ce que pense Cellou Dalein Diallo | Guin\u00e9e Diversit\u00e9","og_description":"La mouvance et la troisi\u00e8me force politique ont unis leurs force ce lundi 13 aout 2018 dans la salle de conf\u00e9rence du groupe parlement Alliance R\u00e9publicaine \u00e0 travers une signature daccord en vue de remporter cette \u00e9lection pour un int\u00e9r\u00eat commun. Apr\u00e8s la signature de cet accord, le chef de file de lopposition sest prononc\u00e9 [&hellip;]","og_url":"https:\/\/guineediversite.com\/index.php\/2018\/08\/13\/election-des-maires-alliance-rpg-aec-ufr-voici-ce-que-pense-cellou-dalein-diallo\/","og_site_name":"Guin\u00e9e Diversit\u00e9","article_publisher":"https:\/\/www.facebook.com\/guineediversite\/","article_published_time":"2018-08-13T17:48:39+00:00","og_image":[{"width":1024,"height":591,"url":"https:\/\/guineediversite.com\/wp-content\/uploads\/2018\/08\/7132018174743.jpg","type":"image\/jpeg"}],"author":"Moussa Mo\u00efse K\u00e9ita","twitter_card":"summary_large_image","twitter_creator":"@GuineeDiversite","twitter_site":"@GuineeDiversite","twitter_misc":{"\u00c9crit par":"Moussa Mo\u00efse K\u00e9ita","Dur\u00e9e de lecture estim\u00e9e":"1 minute"},"schema":{"@context":"https:\/\/schema.org","@graph":[{"@type":"Article","@id":"https:\/\/guineediversite.com\/index.php\/2018\/08\/13\/election-des-maires-alliance-rpg-aec-ufr-voici-ce-que-pense-cellou-dalein-diallo\/#article","isPartOf":{"@id":"https:\/\/guineediversite.com\/index.php\/2018\/08\/13\/election-des-maires-alliance-rpg-aec-ufr-voici-ce-que-pense-cellou-dalein-diallo\/"},"author":{"name":"Moussa Mo\u00efse K\u00e9ita","@id":"https:\/\/guineediversite.com\/#\/schema\/person\/079ec347f72d2acde4b56a50a4fd46dc"},"headline":"\u00c9lection des Maires\/ Alliance RPG AEC &#8211; UFR\u00a0: Voici ce que pense Cellou Dalein Diallo","datePublished":"2018-08-13T17:48:39+00:00","dateModified":"2018-08-13T17:48:39+00:00","mainEntityOfPage":{"@id":"https:\/\/guineediversite.com\/index.php\/2018\/08\/13\/election-des-maires-alliance-rpg-aec-ufr-voici-ce-que-pense-cellou-dalein-diallo\/"},"wordCount":235,"publisher":{"@id":"https:\/\/guineediversite.com\/#organization"},"image":{"@id":"https:\/\/guineediversite.com\/index.php\/2018\/08\/13\/election-des-maires-alliance-rpg-aec-ufr-voici-ce-que-pense-cellou-dalein-diallo\/#primaryimage"},"thumbnailUrl":"https:\/\/guineediversite.com\/wp-content\/uploads\/2018\/08\/7132018174743.jpg","articleSection":["Politique"],"inLanguage":"fr-FR"},{"@type":"WebPage","@id":"https:\/\/guineediversite.com\/index.php\/2018\/08\/13\/election-des-maires-alliance-rpg-aec-ufr-voici-ce-que-pense-cellou-dalein-diallo\/","url":"https:\/\/guineediversite.com\/index.php\/2018\/08\/13\/election-des-maires-alliance-rpg-aec-ufr-voici-ce-que-pense-cellou-dalein-diallo\/","name":"\u00c9lection des Maires\/ Alliance RPG AEC - UFR\u00a0: Voici ce que pense Cellou Dalein Diallo | Guin\u00e9e Diversit\u00e9","isPartOf":{"@id":"https:\/\/guineediversite.com\/#website"},"primaryImageOfPage":{"@id":"https:\/\/guineediversite.com\/index.php\/2018\/08\/13\/election-des-maires-alliance-rpg-aec-ufr-voici-ce-que-pense-cellou-dalein-diallo\/#primaryimage"},"image":{"@id":"https:\/\/guineediversite.com\/index.php\/2018\/08\/13\/election-des-maires-alliance-rpg-aec-ufr-voici-ce-que-pense-cellou-dalein-diallo\/#primaryimage"},"thumbnailUrl":"https:\/\/guineediversite.com\/wp-content\/uploads\/2018\/08\/7132018174743.jpg","datePublished":"2018-08-13T17:48:39+00:00","dateModified":"2018-08-13T17:48:39+00:00","breadcrumb":{"@id":"https:\/\/guineediversite.com\/index.php\/2018\/08\/13\/election-des-maires-alliance-rpg-aec-ufr-voici-ce-que-pense-cellou-dalein-diallo\/#breadcrumb"},"inLanguage":"fr-FR","potentialAction":[{"@type":"ReadAction","target":["https:\/\/guineediversite.com\/index.php\/2018\/08\/13\/election-des-maires-alliance-rpg-aec-ufr-voici-ce-que-pense-cellou-dalein-diallo\/"]}]},{"@type":"ImageObject","inLanguage":"fr-FR","@id":"https:\/\/guineediversite.com\/index.php\/2018\/08\/13\/election-des-maires-alliance-rpg-aec-ufr-voici-ce-que-pense-cellou-dalein-diallo\/#primaryimage","url":"https:\/\/guineediversite.com\/wp-content\/uploads\/2018\/08\/7132018174743.jpg","contentUrl":"https:\/\/guineediversite.com\/wp-content\/uploads\/2018\/08\/7132018174743.jpg","width":1024,"height":591},{"@type":"BreadcrumbList","@id":"https:\/\/guineediversite.com\/index.php\/2018\/08\/13\/election-des-maires-alliance-rpg-aec-ufr-voici-ce-que-pense-cellou-dalein-diallo\/#breadcrumb","itemListElement":[{"@type":"ListItem","position":1,"name":"Accueil","item":"https:\/\/guineediversite.com\/"},{"@type":"ListItem","position":2,"name":"\u00c9lection des Maires\/ Alliance RPG AEC &#8211; UFR\u00a0: Voici ce que pense Cellou Dalein Diallo"}]},{"@type":"WebSite","@id":"https:\/\/guineediversite.com\/#website","url":"https:\/\/guineediversite.com\/","name":"Guin\u00e9e Diversit\u00e9","description":"L&#039;Info dans toute sa diversit\u00e9","publisher":{"@id":"https:\/\/guineediversite.com\/#organization"},"potentialAction":[{"@type":"SearchAction","target":{"@type":"EntryPoint","urlTemplate":"https:\/\/guineediversite.com\/?s={search_term_string}"},"query-input":{"@type":"PropertyValueSpecification","valueRequired":true,"valueName":"search_term_string"}}],"inLanguage":"fr-FR"},{"@type":"Organization","@id":"https:\/\/guineediversite.com\/#organization","name":"Guin\u00e9e Diversit\u00e9","url":"https:\/\/guineediversite.com\/","logo":{"@type":"ImageObject","inLanguage":"fr-FR","@id":"https:\/\/guineediversite.com\/#\/schema\/logo\/image\/","url":"https:\/\/guineediversite.com\/wp-content\/uploads\/2017\/04\/cropped-1jojlxEOMkX9Wyqfhe43D6kjPOGqBBKmx3EwWJqZ0cMrFF54yM49.png","contentUrl":"https:\/\/guineediversite.com\/wp-content\/uploads\/2017\/04\/cropped-1jojlxEOMkX9Wyqfhe43D6kjPOGqBBKmx3EwWJqZ0cMrFF54yM49.png","width":186,"height":112,"caption":"Guin\u00e9e Diversit\u00e9"},"image":{"@id":"https:\/\/guineediversite.com\/#\/schema\/logo\/image\/"},"sameAs":["https:\/\/www.facebook.com\/guineediversite\/","https:\/\/x.com\/GuineeDiversite","https:\/\/www.youtube.com\/channel\/UC8sUY16qelG5ge6_D5SB83g"]},{"@type":"Person","@id":"https:\/\/guineediversite.com\/#\/schema\/person\/079ec347f72d2acde4b56a50a4fd46dc","name":"Moussa Mo\u00efse K\u00e9ita","image":{"@type":"ImageObject","inLanguage":"fr-FR","@id":"https:\/\/guineediversite.com\/#\/schema\/person\/image\/","url":"https:\/\/secure.gravatar.com\/avatar\/edf1ea2cc01841e6c0b49384bcb1385b?s=96&d=mm&r=g","contentUrl":"https:\/\/secure.gravatar.com\/avatar\/edf1ea2cc01841e6c0b49384bcb1385b?s=96&d=mm&r=g","caption":"Moussa Mo\u00efse K\u00e9ita"},"url":"https:\/\/guineediversite.com\/index.php\/author\/moussa-moise\/"}]}},"_links":{"self":[{"href":"https:\/\/guineediversite.com\/index.php\/wp-json\/wp\/v2\/posts\/26325"}],"collection":[{"href":"https:\/\/guineediversite.com\/index.php\/wp-json\/wp\/v2\/posts"}],"about":[{"href":"https:\/\/guineediversite.com\/index.php\/wp-json\/wp\/v2\/types\/post"}],"author":[{"embeddable":true,"href":"https:\/\/guineediversite.com\/index.php\/wp-json\/wp\/v2\/users\/16"}],"replies":[{"embeddable":true,"href":"https:\/\/guineediversite.com\/index.php\/wp-json\/wp\/v2\/comments?post=26325"}],"version-history":[{"count":0,"href":"https:\/\/guineediversite.com\/index.php\/wp-json\/wp\/v2\/posts\/26325\/revisions"}],"wp:featuredmedia":[{"embeddable":true,"href":"https:\/\/guineediversite.com\/index.php\/wp-json\/wp\/v2\/media\/26326"}],"wp:attachment":[{"href":"https:\/\/guineediversite.com\/index.php\/wp-json\/wp\/v2\/media?parent=26325"}],"wp:term":[{"taxonomy":"category","embeddable":true,"href":"https:\/\/guineediversite.com\/index.php\/wp-json\/wp\/v2\/categories?post=26325"},{"taxonomy":"post_tag","embeddable":true,"href":"https:\/\/guineediversite.com\/index.php\/wp-json\/wp\/v2\/tags?post=26325"}],"curies":[{"name":"wp","href":"https:\/\/api.w.org\/{rel}","templated":true}]}}