{"id":26312,"date":"2018-08-11T22:42:47","date_gmt":"2018-08-11T20:42:47","guid":{"rendered":"https:\/\/guineediversite.com\/?p=26312"},"modified":"2018-08-12T01:47:09","modified_gmt":"2018-08-11T23:47:09","slug":"presidentielle-au-mali-un-second-tour-sous-haute-tension","status":"publish","type":"post","link":"https:\/\/guineediversite.com\/index.php\/2018\/08\/11\/presidentielle-au-mali-un-second-tour-sous-haute-tension\/","title":{"rendered":"Pr\u00e9sidentielle au Mali : un second tour sous haute tension"},"content":{"rendered":"<p>Les Maliens se rendent aux urnes dimanche 12 ao\u00fbt pour choisir qui, du sortant Ibrahim Boubacar Ke\u00efta ou de l\u2019opposant Souma\u00efla Ciss\u00e9, pr\u00e9sidera \u00e0 leur destin\u00e9e pour cinq ans. Un scrutin qui cl\u00f4t un entre-deux tours marqu\u00e9 par un climat de d\u00e9fiance entre acteurs politiques.<br \/>\nLe second tour aura-t-il lieu ? Sera-t-il report\u00e9 ? Le challenger Souma\u00efla Ciss\u00e9 d\u00e9clarera-t-il forfait in extremis, invoquant les irr\u00e9gularit\u00e9s du scrutin tenu le 29 juillet ? Jusqu\u2019\u00e0 la veille du week-end, l\u2019incertitude a r\u00e9gn\u00e9 \u00e0 Bamako, tant l\u2019opposition \u00e0 Ibrahim Boubacar Ke\u00efta (IBK) semblait d\u00e9termin\u00e9e \u00e0 adopter une strat\u00e9gie de rupture.<br \/>\nJeudi 9 ao\u00fbt, apr\u00e8s la proclamation de r\u00e9sultats d\u00e9finitifs par la Cour constitutionnelle, rejetant de nombreux recours, la vingtaine de candidats formant le \u00ab Front patriotique contre la fraude \u00bb se r\u00e9unissent pour d\u00e9cider de la marche \u00e0 suivre. Une rumeur insistante, v\u00e9hicul\u00e9e jusque dans son propre \u00e9tat-major de campagne, circule alors : Souma\u00efla Ciss\u00e9 pourrait boycotter le second tour, estimant que les d\u00e9s sont pip\u00e9s. En r\u00e9alit\u00e9, le challenger d\u2019IBK esp\u00e8re rallier un maximum de candidats malheureux \u00e0 sa candidature. Malgr\u00e9 un handicap de pr\u00e8s de 24%, il croit encore en sa victoire.<br \/>\nMobiliser les abstentionnistes<br \/>\nLors du conclave, les d\u00e9bats sont houleux. Les opposants qui souhaitent un rejet total sont majoritaires. C\u2019est notamment la ligne affich\u00e9e par Oumar Mariko, Mountaga Tall, ou encore l\u2019homme d\u2019affaires Aliou Diallo. Arriv\u00e9 troisi\u00e8me au premier tour, avec 8,33% des voix, ce dernier pr\u00e9f\u00e9rera s\u2019abstenir de donner une consigne de vote \u00e0 ses partisans, faute de garanties en faveur de \u00ab plus de transparence \u00bb.<br \/>\nMalgr\u00e9 la fronde de ses alli\u00e9s, au risque de se retrouver isol\u00e9, le chef de file de l\u2019opposition d\u00e9cline leur option, consistant \u00e0 jouer la politique de la chaise vide : \u00ab Apr\u00e8s une large consultation avec tous ceux qui nous soutiennent, j\u2019ai d\u00e9cid\u00e9, en tant que r\u00e9publicain et d\u00e9mocrate, d\u2019aller au second tour de l\u2019\u00e9lection pr\u00e9sidentielle dimanche prochain \u00bb, d\u00e9clare-t-il, vendredi 10 ao\u00fbt, \u00e0 quelques heures de la fin de la campagne.<br \/>\nFaute de rallier \u00e0 sa cause les coalis\u00e9s anti-IBK, \u00ab Soumi \u00bb compte sur la mobilisation des abstentionnistes pour faire la diff\u00e9rence. Le 29 juillet, plus de la moiti\u00e9 des \u00e9lecteurs ne se sont pas rendus aux urnes. Aussi insiste-t-il : \u00ab Aucune voix ne doit nous manquer dimanche ! [\u2026] Plus de 4,5 millions de Maliens n\u2019ont pas vot\u00e9 [au premier tour]. Si nous ajoutons \u00e0 cela les 2 millions qui ont vot\u00e9 contre le pr\u00e9sident sortant, nous pouvons retenir que 6,5 millions d\u2019\u00e9lecteurs ont une d\u00e9fiance vis-\u00e0-vis de la gestion actuelle. \u00bb<br \/>\nDiscussions en coulisse<br \/>\nPourquoi accepte-t-il de jouer le jeu, tout en d\u00e9non\u00e7ant vertement le processus \u00e9lectoral ? C\u2019est qu\u2019en coulisse, depuis le 6 ao\u00fbt, les discussions vont bon train entre le gouvernement, la communaut\u00e9 internationale et l\u2019\u00e9quipe de campagne de Souma\u00efla Ciss\u00e9. Dans un document adress\u00e9 ce jour-l\u00e0 au gouvernement, \u00e0 la Commission \u00e9lectorale nationale ind\u00e9pendante (Ceni), aux chefs des missions d\u2019observation \u00e9lectorale, aux membres du corps diplomatique et aux repr\u00e9sentants de la Cedeao, de l\u2019Union africaine et des Nations unies, son directoire de campagne d\u00e9nonce les r\u00e9sultats provisoires du premier tour et propose \u00ab des mesures correctives pour assurer la sinc\u00e9rit\u00e9 du scrutin, sauver le processus et \u00e9viter au Mali une crise post-\u00e9lectorale \u00bb.<br \/>\nDans la r\u00e9ponse du gouvernement, que Jeune Afrique a pu consulter, ce dernier assure avoir \u00ab port\u00e9 une attention particuli\u00e8re \u00bb aux pr\u00e9occupations formul\u00e9es mais rappelle que son action \u00ab reste encadr\u00e9e par la loi \u00bb. Hors de question, donc, que la Minusma \u00ab supervise l\u2019ouverture et la fermeture effective des bureaux de vote dans le Nord afin d\u2019\u00e9viter des bourrages d\u2019urnes \u00bb, comme le r\u00e9clame l\u2019opposant. Selon la loi \u00e9lectorale, cela serait plut\u00f4t le r\u00f4le de la Ceni.<br \/>\nPas question non plus de transmettre la liste \u00e9lectorale aux candidats. Depuis 2013, celle-ci \u00e9tant biom\u00e9trique et comportant la photographie des \u00e9lecteurs, \u00ab sa manipulation et son mouvement sont soumis aux dispositions de la loi portant protection des donn\u00e9es \u00e0 caract\u00e8re personnelle \u00bb.<br \/>\nIl faudra \u00e9galement patienter pour pouvoir consulter le rapport de la Ceni sur le d\u00e9roulement du premier tour : \u00ab Ce qui est pr\u00e9vu par la loi, c\u2019est la publication d\u2019un rapport adress\u00e9 au pr\u00e9sident de la R\u00e9publique \u00e0 la fin d\u2019un cycle d\u2019\u00e9lections g\u00e9n\u00e9rales, et publi\u00e9 au journal officiel dans un d\u00e9lai maximum de trois mois \u00bb.<br \/>\nR\u00e9sultats avant le 17 ao\u00fbt<br \/>\nN\u00e9anmoins, diverses exigences trouvent une r\u00e9ponse. Ainsi, le gouvernement assure qu\u2019au moins 5 000 membres suppl\u00e9mentaires des forces de l\u2019ordre s\u2019ajouteront \u00e0 ceux d\u00e9j\u00e0 d\u00e9ploy\u00e9s lors du premier tour pour s\u00e9curiser le scrutin.<br \/>\nLa publication par le minist\u00e8re de l\u2019Administration territoriale de la liste des 871 bureaux de vote dans lesquels le scrutin n\u2019a pas pu se tenir au premier tour r\u00e9pond \u00e9galement aux inqui\u00e9tudes de l\u2019opposition et de l\u2019Union europ\u00e9enne, qui la r\u00e9clamaient.<br \/>\n\u00ab Le Premier ministre nous a assur\u00e9 de la diffusion d\u2019un message rappelant \u00e0 leur obligation de neutralit\u00e9 les gouverneurs, pr\u00e9fets et sous-pr\u00e9fets \u00bb, s\u2019est \u00e9galement r\u00e9joui Ti\u00e9bil\u00e9 Dram\u00e9, le directeur de campagne de Souma\u00efla Ciss\u00e9. Et pour conforter la confiance des d\u00e9tracteurs du r\u00e9gime dans le processus, le premier ministre Soumeylou Boub\u00e8ye Ma\u00efga a renouvel\u00e9 son engagement \u00e0 \u00ab autoriser, \u00e0 titre exceptionnel, le d\u00e9ploiement effectif d\u2019observateurs dans les centres de transmission et de compilation, \u00e0 raison de cinq observateurs internationaux et cinq nationaux \u00bb.<br \/>\nCes mesures demeurent toutefois \u00ab insuffisantes \u00bb, regrette Ti\u00e9bil\u00e9 Dram\u00e9 : \u00ab C\u2019est pour cela que nous organisons une grande marche contre la fraude \u00e0 Bamako cet apr\u00e8s-midi [samedi 11 ao\u00fbt], pour mettre la pression et appeler \u00e0 la vigilance. \u00bb<br \/>\nDans ce contexte tendu, les r\u00e9sultats des urnes, qui devraient \u00eatre rendus publics avant le 17 ao\u00fbt, seront-ils accept\u00e9s par tous ?<\/p>\n<p>Source JA<\/p>\n","protected":false},"excerpt":{"rendered":"<p>Les Maliens se rendent aux urnes dimanche 12 ao\u00fbt pour choisir qui, du sortant Ibrahim Boubacar Ke\u00efta ou de l\u2019opposant Souma\u00efla Ciss\u00e9, pr\u00e9sidera \u00e0 leur destin\u00e9e pour cinq ans. Un scrutin qui cl\u00f4t un entre-deux tours marqu\u00e9 par un climat de d\u00e9fiance entre acteurs politiques. Le second tour aura-t-il lieu ? Sera-t-il report\u00e9 ? Le [&hellip;]<\/p>\n","protected":false},"author":12,"featured_media":26313,"comment_status":"closed","ping_status":"closed","sticky":false,"template":"","format":"standard","meta":{"_exactmetrics_skip_tracking":false,"_exactmetrics_sitenote_active":false,"_exactmetrics_sitenote_note":"","_exactmetrics_sitenote_category":0,"tdm_status":"","tdm_grid_status":"","footnotes":""},"categories":[21],"tags":[],"class_list":{"0":"post-26312","1":"post","2":"type-post","3":"status-publish","4":"format-standard","5":"has-post-thumbnail","7":"category-international"},"yoast_head":"<!-- This site is optimized with the Yoast SEO plugin v24.2 - https:\/\/yoast.com\/wordpress\/plugins\/seo\/ -->\n<title>Pr\u00e9sidentielle au Mali : un second tour sous haute tension | Guin\u00e9e Diversit\u00e9<\/title>\n<meta name=\"robots\" content=\"index, follow, max-snippet:-1, max-image-preview:large, max-video-preview:-1\" \/>\n<link rel=\"canonical\" href=\"https:\/\/guineediversite.com\/index.php\/2018\/08\/11\/presidentielle-au-mali-un-second-tour-sous-haute-tension\/\" \/>\n<meta property=\"og:locale\" content=\"fr_FR\" \/>\n<meta property=\"og:type\" content=\"article\" \/>\n<meta property=\"og:title\" content=\"Pr\u00e9sidentielle au Mali : un second tour sous haute tension | Guin\u00e9e Diversit\u00e9\" \/>\n<meta property=\"og:description\" content=\"Les Maliens se rendent aux urnes dimanche 12 ao\u00fbt pour choisir qui, du sortant Ibrahim Boubacar Ke\u00efta ou de l\u2019opposant Souma\u00efla Ciss\u00e9, pr\u00e9sidera \u00e0 leur destin\u00e9e pour cinq ans. Un scrutin qui cl\u00f4t un entre-deux tours marqu\u00e9 par un climat de d\u00e9fiance entre acteurs politiques. Le second tour aura-t-il lieu ? Sera-t-il report\u00e9 ? Le [&hellip;]\" \/>\n<meta property=\"og:url\" content=\"https:\/\/guineediversite.com\/index.php\/2018\/08\/11\/presidentielle-au-mali-un-second-tour-sous-haute-tension\/\" \/>\n<meta property=\"og:site_name\" content=\"Guin\u00e9e Diversit\u00e9\" \/>\n<meta property=\"article:publisher\" content=\"https:\/\/www.facebook.com\/guineediversite\/\" \/>\n<meta property=\"article:published_time\" content=\"2018-08-11T20:42:47+00:00\" \/>\n<meta property=\"article:modified_time\" content=\"2018-08-11T23:47:09+00:00\" \/>\n<meta property=\"og:image\" content=\"https:\/\/guineediversite.com\/wp-content\/uploads\/2018\/08\/7112018234610.jpg\" \/>\n\t<meta property=\"og:image:width\" content=\"1024\" \/>\n\t<meta property=\"og:image:height\" content=\"512\" \/>\n\t<meta property=\"og:image:type\" content=\"image\/jpeg\" \/>\n<meta name=\"author\" content=\"Guin\u00e9e Diversit\u00e9\" \/>\n<meta name=\"twitter:card\" content=\"summary_large_image\" \/>\n<meta name=\"twitter:creator\" content=\"@GuineeDiversite\" \/>\n<meta name=\"twitter:site\" content=\"@GuineeDiversite\" \/>\n<meta name=\"twitter:label1\" content=\"\u00c9crit par\" \/>\n\t<meta name=\"twitter:data1\" content=\"Guin\u00e9e Diversit\u00e9\" \/>\n\t<meta name=\"twitter:label2\" content=\"Dur\u00e9e de lecture estim\u00e9e\" \/>\n\t<meta name=\"twitter:data2\" content=\"5 minutes\" \/>\n<script type=\"application\/ld+json\" class=\"yoast-schema-graph\">{\"@context\":\"https:\/\/schema.org\",\"@graph\":[{\"@type\":\"Article\",\"@id\":\"https:\/\/guineediversite.com\/index.php\/2018\/08\/11\/presidentielle-au-mali-un-second-tour-sous-haute-tension\/#article\",\"isPartOf\":{\"@id\":\"https:\/\/guineediversite.com\/index.php\/2018\/08\/11\/presidentielle-au-mali-un-second-tour-sous-haute-tension\/\"},\"author\":{\"name\":\"Guin\u00e9e Diversit\u00e9\",\"@id\":\"https:\/\/guineediversite.com\/#\/schema\/person\/afa08fb34e7fc6e1feafc892612bc836\"},\"headline\":\"Pr\u00e9sidentielle au Mali : un second tour sous haute tension\",\"datePublished\":\"2018-08-11T20:42:47+00:00\",\"dateModified\":\"2018-08-11T23:47:09+00:00\",\"mainEntityOfPage\":{\"@id\":\"https:\/\/guineediversite.com\/index.php\/2018\/08\/11\/presidentielle-au-mali-un-second-tour-sous-haute-tension\/\"},\"wordCount\":1025,\"publisher\":{\"@id\":\"https:\/\/guineediversite.com\/#organization\"},\"image\":{\"@id\":\"https:\/\/guineediversite.com\/index.php\/2018\/08\/11\/presidentielle-au-mali-un-second-tour-sous-haute-tension\/#primaryimage\"},\"thumbnailUrl\":\"https:\/\/guineediversite.com\/wp-content\/uploads\/2018\/08\/7112018234610.jpg\",\"articleSection\":[\"International\"],\"inLanguage\":\"fr-FR\"},{\"@type\":\"WebPage\",\"@id\":\"https:\/\/guineediversite.com\/index.php\/2018\/08\/11\/presidentielle-au-mali-un-second-tour-sous-haute-tension\/\",\"url\":\"https:\/\/guineediversite.com\/index.php\/2018\/08\/11\/presidentielle-au-mali-un-second-tour-sous-haute-tension\/\",\"name\":\"Pr\u00e9sidentielle au Mali : un second tour sous haute tension | Guin\u00e9e Diversit\u00e9\",\"isPartOf\":{\"@id\":\"https:\/\/guineediversite.com\/#website\"},\"primaryImageOfPage\":{\"@id\":\"https:\/\/guineediversite.com\/index.php\/2018\/08\/11\/presidentielle-au-mali-un-second-tour-sous-haute-tension\/#primaryimage\"},\"image\":{\"@id\":\"https:\/\/guineediversite.com\/index.php\/2018\/08\/11\/presidentielle-au-mali-un-second-tour-sous-haute-tension\/#primaryimage\"},\"thumbnailUrl\":\"https:\/\/guineediversite.com\/wp-content\/uploads\/2018\/08\/7112018234610.jpg\",\"datePublished\":\"2018-08-11T20:42:47+00:00\",\"dateModified\":\"2018-08-11T23:47:09+00:00\",\"breadcrumb\":{\"@id\":\"https:\/\/guineediversite.com\/index.php\/2018\/08\/11\/presidentielle-au-mali-un-second-tour-sous-haute-tension\/#breadcrumb\"},\"inLanguage\":\"fr-FR\",\"potentialAction\":[{\"@type\":\"ReadAction\",\"target\":[\"https:\/\/guineediversite.com\/index.php\/2018\/08\/11\/presidentielle-au-mali-un-second-tour-sous-haute-tension\/\"]}]},{\"@type\":\"ImageObject\",\"inLanguage\":\"fr-FR\",\"@id\":\"https:\/\/guineediversite.com\/index.php\/2018\/08\/11\/presidentielle-au-mali-un-second-tour-sous-haute-tension\/#primaryimage\",\"url\":\"https:\/\/guineediversite.com\/wp-content\/uploads\/2018\/08\/7112018234610.jpg\",\"contentUrl\":\"https:\/\/guineediversite.com\/wp-content\/uploads\/2018\/08\/7112018234610.jpg\",\"width\":1024,\"height\":512},{\"@type\":\"BreadcrumbList\",\"@id\":\"https:\/\/guineediversite.com\/index.php\/2018\/08\/11\/presidentielle-au-mali-un-second-tour-sous-haute-tension\/#breadcrumb\",\"itemListElement\":[{\"@type\":\"ListItem\",\"position\":1,\"name\":\"Accueil\",\"item\":\"https:\/\/guineediversite.com\/\"},{\"@type\":\"ListItem\",\"position\":2,\"name\":\"Pr\u00e9sidentielle au Mali : un second tour sous haute tension\"}]},{\"@type\":\"WebSite\",\"@id\":\"https:\/\/guineediversite.com\/#website\",\"url\":\"https:\/\/guineediversite.com\/\",\"name\":\"Guin\u00e9e Diversit\u00e9\",\"description\":\"L&#039;Info dans toute sa diversit\u00e9\",\"publisher\":{\"@id\":\"https:\/\/guineediversite.com\/#organization\"},\"potentialAction\":[{\"@type\":\"SearchAction\",\"target\":{\"@type\":\"EntryPoint\",\"urlTemplate\":\"https:\/\/guineediversite.com\/?s={search_term_string}\"},\"query-input\":{\"@type\":\"PropertyValueSpecification\",\"valueRequired\":true,\"valueName\":\"search_term_string\"}}],\"inLanguage\":\"fr-FR\"},{\"@type\":\"Organization\",\"@id\":\"https:\/\/guineediversite.com\/#organization\",\"name\":\"Guin\u00e9e Diversit\u00e9\",\"url\":\"https:\/\/guineediversite.com\/\",\"logo\":{\"@type\":\"ImageObject\",\"inLanguage\":\"fr-FR\",\"@id\":\"https:\/\/guineediversite.com\/#\/schema\/logo\/image\/\",\"url\":\"https:\/\/guineediversite.com\/wp-content\/uploads\/2017\/04\/cropped-1jojlxEOMkX9Wyqfhe43D6kjPOGqBBKmx3EwWJqZ0cMrFF54yM49.png\",\"contentUrl\":\"https:\/\/guineediversite.com\/wp-content\/uploads\/2017\/04\/cropped-1jojlxEOMkX9Wyqfhe43D6kjPOGqBBKmx3EwWJqZ0cMrFF54yM49.png\",\"width\":186,\"height\":112,\"caption\":\"Guin\u00e9e Diversit\u00e9\"},\"image\":{\"@id\":\"https:\/\/guineediversite.com\/#\/schema\/logo\/image\/\"},\"sameAs\":[\"https:\/\/www.facebook.com\/guineediversite\/\",\"https:\/\/x.com\/GuineeDiversite\",\"https:\/\/www.youtube.com\/channel\/UC8sUY16qelG5ge6_D5SB83g\"]},{\"@type\":\"Person\",\"@id\":\"https:\/\/guineediversite.com\/#\/schema\/person\/afa08fb34e7fc6e1feafc892612bc836\",\"name\":\"Guin\u00e9e Diversit\u00e9\",\"image\":{\"@type\":\"ImageObject\",\"inLanguage\":\"fr-FR\",\"@id\":\"https:\/\/guineediversite.com\/#\/schema\/person\/image\/\",\"url\":\"https:\/\/secure.gravatar.com\/avatar\/50d5eb5b390f8b65ac30ac6f898eb83a?s=96&d=mm&r=g\",\"contentUrl\":\"https:\/\/secure.gravatar.com\/avatar\/50d5eb5b390f8b65ac30ac6f898eb83a?s=96&d=mm&r=g\",\"caption\":\"Guin\u00e9e Diversit\u00e9\"},\"url\":\"https:\/\/guineediversite.com\/index.php\/author\/guineediversite\/\"}]}<\/script>\n<!-- \/ Yoast SEO plugin. -->","yoast_head_json":{"title":"Pr\u00e9sidentielle au Mali : un second tour sous haute tension | Guin\u00e9e Diversit\u00e9","robots":{"index":"index","follow":"follow","max-snippet":"max-snippet:-1","max-image-preview":"max-image-preview:large","max-video-preview":"max-video-preview:-1"},"canonical":"https:\/\/guineediversite.com\/index.php\/2018\/08\/11\/presidentielle-au-mali-un-second-tour-sous-haute-tension\/","og_locale":"fr_FR","og_type":"article","og_title":"Pr\u00e9sidentielle au Mali : un second tour sous haute tension | Guin\u00e9e Diversit\u00e9","og_description":"Les Maliens se rendent aux urnes dimanche 12 ao\u00fbt pour choisir qui, du sortant Ibrahim Boubacar Ke\u00efta ou de l\u2019opposant Souma\u00efla Ciss\u00e9, pr\u00e9sidera \u00e0 leur destin\u00e9e pour cinq ans. Un scrutin qui cl\u00f4t un entre-deux tours marqu\u00e9 par un climat de d\u00e9fiance entre acteurs politiques. Le second tour aura-t-il lieu ? Sera-t-il report\u00e9 ? Le [&hellip;]","og_url":"https:\/\/guineediversite.com\/index.php\/2018\/08\/11\/presidentielle-au-mali-un-second-tour-sous-haute-tension\/","og_site_name":"Guin\u00e9e Diversit\u00e9","article_publisher":"https:\/\/www.facebook.com\/guineediversite\/","article_published_time":"2018-08-11T20:42:47+00:00","article_modified_time":"2018-08-11T23:47:09+00:00","og_image":[{"width":1024,"height":512,"url":"https:\/\/guineediversite.com\/wp-content\/uploads\/2018\/08\/7112018234610.jpg","type":"image\/jpeg"}],"author":"Guin\u00e9e Diversit\u00e9","twitter_card":"summary_large_image","twitter_creator":"@GuineeDiversite","twitter_site":"@GuineeDiversite","twitter_misc":{"\u00c9crit par":"Guin\u00e9e Diversit\u00e9","Dur\u00e9e de lecture estim\u00e9e":"5 minutes"},"schema":{"@context":"https:\/\/schema.org","@graph":[{"@type":"Article","@id":"https:\/\/guineediversite.com\/index.php\/2018\/08\/11\/presidentielle-au-mali-un-second-tour-sous-haute-tension\/#article","isPartOf":{"@id":"https:\/\/guineediversite.com\/index.php\/2018\/08\/11\/presidentielle-au-mali-un-second-tour-sous-haute-tension\/"},"author":{"name":"Guin\u00e9e Diversit\u00e9","@id":"https:\/\/guineediversite.com\/#\/schema\/person\/afa08fb34e7fc6e1feafc892612bc836"},"headline":"Pr\u00e9sidentielle au Mali : un second tour sous haute tension","datePublished":"2018-08-11T20:42:47+00:00","dateModified":"2018-08-11T23:47:09+00:00","mainEntityOfPage":{"@id":"https:\/\/guineediversite.com\/index.php\/2018\/08\/11\/presidentielle-au-mali-un-second-tour-sous-haute-tension\/"},"wordCount":1025,"publisher":{"@id":"https:\/\/guineediversite.com\/#organization"},"image":{"@id":"https:\/\/guineediversite.com\/index.php\/2018\/08\/11\/presidentielle-au-mali-un-second-tour-sous-haute-tension\/#primaryimage"},"thumbnailUrl":"https:\/\/guineediversite.com\/wp-content\/uploads\/2018\/08\/7112018234610.jpg","articleSection":["International"],"inLanguage":"fr-FR"},{"@type":"WebPage","@id":"https:\/\/guineediversite.com\/index.php\/2018\/08\/11\/presidentielle-au-mali-un-second-tour-sous-haute-tension\/","url":"https:\/\/guineediversite.com\/index.php\/2018\/08\/11\/presidentielle-au-mali-un-second-tour-sous-haute-tension\/","name":"Pr\u00e9sidentielle au Mali : un second tour sous haute tension | Guin\u00e9e Diversit\u00e9","isPartOf":{"@id":"https:\/\/guineediversite.com\/#website"},"primaryImageOfPage":{"@id":"https:\/\/guineediversite.com\/index.php\/2018\/08\/11\/presidentielle-au-mali-un-second-tour-sous-haute-tension\/#primaryimage"},"image":{"@id":"https:\/\/guineediversite.com\/index.php\/2018\/08\/11\/presidentielle-au-mali-un-second-tour-sous-haute-tension\/#primaryimage"},"thumbnailUrl":"https:\/\/guineediversite.com\/wp-content\/uploads\/2018\/08\/7112018234610.jpg","datePublished":"2018-08-11T20:42:47+00:00","dateModified":"2018-08-11T23:47:09+00:00","breadcrumb":{"@id":"https:\/\/guineediversite.com\/index.php\/2018\/08\/11\/presidentielle-au-mali-un-second-tour-sous-haute-tension\/#breadcrumb"},"inLanguage":"fr-FR","potentialAction":[{"@type":"ReadAction","target":["https:\/\/guineediversite.com\/index.php\/2018\/08\/11\/presidentielle-au-mali-un-second-tour-sous-haute-tension\/"]}]},{"@type":"ImageObject","inLanguage":"fr-FR","@id":"https:\/\/guineediversite.com\/index.php\/2018\/08\/11\/presidentielle-au-mali-un-second-tour-sous-haute-tension\/#primaryimage","url":"https:\/\/guineediversite.com\/wp-content\/uploads\/2018\/08\/7112018234610.jpg","contentUrl":"https:\/\/guineediversite.com\/wp-content\/uploads\/2018\/08\/7112018234610.jpg","width":1024,"height":512},{"@type":"BreadcrumbList","@id":"https:\/\/guineediversite.com\/index.php\/2018\/08\/11\/presidentielle-au-mali-un-second-tour-sous-haute-tension\/#breadcrumb","itemListElement":[{"@type":"ListItem","position":1,"name":"Accueil","item":"https:\/\/guineediversite.com\/"},{"@type":"ListItem","position":2,"name":"Pr\u00e9sidentielle au Mali : un second tour sous haute tension"}]},{"@type":"WebSite","@id":"https:\/\/guineediversite.com\/#website","url":"https:\/\/guineediversite.com\/","name":"Guin\u00e9e Diversit\u00e9","description":"L&#039;Info dans toute sa diversit\u00e9","publisher":{"@id":"https:\/\/guineediversite.com\/#organization"},"potentialAction":[{"@type":"SearchAction","target":{"@type":"EntryPoint","urlTemplate":"https:\/\/guineediversite.com\/?s={search_term_string}"},"query-input":{"@type":"PropertyValueSpecification","valueRequired":true,"valueName":"search_term_string"}}],"inLanguage":"fr-FR"},{"@type":"Organization","@id":"https:\/\/guineediversite.com\/#organization","name":"Guin\u00e9e Diversit\u00e9","url":"https:\/\/guineediversite.com\/","logo":{"@type":"ImageObject","inLanguage":"fr-FR","@id":"https:\/\/guineediversite.com\/#\/schema\/logo\/image\/","url":"https:\/\/guineediversite.com\/wp-content\/uploads\/2017\/04\/cropped-1jojlxEOMkX9Wyqfhe43D6kjPOGqBBKmx3EwWJqZ0cMrFF54yM49.png","contentUrl":"https:\/\/guineediversite.com\/wp-content\/uploads\/2017\/04\/cropped-1jojlxEOMkX9Wyqfhe43D6kjPOGqBBKmx3EwWJqZ0cMrFF54yM49.png","width":186,"height":112,"caption":"Guin\u00e9e Diversit\u00e9"},"image":{"@id":"https:\/\/guineediversite.com\/#\/schema\/logo\/image\/"},"sameAs":["https:\/\/www.facebook.com\/guineediversite\/","https:\/\/x.com\/GuineeDiversite","https:\/\/www.youtube.com\/channel\/UC8sUY16qelG5ge6_D5SB83g"]},{"@type":"Person","@id":"https:\/\/guineediversite.com\/#\/schema\/person\/afa08fb34e7fc6e1feafc892612bc836","name":"Guin\u00e9e Diversit\u00e9","image":{"@type":"ImageObject","inLanguage":"fr-FR","@id":"https:\/\/guineediversite.com\/#\/schema\/person\/image\/","url":"https:\/\/secure.gravatar.com\/avatar\/50d5eb5b390f8b65ac30ac6f898eb83a?s=96&d=mm&r=g","contentUrl":"https:\/\/secure.gravatar.com\/avatar\/50d5eb5b390f8b65ac30ac6f898eb83a?s=96&d=mm&r=g","caption":"Guin\u00e9e Diversit\u00e9"},"url":"https:\/\/guineediversite.com\/index.php\/author\/guineediversite\/"}]}},"_links":{"self":[{"href":"https:\/\/guineediversite.com\/index.php\/wp-json\/wp\/v2\/posts\/26312"}],"collection":[{"href":"https:\/\/guineediversite.com\/index.php\/wp-json\/wp\/v2\/posts"}],"about":[{"href":"https:\/\/guineediversite.com\/index.php\/wp-json\/wp\/v2\/types\/post"}],"author":[{"embeddable":true,"href":"https:\/\/guineediversite.com\/index.php\/wp-json\/wp\/v2\/users\/12"}],"replies":[{"embeddable":true,"href":"https:\/\/guineediversite.com\/index.php\/wp-json\/wp\/v2\/comments?post=26312"}],"version-history":[{"count":0,"href":"https:\/\/guineediversite.com\/index.php\/wp-json\/wp\/v2\/posts\/26312\/revisions"}],"wp:featuredmedia":[{"embeddable":true,"href":"https:\/\/guineediversite.com\/index.php\/wp-json\/wp\/v2\/media\/26313"}],"wp:attachment":[{"href":"https:\/\/guineediversite.com\/index.php\/wp-json\/wp\/v2\/media?parent=26312"}],"wp:term":[{"taxonomy":"category","embeddable":true,"href":"https:\/\/guineediversite.com\/index.php\/wp-json\/wp\/v2\/categories?post=26312"},{"taxonomy":"post_tag","embeddable":true,"href":"https:\/\/guineediversite.com\/index.php\/wp-json\/wp\/v2\/tags?post=26312"}],"curies":[{"name":"wp","href":"https:\/\/api.w.org\/{rel}","templated":true}]}}