{"id":26300,"date":"2018-08-11T00:07:50","date_gmt":"2018-08-10T22:07:50","guid":{"rendered":"https:\/\/guineediversite.com\/?p=26300"},"modified":"2018-08-11T00:07:50","modified_gmt":"2018-08-10T22:07:50","slug":"hadj-2018-aly-jamal-bangoura-sexplique-sur-le-retard-de-lobtention-des-vols","status":"publish","type":"post","link":"https:\/\/guineediversite.com\/index.php\/2018\/08\/11\/hadj-2018-aly-jamal-bangoura-sexplique-sur-le-retard-de-lobtention-des-vols\/","title":{"rendered":"Hadj 2018 \/ Aly Jamal Bangoura sexplique sur le retard de lobtention des vols"},"content":{"rendered":"<p>\u00c7a doit \u00eatre la fin du cauchemar pour ces candidats au p\u00e8lerinage 2018 cela apr\u00e8s plusieurs jours dattente dans la cour du centre islamique de Donka. Ils ont faillit protester contre les conditions dhygi\u00e8ne, dh\u00e9bergement en ces lieux mais leurs patience a finie par pay\u00e9e car tout semble rentrer dans lordre pour le transport de ces derniers candidats au Hadj 2018. Le secr\u00e9taire g\u00e9n\u00e9ral des affaires religieuses Aly Jamal Bangoura sest exprim\u00e9 ce vendredi 10 Juillet 2018 sur la situation des candidats p\u00e8lerins de cette ann\u00e9e encore en attente sur le territoire guin\u00e9en. Contrairement aux diff\u00e9rentes rumeurs qui avaient circul\u00e9s ces jours ci concernant le manque davion ou autres sp\u00e9culations, le secr\u00e9taire g\u00e9n\u00e9ral des affaires religieuses a declar\u00e9 que le retard accus\u00e9 dans le transport des p\u00e8lerins est d\u00fb \u00e0 lobtention des visas.<br \/>\nAly Jamal Bangoura explique quil \u00e9tait pr\u00e9vu comme quota initial, un nombre de 7.500 p\u00e8lerins devant \u00eatre transport\u00e9s par Ethiopia Airlines.<br \/>\n\u00ab On \u00e9tait en collaboration avec Ethiopia Airlines, con\u00e7u 26 convois pour transporter nos braves p\u00e8lerins vers les lieux saint de lIslam. Le 28 jusquau 6 ont constitu\u00e9 la premi\u00e8re \u00e9tape de ce d\u00e9part, on avait r\u00e9alis\u00e9 22 convois sur 26 et plus de 6400 p\u00e8lerins dans cette p\u00e9riode. Comme Ethiopia Airlines est en charge de transporter en plus des p\u00e8lerins guin\u00e9ens, ceux des pays voisins tels que les burkinab\u00e9s, les tchadiens, les togolais et les b\u00e9ninois, notre deuxi\u00e8me \u00e9tape \u00e9tait pr\u00e9vue \u00e0 partir du 13 ao\u00fbt \u00bb, mentionne t-il<br \/>\nDans cette interview quil a bien voulut nous accod\u00e9e, il confirme avoir rencontr\u00e9 des difficult\u00e9s due \u00e0 lobtention des visas, do\u00f9 le report de deux (2) vols :<br \/>\n\u00ab Comme lobtention de visas a caus\u00e9 des difficult\u00e9s chez nous, \u00e7a nous a pouss\u00e9s \u00e0 reporter deux (2) vols dune heure du matin et 4heures du matin. On \u00e9tait en n\u00e9gociation avec Ethiopia Airlines pour remplacer les deux vols dune part et dautre part pour rapprocher la date du 13 parce qu\u2019on a vu que l\u2019intervalle est un peu loin. C\u2019est cette occasion que les gens mal intentionn\u00e9s ont saisi en disant que le dernier convoi est parti alors qu\u2019il reste encore 1300 p\u00e8lerins. Selon le programme, il restait quatre convois, et il faut aussi signaler que dans l\u2019organisation du p\u00e8lerinage cette ann\u00e9e il y avait 15 agences priv\u00e9es qui \u00e9taient autoris\u00e9es pour inscrire et transporter les p\u00e8lerins vers les lieux saints de l\u2019Islam. Parmi les 15 agences, les p\u00e8lerins de S\u012bkar d\u2019une part et les p\u00e8lerins de 13 agences priv\u00e9es sont partis pendant la premi\u00e8re \u00e9tape. La deuxi\u00e8me \u00e9tape qui concerne maintenant 2 grandes agences \u00e0 savoir SAFFA et Al Madina, plus les p\u00e8lerins de S\u012bkar. Alors c\u2019\u00e9tait mal compris par les gens qui ne sont pas venus \u00e0 la source pour chercher la vraie version \u00bb, a-t-il termin\u00e9.<br \/>\nA rappeler que 269 p\u00e8lerins ont quitt\u00e9 Conakry ce jeudi, 288 sont pr\u00e9vus ce samedi, et la commission promets de tout cl\u00f4turer entre mardi et mercredi.<\/p>\n","protected":false},"excerpt":{"rendered":"<p>\u00c7a doit \u00eatre la fin du cauchemar pour ces candidats au p\u00e8lerinage 2018 cela apr\u00e8s plusieurs jours dattente dans la cour du centre islamique de Donka. Ils ont faillit protester contre les conditions dhygi\u00e8ne, dh\u00e9bergement en ces lieux mais leurs patience a finie par pay\u00e9e car tout semble rentrer dans lordre pour le transport de [&hellip;]<\/p>\n","protected":false},"author":16,"featured_media":26301,"comment_status":"closed","ping_status":"closed","sticky":false,"template":"","format":"standard","meta":{"_exactmetrics_skip_tracking":false,"_exactmetrics_sitenote_active":false,"_exactmetrics_sitenote_note":"","_exactmetrics_sitenote_category":0,"tdm_status":"","tdm_grid_status":"","footnotes":""},"categories":[16],"tags":[],"class_list":{"0":"post-26300","1":"post","2":"type-post","3":"status-publish","4":"format-standard","5":"has-post-thumbnail","7":"category-societe"},"yoast_head":"<!-- This site is optimized with the Yoast SEO plugin v24.2 - https:\/\/yoast.com\/wordpress\/plugins\/seo\/ -->\n<title>Hadj 2018 \/ Aly Jamal Bangoura sexplique sur le retard de lobtention des vols | Guin\u00e9e Diversit\u00e9<\/title>\n<meta name=\"robots\" content=\"index, follow, max-snippet:-1, max-image-preview:large, max-video-preview:-1\" \/>\n<link rel=\"canonical\" href=\"https:\/\/guineediversite.com\/index.php\/2018\/08\/11\/hadj-2018-aly-jamal-bangoura-sexplique-sur-le-retard-de-lobtention-des-vols\/\" \/>\n<meta property=\"og:locale\" content=\"fr_FR\" \/>\n<meta property=\"og:type\" content=\"article\" \/>\n<meta property=\"og:title\" content=\"Hadj 2018 \/ Aly Jamal Bangoura sexplique sur le retard de lobtention des vols | Guin\u00e9e Diversit\u00e9\" \/>\n<meta property=\"og:description\" content=\"\u00c7a doit \u00eatre la fin du cauchemar pour ces candidats au p\u00e8lerinage 2018 cela apr\u00e8s plusieurs jours dattente dans la cour du centre islamique de Donka. Ils ont faillit protester contre les conditions dhygi\u00e8ne, dh\u00e9bergement en ces lieux mais leurs patience a finie par pay\u00e9e car tout semble rentrer dans lordre pour le transport de [&hellip;]\" \/>\n<meta property=\"og:url\" content=\"https:\/\/guineediversite.com\/index.php\/2018\/08\/11\/hadj-2018-aly-jamal-bangoura-sexplique-sur-le-retard-de-lobtention-des-vols\/\" \/>\n<meta property=\"og:site_name\" content=\"Guin\u00e9e Diversit\u00e9\" \/>\n<meta property=\"article:publisher\" content=\"https:\/\/www.facebook.com\/guineediversite\/\" \/>\n<meta property=\"article:published_time\" content=\"2018-08-10T22:07:50+00:00\" \/>\n<meta property=\"og:image\" content=\"https:\/\/guineediversite.com\/wp-content\/uploads\/2018\/08\/710201822129.jpg\" \/>\n\t<meta property=\"og:image:width\" content=\"1024\" \/>\n\t<meta property=\"og:image:height\" content=\"661\" \/>\n\t<meta property=\"og:image:type\" content=\"image\/jpeg\" \/>\n<meta name=\"author\" content=\"Moussa Mo\u00efse K\u00e9ita\" \/>\n<meta name=\"twitter:card\" content=\"summary_large_image\" \/>\n<meta name=\"twitter:creator\" content=\"@GuineeDiversite\" \/>\n<meta name=\"twitter:site\" content=\"@GuineeDiversite\" \/>\n<meta name=\"twitter:label1\" content=\"\u00c9crit par\" \/>\n\t<meta name=\"twitter:data1\" content=\"Moussa Mo\u00efse K\u00e9ita\" \/>\n\t<meta name=\"twitter:label2\" content=\"Dur\u00e9e de lecture estim\u00e9e\" \/>\n\t<meta name=\"twitter:data2\" content=\"3 minutes\" \/>\n<script type=\"application\/ld+json\" class=\"yoast-schema-graph\">{\"@context\":\"https:\/\/schema.org\",\"@graph\":[{\"@type\":\"Article\",\"@id\":\"https:\/\/guineediversite.com\/index.php\/2018\/08\/11\/hadj-2018-aly-jamal-bangoura-sexplique-sur-le-retard-de-lobtention-des-vols\/#article\",\"isPartOf\":{\"@id\":\"https:\/\/guineediversite.com\/index.php\/2018\/08\/11\/hadj-2018-aly-jamal-bangoura-sexplique-sur-le-retard-de-lobtention-des-vols\/\"},\"author\":{\"name\":\"Moussa Mo\u00efse K\u00e9ita\",\"@id\":\"https:\/\/guineediversite.com\/#\/schema\/person\/079ec347f72d2acde4b56a50a4fd46dc\"},\"headline\":\"Hadj 2018 \/ Aly Jamal Bangoura sexplique sur le retard de lobtention des vols\",\"datePublished\":\"2018-08-10T22:07:50+00:00\",\"dateModified\":\"2018-08-10T22:07:50+00:00\",\"mainEntityOfPage\":{\"@id\":\"https:\/\/guineediversite.com\/index.php\/2018\/08\/11\/hadj-2018-aly-jamal-bangoura-sexplique-sur-le-retard-de-lobtention-des-vols\/\"},\"wordCount\":534,\"publisher\":{\"@id\":\"https:\/\/guineediversite.com\/#organization\"},\"image\":{\"@id\":\"https:\/\/guineediversite.com\/index.php\/2018\/08\/11\/hadj-2018-aly-jamal-bangoura-sexplique-sur-le-retard-de-lobtention-des-vols\/#primaryimage\"},\"thumbnailUrl\":\"https:\/\/guineediversite.com\/wp-content\/uploads\/2018\/08\/710201822129.jpg\",\"articleSection\":[\"Soci\u00e9t\u00e9\"],\"inLanguage\":\"fr-FR\"},{\"@type\":\"WebPage\",\"@id\":\"https:\/\/guineediversite.com\/index.php\/2018\/08\/11\/hadj-2018-aly-jamal-bangoura-sexplique-sur-le-retard-de-lobtention-des-vols\/\",\"url\":\"https:\/\/guineediversite.com\/index.php\/2018\/08\/11\/hadj-2018-aly-jamal-bangoura-sexplique-sur-le-retard-de-lobtention-des-vols\/\",\"name\":\"Hadj 2018 \/ Aly Jamal Bangoura sexplique sur le retard de lobtention des vols | Guin\u00e9e Diversit\u00e9\",\"isPartOf\":{\"@id\":\"https:\/\/guineediversite.com\/#website\"},\"primaryImageOfPage\":{\"@id\":\"https:\/\/guineediversite.com\/index.php\/2018\/08\/11\/hadj-2018-aly-jamal-bangoura-sexplique-sur-le-retard-de-lobtention-des-vols\/#primaryimage\"},\"image\":{\"@id\":\"https:\/\/guineediversite.com\/index.php\/2018\/08\/11\/hadj-2018-aly-jamal-bangoura-sexplique-sur-le-retard-de-lobtention-des-vols\/#primaryimage\"},\"thumbnailUrl\":\"https:\/\/guineediversite.com\/wp-content\/uploads\/2018\/08\/710201822129.jpg\",\"datePublished\":\"2018-08-10T22:07:50+00:00\",\"dateModified\":\"2018-08-10T22:07:50+00:00\",\"breadcrumb\":{\"@id\":\"https:\/\/guineediversite.com\/index.php\/2018\/08\/11\/hadj-2018-aly-jamal-bangoura-sexplique-sur-le-retard-de-lobtention-des-vols\/#breadcrumb\"},\"inLanguage\":\"fr-FR\",\"potentialAction\":[{\"@type\":\"ReadAction\",\"target\":[\"https:\/\/guineediversite.com\/index.php\/2018\/08\/11\/hadj-2018-aly-jamal-bangoura-sexplique-sur-le-retard-de-lobtention-des-vols\/\"]}]},{\"@type\":\"ImageObject\",\"inLanguage\":\"fr-FR\",\"@id\":\"https:\/\/guineediversite.com\/index.php\/2018\/08\/11\/hadj-2018-aly-jamal-bangoura-sexplique-sur-le-retard-de-lobtention-des-vols\/#primaryimage\",\"url\":\"https:\/\/guineediversite.com\/wp-content\/uploads\/2018\/08\/710201822129.jpg\",\"contentUrl\":\"https:\/\/guineediversite.com\/wp-content\/uploads\/2018\/08\/710201822129.jpg\",\"width\":1024,\"height\":661},{\"@type\":\"BreadcrumbList\",\"@id\":\"https:\/\/guineediversite.com\/index.php\/2018\/08\/11\/hadj-2018-aly-jamal-bangoura-sexplique-sur-le-retard-de-lobtention-des-vols\/#breadcrumb\",\"itemListElement\":[{\"@type\":\"ListItem\",\"position\":1,\"name\":\"Accueil\",\"item\":\"https:\/\/guineediversite.com\/\"},{\"@type\":\"ListItem\",\"position\":2,\"name\":\"Hadj 2018 \/ Aly Jamal Bangoura sexplique sur le retard de lobtention des vols\"}]},{\"@type\":\"WebSite\",\"@id\":\"https:\/\/guineediversite.com\/#website\",\"url\":\"https:\/\/guineediversite.com\/\",\"name\":\"Guin\u00e9e Diversit\u00e9\",\"description\":\"L&#039;Info dans toute sa diversit\u00e9\",\"publisher\":{\"@id\":\"https:\/\/guineediversite.com\/#organization\"},\"potentialAction\":[{\"@type\":\"SearchAction\",\"target\":{\"@type\":\"EntryPoint\",\"urlTemplate\":\"https:\/\/guineediversite.com\/?s={search_term_string}\"},\"query-input\":{\"@type\":\"PropertyValueSpecification\",\"valueRequired\":true,\"valueName\":\"search_term_string\"}}],\"inLanguage\":\"fr-FR\"},{\"@type\":\"Organization\",\"@id\":\"https:\/\/guineediversite.com\/#organization\",\"name\":\"Guin\u00e9e Diversit\u00e9\",\"url\":\"https:\/\/guineediversite.com\/\",\"logo\":{\"@type\":\"ImageObject\",\"inLanguage\":\"fr-FR\",\"@id\":\"https:\/\/guineediversite.com\/#\/schema\/logo\/image\/\",\"url\":\"https:\/\/guineediversite.com\/wp-content\/uploads\/2017\/04\/cropped-1jojlxEOMkX9Wyqfhe43D6kjPOGqBBKmx3EwWJqZ0cMrFF54yM49.png\",\"contentUrl\":\"https:\/\/guineediversite.com\/wp-content\/uploads\/2017\/04\/cropped-1jojlxEOMkX9Wyqfhe43D6kjPOGqBBKmx3EwWJqZ0cMrFF54yM49.png\",\"width\":186,\"height\":112,\"caption\":\"Guin\u00e9e Diversit\u00e9\"},\"image\":{\"@id\":\"https:\/\/guineediversite.com\/#\/schema\/logo\/image\/\"},\"sameAs\":[\"https:\/\/www.facebook.com\/guineediversite\/\",\"https:\/\/x.com\/GuineeDiversite\",\"https:\/\/www.youtube.com\/channel\/UC8sUY16qelG5ge6_D5SB83g\"]},{\"@type\":\"Person\",\"@id\":\"https:\/\/guineediversite.com\/#\/schema\/person\/079ec347f72d2acde4b56a50a4fd46dc\",\"name\":\"Moussa Mo\u00efse K\u00e9ita\",\"image\":{\"@type\":\"ImageObject\",\"inLanguage\":\"fr-FR\",\"@id\":\"https:\/\/guineediversite.com\/#\/schema\/person\/image\/\",\"url\":\"https:\/\/secure.gravatar.com\/avatar\/edf1ea2cc01841e6c0b49384bcb1385b?s=96&d=mm&r=g\",\"contentUrl\":\"https:\/\/secure.gravatar.com\/avatar\/edf1ea2cc01841e6c0b49384bcb1385b?s=96&d=mm&r=g\",\"caption\":\"Moussa Mo\u00efse K\u00e9ita\"},\"url\":\"https:\/\/guineediversite.com\/index.php\/author\/moussa-moise\/\"}]}<\/script>\n<!-- \/ Yoast SEO plugin. -->","yoast_head_json":{"title":"Hadj 2018 \/ Aly Jamal Bangoura sexplique sur le retard de lobtention des vols | Guin\u00e9e Diversit\u00e9","robots":{"index":"index","follow":"follow","max-snippet":"max-snippet:-1","max-image-preview":"max-image-preview:large","max-video-preview":"max-video-preview:-1"},"canonical":"https:\/\/guineediversite.com\/index.php\/2018\/08\/11\/hadj-2018-aly-jamal-bangoura-sexplique-sur-le-retard-de-lobtention-des-vols\/","og_locale":"fr_FR","og_type":"article","og_title":"Hadj 2018 \/ Aly Jamal Bangoura sexplique sur le retard de lobtention des vols | Guin\u00e9e Diversit\u00e9","og_description":"\u00c7a doit \u00eatre la fin du cauchemar pour ces candidats au p\u00e8lerinage 2018 cela apr\u00e8s plusieurs jours dattente dans la cour du centre islamique de Donka. Ils ont faillit protester contre les conditions dhygi\u00e8ne, dh\u00e9bergement en ces lieux mais leurs patience a finie par pay\u00e9e car tout semble rentrer dans lordre pour le transport de [&hellip;]","og_url":"https:\/\/guineediversite.com\/index.php\/2018\/08\/11\/hadj-2018-aly-jamal-bangoura-sexplique-sur-le-retard-de-lobtention-des-vols\/","og_site_name":"Guin\u00e9e Diversit\u00e9","article_publisher":"https:\/\/www.facebook.com\/guineediversite\/","article_published_time":"2018-08-10T22:07:50+00:00","og_image":[{"width":1024,"height":661,"url":"https:\/\/guineediversite.com\/wp-content\/uploads\/2018\/08\/710201822129.jpg","type":"image\/jpeg"}],"author":"Moussa Mo\u00efse K\u00e9ita","twitter_card":"summary_large_image","twitter_creator":"@GuineeDiversite","twitter_site":"@GuineeDiversite","twitter_misc":{"\u00c9crit par":"Moussa Mo\u00efse K\u00e9ita","Dur\u00e9e de lecture estim\u00e9e":"3 minutes"},"schema":{"@context":"https:\/\/schema.org","@graph":[{"@type":"Article","@id":"https:\/\/guineediversite.com\/index.php\/2018\/08\/11\/hadj-2018-aly-jamal-bangoura-sexplique-sur-le-retard-de-lobtention-des-vols\/#article","isPartOf":{"@id":"https:\/\/guineediversite.com\/index.php\/2018\/08\/11\/hadj-2018-aly-jamal-bangoura-sexplique-sur-le-retard-de-lobtention-des-vols\/"},"author":{"name":"Moussa Mo\u00efse K\u00e9ita","@id":"https:\/\/guineediversite.com\/#\/schema\/person\/079ec347f72d2acde4b56a50a4fd46dc"},"headline":"Hadj 2018 \/ Aly Jamal Bangoura sexplique sur le retard de lobtention des vols","datePublished":"2018-08-10T22:07:50+00:00","dateModified":"2018-08-10T22:07:50+00:00","mainEntityOfPage":{"@id":"https:\/\/guineediversite.com\/index.php\/2018\/08\/11\/hadj-2018-aly-jamal-bangoura-sexplique-sur-le-retard-de-lobtention-des-vols\/"},"wordCount":534,"publisher":{"@id":"https:\/\/guineediversite.com\/#organization"},"image":{"@id":"https:\/\/guineediversite.com\/index.php\/2018\/08\/11\/hadj-2018-aly-jamal-bangoura-sexplique-sur-le-retard-de-lobtention-des-vols\/#primaryimage"},"thumbnailUrl":"https:\/\/guineediversite.com\/wp-content\/uploads\/2018\/08\/710201822129.jpg","articleSection":["Soci\u00e9t\u00e9"],"inLanguage":"fr-FR"},{"@type":"WebPage","@id":"https:\/\/guineediversite.com\/index.php\/2018\/08\/11\/hadj-2018-aly-jamal-bangoura-sexplique-sur-le-retard-de-lobtention-des-vols\/","url":"https:\/\/guineediversite.com\/index.php\/2018\/08\/11\/hadj-2018-aly-jamal-bangoura-sexplique-sur-le-retard-de-lobtention-des-vols\/","name":"Hadj 2018 \/ Aly Jamal Bangoura sexplique sur le retard de lobtention des vols | Guin\u00e9e Diversit\u00e9","isPartOf":{"@id":"https:\/\/guineediversite.com\/#website"},"primaryImageOfPage":{"@id":"https:\/\/guineediversite.com\/index.php\/2018\/08\/11\/hadj-2018-aly-jamal-bangoura-sexplique-sur-le-retard-de-lobtention-des-vols\/#primaryimage"},"image":{"@id":"https:\/\/guineediversite.com\/index.php\/2018\/08\/11\/hadj-2018-aly-jamal-bangoura-sexplique-sur-le-retard-de-lobtention-des-vols\/#primaryimage"},"thumbnailUrl":"https:\/\/guineediversite.com\/wp-content\/uploads\/2018\/08\/710201822129.jpg","datePublished":"2018-08-10T22:07:50+00:00","dateModified":"2018-08-10T22:07:50+00:00","breadcrumb":{"@id":"https:\/\/guineediversite.com\/index.php\/2018\/08\/11\/hadj-2018-aly-jamal-bangoura-sexplique-sur-le-retard-de-lobtention-des-vols\/#breadcrumb"},"inLanguage":"fr-FR","potentialAction":[{"@type":"ReadAction","target":["https:\/\/guineediversite.com\/index.php\/2018\/08\/11\/hadj-2018-aly-jamal-bangoura-sexplique-sur-le-retard-de-lobtention-des-vols\/"]}]},{"@type":"ImageObject","inLanguage":"fr-FR","@id":"https:\/\/guineediversite.com\/index.php\/2018\/08\/11\/hadj-2018-aly-jamal-bangoura-sexplique-sur-le-retard-de-lobtention-des-vols\/#primaryimage","url":"https:\/\/guineediversite.com\/wp-content\/uploads\/2018\/08\/710201822129.jpg","contentUrl":"https:\/\/guineediversite.com\/wp-content\/uploads\/2018\/08\/710201822129.jpg","width":1024,"height":661},{"@type":"BreadcrumbList","@id":"https:\/\/guineediversite.com\/index.php\/2018\/08\/11\/hadj-2018-aly-jamal-bangoura-sexplique-sur-le-retard-de-lobtention-des-vols\/#breadcrumb","itemListElement":[{"@type":"ListItem","position":1,"name":"Accueil","item":"https:\/\/guineediversite.com\/"},{"@type":"ListItem","position":2,"name":"Hadj 2018 \/ Aly Jamal Bangoura sexplique sur le retard de lobtention des vols"}]},{"@type":"WebSite","@id":"https:\/\/guineediversite.com\/#website","url":"https:\/\/guineediversite.com\/","name":"Guin\u00e9e Diversit\u00e9","description":"L&#039;Info dans toute sa diversit\u00e9","publisher":{"@id":"https:\/\/guineediversite.com\/#organization"},"potentialAction":[{"@type":"SearchAction","target":{"@type":"EntryPoint","urlTemplate":"https:\/\/guineediversite.com\/?s={search_term_string}"},"query-input":{"@type":"PropertyValueSpecification","valueRequired":true,"valueName":"search_term_string"}}],"inLanguage":"fr-FR"},{"@type":"Organization","@id":"https:\/\/guineediversite.com\/#organization","name":"Guin\u00e9e Diversit\u00e9","url":"https:\/\/guineediversite.com\/","logo":{"@type":"ImageObject","inLanguage":"fr-FR","@id":"https:\/\/guineediversite.com\/#\/schema\/logo\/image\/","url":"https:\/\/guineediversite.com\/wp-content\/uploads\/2017\/04\/cropped-1jojlxEOMkX9Wyqfhe43D6kjPOGqBBKmx3EwWJqZ0cMrFF54yM49.png","contentUrl":"https:\/\/guineediversite.com\/wp-content\/uploads\/2017\/04\/cropped-1jojlxEOMkX9Wyqfhe43D6kjPOGqBBKmx3EwWJqZ0cMrFF54yM49.png","width":186,"height":112,"caption":"Guin\u00e9e Diversit\u00e9"},"image":{"@id":"https:\/\/guineediversite.com\/#\/schema\/logo\/image\/"},"sameAs":["https:\/\/www.facebook.com\/guineediversite\/","https:\/\/x.com\/GuineeDiversite","https:\/\/www.youtube.com\/channel\/UC8sUY16qelG5ge6_D5SB83g"]},{"@type":"Person","@id":"https:\/\/guineediversite.com\/#\/schema\/person\/079ec347f72d2acde4b56a50a4fd46dc","name":"Moussa Mo\u00efse K\u00e9ita","image":{"@type":"ImageObject","inLanguage":"fr-FR","@id":"https:\/\/guineediversite.com\/#\/schema\/person\/image\/","url":"https:\/\/secure.gravatar.com\/avatar\/edf1ea2cc01841e6c0b49384bcb1385b?s=96&d=mm&r=g","contentUrl":"https:\/\/secure.gravatar.com\/avatar\/edf1ea2cc01841e6c0b49384bcb1385b?s=96&d=mm&r=g","caption":"Moussa Mo\u00efse K\u00e9ita"},"url":"https:\/\/guineediversite.com\/index.php\/author\/moussa-moise\/"}]}},"_links":{"self":[{"href":"https:\/\/guineediversite.com\/index.php\/wp-json\/wp\/v2\/posts\/26300"}],"collection":[{"href":"https:\/\/guineediversite.com\/index.php\/wp-json\/wp\/v2\/posts"}],"about":[{"href":"https:\/\/guineediversite.com\/index.php\/wp-json\/wp\/v2\/types\/post"}],"author":[{"embeddable":true,"href":"https:\/\/guineediversite.com\/index.php\/wp-json\/wp\/v2\/users\/16"}],"replies":[{"embeddable":true,"href":"https:\/\/guineediversite.com\/index.php\/wp-json\/wp\/v2\/comments?post=26300"}],"version-history":[{"count":0,"href":"https:\/\/guineediversite.com\/index.php\/wp-json\/wp\/v2\/posts\/26300\/revisions"}],"wp:featuredmedia":[{"embeddable":true,"href":"https:\/\/guineediversite.com\/index.php\/wp-json\/wp\/v2\/media\/26301"}],"wp:attachment":[{"href":"https:\/\/guineediversite.com\/index.php\/wp-json\/wp\/v2\/media?parent=26300"}],"wp:term":[{"taxonomy":"category","embeddable":true,"href":"https:\/\/guineediversite.com\/index.php\/wp-json\/wp\/v2\/categories?post=26300"},{"taxonomy":"post_tag","embeddable":true,"href":"https:\/\/guineediversite.com\/index.php\/wp-json\/wp\/v2\/tags?post=26300"}],"curies":[{"name":"wp","href":"https:\/\/api.w.org\/{rel}","templated":true}]}}