{"id":26297,"date":"2018-08-10T17:55:12","date_gmt":"2018-08-10T15:55:12","guid":{"rendered":"https:\/\/guineediversite.com\/?p=26297"},"modified":"2018-08-10T17:55:12","modified_gmt":"2018-08-10T15:55:12","slug":"cote-divoire-poursuivie-par-la-cpi-simone-gbagbo-va-deposer-un-recours","status":"publish","type":"post","link":"https:\/\/guineediversite.com\/index.php\/2018\/08\/10\/cote-divoire-poursuivie-par-la-cpi-simone-gbagbo-va-deposer-un-recours\/","title":{"rendered":"C\u00f4te d\u2019Ivoire : poursuivie par la CPI, Simone Gbagbo va d\u00e9poser un recours"},"content":{"rendered":"<p>L&rsquo;ex-Premi\u00e8re dame ivoirienne, Simone Gbagbo, lib\u00e9r\u00e9e mercredi \u00e0 Abidjan, va engager une proc\u00e9dure \u00ab en annulation \u00bb devant la Cour p\u00e9nale internationale, qui la poursuit pour \u00ab crimes contre l&rsquo;humanit\u00e9 \u00bb, a annonc\u00e9 vendredi son avocat.<br \/>\nCondamn\u00e9e \u00e0 vingt ans de prison pour atteinte \u00e0 la s\u00fbret\u00e9 de l\u2019\u00c9tat, Simone Gbagbo a b\u00e9n\u00e9fici\u00e9 d\u2019une amnistie, d\u00e9cr\u00e9t\u00e9e \u00e0 800 personnes lundi par le pr\u00e9sident Alassane Ouattara, afin de favoriser la r\u00e9conciliation nationale en C\u00f4te d\u2019Ivoire.<br \/>\nMais elle reste poursuivie par la CPI, qui a d\u00e9livr\u00e9 contre elle un mandat d\u2019arr\u00eat en f\u00e9vrier 2012. \u00ab En septembre, l\u2019\u00e9quipe de d\u00e9fense de Simone Gbagbo engagera \u00e0 la CPI une proc\u00e9dure pour annuler les poursuites contre elle \u00bb, a d\u00e9clar\u00e9 Me Rodrigue Dadj\u00e9, son avocat.<br \/>\n\u00ab Le mandat d\u2019arr\u00eat contre Mme Gbagbo est toujours en vigueur \u00bb, a soulign\u00e9 la CPI dans un communiqu\u00e9, rappelant \u00ab \u00e0 la C\u00f4te d\u2019Ivoire son obligation de remettre sans d\u00e9lai Mme Gbagbo \u00e0 la Cour \u00bb.<br \/>\n\u00ab Mme Gbagbo doit \u00eatre arr\u00eat\u00e9e sur la base de ce mandat et transf\u00e9r\u00e9e \u00e0 la CPI pour y \u00eatre poursuivie. Toute amnistie qui pourrait avoir \u00e9t\u00e9 accord\u00e9e n\u2019a aucun impact sur les proc\u00e9dures devant la CPI \u00bb, a poursuivi la Cour.<br \/>\nMalgr\u00e9 le mandat de la CPI, le pr\u00e9sident ivoirien Alassane Ouattara avait affirm\u00e9 en 2016 qu\u2019il \u00ab n\u2019enverrait plus d\u2019Ivoiriens \u00bb \u00e0 la CPI, estimant que son pays avait d\u00e9sormais une \u00ab justice op\u00e9rationnelle \u00bb.<br \/>\nL\u2019ancien pr\u00e9sident Laurent Gbagbo et son ancien ministre de la Jeunesse, Charles Bl\u00e9 Goud\u00e9, sont les deux Ivoiriens actuellement jug\u00e9s par la CPI \u00e0 La Haye pour des crimes contre l\u2019humanit\u00e9 pr\u00e9sum\u00e9s lors de la crise de 2010-2011, qui a fait 3 000 morts.<\/p>\n<p>JA<\/p>\n","protected":false},"excerpt":{"rendered":"<p>L&rsquo;ex-Premi\u00e8re dame ivoirienne, Simone Gbagbo, lib\u00e9r\u00e9e mercredi \u00e0 Abidjan, va engager une proc\u00e9dure \u00ab en annulation \u00bb devant la Cour p\u00e9nale internationale, qui la poursuit pour \u00ab crimes contre l&rsquo;humanit\u00e9 \u00bb, a annonc\u00e9 vendredi son avocat. Condamn\u00e9e \u00e0 vingt ans de prison pour atteinte \u00e0 la s\u00fbret\u00e9 de l\u2019\u00c9tat, Simone Gbagbo a b\u00e9n\u00e9fici\u00e9 d\u2019une amnistie, [&hellip;]<\/p>\n","protected":false},"author":7,"featured_media":26298,"comment_status":"closed","ping_status":"closed","sticky":false,"template":"","format":"standard","meta":{"_exactmetrics_skip_tracking":false,"_exactmetrics_sitenote_active":false,"_exactmetrics_sitenote_note":"","_exactmetrics_sitenote_category":0,"tdm_status":"","tdm_grid_status":"","footnotes":""},"categories":[21],"tags":[],"class_list":{"0":"post-26297","1":"post","2":"type-post","3":"status-publish","4":"format-standard","5":"has-post-thumbnail","7":"category-international"},"yoast_head":"<!-- This site is optimized with the Yoast SEO plugin v24.2 - https:\/\/yoast.com\/wordpress\/plugins\/seo\/ -->\n<title>C\u00f4te d\u2019Ivoire : poursuivie par la CPI, Simone Gbagbo va d\u00e9poser un recours | Guin\u00e9e Diversit\u00e9<\/title>\n<meta name=\"robots\" content=\"index, follow, max-snippet:-1, max-image-preview:large, max-video-preview:-1\" \/>\n<link rel=\"canonical\" href=\"https:\/\/guineediversite.com\/index.php\/2018\/08\/10\/cote-divoire-poursuivie-par-la-cpi-simone-gbagbo-va-deposer-un-recours\/\" \/>\n<meta property=\"og:locale\" content=\"fr_FR\" \/>\n<meta property=\"og:type\" content=\"article\" \/>\n<meta property=\"og:title\" content=\"C\u00f4te d\u2019Ivoire : poursuivie par la CPI, Simone Gbagbo va d\u00e9poser un recours | Guin\u00e9e Diversit\u00e9\" \/>\n<meta property=\"og:description\" content=\"L&rsquo;ex-Premi\u00e8re dame ivoirienne, Simone Gbagbo, lib\u00e9r\u00e9e mercredi \u00e0 Abidjan, va engager une proc\u00e9dure \u00ab en annulation \u00bb devant la Cour p\u00e9nale internationale, qui la poursuit pour \u00ab crimes contre l&rsquo;humanit\u00e9 \u00bb, a annonc\u00e9 vendredi son avocat. Condamn\u00e9e \u00e0 vingt ans de prison pour atteinte \u00e0 la s\u00fbret\u00e9 de l\u2019\u00c9tat, Simone Gbagbo a b\u00e9n\u00e9fici\u00e9 d\u2019une amnistie, [&hellip;]\" \/>\n<meta property=\"og:url\" content=\"https:\/\/guineediversite.com\/index.php\/2018\/08\/10\/cote-divoire-poursuivie-par-la-cpi-simone-gbagbo-va-deposer-un-recours\/\" \/>\n<meta property=\"og:site_name\" content=\"Guin\u00e9e Diversit\u00e9\" \/>\n<meta property=\"article:publisher\" content=\"https:\/\/www.facebook.com\/guineediversite\/\" \/>\n<meta property=\"article:published_time\" content=\"2018-08-10T15:55:12+00:00\" \/>\n<meta property=\"og:image\" content=\"https:\/\/guineediversite.com\/wp-content\/uploads\/2018\/08\/7102018155414.jpg\" \/>\n\t<meta property=\"og:image:width\" content=\"1024\" \/>\n\t<meta property=\"og:image:height\" content=\"512\" \/>\n\t<meta property=\"og:image:type\" content=\"image\/jpeg\" \/>\n<meta name=\"author\" content=\"Bilguissa Diallo\" \/>\n<meta name=\"twitter:card\" content=\"summary_large_image\" \/>\n<meta name=\"twitter:creator\" content=\"@GuineeDiversite\" \/>\n<meta name=\"twitter:site\" content=\"@GuineeDiversite\" \/>\n<meta name=\"twitter:label1\" content=\"\u00c9crit par\" \/>\n\t<meta name=\"twitter:data1\" content=\"Bilguissa Diallo\" \/>\n\t<meta name=\"twitter:label2\" content=\"Dur\u00e9e de lecture estim\u00e9e\" \/>\n\t<meta name=\"twitter:data2\" content=\"1 minute\" \/>\n<script type=\"application\/ld+json\" class=\"yoast-schema-graph\">{\"@context\":\"https:\/\/schema.org\",\"@graph\":[{\"@type\":\"Article\",\"@id\":\"https:\/\/guineediversite.com\/index.php\/2018\/08\/10\/cote-divoire-poursuivie-par-la-cpi-simone-gbagbo-va-deposer-un-recours\/#article\",\"isPartOf\":{\"@id\":\"https:\/\/guineediversite.com\/index.php\/2018\/08\/10\/cote-divoire-poursuivie-par-la-cpi-simone-gbagbo-va-deposer-un-recours\/\"},\"author\":{\"name\":\"Bilguissa Diallo\",\"@id\":\"https:\/\/guineediversite.com\/#\/schema\/person\/0e0e3e424768a50d025ac2218ccca73f\"},\"headline\":\"C\u00f4te d\u2019Ivoire : poursuivie par la CPI, Simone Gbagbo va d\u00e9poser un recours\",\"datePublished\":\"2018-08-10T15:55:12+00:00\",\"dateModified\":\"2018-08-10T15:55:12+00:00\",\"mainEntityOfPage\":{\"@id\":\"https:\/\/guineediversite.com\/index.php\/2018\/08\/10\/cote-divoire-poursuivie-par-la-cpi-simone-gbagbo-va-deposer-un-recours\/\"},\"wordCount\":316,\"publisher\":{\"@id\":\"https:\/\/guineediversite.com\/#organization\"},\"image\":{\"@id\":\"https:\/\/guineediversite.com\/index.php\/2018\/08\/10\/cote-divoire-poursuivie-par-la-cpi-simone-gbagbo-va-deposer-un-recours\/#primaryimage\"},\"thumbnailUrl\":\"https:\/\/guineediversite.com\/wp-content\/uploads\/2018\/08\/7102018155414.jpg\",\"articleSection\":[\"International\"],\"inLanguage\":\"fr-FR\"},{\"@type\":\"WebPage\",\"@id\":\"https:\/\/guineediversite.com\/index.php\/2018\/08\/10\/cote-divoire-poursuivie-par-la-cpi-simone-gbagbo-va-deposer-un-recours\/\",\"url\":\"https:\/\/guineediversite.com\/index.php\/2018\/08\/10\/cote-divoire-poursuivie-par-la-cpi-simone-gbagbo-va-deposer-un-recours\/\",\"name\":\"C\u00f4te d\u2019Ivoire : poursuivie par la CPI, Simone Gbagbo va d\u00e9poser un recours | Guin\u00e9e Diversit\u00e9\",\"isPartOf\":{\"@id\":\"https:\/\/guineediversite.com\/#website\"},\"primaryImageOfPage\":{\"@id\":\"https:\/\/guineediversite.com\/index.php\/2018\/08\/10\/cote-divoire-poursuivie-par-la-cpi-simone-gbagbo-va-deposer-un-recours\/#primaryimage\"},\"image\":{\"@id\":\"https:\/\/guineediversite.com\/index.php\/2018\/08\/10\/cote-divoire-poursuivie-par-la-cpi-simone-gbagbo-va-deposer-un-recours\/#primaryimage\"},\"thumbnailUrl\":\"https:\/\/guineediversite.com\/wp-content\/uploads\/2018\/08\/7102018155414.jpg\",\"datePublished\":\"2018-08-10T15:55:12+00:00\",\"dateModified\":\"2018-08-10T15:55:12+00:00\",\"breadcrumb\":{\"@id\":\"https:\/\/guineediversite.com\/index.php\/2018\/08\/10\/cote-divoire-poursuivie-par-la-cpi-simone-gbagbo-va-deposer-un-recours\/#breadcrumb\"},\"inLanguage\":\"fr-FR\",\"potentialAction\":[{\"@type\":\"ReadAction\",\"target\":[\"https:\/\/guineediversite.com\/index.php\/2018\/08\/10\/cote-divoire-poursuivie-par-la-cpi-simone-gbagbo-va-deposer-un-recours\/\"]}]},{\"@type\":\"ImageObject\",\"inLanguage\":\"fr-FR\",\"@id\":\"https:\/\/guineediversite.com\/index.php\/2018\/08\/10\/cote-divoire-poursuivie-par-la-cpi-simone-gbagbo-va-deposer-un-recours\/#primaryimage\",\"url\":\"https:\/\/guineediversite.com\/wp-content\/uploads\/2018\/08\/7102018155414.jpg\",\"contentUrl\":\"https:\/\/guineediversite.com\/wp-content\/uploads\/2018\/08\/7102018155414.jpg\",\"width\":1024,\"height\":512},{\"@type\":\"BreadcrumbList\",\"@id\":\"https:\/\/guineediversite.com\/index.php\/2018\/08\/10\/cote-divoire-poursuivie-par-la-cpi-simone-gbagbo-va-deposer-un-recours\/#breadcrumb\",\"itemListElement\":[{\"@type\":\"ListItem\",\"position\":1,\"name\":\"Accueil\",\"item\":\"https:\/\/guineediversite.com\/\"},{\"@type\":\"ListItem\",\"position\":2,\"name\":\"C\u00f4te d\u2019Ivoire : poursuivie par la CPI, Simone Gbagbo va d\u00e9poser un recours\"}]},{\"@type\":\"WebSite\",\"@id\":\"https:\/\/guineediversite.com\/#website\",\"url\":\"https:\/\/guineediversite.com\/\",\"name\":\"Guin\u00e9e Diversit\u00e9\",\"description\":\"L&#039;Info dans toute sa diversit\u00e9\",\"publisher\":{\"@id\":\"https:\/\/guineediversite.com\/#organization\"},\"potentialAction\":[{\"@type\":\"SearchAction\",\"target\":{\"@type\":\"EntryPoint\",\"urlTemplate\":\"https:\/\/guineediversite.com\/?s={search_term_string}\"},\"query-input\":{\"@type\":\"PropertyValueSpecification\",\"valueRequired\":true,\"valueName\":\"search_term_string\"}}],\"inLanguage\":\"fr-FR\"},{\"@type\":\"Organization\",\"@id\":\"https:\/\/guineediversite.com\/#organization\",\"name\":\"Guin\u00e9e Diversit\u00e9\",\"url\":\"https:\/\/guineediversite.com\/\",\"logo\":{\"@type\":\"ImageObject\",\"inLanguage\":\"fr-FR\",\"@id\":\"https:\/\/guineediversite.com\/#\/schema\/logo\/image\/\",\"url\":\"https:\/\/guineediversite.com\/wp-content\/uploads\/2017\/04\/cropped-1jojlxEOMkX9Wyqfhe43D6kjPOGqBBKmx3EwWJqZ0cMrFF54yM49.png\",\"contentUrl\":\"https:\/\/guineediversite.com\/wp-content\/uploads\/2017\/04\/cropped-1jojlxEOMkX9Wyqfhe43D6kjPOGqBBKmx3EwWJqZ0cMrFF54yM49.png\",\"width\":186,\"height\":112,\"caption\":\"Guin\u00e9e Diversit\u00e9\"},\"image\":{\"@id\":\"https:\/\/guineediversite.com\/#\/schema\/logo\/image\/\"},\"sameAs\":[\"https:\/\/www.facebook.com\/guineediversite\/\",\"https:\/\/x.com\/GuineeDiversite\",\"https:\/\/www.youtube.com\/channel\/UC8sUY16qelG5ge6_D5SB83g\"]},{\"@type\":\"Person\",\"@id\":\"https:\/\/guineediversite.com\/#\/schema\/person\/0e0e3e424768a50d025ac2218ccca73f\",\"name\":\"Bilguissa Diallo\",\"image\":{\"@type\":\"ImageObject\",\"inLanguage\":\"fr-FR\",\"@id\":\"https:\/\/guineediversite.com\/#\/schema\/person\/image\/\",\"url\":\"https:\/\/secure.gravatar.com\/avatar\/49bbbd2420ee34d62b1b191791f4b5df?s=96&d=mm&r=g\",\"contentUrl\":\"https:\/\/secure.gravatar.com\/avatar\/49bbbd2420ee34d62b1b191791f4b5df?s=96&d=mm&r=g\",\"caption\":\"Bilguissa Diallo\"},\"url\":\"https:\/\/guineediversite.com\/index.php\/author\/bilguissa\/\"}]}<\/script>\n<!-- \/ Yoast SEO plugin. -->","yoast_head_json":{"title":"C\u00f4te d\u2019Ivoire : poursuivie par la CPI, Simone Gbagbo va d\u00e9poser un recours | Guin\u00e9e Diversit\u00e9","robots":{"index":"index","follow":"follow","max-snippet":"max-snippet:-1","max-image-preview":"max-image-preview:large","max-video-preview":"max-video-preview:-1"},"canonical":"https:\/\/guineediversite.com\/index.php\/2018\/08\/10\/cote-divoire-poursuivie-par-la-cpi-simone-gbagbo-va-deposer-un-recours\/","og_locale":"fr_FR","og_type":"article","og_title":"C\u00f4te d\u2019Ivoire : poursuivie par la CPI, Simone Gbagbo va d\u00e9poser un recours | Guin\u00e9e Diversit\u00e9","og_description":"L&rsquo;ex-Premi\u00e8re dame ivoirienne, Simone Gbagbo, lib\u00e9r\u00e9e mercredi \u00e0 Abidjan, va engager une proc\u00e9dure \u00ab en annulation \u00bb devant la Cour p\u00e9nale internationale, qui la poursuit pour \u00ab crimes contre l&rsquo;humanit\u00e9 \u00bb, a annonc\u00e9 vendredi son avocat. Condamn\u00e9e \u00e0 vingt ans de prison pour atteinte \u00e0 la s\u00fbret\u00e9 de l\u2019\u00c9tat, Simone Gbagbo a b\u00e9n\u00e9fici\u00e9 d\u2019une amnistie, [&hellip;]","og_url":"https:\/\/guineediversite.com\/index.php\/2018\/08\/10\/cote-divoire-poursuivie-par-la-cpi-simone-gbagbo-va-deposer-un-recours\/","og_site_name":"Guin\u00e9e Diversit\u00e9","article_publisher":"https:\/\/www.facebook.com\/guineediversite\/","article_published_time":"2018-08-10T15:55:12+00:00","og_image":[{"width":1024,"height":512,"url":"https:\/\/guineediversite.com\/wp-content\/uploads\/2018\/08\/7102018155414.jpg","type":"image\/jpeg"}],"author":"Bilguissa Diallo","twitter_card":"summary_large_image","twitter_creator":"@GuineeDiversite","twitter_site":"@GuineeDiversite","twitter_misc":{"\u00c9crit par":"Bilguissa Diallo","Dur\u00e9e de lecture estim\u00e9e":"1 minute"},"schema":{"@context":"https:\/\/schema.org","@graph":[{"@type":"Article","@id":"https:\/\/guineediversite.com\/index.php\/2018\/08\/10\/cote-divoire-poursuivie-par-la-cpi-simone-gbagbo-va-deposer-un-recours\/#article","isPartOf":{"@id":"https:\/\/guineediversite.com\/index.php\/2018\/08\/10\/cote-divoire-poursuivie-par-la-cpi-simone-gbagbo-va-deposer-un-recours\/"},"author":{"name":"Bilguissa Diallo","@id":"https:\/\/guineediversite.com\/#\/schema\/person\/0e0e3e424768a50d025ac2218ccca73f"},"headline":"C\u00f4te d\u2019Ivoire : poursuivie par la CPI, Simone Gbagbo va d\u00e9poser un recours","datePublished":"2018-08-10T15:55:12+00:00","dateModified":"2018-08-10T15:55:12+00:00","mainEntityOfPage":{"@id":"https:\/\/guineediversite.com\/index.php\/2018\/08\/10\/cote-divoire-poursuivie-par-la-cpi-simone-gbagbo-va-deposer-un-recours\/"},"wordCount":316,"publisher":{"@id":"https:\/\/guineediversite.com\/#organization"},"image":{"@id":"https:\/\/guineediversite.com\/index.php\/2018\/08\/10\/cote-divoire-poursuivie-par-la-cpi-simone-gbagbo-va-deposer-un-recours\/#primaryimage"},"thumbnailUrl":"https:\/\/guineediversite.com\/wp-content\/uploads\/2018\/08\/7102018155414.jpg","articleSection":["International"],"inLanguage":"fr-FR"},{"@type":"WebPage","@id":"https:\/\/guineediversite.com\/index.php\/2018\/08\/10\/cote-divoire-poursuivie-par-la-cpi-simone-gbagbo-va-deposer-un-recours\/","url":"https:\/\/guineediversite.com\/index.php\/2018\/08\/10\/cote-divoire-poursuivie-par-la-cpi-simone-gbagbo-va-deposer-un-recours\/","name":"C\u00f4te d\u2019Ivoire : poursuivie par la CPI, Simone Gbagbo va d\u00e9poser un recours | Guin\u00e9e Diversit\u00e9","isPartOf":{"@id":"https:\/\/guineediversite.com\/#website"},"primaryImageOfPage":{"@id":"https:\/\/guineediversite.com\/index.php\/2018\/08\/10\/cote-divoire-poursuivie-par-la-cpi-simone-gbagbo-va-deposer-un-recours\/#primaryimage"},"image":{"@id":"https:\/\/guineediversite.com\/index.php\/2018\/08\/10\/cote-divoire-poursuivie-par-la-cpi-simone-gbagbo-va-deposer-un-recours\/#primaryimage"},"thumbnailUrl":"https:\/\/guineediversite.com\/wp-content\/uploads\/2018\/08\/7102018155414.jpg","datePublished":"2018-08-10T15:55:12+00:00","dateModified":"2018-08-10T15:55:12+00:00","breadcrumb":{"@id":"https:\/\/guineediversite.com\/index.php\/2018\/08\/10\/cote-divoire-poursuivie-par-la-cpi-simone-gbagbo-va-deposer-un-recours\/#breadcrumb"},"inLanguage":"fr-FR","potentialAction":[{"@type":"ReadAction","target":["https:\/\/guineediversite.com\/index.php\/2018\/08\/10\/cote-divoire-poursuivie-par-la-cpi-simone-gbagbo-va-deposer-un-recours\/"]}]},{"@type":"ImageObject","inLanguage":"fr-FR","@id":"https:\/\/guineediversite.com\/index.php\/2018\/08\/10\/cote-divoire-poursuivie-par-la-cpi-simone-gbagbo-va-deposer-un-recours\/#primaryimage","url":"https:\/\/guineediversite.com\/wp-content\/uploads\/2018\/08\/7102018155414.jpg","contentUrl":"https:\/\/guineediversite.com\/wp-content\/uploads\/2018\/08\/7102018155414.jpg","width":1024,"height":512},{"@type":"BreadcrumbList","@id":"https:\/\/guineediversite.com\/index.php\/2018\/08\/10\/cote-divoire-poursuivie-par-la-cpi-simone-gbagbo-va-deposer-un-recours\/#breadcrumb","itemListElement":[{"@type":"ListItem","position":1,"name":"Accueil","item":"https:\/\/guineediversite.com\/"},{"@type":"ListItem","position":2,"name":"C\u00f4te d\u2019Ivoire : poursuivie par la CPI, Simone Gbagbo va d\u00e9poser un recours"}]},{"@type":"WebSite","@id":"https:\/\/guineediversite.com\/#website","url":"https:\/\/guineediversite.com\/","name":"Guin\u00e9e Diversit\u00e9","description":"L&#039;Info dans toute sa diversit\u00e9","publisher":{"@id":"https:\/\/guineediversite.com\/#organization"},"potentialAction":[{"@type":"SearchAction","target":{"@type":"EntryPoint","urlTemplate":"https:\/\/guineediversite.com\/?s={search_term_string}"},"query-input":{"@type":"PropertyValueSpecification","valueRequired":true,"valueName":"search_term_string"}}],"inLanguage":"fr-FR"},{"@type":"Organization","@id":"https:\/\/guineediversite.com\/#organization","name":"Guin\u00e9e Diversit\u00e9","url":"https:\/\/guineediversite.com\/","logo":{"@type":"ImageObject","inLanguage":"fr-FR","@id":"https:\/\/guineediversite.com\/#\/schema\/logo\/image\/","url":"https:\/\/guineediversite.com\/wp-content\/uploads\/2017\/04\/cropped-1jojlxEOMkX9Wyqfhe43D6kjPOGqBBKmx3EwWJqZ0cMrFF54yM49.png","contentUrl":"https:\/\/guineediversite.com\/wp-content\/uploads\/2017\/04\/cropped-1jojlxEOMkX9Wyqfhe43D6kjPOGqBBKmx3EwWJqZ0cMrFF54yM49.png","width":186,"height":112,"caption":"Guin\u00e9e Diversit\u00e9"},"image":{"@id":"https:\/\/guineediversite.com\/#\/schema\/logo\/image\/"},"sameAs":["https:\/\/www.facebook.com\/guineediversite\/","https:\/\/x.com\/GuineeDiversite","https:\/\/www.youtube.com\/channel\/UC8sUY16qelG5ge6_D5SB83g"]},{"@type":"Person","@id":"https:\/\/guineediversite.com\/#\/schema\/person\/0e0e3e424768a50d025ac2218ccca73f","name":"Bilguissa Diallo","image":{"@type":"ImageObject","inLanguage":"fr-FR","@id":"https:\/\/guineediversite.com\/#\/schema\/person\/image\/","url":"https:\/\/secure.gravatar.com\/avatar\/49bbbd2420ee34d62b1b191791f4b5df?s=96&d=mm&r=g","contentUrl":"https:\/\/secure.gravatar.com\/avatar\/49bbbd2420ee34d62b1b191791f4b5df?s=96&d=mm&r=g","caption":"Bilguissa Diallo"},"url":"https:\/\/guineediversite.com\/index.php\/author\/bilguissa\/"}]}},"_links":{"self":[{"href":"https:\/\/guineediversite.com\/index.php\/wp-json\/wp\/v2\/posts\/26297"}],"collection":[{"href":"https:\/\/guineediversite.com\/index.php\/wp-json\/wp\/v2\/posts"}],"about":[{"href":"https:\/\/guineediversite.com\/index.php\/wp-json\/wp\/v2\/types\/post"}],"author":[{"embeddable":true,"href":"https:\/\/guineediversite.com\/index.php\/wp-json\/wp\/v2\/users\/7"}],"replies":[{"embeddable":true,"href":"https:\/\/guineediversite.com\/index.php\/wp-json\/wp\/v2\/comments?post=26297"}],"version-history":[{"count":0,"href":"https:\/\/guineediversite.com\/index.php\/wp-json\/wp\/v2\/posts\/26297\/revisions"}],"wp:featuredmedia":[{"embeddable":true,"href":"https:\/\/guineediversite.com\/index.php\/wp-json\/wp\/v2\/media\/26298"}],"wp:attachment":[{"href":"https:\/\/guineediversite.com\/index.php\/wp-json\/wp\/v2\/media?parent=26297"}],"wp:term":[{"taxonomy":"category","embeddable":true,"href":"https:\/\/guineediversite.com\/index.php\/wp-json\/wp\/v2\/categories?post=26297"},{"taxonomy":"post_tag","embeddable":true,"href":"https:\/\/guineediversite.com\/index.php\/wp-json\/wp\/v2\/tags?post=26297"}],"curies":[{"name":"wp","href":"https:\/\/api.w.org\/{rel}","templated":true}]}}