{"id":26280,"date":"2018-08-09T19:57:30","date_gmt":"2018-08-09T17:57:30","guid":{"rendered":"https:\/\/guineediversite.com\/?p=26280"},"modified":"2018-08-09T19:57:30","modified_gmt":"2018-08-09T17:57:30","slug":"compte-rendu-du-conseil-des-ministres-du-09-aout-2018","status":"publish","type":"post","link":"https:\/\/guineediversite.com\/index.php\/2018\/08\/09\/compte-rendu-du-conseil-des-ministres-du-09-aout-2018\/","title":{"rendered":"Compte rendu du conseil des ministres du 09 Ao\u00fbt 2018"},"content":{"rendered":"<p>Conakry, le 09 Aout 2018 &#8211; Sous la pr\u00e9sidence de son Excellence Monsieur le Pr\u00e9sident de la R\u00e9publique, le Conseil des ministres a tenu sa session ordinaire ce jeudi 09 aout 2018 de 10h \u00e0 12h 00, avec l&rsquo;ordre du jour suivant :<\/p>\n<p>1. Message de son Excellence Monsieur le Pr\u00e9sident de la R\u00e9publique ;<\/p>\n<p>2. Compte rendu de la session ordinaire du Conseil interminist\u00e9riel du 07 ao\u00fbt 2018 ;<\/p>\n<p>3. Questions diverses.<\/p>\n<p>\u00d8 Au titre du premier point de l\u2019ordre du jour ;<\/p>\n<p>Le Pr\u00e9sident de la R\u00e9publique a demand\u00e9 au Ministre de la sant\u00e9 de prendre les dispositions idoines pour r\u00e9pondre favorablement \u00e0 la sollicitation du gouvernement de la R\u00e9publique d\u00e9mocratique du Congo et du Directeur g\u00e9n\u00e9ral de l\u2019organisation mondiale de la sant\u00e9 pour le retour, dans ce pays, des techniciens de sant\u00e9 dans le cadre de la lutte contre la maladie \u00e0 virus Ebola.<\/p>\n<p>Le Chef de l\u2019Etat a invit\u00e9 le Ministre de l\u2019\u00e9levage \u00e0 prendre les dispositions pour acc\u00e9l\u00e9rer les r\u00e9ponses \u00e0 la crise de la fi\u00e8vre aphteuse affectant le b\u00e9tail et les petits ruminants.<\/p>\n<p>Le Pr\u00e9sident de la R\u00e9publique a demand\u00e9 au Ministre des Travaux publics de mettre en place un programme pour l\u2019entretien r\u00e9gulier des routes et des ouvrages de franchissement.<\/p>\n<p>Au titre du deuxi\u00e8me point de l\u2019ordre du jour, Monsieur le Premier Ministre a fait le compte rendu du Conseil interminist\u00e9riel du 02 aout 2018.<\/p>\n<p>Le Conseil a entendu successivement :<\/p>\n<p>\u00fc Le Ministre de la Sant\u00e9 qui a fait deux communications relatives \u00e0:<\/p>\n<p>1. la gestion du personnel de la sant\u00e9 dans le secteur ;<\/p>\n<p>2. la strat\u00e9gie de l\u2019emploi des Jeunes dans le secteur de la sant\u00e9.<\/p>\n<p>Pour la gestion du personnel de la sant\u00e9, le Ministre a indiqu\u00e9 que pour am\u00e9liorer les indicateurs de sant\u00e9 dans notre pays, il faut disposer de ressources humaines \u00e9quitablement reparties, fid\u00e9lis\u00e9es avec une administration locale engag\u00e9e et motiv\u00e9e.<\/p>\n<p>En mati\u00e8re de r\u00e9partition des effectifs, le pays compte un effectif de 11 992 agents qualifi\u00e9s. Sur ce nombre, Conakry utilise les 36%, alors que ses besoins r\u00e9els n\u2019exc\u00e8dent pas 18%. Par cat\u00e9gorie professionnelle, la capitale concentre 52% des sages-femmes, 43% des aides de sant\u00e9 et 67% des m\u00e9decins.<\/p>\n<p>Les contr\u00f4les p\u00e9riodiques ont montr\u00e9 que le taux annuel cumul\u00e9 des absences au poste de travail pendant 3 mois de suite ou de fa\u00e7on intermittente est de 38%. Le taux le plus \u00e9lev\u00e9 se situe au niveau des m\u00e9decins et des pharmaciens.<\/p>\n<p>En mati\u00e8re de mobilit\u00e9 des cadres de l\u2019administration sanitaire, on constate que 84% ont plus de 5 ans \u00e0 leurs postes, certains allant jusqu\u2019\u00e0 20 ans.<\/p>\n<p>Le conseil a demand\u00e9 au ministre de maintenir le moratoire des affectations vers Conakry, Dubr\u00e9ka et Coyah et d\u2019appliquer le principe des services hors de ces zones pendant les premi\u00e8res ann\u00e9es suivant le recrutement.<\/p>\n<p>Le conseil a, en outre, invit\u00e9 le Ministre \u00e0 mettre en \u0153uvre les mesures pour corriger les anomalies \u00e9num\u00e9r\u00e9es ci-dessus.<\/p>\n<p>Dans le cadre de la d\u00e9centralisation, le Conseil a invit\u00e9 le Ministre de la Fonction Publique de la R\u00e9forme de l\u2019Etat et de la Modernisation de l\u2019Administration de pr\u00e9senter au Conseil Interminist\u00e9riel prochain le document sur le projet de cr\u00e9ation d\u2019une Fonction Publique locale.<\/p>\n<p>Pour la strat\u00e9gie de l\u2019emploi des Jeunes dans le secteur de la sant\u00e9, le Ministre a indiqu\u00e9 que l\u2019emploi des jeunes permet de faire face \u00e0 certaines urgences li\u00e9es au secteur de la sant\u00e9.<\/p>\n<p>L\u2019\u00e9tat des lieux du secteur a montr\u00e9 que le contexte \u00e9pid\u00e9miologique actuel du pays est marqu\u00e9 par l\u2019existence de nombreux probl\u00e8mes de sant\u00e9 parmi lesquels il faut citer : (1) les maladies transmissibles notamment le paludisme, la tuberculose, le VH\/SIDA, les helminthiases et les Infections Respiratoires, (2) les maladies non transmissibles dont l\u2019hypertension art\u00e9rielle, les cancers, le diab\u00e8te et (3) les maladies \u00e0 potentiel \u00e9pid\u00e9mique (m\u00e9ningite c\u00e9r\u00e9brospinale, rougeole, fi\u00e8vre jaune, cholera).<\/p>\n<p>Par rapport \u00e0 l\u2019effectif cumul\u00e9 actuel qui est de 13 703 professionnels de la sant\u00e9, il existe donc un d\u00e9ficit global de 16 297 agents r\u00e9partis entre les diff\u00e9rents corps m\u00e9dicaux.<\/p>\n<p>Parlant des possibilit\u00e9s de cr\u00e9ation d\u2019emplois pour les jeunes, le Ministre estime que celles-ci se basent sur plusieurs \u00e9l\u00e9ments que sont la politique nationale de sant\u00e9, la convergence de points de vue avec les Partenaires Techniques et financiers qui appuient le secteur et la disponibilit\u00e9 de fonds.<\/p>\n<p>En se basant sur ces diff\u00e9rents \u00e9l\u00e9ments, pour l\u2019ann\u00e9e 2018, il a soutenu que les possibilit\u00e9s r\u00e9elles de cr\u00e9ation d\u2019emplois pour les jeunes sont estim\u00e9es \u00e0 3900 nouveaux emplois sur base de financement des PTF.<\/p>\n<p>L\u2019incidence financi\u00e8re annuelle de ce recrutement est de 47 388 000 000 FG.<\/p>\n<p>Le conseil a demand\u00e9 au Ministre de d\u00e9localiser les concours de recrutement au niveau des r\u00e9gions administratives pour fid\u00e9liser les agents \u00e0 leurs postes d\u2019affectation conform\u00e9ment aux termes de r\u00e9f\u00e9rences de l\u2019appel \u00e0 candidature et de s\u2019appuyer sur les Ecoles de Sant\u00e9 communautaire pour organiser ces concours de recrutement d\u2019agents relais en sant\u00e9 communautaire.<\/p>\n<p>\u00fc Le Ministre des Travaux Publics qui a fait une communication relative \u00e0 la situation des ouvrages de franchissement sur les routes nationales et le plan d\u2019urgence des travaux d\u2019entretien et de r\u00e9novation.<\/p>\n<p>Le Ministre a indiqu\u00e9 que le r\u00e9seau routier national couvre environ 43.301 km. Sur ce r\u00e9seau, il existe 1946 ponts en b\u00e9ton arm\u00e9, 39 ponts m\u00e9talliques, 31 ponts provisoires, 23 bacs et 12 ponts en bois.<\/p>\n<p>Le conseil a demand\u00e9 au Ministre de mettre en place un programme r\u00e9gulier d\u2019entretien des infrastructures routi\u00e8res et de pr\u00e9senter un projet coh\u00e9rent en relation avec l\u2019ACGP et les Minist\u00e8res en charges du Plan et du budget.<\/p>\n<p>\u00fc Minist\u00e8re de la Justice qui a pr\u00e9sent\u00e9 un projet de Loi relative \u00e0 l\u2019aide juridictionnelle.<\/p>\n<p>Le Ministre a indiqu\u00e9 que l\u2019objectif de l\u2019aide juridictionnelle est l\u2019am\u00e9lioration de la gouvernance judiciaire et le rapprochement de la justice des justiciables.<\/p>\n<p>L\u2019aide juridictionnelle est une assistance financi\u00e8re accord\u00e9e, dans les conditions pr\u00e9vues par la loi, \u00e0 une personne d\u00e9munie et destin\u00e9e \u00e0 la prise en charge des frais et honoraires \u00e0 l\u2019occasion d\u2019un proc\u00e8s.<\/p>\n<p>Le conseil a invit\u00e9 le Ministre \u00e0 \u00e9valuer les incidences financi\u00e8res de ce projet de loi et \u00e0 le soumettre lors d\u2019une autre session pour approbation.<\/p>\n<p>Avant de lever la s\u00e9ance, le Pr\u00e9sident de la r\u00e9publique a donn\u00e9 de larges informations sur la situation nationale, Africaine et internationale.<\/p>\n<p>Le Conseil des Ministres<\/p>\n<p>Transmis par la Cellule de Communication du Gouvernement<\/p>\n","protected":false},"excerpt":{"rendered":"<p>Conakry, le 09 Aout 2018 &#8211; Sous la pr\u00e9sidence de son Excellence Monsieur le Pr\u00e9sident de la R\u00e9publique, le Conseil des ministres a tenu sa session ordinaire ce jeudi 09 aout 2018 de 10h \u00e0 12h 00, avec l&rsquo;ordre du jour suivant : 1. Message de son Excellence Monsieur le Pr\u00e9sident de la R\u00e9publique ; [&hellip;]<\/p>\n","protected":false},"author":7,"featured_media":26281,"comment_status":"closed","ping_status":"closed","sticky":false,"template":"","format":"standard","meta":{"_exactmetrics_skip_tracking":false,"_exactmetrics_sitenote_active":false,"_exactmetrics_sitenote_note":"","_exactmetrics_sitenote_category":0,"tdm_status":"","tdm_grid_status":"","footnotes":""},"categories":[14],"tags":[],"class_list":{"0":"post-26280","1":"post","2":"type-post","3":"status-publish","4":"format-standard","5":"has-post-thumbnail","7":"category-politique"},"yoast_head":"<!-- This site is optimized with the Yoast SEO plugin v24.2 - https:\/\/yoast.com\/wordpress\/plugins\/seo\/ -->\n<title>Compte rendu du conseil des ministres du 09 Ao\u00fbt 2018 | Guin\u00e9e Diversit\u00e9<\/title>\n<meta name=\"robots\" content=\"index, follow, max-snippet:-1, max-image-preview:large, max-video-preview:-1\" \/>\n<link rel=\"canonical\" href=\"https:\/\/guineediversite.com\/index.php\/2018\/08\/09\/compte-rendu-du-conseil-des-ministres-du-09-aout-2018\/\" \/>\n<meta property=\"og:locale\" content=\"fr_FR\" \/>\n<meta property=\"og:type\" content=\"article\" \/>\n<meta property=\"og:title\" content=\"Compte rendu du conseil des ministres du 09 Ao\u00fbt 2018 | Guin\u00e9e Diversit\u00e9\" \/>\n<meta property=\"og:description\" content=\"Conakry, le 09 Aout 2018 &#8211; Sous la pr\u00e9sidence de son Excellence Monsieur le Pr\u00e9sident de la R\u00e9publique, le Conseil des ministres a tenu sa session ordinaire ce jeudi 09 aout 2018 de 10h \u00e0 12h 00, avec l&rsquo;ordre du jour suivant : 1. Message de son Excellence Monsieur le Pr\u00e9sident de la R\u00e9publique ; [&hellip;]\" \/>\n<meta property=\"og:url\" content=\"https:\/\/guineediversite.com\/index.php\/2018\/08\/09\/compte-rendu-du-conseil-des-ministres-du-09-aout-2018\/\" \/>\n<meta property=\"og:site_name\" content=\"Guin\u00e9e Diversit\u00e9\" \/>\n<meta property=\"article:publisher\" content=\"https:\/\/www.facebook.com\/guineediversite\/\" \/>\n<meta property=\"article:published_time\" content=\"2018-08-09T17:57:30+00:00\" \/>\n<meta property=\"og:image\" content=\"https:\/\/guineediversite.com\/wp-content\/uploads\/2018\/08\/Conseil-des-ministres-du-09-Aout-2018.jpg\" \/>\n\t<meta property=\"og:image:width\" content=\"1000\" \/>\n\t<meta property=\"og:image:height\" content=\"653\" \/>\n\t<meta property=\"og:image:type\" content=\"image\/jpeg\" \/>\n<meta name=\"author\" content=\"Bilguissa Diallo\" \/>\n<meta name=\"twitter:card\" content=\"summary_large_image\" \/>\n<meta name=\"twitter:creator\" content=\"@GuineeDiversite\" \/>\n<meta name=\"twitter:site\" content=\"@GuineeDiversite\" \/>\n<meta name=\"twitter:label1\" content=\"\u00c9crit par\" \/>\n\t<meta name=\"twitter:data1\" content=\"Bilguissa Diallo\" \/>\n\t<meta name=\"twitter:label2\" content=\"Dur\u00e9e de lecture estim\u00e9e\" \/>\n\t<meta name=\"twitter:data2\" content=\"6 minutes\" \/>\n<script type=\"application\/ld+json\" class=\"yoast-schema-graph\">{\"@context\":\"https:\/\/schema.org\",\"@graph\":[{\"@type\":\"Article\",\"@id\":\"https:\/\/guineediversite.com\/index.php\/2018\/08\/09\/compte-rendu-du-conseil-des-ministres-du-09-aout-2018\/#article\",\"isPartOf\":{\"@id\":\"https:\/\/guineediversite.com\/index.php\/2018\/08\/09\/compte-rendu-du-conseil-des-ministres-du-09-aout-2018\/\"},\"author\":{\"name\":\"Bilguissa Diallo\",\"@id\":\"https:\/\/guineediversite.com\/#\/schema\/person\/0e0e3e424768a50d025ac2218ccca73f\"},\"headline\":\"Compte rendu du conseil des ministres du 09 Ao\u00fbt 2018\",\"datePublished\":\"2018-08-09T17:57:30+00:00\",\"dateModified\":\"2018-08-09T17:57:30+00:00\",\"mainEntityOfPage\":{\"@id\":\"https:\/\/guineediversite.com\/index.php\/2018\/08\/09\/compte-rendu-du-conseil-des-ministres-du-09-aout-2018\/\"},\"wordCount\":1132,\"publisher\":{\"@id\":\"https:\/\/guineediversite.com\/#organization\"},\"image\":{\"@id\":\"https:\/\/guineediversite.com\/index.php\/2018\/08\/09\/compte-rendu-du-conseil-des-ministres-du-09-aout-2018\/#primaryimage\"},\"thumbnailUrl\":\"https:\/\/guineediversite.com\/wp-content\/uploads\/2018\/08\/Conseil-des-ministres-du-09-Aout-2018.jpg\",\"articleSection\":[\"Politique\"],\"inLanguage\":\"fr-FR\"},{\"@type\":\"WebPage\",\"@id\":\"https:\/\/guineediversite.com\/index.php\/2018\/08\/09\/compte-rendu-du-conseil-des-ministres-du-09-aout-2018\/\",\"url\":\"https:\/\/guineediversite.com\/index.php\/2018\/08\/09\/compte-rendu-du-conseil-des-ministres-du-09-aout-2018\/\",\"name\":\"Compte rendu du conseil des ministres du 09 Ao\u00fbt 2018 | Guin\u00e9e Diversit\u00e9\",\"isPartOf\":{\"@id\":\"https:\/\/guineediversite.com\/#website\"},\"primaryImageOfPage\":{\"@id\":\"https:\/\/guineediversite.com\/index.php\/2018\/08\/09\/compte-rendu-du-conseil-des-ministres-du-09-aout-2018\/#primaryimage\"},\"image\":{\"@id\":\"https:\/\/guineediversite.com\/index.php\/2018\/08\/09\/compte-rendu-du-conseil-des-ministres-du-09-aout-2018\/#primaryimage\"},\"thumbnailUrl\":\"https:\/\/guineediversite.com\/wp-content\/uploads\/2018\/08\/Conseil-des-ministres-du-09-Aout-2018.jpg\",\"datePublished\":\"2018-08-09T17:57:30+00:00\",\"dateModified\":\"2018-08-09T17:57:30+00:00\",\"breadcrumb\":{\"@id\":\"https:\/\/guineediversite.com\/index.php\/2018\/08\/09\/compte-rendu-du-conseil-des-ministres-du-09-aout-2018\/#breadcrumb\"},\"inLanguage\":\"fr-FR\",\"potentialAction\":[{\"@type\":\"ReadAction\",\"target\":[\"https:\/\/guineediversite.com\/index.php\/2018\/08\/09\/compte-rendu-du-conseil-des-ministres-du-09-aout-2018\/\"]}]},{\"@type\":\"ImageObject\",\"inLanguage\":\"fr-FR\",\"@id\":\"https:\/\/guineediversite.com\/index.php\/2018\/08\/09\/compte-rendu-du-conseil-des-ministres-du-09-aout-2018\/#primaryimage\",\"url\":\"https:\/\/guineediversite.com\/wp-content\/uploads\/2018\/08\/Conseil-des-ministres-du-09-Aout-2018.jpg\",\"contentUrl\":\"https:\/\/guineediversite.com\/wp-content\/uploads\/2018\/08\/Conseil-des-ministres-du-09-Aout-2018.jpg\",\"width\":1000,\"height\":653},{\"@type\":\"BreadcrumbList\",\"@id\":\"https:\/\/guineediversite.com\/index.php\/2018\/08\/09\/compte-rendu-du-conseil-des-ministres-du-09-aout-2018\/#breadcrumb\",\"itemListElement\":[{\"@type\":\"ListItem\",\"position\":1,\"name\":\"Accueil\",\"item\":\"https:\/\/guineediversite.com\/\"},{\"@type\":\"ListItem\",\"position\":2,\"name\":\"Compte rendu du conseil des ministres du 09 Ao\u00fbt 2018\"}]},{\"@type\":\"WebSite\",\"@id\":\"https:\/\/guineediversite.com\/#website\",\"url\":\"https:\/\/guineediversite.com\/\",\"name\":\"Guin\u00e9e Diversit\u00e9\",\"description\":\"L&#039;Info dans toute sa diversit\u00e9\",\"publisher\":{\"@id\":\"https:\/\/guineediversite.com\/#organization\"},\"potentialAction\":[{\"@type\":\"SearchAction\",\"target\":{\"@type\":\"EntryPoint\",\"urlTemplate\":\"https:\/\/guineediversite.com\/?s={search_term_string}\"},\"query-input\":{\"@type\":\"PropertyValueSpecification\",\"valueRequired\":true,\"valueName\":\"search_term_string\"}}],\"inLanguage\":\"fr-FR\"},{\"@type\":\"Organization\",\"@id\":\"https:\/\/guineediversite.com\/#organization\",\"name\":\"Guin\u00e9e Diversit\u00e9\",\"url\":\"https:\/\/guineediversite.com\/\",\"logo\":{\"@type\":\"ImageObject\",\"inLanguage\":\"fr-FR\",\"@id\":\"https:\/\/guineediversite.com\/#\/schema\/logo\/image\/\",\"url\":\"https:\/\/guineediversite.com\/wp-content\/uploads\/2017\/04\/cropped-1jojlxEOMkX9Wyqfhe43D6kjPOGqBBKmx3EwWJqZ0cMrFF54yM49.png\",\"contentUrl\":\"https:\/\/guineediversite.com\/wp-content\/uploads\/2017\/04\/cropped-1jojlxEOMkX9Wyqfhe43D6kjPOGqBBKmx3EwWJqZ0cMrFF54yM49.png\",\"width\":186,\"height\":112,\"caption\":\"Guin\u00e9e Diversit\u00e9\"},\"image\":{\"@id\":\"https:\/\/guineediversite.com\/#\/schema\/logo\/image\/\"},\"sameAs\":[\"https:\/\/www.facebook.com\/guineediversite\/\",\"https:\/\/x.com\/GuineeDiversite\",\"https:\/\/www.youtube.com\/channel\/UC8sUY16qelG5ge6_D5SB83g\"]},{\"@type\":\"Person\",\"@id\":\"https:\/\/guineediversite.com\/#\/schema\/person\/0e0e3e424768a50d025ac2218ccca73f\",\"name\":\"Bilguissa Diallo\",\"image\":{\"@type\":\"ImageObject\",\"inLanguage\":\"fr-FR\",\"@id\":\"https:\/\/guineediversite.com\/#\/schema\/person\/image\/\",\"url\":\"https:\/\/secure.gravatar.com\/avatar\/49bbbd2420ee34d62b1b191791f4b5df?s=96&d=mm&r=g\",\"contentUrl\":\"https:\/\/secure.gravatar.com\/avatar\/49bbbd2420ee34d62b1b191791f4b5df?s=96&d=mm&r=g\",\"caption\":\"Bilguissa Diallo\"},\"url\":\"https:\/\/guineediversite.com\/index.php\/author\/bilguissa\/\"}]}<\/script>\n<!-- \/ Yoast SEO plugin. -->","yoast_head_json":{"title":"Compte rendu du conseil des ministres du 09 Ao\u00fbt 2018 | Guin\u00e9e Diversit\u00e9","robots":{"index":"index","follow":"follow","max-snippet":"max-snippet:-1","max-image-preview":"max-image-preview:large","max-video-preview":"max-video-preview:-1"},"canonical":"https:\/\/guineediversite.com\/index.php\/2018\/08\/09\/compte-rendu-du-conseil-des-ministres-du-09-aout-2018\/","og_locale":"fr_FR","og_type":"article","og_title":"Compte rendu du conseil des ministres du 09 Ao\u00fbt 2018 | Guin\u00e9e Diversit\u00e9","og_description":"Conakry, le 09 Aout 2018 &#8211; Sous la pr\u00e9sidence de son Excellence Monsieur le Pr\u00e9sident de la R\u00e9publique, le Conseil des ministres a tenu sa session ordinaire ce jeudi 09 aout 2018 de 10h \u00e0 12h 00, avec l&rsquo;ordre du jour suivant : 1. Message de son Excellence Monsieur le Pr\u00e9sident de la R\u00e9publique ; [&hellip;]","og_url":"https:\/\/guineediversite.com\/index.php\/2018\/08\/09\/compte-rendu-du-conseil-des-ministres-du-09-aout-2018\/","og_site_name":"Guin\u00e9e Diversit\u00e9","article_publisher":"https:\/\/www.facebook.com\/guineediversite\/","article_published_time":"2018-08-09T17:57:30+00:00","og_image":[{"width":1000,"height":653,"url":"https:\/\/guineediversite.com\/wp-content\/uploads\/2018\/08\/Conseil-des-ministres-du-09-Aout-2018.jpg","type":"image\/jpeg"}],"author":"Bilguissa Diallo","twitter_card":"summary_large_image","twitter_creator":"@GuineeDiversite","twitter_site":"@GuineeDiversite","twitter_misc":{"\u00c9crit par":"Bilguissa Diallo","Dur\u00e9e de lecture estim\u00e9e":"6 minutes"},"schema":{"@context":"https:\/\/schema.org","@graph":[{"@type":"Article","@id":"https:\/\/guineediversite.com\/index.php\/2018\/08\/09\/compte-rendu-du-conseil-des-ministres-du-09-aout-2018\/#article","isPartOf":{"@id":"https:\/\/guineediversite.com\/index.php\/2018\/08\/09\/compte-rendu-du-conseil-des-ministres-du-09-aout-2018\/"},"author":{"name":"Bilguissa Diallo","@id":"https:\/\/guineediversite.com\/#\/schema\/person\/0e0e3e424768a50d025ac2218ccca73f"},"headline":"Compte rendu du conseil des ministres du 09 Ao\u00fbt 2018","datePublished":"2018-08-09T17:57:30+00:00","dateModified":"2018-08-09T17:57:30+00:00","mainEntityOfPage":{"@id":"https:\/\/guineediversite.com\/index.php\/2018\/08\/09\/compte-rendu-du-conseil-des-ministres-du-09-aout-2018\/"},"wordCount":1132,"publisher":{"@id":"https:\/\/guineediversite.com\/#organization"},"image":{"@id":"https:\/\/guineediversite.com\/index.php\/2018\/08\/09\/compte-rendu-du-conseil-des-ministres-du-09-aout-2018\/#primaryimage"},"thumbnailUrl":"https:\/\/guineediversite.com\/wp-content\/uploads\/2018\/08\/Conseil-des-ministres-du-09-Aout-2018.jpg","articleSection":["Politique"],"inLanguage":"fr-FR"},{"@type":"WebPage","@id":"https:\/\/guineediversite.com\/index.php\/2018\/08\/09\/compte-rendu-du-conseil-des-ministres-du-09-aout-2018\/","url":"https:\/\/guineediversite.com\/index.php\/2018\/08\/09\/compte-rendu-du-conseil-des-ministres-du-09-aout-2018\/","name":"Compte rendu du conseil des ministres du 09 Ao\u00fbt 2018 | Guin\u00e9e Diversit\u00e9","isPartOf":{"@id":"https:\/\/guineediversite.com\/#website"},"primaryImageOfPage":{"@id":"https:\/\/guineediversite.com\/index.php\/2018\/08\/09\/compte-rendu-du-conseil-des-ministres-du-09-aout-2018\/#primaryimage"},"image":{"@id":"https:\/\/guineediversite.com\/index.php\/2018\/08\/09\/compte-rendu-du-conseil-des-ministres-du-09-aout-2018\/#primaryimage"},"thumbnailUrl":"https:\/\/guineediversite.com\/wp-content\/uploads\/2018\/08\/Conseil-des-ministres-du-09-Aout-2018.jpg","datePublished":"2018-08-09T17:57:30+00:00","dateModified":"2018-08-09T17:57:30+00:00","breadcrumb":{"@id":"https:\/\/guineediversite.com\/index.php\/2018\/08\/09\/compte-rendu-du-conseil-des-ministres-du-09-aout-2018\/#breadcrumb"},"inLanguage":"fr-FR","potentialAction":[{"@type":"ReadAction","target":["https:\/\/guineediversite.com\/index.php\/2018\/08\/09\/compte-rendu-du-conseil-des-ministres-du-09-aout-2018\/"]}]},{"@type":"ImageObject","inLanguage":"fr-FR","@id":"https:\/\/guineediversite.com\/index.php\/2018\/08\/09\/compte-rendu-du-conseil-des-ministres-du-09-aout-2018\/#primaryimage","url":"https:\/\/guineediversite.com\/wp-content\/uploads\/2018\/08\/Conseil-des-ministres-du-09-Aout-2018.jpg","contentUrl":"https:\/\/guineediversite.com\/wp-content\/uploads\/2018\/08\/Conseil-des-ministres-du-09-Aout-2018.jpg","width":1000,"height":653},{"@type":"BreadcrumbList","@id":"https:\/\/guineediversite.com\/index.php\/2018\/08\/09\/compte-rendu-du-conseil-des-ministres-du-09-aout-2018\/#breadcrumb","itemListElement":[{"@type":"ListItem","position":1,"name":"Accueil","item":"https:\/\/guineediversite.com\/"},{"@type":"ListItem","position":2,"name":"Compte rendu du conseil des ministres du 09 Ao\u00fbt 2018"}]},{"@type":"WebSite","@id":"https:\/\/guineediversite.com\/#website","url":"https:\/\/guineediversite.com\/","name":"Guin\u00e9e Diversit\u00e9","description":"L&#039;Info dans toute sa diversit\u00e9","publisher":{"@id":"https:\/\/guineediversite.com\/#organization"},"potentialAction":[{"@type":"SearchAction","target":{"@type":"EntryPoint","urlTemplate":"https:\/\/guineediversite.com\/?s={search_term_string}"},"query-input":{"@type":"PropertyValueSpecification","valueRequired":true,"valueName":"search_term_string"}}],"inLanguage":"fr-FR"},{"@type":"Organization","@id":"https:\/\/guineediversite.com\/#organization","name":"Guin\u00e9e Diversit\u00e9","url":"https:\/\/guineediversite.com\/","logo":{"@type":"ImageObject","inLanguage":"fr-FR","@id":"https:\/\/guineediversite.com\/#\/schema\/logo\/image\/","url":"https:\/\/guineediversite.com\/wp-content\/uploads\/2017\/04\/cropped-1jojlxEOMkX9Wyqfhe43D6kjPOGqBBKmx3EwWJqZ0cMrFF54yM49.png","contentUrl":"https:\/\/guineediversite.com\/wp-content\/uploads\/2017\/04\/cropped-1jojlxEOMkX9Wyqfhe43D6kjPOGqBBKmx3EwWJqZ0cMrFF54yM49.png","width":186,"height":112,"caption":"Guin\u00e9e Diversit\u00e9"},"image":{"@id":"https:\/\/guineediversite.com\/#\/schema\/logo\/image\/"},"sameAs":["https:\/\/www.facebook.com\/guineediversite\/","https:\/\/x.com\/GuineeDiversite","https:\/\/www.youtube.com\/channel\/UC8sUY16qelG5ge6_D5SB83g"]},{"@type":"Person","@id":"https:\/\/guineediversite.com\/#\/schema\/person\/0e0e3e424768a50d025ac2218ccca73f","name":"Bilguissa Diallo","image":{"@type":"ImageObject","inLanguage":"fr-FR","@id":"https:\/\/guineediversite.com\/#\/schema\/person\/image\/","url":"https:\/\/secure.gravatar.com\/avatar\/49bbbd2420ee34d62b1b191791f4b5df?s=96&d=mm&r=g","contentUrl":"https:\/\/secure.gravatar.com\/avatar\/49bbbd2420ee34d62b1b191791f4b5df?s=96&d=mm&r=g","caption":"Bilguissa Diallo"},"url":"https:\/\/guineediversite.com\/index.php\/author\/bilguissa\/"}]}},"_links":{"self":[{"href":"https:\/\/guineediversite.com\/index.php\/wp-json\/wp\/v2\/posts\/26280"}],"collection":[{"href":"https:\/\/guineediversite.com\/index.php\/wp-json\/wp\/v2\/posts"}],"about":[{"href":"https:\/\/guineediversite.com\/index.php\/wp-json\/wp\/v2\/types\/post"}],"author":[{"embeddable":true,"href":"https:\/\/guineediversite.com\/index.php\/wp-json\/wp\/v2\/users\/7"}],"replies":[{"embeddable":true,"href":"https:\/\/guineediversite.com\/index.php\/wp-json\/wp\/v2\/comments?post=26280"}],"version-history":[{"count":0,"href":"https:\/\/guineediversite.com\/index.php\/wp-json\/wp\/v2\/posts\/26280\/revisions"}],"wp:featuredmedia":[{"embeddable":true,"href":"https:\/\/guineediversite.com\/index.php\/wp-json\/wp\/v2\/media\/26281"}],"wp:attachment":[{"href":"https:\/\/guineediversite.com\/index.php\/wp-json\/wp\/v2\/media?parent=26280"}],"wp:term":[{"taxonomy":"category","embeddable":true,"href":"https:\/\/guineediversite.com\/index.php\/wp-json\/wp\/v2\/categories?post=26280"},{"taxonomy":"post_tag","embeddable":true,"href":"https:\/\/guineediversite.com\/index.php\/wp-json\/wp\/v2\/tags?post=26280"}],"curies":[{"name":"wp","href":"https:\/\/api.w.org\/{rel}","templated":true}]}}