{"id":26077,"date":"2018-07-22T12:19:30","date_gmt":"2018-07-22T10:19:30","guid":{"rendered":"https:\/\/guineediversite.com\/?p=26077"},"modified":"2018-07-22T12:19:30","modified_gmt":"2018-07-22T10:19:30","slug":"la-visite-du-president-chinois-au-senegal","status":"publish","type":"post","link":"https:\/\/guineediversite.com\/index.php\/2018\/07\/22\/la-visite-du-president-chinois-au-senegal\/","title":{"rendered":"La visite du pr\u00e9sident chinois au S\u00e9n\u00e9gal"},"content":{"rendered":"<p><strong>La Chine et le S\u00e9n\u00e9gal ont sign\u00e9 samedi soir de nouveaux accords pour renforcer leurs liens \u00e9conomiques, \u00e0 l&rsquo;occasion de la visite d&rsquo;Etat \u00e0 Dakar du pr\u00e9sident Xi Jinping, la premi\u00e8re \u00e0 ce niveau en pr\u00e8s de dix ans.<\/strong><\/p>\n<p>Arriv\u00e9 samedi en fin d\u2019apr\u00e8s-midi \u00e0 Dakar, le dirigeant chinois a \u00e9t\u00e9 accueilli par son homologue s\u00e9n\u00e9galais Macky Sall, premi\u00e8re \u00e9tape d\u2019une tourn\u00e9e africaine qui doit le mener ensuite au Rwanda et en Afrique du Sud.<\/p>\n<p>Les deux chefs d\u2019Etat ont eu des entretiens sur \u00ab\u00a0la coop\u00e9ration bilat\u00e9rale, les relations sino-africaines et l\u2019actualit\u00e9 internationale\u00a0\u00bb, a d\u00e9clar\u00e9 le pr\u00e9sident Sall, lors d\u2019un point de presse conjoint avec son homologue chinois.<\/p>\n<p>Il a salu\u00e9 la Chine comme \u00ab\u00a0une des grandes \u00e9conomies de l\u2019\u00e8re moderne\u00a0\u00bb, un peuple dont \u00ab\u00a0le parcours est un message d\u2019espoir\u00a0\u00bb montrant \u00ab\u00a0que le sous-d\u00e9veloppement n\u2019est pas une fatalit\u00e9 et que la bataille pour le progr\u00e8s se gagne d\u2019abord par un esprit combatif\u00a0\u00bb.<\/p>\n<p><strong>Xi Jinping salue \u00ab\u00a0le grand dynamisme de ce continent\u00a0\u00bb<\/strong><\/p>\n<p>\u00ab\u00a0Chaque fois que je viens en Afrique, je peux mesurer le grand dynamisme de ce continent, promis \u00e0 un avenir radieux\u00a0\u00bb, a indiqu\u00e9 le pr\u00e9sident chinois qui s\u2019est dit \u00ab\u00a0pleinement confiant en l\u2019avenir de la coop\u00e9ration sino-africaine\u00a0\u00bb.<\/p>\n<p>Les deux dirigeants avaient auparavant sign\u00e9 dix accords dans des domaines li\u00e9s \u00e0 la justice, la coop\u00e9ration \u00e9conomique et technique, les infrastructures, la valorisation du capital humain et l\u2019aviation civile.<\/p>\n<p>Le pr\u00e9sident chinois a eu droit \u00e0 un accueil populaire \u00e0 Dakar o\u00f9 de nombreuses art\u00e8res \u00e9taient pavois\u00e9es aux couleurs des drapeaux des deux pays. Des dizaines de cars ayant servi au transport de partisans du pr\u00e9sident Sall pour cet accueil \u00e9taient stationn\u00e9s pr\u00e8s du palais pr\u00e9sidentiel.<\/p>\n<ol>\n<li>Xi doit remettre dimanche \u00e0 Macky Sall les cl\u00e9s d\u2019une enceinte de lutte, le sport le plus populaire au S\u00e9n\u00e9gal, construite par des entreprises chinoises.<\/li>\n<\/ol>\n<p><strong>La Chine, 2e partenaire du S\u00e9n\u00e9gal<\/strong><\/p>\n<p>La Chine est le deuxi\u00e8me partenaire commercial du S\u00e9n\u00e9gal, derri\u00e8re la France, avec un volume d\u2019\u00e9changes de deux milliards de dollars en 2016, incluant des projets d\u2019infrastructure, selon des chiffres officiels s\u00e9n\u00e9galais.<\/p>\n<p>Les exportations du S\u00e9n\u00e9gal vers la Chine se chiffraient \u00e0 plus de 115 millions d\u2019euros en 2017, les principaux produits export\u00e9s vers la Chine \u00e9tant des minerais (zircon et titane) et les arachides. La Chine est le premier pays importateur d\u2019arachides s\u00e9n\u00e9galaises, dont les ventes ont atteint 45 milliards de FCFA (68,6 millions d\u2019euros) en 2017 contre 24 milliards de FCFA (36,5 millions d\u2019euros) en 2016.<\/p>\n<p>La Chine est aussi le deuxi\u00e8me fournisseur du S\u00e9n\u00e9gal apr\u00e8s la France. Les importations de la Chine sont pass\u00e9es de 227 milliards FCFA (plus de 346 millions d\u2019euros) en 2013 \u00e0 367 milliards FCFA (plus de 559 millions d\u2019euros) en 2017.<\/p>\n<p>Cette \u00e9volution est expliqu\u00e9e par l\u2019accroissement des importations des produits tels que les appareils de r\u00e9ception, les compteurs d?\u00e9lectricit\u00e9 et les mat\u00e9riaux de construction (tubes, tuyaux et mat\u00e9riel en fer).<\/p>\n<p>De nombreuses infrastructures\u00a0construites par la Chine<\/p>\n<p>La hausse des importations des mat\u00e9riaux de construction est due \u00e0 la pr\u00e9sence des entreprises chinoises au S\u00e9n\u00e9gal pour l\u2019ex\u00e9cution des chantiers de l\u2019Etat.<\/p>\n<p>De nombreuses infrastructures au S\u00e9n\u00e9gal, dont des stades, des routes et autoroutes, un h\u00f4pital, un Grand-th\u00e9\u00e2tre, une ar\u00e8ne nationale de lutte et un mus\u00e9e des civilisations noires, ont \u00e9t\u00e9 construites par la Chine.<\/p>\n<p>Globalement, les financements accord\u00e9s par la Chine au S\u00e9n\u00e9gal depuis 2005, ann\u00e9e du r\u00e9tablissement des relations diplomatiques entre les deux pays, d\u00e9passent 1,8 milliard d\u2019euros.<\/p>\n<p>La visite de Xi Jinping, qui doit quitter dimanche le S\u00e9n\u00e9gal, est la deuxi\u00e8me d\u2019un dirigeant chinois dans ce pays apr\u00e8s celle de Hu Jintao en f\u00e9vrier 2009.<\/p>\n<p><strong>JA<\/strong><\/p>\n","protected":false},"excerpt":{"rendered":"<p>La Chine et le S\u00e9n\u00e9gal ont sign\u00e9 samedi soir de nouveaux accords pour renforcer leurs liens \u00e9conomiques, \u00e0 l&rsquo;occasion de la visite d&rsquo;Etat \u00e0 Dakar du pr\u00e9sident Xi Jinping, la premi\u00e8re \u00e0 ce niveau en pr\u00e8s de dix ans. Arriv\u00e9 samedi en fin d\u2019apr\u00e8s-midi \u00e0 Dakar, le dirigeant chinois a \u00e9t\u00e9 accueilli par son homologue [&hellip;]<\/p>\n","protected":false},"author":12,"featured_media":26078,"comment_status":"closed","ping_status":"closed","sticky":false,"template":"","format":"standard","meta":{"_exactmetrics_skip_tracking":false,"_exactmetrics_sitenote_active":false,"_exactmetrics_sitenote_note":"","_exactmetrics_sitenote_category":0,"tdm_status":"","tdm_grid_status":"","footnotes":""},"categories":[14],"tags":[],"class_list":{"0":"post-26077","1":"post","2":"type-post","3":"status-publish","4":"format-standard","5":"has-post-thumbnail","7":"category-politique"},"yoast_head":"<!-- This site is optimized with the Yoast SEO plugin v24.2 - https:\/\/yoast.com\/wordpress\/plugins\/seo\/ -->\n<title>La visite du pr\u00e9sident chinois au S\u00e9n\u00e9gal | Guin\u00e9e Diversit\u00e9<\/title>\n<meta name=\"robots\" content=\"index, follow, max-snippet:-1, max-image-preview:large, max-video-preview:-1\" \/>\n<link rel=\"canonical\" href=\"https:\/\/guineediversite.com\/index.php\/2018\/07\/22\/la-visite-du-president-chinois-au-senegal\/\" \/>\n<meta property=\"og:locale\" content=\"fr_FR\" \/>\n<meta property=\"og:type\" content=\"article\" \/>\n<meta property=\"og:title\" content=\"La visite du pr\u00e9sident chinois au S\u00e9n\u00e9gal | Guin\u00e9e Diversit\u00e9\" \/>\n<meta property=\"og:description\" content=\"La Chine et le S\u00e9n\u00e9gal ont sign\u00e9 samedi soir de nouveaux accords pour renforcer leurs liens \u00e9conomiques, \u00e0 l&rsquo;occasion de la visite d&rsquo;Etat \u00e0 Dakar du pr\u00e9sident Xi Jinping, la premi\u00e8re \u00e0 ce niveau en pr\u00e8s de dix ans. Arriv\u00e9 samedi en fin d\u2019apr\u00e8s-midi \u00e0 Dakar, le dirigeant chinois a \u00e9t\u00e9 accueilli par son homologue [&hellip;]\" \/>\n<meta property=\"og:url\" content=\"https:\/\/guineediversite.com\/index.php\/2018\/07\/22\/la-visite-du-president-chinois-au-senegal\/\" \/>\n<meta property=\"og:site_name\" content=\"Guin\u00e9e Diversit\u00e9\" \/>\n<meta property=\"article:publisher\" content=\"https:\/\/www.facebook.com\/guineediversite\/\" \/>\n<meta property=\"article:published_time\" content=\"2018-07-22T10:19:30+00:00\" \/>\n<meta property=\"og:image\" content=\"https:\/\/guineediversite.com\/wp-content\/uploads\/2018\/07\/xi-sall-592x296-1532250070.jpg\" \/>\n\t<meta property=\"og:image:width\" content=\"2048\" \/>\n\t<meta property=\"og:image:height\" content=\"1024\" \/>\n\t<meta property=\"og:image:type\" content=\"image\/jpeg\" \/>\n<meta name=\"author\" content=\"Guin\u00e9e Diversit\u00e9\" \/>\n<meta name=\"twitter:card\" content=\"summary_large_image\" \/>\n<meta name=\"twitter:creator\" content=\"@GuineeDiversite\" \/>\n<meta name=\"twitter:site\" content=\"@GuineeDiversite\" \/>\n<meta name=\"twitter:label1\" content=\"\u00c9crit par\" \/>\n\t<meta name=\"twitter:data1\" content=\"Guin\u00e9e Diversit\u00e9\" \/>\n\t<meta name=\"twitter:label2\" content=\"Dur\u00e9e de lecture estim\u00e9e\" \/>\n\t<meta name=\"twitter:data2\" content=\"3 minutes\" \/>\n<script type=\"application\/ld+json\" class=\"yoast-schema-graph\">{\"@context\":\"https:\/\/schema.org\",\"@graph\":[{\"@type\":\"Article\",\"@id\":\"https:\/\/guineediversite.com\/index.php\/2018\/07\/22\/la-visite-du-president-chinois-au-senegal\/#article\",\"isPartOf\":{\"@id\":\"https:\/\/guineediversite.com\/index.php\/2018\/07\/22\/la-visite-du-president-chinois-au-senegal\/\"},\"author\":{\"name\":\"Guin\u00e9e Diversit\u00e9\",\"@id\":\"https:\/\/guineediversite.com\/#\/schema\/person\/afa08fb34e7fc6e1feafc892612bc836\"},\"headline\":\"La visite du pr\u00e9sident chinois au S\u00e9n\u00e9gal\",\"datePublished\":\"2018-07-22T10:19:30+00:00\",\"dateModified\":\"2018-07-22T10:19:30+00:00\",\"mainEntityOfPage\":{\"@id\":\"https:\/\/guineediversite.com\/index.php\/2018\/07\/22\/la-visite-du-president-chinois-au-senegal\/\"},\"wordCount\":676,\"publisher\":{\"@id\":\"https:\/\/guineediversite.com\/#organization\"},\"image\":{\"@id\":\"https:\/\/guineediversite.com\/index.php\/2018\/07\/22\/la-visite-du-president-chinois-au-senegal\/#primaryimage\"},\"thumbnailUrl\":\"https:\/\/guineediversite.com\/wp-content\/uploads\/2018\/07\/xi-sall-592x296-1532250070.jpg\",\"articleSection\":[\"Politique\"],\"inLanguage\":\"fr-FR\"},{\"@type\":\"WebPage\",\"@id\":\"https:\/\/guineediversite.com\/index.php\/2018\/07\/22\/la-visite-du-president-chinois-au-senegal\/\",\"url\":\"https:\/\/guineediversite.com\/index.php\/2018\/07\/22\/la-visite-du-president-chinois-au-senegal\/\",\"name\":\"La visite du pr\u00e9sident chinois au S\u00e9n\u00e9gal | Guin\u00e9e Diversit\u00e9\",\"isPartOf\":{\"@id\":\"https:\/\/guineediversite.com\/#website\"},\"primaryImageOfPage\":{\"@id\":\"https:\/\/guineediversite.com\/index.php\/2018\/07\/22\/la-visite-du-president-chinois-au-senegal\/#primaryimage\"},\"image\":{\"@id\":\"https:\/\/guineediversite.com\/index.php\/2018\/07\/22\/la-visite-du-president-chinois-au-senegal\/#primaryimage\"},\"thumbnailUrl\":\"https:\/\/guineediversite.com\/wp-content\/uploads\/2018\/07\/xi-sall-592x296-1532250070.jpg\",\"datePublished\":\"2018-07-22T10:19:30+00:00\",\"dateModified\":\"2018-07-22T10:19:30+00:00\",\"breadcrumb\":{\"@id\":\"https:\/\/guineediversite.com\/index.php\/2018\/07\/22\/la-visite-du-president-chinois-au-senegal\/#breadcrumb\"},\"inLanguage\":\"fr-FR\",\"potentialAction\":[{\"@type\":\"ReadAction\",\"target\":[\"https:\/\/guineediversite.com\/index.php\/2018\/07\/22\/la-visite-du-president-chinois-au-senegal\/\"]}]},{\"@type\":\"ImageObject\",\"inLanguage\":\"fr-FR\",\"@id\":\"https:\/\/guineediversite.com\/index.php\/2018\/07\/22\/la-visite-du-president-chinois-au-senegal\/#primaryimage\",\"url\":\"https:\/\/guineediversite.com\/wp-content\/uploads\/2018\/07\/xi-sall-592x296-1532250070.jpg\",\"contentUrl\":\"https:\/\/guineediversite.com\/wp-content\/uploads\/2018\/07\/xi-sall-592x296-1532250070.jpg\",\"width\":\"2048\",\"height\":\"1024\"},{\"@type\":\"BreadcrumbList\",\"@id\":\"https:\/\/guineediversite.com\/index.php\/2018\/07\/22\/la-visite-du-president-chinois-au-senegal\/#breadcrumb\",\"itemListElement\":[{\"@type\":\"ListItem\",\"position\":1,\"name\":\"Accueil\",\"item\":\"https:\/\/guineediversite.com\/\"},{\"@type\":\"ListItem\",\"position\":2,\"name\":\"La visite du pr\u00e9sident chinois au S\u00e9n\u00e9gal\"}]},{\"@type\":\"WebSite\",\"@id\":\"https:\/\/guineediversite.com\/#website\",\"url\":\"https:\/\/guineediversite.com\/\",\"name\":\"Guin\u00e9e Diversit\u00e9\",\"description\":\"L&#039;Info dans toute sa diversit\u00e9\",\"publisher\":{\"@id\":\"https:\/\/guineediversite.com\/#organization\"},\"potentialAction\":[{\"@type\":\"SearchAction\",\"target\":{\"@type\":\"EntryPoint\",\"urlTemplate\":\"https:\/\/guineediversite.com\/?s={search_term_string}\"},\"query-input\":{\"@type\":\"PropertyValueSpecification\",\"valueRequired\":true,\"valueName\":\"search_term_string\"}}],\"inLanguage\":\"fr-FR\"},{\"@type\":\"Organization\",\"@id\":\"https:\/\/guineediversite.com\/#organization\",\"name\":\"Guin\u00e9e Diversit\u00e9\",\"url\":\"https:\/\/guineediversite.com\/\",\"logo\":{\"@type\":\"ImageObject\",\"inLanguage\":\"fr-FR\",\"@id\":\"https:\/\/guineediversite.com\/#\/schema\/logo\/image\/\",\"url\":\"https:\/\/guineediversite.com\/wp-content\/uploads\/2017\/04\/cropped-1jojlxEOMkX9Wyqfhe43D6kjPOGqBBKmx3EwWJqZ0cMrFF54yM49.png\",\"contentUrl\":\"https:\/\/guineediversite.com\/wp-content\/uploads\/2017\/04\/cropped-1jojlxEOMkX9Wyqfhe43D6kjPOGqBBKmx3EwWJqZ0cMrFF54yM49.png\",\"width\":186,\"height\":112,\"caption\":\"Guin\u00e9e Diversit\u00e9\"},\"image\":{\"@id\":\"https:\/\/guineediversite.com\/#\/schema\/logo\/image\/\"},\"sameAs\":[\"https:\/\/www.facebook.com\/guineediversite\/\",\"https:\/\/x.com\/GuineeDiversite\",\"https:\/\/www.youtube.com\/channel\/UC8sUY16qelG5ge6_D5SB83g\"]},{\"@type\":\"Person\",\"@id\":\"https:\/\/guineediversite.com\/#\/schema\/person\/afa08fb34e7fc6e1feafc892612bc836\",\"name\":\"Guin\u00e9e Diversit\u00e9\",\"image\":{\"@type\":\"ImageObject\",\"inLanguage\":\"fr-FR\",\"@id\":\"https:\/\/guineediversite.com\/#\/schema\/person\/image\/\",\"url\":\"https:\/\/secure.gravatar.com\/avatar\/50d5eb5b390f8b65ac30ac6f898eb83a?s=96&d=mm&r=g\",\"contentUrl\":\"https:\/\/secure.gravatar.com\/avatar\/50d5eb5b390f8b65ac30ac6f898eb83a?s=96&d=mm&r=g\",\"caption\":\"Guin\u00e9e Diversit\u00e9\"},\"url\":\"https:\/\/guineediversite.com\/index.php\/author\/guineediversite\/\"}]}<\/script>\n<!-- \/ Yoast SEO plugin. -->","yoast_head_json":{"title":"La visite du pr\u00e9sident chinois au S\u00e9n\u00e9gal | Guin\u00e9e Diversit\u00e9","robots":{"index":"index","follow":"follow","max-snippet":"max-snippet:-1","max-image-preview":"max-image-preview:large","max-video-preview":"max-video-preview:-1"},"canonical":"https:\/\/guineediversite.com\/index.php\/2018\/07\/22\/la-visite-du-president-chinois-au-senegal\/","og_locale":"fr_FR","og_type":"article","og_title":"La visite du pr\u00e9sident chinois au S\u00e9n\u00e9gal | Guin\u00e9e Diversit\u00e9","og_description":"La Chine et le S\u00e9n\u00e9gal ont sign\u00e9 samedi soir de nouveaux accords pour renforcer leurs liens \u00e9conomiques, \u00e0 l&rsquo;occasion de la visite d&rsquo;Etat \u00e0 Dakar du pr\u00e9sident Xi Jinping, la premi\u00e8re \u00e0 ce niveau en pr\u00e8s de dix ans. Arriv\u00e9 samedi en fin d\u2019apr\u00e8s-midi \u00e0 Dakar, le dirigeant chinois a \u00e9t\u00e9 accueilli par son homologue [&hellip;]","og_url":"https:\/\/guineediversite.com\/index.php\/2018\/07\/22\/la-visite-du-president-chinois-au-senegal\/","og_site_name":"Guin\u00e9e Diversit\u00e9","article_publisher":"https:\/\/www.facebook.com\/guineediversite\/","article_published_time":"2018-07-22T10:19:30+00:00","og_image":[{"width":2048,"height":1024,"url":"https:\/\/guineediversite.com\/wp-content\/uploads\/2018\/07\/xi-sall-592x296-1532250070.jpg","type":"image\/jpeg"}],"author":"Guin\u00e9e Diversit\u00e9","twitter_card":"summary_large_image","twitter_creator":"@GuineeDiversite","twitter_site":"@GuineeDiversite","twitter_misc":{"\u00c9crit par":"Guin\u00e9e Diversit\u00e9","Dur\u00e9e de lecture estim\u00e9e":"3 minutes"},"schema":{"@context":"https:\/\/schema.org","@graph":[{"@type":"Article","@id":"https:\/\/guineediversite.com\/index.php\/2018\/07\/22\/la-visite-du-president-chinois-au-senegal\/#article","isPartOf":{"@id":"https:\/\/guineediversite.com\/index.php\/2018\/07\/22\/la-visite-du-president-chinois-au-senegal\/"},"author":{"name":"Guin\u00e9e Diversit\u00e9","@id":"https:\/\/guineediversite.com\/#\/schema\/person\/afa08fb34e7fc6e1feafc892612bc836"},"headline":"La visite du pr\u00e9sident chinois au S\u00e9n\u00e9gal","datePublished":"2018-07-22T10:19:30+00:00","dateModified":"2018-07-22T10:19:30+00:00","mainEntityOfPage":{"@id":"https:\/\/guineediversite.com\/index.php\/2018\/07\/22\/la-visite-du-president-chinois-au-senegal\/"},"wordCount":676,"publisher":{"@id":"https:\/\/guineediversite.com\/#organization"},"image":{"@id":"https:\/\/guineediversite.com\/index.php\/2018\/07\/22\/la-visite-du-president-chinois-au-senegal\/#primaryimage"},"thumbnailUrl":"https:\/\/guineediversite.com\/wp-content\/uploads\/2018\/07\/xi-sall-592x296-1532250070.jpg","articleSection":["Politique"],"inLanguage":"fr-FR"},{"@type":"WebPage","@id":"https:\/\/guineediversite.com\/index.php\/2018\/07\/22\/la-visite-du-president-chinois-au-senegal\/","url":"https:\/\/guineediversite.com\/index.php\/2018\/07\/22\/la-visite-du-president-chinois-au-senegal\/","name":"La visite du pr\u00e9sident chinois au S\u00e9n\u00e9gal | Guin\u00e9e Diversit\u00e9","isPartOf":{"@id":"https:\/\/guineediversite.com\/#website"},"primaryImageOfPage":{"@id":"https:\/\/guineediversite.com\/index.php\/2018\/07\/22\/la-visite-du-president-chinois-au-senegal\/#primaryimage"},"image":{"@id":"https:\/\/guineediversite.com\/index.php\/2018\/07\/22\/la-visite-du-president-chinois-au-senegal\/#primaryimage"},"thumbnailUrl":"https:\/\/guineediversite.com\/wp-content\/uploads\/2018\/07\/xi-sall-592x296-1532250070.jpg","datePublished":"2018-07-22T10:19:30+00:00","dateModified":"2018-07-22T10:19:30+00:00","breadcrumb":{"@id":"https:\/\/guineediversite.com\/index.php\/2018\/07\/22\/la-visite-du-president-chinois-au-senegal\/#breadcrumb"},"inLanguage":"fr-FR","potentialAction":[{"@type":"ReadAction","target":["https:\/\/guineediversite.com\/index.php\/2018\/07\/22\/la-visite-du-president-chinois-au-senegal\/"]}]},{"@type":"ImageObject","inLanguage":"fr-FR","@id":"https:\/\/guineediversite.com\/index.php\/2018\/07\/22\/la-visite-du-president-chinois-au-senegal\/#primaryimage","url":"https:\/\/guineediversite.com\/wp-content\/uploads\/2018\/07\/xi-sall-592x296-1532250070.jpg","contentUrl":"https:\/\/guineediversite.com\/wp-content\/uploads\/2018\/07\/xi-sall-592x296-1532250070.jpg","width":"2048","height":"1024"},{"@type":"BreadcrumbList","@id":"https:\/\/guineediversite.com\/index.php\/2018\/07\/22\/la-visite-du-president-chinois-au-senegal\/#breadcrumb","itemListElement":[{"@type":"ListItem","position":1,"name":"Accueil","item":"https:\/\/guineediversite.com\/"},{"@type":"ListItem","position":2,"name":"La visite du pr\u00e9sident chinois au S\u00e9n\u00e9gal"}]},{"@type":"WebSite","@id":"https:\/\/guineediversite.com\/#website","url":"https:\/\/guineediversite.com\/","name":"Guin\u00e9e Diversit\u00e9","description":"L&#039;Info dans toute sa diversit\u00e9","publisher":{"@id":"https:\/\/guineediversite.com\/#organization"},"potentialAction":[{"@type":"SearchAction","target":{"@type":"EntryPoint","urlTemplate":"https:\/\/guineediversite.com\/?s={search_term_string}"},"query-input":{"@type":"PropertyValueSpecification","valueRequired":true,"valueName":"search_term_string"}}],"inLanguage":"fr-FR"},{"@type":"Organization","@id":"https:\/\/guineediversite.com\/#organization","name":"Guin\u00e9e Diversit\u00e9","url":"https:\/\/guineediversite.com\/","logo":{"@type":"ImageObject","inLanguage":"fr-FR","@id":"https:\/\/guineediversite.com\/#\/schema\/logo\/image\/","url":"https:\/\/guineediversite.com\/wp-content\/uploads\/2017\/04\/cropped-1jojlxEOMkX9Wyqfhe43D6kjPOGqBBKmx3EwWJqZ0cMrFF54yM49.png","contentUrl":"https:\/\/guineediversite.com\/wp-content\/uploads\/2017\/04\/cropped-1jojlxEOMkX9Wyqfhe43D6kjPOGqBBKmx3EwWJqZ0cMrFF54yM49.png","width":186,"height":112,"caption":"Guin\u00e9e Diversit\u00e9"},"image":{"@id":"https:\/\/guineediversite.com\/#\/schema\/logo\/image\/"},"sameAs":["https:\/\/www.facebook.com\/guineediversite\/","https:\/\/x.com\/GuineeDiversite","https:\/\/www.youtube.com\/channel\/UC8sUY16qelG5ge6_D5SB83g"]},{"@type":"Person","@id":"https:\/\/guineediversite.com\/#\/schema\/person\/afa08fb34e7fc6e1feafc892612bc836","name":"Guin\u00e9e Diversit\u00e9","image":{"@type":"ImageObject","inLanguage":"fr-FR","@id":"https:\/\/guineediversite.com\/#\/schema\/person\/image\/","url":"https:\/\/secure.gravatar.com\/avatar\/50d5eb5b390f8b65ac30ac6f898eb83a?s=96&d=mm&r=g","contentUrl":"https:\/\/secure.gravatar.com\/avatar\/50d5eb5b390f8b65ac30ac6f898eb83a?s=96&d=mm&r=g","caption":"Guin\u00e9e Diversit\u00e9"},"url":"https:\/\/guineediversite.com\/index.php\/author\/guineediversite\/"}]}},"_links":{"self":[{"href":"https:\/\/guineediversite.com\/index.php\/wp-json\/wp\/v2\/posts\/26077"}],"collection":[{"href":"https:\/\/guineediversite.com\/index.php\/wp-json\/wp\/v2\/posts"}],"about":[{"href":"https:\/\/guineediversite.com\/index.php\/wp-json\/wp\/v2\/types\/post"}],"author":[{"embeddable":true,"href":"https:\/\/guineediversite.com\/index.php\/wp-json\/wp\/v2\/users\/12"}],"replies":[{"embeddable":true,"href":"https:\/\/guineediversite.com\/index.php\/wp-json\/wp\/v2\/comments?post=26077"}],"version-history":[{"count":0,"href":"https:\/\/guineediversite.com\/index.php\/wp-json\/wp\/v2\/posts\/26077\/revisions"}],"wp:featuredmedia":[{"embeddable":true,"href":"https:\/\/guineediversite.com\/index.php\/wp-json\/wp\/v2\/media\/26078"}],"wp:attachment":[{"href":"https:\/\/guineediversite.com\/index.php\/wp-json\/wp\/v2\/media?parent=26077"}],"wp:term":[{"taxonomy":"category","embeddable":true,"href":"https:\/\/guineediversite.com\/index.php\/wp-json\/wp\/v2\/categories?post=26077"},{"taxonomy":"post_tag","embeddable":true,"href":"https:\/\/guineediversite.com\/index.php\/wp-json\/wp\/v2\/tags?post=26077"}],"curies":[{"name":"wp","href":"https:\/\/api.w.org\/{rel}","templated":true}]}}