{"id":26074,"date":"2018-07-22T12:03:02","date_gmt":"2018-07-22T10:03:02","guid":{"rendered":"https:\/\/guineediversite.com\/?p=26074"},"modified":"2018-07-22T12:03:02","modified_gmt":"2018-07-22T10:03:02","slug":"guinee-le-prisonnier-alpha-ibrahima-alias-koin-condamne-lors-du-proces-des-gangs-de-1995-est-decede","status":"publish","type":"post","link":"https:\/\/guineediversite.com\/index.php\/2018\/07\/22\/guinee-le-prisonnier-alpha-ibrahima-alias-koin-condamne-lors-du-proces-des-gangs-de-1995-est-decede\/","title":{"rendered":"Guin\u00e9e : Le prisonnier Alpha Ibrahima alias Ko\u00efn condamn\u00e9 lors du proc\u00e8s des gangs de 1995 est d\u00e9c\u00e9d\u00e9"},"content":{"rendered":"<p>Condamn\u00e9 en 1995 lors du \u2018\u2019c\u00e9l\u00e8bre\u2019\u2019 proc\u00e8s des gangs, \u00a0Ko\u00efn est mort ce samedi, 21 juillet 2018 d\u00e8s suite de longue maladie. Selon nos informations, ce compagnon de Mathias Toundou f\u00e8ndouno \u00a0est rest\u00e9 longtemps malade sans soins ad\u00e9quats \u00e0 la Maison Centrale de Coronthie. Et aucun personnel de la prison \u00a0n\u2019aurait \u00a0voulu s\u2019engager pour le \u00a0conduire \u00e0 l\u2019h\u00f4pital malgr\u00e9 l\u2019ordre \u00a0de la hi\u00e9rarchie au risque de porter la responsabilit\u00e9 d\u2019une \u00e9ventuelle \u00e9vasion du prisonnier.<\/p>\n<p>Et ce n\u2019est qu\u2019\u00e0 l\u2019agonie qu\u2019il aurait \u00e9t\u00e9 transport\u00e9 dans un h\u00f4pital de la place o\u00f9 il a rendu l\u2019\u00e2me.<\/p>\n<p>Condamn\u00e9 \u00e0 20 ans de travaux forc\u00e9s, Ko\u00efn aurait purg\u00e9 sa peine il ya de cela plus 5 ans sans \u00eatre lib\u00e9r\u00e9.<\/p>\n<p>A signaler qu\u2019au total\u00a0 cinq prisonniers seraient morts \u00e0 la Maison Centrale au cours du dernier mois.<\/p>\n<p><strong>LINCOLN 624901737<\/strong><\/p>\n","protected":false},"excerpt":{"rendered":"<p>Condamn\u00e9 en 1995 lors du \u2018\u2019c\u00e9l\u00e8bre\u2019\u2019 proc\u00e8s des gangs, \u00a0Ko\u00efn est mort ce samedi, 21 juillet 2018 d\u00e8s suite de longue maladie. Selon nos informations, ce compagnon de Mathias Toundou f\u00e8ndouno \u00a0est rest\u00e9 longtemps malade sans soins ad\u00e9quats \u00e0 la Maison Centrale de Coronthie. Et aucun personnel de la prison \u00a0n\u2019aurait \u00a0voulu s\u2019engager pour le [&hellip;]<\/p>\n","protected":false},"author":12,"featured_media":26075,"comment_status":"closed","ping_status":"closed","sticky":false,"template":"","format":"standard","meta":{"_exactmetrics_skip_tracking":false,"_exactmetrics_sitenote_active":false,"_exactmetrics_sitenote_note":"","_exactmetrics_sitenote_category":0,"tdm_status":"","tdm_grid_status":"","footnotes":""},"categories":[16],"tags":[],"class_list":{"0":"post-26074","1":"post","2":"type-post","3":"status-publish","4":"format-standard","5":"has-post-thumbnail","7":"category-societe"},"yoast_head":"<!-- This site is optimized with the Yoast SEO plugin v24.2 - https:\/\/yoast.com\/wordpress\/plugins\/seo\/ -->\n<title>Guin\u00e9e : Le prisonnier Alpha Ibrahima alias Ko\u00efn condamn\u00e9 lors du proc\u00e8s des gangs de 1995 est d\u00e9c\u00e9d\u00e9 | Guin\u00e9e Diversit\u00e9<\/title>\n<meta name=\"robots\" content=\"index, follow, max-snippet:-1, max-image-preview:large, max-video-preview:-1\" \/>\n<link rel=\"canonical\" href=\"https:\/\/guineediversite.com\/index.php\/2018\/07\/22\/guinee-le-prisonnier-alpha-ibrahima-alias-koin-condamne-lors-du-proces-des-gangs-de-1995-est-decede\/\" \/>\n<meta property=\"og:locale\" content=\"fr_FR\" \/>\n<meta property=\"og:type\" content=\"article\" \/>\n<meta property=\"og:title\" content=\"Guin\u00e9e : Le prisonnier Alpha Ibrahima alias Ko\u00efn condamn\u00e9 lors du proc\u00e8s des gangs de 1995 est d\u00e9c\u00e9d\u00e9 | Guin\u00e9e Diversit\u00e9\" \/>\n<meta property=\"og:description\" content=\"Condamn\u00e9 en 1995 lors du \u2018\u2019c\u00e9l\u00e8bre\u2019\u2019 proc\u00e8s des gangs, \u00a0Ko\u00efn est mort ce samedi, 21 juillet 2018 d\u00e8s suite de longue maladie. Selon nos informations, ce compagnon de Mathias Toundou f\u00e8ndouno \u00a0est rest\u00e9 longtemps malade sans soins ad\u00e9quats \u00e0 la Maison Centrale de Coronthie. Et aucun personnel de la prison \u00a0n\u2019aurait \u00a0voulu s\u2019engager pour le [&hellip;]\" \/>\n<meta property=\"og:url\" content=\"https:\/\/guineediversite.com\/index.php\/2018\/07\/22\/guinee-le-prisonnier-alpha-ibrahima-alias-koin-condamne-lors-du-proces-des-gangs-de-1995-est-decede\/\" \/>\n<meta property=\"og:site_name\" content=\"Guin\u00e9e Diversit\u00e9\" \/>\n<meta property=\"article:publisher\" content=\"https:\/\/www.facebook.com\/guineediversite\/\" \/>\n<meta property=\"article:published_time\" content=\"2018-07-22T10:03:02+00:00\" \/>\n<meta property=\"og:image\" content=\"https:\/\/guineediversite.com\/wp-content\/uploads\/2018\/07\/PRISON-MAISON-CENTRALE-CONAKRY-768x432.jpg\" \/>\n\t<meta property=\"og:image:width\" content=\"1820\" \/>\n\t<meta property=\"og:image:height\" content=\"1024\" \/>\n\t<meta property=\"og:image:type\" content=\"image\/jpeg\" \/>\n<meta name=\"author\" content=\"Guin\u00e9e Diversit\u00e9\" \/>\n<meta name=\"twitter:card\" content=\"summary_large_image\" \/>\n<meta name=\"twitter:creator\" content=\"@GuineeDiversite\" \/>\n<meta name=\"twitter:site\" content=\"@GuineeDiversite\" \/>\n<meta name=\"twitter:label1\" content=\"\u00c9crit par\" \/>\n\t<meta name=\"twitter:data1\" content=\"Guin\u00e9e Diversit\u00e9\" \/>\n\t<meta name=\"twitter:label2\" content=\"Dur\u00e9e de lecture estim\u00e9e\" \/>\n\t<meta name=\"twitter:data2\" content=\"1 minute\" \/>\n<script type=\"application\/ld+json\" class=\"yoast-schema-graph\">{\"@context\":\"https:\/\/schema.org\",\"@graph\":[{\"@type\":\"Article\",\"@id\":\"https:\/\/guineediversite.com\/index.php\/2018\/07\/22\/guinee-le-prisonnier-alpha-ibrahima-alias-koin-condamne-lors-du-proces-des-gangs-de-1995-est-decede\/#article\",\"isPartOf\":{\"@id\":\"https:\/\/guineediversite.com\/index.php\/2018\/07\/22\/guinee-le-prisonnier-alpha-ibrahima-alias-koin-condamne-lors-du-proces-des-gangs-de-1995-est-decede\/\"},\"author\":{\"name\":\"Guin\u00e9e Diversit\u00e9\",\"@id\":\"https:\/\/guineediversite.com\/#\/schema\/person\/afa08fb34e7fc6e1feafc892612bc836\"},\"headline\":\"Guin\u00e9e : Le prisonnier Alpha Ibrahima alias Ko\u00efn condamn\u00e9 lors du proc\u00e8s des gangs de 1995 est d\u00e9c\u00e9d\u00e9\",\"datePublished\":\"2018-07-22T10:03:02+00:00\",\"dateModified\":\"2018-07-22T10:03:02+00:00\",\"mainEntityOfPage\":{\"@id\":\"https:\/\/guineediversite.com\/index.php\/2018\/07\/22\/guinee-le-prisonnier-alpha-ibrahima-alias-koin-condamne-lors-du-proces-des-gangs-de-1995-est-decede\/\"},\"wordCount\":169,\"publisher\":{\"@id\":\"https:\/\/guineediversite.com\/#organization\"},\"image\":{\"@id\":\"https:\/\/guineediversite.com\/index.php\/2018\/07\/22\/guinee-le-prisonnier-alpha-ibrahima-alias-koin-condamne-lors-du-proces-des-gangs-de-1995-est-decede\/#primaryimage\"},\"thumbnailUrl\":\"https:\/\/guineediversite.com\/wp-content\/uploads\/2018\/07\/PRISON-MAISON-CENTRALE-CONAKRY-768x432.jpg\",\"articleSection\":[\"Soci\u00e9t\u00e9\"],\"inLanguage\":\"fr-FR\"},{\"@type\":\"WebPage\",\"@id\":\"https:\/\/guineediversite.com\/index.php\/2018\/07\/22\/guinee-le-prisonnier-alpha-ibrahima-alias-koin-condamne-lors-du-proces-des-gangs-de-1995-est-decede\/\",\"url\":\"https:\/\/guineediversite.com\/index.php\/2018\/07\/22\/guinee-le-prisonnier-alpha-ibrahima-alias-koin-condamne-lors-du-proces-des-gangs-de-1995-est-decede\/\",\"name\":\"Guin\u00e9e : Le prisonnier Alpha Ibrahima alias Ko\u00efn condamn\u00e9 lors du proc\u00e8s des gangs de 1995 est d\u00e9c\u00e9d\u00e9 | Guin\u00e9e Diversit\u00e9\",\"isPartOf\":{\"@id\":\"https:\/\/guineediversite.com\/#website\"},\"primaryImageOfPage\":{\"@id\":\"https:\/\/guineediversite.com\/index.php\/2018\/07\/22\/guinee-le-prisonnier-alpha-ibrahima-alias-koin-condamne-lors-du-proces-des-gangs-de-1995-est-decede\/#primaryimage\"},\"image\":{\"@id\":\"https:\/\/guineediversite.com\/index.php\/2018\/07\/22\/guinee-le-prisonnier-alpha-ibrahima-alias-koin-condamne-lors-du-proces-des-gangs-de-1995-est-decede\/#primaryimage\"},\"thumbnailUrl\":\"https:\/\/guineediversite.com\/wp-content\/uploads\/2018\/07\/PRISON-MAISON-CENTRALE-CONAKRY-768x432.jpg\",\"datePublished\":\"2018-07-22T10:03:02+00:00\",\"dateModified\":\"2018-07-22T10:03:02+00:00\",\"breadcrumb\":{\"@id\":\"https:\/\/guineediversite.com\/index.php\/2018\/07\/22\/guinee-le-prisonnier-alpha-ibrahima-alias-koin-condamne-lors-du-proces-des-gangs-de-1995-est-decede\/#breadcrumb\"},\"inLanguage\":\"fr-FR\",\"potentialAction\":[{\"@type\":\"ReadAction\",\"target\":[\"https:\/\/guineediversite.com\/index.php\/2018\/07\/22\/guinee-le-prisonnier-alpha-ibrahima-alias-koin-condamne-lors-du-proces-des-gangs-de-1995-est-decede\/\"]}]},{\"@type\":\"ImageObject\",\"inLanguage\":\"fr-FR\",\"@id\":\"https:\/\/guineediversite.com\/index.php\/2018\/07\/22\/guinee-le-prisonnier-alpha-ibrahima-alias-koin-condamne-lors-du-proces-des-gangs-de-1995-est-decede\/#primaryimage\",\"url\":\"https:\/\/guineediversite.com\/wp-content\/uploads\/2018\/07\/PRISON-MAISON-CENTRALE-CONAKRY-768x432.jpg\",\"contentUrl\":\"https:\/\/guineediversite.com\/wp-content\/uploads\/2018\/07\/PRISON-MAISON-CENTRALE-CONAKRY-768x432.jpg\",\"width\":\"1820\",\"height\":\"1024\"},{\"@type\":\"BreadcrumbList\",\"@id\":\"https:\/\/guineediversite.com\/index.php\/2018\/07\/22\/guinee-le-prisonnier-alpha-ibrahima-alias-koin-condamne-lors-du-proces-des-gangs-de-1995-est-decede\/#breadcrumb\",\"itemListElement\":[{\"@type\":\"ListItem\",\"position\":1,\"name\":\"Accueil\",\"item\":\"https:\/\/guineediversite.com\/\"},{\"@type\":\"ListItem\",\"position\":2,\"name\":\"Guin\u00e9e : Le prisonnier Alpha Ibrahima alias Ko\u00efn condamn\u00e9 lors du proc\u00e8s des gangs de 1995 est d\u00e9c\u00e9d\u00e9\"}]},{\"@type\":\"WebSite\",\"@id\":\"https:\/\/guineediversite.com\/#website\",\"url\":\"https:\/\/guineediversite.com\/\",\"name\":\"Guin\u00e9e Diversit\u00e9\",\"description\":\"L&#039;Info dans toute sa diversit\u00e9\",\"publisher\":{\"@id\":\"https:\/\/guineediversite.com\/#organization\"},\"potentialAction\":[{\"@type\":\"SearchAction\",\"target\":{\"@type\":\"EntryPoint\",\"urlTemplate\":\"https:\/\/guineediversite.com\/?s={search_term_string}\"},\"query-input\":{\"@type\":\"PropertyValueSpecification\",\"valueRequired\":true,\"valueName\":\"search_term_string\"}}],\"inLanguage\":\"fr-FR\"},{\"@type\":\"Organization\",\"@id\":\"https:\/\/guineediversite.com\/#organization\",\"name\":\"Guin\u00e9e Diversit\u00e9\",\"url\":\"https:\/\/guineediversite.com\/\",\"logo\":{\"@type\":\"ImageObject\",\"inLanguage\":\"fr-FR\",\"@id\":\"https:\/\/guineediversite.com\/#\/schema\/logo\/image\/\",\"url\":\"https:\/\/guineediversite.com\/wp-content\/uploads\/2017\/04\/cropped-1jojlxEOMkX9Wyqfhe43D6kjPOGqBBKmx3EwWJqZ0cMrFF54yM49.png\",\"contentUrl\":\"https:\/\/guineediversite.com\/wp-content\/uploads\/2017\/04\/cropped-1jojlxEOMkX9Wyqfhe43D6kjPOGqBBKmx3EwWJqZ0cMrFF54yM49.png\",\"width\":186,\"height\":112,\"caption\":\"Guin\u00e9e Diversit\u00e9\"},\"image\":{\"@id\":\"https:\/\/guineediversite.com\/#\/schema\/logo\/image\/\"},\"sameAs\":[\"https:\/\/www.facebook.com\/guineediversite\/\",\"https:\/\/x.com\/GuineeDiversite\",\"https:\/\/www.youtube.com\/channel\/UC8sUY16qelG5ge6_D5SB83g\"]},{\"@type\":\"Person\",\"@id\":\"https:\/\/guineediversite.com\/#\/schema\/person\/afa08fb34e7fc6e1feafc892612bc836\",\"name\":\"Guin\u00e9e Diversit\u00e9\",\"image\":{\"@type\":\"ImageObject\",\"inLanguage\":\"fr-FR\",\"@id\":\"https:\/\/guineediversite.com\/#\/schema\/person\/image\/\",\"url\":\"https:\/\/secure.gravatar.com\/avatar\/50d5eb5b390f8b65ac30ac6f898eb83a?s=96&d=mm&r=g\",\"contentUrl\":\"https:\/\/secure.gravatar.com\/avatar\/50d5eb5b390f8b65ac30ac6f898eb83a?s=96&d=mm&r=g\",\"caption\":\"Guin\u00e9e Diversit\u00e9\"},\"url\":\"https:\/\/guineediversite.com\/index.php\/author\/guineediversite\/\"}]}<\/script>\n<!-- \/ Yoast SEO plugin. -->","yoast_head_json":{"title":"Guin\u00e9e : Le prisonnier Alpha Ibrahima alias Ko\u00efn condamn\u00e9 lors du proc\u00e8s des gangs de 1995 est d\u00e9c\u00e9d\u00e9 | Guin\u00e9e Diversit\u00e9","robots":{"index":"index","follow":"follow","max-snippet":"max-snippet:-1","max-image-preview":"max-image-preview:large","max-video-preview":"max-video-preview:-1"},"canonical":"https:\/\/guineediversite.com\/index.php\/2018\/07\/22\/guinee-le-prisonnier-alpha-ibrahima-alias-koin-condamne-lors-du-proces-des-gangs-de-1995-est-decede\/","og_locale":"fr_FR","og_type":"article","og_title":"Guin\u00e9e : Le prisonnier Alpha Ibrahima alias Ko\u00efn condamn\u00e9 lors du proc\u00e8s des gangs de 1995 est d\u00e9c\u00e9d\u00e9 | Guin\u00e9e Diversit\u00e9","og_description":"Condamn\u00e9 en 1995 lors du \u2018\u2019c\u00e9l\u00e8bre\u2019\u2019 proc\u00e8s des gangs, \u00a0Ko\u00efn est mort ce samedi, 21 juillet 2018 d\u00e8s suite de longue maladie. Selon nos informations, ce compagnon de Mathias Toundou f\u00e8ndouno \u00a0est rest\u00e9 longtemps malade sans soins ad\u00e9quats \u00e0 la Maison Centrale de Coronthie. Et aucun personnel de la prison \u00a0n\u2019aurait \u00a0voulu s\u2019engager pour le [&hellip;]","og_url":"https:\/\/guineediversite.com\/index.php\/2018\/07\/22\/guinee-le-prisonnier-alpha-ibrahima-alias-koin-condamne-lors-du-proces-des-gangs-de-1995-est-decede\/","og_site_name":"Guin\u00e9e Diversit\u00e9","article_publisher":"https:\/\/www.facebook.com\/guineediversite\/","article_published_time":"2018-07-22T10:03:02+00:00","og_image":[{"width":1820,"height":1024,"url":"https:\/\/guineediversite.com\/wp-content\/uploads\/2018\/07\/PRISON-MAISON-CENTRALE-CONAKRY-768x432.jpg","type":"image\/jpeg"}],"author":"Guin\u00e9e Diversit\u00e9","twitter_card":"summary_large_image","twitter_creator":"@GuineeDiversite","twitter_site":"@GuineeDiversite","twitter_misc":{"\u00c9crit par":"Guin\u00e9e Diversit\u00e9","Dur\u00e9e de lecture estim\u00e9e":"1 minute"},"schema":{"@context":"https:\/\/schema.org","@graph":[{"@type":"Article","@id":"https:\/\/guineediversite.com\/index.php\/2018\/07\/22\/guinee-le-prisonnier-alpha-ibrahima-alias-koin-condamne-lors-du-proces-des-gangs-de-1995-est-decede\/#article","isPartOf":{"@id":"https:\/\/guineediversite.com\/index.php\/2018\/07\/22\/guinee-le-prisonnier-alpha-ibrahima-alias-koin-condamne-lors-du-proces-des-gangs-de-1995-est-decede\/"},"author":{"name":"Guin\u00e9e Diversit\u00e9","@id":"https:\/\/guineediversite.com\/#\/schema\/person\/afa08fb34e7fc6e1feafc892612bc836"},"headline":"Guin\u00e9e : Le prisonnier Alpha Ibrahima alias Ko\u00efn condamn\u00e9 lors du proc\u00e8s des gangs de 1995 est d\u00e9c\u00e9d\u00e9","datePublished":"2018-07-22T10:03:02+00:00","dateModified":"2018-07-22T10:03:02+00:00","mainEntityOfPage":{"@id":"https:\/\/guineediversite.com\/index.php\/2018\/07\/22\/guinee-le-prisonnier-alpha-ibrahima-alias-koin-condamne-lors-du-proces-des-gangs-de-1995-est-decede\/"},"wordCount":169,"publisher":{"@id":"https:\/\/guineediversite.com\/#organization"},"image":{"@id":"https:\/\/guineediversite.com\/index.php\/2018\/07\/22\/guinee-le-prisonnier-alpha-ibrahima-alias-koin-condamne-lors-du-proces-des-gangs-de-1995-est-decede\/#primaryimage"},"thumbnailUrl":"https:\/\/guineediversite.com\/wp-content\/uploads\/2018\/07\/PRISON-MAISON-CENTRALE-CONAKRY-768x432.jpg","articleSection":["Soci\u00e9t\u00e9"],"inLanguage":"fr-FR"},{"@type":"WebPage","@id":"https:\/\/guineediversite.com\/index.php\/2018\/07\/22\/guinee-le-prisonnier-alpha-ibrahima-alias-koin-condamne-lors-du-proces-des-gangs-de-1995-est-decede\/","url":"https:\/\/guineediversite.com\/index.php\/2018\/07\/22\/guinee-le-prisonnier-alpha-ibrahima-alias-koin-condamne-lors-du-proces-des-gangs-de-1995-est-decede\/","name":"Guin\u00e9e : Le prisonnier Alpha Ibrahima alias Ko\u00efn condamn\u00e9 lors du proc\u00e8s des gangs de 1995 est d\u00e9c\u00e9d\u00e9 | Guin\u00e9e Diversit\u00e9","isPartOf":{"@id":"https:\/\/guineediversite.com\/#website"},"primaryImageOfPage":{"@id":"https:\/\/guineediversite.com\/index.php\/2018\/07\/22\/guinee-le-prisonnier-alpha-ibrahima-alias-koin-condamne-lors-du-proces-des-gangs-de-1995-est-decede\/#primaryimage"},"image":{"@id":"https:\/\/guineediversite.com\/index.php\/2018\/07\/22\/guinee-le-prisonnier-alpha-ibrahima-alias-koin-condamne-lors-du-proces-des-gangs-de-1995-est-decede\/#primaryimage"},"thumbnailUrl":"https:\/\/guineediversite.com\/wp-content\/uploads\/2018\/07\/PRISON-MAISON-CENTRALE-CONAKRY-768x432.jpg","datePublished":"2018-07-22T10:03:02+00:00","dateModified":"2018-07-22T10:03:02+00:00","breadcrumb":{"@id":"https:\/\/guineediversite.com\/index.php\/2018\/07\/22\/guinee-le-prisonnier-alpha-ibrahima-alias-koin-condamne-lors-du-proces-des-gangs-de-1995-est-decede\/#breadcrumb"},"inLanguage":"fr-FR","potentialAction":[{"@type":"ReadAction","target":["https:\/\/guineediversite.com\/index.php\/2018\/07\/22\/guinee-le-prisonnier-alpha-ibrahima-alias-koin-condamne-lors-du-proces-des-gangs-de-1995-est-decede\/"]}]},{"@type":"ImageObject","inLanguage":"fr-FR","@id":"https:\/\/guineediversite.com\/index.php\/2018\/07\/22\/guinee-le-prisonnier-alpha-ibrahima-alias-koin-condamne-lors-du-proces-des-gangs-de-1995-est-decede\/#primaryimage","url":"https:\/\/guineediversite.com\/wp-content\/uploads\/2018\/07\/PRISON-MAISON-CENTRALE-CONAKRY-768x432.jpg","contentUrl":"https:\/\/guineediversite.com\/wp-content\/uploads\/2018\/07\/PRISON-MAISON-CENTRALE-CONAKRY-768x432.jpg","width":"1820","height":"1024"},{"@type":"BreadcrumbList","@id":"https:\/\/guineediversite.com\/index.php\/2018\/07\/22\/guinee-le-prisonnier-alpha-ibrahima-alias-koin-condamne-lors-du-proces-des-gangs-de-1995-est-decede\/#breadcrumb","itemListElement":[{"@type":"ListItem","position":1,"name":"Accueil","item":"https:\/\/guineediversite.com\/"},{"@type":"ListItem","position":2,"name":"Guin\u00e9e : Le prisonnier Alpha Ibrahima alias Ko\u00efn condamn\u00e9 lors du proc\u00e8s des gangs de 1995 est d\u00e9c\u00e9d\u00e9"}]},{"@type":"WebSite","@id":"https:\/\/guineediversite.com\/#website","url":"https:\/\/guineediversite.com\/","name":"Guin\u00e9e Diversit\u00e9","description":"L&#039;Info dans toute sa diversit\u00e9","publisher":{"@id":"https:\/\/guineediversite.com\/#organization"},"potentialAction":[{"@type":"SearchAction","target":{"@type":"EntryPoint","urlTemplate":"https:\/\/guineediversite.com\/?s={search_term_string}"},"query-input":{"@type":"PropertyValueSpecification","valueRequired":true,"valueName":"search_term_string"}}],"inLanguage":"fr-FR"},{"@type":"Organization","@id":"https:\/\/guineediversite.com\/#organization","name":"Guin\u00e9e Diversit\u00e9","url":"https:\/\/guineediversite.com\/","logo":{"@type":"ImageObject","inLanguage":"fr-FR","@id":"https:\/\/guineediversite.com\/#\/schema\/logo\/image\/","url":"https:\/\/guineediversite.com\/wp-content\/uploads\/2017\/04\/cropped-1jojlxEOMkX9Wyqfhe43D6kjPOGqBBKmx3EwWJqZ0cMrFF54yM49.png","contentUrl":"https:\/\/guineediversite.com\/wp-content\/uploads\/2017\/04\/cropped-1jojlxEOMkX9Wyqfhe43D6kjPOGqBBKmx3EwWJqZ0cMrFF54yM49.png","width":186,"height":112,"caption":"Guin\u00e9e Diversit\u00e9"},"image":{"@id":"https:\/\/guineediversite.com\/#\/schema\/logo\/image\/"},"sameAs":["https:\/\/www.facebook.com\/guineediversite\/","https:\/\/x.com\/GuineeDiversite","https:\/\/www.youtube.com\/channel\/UC8sUY16qelG5ge6_D5SB83g"]},{"@type":"Person","@id":"https:\/\/guineediversite.com\/#\/schema\/person\/afa08fb34e7fc6e1feafc892612bc836","name":"Guin\u00e9e Diversit\u00e9","image":{"@type":"ImageObject","inLanguage":"fr-FR","@id":"https:\/\/guineediversite.com\/#\/schema\/person\/image\/","url":"https:\/\/secure.gravatar.com\/avatar\/50d5eb5b390f8b65ac30ac6f898eb83a?s=96&d=mm&r=g","contentUrl":"https:\/\/secure.gravatar.com\/avatar\/50d5eb5b390f8b65ac30ac6f898eb83a?s=96&d=mm&r=g","caption":"Guin\u00e9e Diversit\u00e9"},"url":"https:\/\/guineediversite.com\/index.php\/author\/guineediversite\/"}]}},"_links":{"self":[{"href":"https:\/\/guineediversite.com\/index.php\/wp-json\/wp\/v2\/posts\/26074"}],"collection":[{"href":"https:\/\/guineediversite.com\/index.php\/wp-json\/wp\/v2\/posts"}],"about":[{"href":"https:\/\/guineediversite.com\/index.php\/wp-json\/wp\/v2\/types\/post"}],"author":[{"embeddable":true,"href":"https:\/\/guineediversite.com\/index.php\/wp-json\/wp\/v2\/users\/12"}],"replies":[{"embeddable":true,"href":"https:\/\/guineediversite.com\/index.php\/wp-json\/wp\/v2\/comments?post=26074"}],"version-history":[{"count":0,"href":"https:\/\/guineediversite.com\/index.php\/wp-json\/wp\/v2\/posts\/26074\/revisions"}],"wp:featuredmedia":[{"embeddable":true,"href":"https:\/\/guineediversite.com\/index.php\/wp-json\/wp\/v2\/media\/26075"}],"wp:attachment":[{"href":"https:\/\/guineediversite.com\/index.php\/wp-json\/wp\/v2\/media?parent=26074"}],"wp:term":[{"taxonomy":"category","embeddable":true,"href":"https:\/\/guineediversite.com\/index.php\/wp-json\/wp\/v2\/categories?post=26074"},{"taxonomy":"post_tag","embeddable":true,"href":"https:\/\/guineediversite.com\/index.php\/wp-json\/wp\/v2\/tags?post=26074"}],"curies":[{"name":"wp","href":"https:\/\/api.w.org\/{rel}","templated":true}]}}