{"id":26067,"date":"2018-07-20T16:23:03","date_gmt":"2018-07-20T14:23:03","guid":{"rendered":"https:\/\/guineediversite.com\/?p=26067"},"modified":"2018-07-20T16:23:03","modified_gmt":"2018-07-20T14:23:03","slug":"cote-divoire-les-elections-locales-fixees-au-13-octobre","status":"publish","type":"post","link":"https:\/\/guineediversite.com\/index.php\/2018\/07\/20\/cote-divoire-les-elections-locales-fixees-au-13-octobre\/","title":{"rendered":"C\u00f4te d\u2019Ivoire : les \u00e9lections locales fix\u00e9es au 13 octobre"},"content":{"rendered":"<p><strong>Les \u00e9lections municipales et r\u00e9gionales auront lieu le 13 octobre en C\u00f4te d&rsquo;Ivoire, a annonc\u00e9 mercredi le gouvernement dans un communiqu\u00e9 \u00e0 l&rsquo;issue du Conseil des ministres.<\/strong><\/p>\n<p>\u00ab\u00a0Sur proposition de la Commission \u00e9lectorale ind\u00e9pendante\u00a0\u00bb, un d\u00e9cret gouvernemental \u00ab\u00a0convoque les coll\u00e8ges \u00e9lectoraux \u00e0 la date du samedi 13 octobre 2018, en vue de proc\u00e9der \u00e0 l\u2019\u00e9lection des conseillers r\u00e9gionaux et des conseillers municipaux\u00a0\u00bb, selon ce communiqu\u00e9 publi\u00e9 mercredi.\u00a0<a href=\"http:\/\/www.jeuneafrique.com\/519834\/politique\/elections-en-cote-divoire-municipales-et-regionales-seront-couplees-mais-quand-auront-elles-lieu\/\">Depuis plusieurs mois, la date exacte de ces scrutins \u00e9tait attendue.<\/a><\/p>\n<p>&nbsp;<\/p>\n<p><a href=\"https:\/\/support.twitter.com\/articles\/20175256\">Informations sur les Publicit\u00e9s Twitter et confidentialit\u00e9<\/a><\/p>\n<p>Cette annonce survient dans un contexte d\u2019effervescence politique, quelques jours apr\u00e8s\u00a0<a href=\"http:\/\/www.jeuneafrique.com\/594660\/politique\/cote-divoire-le-parti-unifie-rhdp-se-met-en-place-sans-bedie-et-en-labsence-de-soro\/\">le lancement d\u2019un \u00ab\u00a0parti unifi\u00e9\u00a0\u00bb par le pr\u00e9sident ivoirien Alassane Ouattara.<\/a><\/p>\n<p>L\u2019assembl\u00e9e g\u00e9n\u00e9rale constitutive du Rassemblement des houphou\u00ebtistes pour la d\u00e9mocratie et la paix (RHDP) s\u2019est tenue \u00e0 Abidjan, et elle a port\u00e9 le chef de l\u2019\u00c9tat \u00e0 la t\u00eate du mouvement. Le RHDP regroupe le Rassemblement des R\u00e9publicains (RDR), le parti du pr\u00e9sident Ouattara, et des personnalit\u00e9s de plusieurs autres partis.<\/p>\n<p>Mais le Parti d\u00e9mocratique de C\u00f4te d\u2019Ivoire (PDCI), jusqu\u2019ici grand alli\u00e9 du RDR dans la coalition au pouvoir, a refus\u00e9 de se joindre au RHDP, m\u00e9content des termes de l\u2019alliance propos\u00e9e.<\/p>\n<p>Au del\u00e0 des \u00e9lections locales d\u2019octobre, c\u2019est la prochaine \u00e9lection pr\u00e9sidentielle pr\u00e9vue dans deux ans qui mobilise toute la sc\u00e8ne politique ivoirienne.<\/p>\n<p><strong>JA<\/strong><\/p>\n","protected":false},"excerpt":{"rendered":"<p>Les \u00e9lections municipales et r\u00e9gionales auront lieu le 13 octobre en C\u00f4te d&rsquo;Ivoire, a annonc\u00e9 mercredi le gouvernement dans un communiqu\u00e9 \u00e0 l&rsquo;issue du Conseil des ministres. \u00ab\u00a0Sur proposition de la Commission \u00e9lectorale ind\u00e9pendante\u00a0\u00bb, un d\u00e9cret gouvernemental \u00ab\u00a0convoque les coll\u00e8ges \u00e9lectoraux \u00e0 la date du samedi 13 octobre 2018, en vue de proc\u00e9der \u00e0 l\u2019\u00e9lection [&hellip;]<\/p>\n","protected":false},"author":12,"featured_media":26068,"comment_status":"closed","ping_status":"closed","sticky":false,"template":"","format":"standard","meta":{"_exactmetrics_skip_tracking":false,"_exactmetrics_sitenote_active":false,"_exactmetrics_sitenote_note":"","_exactmetrics_sitenote_category":0,"tdm_status":"","tdm_grid_status":"","footnotes":""},"categories":[14],"tags":[],"class_list":{"0":"post-26067","1":"post","2":"type-post","3":"status-publish","4":"format-standard","5":"has-post-thumbnail","7":"category-politique"},"yoast_head":"<!-- This site is optimized with the Yoast SEO plugin v24.2 - https:\/\/yoast.com\/wordpress\/plugins\/seo\/ -->\n<title>C\u00f4te d\u2019Ivoire : les \u00e9lections locales fix\u00e9es au 13 octobre | Guin\u00e9e Diversit\u00e9<\/title>\n<meta name=\"robots\" content=\"index, follow, max-snippet:-1, max-image-preview:large, max-video-preview:-1\" \/>\n<link rel=\"canonical\" href=\"https:\/\/guineediversite.com\/index.php\/2018\/07\/20\/cote-divoire-les-elections-locales-fixees-au-13-octobre\/\" \/>\n<meta property=\"og:locale\" content=\"fr_FR\" \/>\n<meta property=\"og:type\" content=\"article\" \/>\n<meta property=\"og:title\" content=\"C\u00f4te d\u2019Ivoire : les \u00e9lections locales fix\u00e9es au 13 octobre | Guin\u00e9e Diversit\u00e9\" \/>\n<meta property=\"og:description\" content=\"Les \u00e9lections municipales et r\u00e9gionales auront lieu le 13 octobre en C\u00f4te d&rsquo;Ivoire, a annonc\u00e9 mercredi le gouvernement dans un communiqu\u00e9 \u00e0 l&rsquo;issue du Conseil des ministres. \u00ab\u00a0Sur proposition de la Commission \u00e9lectorale ind\u00e9pendante\u00a0\u00bb, un d\u00e9cret gouvernemental \u00ab\u00a0convoque les coll\u00e8ges \u00e9lectoraux \u00e0 la date du samedi 13 octobre 2018, en vue de proc\u00e9der \u00e0 l\u2019\u00e9lection [&hellip;]\" \/>\n<meta property=\"og:url\" content=\"https:\/\/guineediversite.com\/index.php\/2018\/07\/20\/cote-divoire-les-elections-locales-fixees-au-13-octobre\/\" \/>\n<meta property=\"og:site_name\" content=\"Guin\u00e9e Diversit\u00e9\" \/>\n<meta property=\"article:publisher\" content=\"https:\/\/www.facebook.com\/guineediversite\/\" \/>\n<meta property=\"article:published_time\" content=\"2018-07-20T14:23:03+00:00\" \/>\n<meta property=\"og:image\" content=\"https:\/\/guineediversite.com\/wp-content\/uploads\/2018\/07\/sipa_ap21812649_000001-592x296-1532077225.jpg\" \/>\n\t<meta property=\"og:image:width\" content=\"2048\" \/>\n\t<meta property=\"og:image:height\" content=\"1024\" \/>\n\t<meta property=\"og:image:type\" content=\"image\/jpeg\" \/>\n<meta name=\"author\" content=\"Guin\u00e9e Diversit\u00e9\" \/>\n<meta name=\"twitter:card\" content=\"summary_large_image\" \/>\n<meta name=\"twitter:creator\" content=\"@GuineeDiversite\" \/>\n<meta name=\"twitter:site\" content=\"@GuineeDiversite\" \/>\n<meta name=\"twitter:label1\" content=\"\u00c9crit par\" \/>\n\t<meta name=\"twitter:data1\" content=\"Guin\u00e9e Diversit\u00e9\" \/>\n\t<meta name=\"twitter:label2\" content=\"Dur\u00e9e de lecture estim\u00e9e\" \/>\n\t<meta name=\"twitter:data2\" content=\"1 minute\" \/>\n<script type=\"application\/ld+json\" class=\"yoast-schema-graph\">{\"@context\":\"https:\/\/schema.org\",\"@graph\":[{\"@type\":\"Article\",\"@id\":\"https:\/\/guineediversite.com\/index.php\/2018\/07\/20\/cote-divoire-les-elections-locales-fixees-au-13-octobre\/#article\",\"isPartOf\":{\"@id\":\"https:\/\/guineediversite.com\/index.php\/2018\/07\/20\/cote-divoire-les-elections-locales-fixees-au-13-octobre\/\"},\"author\":{\"name\":\"Guin\u00e9e Diversit\u00e9\",\"@id\":\"https:\/\/guineediversite.com\/#\/schema\/person\/afa08fb34e7fc6e1feafc892612bc836\"},\"headline\":\"C\u00f4te d\u2019Ivoire : les \u00e9lections locales fix\u00e9es au 13 octobre\",\"datePublished\":\"2018-07-20T14:23:03+00:00\",\"dateModified\":\"2018-07-20T14:23:03+00:00\",\"mainEntityOfPage\":{\"@id\":\"https:\/\/guineediversite.com\/index.php\/2018\/07\/20\/cote-divoire-les-elections-locales-fixees-au-13-octobre\/\"},\"wordCount\":255,\"publisher\":{\"@id\":\"https:\/\/guineediversite.com\/#organization\"},\"image\":{\"@id\":\"https:\/\/guineediversite.com\/index.php\/2018\/07\/20\/cote-divoire-les-elections-locales-fixees-au-13-octobre\/#primaryimage\"},\"thumbnailUrl\":\"https:\/\/guineediversite.com\/wp-content\/uploads\/2018\/07\/sipa_ap21812649_000001-592x296-1532077225.jpg\",\"articleSection\":[\"Politique\"],\"inLanguage\":\"fr-FR\"},{\"@type\":\"WebPage\",\"@id\":\"https:\/\/guineediversite.com\/index.php\/2018\/07\/20\/cote-divoire-les-elections-locales-fixees-au-13-octobre\/\",\"url\":\"https:\/\/guineediversite.com\/index.php\/2018\/07\/20\/cote-divoire-les-elections-locales-fixees-au-13-octobre\/\",\"name\":\"C\u00f4te d\u2019Ivoire : les \u00e9lections locales fix\u00e9es au 13 octobre | Guin\u00e9e Diversit\u00e9\",\"isPartOf\":{\"@id\":\"https:\/\/guineediversite.com\/#website\"},\"primaryImageOfPage\":{\"@id\":\"https:\/\/guineediversite.com\/index.php\/2018\/07\/20\/cote-divoire-les-elections-locales-fixees-au-13-octobre\/#primaryimage\"},\"image\":{\"@id\":\"https:\/\/guineediversite.com\/index.php\/2018\/07\/20\/cote-divoire-les-elections-locales-fixees-au-13-octobre\/#primaryimage\"},\"thumbnailUrl\":\"https:\/\/guineediversite.com\/wp-content\/uploads\/2018\/07\/sipa_ap21812649_000001-592x296-1532077225.jpg\",\"datePublished\":\"2018-07-20T14:23:03+00:00\",\"dateModified\":\"2018-07-20T14:23:03+00:00\",\"breadcrumb\":{\"@id\":\"https:\/\/guineediversite.com\/index.php\/2018\/07\/20\/cote-divoire-les-elections-locales-fixees-au-13-octobre\/#breadcrumb\"},\"inLanguage\":\"fr-FR\",\"potentialAction\":[{\"@type\":\"ReadAction\",\"target\":[\"https:\/\/guineediversite.com\/index.php\/2018\/07\/20\/cote-divoire-les-elections-locales-fixees-au-13-octobre\/\"]}]},{\"@type\":\"ImageObject\",\"inLanguage\":\"fr-FR\",\"@id\":\"https:\/\/guineediversite.com\/index.php\/2018\/07\/20\/cote-divoire-les-elections-locales-fixees-au-13-octobre\/#primaryimage\",\"url\":\"https:\/\/guineediversite.com\/wp-content\/uploads\/2018\/07\/sipa_ap21812649_000001-592x296-1532077225.jpg\",\"contentUrl\":\"https:\/\/guineediversite.com\/wp-content\/uploads\/2018\/07\/sipa_ap21812649_000001-592x296-1532077225.jpg\",\"width\":\"2048\",\"height\":\"1024\"},{\"@type\":\"BreadcrumbList\",\"@id\":\"https:\/\/guineediversite.com\/index.php\/2018\/07\/20\/cote-divoire-les-elections-locales-fixees-au-13-octobre\/#breadcrumb\",\"itemListElement\":[{\"@type\":\"ListItem\",\"position\":1,\"name\":\"Accueil\",\"item\":\"https:\/\/guineediversite.com\/\"},{\"@type\":\"ListItem\",\"position\":2,\"name\":\"C\u00f4te d\u2019Ivoire : les \u00e9lections locales fix\u00e9es au 13 octobre\"}]},{\"@type\":\"WebSite\",\"@id\":\"https:\/\/guineediversite.com\/#website\",\"url\":\"https:\/\/guineediversite.com\/\",\"name\":\"Guin\u00e9e Diversit\u00e9\",\"description\":\"L&#039;Info dans toute sa diversit\u00e9\",\"publisher\":{\"@id\":\"https:\/\/guineediversite.com\/#organization\"},\"potentialAction\":[{\"@type\":\"SearchAction\",\"target\":{\"@type\":\"EntryPoint\",\"urlTemplate\":\"https:\/\/guineediversite.com\/?s={search_term_string}\"},\"query-input\":{\"@type\":\"PropertyValueSpecification\",\"valueRequired\":true,\"valueName\":\"search_term_string\"}}],\"inLanguage\":\"fr-FR\"},{\"@type\":\"Organization\",\"@id\":\"https:\/\/guineediversite.com\/#organization\",\"name\":\"Guin\u00e9e Diversit\u00e9\",\"url\":\"https:\/\/guineediversite.com\/\",\"logo\":{\"@type\":\"ImageObject\",\"inLanguage\":\"fr-FR\",\"@id\":\"https:\/\/guineediversite.com\/#\/schema\/logo\/image\/\",\"url\":\"https:\/\/guineediversite.com\/wp-content\/uploads\/2017\/04\/cropped-1jojlxEOMkX9Wyqfhe43D6kjPOGqBBKmx3EwWJqZ0cMrFF54yM49.png\",\"contentUrl\":\"https:\/\/guineediversite.com\/wp-content\/uploads\/2017\/04\/cropped-1jojlxEOMkX9Wyqfhe43D6kjPOGqBBKmx3EwWJqZ0cMrFF54yM49.png\",\"width\":186,\"height\":112,\"caption\":\"Guin\u00e9e Diversit\u00e9\"},\"image\":{\"@id\":\"https:\/\/guineediversite.com\/#\/schema\/logo\/image\/\"},\"sameAs\":[\"https:\/\/www.facebook.com\/guineediversite\/\",\"https:\/\/x.com\/GuineeDiversite\",\"https:\/\/www.youtube.com\/channel\/UC8sUY16qelG5ge6_D5SB83g\"]},{\"@type\":\"Person\",\"@id\":\"https:\/\/guineediversite.com\/#\/schema\/person\/afa08fb34e7fc6e1feafc892612bc836\",\"name\":\"Guin\u00e9e Diversit\u00e9\",\"image\":{\"@type\":\"ImageObject\",\"inLanguage\":\"fr-FR\",\"@id\":\"https:\/\/guineediversite.com\/#\/schema\/person\/image\/\",\"url\":\"https:\/\/secure.gravatar.com\/avatar\/50d5eb5b390f8b65ac30ac6f898eb83a?s=96&d=mm&r=g\",\"contentUrl\":\"https:\/\/secure.gravatar.com\/avatar\/50d5eb5b390f8b65ac30ac6f898eb83a?s=96&d=mm&r=g\",\"caption\":\"Guin\u00e9e Diversit\u00e9\"},\"url\":\"https:\/\/guineediversite.com\/index.php\/author\/guineediversite\/\"}]}<\/script>\n<!-- \/ Yoast SEO plugin. -->","yoast_head_json":{"title":"C\u00f4te d\u2019Ivoire : les \u00e9lections locales fix\u00e9es au 13 octobre | Guin\u00e9e Diversit\u00e9","robots":{"index":"index","follow":"follow","max-snippet":"max-snippet:-1","max-image-preview":"max-image-preview:large","max-video-preview":"max-video-preview:-1"},"canonical":"https:\/\/guineediversite.com\/index.php\/2018\/07\/20\/cote-divoire-les-elections-locales-fixees-au-13-octobre\/","og_locale":"fr_FR","og_type":"article","og_title":"C\u00f4te d\u2019Ivoire : les \u00e9lections locales fix\u00e9es au 13 octobre | Guin\u00e9e Diversit\u00e9","og_description":"Les \u00e9lections municipales et r\u00e9gionales auront lieu le 13 octobre en C\u00f4te d&rsquo;Ivoire, a annonc\u00e9 mercredi le gouvernement dans un communiqu\u00e9 \u00e0 l&rsquo;issue du Conseil des ministres. \u00ab\u00a0Sur proposition de la Commission \u00e9lectorale ind\u00e9pendante\u00a0\u00bb, un d\u00e9cret gouvernemental \u00ab\u00a0convoque les coll\u00e8ges \u00e9lectoraux \u00e0 la date du samedi 13 octobre 2018, en vue de proc\u00e9der \u00e0 l\u2019\u00e9lection [&hellip;]","og_url":"https:\/\/guineediversite.com\/index.php\/2018\/07\/20\/cote-divoire-les-elections-locales-fixees-au-13-octobre\/","og_site_name":"Guin\u00e9e Diversit\u00e9","article_publisher":"https:\/\/www.facebook.com\/guineediversite\/","article_published_time":"2018-07-20T14:23:03+00:00","og_image":[{"width":2048,"height":1024,"url":"https:\/\/guineediversite.com\/wp-content\/uploads\/2018\/07\/sipa_ap21812649_000001-592x296-1532077225.jpg","type":"image\/jpeg"}],"author":"Guin\u00e9e Diversit\u00e9","twitter_card":"summary_large_image","twitter_creator":"@GuineeDiversite","twitter_site":"@GuineeDiversite","twitter_misc":{"\u00c9crit par":"Guin\u00e9e Diversit\u00e9","Dur\u00e9e de lecture estim\u00e9e":"1 minute"},"schema":{"@context":"https:\/\/schema.org","@graph":[{"@type":"Article","@id":"https:\/\/guineediversite.com\/index.php\/2018\/07\/20\/cote-divoire-les-elections-locales-fixees-au-13-octobre\/#article","isPartOf":{"@id":"https:\/\/guineediversite.com\/index.php\/2018\/07\/20\/cote-divoire-les-elections-locales-fixees-au-13-octobre\/"},"author":{"name":"Guin\u00e9e Diversit\u00e9","@id":"https:\/\/guineediversite.com\/#\/schema\/person\/afa08fb34e7fc6e1feafc892612bc836"},"headline":"C\u00f4te d\u2019Ivoire : les \u00e9lections locales fix\u00e9es au 13 octobre","datePublished":"2018-07-20T14:23:03+00:00","dateModified":"2018-07-20T14:23:03+00:00","mainEntityOfPage":{"@id":"https:\/\/guineediversite.com\/index.php\/2018\/07\/20\/cote-divoire-les-elections-locales-fixees-au-13-octobre\/"},"wordCount":255,"publisher":{"@id":"https:\/\/guineediversite.com\/#organization"},"image":{"@id":"https:\/\/guineediversite.com\/index.php\/2018\/07\/20\/cote-divoire-les-elections-locales-fixees-au-13-octobre\/#primaryimage"},"thumbnailUrl":"https:\/\/guineediversite.com\/wp-content\/uploads\/2018\/07\/sipa_ap21812649_000001-592x296-1532077225.jpg","articleSection":["Politique"],"inLanguage":"fr-FR"},{"@type":"WebPage","@id":"https:\/\/guineediversite.com\/index.php\/2018\/07\/20\/cote-divoire-les-elections-locales-fixees-au-13-octobre\/","url":"https:\/\/guineediversite.com\/index.php\/2018\/07\/20\/cote-divoire-les-elections-locales-fixees-au-13-octobre\/","name":"C\u00f4te d\u2019Ivoire : les \u00e9lections locales fix\u00e9es au 13 octobre | Guin\u00e9e Diversit\u00e9","isPartOf":{"@id":"https:\/\/guineediversite.com\/#website"},"primaryImageOfPage":{"@id":"https:\/\/guineediversite.com\/index.php\/2018\/07\/20\/cote-divoire-les-elections-locales-fixees-au-13-octobre\/#primaryimage"},"image":{"@id":"https:\/\/guineediversite.com\/index.php\/2018\/07\/20\/cote-divoire-les-elections-locales-fixees-au-13-octobre\/#primaryimage"},"thumbnailUrl":"https:\/\/guineediversite.com\/wp-content\/uploads\/2018\/07\/sipa_ap21812649_000001-592x296-1532077225.jpg","datePublished":"2018-07-20T14:23:03+00:00","dateModified":"2018-07-20T14:23:03+00:00","breadcrumb":{"@id":"https:\/\/guineediversite.com\/index.php\/2018\/07\/20\/cote-divoire-les-elections-locales-fixees-au-13-octobre\/#breadcrumb"},"inLanguage":"fr-FR","potentialAction":[{"@type":"ReadAction","target":["https:\/\/guineediversite.com\/index.php\/2018\/07\/20\/cote-divoire-les-elections-locales-fixees-au-13-octobre\/"]}]},{"@type":"ImageObject","inLanguage":"fr-FR","@id":"https:\/\/guineediversite.com\/index.php\/2018\/07\/20\/cote-divoire-les-elections-locales-fixees-au-13-octobre\/#primaryimage","url":"https:\/\/guineediversite.com\/wp-content\/uploads\/2018\/07\/sipa_ap21812649_000001-592x296-1532077225.jpg","contentUrl":"https:\/\/guineediversite.com\/wp-content\/uploads\/2018\/07\/sipa_ap21812649_000001-592x296-1532077225.jpg","width":"2048","height":"1024"},{"@type":"BreadcrumbList","@id":"https:\/\/guineediversite.com\/index.php\/2018\/07\/20\/cote-divoire-les-elections-locales-fixees-au-13-octobre\/#breadcrumb","itemListElement":[{"@type":"ListItem","position":1,"name":"Accueil","item":"https:\/\/guineediversite.com\/"},{"@type":"ListItem","position":2,"name":"C\u00f4te d\u2019Ivoire : les \u00e9lections locales fix\u00e9es au 13 octobre"}]},{"@type":"WebSite","@id":"https:\/\/guineediversite.com\/#website","url":"https:\/\/guineediversite.com\/","name":"Guin\u00e9e Diversit\u00e9","description":"L&#039;Info dans toute sa diversit\u00e9","publisher":{"@id":"https:\/\/guineediversite.com\/#organization"},"potentialAction":[{"@type":"SearchAction","target":{"@type":"EntryPoint","urlTemplate":"https:\/\/guineediversite.com\/?s={search_term_string}"},"query-input":{"@type":"PropertyValueSpecification","valueRequired":true,"valueName":"search_term_string"}}],"inLanguage":"fr-FR"},{"@type":"Organization","@id":"https:\/\/guineediversite.com\/#organization","name":"Guin\u00e9e Diversit\u00e9","url":"https:\/\/guineediversite.com\/","logo":{"@type":"ImageObject","inLanguage":"fr-FR","@id":"https:\/\/guineediversite.com\/#\/schema\/logo\/image\/","url":"https:\/\/guineediversite.com\/wp-content\/uploads\/2017\/04\/cropped-1jojlxEOMkX9Wyqfhe43D6kjPOGqBBKmx3EwWJqZ0cMrFF54yM49.png","contentUrl":"https:\/\/guineediversite.com\/wp-content\/uploads\/2017\/04\/cropped-1jojlxEOMkX9Wyqfhe43D6kjPOGqBBKmx3EwWJqZ0cMrFF54yM49.png","width":186,"height":112,"caption":"Guin\u00e9e Diversit\u00e9"},"image":{"@id":"https:\/\/guineediversite.com\/#\/schema\/logo\/image\/"},"sameAs":["https:\/\/www.facebook.com\/guineediversite\/","https:\/\/x.com\/GuineeDiversite","https:\/\/www.youtube.com\/channel\/UC8sUY16qelG5ge6_D5SB83g"]},{"@type":"Person","@id":"https:\/\/guineediversite.com\/#\/schema\/person\/afa08fb34e7fc6e1feafc892612bc836","name":"Guin\u00e9e Diversit\u00e9","image":{"@type":"ImageObject","inLanguage":"fr-FR","@id":"https:\/\/guineediversite.com\/#\/schema\/person\/image\/","url":"https:\/\/secure.gravatar.com\/avatar\/50d5eb5b390f8b65ac30ac6f898eb83a?s=96&d=mm&r=g","contentUrl":"https:\/\/secure.gravatar.com\/avatar\/50d5eb5b390f8b65ac30ac6f898eb83a?s=96&d=mm&r=g","caption":"Guin\u00e9e Diversit\u00e9"},"url":"https:\/\/guineediversite.com\/index.php\/author\/guineediversite\/"}]}},"_links":{"self":[{"href":"https:\/\/guineediversite.com\/index.php\/wp-json\/wp\/v2\/posts\/26067"}],"collection":[{"href":"https:\/\/guineediversite.com\/index.php\/wp-json\/wp\/v2\/posts"}],"about":[{"href":"https:\/\/guineediversite.com\/index.php\/wp-json\/wp\/v2\/types\/post"}],"author":[{"embeddable":true,"href":"https:\/\/guineediversite.com\/index.php\/wp-json\/wp\/v2\/users\/12"}],"replies":[{"embeddable":true,"href":"https:\/\/guineediversite.com\/index.php\/wp-json\/wp\/v2\/comments?post=26067"}],"version-history":[{"count":0,"href":"https:\/\/guineediversite.com\/index.php\/wp-json\/wp\/v2\/posts\/26067\/revisions"}],"wp:featuredmedia":[{"embeddable":true,"href":"https:\/\/guineediversite.com\/index.php\/wp-json\/wp\/v2\/media\/26068"}],"wp:attachment":[{"href":"https:\/\/guineediversite.com\/index.php\/wp-json\/wp\/v2\/media?parent=26067"}],"wp:term":[{"taxonomy":"category","embeddable":true,"href":"https:\/\/guineediversite.com\/index.php\/wp-json\/wp\/v2\/categories?post=26067"},{"taxonomy":"post_tag","embeddable":true,"href":"https:\/\/guineediversite.com\/index.php\/wp-json\/wp\/v2\/tags?post=26067"}],"curies":[{"name":"wp","href":"https:\/\/api.w.org\/{rel}","templated":true}]}}