{"id":26064,"date":"2018-07-20T16:13:02","date_gmt":"2018-07-20T14:13:02","guid":{"rendered":"https:\/\/guineediversite.com\/?p=26064"},"modified":"2018-07-20T16:13:02","modified_gmt":"2018-07-20T14:13:02","slug":"mali-ibrahim-boubacar-keita-a-kidal-pour-la-premiere-fois-depuis-cinq-ans","status":"publish","type":"post","link":"https:\/\/guineediversite.com\/index.php\/2018\/07\/20\/mali-ibrahim-boubacar-keita-a-kidal-pour-la-premiere-fois-depuis-cinq-ans\/","title":{"rendered":"Mali : Ibrahim Boubacar Ke\u00efta \u00e0 Kidal pour la premi\u00e8re fois depuis cinq ans"},"content":{"rendered":"<p><strong>En campagne \u00e9lectorale, Ibrahim Boubacar Ke\u00efta, pr\u00e9sident malien sortant candidat \u00e0 sa propre succession, s&rsquo;est rendu jeudi \u00e0 Kidal, dans une ville boucl\u00e9e par les ex-groupes rebelles touaregs et les forces internationales.<\/strong><\/p>\n<p>C\u2019est \u00e0 13h, ce jeudi 19 juillet, que\u00a0<a href=\"http:\/\/www.jeuneafrique.com\/mag\/593717\/politique\/ibrahim-boubacar-keita-je-ne-suis-pas-un-fou-de-pouvoir-je-suis-un-fou-de-mali\/\">Ibrahim Boubacar Keita (IBK), le pr\u00e9sident malien en campagne pour un second mandat de 5 ans<\/a>, a atterri \u00e0 Kidal. \u00c0 sa descente d\u2019h\u00e9licopt\u00e8re, il est accueilli par plusieurs personnalit\u00e9s, dont Mohamed Ag Intalla, l\u2019Amenokal de la ville, Bilal Ag Ach\u00e9rif, le pr\u00e9sident en exercice de la Coordination des mouvements de l\u2019Azawad (CMA), et Alghabass Ag intalla, le tr\u00e8s influent secr\u00e9taire g\u00e9n\u00e9ral du Haut conseil pour l\u2019Unit\u00e9 de l\u2019Azawad (HCUA). Apr\u00e8s les salutations d\u2019usage, le cort\u00e8ge dans lequel se trouve IBK se dirige d\u2019abord, sous bonne escorte des combattants de la CMA, au cimeti\u00e8re o\u00f9 se repose feu Intalla Ag Attaher, l\u2019ancien Amenokal de la ville. \u00ab Homme de paix, qui a toujours \u0153uvr\u00e9 pour l\u2019unit\u00e9 du Mali \u00bb, d\u00e9clare sur sa tombe le pr\u00e9sident candidat.<\/p>\n<p>Puis la d\u00e9l\u00e9gation se rend au si\u00e8ge du m\u00e9canisme de D\u00e9sarmement, d\u00e9mobilisation, r\u00e9insertion et r\u00e9int\u00e9gration (DDR), o\u00f9 une villa a \u00e9t\u00e9 am\u00e9nag\u00e9e pour accueillir l\u2019h\u00f4te du jour. Apr\u00e8s la pause et des \u00e9changes avec les responsables de la CMA et des notables de la ville, IBK pr\u00e9side dans l\u2019apr\u00e8s-midi une conf\u00e9rence de cadres du Conseil r\u00e9gional de la ville. Au fond de la salle, le drapeau du MNLA,\u00a0l\u2019ex-r\u00e9bellion touar\u00e8gue s\u00e9paratiste, flotte sur\u00a0sur une banderole, tandis qu\u2019une autre indique : \u00ab Les chefs de tribus de l\u2019Adrar des Ifoghas souhaitent la bienvenue \u00e0 Elhadj Ibrahim Boubacar Ke\u00efta \u00bb.<\/p>\n<p><strong>Promesses non tenues<\/strong><\/p>\n<p>La salle est remplie en majorit\u00e9 par des jeunes et des femmes des associations de la ville. \u00ab Le pr\u00e9sident a souhait\u00e9 \u00e9couter Kidal dans sa profondeur, et nous n\u2019avons pas fait de censure \u00bb, pr\u00e9vient un membre de la CMA qui fait partie de l\u2019organisation. Le pr\u00e9sident du conseil r\u00e9gional, le colonel Hassan Ag Fagaga, lui-m\u00eame membre de l\u2019ex-r\u00e9bellion, a ainsi rappel\u00e9 au pr\u00e9sident malien ses promesses non encore tenues de 15km de route bitum\u00e9e \u00e0 l\u2019int\u00e9rieur de la ville de Kidal, de reconstruction d\u2019un a\u00e9rodrome et du r\u00e9tablissement de l\u2019eau courante.<\/p>\n<p>\u00ab Kidal attend la concr\u00e9tisation de ces promesses \u00bb, dit Ag Fagaga. \u00ab Le probl\u00e8me est li\u00e9 au syst\u00e8me de gouvernance et nous voulons une libre administration locale \u00bb, ajoute Allou Ag Immama, repr\u00e9sentant d\u2019une association de jeunes. Dans la salle, deux associations rivales de femmes ont \u00e9galement eu droit \u00e0 la parole. \u00ab Le mot Azawad nous est cher, et nous souhaitons, d\u00e8s votre r\u00e9\u00e9lection, que vous trouviez une issue heureuse \u00e0 son usage \u00bb, demande Aminetou Walet Bibi, leader des femme du MNLA.<\/p>\n<p>\u00ab Vous nous demandez de voter pour vous, mais tous nos hommes sont morts. Comment voulez-vous que les gens votent s\u2019ils ne sont plus ? Je vous demande, monsieur le pr\u00e9sident : lib\u00e9rez nos prisonniers \u00bb, insiste pour sa part Bakdi Walet Ibrahim, connu pour ses positions radicales. L\u2019ambiance devient \u00e9lectrique. \u00ab Adi (\u00ab\u00a0\u00e7a\u00a0\u00bb, en langue tamasheq), c\u2019est les femmes, on ne peut rien faire contre elles \u00bb, sourit la source au sein de l\u2019organisation. Mais IBK ma\u00eetrise rapidement le d\u00e9bat. \u00ab Il ne faut pas r\u00e9fl\u00e9chir avec le c\u0153ur, mais plut\u00f4t avec la t\u00eate \u00bb, lance-t-il \u00e0 la salle. Et de demander \u00e0 toutes les parties signataires de l\u2019accord de paix de faire preuve de bonne volont\u00e9, tout en promettant de garantir, s\u2019il est r\u00e9\u00e9lu, le retour effectif des services de base ainsi que la construction d\u2019un a\u00e9roport international et d\u2019un h\u00f4pital de niveau r\u00e9gional.<\/p>\n<p>La rencontre prend fin dans une ambiance plut\u00f4t bon enfant. Les discussions avec les leaders de Kidal continuent toute la soir\u00e9e \u00e0 la villa de la r\u00e9sidence d\u2019IBK, s\u00e9curis\u00e9e par un dispositif impressionnant de combattants de la CMA qui, avec ceux de la Minusma et de la force fran\u00e7aise Barkhane, assurent la s\u00e9curit\u00e9 dans et autour de la ville.<\/p>\n<p>Pour l\u2019heure, la CMA n\u2019a pas encore donn\u00e9 de consigne de vote. La semaine derni\u00e8re, elle a dit qu\u2019elle en donnerait une en faveur du candidat qui s\u2019engagerait \u00e0 appliquer \u00ab\u00a0fermement\u00a0\u00bb l\u2019accord de paix. De son c\u00f4t\u00e9, IBK \u00e9tait attendu \u00e0 Tombouctou ce 20 juillet pour un meeting et la pri\u00e8re du vendredi.<\/p>\n","protected":false},"excerpt":{"rendered":"<p>En campagne \u00e9lectorale, Ibrahim Boubacar Ke\u00efta, pr\u00e9sident malien sortant candidat \u00e0 sa propre succession, s&rsquo;est rendu jeudi \u00e0 Kidal, dans une ville boucl\u00e9e par les ex-groupes rebelles touaregs et les forces internationales. C\u2019est \u00e0 13h, ce jeudi 19 juillet, que\u00a0Ibrahim Boubacar Keita (IBK), le pr\u00e9sident malien en campagne pour un second mandat de 5 ans, [&hellip;]<\/p>\n","protected":false},"author":12,"featured_media":26065,"comment_status":"closed","ping_status":"closed","sticky":false,"template":"","format":"standard","meta":{"_exactmetrics_skip_tracking":false,"_exactmetrics_sitenote_active":false,"_exactmetrics_sitenote_note":"","_exactmetrics_sitenote_category":0,"tdm_status":"","tdm_grid_status":"","footnotes":""},"categories":[14],"tags":[],"class_list":{"0":"post-26064","1":"post","2":"type-post","3":"status-publish","4":"format-standard","5":"has-post-thumbnail","7":"category-politique"},"yoast_head":"<!-- This site is optimized with the Yoast SEO plugin v24.2 - https:\/\/yoast.com\/wordpress\/plugins\/seo\/ -->\n<title>Mali : Ibrahim Boubacar Ke\u00efta \u00e0 Kidal pour la premi\u00e8re fois depuis cinq ans | Guin\u00e9e Diversit\u00e9<\/title>\n<meta name=\"robots\" content=\"index, follow, max-snippet:-1, max-image-preview:large, max-video-preview:-1\" \/>\n<link rel=\"canonical\" href=\"https:\/\/guineediversite.com\/index.php\/2018\/07\/20\/mali-ibrahim-boubacar-keita-a-kidal-pour-la-premiere-fois-depuis-cinq-ans\/\" \/>\n<meta property=\"og:locale\" content=\"fr_FR\" \/>\n<meta property=\"og:type\" content=\"article\" \/>\n<meta property=\"og:title\" content=\"Mali : Ibrahim Boubacar Ke\u00efta \u00e0 Kidal pour la premi\u00e8re fois depuis cinq ans | Guin\u00e9e Diversit\u00e9\" \/>\n<meta property=\"og:description\" content=\"En campagne \u00e9lectorale, Ibrahim Boubacar Ke\u00efta, pr\u00e9sident malien sortant candidat \u00e0 sa propre succession, s&rsquo;est rendu jeudi \u00e0 Kidal, dans une ville boucl\u00e9e par les ex-groupes rebelles touaregs et les forces internationales. C\u2019est \u00e0 13h, ce jeudi 19 juillet, que\u00a0Ibrahim Boubacar Keita (IBK), le pr\u00e9sident malien en campagne pour un second mandat de 5 ans, [&hellip;]\" \/>\n<meta property=\"og:url\" content=\"https:\/\/guineediversite.com\/index.php\/2018\/07\/20\/mali-ibrahim-boubacar-keita-a-kidal-pour-la-premiere-fois-depuis-cinq-ans\/\" \/>\n<meta property=\"og:site_name\" content=\"Guin\u00e9e Diversit\u00e9\" \/>\n<meta property=\"article:publisher\" content=\"https:\/\/www.facebook.com\/guineediversite\/\" \/>\n<meta property=\"article:published_time\" content=\"2018-07-20T14:13:02+00:00\" \/>\n<meta property=\"og:image\" content=\"https:\/\/guineediversite.com\/wp-content\/uploads\/2018\/07\/ibk_kidal-592x296.jpg\" \/>\n\t<meta property=\"og:image:width\" content=\"2048\" \/>\n\t<meta property=\"og:image:height\" content=\"1024\" \/>\n\t<meta property=\"og:image:type\" content=\"image\/jpeg\" \/>\n<meta name=\"author\" content=\"Guin\u00e9e Diversit\u00e9\" \/>\n<meta name=\"twitter:card\" content=\"summary_large_image\" \/>\n<meta name=\"twitter:creator\" content=\"@GuineeDiversite\" \/>\n<meta name=\"twitter:site\" content=\"@GuineeDiversite\" \/>\n<meta name=\"twitter:label1\" content=\"\u00c9crit par\" \/>\n\t<meta name=\"twitter:data1\" content=\"Guin\u00e9e Diversit\u00e9\" \/>\n\t<meta name=\"twitter:label2\" content=\"Dur\u00e9e de lecture estim\u00e9e\" \/>\n\t<meta name=\"twitter:data2\" content=\"4 minutes\" \/>\n<script type=\"application\/ld+json\" class=\"yoast-schema-graph\">{\"@context\":\"https:\/\/schema.org\",\"@graph\":[{\"@type\":\"Article\",\"@id\":\"https:\/\/guineediversite.com\/index.php\/2018\/07\/20\/mali-ibrahim-boubacar-keita-a-kidal-pour-la-premiere-fois-depuis-cinq-ans\/#article\",\"isPartOf\":{\"@id\":\"https:\/\/guineediversite.com\/index.php\/2018\/07\/20\/mali-ibrahim-boubacar-keita-a-kidal-pour-la-premiere-fois-depuis-cinq-ans\/\"},\"author\":{\"name\":\"Guin\u00e9e Diversit\u00e9\",\"@id\":\"https:\/\/guineediversite.com\/#\/schema\/person\/afa08fb34e7fc6e1feafc892612bc836\"},\"headline\":\"Mali : Ibrahim Boubacar Ke\u00efta \u00e0 Kidal pour la premi\u00e8re fois depuis cinq ans\",\"datePublished\":\"2018-07-20T14:13:02+00:00\",\"dateModified\":\"2018-07-20T14:13:02+00:00\",\"mainEntityOfPage\":{\"@id\":\"https:\/\/guineediversite.com\/index.php\/2018\/07\/20\/mali-ibrahim-boubacar-keita-a-kidal-pour-la-premiere-fois-depuis-cinq-ans\/\"},\"wordCount\":796,\"publisher\":{\"@id\":\"https:\/\/guineediversite.com\/#organization\"},\"image\":{\"@id\":\"https:\/\/guineediversite.com\/index.php\/2018\/07\/20\/mali-ibrahim-boubacar-keita-a-kidal-pour-la-premiere-fois-depuis-cinq-ans\/#primaryimage\"},\"thumbnailUrl\":\"https:\/\/guineediversite.com\/wp-content\/uploads\/2018\/07\/ibk_kidal-592x296.jpg\",\"articleSection\":[\"Politique\"],\"inLanguage\":\"fr-FR\"},{\"@type\":\"WebPage\",\"@id\":\"https:\/\/guineediversite.com\/index.php\/2018\/07\/20\/mali-ibrahim-boubacar-keita-a-kidal-pour-la-premiere-fois-depuis-cinq-ans\/\",\"url\":\"https:\/\/guineediversite.com\/index.php\/2018\/07\/20\/mali-ibrahim-boubacar-keita-a-kidal-pour-la-premiere-fois-depuis-cinq-ans\/\",\"name\":\"Mali : Ibrahim Boubacar Ke\u00efta \u00e0 Kidal pour la premi\u00e8re fois depuis cinq ans | Guin\u00e9e Diversit\u00e9\",\"isPartOf\":{\"@id\":\"https:\/\/guineediversite.com\/#website\"},\"primaryImageOfPage\":{\"@id\":\"https:\/\/guineediversite.com\/index.php\/2018\/07\/20\/mali-ibrahim-boubacar-keita-a-kidal-pour-la-premiere-fois-depuis-cinq-ans\/#primaryimage\"},\"image\":{\"@id\":\"https:\/\/guineediversite.com\/index.php\/2018\/07\/20\/mali-ibrahim-boubacar-keita-a-kidal-pour-la-premiere-fois-depuis-cinq-ans\/#primaryimage\"},\"thumbnailUrl\":\"https:\/\/guineediversite.com\/wp-content\/uploads\/2018\/07\/ibk_kidal-592x296.jpg\",\"datePublished\":\"2018-07-20T14:13:02+00:00\",\"dateModified\":\"2018-07-20T14:13:02+00:00\",\"breadcrumb\":{\"@id\":\"https:\/\/guineediversite.com\/index.php\/2018\/07\/20\/mali-ibrahim-boubacar-keita-a-kidal-pour-la-premiere-fois-depuis-cinq-ans\/#breadcrumb\"},\"inLanguage\":\"fr-FR\",\"potentialAction\":[{\"@type\":\"ReadAction\",\"target\":[\"https:\/\/guineediversite.com\/index.php\/2018\/07\/20\/mali-ibrahim-boubacar-keita-a-kidal-pour-la-premiere-fois-depuis-cinq-ans\/\"]}]},{\"@type\":\"ImageObject\",\"inLanguage\":\"fr-FR\",\"@id\":\"https:\/\/guineediversite.com\/index.php\/2018\/07\/20\/mali-ibrahim-boubacar-keita-a-kidal-pour-la-premiere-fois-depuis-cinq-ans\/#primaryimage\",\"url\":\"https:\/\/guineediversite.com\/wp-content\/uploads\/2018\/07\/ibk_kidal-592x296.jpg\",\"contentUrl\":\"https:\/\/guineediversite.com\/wp-content\/uploads\/2018\/07\/ibk_kidal-592x296.jpg\",\"width\":\"2048\",\"height\":\"1024\"},{\"@type\":\"BreadcrumbList\",\"@id\":\"https:\/\/guineediversite.com\/index.php\/2018\/07\/20\/mali-ibrahim-boubacar-keita-a-kidal-pour-la-premiere-fois-depuis-cinq-ans\/#breadcrumb\",\"itemListElement\":[{\"@type\":\"ListItem\",\"position\":1,\"name\":\"Accueil\",\"item\":\"https:\/\/guineediversite.com\/\"},{\"@type\":\"ListItem\",\"position\":2,\"name\":\"Mali : Ibrahim Boubacar Ke\u00efta \u00e0 Kidal pour la premi\u00e8re fois depuis cinq ans\"}]},{\"@type\":\"WebSite\",\"@id\":\"https:\/\/guineediversite.com\/#website\",\"url\":\"https:\/\/guineediversite.com\/\",\"name\":\"Guin\u00e9e Diversit\u00e9\",\"description\":\"L&#039;Info dans toute sa diversit\u00e9\",\"publisher\":{\"@id\":\"https:\/\/guineediversite.com\/#organization\"},\"potentialAction\":[{\"@type\":\"SearchAction\",\"target\":{\"@type\":\"EntryPoint\",\"urlTemplate\":\"https:\/\/guineediversite.com\/?s={search_term_string}\"},\"query-input\":{\"@type\":\"PropertyValueSpecification\",\"valueRequired\":true,\"valueName\":\"search_term_string\"}}],\"inLanguage\":\"fr-FR\"},{\"@type\":\"Organization\",\"@id\":\"https:\/\/guineediversite.com\/#organization\",\"name\":\"Guin\u00e9e Diversit\u00e9\",\"url\":\"https:\/\/guineediversite.com\/\",\"logo\":{\"@type\":\"ImageObject\",\"inLanguage\":\"fr-FR\",\"@id\":\"https:\/\/guineediversite.com\/#\/schema\/logo\/image\/\",\"url\":\"https:\/\/guineediversite.com\/wp-content\/uploads\/2017\/04\/cropped-1jojlxEOMkX9Wyqfhe43D6kjPOGqBBKmx3EwWJqZ0cMrFF54yM49.png\",\"contentUrl\":\"https:\/\/guineediversite.com\/wp-content\/uploads\/2017\/04\/cropped-1jojlxEOMkX9Wyqfhe43D6kjPOGqBBKmx3EwWJqZ0cMrFF54yM49.png\",\"width\":186,\"height\":112,\"caption\":\"Guin\u00e9e Diversit\u00e9\"},\"image\":{\"@id\":\"https:\/\/guineediversite.com\/#\/schema\/logo\/image\/\"},\"sameAs\":[\"https:\/\/www.facebook.com\/guineediversite\/\",\"https:\/\/x.com\/GuineeDiversite\",\"https:\/\/www.youtube.com\/channel\/UC8sUY16qelG5ge6_D5SB83g\"]},{\"@type\":\"Person\",\"@id\":\"https:\/\/guineediversite.com\/#\/schema\/person\/afa08fb34e7fc6e1feafc892612bc836\",\"name\":\"Guin\u00e9e Diversit\u00e9\",\"image\":{\"@type\":\"ImageObject\",\"inLanguage\":\"fr-FR\",\"@id\":\"https:\/\/guineediversite.com\/#\/schema\/person\/image\/\",\"url\":\"https:\/\/secure.gravatar.com\/avatar\/50d5eb5b390f8b65ac30ac6f898eb83a?s=96&d=mm&r=g\",\"contentUrl\":\"https:\/\/secure.gravatar.com\/avatar\/50d5eb5b390f8b65ac30ac6f898eb83a?s=96&d=mm&r=g\",\"caption\":\"Guin\u00e9e Diversit\u00e9\"},\"url\":\"https:\/\/guineediversite.com\/index.php\/author\/guineediversite\/\"}]}<\/script>\n<!-- \/ Yoast SEO plugin. -->","yoast_head_json":{"title":"Mali : Ibrahim Boubacar Ke\u00efta \u00e0 Kidal pour la premi\u00e8re fois depuis cinq ans | Guin\u00e9e Diversit\u00e9","robots":{"index":"index","follow":"follow","max-snippet":"max-snippet:-1","max-image-preview":"max-image-preview:large","max-video-preview":"max-video-preview:-1"},"canonical":"https:\/\/guineediversite.com\/index.php\/2018\/07\/20\/mali-ibrahim-boubacar-keita-a-kidal-pour-la-premiere-fois-depuis-cinq-ans\/","og_locale":"fr_FR","og_type":"article","og_title":"Mali : Ibrahim Boubacar Ke\u00efta \u00e0 Kidal pour la premi\u00e8re fois depuis cinq ans | Guin\u00e9e Diversit\u00e9","og_description":"En campagne \u00e9lectorale, Ibrahim Boubacar Ke\u00efta, pr\u00e9sident malien sortant candidat \u00e0 sa propre succession, s&rsquo;est rendu jeudi \u00e0 Kidal, dans une ville boucl\u00e9e par les ex-groupes rebelles touaregs et les forces internationales. C\u2019est \u00e0 13h, ce jeudi 19 juillet, que\u00a0Ibrahim Boubacar Keita (IBK), le pr\u00e9sident malien en campagne pour un second mandat de 5 ans, [&hellip;]","og_url":"https:\/\/guineediversite.com\/index.php\/2018\/07\/20\/mali-ibrahim-boubacar-keita-a-kidal-pour-la-premiere-fois-depuis-cinq-ans\/","og_site_name":"Guin\u00e9e Diversit\u00e9","article_publisher":"https:\/\/www.facebook.com\/guineediversite\/","article_published_time":"2018-07-20T14:13:02+00:00","og_image":[{"width":2048,"height":1024,"url":"https:\/\/guineediversite.com\/wp-content\/uploads\/2018\/07\/ibk_kidal-592x296.jpg","type":"image\/jpeg"}],"author":"Guin\u00e9e Diversit\u00e9","twitter_card":"summary_large_image","twitter_creator":"@GuineeDiversite","twitter_site":"@GuineeDiversite","twitter_misc":{"\u00c9crit par":"Guin\u00e9e Diversit\u00e9","Dur\u00e9e de lecture estim\u00e9e":"4 minutes"},"schema":{"@context":"https:\/\/schema.org","@graph":[{"@type":"Article","@id":"https:\/\/guineediversite.com\/index.php\/2018\/07\/20\/mali-ibrahim-boubacar-keita-a-kidal-pour-la-premiere-fois-depuis-cinq-ans\/#article","isPartOf":{"@id":"https:\/\/guineediversite.com\/index.php\/2018\/07\/20\/mali-ibrahim-boubacar-keita-a-kidal-pour-la-premiere-fois-depuis-cinq-ans\/"},"author":{"name":"Guin\u00e9e Diversit\u00e9","@id":"https:\/\/guineediversite.com\/#\/schema\/person\/afa08fb34e7fc6e1feafc892612bc836"},"headline":"Mali : Ibrahim Boubacar Ke\u00efta \u00e0 Kidal pour la premi\u00e8re fois depuis cinq ans","datePublished":"2018-07-20T14:13:02+00:00","dateModified":"2018-07-20T14:13:02+00:00","mainEntityOfPage":{"@id":"https:\/\/guineediversite.com\/index.php\/2018\/07\/20\/mali-ibrahim-boubacar-keita-a-kidal-pour-la-premiere-fois-depuis-cinq-ans\/"},"wordCount":796,"publisher":{"@id":"https:\/\/guineediversite.com\/#organization"},"image":{"@id":"https:\/\/guineediversite.com\/index.php\/2018\/07\/20\/mali-ibrahim-boubacar-keita-a-kidal-pour-la-premiere-fois-depuis-cinq-ans\/#primaryimage"},"thumbnailUrl":"https:\/\/guineediversite.com\/wp-content\/uploads\/2018\/07\/ibk_kidal-592x296.jpg","articleSection":["Politique"],"inLanguage":"fr-FR"},{"@type":"WebPage","@id":"https:\/\/guineediversite.com\/index.php\/2018\/07\/20\/mali-ibrahim-boubacar-keita-a-kidal-pour-la-premiere-fois-depuis-cinq-ans\/","url":"https:\/\/guineediversite.com\/index.php\/2018\/07\/20\/mali-ibrahim-boubacar-keita-a-kidal-pour-la-premiere-fois-depuis-cinq-ans\/","name":"Mali : Ibrahim Boubacar Ke\u00efta \u00e0 Kidal pour la premi\u00e8re fois depuis cinq ans | Guin\u00e9e Diversit\u00e9","isPartOf":{"@id":"https:\/\/guineediversite.com\/#website"},"primaryImageOfPage":{"@id":"https:\/\/guineediversite.com\/index.php\/2018\/07\/20\/mali-ibrahim-boubacar-keita-a-kidal-pour-la-premiere-fois-depuis-cinq-ans\/#primaryimage"},"image":{"@id":"https:\/\/guineediversite.com\/index.php\/2018\/07\/20\/mali-ibrahim-boubacar-keita-a-kidal-pour-la-premiere-fois-depuis-cinq-ans\/#primaryimage"},"thumbnailUrl":"https:\/\/guineediversite.com\/wp-content\/uploads\/2018\/07\/ibk_kidal-592x296.jpg","datePublished":"2018-07-20T14:13:02+00:00","dateModified":"2018-07-20T14:13:02+00:00","breadcrumb":{"@id":"https:\/\/guineediversite.com\/index.php\/2018\/07\/20\/mali-ibrahim-boubacar-keita-a-kidal-pour-la-premiere-fois-depuis-cinq-ans\/#breadcrumb"},"inLanguage":"fr-FR","potentialAction":[{"@type":"ReadAction","target":["https:\/\/guineediversite.com\/index.php\/2018\/07\/20\/mali-ibrahim-boubacar-keita-a-kidal-pour-la-premiere-fois-depuis-cinq-ans\/"]}]},{"@type":"ImageObject","inLanguage":"fr-FR","@id":"https:\/\/guineediversite.com\/index.php\/2018\/07\/20\/mali-ibrahim-boubacar-keita-a-kidal-pour-la-premiere-fois-depuis-cinq-ans\/#primaryimage","url":"https:\/\/guineediversite.com\/wp-content\/uploads\/2018\/07\/ibk_kidal-592x296.jpg","contentUrl":"https:\/\/guineediversite.com\/wp-content\/uploads\/2018\/07\/ibk_kidal-592x296.jpg","width":"2048","height":"1024"},{"@type":"BreadcrumbList","@id":"https:\/\/guineediversite.com\/index.php\/2018\/07\/20\/mali-ibrahim-boubacar-keita-a-kidal-pour-la-premiere-fois-depuis-cinq-ans\/#breadcrumb","itemListElement":[{"@type":"ListItem","position":1,"name":"Accueil","item":"https:\/\/guineediversite.com\/"},{"@type":"ListItem","position":2,"name":"Mali : Ibrahim Boubacar Ke\u00efta \u00e0 Kidal pour la premi\u00e8re fois depuis cinq ans"}]},{"@type":"WebSite","@id":"https:\/\/guineediversite.com\/#website","url":"https:\/\/guineediversite.com\/","name":"Guin\u00e9e Diversit\u00e9","description":"L&#039;Info dans toute sa diversit\u00e9","publisher":{"@id":"https:\/\/guineediversite.com\/#organization"},"potentialAction":[{"@type":"SearchAction","target":{"@type":"EntryPoint","urlTemplate":"https:\/\/guineediversite.com\/?s={search_term_string}"},"query-input":{"@type":"PropertyValueSpecification","valueRequired":true,"valueName":"search_term_string"}}],"inLanguage":"fr-FR"},{"@type":"Organization","@id":"https:\/\/guineediversite.com\/#organization","name":"Guin\u00e9e Diversit\u00e9","url":"https:\/\/guineediversite.com\/","logo":{"@type":"ImageObject","inLanguage":"fr-FR","@id":"https:\/\/guineediversite.com\/#\/schema\/logo\/image\/","url":"https:\/\/guineediversite.com\/wp-content\/uploads\/2017\/04\/cropped-1jojlxEOMkX9Wyqfhe43D6kjPOGqBBKmx3EwWJqZ0cMrFF54yM49.png","contentUrl":"https:\/\/guineediversite.com\/wp-content\/uploads\/2017\/04\/cropped-1jojlxEOMkX9Wyqfhe43D6kjPOGqBBKmx3EwWJqZ0cMrFF54yM49.png","width":186,"height":112,"caption":"Guin\u00e9e Diversit\u00e9"},"image":{"@id":"https:\/\/guineediversite.com\/#\/schema\/logo\/image\/"},"sameAs":["https:\/\/www.facebook.com\/guineediversite\/","https:\/\/x.com\/GuineeDiversite","https:\/\/www.youtube.com\/channel\/UC8sUY16qelG5ge6_D5SB83g"]},{"@type":"Person","@id":"https:\/\/guineediversite.com\/#\/schema\/person\/afa08fb34e7fc6e1feafc892612bc836","name":"Guin\u00e9e Diversit\u00e9","image":{"@type":"ImageObject","inLanguage":"fr-FR","@id":"https:\/\/guineediversite.com\/#\/schema\/person\/image\/","url":"https:\/\/secure.gravatar.com\/avatar\/50d5eb5b390f8b65ac30ac6f898eb83a?s=96&d=mm&r=g","contentUrl":"https:\/\/secure.gravatar.com\/avatar\/50d5eb5b390f8b65ac30ac6f898eb83a?s=96&d=mm&r=g","caption":"Guin\u00e9e Diversit\u00e9"},"url":"https:\/\/guineediversite.com\/index.php\/author\/guineediversite\/"}]}},"_links":{"self":[{"href":"https:\/\/guineediversite.com\/index.php\/wp-json\/wp\/v2\/posts\/26064"}],"collection":[{"href":"https:\/\/guineediversite.com\/index.php\/wp-json\/wp\/v2\/posts"}],"about":[{"href":"https:\/\/guineediversite.com\/index.php\/wp-json\/wp\/v2\/types\/post"}],"author":[{"embeddable":true,"href":"https:\/\/guineediversite.com\/index.php\/wp-json\/wp\/v2\/users\/12"}],"replies":[{"embeddable":true,"href":"https:\/\/guineediversite.com\/index.php\/wp-json\/wp\/v2\/comments?post=26064"}],"version-history":[{"count":0,"href":"https:\/\/guineediversite.com\/index.php\/wp-json\/wp\/v2\/posts\/26064\/revisions"}],"wp:featuredmedia":[{"embeddable":true,"href":"https:\/\/guineediversite.com\/index.php\/wp-json\/wp\/v2\/media\/26065"}],"wp:attachment":[{"href":"https:\/\/guineediversite.com\/index.php\/wp-json\/wp\/v2\/media?parent=26064"}],"wp:term":[{"taxonomy":"category","embeddable":true,"href":"https:\/\/guineediversite.com\/index.php\/wp-json\/wp\/v2\/categories?post=26064"},{"taxonomy":"post_tag","embeddable":true,"href":"https:\/\/guineediversite.com\/index.php\/wp-json\/wp\/v2\/tags?post=26064"}],"curies":[{"name":"wp","href":"https:\/\/api.w.org\/{rel}","templated":true}]}}