{"id":26061,"date":"2018-07-20T15:47:21","date_gmt":"2018-07-20T13:47:21","guid":{"rendered":"https:\/\/guineediversite.com\/?p=26061"},"modified":"2018-07-20T15:47:21","modified_gmt":"2018-07-20T13:47:21","slug":"hausse-du-prix-du-carburant-lunion-des-consommateurs-de-guinee-se-prononce","status":"publish","type":"post","link":"https:\/\/guineediversite.com\/index.php\/2018\/07\/20\/hausse-du-prix-du-carburant-lunion-des-consommateurs-de-guinee-se-prononce\/","title":{"rendered":"Hausse du prix du carburant : L\u2019Union des consommateurs de Guin\u00e9e se prononce"},"content":{"rendered":"<p><strong>L\u2019Union des consommateurs de Guin\u00e9e sort enfin de son silence depuis la hausse du prix du litre du carburant \u00e0 la pompe et qui a engendr\u00e9 une crise sociale dans le pays depuis plusieurs semaines. Ousmane Keita, le Pr\u00e9sident de cette Union d\u00e9plore cette augmentation et soutien que le gouvernement aurait d\u00fb \u00e9viter cette crise si les acteurs impliqu\u00e9s \u00e9taient en avance associ\u00e9e dans la d\u00e9marche par le Premier ministre Ibrahima Kassory Fofana. <\/strong><\/p>\n<p>Les consommateurs guin\u00e9ens sont les plus touch\u00e9s par cette hausse du prix du litre \u00e0 la pompe. Depuis le 1er juillet, date \u00e0 laquelle le gouvernement guin\u00e9en \u00e0 r\u00e9ajuster le prix des produits p\u00e9troliers, le constat r\u00e9v\u00e8le que sur le march\u00e9 le prix de certaines denr\u00e9es alimentaires a connu une nette augmentation. Pour le pr\u00e9sident de l\u2019Union des consommateurs de Guin\u00e9e, cette d\u00e9cision du gouvernement est regrettable te d\u00e9plorable.<\/p>\n<p><em>\u00a0<\/em><\/p>\n<p>\u00ab <em>Ce retrait de la subvention du gouvernement par rapport au prix du carburant pour moi est une d\u00e9cision regrettable et d\u00e9plorable pour l\u2019ensemble de nos consommateurs, dans le sens que c\u2019est le panier de la m\u00e9nag\u00e8re qui est directement touch\u00e9 et quand le panier de la m\u00e9nag\u00e8re est directement touch\u00e9, ce sont les int\u00e9r\u00eats des consommateurs qui sont touch\u00e9s et c\u2019est vrai, c\u2019est d\u00e9plorable<\/em>,\u00bb fustige Ousmane Keita<\/p>\n<p>Le panier de la m\u00e9nag\u00e8re est affect\u00e9 par cette hausse r\u00e9it\u00e8re-t-il avec cette hausse, mais il r\u00e9v\u00e8le dans la foul\u00e9e que sa structure n\u2019est pas rest\u00e9e bras crois\u00e9 face \u00e0 cette situation.<\/p>\n<p>\u00ab <em>Nous avons donc, entrepris des d\u00e9marches ou nous avons pris le temps de rencontrer certaines autorit\u00e9s dont le ministre du commerce Monsieur Boubacar Barry, avec lequel nous avions discut\u00e9 tr\u00e8s rapidement des probl\u00e9matiques du pain, parce que nous lui avions remont\u00e9 une information comme quoi il \u00e9tait fort possible que le pain puisse augmenter de prix<\/em>,\u00a0\u00bb annonce OUSMANE Keita.<\/p>\n<p>Avant de poursuivre, que la crise sociale qui paralyse plusieurs secteurs du pays actuellement pouvait \u00eatre \u00e9vit\u00e9e si le gouvernement avait pris des mesures au pr\u00e9alable \u00ab <em>J\u2019aurai vraiment appr\u00e9ci\u00e9 que Monsieur Kassory ; le Premier ministre, un \u00e9conomiste confirm\u00e9 et affirm\u00e9 aurait pris le temps d\u2019appeler tous les partenaires sociaux avant de prendre sa d\u00e9cision. J\u2019aurai encore mieux appr\u00e9ci\u00e9 qu\u2019on ait trouv\u00e9 d\u2019abord les mesures d\u2019accompagnement avant d\u2019annoncer l\u2019augmentation du prix du litre du carburant,<\/em> \u00bb a-t-il souhait\u00e9.<\/p>\n<p>Le pr\u00e9sident de l\u2019Union des consommateurs de Guin\u00e9e souhait que l\u2019\u00c9tat trouve autre source d\u2019\u00e9quilibre \u00e9conomique afin d\u2019all\u00e9ger le panier de la m\u00e9nag\u00e8re surtout en cette p\u00e9riode de soudure ou presque la majeure partie de la population ne peut pas joindre les deux bouts.<\/p>\n","protected":false},"excerpt":{"rendered":"<p>L\u2019Union des consommateurs de Guin\u00e9e sort enfin de son silence depuis la hausse du prix du litre du carburant \u00e0 la pompe et qui a engendr\u00e9 une crise sociale dans le pays depuis plusieurs semaines. Ousmane Keita, le Pr\u00e9sident de cette Union d\u00e9plore cette augmentation et soutien que le gouvernement aurait d\u00fb \u00e9viter cette crise [&hellip;]<\/p>\n","protected":false},"author":16,"featured_media":26062,"comment_status":"closed","ping_status":"closed","sticky":false,"template":"","format":"standard","meta":{"_exactmetrics_skip_tracking":false,"_exactmetrics_sitenote_active":false,"_exactmetrics_sitenote_note":"","_exactmetrics_sitenote_category":0,"tdm_status":"","tdm_grid_status":"","footnotes":""},"categories":[16],"tags":[],"class_list":{"0":"post-26061","1":"post","2":"type-post","3":"status-publish","4":"format-standard","5":"has-post-thumbnail","7":"category-societe"},"yoast_head":"<!-- This site is optimized with the Yoast SEO plugin v24.2 - https:\/\/yoast.com\/wordpress\/plugins\/seo\/ -->\n<title>Hausse du prix du carburant : L\u2019Union des consommateurs de Guin\u00e9e se prononce | Guin\u00e9e Diversit\u00e9<\/title>\n<meta name=\"robots\" content=\"index, follow, max-snippet:-1, max-image-preview:large, max-video-preview:-1\" \/>\n<link rel=\"canonical\" href=\"https:\/\/guineediversite.com\/index.php\/2018\/07\/20\/hausse-du-prix-du-carburant-lunion-des-consommateurs-de-guinee-se-prononce\/\" \/>\n<meta property=\"og:locale\" content=\"fr_FR\" \/>\n<meta property=\"og:type\" content=\"article\" \/>\n<meta property=\"og:title\" content=\"Hausse du prix du carburant : L\u2019Union des consommateurs de Guin\u00e9e se prononce | Guin\u00e9e Diversit\u00e9\" \/>\n<meta property=\"og:description\" content=\"L\u2019Union des consommateurs de Guin\u00e9e sort enfin de son silence depuis la hausse du prix du litre du carburant \u00e0 la pompe et qui a engendr\u00e9 une crise sociale dans le pays depuis plusieurs semaines. Ousmane Keita, le Pr\u00e9sident de cette Union d\u00e9plore cette augmentation et soutien que le gouvernement aurait d\u00fb \u00e9viter cette crise [&hellip;]\" \/>\n<meta property=\"og:url\" content=\"https:\/\/guineediversite.com\/index.php\/2018\/07\/20\/hausse-du-prix-du-carburant-lunion-des-consommateurs-de-guinee-se-prononce\/\" \/>\n<meta property=\"og:site_name\" content=\"Guin\u00e9e Diversit\u00e9\" \/>\n<meta property=\"article:publisher\" content=\"https:\/\/www.facebook.com\/guineediversite\/\" \/>\n<meta property=\"article:published_time\" content=\"2018-07-20T13:47:21+00:00\" \/>\n<meta property=\"og:image\" content=\"https:\/\/guineediversite.com\/wp-content\/uploads\/2018\/07\/IMG_20180719_192828_042.jpg\" \/>\n\t<meta property=\"og:image:width\" content=\"1695\" \/>\n\t<meta property=\"og:image:height\" content=\"1024\" \/>\n\t<meta property=\"og:image:type\" content=\"image\/jpeg\" \/>\n<meta name=\"author\" content=\"Moussa Mo\u00efse K\u00e9ita\" \/>\n<meta name=\"twitter:card\" content=\"summary_large_image\" \/>\n<meta name=\"twitter:creator\" content=\"@GuineeDiversite\" \/>\n<meta name=\"twitter:site\" content=\"@GuineeDiversite\" \/>\n<meta name=\"twitter:label1\" content=\"\u00c9crit par\" \/>\n\t<meta name=\"twitter:data1\" content=\"Moussa Mo\u00efse K\u00e9ita\" \/>\n\t<meta name=\"twitter:label2\" content=\"Dur\u00e9e de lecture estim\u00e9e\" \/>\n\t<meta name=\"twitter:data2\" content=\"2 minutes\" \/>\n<script type=\"application\/ld+json\" class=\"yoast-schema-graph\">{\"@context\":\"https:\/\/schema.org\",\"@graph\":[{\"@type\":\"Article\",\"@id\":\"https:\/\/guineediversite.com\/index.php\/2018\/07\/20\/hausse-du-prix-du-carburant-lunion-des-consommateurs-de-guinee-se-prononce\/#article\",\"isPartOf\":{\"@id\":\"https:\/\/guineediversite.com\/index.php\/2018\/07\/20\/hausse-du-prix-du-carburant-lunion-des-consommateurs-de-guinee-se-prononce\/\"},\"author\":{\"name\":\"Moussa Mo\u00efse K\u00e9ita\",\"@id\":\"https:\/\/guineediversite.com\/#\/schema\/person\/079ec347f72d2acde4b56a50a4fd46dc\"},\"headline\":\"Hausse du prix du carburant : L\u2019Union des consommateurs de Guin\u00e9e se prononce\",\"datePublished\":\"2018-07-20T13:47:21+00:00\",\"dateModified\":\"2018-07-20T13:47:21+00:00\",\"mainEntityOfPage\":{\"@id\":\"https:\/\/guineediversite.com\/index.php\/2018\/07\/20\/hausse-du-prix-du-carburant-lunion-des-consommateurs-de-guinee-se-prononce\/\"},\"wordCount\":499,\"publisher\":{\"@id\":\"https:\/\/guineediversite.com\/#organization\"},\"image\":{\"@id\":\"https:\/\/guineediversite.com\/index.php\/2018\/07\/20\/hausse-du-prix-du-carburant-lunion-des-consommateurs-de-guinee-se-prononce\/#primaryimage\"},\"thumbnailUrl\":\"https:\/\/guineediversite.com\/wp-content\/uploads\/2018\/07\/IMG_20180719_192828_042.jpg\",\"articleSection\":[\"Soci\u00e9t\u00e9\"],\"inLanguage\":\"fr-FR\"},{\"@type\":\"WebPage\",\"@id\":\"https:\/\/guineediversite.com\/index.php\/2018\/07\/20\/hausse-du-prix-du-carburant-lunion-des-consommateurs-de-guinee-se-prononce\/\",\"url\":\"https:\/\/guineediversite.com\/index.php\/2018\/07\/20\/hausse-du-prix-du-carburant-lunion-des-consommateurs-de-guinee-se-prononce\/\",\"name\":\"Hausse du prix du carburant : L\u2019Union des consommateurs de Guin\u00e9e se prononce | Guin\u00e9e Diversit\u00e9\",\"isPartOf\":{\"@id\":\"https:\/\/guineediversite.com\/#website\"},\"primaryImageOfPage\":{\"@id\":\"https:\/\/guineediversite.com\/index.php\/2018\/07\/20\/hausse-du-prix-du-carburant-lunion-des-consommateurs-de-guinee-se-prononce\/#primaryimage\"},\"image\":{\"@id\":\"https:\/\/guineediversite.com\/index.php\/2018\/07\/20\/hausse-du-prix-du-carburant-lunion-des-consommateurs-de-guinee-se-prononce\/#primaryimage\"},\"thumbnailUrl\":\"https:\/\/guineediversite.com\/wp-content\/uploads\/2018\/07\/IMG_20180719_192828_042.jpg\",\"datePublished\":\"2018-07-20T13:47:21+00:00\",\"dateModified\":\"2018-07-20T13:47:21+00:00\",\"breadcrumb\":{\"@id\":\"https:\/\/guineediversite.com\/index.php\/2018\/07\/20\/hausse-du-prix-du-carburant-lunion-des-consommateurs-de-guinee-se-prononce\/#breadcrumb\"},\"inLanguage\":\"fr-FR\",\"potentialAction\":[{\"@type\":\"ReadAction\",\"target\":[\"https:\/\/guineediversite.com\/index.php\/2018\/07\/20\/hausse-du-prix-du-carburant-lunion-des-consommateurs-de-guinee-se-prononce\/\"]}]},{\"@type\":\"ImageObject\",\"inLanguage\":\"fr-FR\",\"@id\":\"https:\/\/guineediversite.com\/index.php\/2018\/07\/20\/hausse-du-prix-du-carburant-lunion-des-consommateurs-de-guinee-se-prononce\/#primaryimage\",\"url\":\"https:\/\/guineediversite.com\/wp-content\/uploads\/2018\/07\/IMG_20180719_192828_042.jpg\",\"contentUrl\":\"https:\/\/guineediversite.com\/wp-content\/uploads\/2018\/07\/IMG_20180719_192828_042.jpg\",\"width\":\"1695\",\"height\":\"1024\"},{\"@type\":\"BreadcrumbList\",\"@id\":\"https:\/\/guineediversite.com\/index.php\/2018\/07\/20\/hausse-du-prix-du-carburant-lunion-des-consommateurs-de-guinee-se-prononce\/#breadcrumb\",\"itemListElement\":[{\"@type\":\"ListItem\",\"position\":1,\"name\":\"Accueil\",\"item\":\"https:\/\/guineediversite.com\/\"},{\"@type\":\"ListItem\",\"position\":2,\"name\":\"Hausse du prix du carburant : L\u2019Union des consommateurs de Guin\u00e9e se prononce\"}]},{\"@type\":\"WebSite\",\"@id\":\"https:\/\/guineediversite.com\/#website\",\"url\":\"https:\/\/guineediversite.com\/\",\"name\":\"Guin\u00e9e Diversit\u00e9\",\"description\":\"L&#039;Info dans toute sa diversit\u00e9\",\"publisher\":{\"@id\":\"https:\/\/guineediversite.com\/#organization\"},\"potentialAction\":[{\"@type\":\"SearchAction\",\"target\":{\"@type\":\"EntryPoint\",\"urlTemplate\":\"https:\/\/guineediversite.com\/?s={search_term_string}\"},\"query-input\":{\"@type\":\"PropertyValueSpecification\",\"valueRequired\":true,\"valueName\":\"search_term_string\"}}],\"inLanguage\":\"fr-FR\"},{\"@type\":\"Organization\",\"@id\":\"https:\/\/guineediversite.com\/#organization\",\"name\":\"Guin\u00e9e Diversit\u00e9\",\"url\":\"https:\/\/guineediversite.com\/\",\"logo\":{\"@type\":\"ImageObject\",\"inLanguage\":\"fr-FR\",\"@id\":\"https:\/\/guineediversite.com\/#\/schema\/logo\/image\/\",\"url\":\"https:\/\/guineediversite.com\/wp-content\/uploads\/2017\/04\/cropped-1jojlxEOMkX9Wyqfhe43D6kjPOGqBBKmx3EwWJqZ0cMrFF54yM49.png\",\"contentUrl\":\"https:\/\/guineediversite.com\/wp-content\/uploads\/2017\/04\/cropped-1jojlxEOMkX9Wyqfhe43D6kjPOGqBBKmx3EwWJqZ0cMrFF54yM49.png\",\"width\":186,\"height\":112,\"caption\":\"Guin\u00e9e Diversit\u00e9\"},\"image\":{\"@id\":\"https:\/\/guineediversite.com\/#\/schema\/logo\/image\/\"},\"sameAs\":[\"https:\/\/www.facebook.com\/guineediversite\/\",\"https:\/\/x.com\/GuineeDiversite\",\"https:\/\/www.youtube.com\/channel\/UC8sUY16qelG5ge6_D5SB83g\"]},{\"@type\":\"Person\",\"@id\":\"https:\/\/guineediversite.com\/#\/schema\/person\/079ec347f72d2acde4b56a50a4fd46dc\",\"name\":\"Moussa Mo\u00efse K\u00e9ita\",\"image\":{\"@type\":\"ImageObject\",\"inLanguage\":\"fr-FR\",\"@id\":\"https:\/\/guineediversite.com\/#\/schema\/person\/image\/\",\"url\":\"https:\/\/secure.gravatar.com\/avatar\/edf1ea2cc01841e6c0b49384bcb1385b?s=96&d=mm&r=g\",\"contentUrl\":\"https:\/\/secure.gravatar.com\/avatar\/edf1ea2cc01841e6c0b49384bcb1385b?s=96&d=mm&r=g\",\"caption\":\"Moussa Mo\u00efse K\u00e9ita\"},\"url\":\"https:\/\/guineediversite.com\/index.php\/author\/moussa-moise\/\"}]}<\/script>\n<!-- \/ Yoast SEO plugin. -->","yoast_head_json":{"title":"Hausse du prix du carburant : L\u2019Union des consommateurs de Guin\u00e9e se prononce | Guin\u00e9e Diversit\u00e9","robots":{"index":"index","follow":"follow","max-snippet":"max-snippet:-1","max-image-preview":"max-image-preview:large","max-video-preview":"max-video-preview:-1"},"canonical":"https:\/\/guineediversite.com\/index.php\/2018\/07\/20\/hausse-du-prix-du-carburant-lunion-des-consommateurs-de-guinee-se-prononce\/","og_locale":"fr_FR","og_type":"article","og_title":"Hausse du prix du carburant : L\u2019Union des consommateurs de Guin\u00e9e se prononce | Guin\u00e9e Diversit\u00e9","og_description":"L\u2019Union des consommateurs de Guin\u00e9e sort enfin de son silence depuis la hausse du prix du litre du carburant \u00e0 la pompe et qui a engendr\u00e9 une crise sociale dans le pays depuis plusieurs semaines. Ousmane Keita, le Pr\u00e9sident de cette Union d\u00e9plore cette augmentation et soutien que le gouvernement aurait d\u00fb \u00e9viter cette crise [&hellip;]","og_url":"https:\/\/guineediversite.com\/index.php\/2018\/07\/20\/hausse-du-prix-du-carburant-lunion-des-consommateurs-de-guinee-se-prononce\/","og_site_name":"Guin\u00e9e Diversit\u00e9","article_publisher":"https:\/\/www.facebook.com\/guineediversite\/","article_published_time":"2018-07-20T13:47:21+00:00","og_image":[{"width":1695,"height":1024,"url":"https:\/\/guineediversite.com\/wp-content\/uploads\/2018\/07\/IMG_20180719_192828_042.jpg","type":"image\/jpeg"}],"author":"Moussa Mo\u00efse K\u00e9ita","twitter_card":"summary_large_image","twitter_creator":"@GuineeDiversite","twitter_site":"@GuineeDiversite","twitter_misc":{"\u00c9crit par":"Moussa Mo\u00efse K\u00e9ita","Dur\u00e9e de lecture estim\u00e9e":"2 minutes"},"schema":{"@context":"https:\/\/schema.org","@graph":[{"@type":"Article","@id":"https:\/\/guineediversite.com\/index.php\/2018\/07\/20\/hausse-du-prix-du-carburant-lunion-des-consommateurs-de-guinee-se-prononce\/#article","isPartOf":{"@id":"https:\/\/guineediversite.com\/index.php\/2018\/07\/20\/hausse-du-prix-du-carburant-lunion-des-consommateurs-de-guinee-se-prononce\/"},"author":{"name":"Moussa Mo\u00efse K\u00e9ita","@id":"https:\/\/guineediversite.com\/#\/schema\/person\/079ec347f72d2acde4b56a50a4fd46dc"},"headline":"Hausse du prix du carburant : L\u2019Union des consommateurs de Guin\u00e9e se prononce","datePublished":"2018-07-20T13:47:21+00:00","dateModified":"2018-07-20T13:47:21+00:00","mainEntityOfPage":{"@id":"https:\/\/guineediversite.com\/index.php\/2018\/07\/20\/hausse-du-prix-du-carburant-lunion-des-consommateurs-de-guinee-se-prononce\/"},"wordCount":499,"publisher":{"@id":"https:\/\/guineediversite.com\/#organization"},"image":{"@id":"https:\/\/guineediversite.com\/index.php\/2018\/07\/20\/hausse-du-prix-du-carburant-lunion-des-consommateurs-de-guinee-se-prononce\/#primaryimage"},"thumbnailUrl":"https:\/\/guineediversite.com\/wp-content\/uploads\/2018\/07\/IMG_20180719_192828_042.jpg","articleSection":["Soci\u00e9t\u00e9"],"inLanguage":"fr-FR"},{"@type":"WebPage","@id":"https:\/\/guineediversite.com\/index.php\/2018\/07\/20\/hausse-du-prix-du-carburant-lunion-des-consommateurs-de-guinee-se-prononce\/","url":"https:\/\/guineediversite.com\/index.php\/2018\/07\/20\/hausse-du-prix-du-carburant-lunion-des-consommateurs-de-guinee-se-prononce\/","name":"Hausse du prix du carburant : L\u2019Union des consommateurs de Guin\u00e9e se prononce | Guin\u00e9e Diversit\u00e9","isPartOf":{"@id":"https:\/\/guineediversite.com\/#website"},"primaryImageOfPage":{"@id":"https:\/\/guineediversite.com\/index.php\/2018\/07\/20\/hausse-du-prix-du-carburant-lunion-des-consommateurs-de-guinee-se-prononce\/#primaryimage"},"image":{"@id":"https:\/\/guineediversite.com\/index.php\/2018\/07\/20\/hausse-du-prix-du-carburant-lunion-des-consommateurs-de-guinee-se-prononce\/#primaryimage"},"thumbnailUrl":"https:\/\/guineediversite.com\/wp-content\/uploads\/2018\/07\/IMG_20180719_192828_042.jpg","datePublished":"2018-07-20T13:47:21+00:00","dateModified":"2018-07-20T13:47:21+00:00","breadcrumb":{"@id":"https:\/\/guineediversite.com\/index.php\/2018\/07\/20\/hausse-du-prix-du-carburant-lunion-des-consommateurs-de-guinee-se-prononce\/#breadcrumb"},"inLanguage":"fr-FR","potentialAction":[{"@type":"ReadAction","target":["https:\/\/guineediversite.com\/index.php\/2018\/07\/20\/hausse-du-prix-du-carburant-lunion-des-consommateurs-de-guinee-se-prononce\/"]}]},{"@type":"ImageObject","inLanguage":"fr-FR","@id":"https:\/\/guineediversite.com\/index.php\/2018\/07\/20\/hausse-du-prix-du-carburant-lunion-des-consommateurs-de-guinee-se-prononce\/#primaryimage","url":"https:\/\/guineediversite.com\/wp-content\/uploads\/2018\/07\/IMG_20180719_192828_042.jpg","contentUrl":"https:\/\/guineediversite.com\/wp-content\/uploads\/2018\/07\/IMG_20180719_192828_042.jpg","width":"1695","height":"1024"},{"@type":"BreadcrumbList","@id":"https:\/\/guineediversite.com\/index.php\/2018\/07\/20\/hausse-du-prix-du-carburant-lunion-des-consommateurs-de-guinee-se-prononce\/#breadcrumb","itemListElement":[{"@type":"ListItem","position":1,"name":"Accueil","item":"https:\/\/guineediversite.com\/"},{"@type":"ListItem","position":2,"name":"Hausse du prix du carburant : L\u2019Union des consommateurs de Guin\u00e9e se prononce"}]},{"@type":"WebSite","@id":"https:\/\/guineediversite.com\/#website","url":"https:\/\/guineediversite.com\/","name":"Guin\u00e9e Diversit\u00e9","description":"L&#039;Info dans toute sa diversit\u00e9","publisher":{"@id":"https:\/\/guineediversite.com\/#organization"},"potentialAction":[{"@type":"SearchAction","target":{"@type":"EntryPoint","urlTemplate":"https:\/\/guineediversite.com\/?s={search_term_string}"},"query-input":{"@type":"PropertyValueSpecification","valueRequired":true,"valueName":"search_term_string"}}],"inLanguage":"fr-FR"},{"@type":"Organization","@id":"https:\/\/guineediversite.com\/#organization","name":"Guin\u00e9e Diversit\u00e9","url":"https:\/\/guineediversite.com\/","logo":{"@type":"ImageObject","inLanguage":"fr-FR","@id":"https:\/\/guineediversite.com\/#\/schema\/logo\/image\/","url":"https:\/\/guineediversite.com\/wp-content\/uploads\/2017\/04\/cropped-1jojlxEOMkX9Wyqfhe43D6kjPOGqBBKmx3EwWJqZ0cMrFF54yM49.png","contentUrl":"https:\/\/guineediversite.com\/wp-content\/uploads\/2017\/04\/cropped-1jojlxEOMkX9Wyqfhe43D6kjPOGqBBKmx3EwWJqZ0cMrFF54yM49.png","width":186,"height":112,"caption":"Guin\u00e9e Diversit\u00e9"},"image":{"@id":"https:\/\/guineediversite.com\/#\/schema\/logo\/image\/"},"sameAs":["https:\/\/www.facebook.com\/guineediversite\/","https:\/\/x.com\/GuineeDiversite","https:\/\/www.youtube.com\/channel\/UC8sUY16qelG5ge6_D5SB83g"]},{"@type":"Person","@id":"https:\/\/guineediversite.com\/#\/schema\/person\/079ec347f72d2acde4b56a50a4fd46dc","name":"Moussa Mo\u00efse K\u00e9ita","image":{"@type":"ImageObject","inLanguage":"fr-FR","@id":"https:\/\/guineediversite.com\/#\/schema\/person\/image\/","url":"https:\/\/secure.gravatar.com\/avatar\/edf1ea2cc01841e6c0b49384bcb1385b?s=96&d=mm&r=g","contentUrl":"https:\/\/secure.gravatar.com\/avatar\/edf1ea2cc01841e6c0b49384bcb1385b?s=96&d=mm&r=g","caption":"Moussa Mo\u00efse K\u00e9ita"},"url":"https:\/\/guineediversite.com\/index.php\/author\/moussa-moise\/"}]}},"_links":{"self":[{"href":"https:\/\/guineediversite.com\/index.php\/wp-json\/wp\/v2\/posts\/26061"}],"collection":[{"href":"https:\/\/guineediversite.com\/index.php\/wp-json\/wp\/v2\/posts"}],"about":[{"href":"https:\/\/guineediversite.com\/index.php\/wp-json\/wp\/v2\/types\/post"}],"author":[{"embeddable":true,"href":"https:\/\/guineediversite.com\/index.php\/wp-json\/wp\/v2\/users\/16"}],"replies":[{"embeddable":true,"href":"https:\/\/guineediversite.com\/index.php\/wp-json\/wp\/v2\/comments?post=26061"}],"version-history":[{"count":0,"href":"https:\/\/guineediversite.com\/index.php\/wp-json\/wp\/v2\/posts\/26061\/revisions"}],"wp:featuredmedia":[{"embeddable":true,"href":"https:\/\/guineediversite.com\/index.php\/wp-json\/wp\/v2\/media\/26062"}],"wp:attachment":[{"href":"https:\/\/guineediversite.com\/index.php\/wp-json\/wp\/v2\/media?parent=26061"}],"wp:term":[{"taxonomy":"category","embeddable":true,"href":"https:\/\/guineediversite.com\/index.php\/wp-json\/wp\/v2\/categories?post=26061"},{"taxonomy":"post_tag","embeddable":true,"href":"https:\/\/guineediversite.com\/index.php\/wp-json\/wp\/v2\/tags?post=26061"}],"curies":[{"name":"wp","href":"https:\/\/api.w.org\/{rel}","templated":true}]}}