{"id":25811,"date":"2018-06-29T14:57:59","date_gmt":"2018-06-29T12:57:59","guid":{"rendered":"https:\/\/guineediversite.com\/?p=25811"},"modified":"2018-06-29T14:57:59","modified_gmt":"2018-06-29T12:57:59","slug":"le-ministre-des-peches-de-laquaculture-et-de-leconomie-maritime-annonce-la-fermeture-des-activites-des-peches-industrielles-communique","status":"publish","type":"post","link":"https:\/\/guineediversite.com\/index.php\/2018\/06\/29\/le-ministre-des-peches-de-laquaculture-et-de-leconomie-maritime-annonce-la-fermeture-des-activites-des-peches-industrielles-communique\/","title":{"rendered":"Le ministre des p\u00eaches, de l\u2019aquaculture et de l\u2019\u00e9conomie maritime annonce la fermeture des activit\u00e9s des p\u00eaches industrielles (communiqu\u00e9)"},"content":{"rendered":"<p>En application des dispositions du plan d\u2019am\u00e9nagement et de gestion des p\u00eacheries pour l\u2019ann\u00e9e 2018 adopt\u00e9 par l\u2019arr\u00eat\u00e9 N\u00b0A\/2017\/6806\/MPAEM\/CAB du 29 d\u00e9cembre 2017. Le ministre des p\u00eaches, de l\u2019aquaculture et de l\u2019\u00e9conomie Maritime \u00e0 rendu public un communiqu\u00e9 sur la fermeture des activit\u00e9s de p\u00eache industrielle de la zone maritime. Une mesure\u00a0 qui d\u00e9bute du 1<sup>er<\/sup> juillet au 31 ao\u00fbt sur toute l\u2019\u00e9tendu du territoire national. Fr\u00e9d\u00e9ric LOUA ministre des p\u00eaches, de l\u2019aquaculture et de l\u2019\u00e9conomie Maritime a soulign\u00e9\u00a0:<\/p>\n<p><strong>\u00ab\u00a0 <\/strong><em>Il est port\u00e9 \u00e0 la connaissance de tous les operateurs du secteur de la fermeture, aux activit\u00e9s de p\u00eache industrielle, de la zone maritime sous juridiction de la R\u00e9publique de Guin\u00e9e qui s\u2019\u00e9tend jusqu\u2019\u00e0 la limite de 60 milles marins, calcul\u00e9 \u00e0 partir de la ligne de base. La p\u00e9riode de fermeture s\u2019\u00e9tend du 1<sup>er<\/sup> juillet 2018 \u00e0 00H TU au 31 ao\u00fbt 2018 \u00e0 00H TU. Il reste entendu que cette disposition ne s\u2019applique pas aux activit\u00e9s de la p\u00eache artisanale. Cette mesure de fermeture momentan\u00e9e qui co\u00efncide \u00e0 la p\u00e9riode de reproduction des principales esp\u00e8ces de poissons, vise \u00e0 favoriser la reconstitution des ressources halieutiques afin d\u2019en assurer l\u2019exploitation durable. Pendant cette p\u00e9riode, la surveillance sera renforc\u00e9e \u00e0 travers la synergie de toutes les structures de contr\u00f4le et de surveillance de l\u2019Etat par la mutualisation de leurs moyens et \u00e9quipements,<\/em><strong>\u00a0\u00bb <\/strong>dira-t-il<strong>.<\/strong><\/p>\n<p>Et d\u2019ajouter,<strong>\u00a0\u00ab\u00a0 <\/strong><em>Ainsi, tous navire r\u00e9fractaires s\u2019exposent \u00e0 la rigueur de la loi. Le Centre Nationale de Surveillance et de Police des P\u00eaches, la Pr\u00e9fecture Maritime, la Marine Nationale, La Gendarmerie Maritime, sont charg\u00e9s, chacun en ce qui le concerne, de l\u2019application correcte du pr\u00e9sent communiqu\u00e9.<\/em><strong>\u00a0\u00bb <\/strong><\/p>\n","protected":false},"excerpt":{"rendered":"<p>En application des dispositions du plan d\u2019am\u00e9nagement et de gestion des p\u00eacheries pour l\u2019ann\u00e9e 2018 adopt\u00e9 par l\u2019arr\u00eat\u00e9 N\u00b0A\/2017\/6806\/MPAEM\/CAB du 29 d\u00e9cembre 2017. Le ministre des p\u00eaches, de l\u2019aquaculture et de l\u2019\u00e9conomie Maritime \u00e0 rendu public un communiqu\u00e9 sur la fermeture des activit\u00e9s de p\u00eache industrielle de la zone maritime. Une mesure\u00a0 qui d\u00e9bute du [&hellip;]<\/p>\n","protected":false},"author":10,"featured_media":25812,"comment_status":"closed","ping_status":"closed","sticky":false,"template":"","format":"standard","meta":{"_exactmetrics_skip_tracking":false,"_exactmetrics_sitenote_active":false,"_exactmetrics_sitenote_note":"","_exactmetrics_sitenote_category":0,"tdm_status":"","tdm_grid_status":"","footnotes":""},"categories":[15,16],"tags":[],"class_list":{"0":"post-25811","1":"post","2":"type-post","3":"status-publish","4":"format-standard","5":"has-post-thumbnail","7":"category-economie","8":"category-societe"},"yoast_head":"<!-- This site is optimized with the Yoast SEO plugin v24.2 - https:\/\/yoast.com\/wordpress\/plugins\/seo\/ -->\n<title>Le ministre des p\u00eaches, de l\u2019aquaculture et de l\u2019\u00e9conomie maritime annonce la fermeture des activit\u00e9s des p\u00eaches industrielles (communiqu\u00e9) | Guin\u00e9e Diversit\u00e9<\/title>\n<meta name=\"robots\" content=\"index, follow, max-snippet:-1, max-image-preview:large, max-video-preview:-1\" \/>\n<link rel=\"canonical\" href=\"https:\/\/guineediversite.com\/index.php\/2018\/06\/29\/le-ministre-des-peches-de-laquaculture-et-de-leconomie-maritime-annonce-la-fermeture-des-activites-des-peches-industrielles-communique\/\" \/>\n<meta property=\"og:locale\" content=\"fr_FR\" \/>\n<meta property=\"og:type\" content=\"article\" \/>\n<meta property=\"og:title\" content=\"Le ministre des p\u00eaches, de l\u2019aquaculture et de l\u2019\u00e9conomie maritime annonce la fermeture des activit\u00e9s des p\u00eaches industrielles (communiqu\u00e9) | Guin\u00e9e Diversit\u00e9\" \/>\n<meta property=\"og:description\" content=\"En application des dispositions du plan d\u2019am\u00e9nagement et de gestion des p\u00eacheries pour l\u2019ann\u00e9e 2018 adopt\u00e9 par l\u2019arr\u00eat\u00e9 N\u00b0A\/2017\/6806\/MPAEM\/CAB du 29 d\u00e9cembre 2017. Le ministre des p\u00eaches, de l\u2019aquaculture et de l\u2019\u00e9conomie Maritime \u00e0 rendu public un communiqu\u00e9 sur la fermeture des activit\u00e9s de p\u00eache industrielle de la zone maritime. Une mesure\u00a0 qui d\u00e9bute du [&hellip;]\" \/>\n<meta property=\"og:url\" content=\"https:\/\/guineediversite.com\/index.php\/2018\/06\/29\/le-ministre-des-peches-de-laquaculture-et-de-leconomie-maritime-annonce-la-fermeture-des-activites-des-peches-industrielles-communique\/\" \/>\n<meta property=\"og:site_name\" content=\"Guin\u00e9e Diversit\u00e9\" \/>\n<meta property=\"article:publisher\" content=\"https:\/\/www.facebook.com\/guineediversite\/\" \/>\n<meta property=\"article:published_time\" content=\"2018-06-29T12:57:59+00:00\" \/>\n<meta property=\"og:image\" content=\"https:\/\/guineediversite.com\/wp-content\/uploads\/2018\/06\/36378329_2635874753304782_3003261688523784192_n.jpg\" \/>\n\t<meta property=\"og:image:width\" content=\"1365\" \/>\n\t<meta property=\"og:image:height\" content=\"1024\" \/>\n\t<meta property=\"og:image:type\" content=\"image\/jpeg\" \/>\n<meta name=\"author\" content=\"Morcire Camara\" \/>\n<meta name=\"twitter:card\" content=\"summary_large_image\" \/>\n<meta name=\"twitter:creator\" content=\"@GuineeDiversite\" \/>\n<meta name=\"twitter:site\" content=\"@GuineeDiversite\" \/>\n<meta name=\"twitter:label1\" content=\"\u00c9crit par\" \/>\n\t<meta name=\"twitter:data1\" content=\"Morcire Camara\" \/>\n\t<meta name=\"twitter:label2\" content=\"Dur\u00e9e de lecture estim\u00e9e\" \/>\n\t<meta name=\"twitter:data2\" content=\"2 minutes\" \/>\n<script type=\"application\/ld+json\" class=\"yoast-schema-graph\">{\"@context\":\"https:\/\/schema.org\",\"@graph\":[{\"@type\":\"Article\",\"@id\":\"https:\/\/guineediversite.com\/index.php\/2018\/06\/29\/le-ministre-des-peches-de-laquaculture-et-de-leconomie-maritime-annonce-la-fermeture-des-activites-des-peches-industrielles-communique\/#article\",\"isPartOf\":{\"@id\":\"https:\/\/guineediversite.com\/index.php\/2018\/06\/29\/le-ministre-des-peches-de-laquaculture-et-de-leconomie-maritime-annonce-la-fermeture-des-activites-des-peches-industrielles-communique\/\"},\"author\":{\"name\":\"Morcire Camara\",\"@id\":\"https:\/\/guineediversite.com\/#\/schema\/person\/fa362494c47202ce4b3adf55abcc9d01\"},\"headline\":\"Le ministre des p\u00eaches, de l\u2019aquaculture et de l\u2019\u00e9conomie maritime annonce la fermeture des activit\u00e9s des p\u00eaches industrielles (communiqu\u00e9)\",\"datePublished\":\"2018-06-29T12:57:59+00:00\",\"dateModified\":\"2018-06-29T12:57:59+00:00\",\"mainEntityOfPage\":{\"@id\":\"https:\/\/guineediversite.com\/index.php\/2018\/06\/29\/le-ministre-des-peches-de-laquaculture-et-de-leconomie-maritime-annonce-la-fermeture-des-activites-des-peches-industrielles-communique\/\"},\"wordCount\":328,\"publisher\":{\"@id\":\"https:\/\/guineediversite.com\/#organization\"},\"image\":{\"@id\":\"https:\/\/guineediversite.com\/index.php\/2018\/06\/29\/le-ministre-des-peches-de-laquaculture-et-de-leconomie-maritime-annonce-la-fermeture-des-activites-des-peches-industrielles-communique\/#primaryimage\"},\"thumbnailUrl\":\"https:\/\/guineediversite.com\/wp-content\/uploads\/2018\/06\/36378329_2635874753304782_3003261688523784192_n.jpg\",\"articleSection\":[\"Economie\",\"Soci\u00e9t\u00e9\"],\"inLanguage\":\"fr-FR\"},{\"@type\":\"WebPage\",\"@id\":\"https:\/\/guineediversite.com\/index.php\/2018\/06\/29\/le-ministre-des-peches-de-laquaculture-et-de-leconomie-maritime-annonce-la-fermeture-des-activites-des-peches-industrielles-communique\/\",\"url\":\"https:\/\/guineediversite.com\/index.php\/2018\/06\/29\/le-ministre-des-peches-de-laquaculture-et-de-leconomie-maritime-annonce-la-fermeture-des-activites-des-peches-industrielles-communique\/\",\"name\":\"Le ministre des p\u00eaches, de l\u2019aquaculture et de l\u2019\u00e9conomie maritime annonce la fermeture des activit\u00e9s des p\u00eaches industrielles (communiqu\u00e9) | Guin\u00e9e Diversit\u00e9\",\"isPartOf\":{\"@id\":\"https:\/\/guineediversite.com\/#website\"},\"primaryImageOfPage\":{\"@id\":\"https:\/\/guineediversite.com\/index.php\/2018\/06\/29\/le-ministre-des-peches-de-laquaculture-et-de-leconomie-maritime-annonce-la-fermeture-des-activites-des-peches-industrielles-communique\/#primaryimage\"},\"image\":{\"@id\":\"https:\/\/guineediversite.com\/index.php\/2018\/06\/29\/le-ministre-des-peches-de-laquaculture-et-de-leconomie-maritime-annonce-la-fermeture-des-activites-des-peches-industrielles-communique\/#primaryimage\"},\"thumbnailUrl\":\"https:\/\/guineediversite.com\/wp-content\/uploads\/2018\/06\/36378329_2635874753304782_3003261688523784192_n.jpg\",\"datePublished\":\"2018-06-29T12:57:59+00:00\",\"dateModified\":\"2018-06-29T12:57:59+00:00\",\"breadcrumb\":{\"@id\":\"https:\/\/guineediversite.com\/index.php\/2018\/06\/29\/le-ministre-des-peches-de-laquaculture-et-de-leconomie-maritime-annonce-la-fermeture-des-activites-des-peches-industrielles-communique\/#breadcrumb\"},\"inLanguage\":\"fr-FR\",\"potentialAction\":[{\"@type\":\"ReadAction\",\"target\":[\"https:\/\/guineediversite.com\/index.php\/2018\/06\/29\/le-ministre-des-peches-de-laquaculture-et-de-leconomie-maritime-annonce-la-fermeture-des-activites-des-peches-industrielles-communique\/\"]}]},{\"@type\":\"ImageObject\",\"inLanguage\":\"fr-FR\",\"@id\":\"https:\/\/guineediversite.com\/index.php\/2018\/06\/29\/le-ministre-des-peches-de-laquaculture-et-de-leconomie-maritime-annonce-la-fermeture-des-activites-des-peches-industrielles-communique\/#primaryimage\",\"url\":\"https:\/\/guineediversite.com\/wp-content\/uploads\/2018\/06\/36378329_2635874753304782_3003261688523784192_n.jpg\",\"contentUrl\":\"https:\/\/guineediversite.com\/wp-content\/uploads\/2018\/06\/36378329_2635874753304782_3003261688523784192_n.jpg\",\"width\":\"1365\",\"height\":\"1024\"},{\"@type\":\"BreadcrumbList\",\"@id\":\"https:\/\/guineediversite.com\/index.php\/2018\/06\/29\/le-ministre-des-peches-de-laquaculture-et-de-leconomie-maritime-annonce-la-fermeture-des-activites-des-peches-industrielles-communique\/#breadcrumb\",\"itemListElement\":[{\"@type\":\"ListItem\",\"position\":1,\"name\":\"Accueil\",\"item\":\"https:\/\/guineediversite.com\/\"},{\"@type\":\"ListItem\",\"position\":2,\"name\":\"Le ministre des p\u00eaches, de l\u2019aquaculture et de l\u2019\u00e9conomie maritime annonce la fermeture des activit\u00e9s des p\u00eaches industrielles (communiqu\u00e9)\"}]},{\"@type\":\"WebSite\",\"@id\":\"https:\/\/guineediversite.com\/#website\",\"url\":\"https:\/\/guineediversite.com\/\",\"name\":\"Guin\u00e9e Diversit\u00e9\",\"description\":\"L&#039;Info dans toute sa diversit\u00e9\",\"publisher\":{\"@id\":\"https:\/\/guineediversite.com\/#organization\"},\"potentialAction\":[{\"@type\":\"SearchAction\",\"target\":{\"@type\":\"EntryPoint\",\"urlTemplate\":\"https:\/\/guineediversite.com\/?s={search_term_string}\"},\"query-input\":{\"@type\":\"PropertyValueSpecification\",\"valueRequired\":true,\"valueName\":\"search_term_string\"}}],\"inLanguage\":\"fr-FR\"},{\"@type\":\"Organization\",\"@id\":\"https:\/\/guineediversite.com\/#organization\",\"name\":\"Guin\u00e9e Diversit\u00e9\",\"url\":\"https:\/\/guineediversite.com\/\",\"logo\":{\"@type\":\"ImageObject\",\"inLanguage\":\"fr-FR\",\"@id\":\"https:\/\/guineediversite.com\/#\/schema\/logo\/image\/\",\"url\":\"https:\/\/guineediversite.com\/wp-content\/uploads\/2017\/04\/cropped-1jojlxEOMkX9Wyqfhe43D6kjPOGqBBKmx3EwWJqZ0cMrFF54yM49.png\",\"contentUrl\":\"https:\/\/guineediversite.com\/wp-content\/uploads\/2017\/04\/cropped-1jojlxEOMkX9Wyqfhe43D6kjPOGqBBKmx3EwWJqZ0cMrFF54yM49.png\",\"width\":186,\"height\":112,\"caption\":\"Guin\u00e9e Diversit\u00e9\"},\"image\":{\"@id\":\"https:\/\/guineediversite.com\/#\/schema\/logo\/image\/\"},\"sameAs\":[\"https:\/\/www.facebook.com\/guineediversite\/\",\"https:\/\/x.com\/GuineeDiversite\",\"https:\/\/www.youtube.com\/channel\/UC8sUY16qelG5ge6_D5SB83g\"]},{\"@type\":\"Person\",\"@id\":\"https:\/\/guineediversite.com\/#\/schema\/person\/fa362494c47202ce4b3adf55abcc9d01\",\"name\":\"Morcire Camara\",\"image\":{\"@type\":\"ImageObject\",\"inLanguage\":\"fr-FR\",\"@id\":\"https:\/\/guineediversite.com\/#\/schema\/person\/image\/\",\"url\":\"https:\/\/secure.gravatar.com\/avatar\/3ec324f02295bbcebe03d99b39330ab4?s=96&d=mm&r=g\",\"contentUrl\":\"https:\/\/secure.gravatar.com\/avatar\/3ec324f02295bbcebe03d99b39330ab4?s=96&d=mm&r=g\",\"caption\":\"Morcire Camara\"},\"url\":\"https:\/\/guineediversite.com\/index.php\/author\/morcire\/\"}]}<\/script>\n<!-- \/ Yoast SEO plugin. -->","yoast_head_json":{"title":"Le ministre des p\u00eaches, de l\u2019aquaculture et de l\u2019\u00e9conomie maritime annonce la fermeture des activit\u00e9s des p\u00eaches industrielles (communiqu\u00e9) | Guin\u00e9e Diversit\u00e9","robots":{"index":"index","follow":"follow","max-snippet":"max-snippet:-1","max-image-preview":"max-image-preview:large","max-video-preview":"max-video-preview:-1"},"canonical":"https:\/\/guineediversite.com\/index.php\/2018\/06\/29\/le-ministre-des-peches-de-laquaculture-et-de-leconomie-maritime-annonce-la-fermeture-des-activites-des-peches-industrielles-communique\/","og_locale":"fr_FR","og_type":"article","og_title":"Le ministre des p\u00eaches, de l\u2019aquaculture et de l\u2019\u00e9conomie maritime annonce la fermeture des activit\u00e9s des p\u00eaches industrielles (communiqu\u00e9) | Guin\u00e9e Diversit\u00e9","og_description":"En application des dispositions du plan d\u2019am\u00e9nagement et de gestion des p\u00eacheries pour l\u2019ann\u00e9e 2018 adopt\u00e9 par l\u2019arr\u00eat\u00e9 N\u00b0A\/2017\/6806\/MPAEM\/CAB du 29 d\u00e9cembre 2017. Le ministre des p\u00eaches, de l\u2019aquaculture et de l\u2019\u00e9conomie Maritime \u00e0 rendu public un communiqu\u00e9 sur la fermeture des activit\u00e9s de p\u00eache industrielle de la zone maritime. Une mesure\u00a0 qui d\u00e9bute du [&hellip;]","og_url":"https:\/\/guineediversite.com\/index.php\/2018\/06\/29\/le-ministre-des-peches-de-laquaculture-et-de-leconomie-maritime-annonce-la-fermeture-des-activites-des-peches-industrielles-communique\/","og_site_name":"Guin\u00e9e Diversit\u00e9","article_publisher":"https:\/\/www.facebook.com\/guineediversite\/","article_published_time":"2018-06-29T12:57:59+00:00","og_image":[{"width":1365,"height":1024,"url":"https:\/\/guineediversite.com\/wp-content\/uploads\/2018\/06\/36378329_2635874753304782_3003261688523784192_n.jpg","type":"image\/jpeg"}],"author":"Morcire Camara","twitter_card":"summary_large_image","twitter_creator":"@GuineeDiversite","twitter_site":"@GuineeDiversite","twitter_misc":{"\u00c9crit par":"Morcire Camara","Dur\u00e9e de lecture estim\u00e9e":"2 minutes"},"schema":{"@context":"https:\/\/schema.org","@graph":[{"@type":"Article","@id":"https:\/\/guineediversite.com\/index.php\/2018\/06\/29\/le-ministre-des-peches-de-laquaculture-et-de-leconomie-maritime-annonce-la-fermeture-des-activites-des-peches-industrielles-communique\/#article","isPartOf":{"@id":"https:\/\/guineediversite.com\/index.php\/2018\/06\/29\/le-ministre-des-peches-de-laquaculture-et-de-leconomie-maritime-annonce-la-fermeture-des-activites-des-peches-industrielles-communique\/"},"author":{"name":"Morcire Camara","@id":"https:\/\/guineediversite.com\/#\/schema\/person\/fa362494c47202ce4b3adf55abcc9d01"},"headline":"Le ministre des p\u00eaches, de l\u2019aquaculture et de l\u2019\u00e9conomie maritime annonce la fermeture des activit\u00e9s des p\u00eaches industrielles (communiqu\u00e9)","datePublished":"2018-06-29T12:57:59+00:00","dateModified":"2018-06-29T12:57:59+00:00","mainEntityOfPage":{"@id":"https:\/\/guineediversite.com\/index.php\/2018\/06\/29\/le-ministre-des-peches-de-laquaculture-et-de-leconomie-maritime-annonce-la-fermeture-des-activites-des-peches-industrielles-communique\/"},"wordCount":328,"publisher":{"@id":"https:\/\/guineediversite.com\/#organization"},"image":{"@id":"https:\/\/guineediversite.com\/index.php\/2018\/06\/29\/le-ministre-des-peches-de-laquaculture-et-de-leconomie-maritime-annonce-la-fermeture-des-activites-des-peches-industrielles-communique\/#primaryimage"},"thumbnailUrl":"https:\/\/guineediversite.com\/wp-content\/uploads\/2018\/06\/36378329_2635874753304782_3003261688523784192_n.jpg","articleSection":["Economie","Soci\u00e9t\u00e9"],"inLanguage":"fr-FR"},{"@type":"WebPage","@id":"https:\/\/guineediversite.com\/index.php\/2018\/06\/29\/le-ministre-des-peches-de-laquaculture-et-de-leconomie-maritime-annonce-la-fermeture-des-activites-des-peches-industrielles-communique\/","url":"https:\/\/guineediversite.com\/index.php\/2018\/06\/29\/le-ministre-des-peches-de-laquaculture-et-de-leconomie-maritime-annonce-la-fermeture-des-activites-des-peches-industrielles-communique\/","name":"Le ministre des p\u00eaches, de l\u2019aquaculture et de l\u2019\u00e9conomie maritime annonce la fermeture des activit\u00e9s des p\u00eaches industrielles (communiqu\u00e9) | Guin\u00e9e Diversit\u00e9","isPartOf":{"@id":"https:\/\/guineediversite.com\/#website"},"primaryImageOfPage":{"@id":"https:\/\/guineediversite.com\/index.php\/2018\/06\/29\/le-ministre-des-peches-de-laquaculture-et-de-leconomie-maritime-annonce-la-fermeture-des-activites-des-peches-industrielles-communique\/#primaryimage"},"image":{"@id":"https:\/\/guineediversite.com\/index.php\/2018\/06\/29\/le-ministre-des-peches-de-laquaculture-et-de-leconomie-maritime-annonce-la-fermeture-des-activites-des-peches-industrielles-communique\/#primaryimage"},"thumbnailUrl":"https:\/\/guineediversite.com\/wp-content\/uploads\/2018\/06\/36378329_2635874753304782_3003261688523784192_n.jpg","datePublished":"2018-06-29T12:57:59+00:00","dateModified":"2018-06-29T12:57:59+00:00","breadcrumb":{"@id":"https:\/\/guineediversite.com\/index.php\/2018\/06\/29\/le-ministre-des-peches-de-laquaculture-et-de-leconomie-maritime-annonce-la-fermeture-des-activites-des-peches-industrielles-communique\/#breadcrumb"},"inLanguage":"fr-FR","potentialAction":[{"@type":"ReadAction","target":["https:\/\/guineediversite.com\/index.php\/2018\/06\/29\/le-ministre-des-peches-de-laquaculture-et-de-leconomie-maritime-annonce-la-fermeture-des-activites-des-peches-industrielles-communique\/"]}]},{"@type":"ImageObject","inLanguage":"fr-FR","@id":"https:\/\/guineediversite.com\/index.php\/2018\/06\/29\/le-ministre-des-peches-de-laquaculture-et-de-leconomie-maritime-annonce-la-fermeture-des-activites-des-peches-industrielles-communique\/#primaryimage","url":"https:\/\/guineediversite.com\/wp-content\/uploads\/2018\/06\/36378329_2635874753304782_3003261688523784192_n.jpg","contentUrl":"https:\/\/guineediversite.com\/wp-content\/uploads\/2018\/06\/36378329_2635874753304782_3003261688523784192_n.jpg","width":"1365","height":"1024"},{"@type":"BreadcrumbList","@id":"https:\/\/guineediversite.com\/index.php\/2018\/06\/29\/le-ministre-des-peches-de-laquaculture-et-de-leconomie-maritime-annonce-la-fermeture-des-activites-des-peches-industrielles-communique\/#breadcrumb","itemListElement":[{"@type":"ListItem","position":1,"name":"Accueil","item":"https:\/\/guineediversite.com\/"},{"@type":"ListItem","position":2,"name":"Le ministre des p\u00eaches, de l\u2019aquaculture et de l\u2019\u00e9conomie maritime annonce la fermeture des activit\u00e9s des p\u00eaches industrielles (communiqu\u00e9)"}]},{"@type":"WebSite","@id":"https:\/\/guineediversite.com\/#website","url":"https:\/\/guineediversite.com\/","name":"Guin\u00e9e Diversit\u00e9","description":"L&#039;Info dans toute sa diversit\u00e9","publisher":{"@id":"https:\/\/guineediversite.com\/#organization"},"potentialAction":[{"@type":"SearchAction","target":{"@type":"EntryPoint","urlTemplate":"https:\/\/guineediversite.com\/?s={search_term_string}"},"query-input":{"@type":"PropertyValueSpecification","valueRequired":true,"valueName":"search_term_string"}}],"inLanguage":"fr-FR"},{"@type":"Organization","@id":"https:\/\/guineediversite.com\/#organization","name":"Guin\u00e9e Diversit\u00e9","url":"https:\/\/guineediversite.com\/","logo":{"@type":"ImageObject","inLanguage":"fr-FR","@id":"https:\/\/guineediversite.com\/#\/schema\/logo\/image\/","url":"https:\/\/guineediversite.com\/wp-content\/uploads\/2017\/04\/cropped-1jojlxEOMkX9Wyqfhe43D6kjPOGqBBKmx3EwWJqZ0cMrFF54yM49.png","contentUrl":"https:\/\/guineediversite.com\/wp-content\/uploads\/2017\/04\/cropped-1jojlxEOMkX9Wyqfhe43D6kjPOGqBBKmx3EwWJqZ0cMrFF54yM49.png","width":186,"height":112,"caption":"Guin\u00e9e Diversit\u00e9"},"image":{"@id":"https:\/\/guineediversite.com\/#\/schema\/logo\/image\/"},"sameAs":["https:\/\/www.facebook.com\/guineediversite\/","https:\/\/x.com\/GuineeDiversite","https:\/\/www.youtube.com\/channel\/UC8sUY16qelG5ge6_D5SB83g"]},{"@type":"Person","@id":"https:\/\/guineediversite.com\/#\/schema\/person\/fa362494c47202ce4b3adf55abcc9d01","name":"Morcire Camara","image":{"@type":"ImageObject","inLanguage":"fr-FR","@id":"https:\/\/guineediversite.com\/#\/schema\/person\/image\/","url":"https:\/\/secure.gravatar.com\/avatar\/3ec324f02295bbcebe03d99b39330ab4?s=96&d=mm&r=g","contentUrl":"https:\/\/secure.gravatar.com\/avatar\/3ec324f02295bbcebe03d99b39330ab4?s=96&d=mm&r=g","caption":"Morcire Camara"},"url":"https:\/\/guineediversite.com\/index.php\/author\/morcire\/"}]}},"_links":{"self":[{"href":"https:\/\/guineediversite.com\/index.php\/wp-json\/wp\/v2\/posts\/25811"}],"collection":[{"href":"https:\/\/guineediversite.com\/index.php\/wp-json\/wp\/v2\/posts"}],"about":[{"href":"https:\/\/guineediversite.com\/index.php\/wp-json\/wp\/v2\/types\/post"}],"author":[{"embeddable":true,"href":"https:\/\/guineediversite.com\/index.php\/wp-json\/wp\/v2\/users\/10"}],"replies":[{"embeddable":true,"href":"https:\/\/guineediversite.com\/index.php\/wp-json\/wp\/v2\/comments?post=25811"}],"version-history":[{"count":0,"href":"https:\/\/guineediversite.com\/index.php\/wp-json\/wp\/v2\/posts\/25811\/revisions"}],"wp:featuredmedia":[{"embeddable":true,"href":"https:\/\/guineediversite.com\/index.php\/wp-json\/wp\/v2\/media\/25812"}],"wp:attachment":[{"href":"https:\/\/guineediversite.com\/index.php\/wp-json\/wp\/v2\/media?parent=25811"}],"wp:term":[{"taxonomy":"category","embeddable":true,"href":"https:\/\/guineediversite.com\/index.php\/wp-json\/wp\/v2\/categories?post=25811"},{"taxonomy":"post_tag","embeddable":true,"href":"https:\/\/guineediversite.com\/index.php\/wp-json\/wp\/v2\/tags?post=25811"}],"curies":[{"name":"wp","href":"https:\/\/api.w.org\/{rel}","templated":true}]}}