{"id":25794,"date":"2018-06-28T18:35:09","date_gmt":"2018-06-28T16:35:09","guid":{"rendered":"https:\/\/guineediversite.com\/?p=25794"},"modified":"2018-06-28T18:35:09","modified_gmt":"2018-06-28T16:35:09","slug":"six-mois-de-prison-assorties-de-quatre-mois-de-sursis-cest-la-peine-infligee-par-la-justice-a-aboubacar-sidiki-mara","status":"publish","type":"post","link":"https:\/\/guineediversite.com\/index.php\/2018\/06\/28\/six-mois-de-prison-assorties-de-quatre-mois-de-sursis-cest-la-peine-infligee-par-la-justice-a-aboubacar-sidiki-mara\/","title":{"rendered":"Six mois de prison assorties de quatre mois de sursis, c\u2019est la peine inflig\u00e9e par la justice \u00e0 Aboubacar Sidiki Mara"},"content":{"rendered":"<p><strong>Le tribunal de premi\u00e8re instance de dixinn a rendu son verdict ce jeudi 28 juin 2018 dans l&rsquo;affaire du secr\u00e9taire g\u00e9n\u00e9ral adjoint de l&rsquo;Union g\u00e9n\u00e9rale des travailleurs de Guin\u00e9e. <\/strong>Alors qu&rsquo;il \u00e9tait poursuivi pour manifestation illicite dans les zones d&rsquo;extension mini\u00e8re, le pr\u00e9venu Aboubacar Sidiki Mara a \u00e9t\u00e9 condamn\u00e9 \u00e0 une peine de six mois de prison avec quatre mois assortis de sursis apr\u00e8s requalification des charges qui lui ont \u00e9t\u00e9 reproch\u00e9es. Ses avocats tr\u00e8s d\u00e9\u00e7us comptent user de toutes les voies de recours pour acquitter leur client.<\/p>\n<p>Contre toute attente, le syndicaliste Aboubacar Sidiki Mara a \u00e9t\u00e9 reconnu coupable pour provocation de manifestation illicite dans les zones extension mini\u00e8re. Pour ma\u00eetre Paul Yomba Kourouma, la requalification de l&rsquo;infraction attribu\u00e9e \u00e0 son client ne tient pas la route \u00ab <em>la requalification de l&rsquo;infraction qui vient d&rsquo;\u00eatre faite ne tient en aucun cas la route parce que monsieur Aboubacar Sidiki Mara ne se voit en rien concern\u00e9 par les faits qui lui sont reproch\u00e9s. Les organisations de d\u00e9fense des droits de l&rsquo;homme, le barreau de Guin\u00e9e, les avocats, les citoyens m\u00eames mandats savent que ce dossier fait l&rsquo;objet de d\u00e9nonciation et fait honte \u00e0 notre pays, \u00e0 notre Etat de droit qui est en train de s&rsquo;estomper<\/em>,\u00bb a dit l&rsquo;avocat.<\/p>\n<p>D\u00e9\u00e7u mais pas surpris, l&rsquo;avocat d\u00e9nonce une violation de la loi en ce que son client ne devait pas \u00eatre plac\u00e9 en d\u00e9tention provisoire. \u00ab<em>Nous avons une magistrature aux ordres. Il y a une coop\u00e9ration entre les magistrats du parquet et ceux du si\u00e8ge \u00e0 en juger par ce que nous avons vu. Nous avions cru que dans cette juridiction, cette formation aurait au regard des d\u00e9bats qui ont \u00e9t\u00e9 men\u00e9s, renvoy\u00e9 purement et simplement Aboubacar Sidiki Mara des fins de la poursuite d\u00e8s lors que sa d\u00e9tention m\u00eame \u00e9tait ill\u00e9gale puisque la loi stipule que si la peine encourue par le pr\u00e9venu n&rsquo;exc\u00e8de pas ou n&rsquo;atteint pas trois ans, le maintien en d\u00e9tention provisoire n&rsquo;est pas n\u00e9cessaire, m\u00eame pas autoris\u00e9<\/em>,\u00bb d\u00e9nonce Me Yomba.<\/p>\n<p>Alors que son \u00e9poux avait b\u00e9n\u00e9fici\u00e9 d&rsquo;arr\u00eat et ordonnance du juge S\u00e9kouba Cond\u00e9, madame Ir\u00e8ne Agimalis, Mariame Fod\u00e9 Camara trouve regrettable cette requalification de l&rsquo;infraction. Pour elle, cela d\u00e9note \u00e0 suffisance de la d\u00e9pendance de la justice.<\/p>\n<p>\u00ab <em>La justice guin\u00e9enne a encore prouv\u00e9 davantage combien de fois elle est soumise, combien de fois elle n&rsquo;est pas ind\u00e9pendante, combien de fois elle est sous perfusion. Aujourd&rsquo;hui nous avons affaire \u00e0 une justice t\u00e9l\u00e9guid\u00e9e. Le monde entier en est t\u00e9moin, je le dis et je suis tr\u00e8s \u00e0 l&rsquo;aise en le disant, nous sommes tous unanimes de l&rsquo;abus de pouvoir et l&rsquo;enl\u00e8vement parce que \u00e7a je ne l&rsquo;appelle pas arrestation. Nous, nous avons v\u00e9cu le r\u00e9gime militaire sous Dadis et on n&rsquo;a pas vu \u00e7a. Donc c&rsquo;est tr\u00e8s regrettable que ce soit sous un r\u00e9gime d\u00e9mocratique que ce genre d&rsquo;acte se pose. C&rsquo;est tr\u00e8s regrettable. Aujourd&rsquo;hui la justice fait que le citoyen ne peut pas venir vers elle (&#8230;..). Aujourd&rsquo;hui il a fallu une requalification pour vraiment essayer de lui coller quelque chose \u00e0 la peau mais \u00e7a ne tient pas. Il a \u00e9t\u00e9 poursuivi pour un fait, mais si ces arguments ne tiennent pas la route pourquoi on va essayer de requalifier autrement ? <\/em>\u00bb S\u2019interroge-t-elle.<\/p>\n<p>Les avocats ont un d\u00e9lai de quinze jours pour interjeter appel. Les avocats comptent user de tous les droits de recours et m\u00eame la saisine de la cour de la CEDEAO jusqu&rsquo;\u00e0 acquittement de leur client.<\/p>\n","protected":false},"excerpt":{"rendered":"<p>Le tribunal de premi\u00e8re instance de dixinn a rendu son verdict ce jeudi 28 juin 2018 dans l&rsquo;affaire du secr\u00e9taire g\u00e9n\u00e9ral adjoint de l&rsquo;Union g\u00e9n\u00e9rale des travailleurs de Guin\u00e9e. Alors qu&rsquo;il \u00e9tait poursuivi pour manifestation illicite dans les zones d&rsquo;extension mini\u00e8re, le pr\u00e9venu Aboubacar Sidiki Mara a \u00e9t\u00e9 condamn\u00e9 \u00e0 une peine de six mois [&hellip;]<\/p>\n","protected":false},"author":16,"featured_media":25795,"comment_status":"closed","ping_status":"closed","sticky":false,"template":"","format":"standard","meta":{"_exactmetrics_skip_tracking":false,"_exactmetrics_sitenote_active":false,"_exactmetrics_sitenote_note":"","_exactmetrics_sitenote_category":0,"tdm_status":"","tdm_grid_status":"","footnotes":""},"categories":[16],"tags":[],"class_list":{"0":"post-25794","1":"post","2":"type-post","3":"status-publish","4":"format-standard","5":"has-post-thumbnail","7":"category-societe"},"yoast_head":"<!-- This site is optimized with the Yoast SEO plugin v24.2 - https:\/\/yoast.com\/wordpress\/plugins\/seo\/ -->\n<title>Six mois de prison assorties de quatre mois de sursis, c\u2019est la peine inflig\u00e9e par la justice \u00e0 Aboubacar Sidiki Mara | Guin\u00e9e Diversit\u00e9<\/title>\n<meta name=\"robots\" content=\"index, follow, max-snippet:-1, max-image-preview:large, max-video-preview:-1\" \/>\n<link rel=\"canonical\" href=\"https:\/\/guineediversite.com\/index.php\/2018\/06\/28\/six-mois-de-prison-assorties-de-quatre-mois-de-sursis-cest-la-peine-infligee-par-la-justice-a-aboubacar-sidiki-mara\/\" \/>\n<meta property=\"og:locale\" content=\"fr_FR\" \/>\n<meta property=\"og:type\" content=\"article\" \/>\n<meta property=\"og:title\" content=\"Six mois de prison assorties de quatre mois de sursis, c\u2019est la peine inflig\u00e9e par la justice \u00e0 Aboubacar Sidiki Mara | Guin\u00e9e Diversit\u00e9\" \/>\n<meta property=\"og:description\" content=\"Le tribunal de premi\u00e8re instance de dixinn a rendu son verdict ce jeudi 28 juin 2018 dans l&rsquo;affaire du secr\u00e9taire g\u00e9n\u00e9ral adjoint de l&rsquo;Union g\u00e9n\u00e9rale des travailleurs de Guin\u00e9e. Alors qu&rsquo;il \u00e9tait poursuivi pour manifestation illicite dans les zones d&rsquo;extension mini\u00e8re, le pr\u00e9venu Aboubacar Sidiki Mara a \u00e9t\u00e9 condamn\u00e9 \u00e0 une peine de six mois [&hellip;]\" \/>\n<meta property=\"og:url\" content=\"https:\/\/guineediversite.com\/index.php\/2018\/06\/28\/six-mois-de-prison-assorties-de-quatre-mois-de-sursis-cest-la-peine-infligee-par-la-justice-a-aboubacar-sidiki-mara\/\" \/>\n<meta property=\"og:site_name\" content=\"Guin\u00e9e Diversit\u00e9\" \/>\n<meta property=\"article:publisher\" content=\"https:\/\/www.facebook.com\/guineediversite\/\" \/>\n<meta property=\"article:published_time\" content=\"2018-06-28T16:35:09+00:00\" \/>\n<meta property=\"og:image\" content=\"https:\/\/guineediversite.com\/wp-content\/uploads\/2018\/06\/IMG_20180628_141645_750.jpg\" \/>\n\t<meta property=\"og:image:width\" content=\"1581\" \/>\n\t<meta property=\"og:image:height\" content=\"1024\" \/>\n\t<meta property=\"og:image:type\" content=\"image\/jpeg\" \/>\n<meta name=\"author\" content=\"Moussa Mo\u00efse K\u00e9ita\" \/>\n<meta name=\"twitter:card\" content=\"summary_large_image\" \/>\n<meta name=\"twitter:creator\" content=\"@GuineeDiversite\" \/>\n<meta name=\"twitter:site\" content=\"@GuineeDiversite\" \/>\n<meta name=\"twitter:label1\" content=\"\u00c9crit par\" \/>\n\t<meta name=\"twitter:data1\" content=\"Moussa Mo\u00efse K\u00e9ita\" \/>\n\t<meta name=\"twitter:label2\" content=\"Dur\u00e9e de lecture estim\u00e9e\" \/>\n\t<meta name=\"twitter:data2\" content=\"3 minutes\" \/>\n<script type=\"application\/ld+json\" class=\"yoast-schema-graph\">{\"@context\":\"https:\/\/schema.org\",\"@graph\":[{\"@type\":\"Article\",\"@id\":\"https:\/\/guineediversite.com\/index.php\/2018\/06\/28\/six-mois-de-prison-assorties-de-quatre-mois-de-sursis-cest-la-peine-infligee-par-la-justice-a-aboubacar-sidiki-mara\/#article\",\"isPartOf\":{\"@id\":\"https:\/\/guineediversite.com\/index.php\/2018\/06\/28\/six-mois-de-prison-assorties-de-quatre-mois-de-sursis-cest-la-peine-infligee-par-la-justice-a-aboubacar-sidiki-mara\/\"},\"author\":{\"name\":\"Moussa Mo\u00efse K\u00e9ita\",\"@id\":\"https:\/\/guineediversite.com\/#\/schema\/person\/079ec347f72d2acde4b56a50a4fd46dc\"},\"headline\":\"Six mois de prison assorties de quatre mois de sursis, c\u2019est la peine inflig\u00e9e par la justice \u00e0 Aboubacar Sidiki Mara\",\"datePublished\":\"2018-06-28T16:35:09+00:00\",\"dateModified\":\"2018-06-28T16:35:09+00:00\",\"mainEntityOfPage\":{\"@id\":\"https:\/\/guineediversite.com\/index.php\/2018\/06\/28\/six-mois-de-prison-assorties-de-quatre-mois-de-sursis-cest-la-peine-infligee-par-la-justice-a-aboubacar-sidiki-mara\/\"},\"wordCount\":672,\"publisher\":{\"@id\":\"https:\/\/guineediversite.com\/#organization\"},\"image\":{\"@id\":\"https:\/\/guineediversite.com\/index.php\/2018\/06\/28\/six-mois-de-prison-assorties-de-quatre-mois-de-sursis-cest-la-peine-infligee-par-la-justice-a-aboubacar-sidiki-mara\/#primaryimage\"},\"thumbnailUrl\":\"https:\/\/guineediversite.com\/wp-content\/uploads\/2018\/06\/IMG_20180628_141645_750.jpg\",\"articleSection\":[\"Soci\u00e9t\u00e9\"],\"inLanguage\":\"fr-FR\"},{\"@type\":\"WebPage\",\"@id\":\"https:\/\/guineediversite.com\/index.php\/2018\/06\/28\/six-mois-de-prison-assorties-de-quatre-mois-de-sursis-cest-la-peine-infligee-par-la-justice-a-aboubacar-sidiki-mara\/\",\"url\":\"https:\/\/guineediversite.com\/index.php\/2018\/06\/28\/six-mois-de-prison-assorties-de-quatre-mois-de-sursis-cest-la-peine-infligee-par-la-justice-a-aboubacar-sidiki-mara\/\",\"name\":\"Six mois de prison assorties de quatre mois de sursis, c\u2019est la peine inflig\u00e9e par la justice \u00e0 Aboubacar Sidiki Mara | Guin\u00e9e Diversit\u00e9\",\"isPartOf\":{\"@id\":\"https:\/\/guineediversite.com\/#website\"},\"primaryImageOfPage\":{\"@id\":\"https:\/\/guineediversite.com\/index.php\/2018\/06\/28\/six-mois-de-prison-assorties-de-quatre-mois-de-sursis-cest-la-peine-infligee-par-la-justice-a-aboubacar-sidiki-mara\/#primaryimage\"},\"image\":{\"@id\":\"https:\/\/guineediversite.com\/index.php\/2018\/06\/28\/six-mois-de-prison-assorties-de-quatre-mois-de-sursis-cest-la-peine-infligee-par-la-justice-a-aboubacar-sidiki-mara\/#primaryimage\"},\"thumbnailUrl\":\"https:\/\/guineediversite.com\/wp-content\/uploads\/2018\/06\/IMG_20180628_141645_750.jpg\",\"datePublished\":\"2018-06-28T16:35:09+00:00\",\"dateModified\":\"2018-06-28T16:35:09+00:00\",\"breadcrumb\":{\"@id\":\"https:\/\/guineediversite.com\/index.php\/2018\/06\/28\/six-mois-de-prison-assorties-de-quatre-mois-de-sursis-cest-la-peine-infligee-par-la-justice-a-aboubacar-sidiki-mara\/#breadcrumb\"},\"inLanguage\":\"fr-FR\",\"potentialAction\":[{\"@type\":\"ReadAction\",\"target\":[\"https:\/\/guineediversite.com\/index.php\/2018\/06\/28\/six-mois-de-prison-assorties-de-quatre-mois-de-sursis-cest-la-peine-infligee-par-la-justice-a-aboubacar-sidiki-mara\/\"]}]},{\"@type\":\"ImageObject\",\"inLanguage\":\"fr-FR\",\"@id\":\"https:\/\/guineediversite.com\/index.php\/2018\/06\/28\/six-mois-de-prison-assorties-de-quatre-mois-de-sursis-cest-la-peine-infligee-par-la-justice-a-aboubacar-sidiki-mara\/#primaryimage\",\"url\":\"https:\/\/guineediversite.com\/wp-content\/uploads\/2018\/06\/IMG_20180628_141645_750.jpg\",\"contentUrl\":\"https:\/\/guineediversite.com\/wp-content\/uploads\/2018\/06\/IMG_20180628_141645_750.jpg\",\"width\":\"1581\",\"height\":\"1024\"},{\"@type\":\"BreadcrumbList\",\"@id\":\"https:\/\/guineediversite.com\/index.php\/2018\/06\/28\/six-mois-de-prison-assorties-de-quatre-mois-de-sursis-cest-la-peine-infligee-par-la-justice-a-aboubacar-sidiki-mara\/#breadcrumb\",\"itemListElement\":[{\"@type\":\"ListItem\",\"position\":1,\"name\":\"Accueil\",\"item\":\"https:\/\/guineediversite.com\/\"},{\"@type\":\"ListItem\",\"position\":2,\"name\":\"Six mois de prison assorties de quatre mois de sursis, c\u2019est la peine inflig\u00e9e par la justice \u00e0 Aboubacar Sidiki Mara\"}]},{\"@type\":\"WebSite\",\"@id\":\"https:\/\/guineediversite.com\/#website\",\"url\":\"https:\/\/guineediversite.com\/\",\"name\":\"Guin\u00e9e Diversit\u00e9\",\"description\":\"L&#039;Info dans toute sa diversit\u00e9\",\"publisher\":{\"@id\":\"https:\/\/guineediversite.com\/#organization\"},\"potentialAction\":[{\"@type\":\"SearchAction\",\"target\":{\"@type\":\"EntryPoint\",\"urlTemplate\":\"https:\/\/guineediversite.com\/?s={search_term_string}\"},\"query-input\":{\"@type\":\"PropertyValueSpecification\",\"valueRequired\":true,\"valueName\":\"search_term_string\"}}],\"inLanguage\":\"fr-FR\"},{\"@type\":\"Organization\",\"@id\":\"https:\/\/guineediversite.com\/#organization\",\"name\":\"Guin\u00e9e Diversit\u00e9\",\"url\":\"https:\/\/guineediversite.com\/\",\"logo\":{\"@type\":\"ImageObject\",\"inLanguage\":\"fr-FR\",\"@id\":\"https:\/\/guineediversite.com\/#\/schema\/logo\/image\/\",\"url\":\"https:\/\/guineediversite.com\/wp-content\/uploads\/2017\/04\/cropped-1jojlxEOMkX9Wyqfhe43D6kjPOGqBBKmx3EwWJqZ0cMrFF54yM49.png\",\"contentUrl\":\"https:\/\/guineediversite.com\/wp-content\/uploads\/2017\/04\/cropped-1jojlxEOMkX9Wyqfhe43D6kjPOGqBBKmx3EwWJqZ0cMrFF54yM49.png\",\"width\":186,\"height\":112,\"caption\":\"Guin\u00e9e Diversit\u00e9\"},\"image\":{\"@id\":\"https:\/\/guineediversite.com\/#\/schema\/logo\/image\/\"},\"sameAs\":[\"https:\/\/www.facebook.com\/guineediversite\/\",\"https:\/\/x.com\/GuineeDiversite\",\"https:\/\/www.youtube.com\/channel\/UC8sUY16qelG5ge6_D5SB83g\"]},{\"@type\":\"Person\",\"@id\":\"https:\/\/guineediversite.com\/#\/schema\/person\/079ec347f72d2acde4b56a50a4fd46dc\",\"name\":\"Moussa Mo\u00efse K\u00e9ita\",\"image\":{\"@type\":\"ImageObject\",\"inLanguage\":\"fr-FR\",\"@id\":\"https:\/\/guineediversite.com\/#\/schema\/person\/image\/\",\"url\":\"https:\/\/secure.gravatar.com\/avatar\/edf1ea2cc01841e6c0b49384bcb1385b?s=96&d=mm&r=g\",\"contentUrl\":\"https:\/\/secure.gravatar.com\/avatar\/edf1ea2cc01841e6c0b49384bcb1385b?s=96&d=mm&r=g\",\"caption\":\"Moussa Mo\u00efse K\u00e9ita\"},\"url\":\"https:\/\/guineediversite.com\/index.php\/author\/moussa-moise\/\"}]}<\/script>\n<!-- \/ Yoast SEO plugin. -->","yoast_head_json":{"title":"Six mois de prison assorties de quatre mois de sursis, c\u2019est la peine inflig\u00e9e par la justice \u00e0 Aboubacar Sidiki Mara | Guin\u00e9e Diversit\u00e9","robots":{"index":"index","follow":"follow","max-snippet":"max-snippet:-1","max-image-preview":"max-image-preview:large","max-video-preview":"max-video-preview:-1"},"canonical":"https:\/\/guineediversite.com\/index.php\/2018\/06\/28\/six-mois-de-prison-assorties-de-quatre-mois-de-sursis-cest-la-peine-infligee-par-la-justice-a-aboubacar-sidiki-mara\/","og_locale":"fr_FR","og_type":"article","og_title":"Six mois de prison assorties de quatre mois de sursis, c\u2019est la peine inflig\u00e9e par la justice \u00e0 Aboubacar Sidiki Mara | Guin\u00e9e Diversit\u00e9","og_description":"Le tribunal de premi\u00e8re instance de dixinn a rendu son verdict ce jeudi 28 juin 2018 dans l&rsquo;affaire du secr\u00e9taire g\u00e9n\u00e9ral adjoint de l&rsquo;Union g\u00e9n\u00e9rale des travailleurs de Guin\u00e9e. Alors qu&rsquo;il \u00e9tait poursuivi pour manifestation illicite dans les zones d&rsquo;extension mini\u00e8re, le pr\u00e9venu Aboubacar Sidiki Mara a \u00e9t\u00e9 condamn\u00e9 \u00e0 une peine de six mois [&hellip;]","og_url":"https:\/\/guineediversite.com\/index.php\/2018\/06\/28\/six-mois-de-prison-assorties-de-quatre-mois-de-sursis-cest-la-peine-infligee-par-la-justice-a-aboubacar-sidiki-mara\/","og_site_name":"Guin\u00e9e Diversit\u00e9","article_publisher":"https:\/\/www.facebook.com\/guineediversite\/","article_published_time":"2018-06-28T16:35:09+00:00","og_image":[{"width":1581,"height":1024,"url":"https:\/\/guineediversite.com\/wp-content\/uploads\/2018\/06\/IMG_20180628_141645_750.jpg","type":"image\/jpeg"}],"author":"Moussa Mo\u00efse K\u00e9ita","twitter_card":"summary_large_image","twitter_creator":"@GuineeDiversite","twitter_site":"@GuineeDiversite","twitter_misc":{"\u00c9crit par":"Moussa Mo\u00efse K\u00e9ita","Dur\u00e9e de lecture estim\u00e9e":"3 minutes"},"schema":{"@context":"https:\/\/schema.org","@graph":[{"@type":"Article","@id":"https:\/\/guineediversite.com\/index.php\/2018\/06\/28\/six-mois-de-prison-assorties-de-quatre-mois-de-sursis-cest-la-peine-infligee-par-la-justice-a-aboubacar-sidiki-mara\/#article","isPartOf":{"@id":"https:\/\/guineediversite.com\/index.php\/2018\/06\/28\/six-mois-de-prison-assorties-de-quatre-mois-de-sursis-cest-la-peine-infligee-par-la-justice-a-aboubacar-sidiki-mara\/"},"author":{"name":"Moussa Mo\u00efse K\u00e9ita","@id":"https:\/\/guineediversite.com\/#\/schema\/person\/079ec347f72d2acde4b56a50a4fd46dc"},"headline":"Six mois de prison assorties de quatre mois de sursis, c\u2019est la peine inflig\u00e9e par la justice \u00e0 Aboubacar Sidiki Mara","datePublished":"2018-06-28T16:35:09+00:00","dateModified":"2018-06-28T16:35:09+00:00","mainEntityOfPage":{"@id":"https:\/\/guineediversite.com\/index.php\/2018\/06\/28\/six-mois-de-prison-assorties-de-quatre-mois-de-sursis-cest-la-peine-infligee-par-la-justice-a-aboubacar-sidiki-mara\/"},"wordCount":672,"publisher":{"@id":"https:\/\/guineediversite.com\/#organization"},"image":{"@id":"https:\/\/guineediversite.com\/index.php\/2018\/06\/28\/six-mois-de-prison-assorties-de-quatre-mois-de-sursis-cest-la-peine-infligee-par-la-justice-a-aboubacar-sidiki-mara\/#primaryimage"},"thumbnailUrl":"https:\/\/guineediversite.com\/wp-content\/uploads\/2018\/06\/IMG_20180628_141645_750.jpg","articleSection":["Soci\u00e9t\u00e9"],"inLanguage":"fr-FR"},{"@type":"WebPage","@id":"https:\/\/guineediversite.com\/index.php\/2018\/06\/28\/six-mois-de-prison-assorties-de-quatre-mois-de-sursis-cest-la-peine-infligee-par-la-justice-a-aboubacar-sidiki-mara\/","url":"https:\/\/guineediversite.com\/index.php\/2018\/06\/28\/six-mois-de-prison-assorties-de-quatre-mois-de-sursis-cest-la-peine-infligee-par-la-justice-a-aboubacar-sidiki-mara\/","name":"Six mois de prison assorties de quatre mois de sursis, c\u2019est la peine inflig\u00e9e par la justice \u00e0 Aboubacar Sidiki Mara | Guin\u00e9e Diversit\u00e9","isPartOf":{"@id":"https:\/\/guineediversite.com\/#website"},"primaryImageOfPage":{"@id":"https:\/\/guineediversite.com\/index.php\/2018\/06\/28\/six-mois-de-prison-assorties-de-quatre-mois-de-sursis-cest-la-peine-infligee-par-la-justice-a-aboubacar-sidiki-mara\/#primaryimage"},"image":{"@id":"https:\/\/guineediversite.com\/index.php\/2018\/06\/28\/six-mois-de-prison-assorties-de-quatre-mois-de-sursis-cest-la-peine-infligee-par-la-justice-a-aboubacar-sidiki-mara\/#primaryimage"},"thumbnailUrl":"https:\/\/guineediversite.com\/wp-content\/uploads\/2018\/06\/IMG_20180628_141645_750.jpg","datePublished":"2018-06-28T16:35:09+00:00","dateModified":"2018-06-28T16:35:09+00:00","breadcrumb":{"@id":"https:\/\/guineediversite.com\/index.php\/2018\/06\/28\/six-mois-de-prison-assorties-de-quatre-mois-de-sursis-cest-la-peine-infligee-par-la-justice-a-aboubacar-sidiki-mara\/#breadcrumb"},"inLanguage":"fr-FR","potentialAction":[{"@type":"ReadAction","target":["https:\/\/guineediversite.com\/index.php\/2018\/06\/28\/six-mois-de-prison-assorties-de-quatre-mois-de-sursis-cest-la-peine-infligee-par-la-justice-a-aboubacar-sidiki-mara\/"]}]},{"@type":"ImageObject","inLanguage":"fr-FR","@id":"https:\/\/guineediversite.com\/index.php\/2018\/06\/28\/six-mois-de-prison-assorties-de-quatre-mois-de-sursis-cest-la-peine-infligee-par-la-justice-a-aboubacar-sidiki-mara\/#primaryimage","url":"https:\/\/guineediversite.com\/wp-content\/uploads\/2018\/06\/IMG_20180628_141645_750.jpg","contentUrl":"https:\/\/guineediversite.com\/wp-content\/uploads\/2018\/06\/IMG_20180628_141645_750.jpg","width":"1581","height":"1024"},{"@type":"BreadcrumbList","@id":"https:\/\/guineediversite.com\/index.php\/2018\/06\/28\/six-mois-de-prison-assorties-de-quatre-mois-de-sursis-cest-la-peine-infligee-par-la-justice-a-aboubacar-sidiki-mara\/#breadcrumb","itemListElement":[{"@type":"ListItem","position":1,"name":"Accueil","item":"https:\/\/guineediversite.com\/"},{"@type":"ListItem","position":2,"name":"Six mois de prison assorties de quatre mois de sursis, c\u2019est la peine inflig\u00e9e par la justice \u00e0 Aboubacar Sidiki Mara"}]},{"@type":"WebSite","@id":"https:\/\/guineediversite.com\/#website","url":"https:\/\/guineediversite.com\/","name":"Guin\u00e9e Diversit\u00e9","description":"L&#039;Info dans toute sa diversit\u00e9","publisher":{"@id":"https:\/\/guineediversite.com\/#organization"},"potentialAction":[{"@type":"SearchAction","target":{"@type":"EntryPoint","urlTemplate":"https:\/\/guineediversite.com\/?s={search_term_string}"},"query-input":{"@type":"PropertyValueSpecification","valueRequired":true,"valueName":"search_term_string"}}],"inLanguage":"fr-FR"},{"@type":"Organization","@id":"https:\/\/guineediversite.com\/#organization","name":"Guin\u00e9e Diversit\u00e9","url":"https:\/\/guineediversite.com\/","logo":{"@type":"ImageObject","inLanguage":"fr-FR","@id":"https:\/\/guineediversite.com\/#\/schema\/logo\/image\/","url":"https:\/\/guineediversite.com\/wp-content\/uploads\/2017\/04\/cropped-1jojlxEOMkX9Wyqfhe43D6kjPOGqBBKmx3EwWJqZ0cMrFF54yM49.png","contentUrl":"https:\/\/guineediversite.com\/wp-content\/uploads\/2017\/04\/cropped-1jojlxEOMkX9Wyqfhe43D6kjPOGqBBKmx3EwWJqZ0cMrFF54yM49.png","width":186,"height":112,"caption":"Guin\u00e9e Diversit\u00e9"},"image":{"@id":"https:\/\/guineediversite.com\/#\/schema\/logo\/image\/"},"sameAs":["https:\/\/www.facebook.com\/guineediversite\/","https:\/\/x.com\/GuineeDiversite","https:\/\/www.youtube.com\/channel\/UC8sUY16qelG5ge6_D5SB83g"]},{"@type":"Person","@id":"https:\/\/guineediversite.com\/#\/schema\/person\/079ec347f72d2acde4b56a50a4fd46dc","name":"Moussa Mo\u00efse K\u00e9ita","image":{"@type":"ImageObject","inLanguage":"fr-FR","@id":"https:\/\/guineediversite.com\/#\/schema\/person\/image\/","url":"https:\/\/secure.gravatar.com\/avatar\/edf1ea2cc01841e6c0b49384bcb1385b?s=96&d=mm&r=g","contentUrl":"https:\/\/secure.gravatar.com\/avatar\/edf1ea2cc01841e6c0b49384bcb1385b?s=96&d=mm&r=g","caption":"Moussa Mo\u00efse K\u00e9ita"},"url":"https:\/\/guineediversite.com\/index.php\/author\/moussa-moise\/"}]}},"_links":{"self":[{"href":"https:\/\/guineediversite.com\/index.php\/wp-json\/wp\/v2\/posts\/25794"}],"collection":[{"href":"https:\/\/guineediversite.com\/index.php\/wp-json\/wp\/v2\/posts"}],"about":[{"href":"https:\/\/guineediversite.com\/index.php\/wp-json\/wp\/v2\/types\/post"}],"author":[{"embeddable":true,"href":"https:\/\/guineediversite.com\/index.php\/wp-json\/wp\/v2\/users\/16"}],"replies":[{"embeddable":true,"href":"https:\/\/guineediversite.com\/index.php\/wp-json\/wp\/v2\/comments?post=25794"}],"version-history":[{"count":0,"href":"https:\/\/guineediversite.com\/index.php\/wp-json\/wp\/v2\/posts\/25794\/revisions"}],"wp:featuredmedia":[{"embeddable":true,"href":"https:\/\/guineediversite.com\/index.php\/wp-json\/wp\/v2\/media\/25795"}],"wp:attachment":[{"href":"https:\/\/guineediversite.com\/index.php\/wp-json\/wp\/v2\/media?parent=25794"}],"wp:term":[{"taxonomy":"category","embeddable":true,"href":"https:\/\/guineediversite.com\/index.php\/wp-json\/wp\/v2\/categories?post=25794"},{"taxonomy":"post_tag","embeddable":true,"href":"https:\/\/guineediversite.com\/index.php\/wp-json\/wp\/v2\/tags?post=25794"}],"curies":[{"name":"wp","href":"https:\/\/api.w.org\/{rel}","templated":true}]}}