{"id":25791,"date":"2018-06-28T18:08:39","date_gmt":"2018-06-28T16:08:39","guid":{"rendered":"https:\/\/guineediversite.com\/?p=25791"},"modified":"2018-06-28T18:08:39","modified_gmt":"2018-06-28T16:08:39","slug":"coupe-du-monde-2018-le-senegal-est-elimine-a-cause-des-cartons-jaunes","status":"publish","type":"post","link":"https:\/\/guineediversite.com\/index.php\/2018\/06\/28\/coupe-du-monde-2018-le-senegal-est-elimine-a-cause-des-cartons-jaunes\/","title":{"rendered":"Coupe du monde 2018 : Le S\u00e9n\u00e9gal est \u00e9limin\u00e9 \u00e0 cause des cartons jaunes"},"content":{"rendered":"<p>Le S\u00e9n\u00e9gal a \u00e9t\u00e9 battue par la Colombie sur le score de (0-1), apr\u00e8s avoir conc\u00e9der un but, ils ont longtemps pouss\u00e9 pour revenir au score et s\u2019ouvrir les portes des huiti\u00e8mes de finale mais en vain. Malgr\u00e9 leur belle prestation et le sc\u00e9nario parfait dans l\u2019autre rencontre (d\u00e9faite du Japon), les Lions de la Terranga sortent de la Coupe du monde \u00e0 cause d\u2019un plus grand nombre de cartons jaunes que les Nippons<strong>.<\/strong><\/p>\n","protected":false},"excerpt":{"rendered":"<p>Le S\u00e9n\u00e9gal a \u00e9t\u00e9 battue par la Colombie sur le score de (0-1), apr\u00e8s avoir conc\u00e9der un but, ils ont longtemps pouss\u00e9 pour revenir au score et s\u2019ouvrir les portes des huiti\u00e8mes de finale mais en vain. Malgr\u00e9 leur belle prestation et le sc\u00e9nario parfait dans l\u2019autre rencontre (d\u00e9faite du Japon), les Lions de la [&hellip;]<\/p>\n","protected":false},"author":10,"featured_media":25792,"comment_status":"closed","ping_status":"closed","sticky":false,"template":"","format":"standard","meta":{"_exactmetrics_skip_tracking":false,"_exactmetrics_sitenote_active":false,"_exactmetrics_sitenote_note":"","_exactmetrics_sitenote_category":0,"tdm_status":"","tdm_grid_status":"","footnotes":""},"categories":[18],"tags":[],"class_list":{"0":"post-25791","1":"post","2":"type-post","3":"status-publish","4":"format-standard","5":"has-post-thumbnail","7":"category-sport"},"yoast_head":"<!-- This site is optimized with the Yoast SEO plugin v24.2 - https:\/\/yoast.com\/wordpress\/plugins\/seo\/ -->\n<title>Coupe du monde 2018 : Le S\u00e9n\u00e9gal est \u00e9limin\u00e9 \u00e0 cause des cartons jaunes | Guin\u00e9e Diversit\u00e9<\/title>\n<meta name=\"robots\" content=\"index, follow, max-snippet:-1, max-image-preview:large, max-video-preview:-1\" \/>\n<link rel=\"canonical\" href=\"https:\/\/guineediversite.com\/index.php\/2018\/06\/28\/coupe-du-monde-2018-le-senegal-est-elimine-a-cause-des-cartons-jaunes\/\" \/>\n<meta property=\"og:locale\" content=\"fr_FR\" \/>\n<meta property=\"og:type\" content=\"article\" \/>\n<meta property=\"og:title\" content=\"Coupe du monde 2018 : Le S\u00e9n\u00e9gal est \u00e9limin\u00e9 \u00e0 cause des cartons jaunes | Guin\u00e9e Diversit\u00e9\" \/>\n<meta property=\"og:description\" content=\"Le S\u00e9n\u00e9gal a \u00e9t\u00e9 battue par la Colombie sur le score de (0-1), apr\u00e8s avoir conc\u00e9der un but, ils ont longtemps pouss\u00e9 pour revenir au score et s\u2019ouvrir les portes des huiti\u00e8mes de finale mais en vain. Malgr\u00e9 leur belle prestation et le sc\u00e9nario parfait dans l\u2019autre rencontre (d\u00e9faite du Japon), les Lions de la [&hellip;]\" \/>\n<meta property=\"og:url\" content=\"https:\/\/guineediversite.com\/index.php\/2018\/06\/28\/coupe-du-monde-2018-le-senegal-est-elimine-a-cause-des-cartons-jaunes\/\" \/>\n<meta property=\"og:site_name\" content=\"Guin\u00e9e Diversit\u00e9\" \/>\n<meta property=\"article:publisher\" content=\"https:\/\/www.facebook.com\/guineediversite\/\" \/>\n<meta property=\"article:published_time\" content=\"2018-06-28T16:08:39+00:00\" \/>\n<meta property=\"og:image\" content=\"https:\/\/guineediversite.com\/wp-content\/uploads\/2018\/06\/coupe-du-monde-2018-le-senegal-battu-par-la-colombie-ne-verra-pas-les-huitiemes-de-finale.jpg\" \/>\n\t<meta property=\"og:image:width\" content=\"1820\" \/>\n\t<meta property=\"og:image:height\" content=\"1024\" \/>\n\t<meta property=\"og:image:type\" content=\"image\/jpeg\" \/>\n<meta name=\"author\" content=\"Morcire Camara\" \/>\n<meta name=\"twitter:card\" content=\"summary_large_image\" \/>\n<meta name=\"twitter:creator\" content=\"@GuineeDiversite\" \/>\n<meta name=\"twitter:site\" content=\"@GuineeDiversite\" \/>\n<meta name=\"twitter:label1\" content=\"\u00c9crit par\" \/>\n\t<meta name=\"twitter:data1\" content=\"Morcire Camara\" \/>\n<script type=\"application\/ld+json\" class=\"yoast-schema-graph\">{\"@context\":\"https:\/\/schema.org\",\"@graph\":[{\"@type\":\"Article\",\"@id\":\"https:\/\/guineediversite.com\/index.php\/2018\/06\/28\/coupe-du-monde-2018-le-senegal-est-elimine-a-cause-des-cartons-jaunes\/#article\",\"isPartOf\":{\"@id\":\"https:\/\/guineediversite.com\/index.php\/2018\/06\/28\/coupe-du-monde-2018-le-senegal-est-elimine-a-cause-des-cartons-jaunes\/\"},\"author\":{\"name\":\"Morcire Camara\",\"@id\":\"https:\/\/guineediversite.com\/#\/schema\/person\/fa362494c47202ce4b3adf55abcc9d01\"},\"headline\":\"Coupe du monde 2018 : Le S\u00e9n\u00e9gal est \u00e9limin\u00e9 \u00e0 cause des cartons jaunes\",\"datePublished\":\"2018-06-28T16:08:39+00:00\",\"dateModified\":\"2018-06-28T16:08:39+00:00\",\"mainEntityOfPage\":{\"@id\":\"https:\/\/guineediversite.com\/index.php\/2018\/06\/28\/coupe-du-monde-2018-le-senegal-est-elimine-a-cause-des-cartons-jaunes\/\"},\"wordCount\":96,\"publisher\":{\"@id\":\"https:\/\/guineediversite.com\/#organization\"},\"image\":{\"@id\":\"https:\/\/guineediversite.com\/index.php\/2018\/06\/28\/coupe-du-monde-2018-le-senegal-est-elimine-a-cause-des-cartons-jaunes\/#primaryimage\"},\"thumbnailUrl\":\"https:\/\/guineediversite.com\/wp-content\/uploads\/2018\/06\/coupe-du-monde-2018-le-senegal-battu-par-la-colombie-ne-verra-pas-les-huitiemes-de-finale.jpg\",\"articleSection\":[\"Sport\"],\"inLanguage\":\"fr-FR\"},{\"@type\":\"WebPage\",\"@id\":\"https:\/\/guineediversite.com\/index.php\/2018\/06\/28\/coupe-du-monde-2018-le-senegal-est-elimine-a-cause-des-cartons-jaunes\/\",\"url\":\"https:\/\/guineediversite.com\/index.php\/2018\/06\/28\/coupe-du-monde-2018-le-senegal-est-elimine-a-cause-des-cartons-jaunes\/\",\"name\":\"Coupe du monde 2018 : Le S\u00e9n\u00e9gal est \u00e9limin\u00e9 \u00e0 cause des cartons jaunes | Guin\u00e9e Diversit\u00e9\",\"isPartOf\":{\"@id\":\"https:\/\/guineediversite.com\/#website\"},\"primaryImageOfPage\":{\"@id\":\"https:\/\/guineediversite.com\/index.php\/2018\/06\/28\/coupe-du-monde-2018-le-senegal-est-elimine-a-cause-des-cartons-jaunes\/#primaryimage\"},\"image\":{\"@id\":\"https:\/\/guineediversite.com\/index.php\/2018\/06\/28\/coupe-du-monde-2018-le-senegal-est-elimine-a-cause-des-cartons-jaunes\/#primaryimage\"},\"thumbnailUrl\":\"https:\/\/guineediversite.com\/wp-content\/uploads\/2018\/06\/coupe-du-monde-2018-le-senegal-battu-par-la-colombie-ne-verra-pas-les-huitiemes-de-finale.jpg\",\"datePublished\":\"2018-06-28T16:08:39+00:00\",\"dateModified\":\"2018-06-28T16:08:39+00:00\",\"breadcrumb\":{\"@id\":\"https:\/\/guineediversite.com\/index.php\/2018\/06\/28\/coupe-du-monde-2018-le-senegal-est-elimine-a-cause-des-cartons-jaunes\/#breadcrumb\"},\"inLanguage\":\"fr-FR\",\"potentialAction\":[{\"@type\":\"ReadAction\",\"target\":[\"https:\/\/guineediversite.com\/index.php\/2018\/06\/28\/coupe-du-monde-2018-le-senegal-est-elimine-a-cause-des-cartons-jaunes\/\"]}]},{\"@type\":\"ImageObject\",\"inLanguage\":\"fr-FR\",\"@id\":\"https:\/\/guineediversite.com\/index.php\/2018\/06\/28\/coupe-du-monde-2018-le-senegal-est-elimine-a-cause-des-cartons-jaunes\/#primaryimage\",\"url\":\"https:\/\/guineediversite.com\/wp-content\/uploads\/2018\/06\/coupe-du-monde-2018-le-senegal-battu-par-la-colombie-ne-verra-pas-les-huitiemes-de-finale.jpg\",\"contentUrl\":\"https:\/\/guineediversite.com\/wp-content\/uploads\/2018\/06\/coupe-du-monde-2018-le-senegal-battu-par-la-colombie-ne-verra-pas-les-huitiemes-de-finale.jpg\",\"width\":\"1820\",\"height\":\"1024\"},{\"@type\":\"BreadcrumbList\",\"@id\":\"https:\/\/guineediversite.com\/index.php\/2018\/06\/28\/coupe-du-monde-2018-le-senegal-est-elimine-a-cause-des-cartons-jaunes\/#breadcrumb\",\"itemListElement\":[{\"@type\":\"ListItem\",\"position\":1,\"name\":\"Accueil\",\"item\":\"https:\/\/guineediversite.com\/\"},{\"@type\":\"ListItem\",\"position\":2,\"name\":\"Coupe du monde 2018 : Le S\u00e9n\u00e9gal est \u00e9limin\u00e9 \u00e0 cause des cartons jaunes\"}]},{\"@type\":\"WebSite\",\"@id\":\"https:\/\/guineediversite.com\/#website\",\"url\":\"https:\/\/guineediversite.com\/\",\"name\":\"Guin\u00e9e Diversit\u00e9\",\"description\":\"L&#039;Info dans toute sa diversit\u00e9\",\"publisher\":{\"@id\":\"https:\/\/guineediversite.com\/#organization\"},\"potentialAction\":[{\"@type\":\"SearchAction\",\"target\":{\"@type\":\"EntryPoint\",\"urlTemplate\":\"https:\/\/guineediversite.com\/?s={search_term_string}\"},\"query-input\":{\"@type\":\"PropertyValueSpecification\",\"valueRequired\":true,\"valueName\":\"search_term_string\"}}],\"inLanguage\":\"fr-FR\"},{\"@type\":\"Organization\",\"@id\":\"https:\/\/guineediversite.com\/#organization\",\"name\":\"Guin\u00e9e Diversit\u00e9\",\"url\":\"https:\/\/guineediversite.com\/\",\"logo\":{\"@type\":\"ImageObject\",\"inLanguage\":\"fr-FR\",\"@id\":\"https:\/\/guineediversite.com\/#\/schema\/logo\/image\/\",\"url\":\"https:\/\/guineediversite.com\/wp-content\/uploads\/2017\/04\/cropped-1jojlxEOMkX9Wyqfhe43D6kjPOGqBBKmx3EwWJqZ0cMrFF54yM49.png\",\"contentUrl\":\"https:\/\/guineediversite.com\/wp-content\/uploads\/2017\/04\/cropped-1jojlxEOMkX9Wyqfhe43D6kjPOGqBBKmx3EwWJqZ0cMrFF54yM49.png\",\"width\":186,\"height\":112,\"caption\":\"Guin\u00e9e Diversit\u00e9\"},\"image\":{\"@id\":\"https:\/\/guineediversite.com\/#\/schema\/logo\/image\/\"},\"sameAs\":[\"https:\/\/www.facebook.com\/guineediversite\/\",\"https:\/\/x.com\/GuineeDiversite\",\"https:\/\/www.youtube.com\/channel\/UC8sUY16qelG5ge6_D5SB83g\"]},{\"@type\":\"Person\",\"@id\":\"https:\/\/guineediversite.com\/#\/schema\/person\/fa362494c47202ce4b3adf55abcc9d01\",\"name\":\"Morcire Camara\",\"image\":{\"@type\":\"ImageObject\",\"inLanguage\":\"fr-FR\",\"@id\":\"https:\/\/guineediversite.com\/#\/schema\/person\/image\/\",\"url\":\"https:\/\/secure.gravatar.com\/avatar\/3ec324f02295bbcebe03d99b39330ab4?s=96&d=mm&r=g\",\"contentUrl\":\"https:\/\/secure.gravatar.com\/avatar\/3ec324f02295bbcebe03d99b39330ab4?s=96&d=mm&r=g\",\"caption\":\"Morcire Camara\"},\"url\":\"https:\/\/guineediversite.com\/index.php\/author\/morcire\/\"}]}<\/script>\n<!-- \/ Yoast SEO plugin. -->","yoast_head_json":{"title":"Coupe du monde 2018 : Le S\u00e9n\u00e9gal est \u00e9limin\u00e9 \u00e0 cause des cartons jaunes | Guin\u00e9e Diversit\u00e9","robots":{"index":"index","follow":"follow","max-snippet":"max-snippet:-1","max-image-preview":"max-image-preview:large","max-video-preview":"max-video-preview:-1"},"canonical":"https:\/\/guineediversite.com\/index.php\/2018\/06\/28\/coupe-du-monde-2018-le-senegal-est-elimine-a-cause-des-cartons-jaunes\/","og_locale":"fr_FR","og_type":"article","og_title":"Coupe du monde 2018 : Le S\u00e9n\u00e9gal est \u00e9limin\u00e9 \u00e0 cause des cartons jaunes | Guin\u00e9e Diversit\u00e9","og_description":"Le S\u00e9n\u00e9gal a \u00e9t\u00e9 battue par la Colombie sur le score de (0-1), apr\u00e8s avoir conc\u00e9der un but, ils ont longtemps pouss\u00e9 pour revenir au score et s\u2019ouvrir les portes des huiti\u00e8mes de finale mais en vain. Malgr\u00e9 leur belle prestation et le sc\u00e9nario parfait dans l\u2019autre rencontre (d\u00e9faite du Japon), les Lions de la [&hellip;]","og_url":"https:\/\/guineediversite.com\/index.php\/2018\/06\/28\/coupe-du-monde-2018-le-senegal-est-elimine-a-cause-des-cartons-jaunes\/","og_site_name":"Guin\u00e9e Diversit\u00e9","article_publisher":"https:\/\/www.facebook.com\/guineediversite\/","article_published_time":"2018-06-28T16:08:39+00:00","og_image":[{"width":1820,"height":1024,"url":"https:\/\/guineediversite.com\/wp-content\/uploads\/2018\/06\/coupe-du-monde-2018-le-senegal-battu-par-la-colombie-ne-verra-pas-les-huitiemes-de-finale.jpg","type":"image\/jpeg"}],"author":"Morcire Camara","twitter_card":"summary_large_image","twitter_creator":"@GuineeDiversite","twitter_site":"@GuineeDiversite","twitter_misc":{"\u00c9crit par":"Morcire Camara"},"schema":{"@context":"https:\/\/schema.org","@graph":[{"@type":"Article","@id":"https:\/\/guineediversite.com\/index.php\/2018\/06\/28\/coupe-du-monde-2018-le-senegal-est-elimine-a-cause-des-cartons-jaunes\/#article","isPartOf":{"@id":"https:\/\/guineediversite.com\/index.php\/2018\/06\/28\/coupe-du-monde-2018-le-senegal-est-elimine-a-cause-des-cartons-jaunes\/"},"author":{"name":"Morcire Camara","@id":"https:\/\/guineediversite.com\/#\/schema\/person\/fa362494c47202ce4b3adf55abcc9d01"},"headline":"Coupe du monde 2018 : Le S\u00e9n\u00e9gal est \u00e9limin\u00e9 \u00e0 cause des cartons jaunes","datePublished":"2018-06-28T16:08:39+00:00","dateModified":"2018-06-28T16:08:39+00:00","mainEntityOfPage":{"@id":"https:\/\/guineediversite.com\/index.php\/2018\/06\/28\/coupe-du-monde-2018-le-senegal-est-elimine-a-cause-des-cartons-jaunes\/"},"wordCount":96,"publisher":{"@id":"https:\/\/guineediversite.com\/#organization"},"image":{"@id":"https:\/\/guineediversite.com\/index.php\/2018\/06\/28\/coupe-du-monde-2018-le-senegal-est-elimine-a-cause-des-cartons-jaunes\/#primaryimage"},"thumbnailUrl":"https:\/\/guineediversite.com\/wp-content\/uploads\/2018\/06\/coupe-du-monde-2018-le-senegal-battu-par-la-colombie-ne-verra-pas-les-huitiemes-de-finale.jpg","articleSection":["Sport"],"inLanguage":"fr-FR"},{"@type":"WebPage","@id":"https:\/\/guineediversite.com\/index.php\/2018\/06\/28\/coupe-du-monde-2018-le-senegal-est-elimine-a-cause-des-cartons-jaunes\/","url":"https:\/\/guineediversite.com\/index.php\/2018\/06\/28\/coupe-du-monde-2018-le-senegal-est-elimine-a-cause-des-cartons-jaunes\/","name":"Coupe du monde 2018 : Le S\u00e9n\u00e9gal est \u00e9limin\u00e9 \u00e0 cause des cartons jaunes | Guin\u00e9e Diversit\u00e9","isPartOf":{"@id":"https:\/\/guineediversite.com\/#website"},"primaryImageOfPage":{"@id":"https:\/\/guineediversite.com\/index.php\/2018\/06\/28\/coupe-du-monde-2018-le-senegal-est-elimine-a-cause-des-cartons-jaunes\/#primaryimage"},"image":{"@id":"https:\/\/guineediversite.com\/index.php\/2018\/06\/28\/coupe-du-monde-2018-le-senegal-est-elimine-a-cause-des-cartons-jaunes\/#primaryimage"},"thumbnailUrl":"https:\/\/guineediversite.com\/wp-content\/uploads\/2018\/06\/coupe-du-monde-2018-le-senegal-battu-par-la-colombie-ne-verra-pas-les-huitiemes-de-finale.jpg","datePublished":"2018-06-28T16:08:39+00:00","dateModified":"2018-06-28T16:08:39+00:00","breadcrumb":{"@id":"https:\/\/guineediversite.com\/index.php\/2018\/06\/28\/coupe-du-monde-2018-le-senegal-est-elimine-a-cause-des-cartons-jaunes\/#breadcrumb"},"inLanguage":"fr-FR","potentialAction":[{"@type":"ReadAction","target":["https:\/\/guineediversite.com\/index.php\/2018\/06\/28\/coupe-du-monde-2018-le-senegal-est-elimine-a-cause-des-cartons-jaunes\/"]}]},{"@type":"ImageObject","inLanguage":"fr-FR","@id":"https:\/\/guineediversite.com\/index.php\/2018\/06\/28\/coupe-du-monde-2018-le-senegal-est-elimine-a-cause-des-cartons-jaunes\/#primaryimage","url":"https:\/\/guineediversite.com\/wp-content\/uploads\/2018\/06\/coupe-du-monde-2018-le-senegal-battu-par-la-colombie-ne-verra-pas-les-huitiemes-de-finale.jpg","contentUrl":"https:\/\/guineediversite.com\/wp-content\/uploads\/2018\/06\/coupe-du-monde-2018-le-senegal-battu-par-la-colombie-ne-verra-pas-les-huitiemes-de-finale.jpg","width":"1820","height":"1024"},{"@type":"BreadcrumbList","@id":"https:\/\/guineediversite.com\/index.php\/2018\/06\/28\/coupe-du-monde-2018-le-senegal-est-elimine-a-cause-des-cartons-jaunes\/#breadcrumb","itemListElement":[{"@type":"ListItem","position":1,"name":"Accueil","item":"https:\/\/guineediversite.com\/"},{"@type":"ListItem","position":2,"name":"Coupe du monde 2018 : Le S\u00e9n\u00e9gal est \u00e9limin\u00e9 \u00e0 cause des cartons jaunes"}]},{"@type":"WebSite","@id":"https:\/\/guineediversite.com\/#website","url":"https:\/\/guineediversite.com\/","name":"Guin\u00e9e Diversit\u00e9","description":"L&#039;Info dans toute sa diversit\u00e9","publisher":{"@id":"https:\/\/guineediversite.com\/#organization"},"potentialAction":[{"@type":"SearchAction","target":{"@type":"EntryPoint","urlTemplate":"https:\/\/guineediversite.com\/?s={search_term_string}"},"query-input":{"@type":"PropertyValueSpecification","valueRequired":true,"valueName":"search_term_string"}}],"inLanguage":"fr-FR"},{"@type":"Organization","@id":"https:\/\/guineediversite.com\/#organization","name":"Guin\u00e9e Diversit\u00e9","url":"https:\/\/guineediversite.com\/","logo":{"@type":"ImageObject","inLanguage":"fr-FR","@id":"https:\/\/guineediversite.com\/#\/schema\/logo\/image\/","url":"https:\/\/guineediversite.com\/wp-content\/uploads\/2017\/04\/cropped-1jojlxEOMkX9Wyqfhe43D6kjPOGqBBKmx3EwWJqZ0cMrFF54yM49.png","contentUrl":"https:\/\/guineediversite.com\/wp-content\/uploads\/2017\/04\/cropped-1jojlxEOMkX9Wyqfhe43D6kjPOGqBBKmx3EwWJqZ0cMrFF54yM49.png","width":186,"height":112,"caption":"Guin\u00e9e Diversit\u00e9"},"image":{"@id":"https:\/\/guineediversite.com\/#\/schema\/logo\/image\/"},"sameAs":["https:\/\/www.facebook.com\/guineediversite\/","https:\/\/x.com\/GuineeDiversite","https:\/\/www.youtube.com\/channel\/UC8sUY16qelG5ge6_D5SB83g"]},{"@type":"Person","@id":"https:\/\/guineediversite.com\/#\/schema\/person\/fa362494c47202ce4b3adf55abcc9d01","name":"Morcire Camara","image":{"@type":"ImageObject","inLanguage":"fr-FR","@id":"https:\/\/guineediversite.com\/#\/schema\/person\/image\/","url":"https:\/\/secure.gravatar.com\/avatar\/3ec324f02295bbcebe03d99b39330ab4?s=96&d=mm&r=g","contentUrl":"https:\/\/secure.gravatar.com\/avatar\/3ec324f02295bbcebe03d99b39330ab4?s=96&d=mm&r=g","caption":"Morcire Camara"},"url":"https:\/\/guineediversite.com\/index.php\/author\/morcire\/"}]}},"_links":{"self":[{"href":"https:\/\/guineediversite.com\/index.php\/wp-json\/wp\/v2\/posts\/25791"}],"collection":[{"href":"https:\/\/guineediversite.com\/index.php\/wp-json\/wp\/v2\/posts"}],"about":[{"href":"https:\/\/guineediversite.com\/index.php\/wp-json\/wp\/v2\/types\/post"}],"author":[{"embeddable":true,"href":"https:\/\/guineediversite.com\/index.php\/wp-json\/wp\/v2\/users\/10"}],"replies":[{"embeddable":true,"href":"https:\/\/guineediversite.com\/index.php\/wp-json\/wp\/v2\/comments?post=25791"}],"version-history":[{"count":0,"href":"https:\/\/guineediversite.com\/index.php\/wp-json\/wp\/v2\/posts\/25791\/revisions"}],"wp:featuredmedia":[{"embeddable":true,"href":"https:\/\/guineediversite.com\/index.php\/wp-json\/wp\/v2\/media\/25792"}],"wp:attachment":[{"href":"https:\/\/guineediversite.com\/index.php\/wp-json\/wp\/v2\/media?parent=25791"}],"wp:term":[{"taxonomy":"category","embeddable":true,"href":"https:\/\/guineediversite.com\/index.php\/wp-json\/wp\/v2\/categories?post=25791"},{"taxonomy":"post_tag","embeddable":true,"href":"https:\/\/guineediversite.com\/index.php\/wp-json\/wp\/v2\/tags?post=25791"}],"curies":[{"name":"wp","href":"https:\/\/api.w.org\/{rel}","templated":true}]}}